{"id":111,"date":"2004-04-15T17:17:16","date_gmt":"2004-04-15T19:17:16","guid":{"rendered":"https:\/\/www.afimdeproclamar.com\/site\/?p=111"},"modified":"2021-02-10T10:08:21","modified_gmt":"2021-02-10T13:08:21","slug":"cura-divina","status":"publish","type":"post","link":"https:\/\/www.andandonagraca.org\/site\/?p=111","title":{"rendered":"CURA &#8211; QUAL \u00c9 A VONTADE DE DEUS?"},"content":{"rendered":"<div>\n<p style=\"text-align: justify;\"><span style=\"color: #000000;\">1 \u2013 Saiba qual \u00e9 a vontade de Deus<\/span><\/p>\n<p style=\"text-align: justify;\"><span style=\"color: #000000;\">Curar a todos<\/span><\/p>\n<p style=\"text-align: justify;\"><span style=\"color: #000000;\">Jo. 10:10<\/span><\/p>\n<p style=\"text-align: justify;\"><span style=\"color: #000000;\">Is. 53:4-5<\/span><\/p>\n<p style=\"text-align: justify;\"><span style=\"color: #000000;\">Sl. 103:3<\/span><\/p>\n<p style=\"text-align: justify;\"><span style=\"color: #000000;\">I Pd. 2:24<\/span><\/p>\n<p style=\"text-align: justify;\"><span style=\"color: #000000;\">Perdoar tudo + renunciar consagra\u00e7\u00f5es com espiritismo, etc. + n\u00e3o se envolver em discuss\u00f5es<\/span><\/p>\n<p style=\"text-align: justify;\"><span style=\"color: #000000;\">2 \u2013 Fa\u00e7a a\u00a0 ora\u00e7\u00e3o da f\u00e9<\/span><\/p>\n<p style=\"text-align: justify;\"><span style=\"color: #000000;\">Mc. 11:24 \u2013 tudo o que pedir (cura divina), creia que recebe quando orar, assim acontecer\u00e1 a si.<\/span><\/p>\n<p style=\"text-align: justify;\"><span style=\"color: #000000;\">3 \u2013 Depois de orar acredite que j\u00e1 est\u00e1 curado<\/span><\/p>\n<p style=\"text-align: justify;\"><span style=\"color: #000000;\">&#8211; Mas eu n\u00e3o me sinto curado<\/span><\/p>\n<p style=\"text-align: justify;\"><span style=\"color: #000000;\">F\u00e9 n\u00e3o \u00e9 sentimento \u2013 I Co. 5:7<\/span><\/p>\n<p style=\"text-align: justify;\"><span style=\"color: #000000;\">&#8211; Sente-se cansado?<\/span><\/p>\n<p style=\"text-align: justify;\"><span style=\"color: #000000;\">F\u00e9 \u00e9 crer na Palavra de Deus. Deus e a Sua Palavra s\u00e3o um.<\/span><\/p>\n<p style=\"text-align: justify;\"><span style=\"color: #000000;\">4 \u2013 O que fazer enquanto n\u00e3o sinto ou n\u00e3o vejo curado?<\/span><\/p>\n<p style=\"text-align: justify;\"><span style=\"color: #000000;\">&#8211; Confesse a Palavra de Deus<\/span><\/p>\n<p style=\"text-align: justify;\"><span style=\"color: #000000;\">&#8211; Jesus \u00e9 o Sumo Sacerdote da nossa confiss\u00e3o<\/span><\/p>\n<p style=\"text-align: justify;\"><span style=\"color: #000000;\">&#8211; Hb. 3;1<\/span><\/p>\n<p style=\"text-align: justify;\"><span style=\"color: #000000;\">&#8211; Confiss\u00e3o traz possess\u00e3o<\/span><\/p>\n<p style=\"text-align: justify;\"><span style=\"color: #000000;\">&#8211; A morte e a vida est\u00e3o no poder da l\u00edngua<\/span><\/p>\n<p style=\"text-align: justify;\"><span style=\"color: #000000;\">&#8211; Pv. 18:21<\/span><\/p>\n<p style=\"text-align: justify;\"><span style=\"color: #000000;\">5 \u2013 Como permanecer curado \u2013 o que fazer se os sintomas voltarem<\/span><\/p>\n<p style=\"text-align: justify;\"><span style=\"color: #000000;\">&#8211; Senti-me perfeitamente curado durante uns dias\/semanas. Mas de repente os sintomas voltaram e agora estou doente outra vez.<\/span><\/p>\n<p style=\"text-align: justify;\"><span style=\"color: #000000;\">Voc\u00ea foi curado!<\/span><\/p>\n<p style=\"text-align: justify;\"><span style=\"color: #000000;\">O diabo veio trazer a doen\u00e7a de volta. Voc\u00ea confessa que \u00e9 a sua doen\u00e7a e o diabo lhe traz de volta.<\/span><\/p>\n<p style=\"text-align: justify;\"><span style=\"color: #000000;\">O que fazer ent\u00e3o?<\/span><\/p>\n<p style=\"text-align: justify;\"><span style=\"color: #000000;\">Resista ao diabo: \u201cest\u00e1 escrito satan\u00e1s&#8230; Is. 53:4-5\u201d e o diabo fugir\u00e1 de voc\u00ea \u2013 Tg. 4:7<\/span><\/p>\n<p style=\"text-align: justify;\"><span style=\"color: #000000;\">Quando voc\u00ea disser ao diabo: \u201cest\u00e1 escrito satan\u00e1s: pelas pisaduras de Jesus j\u00e1 estou curado\u201d, voc\u00ea est\u00e1 usando a Espada do Esp\u00edrito.<\/span><\/p>\n<\/div>\n","protected":false},"excerpt":{"rendered":"<p>1 \u2013 Saiba qual \u00e9 a vontade de Deus Curar a todos Jo. 10:10 Is. 53:4-5 Sl. 103:3<\/p>\n","protected":false},"author":1,"featured_media":66999,"comment_status":"open","ping_status":"open","sticky":false,"template":"","format":"standard","meta":{"footnotes":""},"categories":[11],"tags":[61,38,29,18,19,20,58,21,56,45,34],"class_list":["post-111","post","type-post","status-publish","format-standard","has-post-thumbnail","hentry","category-fe-amor","tag-comportamento","tag-cristao","tag-cruz","tag-cuidado","tag-evangelho","tag-ide","tag-maldicao","tag-missoes","tag-obediencia","tag-palavra","tag-reconciliacao"],"yoast_head":"<!-- This site is optimized with the Yoast SEO plugin v27.5 - https:\/\/yoast.com\/product\/yoast-seo-wordpress\/ -->\n<title>CURA - QUAL \u00c9 A VONTADE DE DEUS? - Pr. Jonas Santana<\/title>\n<meta name=\"robots\" content=\"index, follow, max-snippet:-1, max-image-preview:large, max-video-preview:-1\" \/>\n<link rel=\"canonical\" href=\"https:\/\/www.andandonagraca.org\/site\/?p=111\" \/>\n<meta property=\"og:locale\" content=\"pt_BR\" \/>\n<meta property=\"og:type\" content=\"article\" \/>\n<meta property=\"og:title\" content=\"CURA - QUAL \u00c9 A VONTADE DE DEUS? - Pr. Jonas Santana\" \/>\n<meta property=\"og:description\" content=\"1 \u2013 Saiba qual \u00e9 a vontade de Deus Curar a todos Jo. 10:10 Is. 53:4-5 Sl. 103:3\" \/>\n<meta property=\"og:url\" content=\"https:\/\/www.andandonagraca.org\/site\/?p=111\" \/>\n<meta property=\"og:site_name\" content=\"Pr. Jonas Santana\" \/>\n<meta property=\"article:publisher\" content=\"https:\/\/www.facebook.com\/andandonagraca\" \/>\n<meta property=\"article:author\" content=\"https:\/\/www.facebook.com\/andandonagraca\" \/>\n<meta property=\"article:published_time\" content=\"2004-04-15T19:17:16+00:00\" \/>\n<meta property=\"article:modified_time\" content=\"2021-02-10T13:08:21+00:00\" \/>\n<meta property=\"og:image\" content=\"https:\/\/www.andandonagraca.org\/site\/wp-content\/uploads\/2004\/04\/hem-garment1.jpg\" \/>\n\t<meta property=\"og:image:width\" content=\"1340\" \/>\n\t<meta property=\"og:image:height\" content=\"600\" \/>\n\t<meta property=\"og:image:type\" content=\"image\/jpeg\" \/>\n<meta name=\"author\" content=\"Pr. Jonas Santana\" \/>\n<meta name=\"twitter:card\" content=\"summary_large_image\" \/>\n<meta name=\"twitter:label1\" content=\"Escrito por\" \/>\n\t<meta name=\"twitter:data1\" content=\"Pr. Jonas Santana\" \/>\n\t<meta name=\"twitter:label2\" content=\"Est. tempo de leitura\" \/>\n\t<meta name=\"twitter:data2\" content=\"1 minuto\" \/>\n<script type=\"application\/ld+json\" class=\"yoast-schema-graph\">{\"@context\":\"https:\\\/\\\/schema.org\",\"@graph\":[{\"@type\":\"Article\",\"@id\":\"https:\\\/\\\/www.andandonagraca.org\\\/site\\\/?p=111#article\",\"isPartOf\":{\"@id\":\"https:\\\/\\\/www.andandonagraca.org\\\/site\\\/?p=111\"},\"author\":{\"name\":\"Pr. Jonas Santana\",\"@id\":\"https:\\\/\\\/www.andandonagraca.org\\\/site\\\/#\\\/schema\\\/person\\\/225d0dedb572d4570a947397af2606ed\"},\"headline\":\"CURA &#8211; QUAL \u00c9 A VONTADE DE DEUS?\",\"datePublished\":\"2004-04-15T19:17:16+00:00\",\"dateModified\":\"2021-02-10T13:08:21+00:00\",\"mainEntityOfPage\":{\"@id\":\"https:\\\/\\\/www.andandonagraca.org\\\/site\\\/?p=111\"},\"wordCount\":250,\"commentCount\":0,\"image\":{\"@id\":\"https:\\\/\\\/www.andandonagraca.org\\\/site\\\/?p=111#primaryimage\"},\"thumbnailUrl\":\"https:\\\/\\\/www.andandonagraca.org\\\/site\\\/wp-content\\\/uploads\\\/2004\\\/04\\\/hem-garment1.jpg\",\"keywords\":[\"comportamento\",\"crist\u00e3o\",\"cruz\",\"cuidado\",\"evangelho\",\"ide\",\"maldi\u00e7\u00e3o\",\"miss\u00f5es\",\"obedi\u00eancia\",\"palavra\",\"reconcilia\u00e7\u00e3o\"],\"articleSection\":[\"F\u00e9, Esperan\u00e7a &amp; Amor\"],\"inLanguage\":\"pt-BR\",\"potentialAction\":[{\"@type\":\"CommentAction\",\"name\":\"Comment\",\"target\":[\"https:\\\/\\\/www.andandonagraca.org\\\/site\\\/?p=111#respond\"]}]},{\"@type\":\"WebPage\",\"@id\":\"https:\\\/\\\/www.andandonagraca.org\\\/site\\\/?p=111\",\"url\":\"https:\\\/\\\/www.andandonagraca.org\\\/site\\\/?p=111\",\"name\":\"CURA - QUAL \u00c9 A VONTADE DE DEUS? - Pr. Jonas Santana\",\"isPartOf\":{\"@id\":\"https:\\\/\\\/www.andandonagraca.org\\\/site\\\/#website\"},\"primaryImageOfPage\":{\"@id\":\"https:\\\/\\\/www.andandonagraca.org\\\/site\\\/?p=111#primaryimage\"},\"image\":{\"@id\":\"https:\\\/\\\/www.andandonagraca.org\\\/site\\\/?p=111#primaryimage\"},\"thumbnailUrl\":\"https:\\\/\\\/www.andandonagraca.org\\\/site\\\/wp-content\\\/uploads\\\/2004\\\/04\\\/hem-garment1.jpg\",\"datePublished\":\"2004-04-15T19:17:16+00:00\",\"dateModified\":\"2021-02-10T13:08:21+00:00\",\"author\":{\"@id\":\"https:\\\/\\\/www.andandonagraca.org\\\/site\\\/#\\\/schema\\\/person\\\/225d0dedb572d4570a947397af2606ed\"},\"breadcrumb\":{\"@id\":\"https:\\\/\\\/www.andandonagraca.org\\\/site\\\/?p=111#breadcrumb\"},\"inLanguage\":\"pt-BR\",\"potentialAction\":[{\"@type\":\"ReadAction\",\"target\":[\"https:\\\/\\\/www.andandonagraca.org\\\/site\\\/?p=111\"]}]},{\"@type\":\"ImageObject\",\"inLanguage\":\"pt-BR\",\"@id\":\"https:\\\/\\\/www.andandonagraca.org\\\/site\\\/?p=111#primaryimage\",\"url\":\"https:\\\/\\\/www.andandonagraca.org\\\/site\\\/wp-content\\\/uploads\\\/2004\\\/04\\\/hem-garment1.jpg\",\"contentUrl\":\"https:\\\/\\\/www.andandonagraca.org\\\/site\\\/wp-content\\\/uploads\\\/2004\\\/04\\\/hem-garment1.jpg\",\"width\":1340,\"height\":600},{\"@type\":\"BreadcrumbList\",\"@id\":\"https:\\\/\\\/www.andandonagraca.org\\\/site\\\/?p=111#breadcrumb\",\"itemListElement\":[{\"@type\":\"ListItem\",\"position\":1,\"name\":\"In\u00edcio\",\"item\":\"https:\\\/\\\/www.andandonagraca.org\\\/site\"},{\"@type\":\"ListItem\",\"position\":2,\"name\":\"CURA &#8211; QUAL \u00c9 A VONTADE DE DEUS?\"}]},{\"@type\":\"WebSite\",\"@id\":\"https:\\\/\\\/www.andandonagraca.org\\\/site\\\/#website\",\"url\":\"https:\\\/\\\/www.andandonagraca.org\\\/site\\\/\",\"name\":\"Pr. Jonas Santana\",\"description\":\"ANDANDO NA GRA\u00c7A - AEMSF\",\"potentialAction\":[{\"@type\":\"SearchAction\",\"target\":{\"@type\":\"EntryPoint\",\"urlTemplate\":\"https:\\\/\\\/www.andandonagraca.org\\\/site\\\/?s={search_term_string}\"},\"query-input\":{\"@type\":\"PropertyValueSpecification\",\"valueRequired\":true,\"valueName\":\"search_term_string\"}}],\"inLanguage\":\"pt-BR\"},{\"@type\":\"Person\",\"@id\":\"https:\\\/\\\/www.andandonagraca.org\\\/site\\\/#\\\/schema\\\/person\\\/225d0dedb572d4570a947397af2606ed\",\"name\":\"Pr. Jonas Santana\",\"image\":{\"@type\":\"ImageObject\",\"inLanguage\":\"pt-BR\",\"@id\":\"https:\\\/\\\/secure.gravatar.com\\\/avatar\\\/7f463b781f71522d52f2ff3dae3592f9f7b0e24187fc413b95cd3efa8429de28?s=96&d=mm&r=g\",\"url\":\"https:\\\/\\\/secure.gravatar.com\\\/avatar\\\/7f463b781f71522d52f2ff3dae3592f9f7b0e24187fc413b95cd3efa8429de28?s=96&d=mm&r=g\",\"contentUrl\":\"https:\\\/\\\/secure.gravatar.com\\\/avatar\\\/7f463b781f71522d52f2ff3dae3592f9f7b0e24187fc413b95cd3efa8429de28?s=96&d=mm&r=g\",\"caption\":\"Pr. Jonas Santana\"},\"description\":\"Pastor, pesquisador b\u00edblico, pregador do Evangelho do Reino A fidelidade requer que entreguemos o evangelho sob todos os \u00e2ngulos, sem omitir nada e sem exagerar em nada. Para isto requer-se muita sabedoria. Nosso desejo \u00e9 compartilhar a sabedoria do Reino de Deus a todos aqueles que o desejam de todo o cora\u00e7\u00e3o.\",\"sameAs\":[\"https:\\\/\\\/www.andandonagraca.org\",\"https:\\\/\\\/www.facebook.com\\\/andandonagraca\",\"https:\\\/\\\/www.instagram.com\\\/andandonagraca\\\/\",\"https:\\\/\\\/www.youtube.com\\\/@andandonagraca\",\"https:\\\/\\\/podcasters.spotify.com\\\/pod\\\/show\\\/andandonagraca\\\/\"],\"url\":\"https:\\\/\\\/www.andandonagraca.org\\\/site\\\/?author=1\"}]}<\/script>\n<!-- \/ Yoast SEO plugin. -->","yoast_head_json":{"title":"CURA - QUAL \u00c9 A VONTADE DE DEUS? - Pr. Jonas Santana","robots":{"index":"index","follow":"follow","max-snippet":"max-snippet:-1","max-image-preview":"max-image-preview:large","max-video-preview":"max-video-preview:-1"},"canonical":"https:\/\/www.andandonagraca.org\/site\/?p=111","og_locale":"pt_BR","og_type":"article","og_title":"CURA - QUAL \u00c9 A VONTADE DE DEUS? - Pr. Jonas Santana","og_description":"1 \u2013 Saiba qual \u00e9 a vontade de Deus Curar a todos Jo. 10:10 Is. 53:4-5 Sl. 103:3","og_url":"https:\/\/www.andandonagraca.org\/site\/?p=111","og_site_name":"Pr. Jonas Santana","article_publisher":"https:\/\/www.facebook.com\/andandonagraca","article_author":"https:\/\/www.facebook.com\/andandonagraca","article_published_time":"2004-04-15T19:17:16+00:00","article_modified_time":"2021-02-10T13:08:21+00:00","og_image":[{"width":1340,"height":600,"url":"https:\/\/www.andandonagraca.org\/site\/wp-content\/uploads\/2004\/04\/hem-garment1.jpg","type":"image\/jpeg"}],"author":"Pr. Jonas Santana","twitter_card":"summary_large_image","twitter_misc":{"Escrito por":"Pr. Jonas Santana","Est. tempo de leitura":"1 minuto"},"schema":{"@context":"https:\/\/schema.org","@graph":[{"@type":"Article","@id":"https:\/\/www.andandonagraca.org\/site\/?p=111#article","isPartOf":{"@id":"https:\/\/www.andandonagraca.org\/site\/?p=111"},"author":{"name":"Pr. Jonas Santana","@id":"https:\/\/www.andandonagraca.org\/site\/#\/schema\/person\/225d0dedb572d4570a947397af2606ed"},"headline":"CURA &#8211; QUAL \u00c9 A VONTADE DE DEUS?","datePublished":"2004-04-15T19:17:16+00:00","dateModified":"2021-02-10T13:08:21+00:00","mainEntityOfPage":{"@id":"https:\/\/www.andandonagraca.org\/site\/?p=111"},"wordCount":250,"commentCount":0,"image":{"@id":"https:\/\/www.andandonagraca.org\/site\/?p=111#primaryimage"},"thumbnailUrl":"https:\/\/www.andandonagraca.org\/site\/wp-content\/uploads\/2004\/04\/hem-garment1.jpg","keywords":["comportamento","crist\u00e3o","cruz","cuidado","evangelho","ide","maldi\u00e7\u00e3o","miss\u00f5es","obedi\u00eancia","palavra","reconcilia\u00e7\u00e3o"],"articleSection":["F\u00e9, Esperan\u00e7a &amp; Amor"],"inLanguage":"pt-BR","potentialAction":[{"@type":"CommentAction","name":"Comment","target":["https:\/\/www.andandonagraca.org\/site\/?p=111#respond"]}]},{"@type":"WebPage","@id":"https:\/\/www.andandonagraca.org\/site\/?p=111","url":"https:\/\/www.andandonagraca.org\/site\/?p=111","name":"CURA - QUAL \u00c9 A VONTADE DE DEUS? - Pr. Jonas Santana","isPartOf":{"@id":"https:\/\/www.andandonagraca.org\/site\/#website"},"primaryImageOfPage":{"@id":"https:\/\/www.andandonagraca.org\/site\/?p=111#primaryimage"},"image":{"@id":"https:\/\/www.andandonagraca.org\/site\/?p=111#primaryimage"},"thumbnailUrl":"https:\/\/www.andandonagraca.org\/site\/wp-content\/uploads\/2004\/04\/hem-garment1.jpg","datePublished":"2004-04-15T19:17:16+00:00","dateModified":"2021-02-10T13:08:21+00:00","author":{"@id":"https:\/\/www.andandonagraca.org\/site\/#\/schema\/person\/225d0dedb572d4570a947397af2606ed"},"breadcrumb":{"@id":"https:\/\/www.andandonagraca.org\/site\/?p=111#breadcrumb"},"inLanguage":"pt-BR","potentialAction":[{"@type":"ReadAction","target":["https:\/\/www.andandonagraca.org\/site\/?p=111"]}]},{"@type":"ImageObject","inLanguage":"pt-BR","@id":"https:\/\/www.andandonagraca.org\/site\/?p=111#primaryimage","url":"https:\/\/www.andandonagraca.org\/site\/wp-content\/uploads\/2004\/04\/hem-garment1.jpg","contentUrl":"https:\/\/www.andandonagraca.org\/site\/wp-content\/uploads\/2004\/04\/hem-garment1.jpg","width":1340,"height":600},{"@type":"BreadcrumbList","@id":"https:\/\/www.andandonagraca.org\/site\/?p=111#breadcrumb","itemListElement":[{"@type":"ListItem","position":1,"name":"In\u00edcio","item":"https:\/\/www.andandonagraca.org\/site"},{"@type":"ListItem","position":2,"name":"CURA &#8211; QUAL \u00c9 A VONTADE DE DEUS?"}]},{"@type":"WebSite","@id":"https:\/\/www.andandonagraca.org\/site\/#website","url":"https:\/\/www.andandonagraca.org\/site\/","name":"Pr. Jonas Santana","description":"ANDANDO NA GRA\u00c7A - AEMSF","potentialAction":[{"@type":"SearchAction","target":{"@type":"EntryPoint","urlTemplate":"https:\/\/www.andandonagraca.org\/site\/?s={search_term_string}"},"query-input":{"@type":"PropertyValueSpecification","valueRequired":true,"valueName":"search_term_string"}}],"inLanguage":"pt-BR"},{"@type":"Person","@id":"https:\/\/www.andandonagraca.org\/site\/#\/schema\/person\/225d0dedb572d4570a947397af2606ed","name":"Pr. Jonas Santana","image":{"@type":"ImageObject","inLanguage":"pt-BR","@id":"https:\/\/secure.gravatar.com\/avatar\/7f463b781f71522d52f2ff3dae3592f9f7b0e24187fc413b95cd3efa8429de28?s=96&d=mm&r=g","url":"https:\/\/secure.gravatar.com\/avatar\/7f463b781f71522d52f2ff3dae3592f9f7b0e24187fc413b95cd3efa8429de28?s=96&d=mm&r=g","contentUrl":"https:\/\/secure.gravatar.com\/avatar\/7f463b781f71522d52f2ff3dae3592f9f7b0e24187fc413b95cd3efa8429de28?s=96&d=mm&r=g","caption":"Pr. Jonas Santana"},"description":"Pastor, pesquisador b\u00edblico, pregador do Evangelho do Reino A fidelidade requer que entreguemos o evangelho sob todos os \u00e2ngulos, sem omitir nada e sem exagerar em nada. Para isto requer-se muita sabedoria. Nosso desejo \u00e9 compartilhar a sabedoria do Reino de Deus a todos aqueles que o desejam de todo o cora\u00e7\u00e3o.","sameAs":["https:\/\/www.andandonagraca.org","https:\/\/www.facebook.com\/andandonagraca","https:\/\/www.instagram.com\/andandonagraca\/","https:\/\/www.youtube.com\/@andandonagraca","https:\/\/podcasters.spotify.com\/pod\/show\/andandonagraca\/"],"url":"https:\/\/www.andandonagraca.org\/site\/?author=1"}]}},"_links":{"self":[{"href":"https:\/\/www.andandonagraca.org\/site\/index.php?rest_route=\/wp\/v2\/posts\/111","targetHints":{"allow":["GET"]}}],"collection":[{"href":"https:\/\/www.andandonagraca.org\/site\/index.php?rest_route=\/wp\/v2\/posts"}],"about":[{"href":"https:\/\/www.andandonagraca.org\/site\/index.php?rest_route=\/wp\/v2\/types\/post"}],"author":[{"embeddable":true,"href":"https:\/\/www.andandonagraca.org\/site\/index.php?rest_route=\/wp\/v2\/users\/1"}],"replies":[{"embeddable":true,"href":"https:\/\/www.andandonagraca.org\/site\/index.php?rest_route=%2Fwp%2Fv2%2Fcomments&post=111"}],"version-history":[{"count":0,"href":"https:\/\/www.andandonagraca.org\/site\/index.php?rest_route=\/wp\/v2\/posts\/111\/revisions"}],"wp:featuredmedia":[{"embeddable":true,"href":"https:\/\/www.andandonagraca.org\/site\/index.php?rest_route=\/wp\/v2\/media\/66999"}],"wp:attachment":[{"href":"https:\/\/www.andandonagraca.org\/site\/index.php?rest_route=%2Fwp%2Fv2%2Fmedia&parent=111"}],"wp:term":[{"taxonomy":"category","embeddable":true,"href":"https:\/\/www.andandonagraca.org\/site\/index.php?rest_route=%2Fwp%2Fv2%2Fcategories&post=111"},{"taxonomy":"post_tag","embeddable":true,"href":"https:\/\/www.andandonagraca.org\/site\/index.php?rest_route=%2Fwp%2Fv2%2Ftags&post=111"}],"curies":[{"name":"wp","href":"https:\/\/api.w.org\/{rel}","templated":true}]}}