{"id":1248,"date":"2012-09-04T18:57:07","date_gmt":"2012-09-04T21:57:07","guid":{"rendered":"https:\/\/www.afimdeproclamar.com\/site\/?p=1248"},"modified":"2024-01-08T07:52:49","modified_gmt":"2024-01-08T10:52:49","slug":"julgamento-ou-analise","status":"publish","type":"post","link":"https:\/\/www.andandonagraca.org\/site\/?p=1248","title":{"rendered":"Julgamento ou An\u00e1lise"},"content":{"rendered":"<div>\n<p style=\"text-align: justify;\">Esse artigo come\u00e7ou como um post na rede social Facebook, mas decidi analisar com mais profundidade esse assunto, uma vez que muitas\u00a0pessoas, em nossos dias, est\u00e3o confundindo julgamento de pessoas com an\u00e1lises de atitudes \u00e0 luz da Palavra de Deus.<\/p>\n<\/div>\n<p style=\"text-align: justify;\">Julgamento de pessoas: somos proibidos de faz\u00ea-lo, conforme a Palavra de Deus. Deus \u00e9 o \u00fanico e justo juiz!<\/p>\n<p style=\"text-align: justify;\">Tiago 4:12 &#8211; H\u00e1 s\u00f3 um Legislador e um Juiz, que pode salvar e destruir. Tu, por\u00e9m, quem \u00e9s, que julgas a outrem?<\/p>\n<p style=\"text-align: justify;\">Tiago 5:9 &#8211; Irm\u00e3os, n\u00e3o vos queixeis uns contra os outros, para que n\u00e3o sejais condenados. Eis que o juiz est\u00e1 \u00e0 porta.<\/p>\n<p style=\"text-align: justify;\">Ponto que n\u00e3o se discute!<\/p>\n<p style=\"text-align: justify;\">No entanto, todos, os servos de Deus devem analisar as atitudes das pessoas \u00e0 luz da Palavra de Deus e seguir somente aqueles que s\u00e3o imitadores de Cristo.<\/p>\n<p style=\"text-align: justify;\">1 Cor\u00edntios 11:1 &#8211; Sede meus imitadores, como tamb\u00e9m eu, de Cristo.<\/p>\n<p style=\"text-align: justify;\">Filipenses 3:17 &#8211; Sede tamb\u00e9m meus imitadores, irm\u00e3os, e tende cuidado, segundo o exemplo que tendes em n\u00f3s, pelos que assim andam.<\/p>\n<p style=\"text-align: justify;\">Paulo, o ap\u00f3stolo, verdadeiro e exemplo, nos alertou que devemos imitar a quem imita a Cristo segundo o exemplo deles. Como vamos imitar algu\u00e9m se n\u00e3o compararmos suas atitudes com as de Cristo? Algu\u00e9m que n\u00e3o imita a Cristo n\u00e3o deve ser imitado e deve, sim, ser denunciado:<\/p>\n<p style=\"text-align: justify;\">Mateus 7:15 &#8211; Acautelai-vos, por\u00e9m, dos falsos profetas, que v\u00eam at\u00e9 v\u00f3s vestidos como ovelhas, mas interiormente s\u00e3o lobos devoradores.<\/p>\n<p style=\"text-align: justify;\">Mateus 24:11 &#8211; E surgir\u00e3o muitos falsos profetas e enganar\u00e3o a muitos.<\/p>\n<p style=\"text-align: justify;\">Mateus 24:24 &#8211; porque surgir\u00e3o falsos cristos e falsos profetas e far\u00e3o t\u00e3o grandes sinais e prod\u00edgios, que, se poss\u00edvel fora, enganariam at\u00e9 os escolhidos.<\/p>\n<p style=\"text-align: justify;\">Marcos 13:22 &#8211; Porque se levantar\u00e3o falsos cristos e falsos profetas e far\u00e3o sinais e prod\u00edgios, para enganarem, se for poss\u00edvel, at\u00e9 os escolhidos.<\/p>\n<p style=\"text-align: justify;\">2 Cor\u00edntios 11:12-15<\/p>\n<p style=\"text-align: justify; padding-left: 60px;\">&#8211; Mas o que fa\u00e7o e farei \u00e9 para cortar ocasi\u00e3o \u00e0queles que a buscam com o intuito de serem considerados iguais a n\u00f3s, naquilo em que se gloriam.<\/p>\n<p style=\"text-align: justify; padding-left: 60px;\">Porque os tais s\u00e3o falsos ap\u00f3stolos, obreiros fraudulentos, transformando-se em ap\u00f3stolos de Cristo.<\/p>\n<p style=\"text-align: justify; padding-left: 60px;\">E n\u00e3o \u00e9 de admirar, porque o pr\u00f3prio Satan\u00e1s se transforma em anjo de luz.\u00a0N\u00e3o \u00e9 muito, pois, que os seus pr\u00f3prios ministros se transformem em ministros de justi\u00e7a; e o fim deles ser\u00e1 conforme as suas obras.<\/p>\n<p style=\"text-align: justify;\">2 Pedro 2:1 &#8211; tamb\u00e9m houve entre o povo falsos profetas, como entre v\u00f3s haver\u00e1 tamb\u00e9m falsos doutores, que introduzir\u00e3o encobertamente heresias de perdi\u00e7\u00e3o e negar\u00e3o o Senhor que os resgatou, trazendo sobre si mesmos repentina perdi\u00e7\u00e3o.<\/p>\n<p style=\"text-align: justify;\">1 Jo\u00e3o 4:1 &#8211; Amados, n\u00e3o creiais em todo esp\u00edrito, mas provai se os esp\u00edritos s\u00e3o de Deus, porque j\u00e1 muitos falsos profetas se t\u00eam levantado no mundo.<\/p>\n<p style=\"text-align: justify;\">Alguns querem deixar para o Esp\u00edrito Santo a fun\u00e7\u00e3o que \u00e9 nossa: comparar tudo a luz das Escrituras. Ali\u00e1s \u00e9 muito comum certas pessoas delegarem a Deus aquilo que Ele j\u00e1 nos delegou.<\/p>\n<p style=\"text-align: justify;\">Muitos ensinamentos errados s\u00e3o dados por esses homens para garantir o seu poder e a sua impunidade, mas nada h\u00e1 que seja feito encoberto que n\u00e3o h\u00e1 de ser revelado.<br \/>\nJesus expulsou os vendilh\u00f5es do templo e n\u00f3s, seus imitadores, vamos ficar parados e calados diante da situa\u00e7\u00e3o vexat\u00f3ria e vergonhosa que muitos est\u00e3o querendo imprimir ao Evangelho?<\/p>\n<p>Leonard Ravenhill, pastor canadense, fez a seguinte afirma\u00e7\u00e3o:<\/p>\n<p style=\"text-align: justify; padding-left: 60px;\">\u201cSer\u00e1 que um marinheiro ficaria parado se ouvisse o clamor de um n\u00e1ufrago?<\/p>\n<p style=\"text-align: justify; padding-left: 60px;\">Ser\u00e1 que um m\u00e9dico permaneceria sentado comodamente, deixando seus pacientes morrerem?<\/p>\n<p style=\"text-align: justify; padding-left: 60px;\">Ser\u00e1 que um bombeiro, ao saber que algu\u00e9m est\u00e1 perecendo no fogo, ficaria parado e n\u00e3o iria prestar-lhe socorro?<\/p>\n<p style=\"text-align: justify; padding-left: 60px;\">E voc\u00ea, conseguiria ficar \u201c\u00e0 vontade em Si\u00e3o\u201d vendo o mundo ao seu redor ser condenado?\u201d<\/p>\n<p style=\"text-align: justify;\">Por que as pessoas se equivocam com tanta facilidade?<\/p>\n<p style=\"text-align: justify;\">\u00a0O profeta Os\u00e9ias nos d\u00e1 a resposta em Os\u00e9ias 4:6\u00aa &#8211; O meu povo est\u00e1 sendo destru\u00eddo, porque lhe falta o conhecimento.<\/p>\n<p style=\"text-align: justify;\">Falta de conhecimento \u00e9 o motivo pelo qual as pessoas s\u00e3o enganadas, e por sua vez, correm o risco de serem destru\u00eddas. O Ap\u00f3stolo Jo\u00e3o aconselhou em\u00a0 Jo\u00e3o 5:39 &#8211; Examinais as Escrituras, porque v\u00f3s cuidais ter nelas a vida eterna, e s\u00e3o elas que de mim testificam.<\/p>\n<p style=\"text-align: justify;\">O Ap\u00f3stolo Paulo tamb\u00e9m afirmou: (I Cor\u00edntios 2:12-15)<\/p>\n<p style=\"text-align: justify; padding-left: 60px;\">Mas n\u00f3s n\u00e3o recebemos o esp\u00edrito do mundo, mas o Esp\u00edrito que prov\u00e9m de Deus, para que pud\u00e9ssemos conhecer o que nos \u00e9 dado gratuitamente por Deus.<\/p>\n<p style=\"text-align: justify; padding-left: 60px;\">As quais tamb\u00e9m falamos, n\u00e3o com palavras de sabedoria humana, mas com as que o Esp\u00edrito Santo ensina, comparando as coisas espirituais com as espirituais.<\/p>\n<p style=\"text-align: justify; padding-left: 60px;\">Ora, o homem natural n\u00e3o compreende as coisas do Esp\u00edrito de Deus, porque lhe parecem loucura; e n\u00e3o pode entend\u00ea-las, porque elas se discernem espiritualmente.<\/p>\n<p style=\"text-align: justify; padding-left: 60px;\">Mas o que \u00e9 espiritual discerne bem tudo, e ele de ningu\u00e9m \u00e9 discernido.<\/p>\n<p style=\"text-align: justify;\">O conhecimento est\u00e1 disponibilizado nas Escrituras para todos os filhos de Deus, n\u00e3o h\u00e1 desculpas para a negligente falta de sabedoria e nem t\u00e3o pouco para a queda de muitos porque foram na conversa de certas lideran\u00e7as eclesi\u00e1sticas.<\/p>\n<p style=\"text-align: justify;\">Atribuir responsabilidades ao Esp\u00edrito Santo n\u00e3o retirar\u00e1 a nossa responsabilidade de analisar tudo e reter o que \u00e9 bom, assim sendo comece agora mesmo a estudar a B\u00edblia e a comparar as suas atitudes, depois as atitudes da sua lideran\u00e7a e ent\u00e3o as atitudes daqueles que est\u00e3o em emin\u00eancia.<\/p>\n<p style=\"text-align: justify;\">N\u00e3o aceite ser enganado, n\u00e3o aceite a opera\u00e7\u00e3o do erro, n\u00e3o aceite a opera\u00e7\u00e3o do anticristo!<\/p>\n<p style=\"text-align: justify;\">O Ap\u00f3stolo Paulo corrigiu ao Ap\u00f3stolo Pedro quando viu que este estava agindo errado, vejamos isso na Palavra de Deus em G\u00e1latas 2:11-14<\/p>\n<p style=\"padding-left: 60px;\">E, chegando Pedro \u00e0 Antioquia, lhe resisti na cara, porque era repreens\u00edvel.<\/p>\n<p style=\"padding-left: 60px;\">Porque, antes que alguns tivessem chegado da parte de Tiago, comia com os gentios; mas, depois que chegaram, se foi retirando e se apartou deles, temendo os que eram da circuncis\u00e3o.<\/p>\n<p style=\"padding-left: 60px;\">E os outros judeus tamb\u00e9m dissimulavam com ele, de maneira que at\u00e9 Barnab\u00e9 se deixou levar pela sua dissimula\u00e7\u00e3o.<\/p>\n<p style=\"padding-left: 60px;\">Mas, quando vi que n\u00e3o andavam bem e direitamente conforme a verdade do evangelho, disse a Pedro na presen\u00e7a de todos: Se tu, sendo judeu, vives como os gentios e n\u00e3o como judeu, por que obrigas os gentios a viverem como judeus?<\/p>\n<p>N\u00e3o era fun\u00e7\u00e3o do Esp\u00edrito Santo trazer corre\u00e7\u00e3o, mas sim do Ap\u00f3stolo Paulo que tinha verificado o erro e que tanto Pedro quanto Barnab\u00e9 estavam repreens\u00edveis.<\/p>\n<p>Jesus Cristo fez a seguinte exorta\u00e7\u00e3o:\u00a0Mateus 18:15-17<\/p>\n<p style=\"padding-left: 60px;\">Ora, se teu irm\u00e3o pecar contra ti, vai e repreende-o entre ti e ele s\u00f3; se te ouvir, ganhaste a teu irm\u00e3o.<\/p>\n<p style=\"padding-left: 60px;\">Mas, se n\u00e3o te ouvir, leva ainda contigo um ou dois, para que, pela boca de duas ou tr\u00eas testemunhas, toda palavra seja confirmada.<\/p>\n<p style=\"padding-left: 60px;\">E, se n\u00e3o as escutar, dize-o \u00e0 igreja; e, se tamb\u00e9m n\u00e3o escutar a igreja, considera-o como um gentio e publicano.<\/p>\n<p>Mais uma vez vemos que a fun\u00e7\u00e3o de corre\u00e7\u00e3o n\u00e3o \u00e9 do Esp\u00edrito Santo como muitos apregoam, mas \u00e9 minha e sua.<\/p>\n<p>Alguns podem dizer, mas isso \u00e9 apontar de dedos, e sempre que se aponta um dedo para algu\u00e9m h\u00e1 pelo menos outros tr\u00eas apontados para voc\u00ea. N\u00e3o, isso \u00e9 trazer corre\u00e7\u00e3o. mas para isso precisamos andar na retid\u00e3o da Palavra de Deus, caso contr\u00e1rio ai cairemos no rid\u00edculo vendo o argueiro no olho do irm\u00e3o e se esquecendo a trave que est\u00e1 no seu, limpe seus olhos primeiro e ent\u00e3o poder\u00e1 cuidar dos olhos do seu irm\u00e3o, conforme Lucas 6:41-42<\/p>\n<p style=\"padding-left: 60px;\">E por que atentas tu no argueiro que est\u00e1 no olho do teu irm\u00e3o e n\u00e3o reparas na trave que est\u00e1 no teu pr\u00f3prio olho?<\/p>\n<p style=\"padding-left: 60px;\">Ou como podes dizer a teu irm\u00e3o: Irm\u00e3o, deixa-me tirar o argueiro que est\u00e1 no teu olho, n\u00e3o atentando tu mesmo na trave que est\u00e1 no teu olho?<\/p>\n<p style=\"padding-left: 60px;\">Hip\u00f3crita, tira primeiro a trave do teu olho e, ent\u00e3o, ver\u00e1s bem para tirar o argueiro que est\u00e1 no olho de teu irm\u00e3o.<\/p>\n<p>O Ap\u00f3stolo Paulo declara que devemos julgar os que de dentro e n\u00e3o os de fora, conforme 1 Cor\u00edntios 5:9-13<\/p>\n<div style=\"text-align: justify; padding-left: 60px;\">J\u00e1 por carta vos tenho escrito, que n\u00e3o vos associeis com os que se prostituem;<br \/>\nIsto n\u00e3o quer dizer absolutamente com os devassos deste mundo, ou com os avarentos, ou com os roubadores, ou com os id\u00f3latras; porque ent\u00e3o vos seria necess\u00e1rio sair do mundo.<br \/>\nMas agora vos escrevi que n\u00e3o vos associeis com aquele que, dizendo-se irm\u00e3o, for devasso, ou avarento, ou id\u00f3latra, ou maldizente, ou beberr\u00e3o, ou roubador; com o tal nem ainda comais.<br \/>\nPorque, que tenho eu em julgar tamb\u00e9m os que est\u00e3o de fora? N\u00e3o julgais v\u00f3s os que est\u00e3o dentro?<br \/>\nMas Deus julga os que est\u00e3o de fora. Tirai pois dentre v\u00f3s a esse in\u00edquo.<\/div>\n<div><\/div>\n<div style=\"text-align: justify;\">Por fim, vamos atentar a essa palavra do Ap\u00f3stolo Tiago, conforme Tiago 5:19-20<\/div>\n<p style=\"padding-left: 60px;\">Irm\u00e3os, se algum de entre v\u00f3s se tem desviado da verdade, e algu\u00e9m o converter,\u00a0saiba que aquele que fizer converter do erro do seu caminho um pecador salvar\u00e1 da morte uma alma e cobrir\u00e1 uma multid\u00e3o de pecados.<\/p>\n<p>Como faremos isso sen\u00e3o analisarmos \u00e0 luz da Palavra de Deus a vida daqueles que est\u00e3o entre n\u00f3s?<\/p>\n","protected":false},"excerpt":{"rendered":"<p>Esse artigo come\u00e7ou como um post na rede social Facebook, mas decidi analisar com mais profundidade esse assunto,<\/p>\n","protected":false},"author":1,"featured_media":67829,"comment_status":"open","ping_status":"open","sticky":false,"template":"","format":"standard","meta":{"footnotes":""},"categories":[8],"tags":[61,23,28],"class_list":["post-1248","post","type-post","status-publish","format-standard","has-post-thumbnail","hentry","category-lideranca","tag-comportamento","tag-engano","tag-rebeliao"],"yoast_head":"<!-- This site is optimized with the Yoast SEO plugin v27.4 - https:\/\/yoast.com\/product\/yoast-seo-wordpress\/ -->\n<title>Julgamento ou An\u00e1lise - Pr. Jonas Santana<\/title>\n<meta name=\"robots\" content=\"index, follow, max-snippet:-1, max-image-preview:large, max-video-preview:-1\" \/>\n<link rel=\"canonical\" href=\"https:\/\/www.andandonagraca.org\/site\/?p=1248\" \/>\n<meta property=\"og:locale\" content=\"pt_BR\" \/>\n<meta property=\"og:type\" content=\"article\" \/>\n<meta property=\"og:title\" content=\"Julgamento ou An\u00e1lise - Pr. Jonas Santana\" \/>\n<meta property=\"og:description\" content=\"Esse artigo come\u00e7ou como um post na rede social Facebook, mas decidi analisar com mais profundidade esse assunto,\" \/>\n<meta property=\"og:url\" content=\"https:\/\/www.andandonagraca.org\/site\/?p=1248\" \/>\n<meta property=\"og:site_name\" content=\"Pr. Jonas Santana\" \/>\n<meta property=\"article:publisher\" content=\"https:\/\/www.facebook.com\/andandonagraca\" \/>\n<meta property=\"article:author\" content=\"https:\/\/www.facebook.com\/andandonagraca\" \/>\n<meta property=\"article:published_time\" content=\"2012-09-04T21:57:07+00:00\" \/>\n<meta property=\"article:modified_time\" content=\"2024-01-08T10:52:49+00:00\" \/>\n<meta property=\"og:image\" content=\"https:\/\/www.andandonagraca.org\/site\/wp-content\/uploads\/2012\/09\/juiz-scaled.jpg\" \/>\n\t<meta property=\"og:image:width\" content=\"2560\" \/>\n\t<meta property=\"og:image:height\" content=\"1708\" \/>\n\t<meta property=\"og:image:type\" content=\"image\/jpeg\" \/>\n<meta name=\"author\" content=\"Pr. Jonas Santana\" \/>\n<meta name=\"twitter:card\" content=\"summary_large_image\" \/>\n<meta name=\"twitter:label1\" content=\"Escrito por\" \/>\n\t<meta name=\"twitter:data1\" content=\"Pr. Jonas Santana\" \/>\n\t<meta name=\"twitter:label2\" content=\"Est. tempo de leitura\" \/>\n\t<meta name=\"twitter:data2\" content=\"9 minutos\" \/>\n<script type=\"application\/ld+json\" class=\"yoast-schema-graph\">{\"@context\":\"https:\\\/\\\/schema.org\",\"@graph\":[{\"@type\":\"Article\",\"@id\":\"https:\\\/\\\/www.andandonagraca.org\\\/site\\\/?p=1248#article\",\"isPartOf\":{\"@id\":\"https:\\\/\\\/www.andandonagraca.org\\\/site\\\/?p=1248\"},\"author\":{\"name\":\"Pr. Jonas Santana\",\"@id\":\"https:\\\/\\\/www.andandonagraca.org\\\/site\\\/#\\\/schema\\\/person\\\/225d0dedb572d4570a947397af2606ed\"},\"headline\":\"Julgamento ou An\u00e1lise\",\"datePublished\":\"2012-09-04T21:57:07+00:00\",\"dateModified\":\"2024-01-08T10:52:49+00:00\",\"mainEntityOfPage\":{\"@id\":\"https:\\\/\\\/www.andandonagraca.org\\\/site\\\/?p=1248\"},\"wordCount\":1658,\"commentCount\":4,\"image\":{\"@id\":\"https:\\\/\\\/www.andandonagraca.org\\\/site\\\/?p=1248#primaryimage\"},\"thumbnailUrl\":\"https:\\\/\\\/www.andandonagraca.org\\\/site\\\/wp-content\\\/uploads\\\/2012\\\/09\\\/juiz-scaled.jpg\",\"keywords\":[\"comportamento\",\"engano\",\"rebeli\u00e3o\"],\"articleSection\":[\"An\u00e1lise da Igreja Moderna &amp; sua Lideran\u00e7a\"],\"inLanguage\":\"pt-BR\",\"potentialAction\":[{\"@type\":\"CommentAction\",\"name\":\"Comment\",\"target\":[\"https:\\\/\\\/www.andandonagraca.org\\\/site\\\/?p=1248#respond\"]}]},{\"@type\":\"WebPage\",\"@id\":\"https:\\\/\\\/www.andandonagraca.org\\\/site\\\/?p=1248\",\"url\":\"https:\\\/\\\/www.andandonagraca.org\\\/site\\\/?p=1248\",\"name\":\"Julgamento ou An\u00e1lise - Pr. Jonas Santana\",\"isPartOf\":{\"@id\":\"https:\\\/\\\/www.andandonagraca.org\\\/site\\\/#website\"},\"primaryImageOfPage\":{\"@id\":\"https:\\\/\\\/www.andandonagraca.org\\\/site\\\/?p=1248#primaryimage\"},\"image\":{\"@id\":\"https:\\\/\\\/www.andandonagraca.org\\\/site\\\/?p=1248#primaryimage\"},\"thumbnailUrl\":\"https:\\\/\\\/www.andandonagraca.org\\\/site\\\/wp-content\\\/uploads\\\/2012\\\/09\\\/juiz-scaled.jpg\",\"datePublished\":\"2012-09-04T21:57:07+00:00\",\"dateModified\":\"2024-01-08T10:52:49+00:00\",\"author\":{\"@id\":\"https:\\\/\\\/www.andandonagraca.org\\\/site\\\/#\\\/schema\\\/person\\\/225d0dedb572d4570a947397af2606ed\"},\"breadcrumb\":{\"@id\":\"https:\\\/\\\/www.andandonagraca.org\\\/site\\\/?p=1248#breadcrumb\"},\"inLanguage\":\"pt-BR\",\"potentialAction\":[{\"@type\":\"ReadAction\",\"target\":[\"https:\\\/\\\/www.andandonagraca.org\\\/site\\\/?p=1248\"]}]},{\"@type\":\"ImageObject\",\"inLanguage\":\"pt-BR\",\"@id\":\"https:\\\/\\\/www.andandonagraca.org\\\/site\\\/?p=1248#primaryimage\",\"url\":\"https:\\\/\\\/www.andandonagraca.org\\\/site\\\/wp-content\\\/uploads\\\/2012\\\/09\\\/juiz-scaled.jpg\",\"contentUrl\":\"https:\\\/\\\/www.andandonagraca.org\\\/site\\\/wp-content\\\/uploads\\\/2012\\\/09\\\/juiz-scaled.jpg\",\"width\":2560,\"height\":1708},{\"@type\":\"BreadcrumbList\",\"@id\":\"https:\\\/\\\/www.andandonagraca.org\\\/site\\\/?p=1248#breadcrumb\",\"itemListElement\":[{\"@type\":\"ListItem\",\"position\":1,\"name\":\"In\u00edcio\",\"item\":\"https:\\\/\\\/www.andandonagraca.org\\\/site\"},{\"@type\":\"ListItem\",\"position\":2,\"name\":\"Julgamento ou An\u00e1lise\"}]},{\"@type\":\"WebSite\",\"@id\":\"https:\\\/\\\/www.andandonagraca.org\\\/site\\\/#website\",\"url\":\"https:\\\/\\\/www.andandonagraca.org\\\/site\\\/\",\"name\":\"Pr. Jonas Santana\",\"description\":\"ANDANDO NA GRA\u00c7A - AEMSF\",\"potentialAction\":[{\"@type\":\"SearchAction\",\"target\":{\"@type\":\"EntryPoint\",\"urlTemplate\":\"https:\\\/\\\/www.andandonagraca.org\\\/site\\\/?s={search_term_string}\"},\"query-input\":{\"@type\":\"PropertyValueSpecification\",\"valueRequired\":true,\"valueName\":\"search_term_string\"}}],\"inLanguage\":\"pt-BR\"},{\"@type\":\"Person\",\"@id\":\"https:\\\/\\\/www.andandonagraca.org\\\/site\\\/#\\\/schema\\\/person\\\/225d0dedb572d4570a947397af2606ed\",\"name\":\"Pr. Jonas Santana\",\"image\":{\"@type\":\"ImageObject\",\"inLanguage\":\"pt-BR\",\"@id\":\"https:\\\/\\\/secure.gravatar.com\\\/avatar\\\/7f463b781f71522d52f2ff3dae3592f9f7b0e24187fc413b95cd3efa8429de28?s=96&d=mm&r=g\",\"url\":\"https:\\\/\\\/secure.gravatar.com\\\/avatar\\\/7f463b781f71522d52f2ff3dae3592f9f7b0e24187fc413b95cd3efa8429de28?s=96&d=mm&r=g\",\"contentUrl\":\"https:\\\/\\\/secure.gravatar.com\\\/avatar\\\/7f463b781f71522d52f2ff3dae3592f9f7b0e24187fc413b95cd3efa8429de28?s=96&d=mm&r=g\",\"caption\":\"Pr. Jonas Santana\"},\"description\":\"Pastor, pesquisador b\u00edblico, pregador do Evangelho do Reino A fidelidade requer que entreguemos o evangelho sob todos os \u00e2ngulos, sem omitir nada e sem exagerar em nada. Para isto requer-se muita sabedoria. Nosso desejo \u00e9 compartilhar a sabedoria do Reino de Deus a todos aqueles que o desejam de todo o cora\u00e7\u00e3o.\",\"sameAs\":[\"https:\\\/\\\/www.andandonagraca.org\",\"https:\\\/\\\/www.facebook.com\\\/andandonagraca\",\"https:\\\/\\\/www.instagram.com\\\/andandonagraca\\\/\",\"https:\\\/\\\/www.youtube.com\\\/@andandonagraca\",\"https:\\\/\\\/podcasters.spotify.com\\\/pod\\\/show\\\/andandonagraca\\\/\"],\"url\":\"https:\\\/\\\/www.andandonagraca.org\\\/site\\\/?author=1\"}]}<\/script>\n<!-- \/ Yoast SEO plugin. -->","yoast_head_json":{"title":"Julgamento ou An\u00e1lise - Pr. Jonas Santana","robots":{"index":"index","follow":"follow","max-snippet":"max-snippet:-1","max-image-preview":"max-image-preview:large","max-video-preview":"max-video-preview:-1"},"canonical":"https:\/\/www.andandonagraca.org\/site\/?p=1248","og_locale":"pt_BR","og_type":"article","og_title":"Julgamento ou An\u00e1lise - Pr. Jonas Santana","og_description":"Esse artigo come\u00e7ou como um post na rede social Facebook, mas decidi analisar com mais profundidade esse assunto,","og_url":"https:\/\/www.andandonagraca.org\/site\/?p=1248","og_site_name":"Pr. Jonas Santana","article_publisher":"https:\/\/www.facebook.com\/andandonagraca","article_author":"https:\/\/www.facebook.com\/andandonagraca","article_published_time":"2012-09-04T21:57:07+00:00","article_modified_time":"2024-01-08T10:52:49+00:00","og_image":[{"width":2560,"height":1708,"url":"https:\/\/www.andandonagraca.org\/site\/wp-content\/uploads\/2012\/09\/juiz-scaled.jpg","type":"image\/jpeg"}],"author":"Pr. Jonas Santana","twitter_card":"summary_large_image","twitter_misc":{"Escrito por":"Pr. Jonas Santana","Est. tempo de leitura":"9 minutos"},"schema":{"@context":"https:\/\/schema.org","@graph":[{"@type":"Article","@id":"https:\/\/www.andandonagraca.org\/site\/?p=1248#article","isPartOf":{"@id":"https:\/\/www.andandonagraca.org\/site\/?p=1248"},"author":{"name":"Pr. Jonas Santana","@id":"https:\/\/www.andandonagraca.org\/site\/#\/schema\/person\/225d0dedb572d4570a947397af2606ed"},"headline":"Julgamento ou An\u00e1lise","datePublished":"2012-09-04T21:57:07+00:00","dateModified":"2024-01-08T10:52:49+00:00","mainEntityOfPage":{"@id":"https:\/\/www.andandonagraca.org\/site\/?p=1248"},"wordCount":1658,"commentCount":4,"image":{"@id":"https:\/\/www.andandonagraca.org\/site\/?p=1248#primaryimage"},"thumbnailUrl":"https:\/\/www.andandonagraca.org\/site\/wp-content\/uploads\/2012\/09\/juiz-scaled.jpg","keywords":["comportamento","engano","rebeli\u00e3o"],"articleSection":["An\u00e1lise da Igreja Moderna &amp; sua Lideran\u00e7a"],"inLanguage":"pt-BR","potentialAction":[{"@type":"CommentAction","name":"Comment","target":["https:\/\/www.andandonagraca.org\/site\/?p=1248#respond"]}]},{"@type":"WebPage","@id":"https:\/\/www.andandonagraca.org\/site\/?p=1248","url":"https:\/\/www.andandonagraca.org\/site\/?p=1248","name":"Julgamento ou An\u00e1lise - Pr. Jonas Santana","isPartOf":{"@id":"https:\/\/www.andandonagraca.org\/site\/#website"},"primaryImageOfPage":{"@id":"https:\/\/www.andandonagraca.org\/site\/?p=1248#primaryimage"},"image":{"@id":"https:\/\/www.andandonagraca.org\/site\/?p=1248#primaryimage"},"thumbnailUrl":"https:\/\/www.andandonagraca.org\/site\/wp-content\/uploads\/2012\/09\/juiz-scaled.jpg","datePublished":"2012-09-04T21:57:07+00:00","dateModified":"2024-01-08T10:52:49+00:00","author":{"@id":"https:\/\/www.andandonagraca.org\/site\/#\/schema\/person\/225d0dedb572d4570a947397af2606ed"},"breadcrumb":{"@id":"https:\/\/www.andandonagraca.org\/site\/?p=1248#breadcrumb"},"inLanguage":"pt-BR","potentialAction":[{"@type":"ReadAction","target":["https:\/\/www.andandonagraca.org\/site\/?p=1248"]}]},{"@type":"ImageObject","inLanguage":"pt-BR","@id":"https:\/\/www.andandonagraca.org\/site\/?p=1248#primaryimage","url":"https:\/\/www.andandonagraca.org\/site\/wp-content\/uploads\/2012\/09\/juiz-scaled.jpg","contentUrl":"https:\/\/www.andandonagraca.org\/site\/wp-content\/uploads\/2012\/09\/juiz-scaled.jpg","width":2560,"height":1708},{"@type":"BreadcrumbList","@id":"https:\/\/www.andandonagraca.org\/site\/?p=1248#breadcrumb","itemListElement":[{"@type":"ListItem","position":1,"name":"In\u00edcio","item":"https:\/\/www.andandonagraca.org\/site"},{"@type":"ListItem","position":2,"name":"Julgamento ou An\u00e1lise"}]},{"@type":"WebSite","@id":"https:\/\/www.andandonagraca.org\/site\/#website","url":"https:\/\/www.andandonagraca.org\/site\/","name":"Pr. Jonas Santana","description":"ANDANDO NA GRA\u00c7A - AEMSF","potentialAction":[{"@type":"SearchAction","target":{"@type":"EntryPoint","urlTemplate":"https:\/\/www.andandonagraca.org\/site\/?s={search_term_string}"},"query-input":{"@type":"PropertyValueSpecification","valueRequired":true,"valueName":"search_term_string"}}],"inLanguage":"pt-BR"},{"@type":"Person","@id":"https:\/\/www.andandonagraca.org\/site\/#\/schema\/person\/225d0dedb572d4570a947397af2606ed","name":"Pr. Jonas Santana","image":{"@type":"ImageObject","inLanguage":"pt-BR","@id":"https:\/\/secure.gravatar.com\/avatar\/7f463b781f71522d52f2ff3dae3592f9f7b0e24187fc413b95cd3efa8429de28?s=96&d=mm&r=g","url":"https:\/\/secure.gravatar.com\/avatar\/7f463b781f71522d52f2ff3dae3592f9f7b0e24187fc413b95cd3efa8429de28?s=96&d=mm&r=g","contentUrl":"https:\/\/secure.gravatar.com\/avatar\/7f463b781f71522d52f2ff3dae3592f9f7b0e24187fc413b95cd3efa8429de28?s=96&d=mm&r=g","caption":"Pr. Jonas Santana"},"description":"Pastor, pesquisador b\u00edblico, pregador do Evangelho do Reino A fidelidade requer que entreguemos o evangelho sob todos os \u00e2ngulos, sem omitir nada e sem exagerar em nada. Para isto requer-se muita sabedoria. Nosso desejo \u00e9 compartilhar a sabedoria do Reino de Deus a todos aqueles que o desejam de todo o cora\u00e7\u00e3o.","sameAs":["https:\/\/www.andandonagraca.org","https:\/\/www.facebook.com\/andandonagraca","https:\/\/www.instagram.com\/andandonagraca\/","https:\/\/www.youtube.com\/@andandonagraca","https:\/\/podcasters.spotify.com\/pod\/show\/andandonagraca\/"],"url":"https:\/\/www.andandonagraca.org\/site\/?author=1"}]}},"_links":{"self":[{"href":"https:\/\/www.andandonagraca.org\/site\/index.php?rest_route=\/wp\/v2\/posts\/1248","targetHints":{"allow":["GET"]}}],"collection":[{"href":"https:\/\/www.andandonagraca.org\/site\/index.php?rest_route=\/wp\/v2\/posts"}],"about":[{"href":"https:\/\/www.andandonagraca.org\/site\/index.php?rest_route=\/wp\/v2\/types\/post"}],"author":[{"embeddable":true,"href":"https:\/\/www.andandonagraca.org\/site\/index.php?rest_route=\/wp\/v2\/users\/1"}],"replies":[{"embeddable":true,"href":"https:\/\/www.andandonagraca.org\/site\/index.php?rest_route=%2Fwp%2Fv2%2Fcomments&post=1248"}],"version-history":[{"count":3,"href":"https:\/\/www.andandonagraca.org\/site\/index.php?rest_route=\/wp\/v2\/posts\/1248\/revisions"}],"predecessor-version":[{"id":67842,"href":"https:\/\/www.andandonagraca.org\/site\/index.php?rest_route=\/wp\/v2\/posts\/1248\/revisions\/67842"}],"wp:featuredmedia":[{"embeddable":true,"href":"https:\/\/www.andandonagraca.org\/site\/index.php?rest_route=\/wp\/v2\/media\/67829"}],"wp:attachment":[{"href":"https:\/\/www.andandonagraca.org\/site\/index.php?rest_route=%2Fwp%2Fv2%2Fmedia&parent=1248"}],"wp:term":[{"taxonomy":"category","embeddable":true,"href":"https:\/\/www.andandonagraca.org\/site\/index.php?rest_route=%2Fwp%2Fv2%2Fcategories&post=1248"},{"taxonomy":"post_tag","embeddable":true,"href":"https:\/\/www.andandonagraca.org\/site\/index.php?rest_route=%2Fwp%2Fv2%2Ftags&post=1248"}],"curies":[{"name":"wp","href":"https:\/\/api.w.org\/{rel}","templated":true}]}}