{"id":1255,"date":"2012-09-04T22:21:21","date_gmt":"2012-09-05T01:21:21","guid":{"rendered":"https:\/\/www.afimdeproclamar.com\/site\/?p=1255"},"modified":"2021-02-10T10:03:51","modified_gmt":"2021-02-10T13:03:51","slug":"a-lingua","status":"publish","type":"post","link":"https:\/\/www.andandonagraca.org\/site\/?p=1255","title":{"rendered":"A L\u00cdNGUA &#8230;"},"content":{"rendered":"<p style=\"text-align: justify;\">Recentemente escrevi uma mensagem sobre \u201c<a title=\"Link permanente para Porque nossas armas n\u00e3o s\u00e3o carnais\" href=\"https:\/\/www.afimdeproclamar.com\/site\/?p=699\">Porque nossas armas n\u00e3o s\u00e3o carnais<\/a>\u201d, mas alguns dias depois de concluir o texto comecei a meditar em outra arma t\u00e3o poderosa e ao mesmo tempo t\u00e3o destrutiva como a l\u00edngua.<\/p>\n<p style=\"text-align: justify;\">A B\u00edblia nos adverte constantemente sobre o perigo que \u00e9 a l\u00edngua humana. Vejamos alguns trechos da Palavra de Deus:<\/p>\n<p style=\"text-align: justify;\">Prov\u00e9rbios 18:21<\/p>\n<p style=\"text-align: justify; padding-left: 60px;\">&#8211; A morte e a vida est\u00e3o no poder da l\u00edngua; e aquele que a ama comer\u00e1 do seu fruto.<\/p>\n<p style=\"text-align: justify;\">Prov\u00e9rbios 21:23<\/p>\n<p style=\"text-align: justify; padding-left: 60px;\">&#8211; O que guarda a boca e a l\u00edngua guarda das ang\u00fastias a sua alma.<\/p>\n<p style=\"text-align: justify;\">Jeremias 9:8<\/p>\n<p style=\"text-align: justify; padding-left: 60px;\">&#8211; Uma flecha mort\u00edfera \u00e9 a l\u00edngua deles; fala engano; com a sua boca fala cada um de paz com o seu companheiro, mas no seu interior arma-lhe ciladas.<\/p>\n<p style=\"text-align: justify;\">Romanos 3:13<\/p>\n<p style=\"text-align: justify; padding-left: 60px;\">&#8211; A sua garganta \u00e9 um sepulcro aberto; com a l\u00edngua tratam enganosamente; pe\u00e7onha de \u00e1spides est\u00e1 debaixo de seus l\u00e1bios;<\/p>\n<p style=\"text-align: justify;\">Tiago 1:26<\/p>\n<p style=\"text-align: justify; padding-left: 60px;\">&#8211; Se algu\u00e9m entre v\u00f3s cuida ser religioso e n\u00e3o refreia a sua l\u00edngua, antes, engana o seu cora\u00e7\u00e3o, a religi\u00e3o desse \u00e9 v\u00e3.<\/p>\n<p style=\"text-align: justify;\">Tiago 3:2-10<\/p>\n<p style=\"text-align: justify; padding-left: 60px;\">&#8211; Porque todos trope\u00e7amos em muitas coisas. Se algu\u00e9m n\u00e3o trope\u00e7a em palavra, o tal var\u00e3o \u00e9 perfeito e poderoso para tamb\u00e9m refrear todo o corpo.<\/p>\n<p style=\"text-align: justify; padding-left: 60px;\">Ora, n\u00f3s pomos freio nas bocas dos cavalos, para que nos obede\u00e7am; e conseguimos dirigir todo o seu corpo.<\/p>\n<p style=\"text-align: justify; padding-left: 60px;\">Vede tamb\u00e9m as naus que, sendo t\u00e3o grandes e levadas de impetuosos ventos, se viram com um bem pequeno leme para onde quer a vontade daquele que as governa.<\/p>\n<p style=\"text-align: justify; padding-left: 60px;\">Assim tamb\u00e9m a l\u00edngua \u00e9 um pequeno membro e gloria-se de grandes coisas. Vede qu\u00e3o grande bosque um pequeno fogo incendeia.<\/p>\n<p style=\"text-align: justify; padding-left: 60px;\">A l\u00edngua tamb\u00e9m \u00e9 um fogo; como mundo de iniquidade, a l\u00edngua est\u00e1 posta entre os nossos membros, e contamina todo o corpo, e inflama o curso da natureza, e \u00e9 inflamada pelo inferno.<\/p>\n<p style=\"text-align: justify; padding-left: 60px;\">Porque toda a natureza, tanto de bestas-feras como de aves, tanto de r\u00e9pteis como de animais do mar, se amansa e foi domada pela natureza humana; mas nenhum homem pode domar a l\u00edngua. \u00c9 um mal que n\u00e3o se pode refrear; est\u00e1 cheia de pe\u00e7onha mortal.<\/p>\n<p style=\"text-align: justify; padding-left: 60px;\">Com ela bendizemos a Deus e Pai, e com ela amaldi\u00e7oamos os homens, feitos \u00e0 semelhan\u00e7a de Deus: de uma mesma boca procede b\u00ean\u00e7\u00e3o e maldi\u00e7\u00e3o. Meus irm\u00e3os, n\u00e3o conv\u00e9m que isto se fa\u00e7a assim.<\/p>\n<p style=\"text-align: justify;\">1 Pedro 3:10<\/p>\n<p style=\"text-align: justify; padding-left: 60px;\">&#8211; Porque quem quer amar a vida e ver os dias bons, refreie a sua l\u00edngua do mal, e os seus l\u00e1bios n\u00e3o falem engano;<\/p>\n<p style=\"text-align: justify;\">A l\u00edngua n\u00e3o age sozinha, nem fala por si mesma, claro que o respons\u00e1vel por tudo o que ela pronuncia \u00e9 o seu dono. A Palavra de Deus diz que a boca fala do que est\u00e1 cheio o cora\u00e7\u00e3o:<\/p>\n<p style=\"text-align: justify;\">Lucas 6:45<\/p>\n<p style=\"text-align: justify; padding-left: 60px;\">&#8211; O homem bom, do bom tesouro do seu cora\u00e7\u00e3o, tira o bem, e o homem mau, do mau tesouro do seu cora\u00e7\u00e3o, tira o mal, porque da abund\u00e2ncia do seu cora\u00e7\u00e3o fala a boca.<\/p>\n<p style=\"text-align: justify;\">A l\u00edngua representa a palavra, aquilo que sai do cora\u00e7\u00e3o do homem e demonstra o que realmente est\u00e1 dentro de cada um:<\/p>\n<p style=\"text-align: justify;\">Mateus 15:11<\/p>\n<p style=\"text-align: justify; padding-left: 60px;\">&#8211; o que contamina o homem n\u00e3o \u00e9 o que entra na boca, mas o que sai da boca, isso \u00e9 o que contamina o homem.<\/p>\n<p style=\"text-align: justify;\">Mateus 15:18<\/p>\n<p style=\"text-align: justify; padding-left: 60px;\">&#8211; Mas o que sai da boca procede do cora\u00e7\u00e3o, e isso contamina o homem.<\/p>\n<p style=\"text-align: justify;\">A l\u00edngua \u00e9 respons\u00e1vel por produzir palavras e s\u00e3o essas palavras que podem produzir vida ou morte, ben\u00e7\u00e3o ou maldi\u00e7\u00e3o, separa\u00e7\u00e3o ou reconcilia\u00e7\u00e3o. Todas as guerras se iniciaram com palavras, n\u00e3o foram diretamente \u00e0s armas de destrui\u00e7\u00e3o, come\u00e7aram nos gabinetes com homens se ofendendo com palavras.<\/p>\n<p style=\"text-align: justify;\">Por isso a B\u00edblia diz que a l\u00edngua, sendo t\u00e3o pequena, se gloria de grandes coisas. Compara a l\u00edngua a uma pequena fagulha que provoca um inc\u00eandio numa grande floresta. Uma simples palavra pode provocar grandes estragos.<\/p>\n<p style=\"text-align: justify;\">Por que os presidentes de na\u00e7\u00f5es usam interpretes em suas viagens a pa\u00edses estrangeiros? Para se resguardarem. Uma palavra dita diretamente pode causar um grande incidente diplom\u00e1tico, no entanto uma palavra dita pelo interprete pode ser considerada como um erro de tradu\u00e7\u00e3o e de interpreta\u00e7\u00e3o.<\/p>\n<p style=\"text-align: justify;\">Palavras representam o poder de cria\u00e7\u00e3o, conforme afirma Hebreus 11:3 &#8211; Pela f\u00e9, entendemos que os mundos, pela palavra de Deus, foram criados; de maneira que aquilo que se v\u00ea n\u00e3o foi feito do que \u00e9 aparente. Tudo que vemos foram criados pela Palavra de Deus.<\/p>\n<p style=\"text-align: justify;\">O homem \u00e9 o \u00fanico ser \u00e0 face da terra que possui a capacidade de falar, portanto a capacidade de criar. Por isso o diabo procura por todos os meios dominar o homem, visto que ele, o diabo, n\u00e3o tem capacidade de cria\u00e7\u00e3o e sim de destrui\u00e7\u00e3o. Assim, usando o homem, o diabo pode criar infinitas possibilidades de destrui\u00e7\u00e3o, pois as palavras afetam profundamente o homem.<\/p>\n<p style=\"text-align: justify;\">H\u00e1 poder em suas palavras, porque elas carregam tudo o que est\u00e1 guardado em seu cora\u00e7\u00e3o. Imagine que seu cora\u00e7\u00e3o \u00e9 um po\u00e7o profundo e palavra \u00e9 o balde que vai buscar o que est\u00e1 dentro desse po\u00e7o. Se tudo estiver limpo l\u00e1 dentro sair\u00e1 uma \u00e1gua cristalina que poder\u00e1 saciar a sede do maior sedento, mas, se estiver entulhado trar\u00e1 toda sorte de tranqueiras e para nada servir\u00e1, fazendo com que o sedento morra de sede.<\/p>\n<p style=\"text-align: justify;\">Assim, suas palavras poder\u00e3o gerar vida ou morte, ben\u00e7\u00e3o ou maldi\u00e7\u00e3o, a escolha \u00e9 sua&#8230; Aprenda a domin\u00e1-la e ser\u00e1 bem sucedido em sua vida.<\/p>\n","protected":false},"excerpt":{"rendered":"<p>Recentemente escrevi uma mensagem sobre \u201cPorque nossas armas n\u00e3o s\u00e3o carnais\u201d, mas alguns dias depois de concluir o<\/p>\n","protected":false},"author":1,"featured_media":67030,"comment_status":"open","ping_status":"open","sticky":false,"template":"","format":"standard","meta":{"footnotes":""},"categories":[11],"tags":[57,24,18,31,45,50,28,46],"class_list":["post-1255","post","type-post","status-publish","format-standard","has-post-thumbnail","hentry","category-fe-amor","tag-aflicoes","tag-apostasia","tag-cuidado","tag-morte","tag-palavra","tag-problemas","tag-rebeliao","tag-santidade"],"yoast_head":"<!-- This site is optimized with the Yoast SEO plugin v27.5 - https:\/\/yoast.com\/product\/yoast-seo-wordpress\/ -->\n<title>A L\u00cdNGUA ... - Pr. Jonas Santana<\/title>\n<meta name=\"robots\" content=\"index, follow, max-snippet:-1, max-image-preview:large, max-video-preview:-1\" \/>\n<link rel=\"canonical\" href=\"https:\/\/www.andandonagraca.org\/site\/?p=1255\" \/>\n<meta property=\"og:locale\" content=\"pt_BR\" \/>\n<meta property=\"og:type\" content=\"article\" \/>\n<meta property=\"og:title\" content=\"A L\u00cdNGUA ... - Pr. Jonas Santana\" \/>\n<meta property=\"og:description\" content=\"Recentemente escrevi uma mensagem sobre \u201cPorque nossas armas n\u00e3o s\u00e3o carnais\u201d, mas alguns dias depois de concluir o\" \/>\n<meta property=\"og:url\" content=\"https:\/\/www.andandonagraca.org\/site\/?p=1255\" \/>\n<meta property=\"og:site_name\" content=\"Pr. Jonas Santana\" \/>\n<meta property=\"article:publisher\" content=\"https:\/\/www.facebook.com\/andandonagraca\" \/>\n<meta property=\"article:author\" content=\"https:\/\/www.facebook.com\/andandonagraca\" \/>\n<meta property=\"article:published_time\" content=\"2012-09-05T01:21:21+00:00\" \/>\n<meta property=\"article:modified_time\" content=\"2021-02-10T13:03:51+00:00\" \/>\n<meta property=\"og:image\" content=\"https:\/\/www.andandonagraca.org\/site\/wp-content\/uploads\/2012\/09\/lingua.png\" \/>\n\t<meta property=\"og:image:width\" content=\"960\" \/>\n\t<meta property=\"og:image:height\" content=\"600\" \/>\n\t<meta property=\"og:image:type\" content=\"image\/png\" \/>\n<meta name=\"author\" content=\"Pr. Jonas Santana\" \/>\n<meta name=\"twitter:card\" content=\"summary_large_image\" \/>\n<meta name=\"twitter:label1\" content=\"Escrito por\" \/>\n\t<meta name=\"twitter:data1\" content=\"Pr. Jonas Santana\" \/>\n\t<meta name=\"twitter:label2\" content=\"Est. tempo de leitura\" \/>\n\t<meta name=\"twitter:data2\" content=\"5 minutos\" \/>\n<script type=\"application\/ld+json\" class=\"yoast-schema-graph\">{\"@context\":\"https:\\\/\\\/schema.org\",\"@graph\":[{\"@type\":\"Article\",\"@id\":\"https:\\\/\\\/www.andandonagraca.org\\\/site\\\/?p=1255#article\",\"isPartOf\":{\"@id\":\"https:\\\/\\\/www.andandonagraca.org\\\/site\\\/?p=1255\"},\"author\":{\"name\":\"Pr. Jonas Santana\",\"@id\":\"https:\\\/\\\/www.andandonagraca.org\\\/site\\\/#\\\/schema\\\/person\\\/225d0dedb572d4570a947397af2606ed\"},\"headline\":\"A L\u00cdNGUA &#8230;\",\"datePublished\":\"2012-09-05T01:21:21+00:00\",\"dateModified\":\"2021-02-10T13:03:51+00:00\",\"mainEntityOfPage\":{\"@id\":\"https:\\\/\\\/www.andandonagraca.org\\\/site\\\/?p=1255\"},\"wordCount\":974,\"commentCount\":1,\"image\":{\"@id\":\"https:\\\/\\\/www.andandonagraca.org\\\/site\\\/?p=1255#primaryimage\"},\"thumbnailUrl\":\"https:\\\/\\\/www.andandonagraca.org\\\/site\\\/wp-content\\\/uploads\\\/2012\\\/09\\\/lingua.png\",\"keywords\":[\"afli\u00e7\u00f5es\",\"apostasia\",\"cuidado\",\"morte\",\"palavra\",\"problemas\",\"rebeli\u00e3o\",\"santidade\"],\"articleSection\":[\"F\u00e9, Esperan\u00e7a &amp; Amor\"],\"inLanguage\":\"pt-BR\",\"potentialAction\":[{\"@type\":\"CommentAction\",\"name\":\"Comment\",\"target\":[\"https:\\\/\\\/www.andandonagraca.org\\\/site\\\/?p=1255#respond\"]}]},{\"@type\":\"WebPage\",\"@id\":\"https:\\\/\\\/www.andandonagraca.org\\\/site\\\/?p=1255\",\"url\":\"https:\\\/\\\/www.andandonagraca.org\\\/site\\\/?p=1255\",\"name\":\"A L\u00cdNGUA ... - Pr. Jonas Santana\",\"isPartOf\":{\"@id\":\"https:\\\/\\\/www.andandonagraca.org\\\/site\\\/#website\"},\"primaryImageOfPage\":{\"@id\":\"https:\\\/\\\/www.andandonagraca.org\\\/site\\\/?p=1255#primaryimage\"},\"image\":{\"@id\":\"https:\\\/\\\/www.andandonagraca.org\\\/site\\\/?p=1255#primaryimage\"},\"thumbnailUrl\":\"https:\\\/\\\/www.andandonagraca.org\\\/site\\\/wp-content\\\/uploads\\\/2012\\\/09\\\/lingua.png\",\"datePublished\":\"2012-09-05T01:21:21+00:00\",\"dateModified\":\"2021-02-10T13:03:51+00:00\",\"author\":{\"@id\":\"https:\\\/\\\/www.andandonagraca.org\\\/site\\\/#\\\/schema\\\/person\\\/225d0dedb572d4570a947397af2606ed\"},\"breadcrumb\":{\"@id\":\"https:\\\/\\\/www.andandonagraca.org\\\/site\\\/?p=1255#breadcrumb\"},\"inLanguage\":\"pt-BR\",\"potentialAction\":[{\"@type\":\"ReadAction\",\"target\":[\"https:\\\/\\\/www.andandonagraca.org\\\/site\\\/?p=1255\"]}]},{\"@type\":\"ImageObject\",\"inLanguage\":\"pt-BR\",\"@id\":\"https:\\\/\\\/www.andandonagraca.org\\\/site\\\/?p=1255#primaryimage\",\"url\":\"https:\\\/\\\/www.andandonagraca.org\\\/site\\\/wp-content\\\/uploads\\\/2012\\\/09\\\/lingua.png\",\"contentUrl\":\"https:\\\/\\\/www.andandonagraca.org\\\/site\\\/wp-content\\\/uploads\\\/2012\\\/09\\\/lingua.png\",\"width\":960,\"height\":600},{\"@type\":\"BreadcrumbList\",\"@id\":\"https:\\\/\\\/www.andandonagraca.org\\\/site\\\/?p=1255#breadcrumb\",\"itemListElement\":[{\"@type\":\"ListItem\",\"position\":1,\"name\":\"In\u00edcio\",\"item\":\"https:\\\/\\\/www.andandonagraca.org\\\/site\"},{\"@type\":\"ListItem\",\"position\":2,\"name\":\"A L\u00cdNGUA &#8230;\"}]},{\"@type\":\"WebSite\",\"@id\":\"https:\\\/\\\/www.andandonagraca.org\\\/site\\\/#website\",\"url\":\"https:\\\/\\\/www.andandonagraca.org\\\/site\\\/\",\"name\":\"Pr. Jonas Santana\",\"description\":\"ANDANDO NA GRA\u00c7A - AEMSF\",\"potentialAction\":[{\"@type\":\"SearchAction\",\"target\":{\"@type\":\"EntryPoint\",\"urlTemplate\":\"https:\\\/\\\/www.andandonagraca.org\\\/site\\\/?s={search_term_string}\"},\"query-input\":{\"@type\":\"PropertyValueSpecification\",\"valueRequired\":true,\"valueName\":\"search_term_string\"}}],\"inLanguage\":\"pt-BR\"},{\"@type\":\"Person\",\"@id\":\"https:\\\/\\\/www.andandonagraca.org\\\/site\\\/#\\\/schema\\\/person\\\/225d0dedb572d4570a947397af2606ed\",\"name\":\"Pr. Jonas Santana\",\"image\":{\"@type\":\"ImageObject\",\"inLanguage\":\"pt-BR\",\"@id\":\"https:\\\/\\\/secure.gravatar.com\\\/avatar\\\/7f463b781f71522d52f2ff3dae3592f9f7b0e24187fc413b95cd3efa8429de28?s=96&d=mm&r=g\",\"url\":\"https:\\\/\\\/secure.gravatar.com\\\/avatar\\\/7f463b781f71522d52f2ff3dae3592f9f7b0e24187fc413b95cd3efa8429de28?s=96&d=mm&r=g\",\"contentUrl\":\"https:\\\/\\\/secure.gravatar.com\\\/avatar\\\/7f463b781f71522d52f2ff3dae3592f9f7b0e24187fc413b95cd3efa8429de28?s=96&d=mm&r=g\",\"caption\":\"Pr. Jonas Santana\"},\"description\":\"Pastor, pesquisador b\u00edblico, pregador do Evangelho do Reino A fidelidade requer que entreguemos o evangelho sob todos os \u00e2ngulos, sem omitir nada e sem exagerar em nada. Para isto requer-se muita sabedoria. Nosso desejo \u00e9 compartilhar a sabedoria do Reino de Deus a todos aqueles que o desejam de todo o cora\u00e7\u00e3o.\",\"sameAs\":[\"https:\\\/\\\/www.andandonagraca.org\",\"https:\\\/\\\/www.facebook.com\\\/andandonagraca\",\"https:\\\/\\\/www.instagram.com\\\/andandonagraca\\\/\",\"https:\\\/\\\/www.youtube.com\\\/@andandonagraca\",\"https:\\\/\\\/podcasters.spotify.com\\\/pod\\\/show\\\/andandonagraca\\\/\"],\"url\":\"https:\\\/\\\/www.andandonagraca.org\\\/site\\\/?author=1\"}]}<\/script>\n<!-- \/ Yoast SEO plugin. -->","yoast_head_json":{"title":"A L\u00cdNGUA ... - Pr. Jonas Santana","robots":{"index":"index","follow":"follow","max-snippet":"max-snippet:-1","max-image-preview":"max-image-preview:large","max-video-preview":"max-video-preview:-1"},"canonical":"https:\/\/www.andandonagraca.org\/site\/?p=1255","og_locale":"pt_BR","og_type":"article","og_title":"A L\u00cdNGUA ... - Pr. Jonas Santana","og_description":"Recentemente escrevi uma mensagem sobre \u201cPorque nossas armas n\u00e3o s\u00e3o carnais\u201d, mas alguns dias depois de concluir o","og_url":"https:\/\/www.andandonagraca.org\/site\/?p=1255","og_site_name":"Pr. Jonas Santana","article_publisher":"https:\/\/www.facebook.com\/andandonagraca","article_author":"https:\/\/www.facebook.com\/andandonagraca","article_published_time":"2012-09-05T01:21:21+00:00","article_modified_time":"2021-02-10T13:03:51+00:00","og_image":[{"width":960,"height":600,"url":"https:\/\/www.andandonagraca.org\/site\/wp-content\/uploads\/2012\/09\/lingua.png","type":"image\/png"}],"author":"Pr. Jonas Santana","twitter_card":"summary_large_image","twitter_misc":{"Escrito por":"Pr. Jonas Santana","Est. tempo de leitura":"5 minutos"},"schema":{"@context":"https:\/\/schema.org","@graph":[{"@type":"Article","@id":"https:\/\/www.andandonagraca.org\/site\/?p=1255#article","isPartOf":{"@id":"https:\/\/www.andandonagraca.org\/site\/?p=1255"},"author":{"name":"Pr. Jonas Santana","@id":"https:\/\/www.andandonagraca.org\/site\/#\/schema\/person\/225d0dedb572d4570a947397af2606ed"},"headline":"A L\u00cdNGUA &#8230;","datePublished":"2012-09-05T01:21:21+00:00","dateModified":"2021-02-10T13:03:51+00:00","mainEntityOfPage":{"@id":"https:\/\/www.andandonagraca.org\/site\/?p=1255"},"wordCount":974,"commentCount":1,"image":{"@id":"https:\/\/www.andandonagraca.org\/site\/?p=1255#primaryimage"},"thumbnailUrl":"https:\/\/www.andandonagraca.org\/site\/wp-content\/uploads\/2012\/09\/lingua.png","keywords":["afli\u00e7\u00f5es","apostasia","cuidado","morte","palavra","problemas","rebeli\u00e3o","santidade"],"articleSection":["F\u00e9, Esperan\u00e7a &amp; Amor"],"inLanguage":"pt-BR","potentialAction":[{"@type":"CommentAction","name":"Comment","target":["https:\/\/www.andandonagraca.org\/site\/?p=1255#respond"]}]},{"@type":"WebPage","@id":"https:\/\/www.andandonagraca.org\/site\/?p=1255","url":"https:\/\/www.andandonagraca.org\/site\/?p=1255","name":"A L\u00cdNGUA ... - Pr. Jonas Santana","isPartOf":{"@id":"https:\/\/www.andandonagraca.org\/site\/#website"},"primaryImageOfPage":{"@id":"https:\/\/www.andandonagraca.org\/site\/?p=1255#primaryimage"},"image":{"@id":"https:\/\/www.andandonagraca.org\/site\/?p=1255#primaryimage"},"thumbnailUrl":"https:\/\/www.andandonagraca.org\/site\/wp-content\/uploads\/2012\/09\/lingua.png","datePublished":"2012-09-05T01:21:21+00:00","dateModified":"2021-02-10T13:03:51+00:00","author":{"@id":"https:\/\/www.andandonagraca.org\/site\/#\/schema\/person\/225d0dedb572d4570a947397af2606ed"},"breadcrumb":{"@id":"https:\/\/www.andandonagraca.org\/site\/?p=1255#breadcrumb"},"inLanguage":"pt-BR","potentialAction":[{"@type":"ReadAction","target":["https:\/\/www.andandonagraca.org\/site\/?p=1255"]}]},{"@type":"ImageObject","inLanguage":"pt-BR","@id":"https:\/\/www.andandonagraca.org\/site\/?p=1255#primaryimage","url":"https:\/\/www.andandonagraca.org\/site\/wp-content\/uploads\/2012\/09\/lingua.png","contentUrl":"https:\/\/www.andandonagraca.org\/site\/wp-content\/uploads\/2012\/09\/lingua.png","width":960,"height":600},{"@type":"BreadcrumbList","@id":"https:\/\/www.andandonagraca.org\/site\/?p=1255#breadcrumb","itemListElement":[{"@type":"ListItem","position":1,"name":"In\u00edcio","item":"https:\/\/www.andandonagraca.org\/site"},{"@type":"ListItem","position":2,"name":"A L\u00cdNGUA &#8230;"}]},{"@type":"WebSite","@id":"https:\/\/www.andandonagraca.org\/site\/#website","url":"https:\/\/www.andandonagraca.org\/site\/","name":"Pr. Jonas Santana","description":"ANDANDO NA GRA\u00c7A - AEMSF","potentialAction":[{"@type":"SearchAction","target":{"@type":"EntryPoint","urlTemplate":"https:\/\/www.andandonagraca.org\/site\/?s={search_term_string}"},"query-input":{"@type":"PropertyValueSpecification","valueRequired":true,"valueName":"search_term_string"}}],"inLanguage":"pt-BR"},{"@type":"Person","@id":"https:\/\/www.andandonagraca.org\/site\/#\/schema\/person\/225d0dedb572d4570a947397af2606ed","name":"Pr. Jonas Santana","image":{"@type":"ImageObject","inLanguage":"pt-BR","@id":"https:\/\/secure.gravatar.com\/avatar\/7f463b781f71522d52f2ff3dae3592f9f7b0e24187fc413b95cd3efa8429de28?s=96&d=mm&r=g","url":"https:\/\/secure.gravatar.com\/avatar\/7f463b781f71522d52f2ff3dae3592f9f7b0e24187fc413b95cd3efa8429de28?s=96&d=mm&r=g","contentUrl":"https:\/\/secure.gravatar.com\/avatar\/7f463b781f71522d52f2ff3dae3592f9f7b0e24187fc413b95cd3efa8429de28?s=96&d=mm&r=g","caption":"Pr. Jonas Santana"},"description":"Pastor, pesquisador b\u00edblico, pregador do Evangelho do Reino A fidelidade requer que entreguemos o evangelho sob todos os \u00e2ngulos, sem omitir nada e sem exagerar em nada. Para isto requer-se muita sabedoria. Nosso desejo \u00e9 compartilhar a sabedoria do Reino de Deus a todos aqueles que o desejam de todo o cora\u00e7\u00e3o.","sameAs":["https:\/\/www.andandonagraca.org","https:\/\/www.facebook.com\/andandonagraca","https:\/\/www.instagram.com\/andandonagraca\/","https:\/\/www.youtube.com\/@andandonagraca","https:\/\/podcasters.spotify.com\/pod\/show\/andandonagraca\/"],"url":"https:\/\/www.andandonagraca.org\/site\/?author=1"}]}},"_links":{"self":[{"href":"https:\/\/www.andandonagraca.org\/site\/index.php?rest_route=\/wp\/v2\/posts\/1255","targetHints":{"allow":["GET"]}}],"collection":[{"href":"https:\/\/www.andandonagraca.org\/site\/index.php?rest_route=\/wp\/v2\/posts"}],"about":[{"href":"https:\/\/www.andandonagraca.org\/site\/index.php?rest_route=\/wp\/v2\/types\/post"}],"author":[{"embeddable":true,"href":"https:\/\/www.andandonagraca.org\/site\/index.php?rest_route=\/wp\/v2\/users\/1"}],"replies":[{"embeddable":true,"href":"https:\/\/www.andandonagraca.org\/site\/index.php?rest_route=%2Fwp%2Fv2%2Fcomments&post=1255"}],"version-history":[{"count":0,"href":"https:\/\/www.andandonagraca.org\/site\/index.php?rest_route=\/wp\/v2\/posts\/1255\/revisions"}],"wp:featuredmedia":[{"embeddable":true,"href":"https:\/\/www.andandonagraca.org\/site\/index.php?rest_route=\/wp\/v2\/media\/67030"}],"wp:attachment":[{"href":"https:\/\/www.andandonagraca.org\/site\/index.php?rest_route=%2Fwp%2Fv2%2Fmedia&parent=1255"}],"wp:term":[{"taxonomy":"category","embeddable":true,"href":"https:\/\/www.andandonagraca.org\/site\/index.php?rest_route=%2Fwp%2Fv2%2Fcategories&post=1255"},{"taxonomy":"post_tag","embeddable":true,"href":"https:\/\/www.andandonagraca.org\/site\/index.php?rest_route=%2Fwp%2Fv2%2Ftags&post=1255"}],"curies":[{"name":"wp","href":"https:\/\/api.w.org\/{rel}","templated":true}]}}