{"id":1320,"date":"2013-05-20T07:45:50","date_gmt":"2013-05-20T10:45:50","guid":{"rendered":"https:\/\/www.afimdeproclamar.com\/site\/?p=1320"},"modified":"2021-01-27T21:58:25","modified_gmt":"2021-01-28T00:58:25","slug":"reino-e-justica-de-deus","status":"publish","type":"post","link":"https:\/\/www.andandonagraca.org\/site\/?p=1320","title":{"rendered":"Justi\u00e7a de Deus"},"content":{"rendered":"<div>\n<p style=\"text-align: left;\" align=\"center\">Mas buscai primeiro o Reino de Deus, e a sua justi\u00e7a, e todas essas coisas vos ser\u00e3o acrescentadas. Mateus 6:33<\/p>\n<\/div>\n<p>GI. 2:20 &#8211; \u00e9 estar crucificado com Cristo e n\u00e3o viver mais para si mesmo<!--more--><\/p>\n<p>DEFINI\u00c7\u00c3O<\/p>\n<p style=\"padding-left: 60px;\">1) Atributo pelo qual, ao tratar com as pessoas, Deus age de acordo com as normas e exig\u00eancias da perfei\u00e7\u00e3o de sua pr\u00f3pria natureza {SI 119.142}. Por isso Deus castiga tanto os incr\u00e9dulos {Dt 33.21; SI 96.13} como o seu pr\u00f3prio povo {SI 50.5-7; Is 28.17} e, com imparcialidade, socorre os necessitados {Dt 10.17-18; SI 72.2}.<\/p>\n<p style=\"padding-left: 60px;\">2) Ato pelo qual Deus, em sua gra\u00e7a e em conformidade com a sua ALIAN\u00c7A, selada com o sofrimento, morte e ressurrei\u00e7\u00e3o de Cristo, perdoa as pessoas fracas, perdidas e sem justi\u00e7a pr\u00f3pria, aceitando-as atrav\u00e9s da f\u00e9 {Rm 3.21-26; 1 Co 1.30; 2Co 5.21}.<\/p>\n<p style=\"padding-left: 60px;\">3) Qualidade que leva os crist\u00e3os a agirem corretamente, de acordo com os mandamentos de Deus {Mq 6.8; Rm 6.13,19; Ef 5.9; 1Pe 2.24}; e RETID\u00c3O.<\/p>\n<p><span style=\"text-decoration: underline;\">DIKAIOSUNE &#8211; JUSTI\u00c7A <\/span><\/p>\n<p style=\"padding-left: 60px;\">num sentido amplo: estado daquele que \u00e9 como deve ser, condi\u00e7\u00e3o aceit\u00e1vel para Deus<\/p>\n<p style=\"padding-left: 60px;\">doutrina que trata do modo pelo qual o homem pode alcan\u00e7ar um estado aprovado por Deus<\/p>\n<p style=\"padding-left: 60px;\">integridade; virtude; pureza de vida; justi\u00e7a; pensamento, sentimento e a\u00e7\u00e3o corretos<br \/>\nnum sentido restrito, justi\u00e7a ou virtude que d\u00e1 a cada um o que lhe \u00e9 devido<\/p>\n<p>\u00c9 procurar desenvolver em sua vida os altos conceitos de Deus: F\u00e9, amor, un\u00e7\u00e3o, fidelidade, integridade e temor a Deus.<\/p>\n<p><span style=\"text-decoration: underline;\">DIKAIOS &#8211; JUSTO <\/span><\/p>\n<p style=\"padding-left: 60px;\">que observa as leis divinas<\/p>\n<p style=\"padding-left: 60px;\">num sentido amplo, reto, virtuoso, que guarda os mandamentos de Deus inocente, irrepreens\u00edvel, sem culpa<\/p>\n<p style=\"padding-left: 60px;\">usado para aquele cujo o modo de pensar, sentir e agir \u00e9 inteiramente conforme a vontade de Deus, e quem por esta raz\u00e3o n\u00e3o necessita de retica\u00e7\u00e3o no cora\u00e7\u00e3o ou na vida aprovado ou aceitado por Deus num sentido mais restrito, dar a cada um o que merece e isto em um sentido judicial; emitir um ju\u00edzo justo em rela\u00e7\u00e3o aos outros, seja expresso em palavras ou mostrado pelo modo de tratar com eles.<\/p>\n<p>Diferente da justi\u00e7a feita por Deus<\/p>\n<p><span style=\"text-decoration: underline;\">EKDIKESIS<\/span><\/p>\n<p style=\"padding-left: 60px;\">desforra, vingan\u00e7a, puni\u00e7\u00e3o<\/p>\n<p>2Co 7.11 &#8211; satisfazer a justi\u00e7a; fazer justi\u00e7a a todas as partes.<\/p>\n<p>Ver Lc 18:3, 21:22. A palavra tamb\u00e9m tem o sentido de absolvi\u00e7\u00e3o e carrega o sentido de vindica\u00e7\u00e3o.<\/p>\n<p><span style=\"text-decoration: underline;\">EKDIKEO<\/span><\/p>\n<p style=\"padding-left: 60px;\">defender o direito de algu\u00e9m, fazer justi\u00e7a<\/p>\n<p style=\"padding-left: 60px;\">proteger, defender (uma pessoa da outra)<\/p>\n<p style=\"padding-left: 60px;\">vingar algo<\/p>\n<p style=\"padding-left: 60px;\">punir uma pessoa por algo<\/p>\n","protected":false},"excerpt":{"rendered":"<p>Mas buscai primeiro o Reino de Deus, e a sua justi\u00e7a, e todas essas coisas vos ser\u00e3o acrescentadas.<\/p>\n","protected":false},"author":1,"featured_media":1413,"comment_status":"open","ping_status":"open","sticky":false,"template":"","format":"standard","meta":{"footnotes":""},"categories":[120],"tags":[19,35,47],"class_list":["post-1320","post","type-post","status-publish","format-standard","has-post-thumbnail","hentry","category-graca","tag-evangelho","tag-reino","tag-renuncia"],"yoast_head":"<!-- This site is optimized with the Yoast SEO plugin v27.5 - https:\/\/yoast.com\/product\/yoast-seo-wordpress\/ -->\n<title>Justi\u00e7a de Deus - Pr. Jonas Santana<\/title>\n<meta name=\"robots\" content=\"index, follow, max-snippet:-1, max-image-preview:large, max-video-preview:-1\" \/>\n<link rel=\"canonical\" href=\"https:\/\/www.andandonagraca.org\/site\/?p=1320\" \/>\n<meta property=\"og:locale\" content=\"pt_BR\" \/>\n<meta property=\"og:type\" content=\"article\" \/>\n<meta property=\"og:title\" content=\"Justi\u00e7a de Deus - Pr. Jonas Santana\" \/>\n<meta property=\"og:description\" content=\"Mas buscai primeiro o Reino de Deus, e a sua justi\u00e7a, e todas essas coisas vos ser\u00e3o acrescentadas.\" \/>\n<meta property=\"og:url\" content=\"https:\/\/www.andandonagraca.org\/site\/?p=1320\" \/>\n<meta property=\"og:site_name\" content=\"Pr. Jonas Santana\" \/>\n<meta property=\"article:publisher\" content=\"https:\/\/www.facebook.com\/andandonagraca\" \/>\n<meta property=\"article:author\" content=\"https:\/\/www.facebook.com\/andandonagraca\" \/>\n<meta property=\"article:published_time\" content=\"2013-05-20T10:45:50+00:00\" \/>\n<meta property=\"article:modified_time\" content=\"2021-01-28T00:58:25+00:00\" \/>\n<meta property=\"og:image\" content=\"https:\/\/www.andandonagraca.org\/site\/wp-content\/uploads\/2013\/05\/Justice+judge+gavel.jpg\" \/>\n\t<meta property=\"og:image:width\" content=\"320\" \/>\n\t<meta property=\"og:image:height\" content=\"320\" \/>\n\t<meta property=\"og:image:type\" content=\"image\/jpeg\" \/>\n<meta name=\"author\" content=\"Pr. Jonas Santana\" \/>\n<meta name=\"twitter:card\" content=\"summary_large_image\" \/>\n<meta name=\"twitter:label1\" content=\"Escrito por\" \/>\n\t<meta name=\"twitter:data1\" content=\"Pr. Jonas Santana\" \/>\n\t<meta name=\"twitter:label2\" content=\"Est. tempo de leitura\" \/>\n\t<meta name=\"twitter:data2\" content=\"2 minutos\" \/>\n<script type=\"application\/ld+json\" class=\"yoast-schema-graph\">{\"@context\":\"https:\\\/\\\/schema.org\",\"@graph\":[{\"@type\":\"Article\",\"@id\":\"https:\\\/\\\/www.andandonagraca.org\\\/site\\\/?p=1320#article\",\"isPartOf\":{\"@id\":\"https:\\\/\\\/www.andandonagraca.org\\\/site\\\/?p=1320\"},\"author\":{\"name\":\"Pr. Jonas Santana\",\"@id\":\"https:\\\/\\\/www.andandonagraca.org\\\/site\\\/#\\\/schema\\\/person\\\/225d0dedb572d4570a947397af2606ed\"},\"headline\":\"Justi\u00e7a de Deus\",\"datePublished\":\"2013-05-20T10:45:50+00:00\",\"dateModified\":\"2021-01-28T00:58:25+00:00\",\"mainEntityOfPage\":{\"@id\":\"https:\\\/\\\/www.andandonagraca.org\\\/site\\\/?p=1320\"},\"wordCount\":421,\"commentCount\":0,\"image\":{\"@id\":\"https:\\\/\\\/www.andandonagraca.org\\\/site\\\/?p=1320#primaryimage\"},\"thumbnailUrl\":\"https:\\\/\\\/www.andandonagraca.org\\\/site\\\/wp-content\\\/uploads\\\/2013\\\/05\\\/Justice+judge+gavel.jpg\",\"keywords\":[\"evangelho\",\"reino\",\"ren\u00fancia\"],\"articleSection\":[\"Gra\u00e7a\"],\"inLanguage\":\"pt-BR\",\"potentialAction\":[{\"@type\":\"CommentAction\",\"name\":\"Comment\",\"target\":[\"https:\\\/\\\/www.andandonagraca.org\\\/site\\\/?p=1320#respond\"]}]},{\"@type\":\"WebPage\",\"@id\":\"https:\\\/\\\/www.andandonagraca.org\\\/site\\\/?p=1320\",\"url\":\"https:\\\/\\\/www.andandonagraca.org\\\/site\\\/?p=1320\",\"name\":\"Justi\u00e7a de Deus - Pr. Jonas Santana\",\"isPartOf\":{\"@id\":\"https:\\\/\\\/www.andandonagraca.org\\\/site\\\/#website\"},\"primaryImageOfPage\":{\"@id\":\"https:\\\/\\\/www.andandonagraca.org\\\/site\\\/?p=1320#primaryimage\"},\"image\":{\"@id\":\"https:\\\/\\\/www.andandonagraca.org\\\/site\\\/?p=1320#primaryimage\"},\"thumbnailUrl\":\"https:\\\/\\\/www.andandonagraca.org\\\/site\\\/wp-content\\\/uploads\\\/2013\\\/05\\\/Justice+judge+gavel.jpg\",\"datePublished\":\"2013-05-20T10:45:50+00:00\",\"dateModified\":\"2021-01-28T00:58:25+00:00\",\"author\":{\"@id\":\"https:\\\/\\\/www.andandonagraca.org\\\/site\\\/#\\\/schema\\\/person\\\/225d0dedb572d4570a947397af2606ed\"},\"breadcrumb\":{\"@id\":\"https:\\\/\\\/www.andandonagraca.org\\\/site\\\/?p=1320#breadcrumb\"},\"inLanguage\":\"pt-BR\",\"potentialAction\":[{\"@type\":\"ReadAction\",\"target\":[\"https:\\\/\\\/www.andandonagraca.org\\\/site\\\/?p=1320\"]}]},{\"@type\":\"ImageObject\",\"inLanguage\":\"pt-BR\",\"@id\":\"https:\\\/\\\/www.andandonagraca.org\\\/site\\\/?p=1320#primaryimage\",\"url\":\"https:\\\/\\\/www.andandonagraca.org\\\/site\\\/wp-content\\\/uploads\\\/2013\\\/05\\\/Justice+judge+gavel.jpg\",\"contentUrl\":\"https:\\\/\\\/www.andandonagraca.org\\\/site\\\/wp-content\\\/uploads\\\/2013\\\/05\\\/Justice+judge+gavel.jpg\",\"width\":320,\"height\":320},{\"@type\":\"BreadcrumbList\",\"@id\":\"https:\\\/\\\/www.andandonagraca.org\\\/site\\\/?p=1320#breadcrumb\",\"itemListElement\":[{\"@type\":\"ListItem\",\"position\":1,\"name\":\"In\u00edcio\",\"item\":\"https:\\\/\\\/www.andandonagraca.org\\\/site\"},{\"@type\":\"ListItem\",\"position\":2,\"name\":\"Justi\u00e7a de Deus\"}]},{\"@type\":\"WebSite\",\"@id\":\"https:\\\/\\\/www.andandonagraca.org\\\/site\\\/#website\",\"url\":\"https:\\\/\\\/www.andandonagraca.org\\\/site\\\/\",\"name\":\"Pr. Jonas Santana\",\"description\":\"ANDANDO NA GRA\u00c7A - AEMSF\",\"potentialAction\":[{\"@type\":\"SearchAction\",\"target\":{\"@type\":\"EntryPoint\",\"urlTemplate\":\"https:\\\/\\\/www.andandonagraca.org\\\/site\\\/?s={search_term_string}\"},\"query-input\":{\"@type\":\"PropertyValueSpecification\",\"valueRequired\":true,\"valueName\":\"search_term_string\"}}],\"inLanguage\":\"pt-BR\"},{\"@type\":\"Person\",\"@id\":\"https:\\\/\\\/www.andandonagraca.org\\\/site\\\/#\\\/schema\\\/person\\\/225d0dedb572d4570a947397af2606ed\",\"name\":\"Pr. Jonas Santana\",\"image\":{\"@type\":\"ImageObject\",\"inLanguage\":\"pt-BR\",\"@id\":\"https:\\\/\\\/secure.gravatar.com\\\/avatar\\\/7f463b781f71522d52f2ff3dae3592f9f7b0e24187fc413b95cd3efa8429de28?s=96&d=mm&r=g\",\"url\":\"https:\\\/\\\/secure.gravatar.com\\\/avatar\\\/7f463b781f71522d52f2ff3dae3592f9f7b0e24187fc413b95cd3efa8429de28?s=96&d=mm&r=g\",\"contentUrl\":\"https:\\\/\\\/secure.gravatar.com\\\/avatar\\\/7f463b781f71522d52f2ff3dae3592f9f7b0e24187fc413b95cd3efa8429de28?s=96&d=mm&r=g\",\"caption\":\"Pr. Jonas Santana\"},\"description\":\"Pastor, pesquisador b\u00edblico, pregador do Evangelho do Reino A fidelidade requer que entreguemos o evangelho sob todos os \u00e2ngulos, sem omitir nada e sem exagerar em nada. Para isto requer-se muita sabedoria. Nosso desejo \u00e9 compartilhar a sabedoria do Reino de Deus a todos aqueles que o desejam de todo o cora\u00e7\u00e3o.\",\"sameAs\":[\"https:\\\/\\\/www.andandonagraca.org\",\"https:\\\/\\\/www.facebook.com\\\/andandonagraca\",\"https:\\\/\\\/www.instagram.com\\\/andandonagraca\\\/\",\"https:\\\/\\\/www.youtube.com\\\/@andandonagraca\",\"https:\\\/\\\/podcasters.spotify.com\\\/pod\\\/show\\\/andandonagraca\\\/\"],\"url\":\"https:\\\/\\\/www.andandonagraca.org\\\/site\\\/?author=1\"}]}<\/script>\n<!-- \/ Yoast SEO plugin. -->","yoast_head_json":{"title":"Justi\u00e7a de Deus - Pr. Jonas Santana","robots":{"index":"index","follow":"follow","max-snippet":"max-snippet:-1","max-image-preview":"max-image-preview:large","max-video-preview":"max-video-preview:-1"},"canonical":"https:\/\/www.andandonagraca.org\/site\/?p=1320","og_locale":"pt_BR","og_type":"article","og_title":"Justi\u00e7a de Deus - Pr. Jonas Santana","og_description":"Mas buscai primeiro o Reino de Deus, e a sua justi\u00e7a, e todas essas coisas vos ser\u00e3o acrescentadas.","og_url":"https:\/\/www.andandonagraca.org\/site\/?p=1320","og_site_name":"Pr. Jonas Santana","article_publisher":"https:\/\/www.facebook.com\/andandonagraca","article_author":"https:\/\/www.facebook.com\/andandonagraca","article_published_time":"2013-05-20T10:45:50+00:00","article_modified_time":"2021-01-28T00:58:25+00:00","og_image":[{"width":320,"height":320,"url":"https:\/\/www.andandonagraca.org\/site\/wp-content\/uploads\/2013\/05\/Justice+judge+gavel.jpg","type":"image\/jpeg"}],"author":"Pr. Jonas Santana","twitter_card":"summary_large_image","twitter_misc":{"Escrito por":"Pr. Jonas Santana","Est. tempo de leitura":"2 minutos"},"schema":{"@context":"https:\/\/schema.org","@graph":[{"@type":"Article","@id":"https:\/\/www.andandonagraca.org\/site\/?p=1320#article","isPartOf":{"@id":"https:\/\/www.andandonagraca.org\/site\/?p=1320"},"author":{"name":"Pr. Jonas Santana","@id":"https:\/\/www.andandonagraca.org\/site\/#\/schema\/person\/225d0dedb572d4570a947397af2606ed"},"headline":"Justi\u00e7a de Deus","datePublished":"2013-05-20T10:45:50+00:00","dateModified":"2021-01-28T00:58:25+00:00","mainEntityOfPage":{"@id":"https:\/\/www.andandonagraca.org\/site\/?p=1320"},"wordCount":421,"commentCount":0,"image":{"@id":"https:\/\/www.andandonagraca.org\/site\/?p=1320#primaryimage"},"thumbnailUrl":"https:\/\/www.andandonagraca.org\/site\/wp-content\/uploads\/2013\/05\/Justice+judge+gavel.jpg","keywords":["evangelho","reino","ren\u00fancia"],"articleSection":["Gra\u00e7a"],"inLanguage":"pt-BR","potentialAction":[{"@type":"CommentAction","name":"Comment","target":["https:\/\/www.andandonagraca.org\/site\/?p=1320#respond"]}]},{"@type":"WebPage","@id":"https:\/\/www.andandonagraca.org\/site\/?p=1320","url":"https:\/\/www.andandonagraca.org\/site\/?p=1320","name":"Justi\u00e7a de Deus - Pr. Jonas Santana","isPartOf":{"@id":"https:\/\/www.andandonagraca.org\/site\/#website"},"primaryImageOfPage":{"@id":"https:\/\/www.andandonagraca.org\/site\/?p=1320#primaryimage"},"image":{"@id":"https:\/\/www.andandonagraca.org\/site\/?p=1320#primaryimage"},"thumbnailUrl":"https:\/\/www.andandonagraca.org\/site\/wp-content\/uploads\/2013\/05\/Justice+judge+gavel.jpg","datePublished":"2013-05-20T10:45:50+00:00","dateModified":"2021-01-28T00:58:25+00:00","author":{"@id":"https:\/\/www.andandonagraca.org\/site\/#\/schema\/person\/225d0dedb572d4570a947397af2606ed"},"breadcrumb":{"@id":"https:\/\/www.andandonagraca.org\/site\/?p=1320#breadcrumb"},"inLanguage":"pt-BR","potentialAction":[{"@type":"ReadAction","target":["https:\/\/www.andandonagraca.org\/site\/?p=1320"]}]},{"@type":"ImageObject","inLanguage":"pt-BR","@id":"https:\/\/www.andandonagraca.org\/site\/?p=1320#primaryimage","url":"https:\/\/www.andandonagraca.org\/site\/wp-content\/uploads\/2013\/05\/Justice+judge+gavel.jpg","contentUrl":"https:\/\/www.andandonagraca.org\/site\/wp-content\/uploads\/2013\/05\/Justice+judge+gavel.jpg","width":320,"height":320},{"@type":"BreadcrumbList","@id":"https:\/\/www.andandonagraca.org\/site\/?p=1320#breadcrumb","itemListElement":[{"@type":"ListItem","position":1,"name":"In\u00edcio","item":"https:\/\/www.andandonagraca.org\/site"},{"@type":"ListItem","position":2,"name":"Justi\u00e7a de Deus"}]},{"@type":"WebSite","@id":"https:\/\/www.andandonagraca.org\/site\/#website","url":"https:\/\/www.andandonagraca.org\/site\/","name":"Pr. Jonas Santana","description":"ANDANDO NA GRA\u00c7A - AEMSF","potentialAction":[{"@type":"SearchAction","target":{"@type":"EntryPoint","urlTemplate":"https:\/\/www.andandonagraca.org\/site\/?s={search_term_string}"},"query-input":{"@type":"PropertyValueSpecification","valueRequired":true,"valueName":"search_term_string"}}],"inLanguage":"pt-BR"},{"@type":"Person","@id":"https:\/\/www.andandonagraca.org\/site\/#\/schema\/person\/225d0dedb572d4570a947397af2606ed","name":"Pr. Jonas Santana","image":{"@type":"ImageObject","inLanguage":"pt-BR","@id":"https:\/\/secure.gravatar.com\/avatar\/7f463b781f71522d52f2ff3dae3592f9f7b0e24187fc413b95cd3efa8429de28?s=96&d=mm&r=g","url":"https:\/\/secure.gravatar.com\/avatar\/7f463b781f71522d52f2ff3dae3592f9f7b0e24187fc413b95cd3efa8429de28?s=96&d=mm&r=g","contentUrl":"https:\/\/secure.gravatar.com\/avatar\/7f463b781f71522d52f2ff3dae3592f9f7b0e24187fc413b95cd3efa8429de28?s=96&d=mm&r=g","caption":"Pr. Jonas Santana"},"description":"Pastor, pesquisador b\u00edblico, pregador do Evangelho do Reino A fidelidade requer que entreguemos o evangelho sob todos os \u00e2ngulos, sem omitir nada e sem exagerar em nada. Para isto requer-se muita sabedoria. Nosso desejo \u00e9 compartilhar a sabedoria do Reino de Deus a todos aqueles que o desejam de todo o cora\u00e7\u00e3o.","sameAs":["https:\/\/www.andandonagraca.org","https:\/\/www.facebook.com\/andandonagraca","https:\/\/www.instagram.com\/andandonagraca\/","https:\/\/www.youtube.com\/@andandonagraca","https:\/\/podcasters.spotify.com\/pod\/show\/andandonagraca\/"],"url":"https:\/\/www.andandonagraca.org\/site\/?author=1"}]}},"_links":{"self":[{"href":"https:\/\/www.andandonagraca.org\/site\/index.php?rest_route=\/wp\/v2\/posts\/1320","targetHints":{"allow":["GET"]}}],"collection":[{"href":"https:\/\/www.andandonagraca.org\/site\/index.php?rest_route=\/wp\/v2\/posts"}],"about":[{"href":"https:\/\/www.andandonagraca.org\/site\/index.php?rest_route=\/wp\/v2\/types\/post"}],"author":[{"embeddable":true,"href":"https:\/\/www.andandonagraca.org\/site\/index.php?rest_route=\/wp\/v2\/users\/1"}],"replies":[{"embeddable":true,"href":"https:\/\/www.andandonagraca.org\/site\/index.php?rest_route=%2Fwp%2Fv2%2Fcomments&post=1320"}],"version-history":[{"count":0,"href":"https:\/\/www.andandonagraca.org\/site\/index.php?rest_route=\/wp\/v2\/posts\/1320\/revisions"}],"wp:featuredmedia":[{"embeddable":true,"href":"https:\/\/www.andandonagraca.org\/site\/index.php?rest_route=\/wp\/v2\/media\/1413"}],"wp:attachment":[{"href":"https:\/\/www.andandonagraca.org\/site\/index.php?rest_route=%2Fwp%2Fv2%2Fmedia&parent=1320"}],"wp:term":[{"taxonomy":"category","embeddable":true,"href":"https:\/\/www.andandonagraca.org\/site\/index.php?rest_route=%2Fwp%2Fv2%2Fcategories&post=1320"},{"taxonomy":"post_tag","embeddable":true,"href":"https:\/\/www.andandonagraca.org\/site\/index.php?rest_route=%2Fwp%2Fv2%2Ftags&post=1320"}],"curies":[{"name":"wp","href":"https:\/\/api.w.org\/{rel}","templated":true}]}}