{"id":1391,"date":"2014-01-27T17:33:10","date_gmt":"2014-01-27T20:33:10","guid":{"rendered":"https:\/\/www.afimdeproclamar.com\/site\/?p=1391"},"modified":"2019-03-06T17:33:29","modified_gmt":"2019-03-06T20:33:29","slug":"estado-geral-de-algumas-denominacoes","status":"publish","type":"post","link":"https:\/\/www.andandonagraca.org\/site\/?p=1391","title":{"rendered":"Estado geral das denomina\u00e7\u00f5es"},"content":{"rendered":"<p style=\"text-align: justify;\">O pecado grassa as fronteiras de certas denomina\u00e7\u00f5es (porque me recuso a chamar igreja a isso que est\u00e1 por ai &#8211; mesmo que haja uma diferen\u00e7a entre igreja e Igreja, <!--more-->a qual n\u00e3o vou abordar aqui):\u00a0adult\u00e9rio, fornica\u00e7\u00e3o, trai\u00e7\u00f5es, roubos, enganos, trapa\u00e7as e etc&#8230;<\/p>\n<p style=\"text-align: justify;\">Casamentos s\u00e3o destru\u00eddos as centenas, mulheres traindo o marido, marido traindo a mulher, filhos com falta de referencia em meio a toda essa confus\u00e3o&#8230; Pode-se dizer que est\u00e1 havendo um assassinato dos casamentos, sim, a palavra \u00e9 dura mais \u00e9 essa mesma, pois a institui\u00e7\u00e3o criada e aben\u00e7oada por Deus tem sido dizimada. As trocas de casais viraram moda e s\u00e3o aceitas normalmente pela lideran\u00e7a, porque entre esses h\u00e1 tamb\u00e9m quem trocou o seu c\u00f4njuge&#8230;<\/p>\n<p style=\"text-align: justify;\">Enquanto isso a lideran\u00e7a dessas denomina\u00e7\u00f5es:<\/p>\n<ol>\n<li style=\"text-align: justify;\">Brinca aos eventos, shows, galas, festas disso e daquilo, congresso de n\u00e3o sei o que, dando puro entretenimento ao povo&#8230;<\/li>\n<li style=\"text-align: justify;\"><span style=\"line-height: 1.5em;\">Orienta o povo a enriquecer, a amontoar tesouros e mais tesouros na terra, e quanto mais t\u00eam mais querem amealhar&#8230;<\/span><\/li>\n<li style=\"text-align: justify;\">Perde tempo com bobagens, se embara\u00e7ando com neg\u00f3cios dessa vida, \u00a0pensando em como ficar cada vez mais ricos, em como obter mais poder, em como obter mais reconhecimento&#8230;<\/li>\n<li style=\"text-align: justify;\">Est\u00e1 muita ocupada com projetos, com planilhas, com viagens.<\/li>\n<li style=\"text-align: justify;\">Brinca ao lan\u00e7ar maldi\u00e7\u00f5es sobre aqueles que n\u00e3o se conformam com tanta apostasia&#8230;<\/li>\n<li style=\"text-align: justify;\">Perde tempo ao promover a denomina\u00e7\u00e3o, em edificar cada vez mais pr\u00e9dios suntuosos e luxuosos, que nunca termina e quando est\u00e1 prestes a terminar muda o projeto para ter mais obras e consequentemente gastar mais dinheiro, exigindo sacrif\u00edcios do povo para alimentar as megalomanias. Brinca de construir e depois de constru\u00eddo partir paredes novamente.<\/li>\n<li style=\"text-align: justify;\">Exibe carros de luxos, casas enormes obtidas as custas das ofertas&#8230;<\/li>\n<\/ol>\n<p style=\"text-align: justify;\">Apesar de haver os descontentes, h\u00e1 uma comodidade, uma sonol\u00eancia, um &#8220;deixa andar&#8221;&#8230; Por essa causa muitos est\u00e3o apostatando da f\u00e9, o amor de outros est\u00e1 esfriando, mente cauterizada, cora\u00e7\u00e3o endurecido, o pecado deixou de ser pecado e a mentira passou a ser aceita como verdade.\u00a0Milhares e milhares de pessoas caminham a passos largos para o inferno.<\/p>\n<p style=\"text-align: justify;\">Esse quadro \u00e9 real, sim, mas chegou a hora daqueles que s\u00e3o verdadeiramente servos de Deus e que n\u00e3o se conformam e nem s\u00e3o coniventes com o estado em que se encontra a igreja:<\/p>\n<p>&#8211; levantar sobre os seus p\u00e9s<br \/>\n&#8211; ser ministro e testemunha do Evangelho<br \/>\n&#8211; lan\u00e7ar novamente os fundamentos<br \/>\n&#8211; reparar o que se partiu<br \/>\n&#8211; restaurar os caminhos antigos<br \/>\n&#8211; levar a Luz do Evangelho ao povo que est\u00e1 em trevas<br \/>\n&#8211; levar a Palavra de Arrependimento<br \/>\n&#8211; abrir os olhos aos cegos<\/p>\n<p>Isa\u00edas 58:11-12<\/p>\n<p style=\"padding-left: 60px;\">E o Senhor te guiar\u00e1 continuamente, e fartar\u00e1 a tua alma em lugares secos, e fortificar\u00e1 teus ossos;<br \/>\ne ser\u00e1s como um jardim regado e como um manancial cujas \u00e1guas nunca faltam.<br \/>\nE os que de ti procederem edificar\u00e3o os lugares antigamente assolados;<br \/>\ne levantar\u00e1s os fundamentos de gera\u00e7\u00e3o em gera\u00e7\u00e3o,<br \/>\ne chamar-te-\u00e3o reparador das roturas e restaurador de veredas para morar.<\/p>\n<p>Mateus 4:15-17<\/p>\n<p style=\"padding-left: 60px;\">A terra de Zebulom e a terra de Naftali, junto ao caminho do mar, al\u00e9m do Jord\u00e3o, a Galil\u00e9ia das na\u00e7\u00f5es,<br \/>\no povo que estava assentado em trevas viu uma grande luz;<br \/>\ne aos que estavam assentados na regi\u00e3o e sombra da morte a luz raiou.<br \/>\nDesde ent\u00e3o, come\u00e7ou Jesus a pregar e a dizer:<br \/>\nArrependei-vos, porque \u00e9 chegado o Reino dos c\u00e9us.<\/p>\n<p>Atos 26:16-19<\/p>\n<p style=\"padding-left: 60px;\">Mas levanta-te e p\u00f5e-te sobre teus p\u00e9s,<br \/>\nporque te apareci por isto,<br \/>\npara te p\u00f4r por ministro e testemunha tanto das coisas que tens visto como daquelas pelas quais te aparecerei ainda,<br \/>\nlivrando-te deste povo e dos gentios, a quem agora te envio,<br \/>\npara lhes abrires os olhos e das trevas os converteres \u00e0 luz<br \/>\ne do poder de Satan\u00e1s a Deus,<br \/>\na fim de que recebam a remiss\u00e3o dos pecados e sorte entre os santificados pela f\u00e9 em mim.<br \/>\nPelo que, \u00f3 rei Agripa, n\u00e3o fui desobediente \u00e0 vis\u00e3o celestial.<\/p>\n<p style=\"text-align: justify;\">E enquanto isso&#8230;<\/p>\n<p style=\"text-align: justify;\">Pastores, verdadeiros homens de Deus, que possuem a chamada de Deus para pastorear, para aperfei\u00e7oar os santos conforme Ef\u00e9sios 4, est\u00e3o lutando no dia a dia para cumprirem a sua miss\u00e3o.\u00a0Dispostos a ir independente de pais, prov\u00edncia ou estado, ou mesmo cidade&#8230;<\/p>\n<p style=\"text-align: justify;\">Irm\u00e3os clamam dia e noite para que o Senhor envie pastores comprometidos com a Palavra para os pastorearem&#8230;<\/p>\n<p style=\"text-align: justify;\">Pessoas clamam para que lhe preguem o Evangelho, lhe apresentem a salva\u00e7\u00e3o<\/p>\n<p>Que falta de vis\u00e3o&#8230;<\/p>\n<p>Das pessoas que perdem tempo e n\u00e3o investem de fato no Reino de Deus.<\/p>\n<p style=\"text-align: justify;\">Desses certos pastores que s\u00f3 investem em sua denomina\u00e7\u00e3o e n\u00e3o investem no Reino de Deus<\/p>\n<p style=\"text-align: justify;\">Daqueles que acham que o Reino de Deus \u00e9 lugar para concorr\u00eancia de denomina\u00e7\u00f5es<\/p>\n<p style=\"text-align: justify;\">\u00c9 claro que nem todos tem chamada para ir, alguns tem chamada para ficar:\u00a0Jerusal\u00e9m, Judeia, Samaria e Confins da Terra<\/p>\n<p style=\"text-align: justify;\">Voc\u00ea que fica em Jerusal\u00e9m e que no m\u00e1ximo vai a Jud\u00e9ia, ajude quem vai a Samaria, coopere com quem vai aos Confins da Terra<\/p>\n<p style=\"text-align: justify;\">Alargue a vis\u00e3o, ore como Jabes:\u00a01Cr 4:10<\/p>\n<p style=\"text-align: justify; padding-left: 60px;\">&#8220;Jabez invocou o Deus de Israel, dizendo:<br \/>\nOh! Que me aben\u00e7oes e me alargues as fronteiras,<br \/>\nque seja comigo a tua m\u00e3o e me preserves do mal,<br \/>\nde modo que n\u00e3o me sobrevenha afli\u00e7\u00e3o!<br \/>\nE Deus lhe concedeu o que lhe tinha pedido\u201d.<\/p>\n<p style=\"text-align: justify;\">A voc\u00ea que recebeu uma ordem de Deus para ajudar e abrir portas para que o Evangelho seja anunciado em sua Na\u00e7\u00e3o, Prov\u00edncia (Estado), Cidade&#8230; est\u00e1 esperando o que? O que est\u00e1 fazendo? Por que n\u00e3o cumpre a ordem de Deus?<\/p>\n<p style=\"text-align: justify;\">Lembre-se que a vida de outros est\u00e1 interligado com a sua, dependendo da sua movimenta\u00e7\u00e3o&#8230;<\/p>\n<p style=\"text-align: justify;\">\u00c9 hora de edificarmos o Reino de Deus e tirarmos milhares e milhares do inferno<\/p>\n","protected":false},"excerpt":{"rendered":"<p>O pecado grassa as fronteiras de certas denomina\u00e7\u00f5es (porque me recuso a chamar igreja a isso que est\u00e1<\/p>\n","protected":false},"author":1,"featured_media":3483,"comment_status":"open","ping_status":"open","sticky":false,"template":"","format":"standard","meta":{"footnotes":""},"categories":[8],"tags":[24,17],"class_list":["post-1391","post","type-post","status-publish","format-standard","has-post-thumbnail","hentry","category-lideranca","tag-apostasia","tag-autoridade"],"yoast_head":"<!-- This site is optimized with the Yoast SEO plugin v27.5 - https:\/\/yoast.com\/product\/yoast-seo-wordpress\/ -->\n<title>Estado geral das denomina\u00e7\u00f5es - Pr. Jonas Santana<\/title>\n<meta name=\"robots\" content=\"index, follow, max-snippet:-1, max-image-preview:large, max-video-preview:-1\" \/>\n<link rel=\"canonical\" href=\"https:\/\/www.andandonagraca.org\/site\/?p=1391\" \/>\n<meta property=\"og:locale\" content=\"pt_BR\" \/>\n<meta property=\"og:type\" content=\"article\" \/>\n<meta property=\"og:title\" content=\"Estado geral das denomina\u00e7\u00f5es - Pr. Jonas Santana\" \/>\n<meta property=\"og:description\" content=\"O pecado grassa as fronteiras de certas denomina\u00e7\u00f5es (porque me recuso a chamar igreja a isso que est\u00e1\" \/>\n<meta property=\"og:url\" content=\"https:\/\/www.andandonagraca.org\/site\/?p=1391\" \/>\n<meta property=\"og:site_name\" content=\"Pr. Jonas Santana\" \/>\n<meta property=\"article:publisher\" content=\"https:\/\/www.facebook.com\/andandonagraca\" \/>\n<meta property=\"article:author\" content=\"https:\/\/www.facebook.com\/andandonagraca\" \/>\n<meta property=\"article:published_time\" content=\"2014-01-27T20:33:10+00:00\" \/>\n<meta property=\"article:modified_time\" content=\"2019-03-06T20:33:29+00:00\" \/>\n<meta property=\"og:image\" content=\"https:\/\/www.andandonagraca.org\/site\/wp-content\/uploads\/2014\/01\/people.gif\" \/>\n\t<meta property=\"og:image:width\" content=\"600\" \/>\n\t<meta property=\"og:image:height\" content=\"400\" \/>\n\t<meta property=\"og:image:type\" content=\"image\/gif\" \/>\n<meta name=\"author\" content=\"Pr. Jonas Santana\" \/>\n<meta name=\"twitter:card\" content=\"summary_large_image\" \/>\n<meta name=\"twitter:label1\" content=\"Escrito por\" \/>\n\t<meta name=\"twitter:data1\" content=\"Pr. Jonas Santana\" \/>\n\t<meta name=\"twitter:label2\" content=\"Est. tempo de leitura\" \/>\n\t<meta name=\"twitter:data2\" content=\"5 minutos\" \/>\n<script type=\"application\/ld+json\" class=\"yoast-schema-graph\">{\"@context\":\"https:\\\/\\\/schema.org\",\"@graph\":[{\"@type\":\"Article\",\"@id\":\"https:\\\/\\\/www.andandonagraca.org\\\/site\\\/?p=1391#article\",\"isPartOf\":{\"@id\":\"https:\\\/\\\/www.andandonagraca.org\\\/site\\\/?p=1391\"},\"author\":{\"name\":\"Pr. Jonas Santana\",\"@id\":\"https:\\\/\\\/www.andandonagraca.org\\\/site\\\/#\\\/schema\\\/person\\\/225d0dedb572d4570a947397af2606ed\"},\"headline\":\"Estado geral das denomina\u00e7\u00f5es\",\"datePublished\":\"2014-01-27T20:33:10+00:00\",\"dateModified\":\"2019-03-06T20:33:29+00:00\",\"mainEntityOfPage\":{\"@id\":\"https:\\\/\\\/www.andandonagraca.org\\\/site\\\/?p=1391\"},\"wordCount\":1017,\"commentCount\":0,\"image\":{\"@id\":\"https:\\\/\\\/www.andandonagraca.org\\\/site\\\/?p=1391#primaryimage\"},\"thumbnailUrl\":\"https:\\\/\\\/www.andandonagraca.org\\\/site\\\/wp-content\\\/uploads\\\/2014\\\/01\\\/people.gif\",\"keywords\":[\"apostasia\",\"autoridade\"],\"articleSection\":[\"An\u00e1lise da Igreja Moderna &amp; sua Lideran\u00e7a\"],\"inLanguage\":\"pt-BR\",\"potentialAction\":[{\"@type\":\"CommentAction\",\"name\":\"Comment\",\"target\":[\"https:\\\/\\\/www.andandonagraca.org\\\/site\\\/?p=1391#respond\"]}]},{\"@type\":\"WebPage\",\"@id\":\"https:\\\/\\\/www.andandonagraca.org\\\/site\\\/?p=1391\",\"url\":\"https:\\\/\\\/www.andandonagraca.org\\\/site\\\/?p=1391\",\"name\":\"Estado geral das denomina\u00e7\u00f5es - Pr. Jonas Santana\",\"isPartOf\":{\"@id\":\"https:\\\/\\\/www.andandonagraca.org\\\/site\\\/#website\"},\"primaryImageOfPage\":{\"@id\":\"https:\\\/\\\/www.andandonagraca.org\\\/site\\\/?p=1391#primaryimage\"},\"image\":{\"@id\":\"https:\\\/\\\/www.andandonagraca.org\\\/site\\\/?p=1391#primaryimage\"},\"thumbnailUrl\":\"https:\\\/\\\/www.andandonagraca.org\\\/site\\\/wp-content\\\/uploads\\\/2014\\\/01\\\/people.gif\",\"datePublished\":\"2014-01-27T20:33:10+00:00\",\"dateModified\":\"2019-03-06T20:33:29+00:00\",\"author\":{\"@id\":\"https:\\\/\\\/www.andandonagraca.org\\\/site\\\/#\\\/schema\\\/person\\\/225d0dedb572d4570a947397af2606ed\"},\"breadcrumb\":{\"@id\":\"https:\\\/\\\/www.andandonagraca.org\\\/site\\\/?p=1391#breadcrumb\"},\"inLanguage\":\"pt-BR\",\"potentialAction\":[{\"@type\":\"ReadAction\",\"target\":[\"https:\\\/\\\/www.andandonagraca.org\\\/site\\\/?p=1391\"]}]},{\"@type\":\"ImageObject\",\"inLanguage\":\"pt-BR\",\"@id\":\"https:\\\/\\\/www.andandonagraca.org\\\/site\\\/?p=1391#primaryimage\",\"url\":\"https:\\\/\\\/www.andandonagraca.org\\\/site\\\/wp-content\\\/uploads\\\/2014\\\/01\\\/people.gif\",\"contentUrl\":\"https:\\\/\\\/www.andandonagraca.org\\\/site\\\/wp-content\\\/uploads\\\/2014\\\/01\\\/people.gif\",\"width\":600,\"height\":400},{\"@type\":\"BreadcrumbList\",\"@id\":\"https:\\\/\\\/www.andandonagraca.org\\\/site\\\/?p=1391#breadcrumb\",\"itemListElement\":[{\"@type\":\"ListItem\",\"position\":1,\"name\":\"In\u00edcio\",\"item\":\"https:\\\/\\\/www.andandonagraca.org\\\/site\"},{\"@type\":\"ListItem\",\"position\":2,\"name\":\"Estado geral das denomina\u00e7\u00f5es\"}]},{\"@type\":\"WebSite\",\"@id\":\"https:\\\/\\\/www.andandonagraca.org\\\/site\\\/#website\",\"url\":\"https:\\\/\\\/www.andandonagraca.org\\\/site\\\/\",\"name\":\"Pr. Jonas Santana\",\"description\":\"ANDANDO NA GRA\u00c7A - AEMSF\",\"potentialAction\":[{\"@type\":\"SearchAction\",\"target\":{\"@type\":\"EntryPoint\",\"urlTemplate\":\"https:\\\/\\\/www.andandonagraca.org\\\/site\\\/?s={search_term_string}\"},\"query-input\":{\"@type\":\"PropertyValueSpecification\",\"valueRequired\":true,\"valueName\":\"search_term_string\"}}],\"inLanguage\":\"pt-BR\"},{\"@type\":\"Person\",\"@id\":\"https:\\\/\\\/www.andandonagraca.org\\\/site\\\/#\\\/schema\\\/person\\\/225d0dedb572d4570a947397af2606ed\",\"name\":\"Pr. Jonas Santana\",\"image\":{\"@type\":\"ImageObject\",\"inLanguage\":\"pt-BR\",\"@id\":\"https:\\\/\\\/secure.gravatar.com\\\/avatar\\\/7f463b781f71522d52f2ff3dae3592f9f7b0e24187fc413b95cd3efa8429de28?s=96&d=mm&r=g\",\"url\":\"https:\\\/\\\/secure.gravatar.com\\\/avatar\\\/7f463b781f71522d52f2ff3dae3592f9f7b0e24187fc413b95cd3efa8429de28?s=96&d=mm&r=g\",\"contentUrl\":\"https:\\\/\\\/secure.gravatar.com\\\/avatar\\\/7f463b781f71522d52f2ff3dae3592f9f7b0e24187fc413b95cd3efa8429de28?s=96&d=mm&r=g\",\"caption\":\"Pr. Jonas Santana\"},\"description\":\"Pastor, pesquisador b\u00edblico, pregador do Evangelho do Reino A fidelidade requer que entreguemos o evangelho sob todos os \u00e2ngulos, sem omitir nada e sem exagerar em nada. Para isto requer-se muita sabedoria. Nosso desejo \u00e9 compartilhar a sabedoria do Reino de Deus a todos aqueles que o desejam de todo o cora\u00e7\u00e3o.\",\"sameAs\":[\"https:\\\/\\\/www.andandonagraca.org\",\"https:\\\/\\\/www.facebook.com\\\/andandonagraca\",\"https:\\\/\\\/www.instagram.com\\\/andandonagraca\\\/\",\"https:\\\/\\\/www.youtube.com\\\/@andandonagraca\",\"https:\\\/\\\/podcasters.spotify.com\\\/pod\\\/show\\\/andandonagraca\\\/\"],\"url\":\"https:\\\/\\\/www.andandonagraca.org\\\/site\\\/?author=1\"}]}<\/script>\n<!-- \/ Yoast SEO plugin. -->","yoast_head_json":{"title":"Estado geral das denomina\u00e7\u00f5es - Pr. Jonas Santana","robots":{"index":"index","follow":"follow","max-snippet":"max-snippet:-1","max-image-preview":"max-image-preview:large","max-video-preview":"max-video-preview:-1"},"canonical":"https:\/\/www.andandonagraca.org\/site\/?p=1391","og_locale":"pt_BR","og_type":"article","og_title":"Estado geral das denomina\u00e7\u00f5es - Pr. Jonas Santana","og_description":"O pecado grassa as fronteiras de certas denomina\u00e7\u00f5es (porque me recuso a chamar igreja a isso que est\u00e1","og_url":"https:\/\/www.andandonagraca.org\/site\/?p=1391","og_site_name":"Pr. Jonas Santana","article_publisher":"https:\/\/www.facebook.com\/andandonagraca","article_author":"https:\/\/www.facebook.com\/andandonagraca","article_published_time":"2014-01-27T20:33:10+00:00","article_modified_time":"2019-03-06T20:33:29+00:00","og_image":[{"width":600,"height":400,"url":"https:\/\/www.andandonagraca.org\/site\/wp-content\/uploads\/2014\/01\/people.gif","type":"image\/gif"}],"author":"Pr. Jonas Santana","twitter_card":"summary_large_image","twitter_misc":{"Escrito por":"Pr. Jonas Santana","Est. tempo de leitura":"5 minutos"},"schema":{"@context":"https:\/\/schema.org","@graph":[{"@type":"Article","@id":"https:\/\/www.andandonagraca.org\/site\/?p=1391#article","isPartOf":{"@id":"https:\/\/www.andandonagraca.org\/site\/?p=1391"},"author":{"name":"Pr. Jonas Santana","@id":"https:\/\/www.andandonagraca.org\/site\/#\/schema\/person\/225d0dedb572d4570a947397af2606ed"},"headline":"Estado geral das denomina\u00e7\u00f5es","datePublished":"2014-01-27T20:33:10+00:00","dateModified":"2019-03-06T20:33:29+00:00","mainEntityOfPage":{"@id":"https:\/\/www.andandonagraca.org\/site\/?p=1391"},"wordCount":1017,"commentCount":0,"image":{"@id":"https:\/\/www.andandonagraca.org\/site\/?p=1391#primaryimage"},"thumbnailUrl":"https:\/\/www.andandonagraca.org\/site\/wp-content\/uploads\/2014\/01\/people.gif","keywords":["apostasia","autoridade"],"articleSection":["An\u00e1lise da Igreja Moderna &amp; sua Lideran\u00e7a"],"inLanguage":"pt-BR","potentialAction":[{"@type":"CommentAction","name":"Comment","target":["https:\/\/www.andandonagraca.org\/site\/?p=1391#respond"]}]},{"@type":"WebPage","@id":"https:\/\/www.andandonagraca.org\/site\/?p=1391","url":"https:\/\/www.andandonagraca.org\/site\/?p=1391","name":"Estado geral das denomina\u00e7\u00f5es - Pr. Jonas Santana","isPartOf":{"@id":"https:\/\/www.andandonagraca.org\/site\/#website"},"primaryImageOfPage":{"@id":"https:\/\/www.andandonagraca.org\/site\/?p=1391#primaryimage"},"image":{"@id":"https:\/\/www.andandonagraca.org\/site\/?p=1391#primaryimage"},"thumbnailUrl":"https:\/\/www.andandonagraca.org\/site\/wp-content\/uploads\/2014\/01\/people.gif","datePublished":"2014-01-27T20:33:10+00:00","dateModified":"2019-03-06T20:33:29+00:00","author":{"@id":"https:\/\/www.andandonagraca.org\/site\/#\/schema\/person\/225d0dedb572d4570a947397af2606ed"},"breadcrumb":{"@id":"https:\/\/www.andandonagraca.org\/site\/?p=1391#breadcrumb"},"inLanguage":"pt-BR","potentialAction":[{"@type":"ReadAction","target":["https:\/\/www.andandonagraca.org\/site\/?p=1391"]}]},{"@type":"ImageObject","inLanguage":"pt-BR","@id":"https:\/\/www.andandonagraca.org\/site\/?p=1391#primaryimage","url":"https:\/\/www.andandonagraca.org\/site\/wp-content\/uploads\/2014\/01\/people.gif","contentUrl":"https:\/\/www.andandonagraca.org\/site\/wp-content\/uploads\/2014\/01\/people.gif","width":600,"height":400},{"@type":"BreadcrumbList","@id":"https:\/\/www.andandonagraca.org\/site\/?p=1391#breadcrumb","itemListElement":[{"@type":"ListItem","position":1,"name":"In\u00edcio","item":"https:\/\/www.andandonagraca.org\/site"},{"@type":"ListItem","position":2,"name":"Estado geral das denomina\u00e7\u00f5es"}]},{"@type":"WebSite","@id":"https:\/\/www.andandonagraca.org\/site\/#website","url":"https:\/\/www.andandonagraca.org\/site\/","name":"Pr. Jonas Santana","description":"ANDANDO NA GRA\u00c7A - AEMSF","potentialAction":[{"@type":"SearchAction","target":{"@type":"EntryPoint","urlTemplate":"https:\/\/www.andandonagraca.org\/site\/?s={search_term_string}"},"query-input":{"@type":"PropertyValueSpecification","valueRequired":true,"valueName":"search_term_string"}}],"inLanguage":"pt-BR"},{"@type":"Person","@id":"https:\/\/www.andandonagraca.org\/site\/#\/schema\/person\/225d0dedb572d4570a947397af2606ed","name":"Pr. Jonas Santana","image":{"@type":"ImageObject","inLanguage":"pt-BR","@id":"https:\/\/secure.gravatar.com\/avatar\/7f463b781f71522d52f2ff3dae3592f9f7b0e24187fc413b95cd3efa8429de28?s=96&d=mm&r=g","url":"https:\/\/secure.gravatar.com\/avatar\/7f463b781f71522d52f2ff3dae3592f9f7b0e24187fc413b95cd3efa8429de28?s=96&d=mm&r=g","contentUrl":"https:\/\/secure.gravatar.com\/avatar\/7f463b781f71522d52f2ff3dae3592f9f7b0e24187fc413b95cd3efa8429de28?s=96&d=mm&r=g","caption":"Pr. Jonas Santana"},"description":"Pastor, pesquisador b\u00edblico, pregador do Evangelho do Reino A fidelidade requer que entreguemos o evangelho sob todos os \u00e2ngulos, sem omitir nada e sem exagerar em nada. Para isto requer-se muita sabedoria. Nosso desejo \u00e9 compartilhar a sabedoria do Reino de Deus a todos aqueles que o desejam de todo o cora\u00e7\u00e3o.","sameAs":["https:\/\/www.andandonagraca.org","https:\/\/www.facebook.com\/andandonagraca","https:\/\/www.instagram.com\/andandonagraca\/","https:\/\/www.youtube.com\/@andandonagraca","https:\/\/podcasters.spotify.com\/pod\/show\/andandonagraca\/"],"url":"https:\/\/www.andandonagraca.org\/site\/?author=1"}]}},"_links":{"self":[{"href":"https:\/\/www.andandonagraca.org\/site\/index.php?rest_route=\/wp\/v2\/posts\/1391","targetHints":{"allow":["GET"]}}],"collection":[{"href":"https:\/\/www.andandonagraca.org\/site\/index.php?rest_route=\/wp\/v2\/posts"}],"about":[{"href":"https:\/\/www.andandonagraca.org\/site\/index.php?rest_route=\/wp\/v2\/types\/post"}],"author":[{"embeddable":true,"href":"https:\/\/www.andandonagraca.org\/site\/index.php?rest_route=\/wp\/v2\/users\/1"}],"replies":[{"embeddable":true,"href":"https:\/\/www.andandonagraca.org\/site\/index.php?rest_route=%2Fwp%2Fv2%2Fcomments&post=1391"}],"version-history":[{"count":0,"href":"https:\/\/www.andandonagraca.org\/site\/index.php?rest_route=\/wp\/v2\/posts\/1391\/revisions"}],"wp:featuredmedia":[{"embeddable":true,"href":"https:\/\/www.andandonagraca.org\/site\/index.php?rest_route=\/wp\/v2\/media\/3483"}],"wp:attachment":[{"href":"https:\/\/www.andandonagraca.org\/site\/index.php?rest_route=%2Fwp%2Fv2%2Fmedia&parent=1391"}],"wp:term":[{"taxonomy":"category","embeddable":true,"href":"https:\/\/www.andandonagraca.org\/site\/index.php?rest_route=%2Fwp%2Fv2%2Fcategories&post=1391"},{"taxonomy":"post_tag","embeddable":true,"href":"https:\/\/www.andandonagraca.org\/site\/index.php?rest_route=%2Fwp%2Fv2%2Ftags&post=1391"}],"curies":[{"name":"wp","href":"https:\/\/api.w.org\/{rel}","templated":true}]}}