{"id":162,"date":"2008-07-15T18:49:10","date_gmt":"2008-07-15T20:49:10","guid":{"rendered":"https:\/\/www.afimdeproclamar.com\/site\/?p=162"},"modified":"2014-08-30T13:27:50","modified_gmt":"2014-08-30T16:27:50","slug":"evangelho-dos-judas","status":"publish","type":"post","link":"https:\/\/www.andandonagraca.org\/site\/?p=162","title":{"rendered":"Evangelho &#8220;dos Judas&#8221;"},"content":{"rendered":"<p style=\"text-align: justify;\">Este t\u00edtulo n\u00e3o tem nada haver com o livro que foi editado recentemente. Mas t\u00eam haver com o evangelho pregado pelos Judas em nossos dias, um evangelho baseado nas riquezas terrenas em detrimento as riquezas celestiais. <!--more-->Tem haver com os pregadores que por onde passam deixam um arrast\u00e3o de destrui\u00e7\u00e3o pior que os fura\u00e7\u00f5es. Tem haver com a explora\u00e7\u00e3o demasiada destes mesmos pregadores, no que se refere a dinheiro, na explora\u00e7\u00e3o demasiada do seu povo simplesmente porque estes pregadores precisam alimentar o seu luxo pessoal: carros, mans\u00f5es, avi\u00f5es particulares, j\u00f3ias, etc. Tem haver com o povo que est\u00e1 perecendo por falta de conhecimento, pela falta de vis\u00e3o, pois este povo \u00e9 subjugado por seus l\u00edderes que o amea\u00e7a com maldi\u00e7\u00f5es, mortes, etc. Tem haver com a divis\u00e3o desenfreada das igrejas, pois grandes minist\u00e9rios est\u00e3o se dividindo em outros pequenos minist\u00e9rios, e alguns &#8220;descobriram&#8221; que prega\u00e7\u00e3o do &#8220;Evangelho&#8221; \u00e9 um meio rent\u00e1vel para viver. Tem haver com fam\u00edlias que est\u00e3o sendo destru\u00eddas por um evangelho mentiroso, nojento, sujo, que admite o div\u00f3rcio e a conseq\u00fcente troca do c\u00f4njuge como se Deus aprovasse isso. Como se fosse poss\u00edvel Deus ir contra a Sua Palavra. (Sl. 138:2 -&#8230;pois engrandeceste a tua palavra acima de todo o teu nome). Tem haver com a mudan\u00e7a de vida que foi substitu\u00edda por uma mudan\u00e7a superficial, um evangelho na positiva, o qual nunca confronta os seus ouvintes com medo de perder a arrecada\u00e7\u00e3o financeira.<\/p>\n<p style=\"text-align: justify;\">Judas foi um disc\u00edpulo de Jesus. Considerado entre os doze. Era o tesoureiro do minist\u00e9rio de Jesus. Estava entre os doze, vivia entre eles, comia com eles, viajava com eles, ouvia as palavras de Jesus, provavelmente fez sinais e prod\u00edgios quando foi enviado por Jesus, chegou a receber virtude e poder sobre todos os dem\u00f4nios e para curar enfermidades (Lc. 9:1,2). Em todos os aspectos era um disc\u00edpulo de Jesus, ou um Ap\u00f3stolo de Jesus. Mas a todo o tempo permanecia em seu cora\u00e7\u00e3o o amor pelo dinheiro, o amor pela riqueza. I Tm. 6:10<\/p>\n<p style=\"text-align: justify;\">Certa vez uma mulher deitou aos p\u00e9s de Jesus um ung\u00fcento caro e Judas reclamou manifestando o seu desagrado por aquele ato dizendo o perfume poderia ter sido vendido e o dinheiro dados aos pobres. Jo\u00e3o revelou a sua real inten\u00e7\u00e3o em seu livro no Cap\u00edtulo 12 v. 6.<\/p>\n<p style=\"text-align: justify;\">Este mesmo Judas vendo e ouvindo tudo o que Jesus fazia e dizia n\u00e3o teve temor, traindo a Jesus por 30 moedas de prata.<\/p>\n<p style=\"text-align: justify;\">Nota &#8211; veja esta nota da B\u00edblia Online (SBB):<\/p>\n<blockquote style=\"text-align: justify;\">\n<blockquote>\n<blockquote><p>MOEDA DE PRATA<\/p>\n<p>Tetradracma, que valia quatro DRACMAS {Mt. 26.15}.<\/p>\n<p>Calculando-se que um diarista ganhe dez d\u00f3lares por dia, Jesus foi vendido por 1200 d\u00f3lares, que era o pre\u00e7o de um escravo {\u00cax. 21.32}.<\/p><\/blockquote>\n<\/blockquote>\n<\/blockquote>\n<p style=\"text-align: justify;\">Quantos \u201cparentes\u201d de Judas existem em nossos dias, liderando denomina\u00e7\u00f5es, fazendo da casa de Deus covis de ladr\u00f5es. Mt. 21:13; Mc. 11:17.<\/p>\n<p style=\"text-align: justify;\">Quantos esc\u00e2ndalos s\u00e3o noticiados com toda \u00eanfase por televis\u00f5es e jornais seculares, que buscam este tipo de informa\u00e7\u00e3o para difamarem os crist\u00e3os. Por qu\u00ea? Porque as denomina\u00e7\u00f5es e seus l\u00edderes abrem brechas.<\/p>\n<p style=\"text-align: justify;\">H\u00e1 uma ostenta\u00e7\u00e3o exacerbada em nossos dias de riquezas, de roupas caras, rel\u00f3gios de ouro, mans\u00f5es hollywoodianas, avi\u00f5es a jato car\u00edssimos. Se ouve falar em compras de iates luxuosos.\u00a0 \u00c9 interessante porque o avi\u00e3o, que normalmente leva v\u00e1rios passageiros, \u00e9 usado exclusivamente para levar a fam\u00edlia do l\u00edder m\u00e1ximo ou Ap\u00f3stolo, n\u00e3o importa o t\u00edtulo.<\/p>\n<p style=\"text-align: justify;\">Se todos os coment\u00e1rios sobre as extravag\u00e2ncias de alguns l\u00edderes evang\u00e9licos por este mundo afora\u00a0 forem verdadeiros,\u00a0 ent\u00e3o poderemos confirmar que a &#8220;igreja&#8221; se afastou do seu verdadeiro sentido e de sua verdadeira chamada.<\/p>\n<p style=\"text-align: justify;\">Acho interessante que eles dizem que Deus lhes deu um projeto, que Deus lhes mandou fazer alguma coisa; ora, se Deus mandou que se fizesse alguma coisa n\u00e3o seria evidente que Ele enviaria recursos de alguma maneira? O que fazer? Se Deus deu o projeto certamente Ele enviar\u00e1 os recursos, talvez at\u00e9 usando os irm\u00e3os. Mas como o projeto \u00e9 de Deus os meios que Ele vai usar s\u00e3o de responsabilidade Dele. Ent\u00e3o \u00e9 necess\u00e1rio esperar em f\u00e9 o tempo necess\u00e1rio. Mas \u00e9 o que vemos? Com certeza n\u00e3o!<\/p>\n<p style=\"text-align: justify;\">Iniciam um processo desenfreado de pedir dinheiro, a torto e a direito. Os pastores locais s\u00e3o for\u00e7ados a coletarem mais dinheiro, a dar al\u00e9m do habitual, o que \u00e9 normal em todas as igrejas que possuem congrega\u00e7\u00f5es, d\u00edzimos e ofertas, ainda precisam dar comparticipa\u00e7\u00f5es, ofertas especiais, ofertas extras, e ent\u00e3o vem um processo de press\u00e3o psicol\u00f3gica para o aumento das finan\u00e7as, uma press\u00e3o desenfreada do uso da f\u00e9 para arrecada\u00e7\u00e3o de dinheiro. As salva\u00e7\u00f5es n\u00e3o tem mais valor e se uma igreja local n\u00e3o der \u201clucro\u201d \u00e9 fechada, o povo que se vire a busca de outro local para reuni\u00f5es, ou mesmo de outra denomina\u00e7\u00e3o.<\/p>\n<p style=\"text-align: justify;\">O povo \u00e9 instru\u00eddo a viver com simplicidade para ofertar mais. Os pastores locais s\u00e3o orientados a viver pela f\u00e9, de uma maneira muito simples, para n\u00e3o onerar a congrega\u00e7\u00e3o local, desta forma poder\u00e3o dar mais dinheiro \u00e0 igreja matriz. Isto vira um ciclo intermin\u00e1vel. Os l\u00edderes m\u00e1ximos jamais diminuem seu padr\u00e3o de vida, pelo contr\u00e1rio, aumentam cada vez mais.<\/p>\n<p style=\"text-align: justify;\">Os tele-evangelistas dizem que Deus os colocou ali, mas gastam boa parte do tempo de antena\u00a0 pedindo dinheiro para pagar o programa. Pessoas s\u00e3o orientadas a contrair d\u00edvidas usando o seu cart\u00e3o de cr\u00e9dito, ou fazendo carn\u00eas com nomes de personagens b\u00edblicos, ou solicitando um boleto como patrocinadores, entre outras coisas, s\u00e3o orientadas a gastar mais e mais e a se endividar para sustentar estes minist\u00e9rios. N\u00e3o estou falando acerca de d\u00edzimos e ofertas, os quais devem ser \u201cobriga\u00e7\u00e3o\u201d de todo verdadeiro crist\u00e3o, estou falando dos excessos criados por certos minist\u00e9rios para a arrecada\u00e7\u00e3o desenfreada de dinheiro.<\/p>\n<p style=\"text-align: justify;\">Se o destino do dinheiro arrecadado fosse semelhante \u00e0 Igreja Primitiva, onde n\u00e3o havia necessitados e tudo era em comum, que ben\u00e7\u00e3o seria. Como seria bom se pud\u00e9ssemos voltar aos tempos da Igreja do I S\u00e9culo. Mas com certeza a dist\u00e2ncia entre a igreja do XXI S\u00e9culo e a igreja do I S\u00e9culo \u00e9 gigantesca. N\u00e3o h\u00e1 semelhan\u00e7as.<\/p>\n<p style=\"text-align: justify;\">At. 2:42-47 &#8211; Este \u00e9 o modelo de Igreja ideal.<\/p>\n<p style=\"text-align: justify;\">At. 3:6 &#8211; Diferen\u00e7a entre os ap\u00f3stolos atuais e os ap\u00f3stolos da igreja primitiva.<\/p>\n<p style=\"text-align: justify;\">\u00c9 necess\u00e1rio ter depend\u00eancia do Esp\u00edrito Santo, uma f\u00e9 inabal\u00e1vel que Deus suprir\u00e1 todas as necessidades &#8211; Fp. 4:19.<\/p>\n<p style=\"text-align: justify;\">Muitos l\u00edderes utilizam vers\u00edculos para refor\u00e7ar a arrecada\u00e7\u00e3o de ofertas extras, especiais, etc&#8230; E porque a Palavra de Deus \u00e9 verdadeira para todo aquele que nela crer, tamb\u00e9m \u00e9 verdadeira e funcionar\u00e1 se estes l\u00edderes crerem mais nesta Palavra e deixarem de usar estes m\u00e9todos de explora\u00e7\u00e3o que tanto o mundo recrimina e que acarreta em muitas pessoas uma repulsa \u00e0 prega\u00e7\u00e3o do Evangelho.<\/p>\n<p style=\"text-align: justify;\">Ao lermos jornais do Brasil, Portugal, Angola, Estados Unidos, n\u00e3o importa o pa\u00eds, vez por outra, surgem mat\u00e9rias mostrando a ostenta\u00e7\u00e3o e riqueza de certos l\u00edderes evang\u00e9licos, trazendo esc\u00e2ndalo a causa do Evangelho.<\/p>\n<p style=\"text-align: justify;\">Muitos querem se comparar ao papa, ou mesmo a traficantes, dizendo que se eles t\u00eam riquezas e todos os meios dispon\u00edveis \u00e0 sua causa, porque os crist\u00e3os tamb\u00e9m n\u00e3o podem t\u00ea-los? Seria muito bom que os crist\u00e3os tivessem os meios necess\u00e1rios para pregar o Evangelho, o que n\u00e3o est\u00e1 correto \u00e9 que numa institui\u00e7\u00e3o onde exista milhares de pessoas trabalhando para o mesmo fim apenas um homem e sua fam\u00edlia usufruam de toda a riqueza obtida e outros muitas vezes vivem numa penumbra que at\u00e9 mencionar d\u00f3i. Ou, ainda, que pr\u00e9dios sejam fechados porque os pastores n\u00e3o atingiram alvos financeiros, porque n\u00e3o se auto-sustentam. Conhe\u00e7o in\u00fameros de pessoas que perderam a sua f\u00e9, porque o local onde se reuniam foi fechado simplesmente porque a arrecada\u00e7\u00e3o financeira da igreja local era insuficiente face \u00e0s despesas.<\/p>\n<p style=\"text-align: justify;\">Outras ainda s\u00e3o obrigadas a fazer bazar de roupas usadas para poderem se sustentar e pagar o aluguel do pr\u00e9dio, porque a sede, ou matriz, ou administra\u00e7\u00e3o central n\u00e3o complementa o que for necess\u00e1rio. Assim as roupas que deveriam ser doadas para as pessoas mais carentes s\u00e3o vendidas para poderem ajudar a custear as despesas, enquanto os l\u00edderes m\u00e1ximos gastam milhares de reais, ou d\u00f3lares, em seus luxos pessoais: viagens de f\u00e9rias, hot\u00e9is 5 estrelas, e outros caprichos que nem valem a pena mencionar de t\u00e3o s\u00f3rdidos que s\u00e3o.<\/p>\n<p style=\"text-align: justify;\">Estes homens deixam de ser homens de Deus, ap\u00f3stolos de Jesus Cristo e passam a ser verdadeiros homens de neg\u00f3cios, tratando igrejas e pessoas como bens e mercadorias que tem pre\u00e7o.<\/p>\n<p style=\"text-align: justify;\">O alerta de Jesus Cristo (Mt. 21:13; Mc. 11:17) continua t\u00e3o v\u00e1lido hoje como no dia em que foi feito.<\/p>\n<p style=\"text-align: justify;\">O fim de Judas foi muito triste, traiu o Salvador do mundo, traiu seus companheiros de minist\u00e9rio, perdeu sua salva\u00e7\u00e3o, foi tomado por Satan\u00e1s e foi condenado eternamente ao inferno. Vendeu o seu Senhor por 30 moedas de pratas.<\/p>\n<p style=\"text-align: justify;\">Quantos hoje n\u00e3o t\u00eam vendido o Senhor, por algumas moedas de pratas, ou mesmo por alguns milhares de d\u00f3lares.<\/p>\n<p style=\"text-align: justify;\">Quando, um dia, chegarem diante do Senhor a prestar constas dos seus atos ficar\u00e3o surpresos com o veredicto de Jesus Cristo: Mt. 7:21-23<\/p>\n<p style=\"text-align: justify;\">Vidas s\u00e3o trocadas por dinheiro. H\u00e1 minist\u00e9rios, n\u00e3o vou citar nomes por quest\u00e3o de \u00e9tica, que s\u00e3o verdadeiros arrast\u00f5es. Por onde passam deixam um rastro de destrui\u00e7\u00e3o indescrit\u00edvel. E por n\u00e3o poderem voltar onde passaram procuram novas na\u00e7\u00f5es para provocar a mesma coisa que fizeram anteriormente.<\/p>\n<p style=\"text-align: justify;\">Mt. 7:20 \u2013 \u201cPortanto, pelos seus frutos os conhecereis\u201d.<\/p>\n<p style=\"text-align: justify;\">Atente ao alerta de Jesus Cristo, veja a motiva\u00e7\u00e3o destes lideres, analise tudo de acordo com a Palavra de Deus. N\u00e3o pere\u00e7a porque lhe faltou vis\u00e3o ou conhecimento. Leia a Palavra de Deus. Cuidado com promessas de enriquecimento r\u00e1pido, com promessas que tudo vai melhorar.<\/p>\n<p style=\"text-align: justify;\">O Evangelho pregado por Judas sempre vai melhorar, haver\u00e1 riquezas, haver\u00e1 abund\u00e2ncia, mostra sempre um excesso de riquezas, testemunhos de pessoas que nada tinham e de repente est\u00e3o milion\u00e1rios. Vi muitos testemunhos assim, pessoas conhecidas na TV dando testemunhos de enriquecimento porque fizeram isso ou aquilo, mas na realidade o testemunho era falso, pois estas pessoas est\u00e3o numa situa\u00e7\u00e3o financeira terr\u00edvel. Cuidado!<\/p>\n<p style=\"text-align: justify;\">A B\u00edblia diz em Mt. 6:19-20 &#8211; N\u00e3o ajunteis tesouros na terra, onde a tra\u00e7a e a ferrugem tudo consomem, e onde os ladr\u00f5es minam e roubam. Mas ajuntai tesouros no c\u00e9u, onde nem a tra\u00e7a nem a ferrugem consomem, e onde os ladr\u00f5es n\u00e3o minam, nem roubam.<\/p>\n<p style=\"text-align: justify;\">E mais em Mt. 6:21 &#8211; Porque onde estiver o vosso tesouro, a\u00ed estar\u00e1 tamb\u00e9m o vosso cora\u00e7\u00e3o.<\/p>\n<p style=\"text-align: justify;\">Muitos pessoas v\u00eaem no evangelho uma possibilidade de enriquecemento e de barganhas com Deus. Por isso muitos h\u00e1 que aproveitem desta gan\u00e2ncia para atrair a si este povo com promessas tiradas de meia d\u00fazia de vers\u00edculos, baseados numa orat\u00f3ria perfeita, fazendo verdadeiras fortunas com promessas que jamais ser\u00e3o cumpridas.<\/p>\n<p style=\"text-align: justify;\">Em todo o tempo \u00e9 preciso separar o verdadeiro do falso. E \u00e9 somente atrav\u00e9s da Palavra de Deus que teremos meios de descobrir o que \u00e9 verdadeiro e falso.<\/p>\n<p style=\"text-align: justify;\">O verdadeiro Evangelho traz liberta\u00e7\u00e3o, cura, prosperidade. Mas prosperidade n\u00e3o quer dizer necessariamente ter riquezas, pois \u00e9 ter todas as necessidades supridas pelo poder de Deus, ou seja, pela f\u00e9. E para isso n\u00e3o tem que fazer barganhas ou fazer carnes disto ou daquilo.<\/p>\n<p style=\"text-align: justify;\">Os meios que Deus instituiu para os seus filhos est\u00e3o muito bem descritos em sua Palavra. Na realidade tudo \u00e9 de Deus, tudo pertence a Ele, e \u00e9 assim que deve ser, somos apenas mordomos do que pertence a Deus. Por isso precisamos ser bons administradores. Um bom administrador consegue distinguir entre quem \u00e9 confi\u00e1vel e quem quer apenas apropriar do que n\u00e3o lhe \u00e9 devido. D\u00edzimos (Ml. 3:10), ofertas (Mt. 2:11; Fp. 4:18) s\u00e3o meios institu\u00eddos por Deus para que a Sua obra possa ser feita, possa ser suprida. Devolvemos parte daquilo que Deus nos deu para administrar, n\u00e3o por gan\u00e2ncia ou porque iremos receber alguma coisa de volta, mas damos por amor a Jesus e ao Evangelho.<\/p>\n<p style=\"text-align: justify;\">Mc. 10:29-30 &#8211; Isto tudo \u00e9 por amor, s\u00e3o d\u00e1divas de amor. N\u00e3o \u00e9 uma aplica\u00e7\u00e3o, como num banco, damos porque amamos o evangelho e queremos que vidas sejam salvas, arrancadas do inferno. O dinheiro dado a Igreja sustenta a obra, sustenta os obreiros (digno \u00e9 o obreiro do seu sal\u00e1rio), sustenta mission\u00e1rios, paga alugu\u00e9is de sal\u00f5es, \u00e1gua, luz, telefone, etc&#8230; \u00c9 para que a obra se propague e cres\u00e7a.<\/p>\n<p style=\"text-align: justify;\">Agora quando vemos excessos dos l\u00edderes, carros de 100.000 d\u00f3lares, casas 3.000.000 de d\u00f3lares, avi\u00f5es custando milh\u00f5es de d\u00f3lares, e por ai afora alguma coisa est\u00e1 errada.<\/p>\n<p style=\"text-align: justify;\">\u201cA igreja hoje est\u00e1 trabalhando com todos os seus recursos para este fim e para este prop\u00f3sito? Se estiver, certamente n\u00e3o caber\u00e1 o ac\u00famulo ego\u00edstico de propriedades e riquezas al\u00e9m do que realmente precisamos\u201d. Ser\u00e1 que em nossos dias cabe a constru\u00e7\u00e3o de catedrais, ser\u00e1 que em nossos dias cabe a constru\u00e7\u00e3o de mans\u00f5es para alguns pastores, ser\u00e1 que em nossos dias cabe o ego\u00edsmo? Todos os recursos devem ser empregados para a salva\u00e7\u00e3o de vidas, para o treinamento de obreiros e para o envio deles aos quatro cantos desta terra.<\/p>\n<p style=\"text-align: justify;\">A igreja \u00e9 um conjunto de pessoas, composta por uma lideran\u00e7a m\u00faltipla, n\u00e3o \u00e9 propriedade de uma pessoa, nem deve estar sobre apenas um l\u00edder supremo. Sim, o \u00fanico L\u00edder Supremo da Igreja e Senhor \u00e9 Jesus Cristo e n\u00e3o um homem! Porque se este homem errar toda a igreja ir\u00e1 sofrer. Normalmente esses Judas tornam-se verdadeiros ditadores e n\u00e3o aceitam a corre\u00e7\u00e3o de ningu\u00e9m. Comparam-se a Mois\u00e9s, um libertador, assim todos aqueles que lhes s\u00e3o contr\u00e1rios est\u00e3o sujeitos as pragas do Egito. Mais uma vez, Cuidado! Mois\u00e9s \u00e9 uma figura de Jesus Cristo. Foi escolhido por Deus como libertador de Israel: \u00cax. 33:11; Dt. 34:10.<\/p>\n<p style=\"text-align: justify;\">Precisamos ter muito cuidado com excessos, pois, muitos em seus excessos t\u00eam causado grande dano \u00e0 causa de Cristo, provocando esc\u00e2ndalos e afastando muitos do caminho do Senhor.<\/p>\n<p style=\"text-align: justify;\">Nenhum destes que se assemelham a Mois\u00e9s podem realmente faz\u00ea-lo. Mois\u00e9s n\u00e3o fazia nada por si mesmo, nem tomava decis\u00f5es sozinho. Ele ouvia a Deus em primeiro lugar, pois Deus lhe falava face a face, havia um tratamento diferente entre Deus e Mois\u00e9s. Hoje temos a palavra de Deus (a B\u00edblia), temos o Esp\u00edrito Santo que fala de diferentes maneiras a diferentes tipos de pessoas. Mas ningu\u00e9m pode dizer que est\u00e1 diante de Deus como Mois\u00e9s, pois a pr\u00f3pria B\u00edblia diz que nunca mais ouve outro como ele.<\/p>\n<p style=\"text-align: justify;\">Os Judas para justificarem seus excessos dizem que s\u00e3o pessoas com uma chamada especial de Deus, e como s\u00e3o bons em convencer outros, durante anos conseguem obter \u00eaxito. Mas quando s\u00e3o confrontados, ou mesmo quando s\u00e3o requeridos por causa de sua riqueza pessoal, adquirida pelas ofertas recebidas do povo de Deus, alegam persegui\u00e7\u00e3o religiosa.<\/p>\n<p style=\"text-align: justify;\">Quando Davi pecou, Deus lhe deu escolhas: Cair nas m\u00e3os dos seus inimigos, ou ser punido pelo pr\u00f3prio Deus. Davi escolheu ser punido pelo pr\u00f3prio Deus, pois sabia de Sua miseric\u00f3rdia. Cair nas m\u00e3os de seus inimigos seria o seu fim, pois eles n\u00e3o lhe poupariam. Judas caiu nas m\u00e3os dos inimigos e eles n\u00e3o o pouparam.<\/p>\n<p style=\"text-align: justify;\">Se estes homens n\u00e3o se arrependerem dos seus pecados, de sua maneira de viver, deixando de aproveitar as oportunidades que Deus tem dado em sua miseric\u00f3rdia, poder\u00e1 n\u00e3o haver mais chances quando ca\u00edrem nas m\u00e3os dos inimigos. (Hb. 3:15).<\/p>\n<p style=\"text-align: justify;\">Deus tem enviado a Sua Palavra, dando tempo a que todos se arrependam dos seus pecados e tenham a sua vida transformada pelo Seu poder.<\/p>\n<p style=\"text-align: justify;\">Que Deus tenha miseric\u00f3rdia!<\/p>\n<p style=\"text-align: justify;\">Ao Senhor seja a Gl\u00f3ria!<\/p>\n","protected":false},"excerpt":{"rendered":"<p>Este t\u00edtulo n\u00e3o tem nada haver com o livro que foi editado recentemente. Mas t\u00eam haver com o<\/p>\n","protected":false},"author":1,"featured_media":1496,"comment_status":"open","ping_status":"open","sticky":false,"template":"","format":"standard","meta":{"footnotes":""},"categories":[8],"tags":[24],"class_list":["post-162","post","type-post","status-publish","format-standard","has-post-thumbnail","hentry","category-lideranca","tag-apostasia"],"yoast_head":"<!-- This site is optimized with the Yoast SEO plugin v27.5 - https:\/\/yoast.com\/product\/yoast-seo-wordpress\/ -->\n<title>Evangelho &quot;dos Judas&quot; - Pr. Jonas Santana<\/title>\n<meta name=\"robots\" content=\"index, follow, max-snippet:-1, max-image-preview:large, max-video-preview:-1\" \/>\n<link rel=\"canonical\" href=\"https:\/\/www.andandonagraca.org\/site\/?p=162\" \/>\n<meta property=\"og:locale\" content=\"pt_BR\" \/>\n<meta property=\"og:type\" content=\"article\" \/>\n<meta property=\"og:title\" content=\"Evangelho &quot;dos Judas&quot; - Pr. Jonas Santana\" \/>\n<meta property=\"og:description\" content=\"Este t\u00edtulo n\u00e3o tem nada haver com o livro que foi editado recentemente. Mas t\u00eam haver com o\" \/>\n<meta property=\"og:url\" content=\"https:\/\/www.andandonagraca.org\/site\/?p=162\" \/>\n<meta property=\"og:site_name\" content=\"Pr. Jonas Santana\" \/>\n<meta property=\"article:publisher\" content=\"https:\/\/www.facebook.com\/andandonagraca\" \/>\n<meta property=\"article:author\" content=\"https:\/\/www.facebook.com\/andandonagraca\" \/>\n<meta property=\"article:published_time\" content=\"2008-07-15T20:49:10+00:00\" \/>\n<meta property=\"article:modified_time\" content=\"2014-08-30T16:27:50+00:00\" \/>\n<meta property=\"og:image\" content=\"https:\/\/www.andandonagraca.org\/site\/wp-content\/uploads\/2008\/07\/images.jpeg\" \/>\n\t<meta property=\"og:image:width\" content=\"320\" \/>\n\t<meta property=\"og:image:height\" content=\"320\" \/>\n\t<meta property=\"og:image:type\" content=\"image\/jpeg\" \/>\n<meta name=\"author\" content=\"Pr. Jonas Santana\" \/>\n<meta name=\"twitter:card\" content=\"summary_large_image\" \/>\n<meta name=\"twitter:label1\" content=\"Escrito por\" \/>\n\t<meta name=\"twitter:data1\" content=\"Pr. Jonas Santana\" \/>\n\t<meta name=\"twitter:label2\" content=\"Est. tempo de leitura\" \/>\n\t<meta name=\"twitter:data2\" content=\"14 minutos\" \/>\n<script type=\"application\/ld+json\" class=\"yoast-schema-graph\">{\"@context\":\"https:\\\/\\\/schema.org\",\"@graph\":[{\"@type\":\"Article\",\"@id\":\"https:\\\/\\\/www.andandonagraca.org\\\/site\\\/?p=162#article\",\"isPartOf\":{\"@id\":\"https:\\\/\\\/www.andandonagraca.org\\\/site\\\/?p=162\"},\"author\":{\"name\":\"Pr. Jonas Santana\",\"@id\":\"https:\\\/\\\/www.andandonagraca.org\\\/site\\\/#\\\/schema\\\/person\\\/225d0dedb572d4570a947397af2606ed\"},\"headline\":\"Evangelho &#8220;dos Judas&#8221;\",\"datePublished\":\"2008-07-15T20:49:10+00:00\",\"dateModified\":\"2014-08-30T16:27:50+00:00\",\"mainEntityOfPage\":{\"@id\":\"https:\\\/\\\/www.andandonagraca.org\\\/site\\\/?p=162\"},\"wordCount\":2820,\"commentCount\":0,\"image\":{\"@id\":\"https:\\\/\\\/www.andandonagraca.org\\\/site\\\/?p=162#primaryimage\"},\"thumbnailUrl\":\"https:\\\/\\\/www.andandonagraca.org\\\/site\\\/wp-content\\\/uploads\\\/2008\\\/07\\\/images.jpeg\",\"keywords\":[\"apostasia\"],\"articleSection\":[\"An\u00e1lise da Igreja Moderna &amp; sua Lideran\u00e7a\"],\"inLanguage\":\"pt-BR\",\"potentialAction\":[{\"@type\":\"CommentAction\",\"name\":\"Comment\",\"target\":[\"https:\\\/\\\/www.andandonagraca.org\\\/site\\\/?p=162#respond\"]}]},{\"@type\":\"WebPage\",\"@id\":\"https:\\\/\\\/www.andandonagraca.org\\\/site\\\/?p=162\",\"url\":\"https:\\\/\\\/www.andandonagraca.org\\\/site\\\/?p=162\",\"name\":\"Evangelho \\\"dos Judas\\\" - Pr. Jonas Santana\",\"isPartOf\":{\"@id\":\"https:\\\/\\\/www.andandonagraca.org\\\/site\\\/#website\"},\"primaryImageOfPage\":{\"@id\":\"https:\\\/\\\/www.andandonagraca.org\\\/site\\\/?p=162#primaryimage\"},\"image\":{\"@id\":\"https:\\\/\\\/www.andandonagraca.org\\\/site\\\/?p=162#primaryimage\"},\"thumbnailUrl\":\"https:\\\/\\\/www.andandonagraca.org\\\/site\\\/wp-content\\\/uploads\\\/2008\\\/07\\\/images.jpeg\",\"datePublished\":\"2008-07-15T20:49:10+00:00\",\"dateModified\":\"2014-08-30T16:27:50+00:00\",\"author\":{\"@id\":\"https:\\\/\\\/www.andandonagraca.org\\\/site\\\/#\\\/schema\\\/person\\\/225d0dedb572d4570a947397af2606ed\"},\"breadcrumb\":{\"@id\":\"https:\\\/\\\/www.andandonagraca.org\\\/site\\\/?p=162#breadcrumb\"},\"inLanguage\":\"pt-BR\",\"potentialAction\":[{\"@type\":\"ReadAction\",\"target\":[\"https:\\\/\\\/www.andandonagraca.org\\\/site\\\/?p=162\"]}]},{\"@type\":\"ImageObject\",\"inLanguage\":\"pt-BR\",\"@id\":\"https:\\\/\\\/www.andandonagraca.org\\\/site\\\/?p=162#primaryimage\",\"url\":\"https:\\\/\\\/www.andandonagraca.org\\\/site\\\/wp-content\\\/uploads\\\/2008\\\/07\\\/images.jpeg\",\"contentUrl\":\"https:\\\/\\\/www.andandonagraca.org\\\/site\\\/wp-content\\\/uploads\\\/2008\\\/07\\\/images.jpeg\",\"width\":320,\"height\":320},{\"@type\":\"BreadcrumbList\",\"@id\":\"https:\\\/\\\/www.andandonagraca.org\\\/site\\\/?p=162#breadcrumb\",\"itemListElement\":[{\"@type\":\"ListItem\",\"position\":1,\"name\":\"In\u00edcio\",\"item\":\"https:\\\/\\\/www.andandonagraca.org\\\/site\"},{\"@type\":\"ListItem\",\"position\":2,\"name\":\"Evangelho &#8220;dos Judas&#8221;\"}]},{\"@type\":\"WebSite\",\"@id\":\"https:\\\/\\\/www.andandonagraca.org\\\/site\\\/#website\",\"url\":\"https:\\\/\\\/www.andandonagraca.org\\\/site\\\/\",\"name\":\"Pr. Jonas Santana\",\"description\":\"ANDANDO NA GRA\u00c7A - AEMSF\",\"potentialAction\":[{\"@type\":\"SearchAction\",\"target\":{\"@type\":\"EntryPoint\",\"urlTemplate\":\"https:\\\/\\\/www.andandonagraca.org\\\/site\\\/?s={search_term_string}\"},\"query-input\":{\"@type\":\"PropertyValueSpecification\",\"valueRequired\":true,\"valueName\":\"search_term_string\"}}],\"inLanguage\":\"pt-BR\"},{\"@type\":\"Person\",\"@id\":\"https:\\\/\\\/www.andandonagraca.org\\\/site\\\/#\\\/schema\\\/person\\\/225d0dedb572d4570a947397af2606ed\",\"name\":\"Pr. Jonas Santana\",\"image\":{\"@type\":\"ImageObject\",\"inLanguage\":\"pt-BR\",\"@id\":\"https:\\\/\\\/secure.gravatar.com\\\/avatar\\\/7f463b781f71522d52f2ff3dae3592f9f7b0e24187fc413b95cd3efa8429de28?s=96&d=mm&r=g\",\"url\":\"https:\\\/\\\/secure.gravatar.com\\\/avatar\\\/7f463b781f71522d52f2ff3dae3592f9f7b0e24187fc413b95cd3efa8429de28?s=96&d=mm&r=g\",\"contentUrl\":\"https:\\\/\\\/secure.gravatar.com\\\/avatar\\\/7f463b781f71522d52f2ff3dae3592f9f7b0e24187fc413b95cd3efa8429de28?s=96&d=mm&r=g\",\"caption\":\"Pr. Jonas Santana\"},\"description\":\"Pastor, pesquisador b\u00edblico, pregador do Evangelho do Reino A fidelidade requer que entreguemos o evangelho sob todos os \u00e2ngulos, sem omitir nada e sem exagerar em nada. Para isto requer-se muita sabedoria. Nosso desejo \u00e9 compartilhar a sabedoria do Reino de Deus a todos aqueles que o desejam de todo o cora\u00e7\u00e3o.\",\"sameAs\":[\"https:\\\/\\\/www.andandonagraca.org\",\"https:\\\/\\\/www.facebook.com\\\/andandonagraca\",\"https:\\\/\\\/www.instagram.com\\\/andandonagraca\\\/\",\"https:\\\/\\\/www.youtube.com\\\/@andandonagraca\",\"https:\\\/\\\/podcasters.spotify.com\\\/pod\\\/show\\\/andandonagraca\\\/\"],\"url\":\"https:\\\/\\\/www.andandonagraca.org\\\/site\\\/?author=1\"}]}<\/script>\n<!-- \/ Yoast SEO plugin. -->","yoast_head_json":{"title":"Evangelho \"dos Judas\" - Pr. Jonas Santana","robots":{"index":"index","follow":"follow","max-snippet":"max-snippet:-1","max-image-preview":"max-image-preview:large","max-video-preview":"max-video-preview:-1"},"canonical":"https:\/\/www.andandonagraca.org\/site\/?p=162","og_locale":"pt_BR","og_type":"article","og_title":"Evangelho \"dos Judas\" - Pr. Jonas Santana","og_description":"Este t\u00edtulo n\u00e3o tem nada haver com o livro que foi editado recentemente. Mas t\u00eam haver com o","og_url":"https:\/\/www.andandonagraca.org\/site\/?p=162","og_site_name":"Pr. Jonas Santana","article_publisher":"https:\/\/www.facebook.com\/andandonagraca","article_author":"https:\/\/www.facebook.com\/andandonagraca","article_published_time":"2008-07-15T20:49:10+00:00","article_modified_time":"2014-08-30T16:27:50+00:00","og_image":[{"width":320,"height":320,"url":"https:\/\/www.andandonagraca.org\/site\/wp-content\/uploads\/2008\/07\/images.jpeg","type":"image\/jpeg"}],"author":"Pr. Jonas Santana","twitter_card":"summary_large_image","twitter_misc":{"Escrito por":"Pr. Jonas Santana","Est. tempo de leitura":"14 minutos"},"schema":{"@context":"https:\/\/schema.org","@graph":[{"@type":"Article","@id":"https:\/\/www.andandonagraca.org\/site\/?p=162#article","isPartOf":{"@id":"https:\/\/www.andandonagraca.org\/site\/?p=162"},"author":{"name":"Pr. Jonas Santana","@id":"https:\/\/www.andandonagraca.org\/site\/#\/schema\/person\/225d0dedb572d4570a947397af2606ed"},"headline":"Evangelho &#8220;dos Judas&#8221;","datePublished":"2008-07-15T20:49:10+00:00","dateModified":"2014-08-30T16:27:50+00:00","mainEntityOfPage":{"@id":"https:\/\/www.andandonagraca.org\/site\/?p=162"},"wordCount":2820,"commentCount":0,"image":{"@id":"https:\/\/www.andandonagraca.org\/site\/?p=162#primaryimage"},"thumbnailUrl":"https:\/\/www.andandonagraca.org\/site\/wp-content\/uploads\/2008\/07\/images.jpeg","keywords":["apostasia"],"articleSection":["An\u00e1lise da Igreja Moderna &amp; sua Lideran\u00e7a"],"inLanguage":"pt-BR","potentialAction":[{"@type":"CommentAction","name":"Comment","target":["https:\/\/www.andandonagraca.org\/site\/?p=162#respond"]}]},{"@type":"WebPage","@id":"https:\/\/www.andandonagraca.org\/site\/?p=162","url":"https:\/\/www.andandonagraca.org\/site\/?p=162","name":"Evangelho \"dos Judas\" - Pr. Jonas Santana","isPartOf":{"@id":"https:\/\/www.andandonagraca.org\/site\/#website"},"primaryImageOfPage":{"@id":"https:\/\/www.andandonagraca.org\/site\/?p=162#primaryimage"},"image":{"@id":"https:\/\/www.andandonagraca.org\/site\/?p=162#primaryimage"},"thumbnailUrl":"https:\/\/www.andandonagraca.org\/site\/wp-content\/uploads\/2008\/07\/images.jpeg","datePublished":"2008-07-15T20:49:10+00:00","dateModified":"2014-08-30T16:27:50+00:00","author":{"@id":"https:\/\/www.andandonagraca.org\/site\/#\/schema\/person\/225d0dedb572d4570a947397af2606ed"},"breadcrumb":{"@id":"https:\/\/www.andandonagraca.org\/site\/?p=162#breadcrumb"},"inLanguage":"pt-BR","potentialAction":[{"@type":"ReadAction","target":["https:\/\/www.andandonagraca.org\/site\/?p=162"]}]},{"@type":"ImageObject","inLanguage":"pt-BR","@id":"https:\/\/www.andandonagraca.org\/site\/?p=162#primaryimage","url":"https:\/\/www.andandonagraca.org\/site\/wp-content\/uploads\/2008\/07\/images.jpeg","contentUrl":"https:\/\/www.andandonagraca.org\/site\/wp-content\/uploads\/2008\/07\/images.jpeg","width":320,"height":320},{"@type":"BreadcrumbList","@id":"https:\/\/www.andandonagraca.org\/site\/?p=162#breadcrumb","itemListElement":[{"@type":"ListItem","position":1,"name":"In\u00edcio","item":"https:\/\/www.andandonagraca.org\/site"},{"@type":"ListItem","position":2,"name":"Evangelho &#8220;dos Judas&#8221;"}]},{"@type":"WebSite","@id":"https:\/\/www.andandonagraca.org\/site\/#website","url":"https:\/\/www.andandonagraca.org\/site\/","name":"Pr. Jonas Santana","description":"ANDANDO NA GRA\u00c7A - AEMSF","potentialAction":[{"@type":"SearchAction","target":{"@type":"EntryPoint","urlTemplate":"https:\/\/www.andandonagraca.org\/site\/?s={search_term_string}"},"query-input":{"@type":"PropertyValueSpecification","valueRequired":true,"valueName":"search_term_string"}}],"inLanguage":"pt-BR"},{"@type":"Person","@id":"https:\/\/www.andandonagraca.org\/site\/#\/schema\/person\/225d0dedb572d4570a947397af2606ed","name":"Pr. Jonas Santana","image":{"@type":"ImageObject","inLanguage":"pt-BR","@id":"https:\/\/secure.gravatar.com\/avatar\/7f463b781f71522d52f2ff3dae3592f9f7b0e24187fc413b95cd3efa8429de28?s=96&d=mm&r=g","url":"https:\/\/secure.gravatar.com\/avatar\/7f463b781f71522d52f2ff3dae3592f9f7b0e24187fc413b95cd3efa8429de28?s=96&d=mm&r=g","contentUrl":"https:\/\/secure.gravatar.com\/avatar\/7f463b781f71522d52f2ff3dae3592f9f7b0e24187fc413b95cd3efa8429de28?s=96&d=mm&r=g","caption":"Pr. Jonas Santana"},"description":"Pastor, pesquisador b\u00edblico, pregador do Evangelho do Reino A fidelidade requer que entreguemos o evangelho sob todos os \u00e2ngulos, sem omitir nada e sem exagerar em nada. Para isto requer-se muita sabedoria. Nosso desejo \u00e9 compartilhar a sabedoria do Reino de Deus a todos aqueles que o desejam de todo o cora\u00e7\u00e3o.","sameAs":["https:\/\/www.andandonagraca.org","https:\/\/www.facebook.com\/andandonagraca","https:\/\/www.instagram.com\/andandonagraca\/","https:\/\/www.youtube.com\/@andandonagraca","https:\/\/podcasters.spotify.com\/pod\/show\/andandonagraca\/"],"url":"https:\/\/www.andandonagraca.org\/site\/?author=1"}]}},"_links":{"self":[{"href":"https:\/\/www.andandonagraca.org\/site\/index.php?rest_route=\/wp\/v2\/posts\/162","targetHints":{"allow":["GET"]}}],"collection":[{"href":"https:\/\/www.andandonagraca.org\/site\/index.php?rest_route=\/wp\/v2\/posts"}],"about":[{"href":"https:\/\/www.andandonagraca.org\/site\/index.php?rest_route=\/wp\/v2\/types\/post"}],"author":[{"embeddable":true,"href":"https:\/\/www.andandonagraca.org\/site\/index.php?rest_route=\/wp\/v2\/users\/1"}],"replies":[{"embeddable":true,"href":"https:\/\/www.andandonagraca.org\/site\/index.php?rest_route=%2Fwp%2Fv2%2Fcomments&post=162"}],"version-history":[{"count":0,"href":"https:\/\/www.andandonagraca.org\/site\/index.php?rest_route=\/wp\/v2\/posts\/162\/revisions"}],"wp:featuredmedia":[{"embeddable":true,"href":"https:\/\/www.andandonagraca.org\/site\/index.php?rest_route=\/wp\/v2\/media\/1496"}],"wp:attachment":[{"href":"https:\/\/www.andandonagraca.org\/site\/index.php?rest_route=%2Fwp%2Fv2%2Fmedia&parent=162"}],"wp:term":[{"taxonomy":"category","embeddable":true,"href":"https:\/\/www.andandonagraca.org\/site\/index.php?rest_route=%2Fwp%2Fv2%2Fcategories&post=162"},{"taxonomy":"post_tag","embeddable":true,"href":"https:\/\/www.andandonagraca.org\/site\/index.php?rest_route=%2Fwp%2Fv2%2Ftags&post=162"}],"curies":[{"name":"wp","href":"https:\/\/api.w.org\/{rel}","templated":true}]}}