{"id":1970,"date":"2016-02-17T09:17:49","date_gmt":"2016-02-17T12:17:49","guid":{"rendered":"https:\/\/www.afimdeproclamar.com\/site\/?p=1970"},"modified":"2021-01-27T21:56:46","modified_gmt":"2021-01-28T00:56:46","slug":"a-crise-provocada-pelo-pecado","status":"publish","type":"post","link":"https:\/\/www.andandonagraca.org\/site\/?p=1970","title":{"rendered":"A CRISE PROVOCADA PELO PECADO"},"content":{"rendered":"<div class=\"\" style=\"text-align: justify;\" data-offset-key=\"e18qo-0-0\" data-block=\"true\">\n<div class=\"_1mf _1mj\" data-offset-key=\"ou5k-0-0\">\n<p><span data-offset-key=\"ou5k-0-0\"><span data-text=\"true\">Estavam t\u00e3o ocupados em atender as vontades pr\u00f3prias, em suprir os ego\u00edsmos, em ser altivos e orgulhosos, a correr atr\u00e1s das riquezas, a atender o deus ventre, que n\u00e3o deram aten\u00e7\u00e3o a entrada<\/span><\/span><span data-offset-key=\"ou5k-0-0\"><span data-text=\"true\"> em massa do engano, a opera\u00e7\u00e3o do erro, nem se aperceberam que a prosperidade era moment\u00e2nea e que os dias dif\u00edceis viriam, que a crise chegaria.<\/span><\/span><\/p>\n<\/div>\n<div class=\"_1mf _1mj\" data-offset-key=\"ou5k-0-0\">\n<div class=\"_1mf _1mj\" style=\"padding-left: 60px;\" data-offset-key=\"ou5k-0-0\"><span data-offset-key=\"22f3n-0-0\"><span data-text=\"true\">N\u00e3o me escutaram, por\u00e9m, e nem deram ouvidos, recusando abandonar sua maldade e cessar de oferecer incenso a deuses estranhos. <\/span><\/span><span data-offset-key=\"cibig-0-0\"><span data-text=\"true\">Jeremias 44:5<\/span><\/span><\/div>\n<\/div>\n<\/div>\n<div class=\"\" style=\"text-align: justify;\" data-offset-key=\"309b4-0-0\" data-block=\"true\">\n<div data-offset-key=\"k07g-0-0\"><\/div>\n<div class=\"_1mf _1mj\" data-offset-key=\"k07g-0-0\"><span data-offset-key=\"k07g-0-0\"><span data-text=\"true\">Agora culpam as religi\u00f5es que se instalaram em larga escala, culpam o governo omisso e corrupto, culpam outros, mas n\u00e3o s\u00e3o capazes de analisar a si mesmos e tomarem a culpa para si mesmos. N\u00e3o s\u00e3o capazes de lembrar quantas vezes Deus falou, quantos avisos foram feitos pelos verdadeiros profetas de Deus, os quais chorando e gemendo alertaram, dia ap\u00f3s dia, para os perigos que viriam se afastassem da verdade.<\/span><\/span><\/div>\n<div class=\"_1mf _1mj\" data-offset-key=\"k07g-0-0\">Um povo que era subjugado, foi liberto, mas depois de liberto se tornou escravo de si mesmo, dos desejos, e n\u00e3o contente com isso se tornaram escravos de Mamom e rejeitaram as oportunidades de livramento que Deus enviou.<\/div>\n<\/div>\n<div class=\"\" data-offset-key=\"4ilaa-0-0\" data-block=\"true\">\n<div class=\"_1mf _1mj\" style=\"text-align: justify;\" data-offset-key=\"4ilaa-0-0\"><span data-offset-key=\"4ilaa-0-0\"><span data-text=\"true\">Esse povo sedento de riquezas, \u00e1vido a gastar em seus deleites, cego e surdo para a Verdade, prefere seguir pastores que n\u00e3o se preocupam com a salva\u00e7\u00e3o, nem t\u00e3o pouco em libertar das amarras de Mamom, pois um povo subjugado pelo pecado, amarrado pelos desejos, \u00e9 f\u00e1cil de dominar, \u00e9 f\u00e1cil de impor um comando, \u00e9 f\u00e1cil de prender com medo, maldi\u00e7\u00f5es, cadeias, jugo, manipula\u00e7\u00e3o. A culpa impede de tomar uma atitude e ser liberto.<br \/>\n<\/span><\/span><\/div>\n<div class=\"_1mf _1mj\" style=\"text-align: justify;\" data-offset-key=\"4ilaa-0-0\">Deus se revelou a algumas pessoas em meio a esse quadro avassalador, confirmando o desejo de libertar o seu povo, infelizmente a esses que receberam essa revela\u00e7\u00e3o por meio dos profetas, n\u00e3o deram ouvidos at\u00e9 ent\u00e3o, e permitiram que o pecado fosse mais forte em sua vida, n\u00e3o atentaram a Palavra preferindo os prazeres oferecidos pelas riquezas e pela carne.<\/div>\n<div class=\"_1mf _1mj\" style=\"text-align: justify;\" data-offset-key=\"4ilaa-0-0\">Por causa disso hoje o quadro da situa\u00e7\u00e3o \u00e9 esse:<\/div>\n<div class=\"_1mf _1mj\" style=\"text-align: justify;\" data-offset-key=\"4ilaa-0-0\">\n<div style=\"padding-left: 60px;\">E eles me responderam: &#8220;Aqueles que sobreviveram ao cativeiro e est\u00e3o l\u00e1 na prov\u00edncia, passam por grande sofrimento e humilha\u00e7\u00e3o. O muro de Jerusal\u00e9m foi derrubado, e suas portas foram destru\u00eddas pelo fogo&#8221;.<\/div>\n<div style=\"text-align: left; padding-left: 60px;\">Neemias 1:3<\/div>\n<\/div>\n<\/div>\n<div class=\"_1mf _1mj\" style=\"text-align: justify;\" data-offset-key=\"4ilaa-0-0\">Esse povo est\u00e1 imerso em pecado com seus frutos sendo manifestos em larga escala:<\/div>\n<div class=\"_1mf _1mj\" style=\"text-align: justify;\" data-offset-key=\"4ilaa-0-0\">\n<div class=\"_1mf _1mj\" style=\"padding-left: 60px;\" data-offset-key=\"4ilaa-0-0\">Ora, as obras da carne s\u00e3o manifestas: imoralidade sexual, impureza e libertinagem; idolatria e feiti\u00e7aria; \u00f3dio, disc\u00f3rdia, ci\u00fames, ira, ego\u00edsmo, dissens\u00f5es, fac\u00e7\u00f5es e inveja; embriaguez, orgias e coisas semelhantes. Eu os advirto, como antes j\u00e1 os adverti, que os que praticam essas coisas n\u00e3o herdar\u00e3o o Reino de Deus.<\/div>\n<div class=\"_1mf _1mj\" style=\"text-align: left; padding-left: 60px;\" data-offset-key=\"4ilaa-0-0\">G\u00e1latas 5:19-21<\/div>\n<\/div>\n<div class=\"_1mf _1mj\" data-offset-key=\"76n4o-0-0\">\n<p>Apesar disso, Deus, sempre enviou e continua enviando os seus profetas para salvar o seu povo:<\/p>\n<div class=\"\" data-offset-key=\"a8oqr-0-0\" data-block=\"true\">\n<div class=\"_1mf _1mj\" style=\"text-align: justify; padding-left: 60px;\" data-offset-key=\"cibig-0-0\"><span data-offset-key=\"cibig-0-0\"><span data-text=\"true\">Desde o in\u00edcio, contudo, jamais cessei de enviar-vos os profetas, meus servos, a fim de dizer-vos que n\u00e3o dev\u00edeis cometer t\u00e3o detest\u00e1veis abomina\u00e7\u00f5es.<\/span><\/span><\/div>\n<div class=\"_1mf _1mj\" style=\"text-align: left; padding-left: 60px;\" data-offset-key=\"cibig-0-0\"><span data-offset-key=\"cibig-0-0\"><span data-text=\"true\">Jeremias 44:4<\/span><\/span><\/div>\n<\/div>\n<p>Esse quadro pode ser aplicado para v\u00e1rias na\u00e7\u00f5es, mas h\u00e1 pelo menos tr\u00eas na\u00e7\u00f5es pelas quais tenho clamado diante de Deus e por isso uma palavra brotou em meu cora\u00e7\u00e3o em 28 de Julho de 2008:<span data-offset-key=\"76n4o-0-0\"><br \/>\n<\/span><\/p>\n<\/div>\n<div class=\"_1mf _1mj\" style=\"padding-left: 60px;\" data-offset-key=\"76n4o-0-0\">Um povo amado por Deus<br \/>\nE quando se unir ser\u00e1 extremamente forte<br \/>\nAo se unir Deus far\u00e1 algo poderoso nesta na\u00e7\u00e3o<br \/>\nE um novo recome\u00e7o acontecer\u00e1<br \/>\nS\u00f3 que desta vez ser\u00e1 o Reino de Deus implantado nesta na\u00e7\u00e3o<br \/>\nUm Reino que n\u00e3o ser\u00e1 abalado.<br \/>\nEnquanto o homem for o centro todos sofrer\u00e3o,<br \/>\nMas quando colocarem Deus no centro, um exercito poderoso se levantar\u00e1<br \/>\nA Palavra de Ordem \u00e9 Ezequiel 37<br \/>\nEnt\u00e3o profetizem sobre o vale de ossos secos!<br \/>\nE o Esp\u00edrito fluir\u00e1 de todos os cantos ajuntando o que se separou<br \/>\nAbrindo todas as portas que os homens fecharam<br \/>\nN\u00e3o desista! Nem diga que tudo j\u00e1 foi feito!<\/div>\n<div class=\"_1mf _1mj\" data-offset-key=\"76n4o-0-0\">Quer ou\u00e7a quer deixe de ouvir a Palavra do Senhor continua sendo dada e o Seu desejo \u00e9 libertar o Seu povo. Mas o tempo est\u00e1 pr\u00f3ximo, assim sendo. busque a solu\u00e7\u00e3o para a crise no lugar certo:<\/div>\n<div class=\"_1mf _1mj\" data-offset-key=\"76n4o-0-0\">\n<div style=\"padding-left: 60px;\">se o meu povo, que se chama pelo meu nome, se humilhar e orar, buscar a minha face e se afastar dos seus maus caminhos, dos c\u00e9us o ouvirei, perdoarei o seu pecado e curarei a sua terra.<\/div>\n<div style=\"text-align: left; padding-left: 60px;\">II Cr\u00f4nicas 7:14<\/div>\n<\/div>\n","protected":false},"excerpt":{"rendered":"<p>Estavam t\u00e3o ocupados em atender as vontades pr\u00f3prias, em suprir os ego\u00edsmos, em ser altivos e orgulhosos, a<\/p>\n","protected":false},"author":1,"featured_media":2979,"comment_status":"open","ping_status":"open","sticky":false,"template":"","format":"standard","meta":{"footnotes":""},"categories":[76],"tags":[24,25,46],"class_list":["post-1970","post","type-post","status-publish","format-standard","has-post-thumbnail","hentry","category-atualidades","tag-apostasia","tag-arrependimento","tag-santidade"],"yoast_head":"<!-- This site is optimized with the Yoast SEO plugin v27.5 - https:\/\/yoast.com\/product\/yoast-seo-wordpress\/ -->\n<title>A CRISE PROVOCADA PELO PECADO - Pr. Jonas Santana<\/title>\n<meta name=\"robots\" content=\"index, follow, max-snippet:-1, max-image-preview:large, max-video-preview:-1\" \/>\n<link rel=\"canonical\" href=\"https:\/\/www.andandonagraca.org\/site\/?p=1970\" \/>\n<meta property=\"og:locale\" content=\"pt_BR\" \/>\n<meta property=\"og:type\" content=\"article\" \/>\n<meta property=\"og:title\" content=\"A CRISE PROVOCADA PELO PECADO - Pr. Jonas Santana\" \/>\n<meta property=\"og:description\" content=\"Estavam t\u00e3o ocupados em atender as vontades pr\u00f3prias, em suprir os ego\u00edsmos, em ser altivos e orgulhosos, a\" \/>\n<meta property=\"og:url\" content=\"https:\/\/www.andandonagraca.org\/site\/?p=1970\" \/>\n<meta property=\"og:site_name\" content=\"Pr. Jonas Santana\" \/>\n<meta property=\"article:publisher\" content=\"https:\/\/www.facebook.com\/andandonagraca\" \/>\n<meta property=\"article:author\" content=\"https:\/\/www.facebook.com\/andandonagraca\" \/>\n<meta property=\"article:published_time\" content=\"2016-02-17T12:17:49+00:00\" \/>\n<meta property=\"article:modified_time\" content=\"2021-01-28T00:56:46+00:00\" \/>\n<meta property=\"og:image\" content=\"https:\/\/www.andandonagraca.org\/site\/wp-content\/uploads\/2016\/02\/sin.jpg\" \/>\n\t<meta property=\"og:image:width\" content=\"600\" \/>\n\t<meta property=\"og:image:height\" content=\"401\" \/>\n\t<meta property=\"og:image:type\" content=\"image\/jpeg\" \/>\n<meta name=\"author\" content=\"Pr. Jonas Santana\" \/>\n<meta name=\"twitter:card\" content=\"summary_large_image\" \/>\n<meta name=\"twitter:label1\" content=\"Escrito por\" \/>\n\t<meta name=\"twitter:data1\" content=\"Pr. Jonas Santana\" \/>\n\t<meta name=\"twitter:label2\" content=\"Est. tempo de leitura\" \/>\n\t<meta name=\"twitter:data2\" content=\"4 minutos\" \/>\n<script type=\"application\/ld+json\" class=\"yoast-schema-graph\">{\"@context\":\"https:\\\/\\\/schema.org\",\"@graph\":[{\"@type\":\"Article\",\"@id\":\"https:\\\/\\\/www.andandonagraca.org\\\/site\\\/?p=1970#article\",\"isPartOf\":{\"@id\":\"https:\\\/\\\/www.andandonagraca.org\\\/site\\\/?p=1970\"},\"author\":{\"name\":\"Pr. Jonas Santana\",\"@id\":\"https:\\\/\\\/www.andandonagraca.org\\\/site\\\/#\\\/schema\\\/person\\\/225d0dedb572d4570a947397af2606ed\"},\"headline\":\"A CRISE PROVOCADA PELO PECADO\",\"datePublished\":\"2016-02-17T12:17:49+00:00\",\"dateModified\":\"2021-01-28T00:56:46+00:00\",\"mainEntityOfPage\":{\"@id\":\"https:\\\/\\\/www.andandonagraca.org\\\/site\\\/?p=1970\"},\"wordCount\":760,\"commentCount\":1,\"image\":{\"@id\":\"https:\\\/\\\/www.andandonagraca.org\\\/site\\\/?p=1970#primaryimage\"},\"thumbnailUrl\":\"https:\\\/\\\/www.andandonagraca.org\\\/site\\\/wp-content\\\/uploads\\\/2016\\\/02\\\/sin.jpg\",\"keywords\":[\"apostasia\",\"arrependimento\",\"santidade\"],\"articleSection\":[\"Atualidades\"],\"inLanguage\":\"pt-BR\",\"potentialAction\":[{\"@type\":\"CommentAction\",\"name\":\"Comment\",\"target\":[\"https:\\\/\\\/www.andandonagraca.org\\\/site\\\/?p=1970#respond\"]}]},{\"@type\":\"WebPage\",\"@id\":\"https:\\\/\\\/www.andandonagraca.org\\\/site\\\/?p=1970\",\"url\":\"https:\\\/\\\/www.andandonagraca.org\\\/site\\\/?p=1970\",\"name\":\"A CRISE PROVOCADA PELO PECADO - Pr. Jonas Santana\",\"isPartOf\":{\"@id\":\"https:\\\/\\\/www.andandonagraca.org\\\/site\\\/#website\"},\"primaryImageOfPage\":{\"@id\":\"https:\\\/\\\/www.andandonagraca.org\\\/site\\\/?p=1970#primaryimage\"},\"image\":{\"@id\":\"https:\\\/\\\/www.andandonagraca.org\\\/site\\\/?p=1970#primaryimage\"},\"thumbnailUrl\":\"https:\\\/\\\/www.andandonagraca.org\\\/site\\\/wp-content\\\/uploads\\\/2016\\\/02\\\/sin.jpg\",\"datePublished\":\"2016-02-17T12:17:49+00:00\",\"dateModified\":\"2021-01-28T00:56:46+00:00\",\"author\":{\"@id\":\"https:\\\/\\\/www.andandonagraca.org\\\/site\\\/#\\\/schema\\\/person\\\/225d0dedb572d4570a947397af2606ed\"},\"breadcrumb\":{\"@id\":\"https:\\\/\\\/www.andandonagraca.org\\\/site\\\/?p=1970#breadcrumb\"},\"inLanguage\":\"pt-BR\",\"potentialAction\":[{\"@type\":\"ReadAction\",\"target\":[\"https:\\\/\\\/www.andandonagraca.org\\\/site\\\/?p=1970\"]}]},{\"@type\":\"ImageObject\",\"inLanguage\":\"pt-BR\",\"@id\":\"https:\\\/\\\/www.andandonagraca.org\\\/site\\\/?p=1970#primaryimage\",\"url\":\"https:\\\/\\\/www.andandonagraca.org\\\/site\\\/wp-content\\\/uploads\\\/2016\\\/02\\\/sin.jpg\",\"contentUrl\":\"https:\\\/\\\/www.andandonagraca.org\\\/site\\\/wp-content\\\/uploads\\\/2016\\\/02\\\/sin.jpg\",\"width\":600,\"height\":401},{\"@type\":\"BreadcrumbList\",\"@id\":\"https:\\\/\\\/www.andandonagraca.org\\\/site\\\/?p=1970#breadcrumb\",\"itemListElement\":[{\"@type\":\"ListItem\",\"position\":1,\"name\":\"In\u00edcio\",\"item\":\"https:\\\/\\\/www.andandonagraca.org\\\/site\"},{\"@type\":\"ListItem\",\"position\":2,\"name\":\"A CRISE PROVOCADA PELO PECADO\"}]},{\"@type\":\"WebSite\",\"@id\":\"https:\\\/\\\/www.andandonagraca.org\\\/site\\\/#website\",\"url\":\"https:\\\/\\\/www.andandonagraca.org\\\/site\\\/\",\"name\":\"Pr. Jonas Santana\",\"description\":\"ANDANDO NA GRA\u00c7A - AEMSF\",\"potentialAction\":[{\"@type\":\"SearchAction\",\"target\":{\"@type\":\"EntryPoint\",\"urlTemplate\":\"https:\\\/\\\/www.andandonagraca.org\\\/site\\\/?s={search_term_string}\"},\"query-input\":{\"@type\":\"PropertyValueSpecification\",\"valueRequired\":true,\"valueName\":\"search_term_string\"}}],\"inLanguage\":\"pt-BR\"},{\"@type\":\"Person\",\"@id\":\"https:\\\/\\\/www.andandonagraca.org\\\/site\\\/#\\\/schema\\\/person\\\/225d0dedb572d4570a947397af2606ed\",\"name\":\"Pr. Jonas Santana\",\"image\":{\"@type\":\"ImageObject\",\"inLanguage\":\"pt-BR\",\"@id\":\"https:\\\/\\\/secure.gravatar.com\\\/avatar\\\/7f463b781f71522d52f2ff3dae3592f9f7b0e24187fc413b95cd3efa8429de28?s=96&d=mm&r=g\",\"url\":\"https:\\\/\\\/secure.gravatar.com\\\/avatar\\\/7f463b781f71522d52f2ff3dae3592f9f7b0e24187fc413b95cd3efa8429de28?s=96&d=mm&r=g\",\"contentUrl\":\"https:\\\/\\\/secure.gravatar.com\\\/avatar\\\/7f463b781f71522d52f2ff3dae3592f9f7b0e24187fc413b95cd3efa8429de28?s=96&d=mm&r=g\",\"caption\":\"Pr. Jonas Santana\"},\"description\":\"Pastor, pesquisador b\u00edblico, pregador do Evangelho do Reino A fidelidade requer que entreguemos o evangelho sob todos os \u00e2ngulos, sem omitir nada e sem exagerar em nada. Para isto requer-se muita sabedoria. Nosso desejo \u00e9 compartilhar a sabedoria do Reino de Deus a todos aqueles que o desejam de todo o cora\u00e7\u00e3o.\",\"sameAs\":[\"https:\\\/\\\/www.andandonagraca.org\",\"https:\\\/\\\/www.facebook.com\\\/andandonagraca\",\"https:\\\/\\\/www.instagram.com\\\/andandonagraca\\\/\",\"https:\\\/\\\/www.youtube.com\\\/@andandonagraca\",\"https:\\\/\\\/podcasters.spotify.com\\\/pod\\\/show\\\/andandonagraca\\\/\"],\"url\":\"https:\\\/\\\/www.andandonagraca.org\\\/site\\\/?author=1\"}]}<\/script>\n<!-- \/ Yoast SEO plugin. -->","yoast_head_json":{"title":"A CRISE PROVOCADA PELO PECADO - Pr. Jonas Santana","robots":{"index":"index","follow":"follow","max-snippet":"max-snippet:-1","max-image-preview":"max-image-preview:large","max-video-preview":"max-video-preview:-1"},"canonical":"https:\/\/www.andandonagraca.org\/site\/?p=1970","og_locale":"pt_BR","og_type":"article","og_title":"A CRISE PROVOCADA PELO PECADO - Pr. Jonas Santana","og_description":"Estavam t\u00e3o ocupados em atender as vontades pr\u00f3prias, em suprir os ego\u00edsmos, em ser altivos e orgulhosos, a","og_url":"https:\/\/www.andandonagraca.org\/site\/?p=1970","og_site_name":"Pr. Jonas Santana","article_publisher":"https:\/\/www.facebook.com\/andandonagraca","article_author":"https:\/\/www.facebook.com\/andandonagraca","article_published_time":"2016-02-17T12:17:49+00:00","article_modified_time":"2021-01-28T00:56:46+00:00","og_image":[{"width":600,"height":401,"url":"https:\/\/www.andandonagraca.org\/site\/wp-content\/uploads\/2016\/02\/sin.jpg","type":"image\/jpeg"}],"author":"Pr. Jonas Santana","twitter_card":"summary_large_image","twitter_misc":{"Escrito por":"Pr. Jonas Santana","Est. tempo de leitura":"4 minutos"},"schema":{"@context":"https:\/\/schema.org","@graph":[{"@type":"Article","@id":"https:\/\/www.andandonagraca.org\/site\/?p=1970#article","isPartOf":{"@id":"https:\/\/www.andandonagraca.org\/site\/?p=1970"},"author":{"name":"Pr. Jonas Santana","@id":"https:\/\/www.andandonagraca.org\/site\/#\/schema\/person\/225d0dedb572d4570a947397af2606ed"},"headline":"A CRISE PROVOCADA PELO PECADO","datePublished":"2016-02-17T12:17:49+00:00","dateModified":"2021-01-28T00:56:46+00:00","mainEntityOfPage":{"@id":"https:\/\/www.andandonagraca.org\/site\/?p=1970"},"wordCount":760,"commentCount":1,"image":{"@id":"https:\/\/www.andandonagraca.org\/site\/?p=1970#primaryimage"},"thumbnailUrl":"https:\/\/www.andandonagraca.org\/site\/wp-content\/uploads\/2016\/02\/sin.jpg","keywords":["apostasia","arrependimento","santidade"],"articleSection":["Atualidades"],"inLanguage":"pt-BR","potentialAction":[{"@type":"CommentAction","name":"Comment","target":["https:\/\/www.andandonagraca.org\/site\/?p=1970#respond"]}]},{"@type":"WebPage","@id":"https:\/\/www.andandonagraca.org\/site\/?p=1970","url":"https:\/\/www.andandonagraca.org\/site\/?p=1970","name":"A CRISE PROVOCADA PELO PECADO - Pr. Jonas Santana","isPartOf":{"@id":"https:\/\/www.andandonagraca.org\/site\/#website"},"primaryImageOfPage":{"@id":"https:\/\/www.andandonagraca.org\/site\/?p=1970#primaryimage"},"image":{"@id":"https:\/\/www.andandonagraca.org\/site\/?p=1970#primaryimage"},"thumbnailUrl":"https:\/\/www.andandonagraca.org\/site\/wp-content\/uploads\/2016\/02\/sin.jpg","datePublished":"2016-02-17T12:17:49+00:00","dateModified":"2021-01-28T00:56:46+00:00","author":{"@id":"https:\/\/www.andandonagraca.org\/site\/#\/schema\/person\/225d0dedb572d4570a947397af2606ed"},"breadcrumb":{"@id":"https:\/\/www.andandonagraca.org\/site\/?p=1970#breadcrumb"},"inLanguage":"pt-BR","potentialAction":[{"@type":"ReadAction","target":["https:\/\/www.andandonagraca.org\/site\/?p=1970"]}]},{"@type":"ImageObject","inLanguage":"pt-BR","@id":"https:\/\/www.andandonagraca.org\/site\/?p=1970#primaryimage","url":"https:\/\/www.andandonagraca.org\/site\/wp-content\/uploads\/2016\/02\/sin.jpg","contentUrl":"https:\/\/www.andandonagraca.org\/site\/wp-content\/uploads\/2016\/02\/sin.jpg","width":600,"height":401},{"@type":"BreadcrumbList","@id":"https:\/\/www.andandonagraca.org\/site\/?p=1970#breadcrumb","itemListElement":[{"@type":"ListItem","position":1,"name":"In\u00edcio","item":"https:\/\/www.andandonagraca.org\/site"},{"@type":"ListItem","position":2,"name":"A CRISE PROVOCADA PELO PECADO"}]},{"@type":"WebSite","@id":"https:\/\/www.andandonagraca.org\/site\/#website","url":"https:\/\/www.andandonagraca.org\/site\/","name":"Pr. Jonas Santana","description":"ANDANDO NA GRA\u00c7A - AEMSF","potentialAction":[{"@type":"SearchAction","target":{"@type":"EntryPoint","urlTemplate":"https:\/\/www.andandonagraca.org\/site\/?s={search_term_string}"},"query-input":{"@type":"PropertyValueSpecification","valueRequired":true,"valueName":"search_term_string"}}],"inLanguage":"pt-BR"},{"@type":"Person","@id":"https:\/\/www.andandonagraca.org\/site\/#\/schema\/person\/225d0dedb572d4570a947397af2606ed","name":"Pr. Jonas Santana","image":{"@type":"ImageObject","inLanguage":"pt-BR","@id":"https:\/\/secure.gravatar.com\/avatar\/7f463b781f71522d52f2ff3dae3592f9f7b0e24187fc413b95cd3efa8429de28?s=96&d=mm&r=g","url":"https:\/\/secure.gravatar.com\/avatar\/7f463b781f71522d52f2ff3dae3592f9f7b0e24187fc413b95cd3efa8429de28?s=96&d=mm&r=g","contentUrl":"https:\/\/secure.gravatar.com\/avatar\/7f463b781f71522d52f2ff3dae3592f9f7b0e24187fc413b95cd3efa8429de28?s=96&d=mm&r=g","caption":"Pr. Jonas Santana"},"description":"Pastor, pesquisador b\u00edblico, pregador do Evangelho do Reino A fidelidade requer que entreguemos o evangelho sob todos os \u00e2ngulos, sem omitir nada e sem exagerar em nada. Para isto requer-se muita sabedoria. Nosso desejo \u00e9 compartilhar a sabedoria do Reino de Deus a todos aqueles que o desejam de todo o cora\u00e7\u00e3o.","sameAs":["https:\/\/www.andandonagraca.org","https:\/\/www.facebook.com\/andandonagraca","https:\/\/www.instagram.com\/andandonagraca\/","https:\/\/www.youtube.com\/@andandonagraca","https:\/\/podcasters.spotify.com\/pod\/show\/andandonagraca\/"],"url":"https:\/\/www.andandonagraca.org\/site\/?author=1"}]}},"_links":{"self":[{"href":"https:\/\/www.andandonagraca.org\/site\/index.php?rest_route=\/wp\/v2\/posts\/1970","targetHints":{"allow":["GET"]}}],"collection":[{"href":"https:\/\/www.andandonagraca.org\/site\/index.php?rest_route=\/wp\/v2\/posts"}],"about":[{"href":"https:\/\/www.andandonagraca.org\/site\/index.php?rest_route=\/wp\/v2\/types\/post"}],"author":[{"embeddable":true,"href":"https:\/\/www.andandonagraca.org\/site\/index.php?rest_route=\/wp\/v2\/users\/1"}],"replies":[{"embeddable":true,"href":"https:\/\/www.andandonagraca.org\/site\/index.php?rest_route=%2Fwp%2Fv2%2Fcomments&post=1970"}],"version-history":[{"count":0,"href":"https:\/\/www.andandonagraca.org\/site\/index.php?rest_route=\/wp\/v2\/posts\/1970\/revisions"}],"wp:featuredmedia":[{"embeddable":true,"href":"https:\/\/www.andandonagraca.org\/site\/index.php?rest_route=\/wp\/v2\/media\/2979"}],"wp:attachment":[{"href":"https:\/\/www.andandonagraca.org\/site\/index.php?rest_route=%2Fwp%2Fv2%2Fmedia&parent=1970"}],"wp:term":[{"taxonomy":"category","embeddable":true,"href":"https:\/\/www.andandonagraca.org\/site\/index.php?rest_route=%2Fwp%2Fv2%2Fcategories&post=1970"},{"taxonomy":"post_tag","embeddable":true,"href":"https:\/\/www.andandonagraca.org\/site\/index.php?rest_route=%2Fwp%2Fv2%2Ftags&post=1970"}],"curies":[{"name":"wp","href":"https:\/\/api.w.org\/{rel}","templated":true}]}}