{"id":217,"date":"2009-05-15T19:40:43","date_gmt":"2009-05-15T21:40:43","guid":{"rendered":"https:\/\/www.afimdeproclamar.com\/site\/?p=217"},"modified":"2021-02-10T09:55:07","modified_gmt":"2021-02-10T12:55:07","slug":"uma-geracao-de-desesperados-e-de-extravagantes","status":"publish","type":"post","link":"https:\/\/www.andandonagraca.org\/site\/?p=217","title":{"rendered":"O Louvor dos Desesperados e dos Imbecis"},"content":{"rendered":"<p class=\"style1\" style=\"text-align: left;\">Com certeza, \u00e9 um t\u00edtulo\u00a0agressivo e pode at\u00e9 chocar alguns irm\u00e3os em Cristo, mas, pior do que isto tem\u00a0feito alguns ministros de louvor levando os irm\u00e3os ao erro sistematicamente,\u00a0fazendo-os neutralizar a Palavra de Deus. Como isto pode ocorrer?<\/p>\n<p class=\"style1\" style=\"text-align: left;\">V\u00e1rias can\u00e7\u00f5es escritas ou mesmo\u00a0traduzidas usam palavras que possuem significados bem diferentes daqueles a que<br \/>\ns\u00e3o aplicados. O verbete \u00e9 mal empregado. Bastava simplesmente consultar um\u00a0dicion\u00e1rio da L\u00edngua Portuguesa para que o erro n\u00e3o ocorresse. Ou ser\u00e1 que isso\u00a0\u00e9 feito de prop\u00f3sito? N\u00e3o posso crer, \u00e9 mais prov\u00e1vel que n\u00e3o passe de uma\u00a0ignor\u00e2ncia\u00a0lingu\u00edstica.<\/p>\n<p class=\"style1\" style=\"text-align: left;\">Vejamos alguns exemplos:<\/p>\n<blockquote style=\"text-align: justify;\">\n<p class=\"style1\">&#8211; \u201cQuero me desesperar por ti\u201d<\/p>\n<p class=\"style1\">&#8211; \u201cEstou desesperado por ti, apaixonado por<br \/>\nti, tenho muita sede de ti\u201d<\/p>\n<p class=\"style1\">&#8211; \u201cUma gera\u00e7\u00e3o de adoradores extravagantes&#8230;\u201d<\/p>\n<\/blockquote>\n<p class=\"style1\" style=\"text-align: left;\">Apenas consultando o Dicion\u00e1rio\u00a0da L\u00edngua Portuguesa vejamos o significado das palavras, antes de continuarmos.<br \/>\nPreste muita aten\u00e7\u00e3o:<\/p>\n<blockquote style=\"text-align: justify;\">\n<p class=\"style1\">Desesperado:<\/p>\n<blockquote>\n<p class=\"style1\">&#8211; entregue ao desespero<\/p>\n<p class=\"style1\">&#8211; que perdeu a esperan\u00e7a<\/p>\n<p class=\"style1\">&#8211; que n\u00e3o d\u00e1 esperan\u00e7a de\u00a0melhora, sucesso, cura ou salva\u00e7\u00e3o<\/p>\n<p class=\"style1\">&#8211; encarni\u00e7ado, obstinado,\u00a0renhido<\/p>\n<p class=\"style1\">&#8211; arrebatado, precipitado<\/p>\n<p class=\"style1\">&#8211; enraivecido, furioso<\/p>\n<\/blockquote>\n<p class=\"style1\">Desesperar:<\/p>\n<blockquote>\n<p class=\"style1\">&#8211; fazer perder a esperan\u00e7a<\/p>\n<p class=\"style1\">&#8211; desalentar<\/p>\n<p class=\"style1\">&#8211; desanimar<\/p>\n<p class=\"style1\">&#8211; perder a esperan\u00e7a<\/p>\n<\/blockquote>\n<p class=\"style1\">Extravagante:<\/p>\n<blockquote>\n<p class=\"style1\">&#8211; que extravaga<\/p>\n<p class=\"style1\">&#8211; estulto, imbecil<\/p>\n<p class=\"style1\">&#8211; insano, insensato<\/p>\n<p class=\"style1\">&#8211; estr\u00f3ina, gastador<\/p>\n<p class=\"style1\">&#8211; esquip\u00e1tico, esquisito<\/p>\n<p class=\"style1\">&#8211; singular, que anda fora do\u00a0seu lugar<\/p>\n<p class=\"style1\">&#8211; pessoa que tem vida\u00a0irregular e dissipadora<\/p>\n<\/blockquote>\n<\/blockquote>\n<p class=\"style1\" style=\"text-align: left;\">Alguns ao defenderem estes termos\u00a0dizem o seguinte:<\/p>\n<blockquote style=\"text-align: justify;\">\n<blockquote>\n<p class=\"style1\">&#8211; \u201cdesesperado por ti&#8221;, esta\u00a0express\u00e3o apenas quer dizer que a pessoa deseja\u00a0Deus em\u00a0 propor\u00e7\u00f5es imensur\u00e1veis.<\/p>\n<p class=\"style1\">&#8211; \u00e9 o uso de express\u00e3o\u00a0idiom\u00e1tica, lingu\u00edstica, met\u00e1fora, hiperbolismo\u00a0e etc.<\/p>\n<p class=\"style1\">&#8211; tudo n\u00e3o passa de linguagem\u00a0po\u00e9tica. Express\u00f5es po\u00e9ticas podem ser ditas sempreocupa\u00e7\u00e3o com sua literalidade.<\/p>\n<\/blockquote>\n<\/blockquote>\n<p class=\"style1\" style=\"text-align: left;\">Somente observando o exposto acima j\u00e1 dever\u00edamos mudar nossa atitude e recha\u00e7ar veementemente essas m\u00fasicas,\u00a0mas continuemos:<\/p>\n<p class=\"style1\" style=\"text-align: left;\">O problema, em certos casos, \u00e9 a\u00a0tradu\u00e7\u00e3o ao \u201cp\u00e9 da letra\u201d do ingl\u00eas para o portugu\u00eas, como \u00e9 o caso de\u00a0extravagante, que vem do ingl\u00eas: extravagant. A palavra correta \u00e9 extravasante,\u00a0que significa:<\/p>\n<blockquote style=\"text-align: justify;\">\n<blockquote>\n<p class=\"style1\">&#8211; fazer transbordar<\/p>\n<p class=\"style1\">&#8211; derramar<\/p>\n<p class=\"style1\">&#8211; verter abundantemente<\/p>\n<p class=\"style1\">&#8211; sair dos canais naturais<\/p>\n<\/blockquote>\n<\/blockquote>\n<p class=\"style1\" style=\"text-align: left;\">Como voc\u00ea se sentiria se algu\u00e9m\u00a0lhe chamasse de imbecil? No entanto, os l\u00edderes de louvor e at\u00e9 mesmo v\u00e1rios pastores, em v\u00e1rias igrejas pelo Pa\u00eds afora, chamam, a cada domingo, os irm\u00e3os\u00a0de imbecis, de adoradores imbecis, e o povo ainda aplaude efusivamente.<\/p>\n<p class=\"style1\" style=\"text-align: left;\">Desesperado \u00e9 outra palavra em\u00a0moda ultimamente. Desesperar \u00e9 o oposto de esperar. Desesperado \u00e9 algu\u00e9m sem\u00a0esperan\u00e7a, ent\u00e3o, como posso ser desesperado por Deus? Que disparate!<\/p>\n<p>Algu\u00e9m desesperado \u00e9 um individuo\u00a0que perdeu a esperan\u00e7a ou ainda um individuo furioso ou alucinado. Ficamos estarrecidos, algumas vezes, no meio evang\u00e9lico, com certos jarg\u00f5es que nos\u00a0atingem.<\/p>\n<p class=\"style1\" style=\"text-align: left;\">O que eles querem dizer?<\/p>\n<p class=\"style1\" style=\"text-align: left;\">Posso livremente pensar que eles\u00a0querem dizer algo semelhante ao que \u00e9 mencionado em I Pd. 2:2 \u2013 \u201cdesejai afetuosamente, como meninos novamente nascidos\u201d. H\u00e1 algo mais intenso do que um\u00a0bebe pedindo seu alimento? Mas o que isto tem haver com falta de esperan\u00e7a? O\u00a0bebe sabe que sabe que sua m\u00e3e ao ouvir o seu choro vir\u00e1 satisfazer as suas\u00a0necessidades de alimento.<\/p>\n<p class=\"style1\" style=\"text-align: left;\">O que \u00e9 esperan\u00e7a?<\/p>\n<blockquote style=\"text-align: justify;\">\n<blockquote>\n<p class=\"style1\">&#8211; ato de esperar<\/p>\n<p class=\"style1\">&#8211; expectativa na aquisi\u00e7\u00e3o de\u00a0um bem que se deseja<\/p>\n<p class=\"style1\">&#8211; aquilo que se espera\u00a0desejando<\/p>\n<p class=\"style1\">&#8211; tem por s\u00edmbolo uma \u00e2ncora<\/p>\n<p class=\"style1\">&#8211; a esperan\u00e7a \u00e9 irm\u00e3 da f\u00e9,\u00a0andam juntas<\/p>\n<\/blockquote>\n<\/blockquote>\n<p class=\"style1\" style=\"text-align: left;\">A esperan\u00e7a faz parte de nossa\u00a0vida crist\u00e3. I Co. 13:13 \u2013 agora pois permanecem a f\u00e9, a esperan\u00e7a e o amor,\u00a0estes tr\u00eas, mais o maior destes \u00e9 o amor.<\/p>\n<p class=\"style1\" style=\"text-align: left;\">Abra\u00e3o creu em esperan\u00e7a contra a\u00a0esperan\u00e7a que seria pai de muitas na\u00e7\u00f5es. Rm. 4:18<\/p>\n<p class=\"style1\" style=\"text-align: left;\">Tribula\u00e7\u00e3o produz paci\u00eancia,\u00a0paci\u00eancia produz experi\u00eancia, experi\u00eancia produz esperan\u00e7a. Rm. 5:3<\/p>\n<p class=\"style1\" style=\"text-align: left;\">Se continuarmos veremos que n\u00e3o\u00a0h\u00e1 lugar para desesperados na Palavra de Deus, mas h\u00e1 lugar para quem o deseja\u00a0ardentemente, o ame ardentemente. I Pd. 1:22; I Pd. 2:2<\/p>\n<p class=\"style1\" style=\"text-align: left;\">Vejamos mais algumas coisas:<\/p>\n<blockquote style=\"text-align: justify;\">\n<blockquote>\n<p class=\"style1\">&#8211; \u201cTenho sede de Ti\u201d!<\/p>\n<\/blockquote>\n<\/blockquote>\n<p class=\"style1\" style=\"text-align: left;\">Algu\u00e9m poder\u00e1 dizer: &#8211; \u201cmas isto\u00a0\u00e9 b\u00edblico\u201d, e eu concordarei plenamente {(Sl. 42:2 &#8211; A minha alma tem sede de\u00a0Deus, do Deus vivo; quando entrarei e me apresentarei ante a face de Deus?) (Sl.\u00a063:1 &#8211; \u00d3 Deus, tu \u00e9s o meu Deus; de madrugada te buscarei; a minha alma tem sede\u00a0de ti; a minha carne te deseja muito em uma terra seca e cansada, onde n\u00e3o h\u00e1\u00a0\u00e1gua,)}<\/p>\n<p class=\"style1\" style=\"text-align: left;\">Mas, em Jo. 7:37-38 (E, no \u00faltimo\u00a0dia, o grande dia da festa, Jesus p\u00f4s-se em p\u00e9 e clamou, dizendo: Se algu\u00e9m tem\u00a0sede, que venha a mim e beba. Quem cr\u00ea em mim, como diz a Escritura, rios de\u00a0\u00e1gua viva correr\u00e3o do seu ventre.) e em Jo. 4:13-14 (Jesus respondeu e\u00a0disse-lhe: Qualquer que beber desta \u00e1gua tornar\u00e1 a ter sede, mas aquele que\u00a0beber da \u00e1gua que eu lhe der nunca ter\u00e1 sede, porque a \u00e1gua que eu lhe der se far\u00e1 nele uma fonte de \u00e1gua a jorrar para a vida eterna.) est\u00e1 o cumprimento\u00a0desta Palavra. O Pedido do salmista foi atendido quando Jesus Cristo veio. Ent\u00e3o\u00a0esta Palavra se cumpriu em Jesus! A semelhan\u00e7a de Is. 61:1-3 que se cumpriu em\u00a0Lc. 4:18,19,21 e assim por diante.<\/p>\n<p class=\"style1\" style=\"text-align: left;\">Ent\u00e3o, se voc\u00ea tem sede de Jesus\u00a0\u00e9 porque n\u00e3o est\u00e1 bebendo da \u00e1gua que Ele d\u00e1, n\u00e3o est\u00e1 indo a fonte que \u00e9 Jesus.<br \/>\nEle providenciou toda \u00e1gua necess\u00e1ria para saciar nossa sede, basta abrir a boca\u00a0e beber.<\/p>\n<p class=\"style1\" style=\"text-align: left;\">Outra express\u00e3o infeliz muito\u00a0usada:<\/p>\n<blockquote style=\"text-align: justify;\">\n<blockquote>\n<p class=\"style1\">&#8211; \u201cEstou apaixonado por Ti,\u00a0Senhor\u201d!<\/p>\n<\/blockquote>\n<\/blockquote>\n<p class=\"style1\" style=\"text-align: left;\">O que \u00e9 paix\u00e3o?<\/p>\n<blockquote style=\"text-align: justify;\">\n<blockquote>\n<p class=\"style1\">&#8211; Inclina\u00e7\u00e3o emocional intensa\u00a0e descontrolada.<\/p>\n<\/blockquote>\n<\/blockquote>\n<p class=\"style1\" style=\"text-align: left;\">Normalmente tem um sentido\u00a0negativo. Pode ser usado tamb\u00e9m para sofrimento, que foi o caso da \u201cPaix\u00e3o\u201d de\u00a0Cristo, ou, o sofrimento de Cristo.<\/p>\n<p class=\"style1\" style=\"text-align: left;\">Usualmente designa amor de algu\u00e9m\u00a0por outra pessoa. Mas este \u201camor\u201d n\u00e3o \u00e9 o ideal, pois est\u00e1 mais ligada ao\u00a0desejo, a lux\u00faria. O problema da paix\u00e3o \u00e9 que ela \u00e9 passageira, \u00e9 ef\u00eamera. Veja\u00a0com que facilidade o homem se apaixona por uma mulher e vice-versa,\u00a0principalmente na fase da adolesc\u00eancia e da juventude; o que era uma paix\u00e3o\u00a0fulminante logo passa.<\/p>\n<p class=\"style1\" style=\"text-align: left;\">Paix\u00e3o \u00e9 ligada ao amor \u201cEros\u201d,\u00a0amor da carne, da sensualidade. O amor eterno (\u00c1gape), amor de Deus, amor sem\u00a0condicionantes. Ent\u00e3o, devo dizer: \u201c- Eu te amo, Senhor\u201d! Enfatizando que o\u00a0sentimento que tenho \u00e9 eterno e n\u00e3o passageiro.<\/p>\n<p class=\"style1\" style=\"text-align: left;\">Se usar o termo paix\u00e3o ou\u00a0apaixonado por Cristo, para dizer que sofro por Cristo, como Paulo dizia: Gl.\u00a04:19 &#8211; \u201c- por quem de novo sinto as dores de parto at\u00e9 ver Cristo formado em\u00a0v\u00f3s\u201d, ent\u00e3o est\u00e1 correto, mas n\u00e3o \u00e9 este o sentido e sim o de amor intenso. Est\u00e1\u00a0palavra assim como as outras est\u00e3o mal empregadas.<\/p>\n<p class=\"style1\" style=\"text-align: left;\">Ent\u00e3o cuidado com o voc\u00ea est\u00e1\u00a0cantando e o que est\u00e1 repetindo.<\/p>\n<p class=\"style1\" style=\"text-align: left;\">Os l\u00edderes de louvor, em sua\u00a0maioria, t\u00eam uma tend\u00eancia a copiar os modismos sem ter o cuidado de sujeitar\u00a0todas as coisas \u00e0 Palavra de Deus e sem ter o cuidado de verificar, num simples\u00a0dicion\u00e1rio, o que realmente significam as palavras, usam o \u201cach\u00f4metro\u201d e acabam\u00a0errando normalmente.<\/p>\n<p class=\"style1\" style=\"text-align: left;\">Outra tend\u00eancia desses lideres \u00e9\u00a0a desobedi\u00eancia aos seus pastores, o que, constitui rebeli\u00e3o. Sem irmos por este\u00a0caminho, vamos verificar, com todo cuidado o que recebemos e o que vamos\u00a0ministrar ao povo.<\/p>\n<p class=\"style1\" style=\"text-align: left;\">Cuidado: n\u00e3o busquem em fontes\u00a0alheias, elas podem estar contaminadas. Jesus \u00e9 a nossa fonte.<\/p>\n<blockquote style=\"text-align: justify;\">\n<p class=\"style1\" style=\"text-align: left;\">Sl. 87:7 \u2013 \u201cE os\u00a0cantores e tocadores de instrumentos entoar\u00e3o: Todas as minhas\u00a0fontes est\u00e3o em ti.\u201d<\/p>\n<\/blockquote>\n","protected":false},"excerpt":{"rendered":"<p>Com certeza, \u00e9 um t\u00edtulo\u00a0agressivo e pode at\u00e9 chocar alguns irm\u00e3os em Cristo, mas, pior do que isto<\/p>\n","protected":false},"author":1,"featured_media":1491,"comment_status":"open","ping_status":"open","sticky":false,"template":"","format":"standard","meta":{"footnotes":""},"categories":[8],"tags":[24,54],"class_list":["post-217","post","type-post","status-publish","format-standard","has-post-thumbnail","hentry","category-lideranca","tag-apostasia","tag-barulho"],"yoast_head":"<!-- This site is optimized with the Yoast SEO plugin v27.5 - https:\/\/yoast.com\/product\/yoast-seo-wordpress\/ -->\n<title>O Louvor dos Desesperados e dos Imbecis - Pr. Jonas Santana<\/title>\n<meta name=\"robots\" content=\"index, follow, max-snippet:-1, max-image-preview:large, max-video-preview:-1\" \/>\n<link rel=\"canonical\" href=\"https:\/\/www.andandonagraca.org\/site\/?p=217\" \/>\n<meta property=\"og:locale\" content=\"pt_BR\" \/>\n<meta property=\"og:type\" content=\"article\" \/>\n<meta property=\"og:title\" content=\"O Louvor dos Desesperados e dos Imbecis - Pr. Jonas Santana\" \/>\n<meta property=\"og:description\" content=\"Com certeza, \u00e9 um t\u00edtulo\u00a0agressivo e pode at\u00e9 chocar alguns irm\u00e3os em Cristo, mas, pior do que isto\" \/>\n<meta property=\"og:url\" content=\"https:\/\/www.andandonagraca.org\/site\/?p=217\" \/>\n<meta property=\"og:site_name\" content=\"Pr. Jonas Santana\" \/>\n<meta property=\"article:publisher\" content=\"https:\/\/www.facebook.com\/andandonagraca\" \/>\n<meta property=\"article:author\" content=\"https:\/\/www.facebook.com\/andandonagraca\" \/>\n<meta property=\"article:published_time\" content=\"2009-05-15T21:40:43+00:00\" \/>\n<meta property=\"article:modified_time\" content=\"2021-02-10T12:55:07+00:00\" \/>\n<meta property=\"og:image\" content=\"https:\/\/www.andandonagraca.org\/site\/wp-content\/uploads\/2009\/05\/\u00cdndice.jpeg\" \/>\n\t<meta property=\"og:image:width\" content=\"320\" \/>\n\t<meta property=\"og:image:height\" content=\"320\" \/>\n\t<meta property=\"og:image:type\" content=\"image\/jpeg\" \/>\n<meta name=\"author\" content=\"Pr. Jonas Santana\" \/>\n<meta name=\"twitter:card\" content=\"summary_large_image\" \/>\n<meta name=\"twitter:label1\" content=\"Escrito por\" \/>\n\t<meta name=\"twitter:data1\" content=\"Pr. Jonas Santana\" \/>\n\t<meta name=\"twitter:label2\" content=\"Est. tempo de leitura\" \/>\n\t<meta name=\"twitter:data2\" content=\"7 minutos\" \/>\n<script type=\"application\/ld+json\" class=\"yoast-schema-graph\">{\"@context\":\"https:\\\/\\\/schema.org\",\"@graph\":[{\"@type\":\"Article\",\"@id\":\"https:\\\/\\\/www.andandonagraca.org\\\/site\\\/?p=217#article\",\"isPartOf\":{\"@id\":\"https:\\\/\\\/www.andandonagraca.org\\\/site\\\/?p=217\"},\"author\":{\"name\":\"Pr. Jonas Santana\",\"@id\":\"https:\\\/\\\/www.andandonagraca.org\\\/site\\\/#\\\/schema\\\/person\\\/225d0dedb572d4570a947397af2606ed\"},\"headline\":\"O Louvor dos Desesperados e dos Imbecis\",\"datePublished\":\"2009-05-15T21:40:43+00:00\",\"dateModified\":\"2021-02-10T12:55:07+00:00\",\"mainEntityOfPage\":{\"@id\":\"https:\\\/\\\/www.andandonagraca.org\\\/site\\\/?p=217\"},\"wordCount\":1314,\"commentCount\":0,\"image\":{\"@id\":\"https:\\\/\\\/www.andandonagraca.org\\\/site\\\/?p=217#primaryimage\"},\"thumbnailUrl\":\"https:\\\/\\\/www.andandonagraca.org\\\/site\\\/wp-content\\\/uploads\\\/2009\\\/05\\\/\u00cdndice.jpeg\",\"keywords\":[\"apostasia\",\"barulho\"],\"articleSection\":[\"An\u00e1lise da Igreja Moderna &amp; sua Lideran\u00e7a\"],\"inLanguage\":\"pt-BR\",\"potentialAction\":[{\"@type\":\"CommentAction\",\"name\":\"Comment\",\"target\":[\"https:\\\/\\\/www.andandonagraca.org\\\/site\\\/?p=217#respond\"]}]},{\"@type\":\"WebPage\",\"@id\":\"https:\\\/\\\/www.andandonagraca.org\\\/site\\\/?p=217\",\"url\":\"https:\\\/\\\/www.andandonagraca.org\\\/site\\\/?p=217\",\"name\":\"O Louvor dos Desesperados e dos Imbecis - Pr. Jonas Santana\",\"isPartOf\":{\"@id\":\"https:\\\/\\\/www.andandonagraca.org\\\/site\\\/#website\"},\"primaryImageOfPage\":{\"@id\":\"https:\\\/\\\/www.andandonagraca.org\\\/site\\\/?p=217#primaryimage\"},\"image\":{\"@id\":\"https:\\\/\\\/www.andandonagraca.org\\\/site\\\/?p=217#primaryimage\"},\"thumbnailUrl\":\"https:\\\/\\\/www.andandonagraca.org\\\/site\\\/wp-content\\\/uploads\\\/2009\\\/05\\\/\u00cdndice.jpeg\",\"datePublished\":\"2009-05-15T21:40:43+00:00\",\"dateModified\":\"2021-02-10T12:55:07+00:00\",\"author\":{\"@id\":\"https:\\\/\\\/www.andandonagraca.org\\\/site\\\/#\\\/schema\\\/person\\\/225d0dedb572d4570a947397af2606ed\"},\"breadcrumb\":{\"@id\":\"https:\\\/\\\/www.andandonagraca.org\\\/site\\\/?p=217#breadcrumb\"},\"inLanguage\":\"pt-BR\",\"potentialAction\":[{\"@type\":\"ReadAction\",\"target\":[\"https:\\\/\\\/www.andandonagraca.org\\\/site\\\/?p=217\"]}]},{\"@type\":\"ImageObject\",\"inLanguage\":\"pt-BR\",\"@id\":\"https:\\\/\\\/www.andandonagraca.org\\\/site\\\/?p=217#primaryimage\",\"url\":\"https:\\\/\\\/www.andandonagraca.org\\\/site\\\/wp-content\\\/uploads\\\/2009\\\/05\\\/\u00cdndice.jpeg\",\"contentUrl\":\"https:\\\/\\\/www.andandonagraca.org\\\/site\\\/wp-content\\\/uploads\\\/2009\\\/05\\\/\u00cdndice.jpeg\",\"width\":320,\"height\":320},{\"@type\":\"BreadcrumbList\",\"@id\":\"https:\\\/\\\/www.andandonagraca.org\\\/site\\\/?p=217#breadcrumb\",\"itemListElement\":[{\"@type\":\"ListItem\",\"position\":1,\"name\":\"In\u00edcio\",\"item\":\"https:\\\/\\\/www.andandonagraca.org\\\/site\"},{\"@type\":\"ListItem\",\"position\":2,\"name\":\"O Louvor dos Desesperados e dos Imbecis\"}]},{\"@type\":\"WebSite\",\"@id\":\"https:\\\/\\\/www.andandonagraca.org\\\/site\\\/#website\",\"url\":\"https:\\\/\\\/www.andandonagraca.org\\\/site\\\/\",\"name\":\"Pr. Jonas Santana\",\"description\":\"ANDANDO NA GRA\u00c7A - AEMSF\",\"potentialAction\":[{\"@type\":\"SearchAction\",\"target\":{\"@type\":\"EntryPoint\",\"urlTemplate\":\"https:\\\/\\\/www.andandonagraca.org\\\/site\\\/?s={search_term_string}\"},\"query-input\":{\"@type\":\"PropertyValueSpecification\",\"valueRequired\":true,\"valueName\":\"search_term_string\"}}],\"inLanguage\":\"pt-BR\"},{\"@type\":\"Person\",\"@id\":\"https:\\\/\\\/www.andandonagraca.org\\\/site\\\/#\\\/schema\\\/person\\\/225d0dedb572d4570a947397af2606ed\",\"name\":\"Pr. Jonas Santana\",\"image\":{\"@type\":\"ImageObject\",\"inLanguage\":\"pt-BR\",\"@id\":\"https:\\\/\\\/secure.gravatar.com\\\/avatar\\\/7f463b781f71522d52f2ff3dae3592f9f7b0e24187fc413b95cd3efa8429de28?s=96&d=mm&r=g\",\"url\":\"https:\\\/\\\/secure.gravatar.com\\\/avatar\\\/7f463b781f71522d52f2ff3dae3592f9f7b0e24187fc413b95cd3efa8429de28?s=96&d=mm&r=g\",\"contentUrl\":\"https:\\\/\\\/secure.gravatar.com\\\/avatar\\\/7f463b781f71522d52f2ff3dae3592f9f7b0e24187fc413b95cd3efa8429de28?s=96&d=mm&r=g\",\"caption\":\"Pr. Jonas Santana\"},\"description\":\"Pastor, pesquisador b\u00edblico, pregador do Evangelho do Reino A fidelidade requer que entreguemos o evangelho sob todos os \u00e2ngulos, sem omitir nada e sem exagerar em nada. Para isto requer-se muita sabedoria. Nosso desejo \u00e9 compartilhar a sabedoria do Reino de Deus a todos aqueles que o desejam de todo o cora\u00e7\u00e3o.\",\"sameAs\":[\"https:\\\/\\\/www.andandonagraca.org\",\"https:\\\/\\\/www.facebook.com\\\/andandonagraca\",\"https:\\\/\\\/www.instagram.com\\\/andandonagraca\\\/\",\"https:\\\/\\\/www.youtube.com\\\/@andandonagraca\",\"https:\\\/\\\/podcasters.spotify.com\\\/pod\\\/show\\\/andandonagraca\\\/\"],\"url\":\"https:\\\/\\\/www.andandonagraca.org\\\/site\\\/?author=1\"}]}<\/script>\n<!-- \/ Yoast SEO plugin. -->","yoast_head_json":{"title":"O Louvor dos Desesperados e dos Imbecis - Pr. Jonas Santana","robots":{"index":"index","follow":"follow","max-snippet":"max-snippet:-1","max-image-preview":"max-image-preview:large","max-video-preview":"max-video-preview:-1"},"canonical":"https:\/\/www.andandonagraca.org\/site\/?p=217","og_locale":"pt_BR","og_type":"article","og_title":"O Louvor dos Desesperados e dos Imbecis - Pr. Jonas Santana","og_description":"Com certeza, \u00e9 um t\u00edtulo\u00a0agressivo e pode at\u00e9 chocar alguns irm\u00e3os em Cristo, mas, pior do que isto","og_url":"https:\/\/www.andandonagraca.org\/site\/?p=217","og_site_name":"Pr. Jonas Santana","article_publisher":"https:\/\/www.facebook.com\/andandonagraca","article_author":"https:\/\/www.facebook.com\/andandonagraca","article_published_time":"2009-05-15T21:40:43+00:00","article_modified_time":"2021-02-10T12:55:07+00:00","og_image":[{"width":320,"height":320,"url":"https:\/\/www.andandonagraca.org\/site\/wp-content\/uploads\/2009\/05\/\u00cdndice.jpeg","type":"image\/jpeg"}],"author":"Pr. Jonas Santana","twitter_card":"summary_large_image","twitter_misc":{"Escrito por":"Pr. Jonas Santana","Est. tempo de leitura":"7 minutos"},"schema":{"@context":"https:\/\/schema.org","@graph":[{"@type":"Article","@id":"https:\/\/www.andandonagraca.org\/site\/?p=217#article","isPartOf":{"@id":"https:\/\/www.andandonagraca.org\/site\/?p=217"},"author":{"name":"Pr. Jonas Santana","@id":"https:\/\/www.andandonagraca.org\/site\/#\/schema\/person\/225d0dedb572d4570a947397af2606ed"},"headline":"O Louvor dos Desesperados e dos Imbecis","datePublished":"2009-05-15T21:40:43+00:00","dateModified":"2021-02-10T12:55:07+00:00","mainEntityOfPage":{"@id":"https:\/\/www.andandonagraca.org\/site\/?p=217"},"wordCount":1314,"commentCount":0,"image":{"@id":"https:\/\/www.andandonagraca.org\/site\/?p=217#primaryimage"},"thumbnailUrl":"https:\/\/www.andandonagraca.org\/site\/wp-content\/uploads\/2009\/05\/\u00cdndice.jpeg","keywords":["apostasia","barulho"],"articleSection":["An\u00e1lise da Igreja Moderna &amp; sua Lideran\u00e7a"],"inLanguage":"pt-BR","potentialAction":[{"@type":"CommentAction","name":"Comment","target":["https:\/\/www.andandonagraca.org\/site\/?p=217#respond"]}]},{"@type":"WebPage","@id":"https:\/\/www.andandonagraca.org\/site\/?p=217","url":"https:\/\/www.andandonagraca.org\/site\/?p=217","name":"O Louvor dos Desesperados e dos Imbecis - Pr. Jonas Santana","isPartOf":{"@id":"https:\/\/www.andandonagraca.org\/site\/#website"},"primaryImageOfPage":{"@id":"https:\/\/www.andandonagraca.org\/site\/?p=217#primaryimage"},"image":{"@id":"https:\/\/www.andandonagraca.org\/site\/?p=217#primaryimage"},"thumbnailUrl":"https:\/\/www.andandonagraca.org\/site\/wp-content\/uploads\/2009\/05\/\u00cdndice.jpeg","datePublished":"2009-05-15T21:40:43+00:00","dateModified":"2021-02-10T12:55:07+00:00","author":{"@id":"https:\/\/www.andandonagraca.org\/site\/#\/schema\/person\/225d0dedb572d4570a947397af2606ed"},"breadcrumb":{"@id":"https:\/\/www.andandonagraca.org\/site\/?p=217#breadcrumb"},"inLanguage":"pt-BR","potentialAction":[{"@type":"ReadAction","target":["https:\/\/www.andandonagraca.org\/site\/?p=217"]}]},{"@type":"ImageObject","inLanguage":"pt-BR","@id":"https:\/\/www.andandonagraca.org\/site\/?p=217#primaryimage","url":"https:\/\/www.andandonagraca.org\/site\/wp-content\/uploads\/2009\/05\/\u00cdndice.jpeg","contentUrl":"https:\/\/www.andandonagraca.org\/site\/wp-content\/uploads\/2009\/05\/\u00cdndice.jpeg","width":320,"height":320},{"@type":"BreadcrumbList","@id":"https:\/\/www.andandonagraca.org\/site\/?p=217#breadcrumb","itemListElement":[{"@type":"ListItem","position":1,"name":"In\u00edcio","item":"https:\/\/www.andandonagraca.org\/site"},{"@type":"ListItem","position":2,"name":"O Louvor dos Desesperados e dos Imbecis"}]},{"@type":"WebSite","@id":"https:\/\/www.andandonagraca.org\/site\/#website","url":"https:\/\/www.andandonagraca.org\/site\/","name":"Pr. Jonas Santana","description":"ANDANDO NA GRA\u00c7A - AEMSF","potentialAction":[{"@type":"SearchAction","target":{"@type":"EntryPoint","urlTemplate":"https:\/\/www.andandonagraca.org\/site\/?s={search_term_string}"},"query-input":{"@type":"PropertyValueSpecification","valueRequired":true,"valueName":"search_term_string"}}],"inLanguage":"pt-BR"},{"@type":"Person","@id":"https:\/\/www.andandonagraca.org\/site\/#\/schema\/person\/225d0dedb572d4570a947397af2606ed","name":"Pr. Jonas Santana","image":{"@type":"ImageObject","inLanguage":"pt-BR","@id":"https:\/\/secure.gravatar.com\/avatar\/7f463b781f71522d52f2ff3dae3592f9f7b0e24187fc413b95cd3efa8429de28?s=96&d=mm&r=g","url":"https:\/\/secure.gravatar.com\/avatar\/7f463b781f71522d52f2ff3dae3592f9f7b0e24187fc413b95cd3efa8429de28?s=96&d=mm&r=g","contentUrl":"https:\/\/secure.gravatar.com\/avatar\/7f463b781f71522d52f2ff3dae3592f9f7b0e24187fc413b95cd3efa8429de28?s=96&d=mm&r=g","caption":"Pr. Jonas Santana"},"description":"Pastor, pesquisador b\u00edblico, pregador do Evangelho do Reino A fidelidade requer que entreguemos o evangelho sob todos os \u00e2ngulos, sem omitir nada e sem exagerar em nada. Para isto requer-se muita sabedoria. Nosso desejo \u00e9 compartilhar a sabedoria do Reino de Deus a todos aqueles que o desejam de todo o cora\u00e7\u00e3o.","sameAs":["https:\/\/www.andandonagraca.org","https:\/\/www.facebook.com\/andandonagraca","https:\/\/www.instagram.com\/andandonagraca\/","https:\/\/www.youtube.com\/@andandonagraca","https:\/\/podcasters.spotify.com\/pod\/show\/andandonagraca\/"],"url":"https:\/\/www.andandonagraca.org\/site\/?author=1"}]}},"_links":{"self":[{"href":"https:\/\/www.andandonagraca.org\/site\/index.php?rest_route=\/wp\/v2\/posts\/217","targetHints":{"allow":["GET"]}}],"collection":[{"href":"https:\/\/www.andandonagraca.org\/site\/index.php?rest_route=\/wp\/v2\/posts"}],"about":[{"href":"https:\/\/www.andandonagraca.org\/site\/index.php?rest_route=\/wp\/v2\/types\/post"}],"author":[{"embeddable":true,"href":"https:\/\/www.andandonagraca.org\/site\/index.php?rest_route=\/wp\/v2\/users\/1"}],"replies":[{"embeddable":true,"href":"https:\/\/www.andandonagraca.org\/site\/index.php?rest_route=%2Fwp%2Fv2%2Fcomments&post=217"}],"version-history":[{"count":0,"href":"https:\/\/www.andandonagraca.org\/site\/index.php?rest_route=\/wp\/v2\/posts\/217\/revisions"}],"wp:featuredmedia":[{"embeddable":true,"href":"https:\/\/www.andandonagraca.org\/site\/index.php?rest_route=\/wp\/v2\/media\/1491"}],"wp:attachment":[{"href":"https:\/\/www.andandonagraca.org\/site\/index.php?rest_route=%2Fwp%2Fv2%2Fmedia&parent=217"}],"wp:term":[{"taxonomy":"category","embeddable":true,"href":"https:\/\/www.andandonagraca.org\/site\/index.php?rest_route=%2Fwp%2Fv2%2Fcategories&post=217"},{"taxonomy":"post_tag","embeddable":true,"href":"https:\/\/www.andandonagraca.org\/site\/index.php?rest_route=%2Fwp%2Fv2%2Ftags&post=217"}],"curies":[{"name":"wp","href":"https:\/\/api.w.org\/{rel}","templated":true}]}}