{"id":2465,"date":"2008-04-15T09:33:27","date_gmt":"2008-04-15T12:33:27","guid":{"rendered":"https:\/\/www.andandonagraca.org\/site\/?p=2465"},"modified":"2018-03-11T09:36:57","modified_gmt":"2018-03-11T12:36:57","slug":"maldicao-sem-causa-nao-vira-ii","status":"publish","type":"post","link":"https:\/\/www.andandonagraca.org\/site\/?p=2465","title":{"rendered":"MALDI\u00c7\u00c3O SEM CAUSA N\u00c3O VIR\u00c1 (II)"},"content":{"rendered":"<p>Gostaria de retomar o tema: \u201cMaldi\u00e7\u00e3o sem causa n\u00e3o vir\u00e1\u201d. E por que? Em primeiro lugar veja o que diz a Palavra de Deus acerca deste assunto:<\/p>\n<p><em>Prov\u00e9rbios 26:2 \u2013 \u201cComo o p\u00e1ssaro no seu vaguear, e como a andorinha no seu v\u00f4o, assim a maldi\u00e7\u00e3o sem causa n\u00e3o vir\u00e1\u201d.<\/em><!--more--><\/p>\n<p><em>Isa\u00edas 54:17 &#8211; \u201cN\u00e3o prosperar\u00e1 nenhuma arma forjada contra ti; e toda l\u00edngua que se levantar contra ti em ju\u00edzo, tu a condenar\u00e1s; esta \u00e9 a heran\u00e7a dos servos do Senhor, e a sua justifica\u00e7\u00e3o que de mim procede, diz o Senhor\u201d.<\/em><\/p>\n<p><em>Salmos 91:10 \u2013 \u201cnenhum mal te suceder\u00e1, nem praga alguma chegar\u00e1 \u00e0 tua tenda\u201d.<\/em><\/p>\n<p>Temos a Palavra de Deus como regra em nossas vidas, ent\u00e3o precisamos crer mais nesta Palavra do que na palavra dos homens. Por que este tema?<\/p>\n<p>Cada vez mais, nos \u00faltimos dias, l\u00edderes de grandes denomina\u00e7\u00f5es fazem amea\u00e7as veladas a todos os que saem de suas coberturas, intimidando as pessoas com esta pr\u00e1tica. Esses irm\u00e3os vivem infelizes, frustrados e se calam com medo dessas maldi\u00e7\u00f5es.<\/p>\n<p>Infelizmente tais homens utilizam a Palavra de Deus como fundamento \u00e0s suas posi\u00e7\u00f5es e \u00e9 isto que deixa as pessoas amedrontadas. S\u00e3o l\u00edderes que manipulam a Palavra usando verdades com meias verdades infligindo em seus ouvintes o terror, obrigando-os a se submeterem ao que eles pensam e decidem, \u00e0 for\u00e7a.<\/p>\n<p>Vamos ver um exemplo pr\u00e1tico: algu\u00e9m perguntou a um l\u00edder evang\u00e9lico, em seu programa de TV, se era certo um pastor sair de uma denomina\u00e7\u00e3o. Acontece que o pastor em causa n\u00e3o se contentou em sair da denomina\u00e7\u00e3o, logo em seguida ele formou uma nova denomina\u00e7\u00e3o e por cartas estava aliciando os membros da primeira denomina\u00e7\u00e3o a virem se ajuntar a ele nesta nova \u201cigreja\u201d. Isto \u00e9 certo?<\/p>\n<p>A resposta do l\u00edder da TV foi: Prov\u00e9rbios 18:1 \u2013 <em>\u201cBusca seu pr\u00f3prio desejo aquele que se separa; ele insurge-se contra a verdadeira sabedoria\u201d<\/em>. E continuou: Todo aquele que se separa est\u00e1 buscando os seus pr\u00f3prios interesses e sempre h\u00e1 interesses escusos por tr\u00e1s desta atitude. Todos que se separam querem se autopromover, querem satisfazer os seus desejos e por isso se levantam contra a verdadeira sabedoria.<\/p>\n<p>Ora, em parte esta resposta est\u00e1 correta, pois, no exemplo citado o homem saiu da denomina\u00e7\u00e3o e logo em seguida foi aliciar as ovelhas alheias. Toda grande denomina\u00e7\u00e3o tem um l\u00edder e muitos pastores, at\u00e9 muitos bispos, mas, as ovelhas n\u00e3o s\u00e3o dos pastores e sim do \u201cgrande l\u00edder\u201d. Sendo assim este pequeno pastor errou ao sair fazendo o aliciamento de ovelhas que n\u00e3o eram suas, ele sabia que as ovelhas n\u00e3o eram suas, mesmo as que ele batizou, discipulou, etc. Ele fez isso debaixo de uma denomina\u00e7\u00e3o onde tem um l\u00edder. Como assim?<\/p>\n<p>Imagine uma lavoura numa grande fazenda. A propriedade tem um dono, o respons\u00e1vel legal. Como esta fazenda \u00e9 muito grande este propriet\u00e1rio arrenda ou empresta pequenas partes a v\u00e1rios colonos para que estes plantem, cuidem e fa\u00e7am a colheita. Quando chegar a hora de prestar contas o colono n\u00e3o poder\u00e1 reivindicar a propriedade da parte que lhe foi confiada, alegando que foi ele quem trabalhou, quem fez todo o esfor\u00e7o e por isso aquilo agora \u00e9 dele. Com certeza o propriet\u00e1rio da terra entrar\u00e1 com um mandado de reintegra\u00e7\u00e3o de posse porque toda a terra lhe pertence e h\u00e1 um acordo com o colono de que ele trabalharia na terra, mas o resultado deste trabalho n\u00e3o lhe pertenceria, para isso ele seria recompensado, mas n\u00e3o teria a propriedade.<\/p>\n<p>Assim \u00e9 uma denomina\u00e7\u00e3o. O l\u00edder desta denomina\u00e7\u00e3o \u00e9 o seu \u201cpropriet\u00e1rio\u201d, ele divide a sua denomina\u00e7\u00e3o em v\u00e1rias congrega\u00e7\u00f5es e as delega a pastores que fazem todo o trabalho, mas, conscientes de que as congrega\u00e7\u00f5es n\u00e3o lhes pertencem, a qualquer momento dever\u00e3o prestar contas e se for preciso dever\u00e3o devolv\u00ea-las.<\/p>\n<p>Por isso afirmei que em parte a resposta est\u00e1 correta, porque ao generalizar que todos os que se separam est\u00e3o buscando os seus pr\u00f3prios interesses e tem motivos escusos, e ainda ao refor\u00e7ar a segunda parte do vers\u00edculo, este pastor da TV, como todo l\u00edder de grande denomina\u00e7\u00e3o, se coloca como dono da verdadeira sabedoria e qualquer um que discordar dele est\u00e1 mal, \u00e9 um rebelde, um ladr\u00e3o, etc., mas ser\u00e1 que isto \u00e9 assim? N\u00e3o! Porque, em geral, esse l\u00edder tamb\u00e9m fez a mesma coisa no passado!<\/p>\n<p>Onde podemos ver atitudes semelhantes a estas? Examinem a hist\u00f3ria e ver\u00e3o que todos os ditadores agiram assim, eliminando todos os que lhes faziam oposi\u00e7\u00e3o. Normalmente os l\u00edderes come\u00e7am defendendo a verdade, com bons ideais, mas quando alcan\u00e7am o poder transformam-se mostrando as falhas de seu car\u00e1ter. Ent\u00e3o, para encobrir as suas falhas, os seus temores, tornam-se agressivos e violentos, desconfiados, e as pessoas ao redor passam a n\u00e3o ter valor (podemos afirmar que s\u00e3o \u201cdescart\u00e1veis\u201d), mas ainda assim eles n\u00e3o querem que ningu\u00e9m saia do seu comando. Por qu\u00ea?<\/p>\n<p>Lideran\u00e7a tem v\u00e1rios n\u00edveis: posi\u00e7\u00e3o, permiss\u00e3o, produ\u00e7\u00e3o, reprodu\u00e7\u00e3o e respeito. N\u00e3o vamos nos ater a cada um destes n\u00edveis, apenas quero mencion\u00e1-los, isto \u00e9 tema para outro estudo. Mas o l\u00edder que atinge a posi\u00e7\u00e3o de respeito \u00e9 algu\u00e9m que conseguiu, ao longo dos anos, transmitir os seus ideais e fez seguidores fieis, e estes seguidores sentem prazer em trabalhar para este l\u00edder e fazer com que a sua obra (igreja, empresa, etc.) progrida. Com certeza o maior exemplo de lideran\u00e7a de respeito \u00e9 o Senhor Jesus Cristo, pois a cada ano os seus seguidores aumentam e todos sentem prazer e alegria em se multiplicar.<\/p>\n<p>As pessoas suportam um l\u00edder de posi\u00e7\u00e3o por \u201cn\u201d motivos, mas \u00e9 uma lideran\u00e7a baix\u00edssima, nenhum l\u00edder verdadeiro quer permanecer neste n\u00edvel. Os ditadores, normalmente, foram l\u00edderes respeitados, mas n\u00e3o souberam manter-se l\u00e1. Por quest\u00f5es comportamentais foram declinando at\u00e9 retornar ao n\u00edvel de posi\u00e7\u00e3o e para se manter em lideran\u00e7a usam de amea\u00e7as, maldi\u00e7\u00f5es, viol\u00eancias, manipula\u00e7\u00f5es, jugos, calunias, difama\u00e7\u00f5es, etc. Ent\u00e3o as pessoas que ficam ao lado destes l\u00edderes o fazem por medo, ou porque precisam do sal\u00e1rio, ou porque est\u00e3o aproveitando da situa\u00e7\u00e3o (ao lado dos ditadores sempre existiram aqueles que aproveitaram da situa\u00e7\u00e3o em benef\u00edcio pr\u00f3prio), outros n\u00e3o conseguem enxergar a verdade e s\u00e3o seduzidos pelas palavras e atitudes destes l\u00edderes (basta ver o exemplo de Hitler).<\/p>\n<p>Recentemente ouvi acerca de um pastor que estava muito descontente com as atitudes do seu l\u00edder, e isto foi piorando cada vez mais. Juntamente com sua esposa, este pastor come\u00e7ou a pensar em sair da denomina\u00e7\u00e3o e consequentemente sair do dom\u00ednio deste l\u00edder mau. Alguns dias depois ele ouviu o seu l\u00edder amaldi\u00e7oando todos aqueles que sa\u00edssem de sua denomina\u00e7\u00e3o (menciono este fato na primeira parte deste artigo) e isto gerou neste casal uma grande intimida\u00e7\u00e3o; alguns dias depois este pastor teve um enfarte e logo associou este incidente com a mensagem do seu l\u00edder, ainda que n\u00e3o tivesse sa\u00eddo da denomina\u00e7\u00e3o e simplesmente foi um pensamento, uma conversa, que ele e sua esposa tiveram. Deus enviou outro pastor ao hospital e este homem p\u00f4de receber o alivio e ser ministrado com esta palavra, afinal \u201cmaldi\u00e7\u00e3o sem causa n\u00e3o vir\u00e1\u201d.<\/p>\n<p>Mas afinal, se o l\u00edder da denomina\u00e7\u00e3o estiver agindo errado e contra a Palavra de Deus, eu posso deixar esta lideran\u00e7a sem ser amaldi\u00e7oado, sem medo e com a Paz de Deus em meu cora\u00e7\u00e3o?<\/p>\n<p>Resposta: SIM!<\/p>\n<p>No final do primeiro artigo eu afirmei: \u201cDa mesma maneira todo pastor, ou ap\u00f3stolo, ou bispo, ou profeta, que nos mandar ir contra a Palavra de Deus, vamos desobedec\u00ea-lo e sem perigo de maldi\u00e7\u00e3o. Se qualquer um destes pregar que Deus aprova o div\u00f3rcio, ou mandar algum marido divorciar de sua esposa, ou o contr\u00e1rio, ou permitir que ad\u00falteros e fornicadores ministrem o louvor em suas igrejas, se qualquer um destes der mais valor ao dinheiro do que as pessoas, e assim por diante, eu vos digo: \u2018Mais importa obedecer a Deus do que aos homens\u2019\u201d. Reitero estas palavras e para confirmar ainda mais vejamos o exemplo de Davi em rela\u00e7\u00e3o a Saul:<\/p>\n<p>Saul, rei, ungido por Samuel a mando de Deus, come\u00e7ou muito bem, obediente a Deus e ao Profeta e continuou assim por um bom tempo, com vit\u00f3rias sobre os inimigos, tendo a aprova\u00e7\u00e3o do povo. Tudo corria muito bem at\u00e9 que deliberadamente e descaradamente desobedeceu a uma ordem do profeta, consequentemente uma ordem de Deus. Samuel deu uma ordem a Saul: este deveria esperar sete dias at\u00e9 que Samuel voltasse e ent\u00e3o iria oferecer o sacrif\u00edcio &#8211; fun\u00e7\u00e3o do sacerdote \u2013 uma ordem simples, bastava ser cumprida. Mas Saul desobedeceu e ao ser confrontado por Samuel n\u00e3o reconheceu o seu erro e ainda colocou a culpa no povo. Devido a esta atitude Saul foi duramente repreendido por Samuel e por isso veio \u00e0 senten\u00e7a que o seu reinado n\u00e3o subsistiria (I Sm. 13:13 e 14). Mas ainda continuou no reinado, at\u00e9 que mais uma vez desobedeceu deliberadamente \u00e0s instru\u00e7\u00f5es de Deus (I Sm. 15). \u00a0Ao poupar a vida de Agague e tomar os animais e o melhor que havia, Saul tirou os olhos de Deus e cobi\u00e7ou o poder e as riquezas deste mundo, cobi\u00e7ou o que era desprez\u00edvel para Deus.<\/p>\n<p>O vers\u00edculo 11 do Cap\u00edtulo 15 diz que Deus se arrependeu de p\u00f4r Saul como rei, porque este deixou de seguir a Deus de executar as suas Palavras. Ainda assim Saul n\u00e3o mostra arrependimento, ainda se mostra pretensioso e arrogante. \u00c9 interessante notar que apesar disso Saul continua como rei durante muito tempo apesar de Deus retirar a sua un\u00e7\u00e3o.<\/p>\n<p>Porque o l\u00edder continua no \u201cpoder\u201d, ou a frente da denomina\u00e7\u00e3o, continua pregando, orando, viajando, abrindo novas congrega\u00e7\u00f5es, formando novos \u201cpastores\u201d, angariando riquezas muita gente pensa que a un\u00e7\u00e3o de Deus continua sobre este l\u00edder, esquecendo que os dons s\u00e3o dados sem arrependimento, por isso n\u00e3o s\u00e3o tirados (Rm. 11:29).<\/p>\n<p>A prova desta afirma\u00e7\u00e3o est\u00e1 em Mateus 7:21-23: <em>\u201cNem todo o que me diz: Senhor, Senhor! Entrar\u00e1 no Reino dos c\u00e9us, mas aquele que faz a vontade de meu Pai, que est\u00e1 nos c\u00e9us. Muitos me dir\u00e3o naquele Dia: Senhor, Senhor, n\u00e3o profetizamos n\u00f3s em teu nome? E, em teu nome, n\u00e3o expulsamos dem\u00f4nios? E, em teu nome, n\u00e3o fizemos muitas maravilhas? Ent\u00e3o, lhes direi explicitamente: nunca vos conheci. Apartai-vos de mim, os que praticais a iniquidade\u201d. \u00a0<\/em><\/p>\n<p>Estas pessoas \u201ccumpriram\u201d o mandamento de Deus \u00e0 risca, mas o problema est\u00e1 no final do v. 23, onde afirma que tais pessoas nunca abandonaram a pr\u00e1tica da iniquidade. Apesar fazerem o que \u00e9 certo, aparentemente, as inten\u00e7\u00f5es do cora\u00e7\u00e3o sempre foram malignas. Se buscarmos nossos interesses em detrimento aos interesses de Deus, isto \u00e9, iniquidade.<\/p>\n<p>Deus elegeu um novo rei, Davi, foi ungido por Samuel, mas apesar de ser rei ungido, n\u00e3o era rei empossado. Davi esperou cerca de sete anos por Israel e cerca de quinze anos por Jud\u00e1. O verdadeiro l\u00edder nunca se imp\u00f5e, mas espera que sua lideran\u00e7a seja reconhecida. Assim foi com Davi ele esperou at\u00e9 que o povo lhe conduziu ao trono.<\/p>\n<p>Durante o tempo de espera de Davi, Saul foi de mal a pior. Consultou uma necromante (leia neste site \u201cSaul e a feiticeira\u201d), jurou de morte e perseguiu a Davi, encheu-se de inveja e de \u00f3dio, lan\u00e7ou maldi\u00e7\u00f5es, fez votos tolos, foi atormentado por esp\u00edrito maligno. Mas a <em>atitude de Davi foi magn\u00edfica, preferiu fugir, se esconder a ter que tocar no ungido de Deus. \u201cE disse Davi a Abisai: Nenhum dano lhe fa\u00e7as; porque quem estendeu a sua m\u00e3o contra o ungido do SENHOR e ficou inocente? \u201d<\/em> (I Sm. 26: 9).<\/p>\n<p>Davi tinha a consci\u00eancia de Deus, entendia bem o que \u00e9 autoridade e submiss\u00e3o, o princ\u00edpio do Reino de Deus.<\/p>\n<p>Davi nunca atacou a Saul, nunca fez armadilhas, nunca caluniou, sempre foi submisso, mas na loucura de Saul n\u00e3o havia mais como ser submisso a Saul, ent\u00e3o Davi se afastou, deixou a lideran\u00e7a de Saul e mesmo sendo perseguido e amaldi\u00e7oado n\u00e3o revidou e por isso Deus o honrou.<\/p>\n<p>Saul teve um final tr\u00e1gico, sua descend\u00eancia n\u00e3o assumiu o trono. Saul confirmou a frase: \u201co orgulho precede a queda\u201d. Esta frase \u00e9 confirmada em Prov\u00e9rbios 29:23 &#8211; <em>\u201cA soberba do homem o abater\u00e1; mas o humilde de esp\u00edrito obter\u00e1 honra. \u201d<\/em> E tamb\u00e9m em Prov\u00e9rbios 16:18 diz: &#8211; <em>\u201cA soberba precede a destrui\u00e7\u00e3o, e a altivez do esp\u00edrito precede a queda. \u201d<\/em><\/p>\n<p>Afinal, precisamos temer as maldi\u00e7\u00f5es de homens que praticam a iniquidade, apesar destes homens serem l\u00edderes de denomina\u00e7\u00f5es, terem muito poder e riquezas?<\/p>\n<p>De modo algum. Fa\u00e7amos como Davi, sigamos o seu exemplo. Todos n\u00f3s dever\u00edamos estudar o livro de I Samuel Cap\u00edtulos 8 a 31.<\/p>\n<p>Lamentamos o fato de ver homens que come\u00e7aram muito bem, lan\u00e7ando a semente, andando e chorando, e quando chega \u00e0 hora de colher os frutos com alegria, por verem a grande multiplica\u00e7\u00e3o que Deus d\u00e1, estes homens enchem-se de orgulho, com a fama e a riqueza vem \u00e0 soberba, a lideran\u00e7a \u00e9 trocada por um autoritarismo sem sentido. Quantos l\u00edderes ao longo da hist\u00f3ria ca\u00edram em desgra\u00e7a, porque deixaram o Senhor nem foram obedientes a Sua Palavra. Da mesma maneira que muitas pessoas fugiram do nazismo, comunismo, do fascismo, por n\u00e3o suportarem as atrocidades cometidas pelos \u201cl\u00edderes\u201d destes movimentos, por qual raz\u00e3o um crist\u00e3o temente a Deus, fiel a Palavra, deve ficar submisso a algu\u00e9m que deixou o temor do Senhor e que n\u00e3o obedece a Sua palavra?<\/p>\n<p>Repito a afirma\u00e7\u00e3o de Pedro:<\/p>\n<p><strong>\u201cMais importa obedecer a Deus do que aos homens\u201d.<\/strong><\/p>\n<p>&nbsp;<\/p>\n<p>&nbsp;<\/p>\n","protected":false},"excerpt":{"rendered":"<p>Gostaria de retomar o tema: \u201cMaldi\u00e7\u00e3o sem causa n\u00e3o vir\u00e1\u201d. E por que? Em primeiro lugar veja o<\/p>\n","protected":false},"author":1,"featured_media":1505,"comment_status":"open","ping_status":"open","sticky":false,"template":"","format":"standard","meta":{"footnotes":""},"categories":[8],"tags":[24,23,22,58,28],"class_list":["post-2465","post","type-post","status-publish","format-standard","has-post-thumbnail","hentry","category-lideranca","tag-apostasia","tag-engano","tag-falsos","tag-maldicao","tag-rebeliao"],"yoast_head":"<!-- This site is optimized with the Yoast SEO plugin v27.5 - https:\/\/yoast.com\/product\/yoast-seo-wordpress\/ -->\n<title>MALDI\u00c7\u00c3O SEM CAUSA N\u00c3O VIR\u00c1 (II) - Pr. Jonas Santana<\/title>\n<meta name=\"robots\" content=\"index, follow, max-snippet:-1, max-image-preview:large, max-video-preview:-1\" \/>\n<link rel=\"canonical\" href=\"https:\/\/www.andandonagraca.org\/site\/?p=2465\" \/>\n<meta property=\"og:locale\" content=\"pt_BR\" \/>\n<meta property=\"og:type\" content=\"article\" \/>\n<meta property=\"og:title\" content=\"MALDI\u00c7\u00c3O SEM CAUSA N\u00c3O VIR\u00c1 (II) - Pr. Jonas Santana\" \/>\n<meta property=\"og:description\" content=\"Gostaria de retomar o tema: \u201cMaldi\u00e7\u00e3o sem causa n\u00e3o vir\u00e1\u201d. E por que? Em primeiro lugar veja o\" \/>\n<meta property=\"og:url\" content=\"https:\/\/www.andandonagraca.org\/site\/?p=2465\" \/>\n<meta property=\"og:site_name\" content=\"Pr. Jonas Santana\" \/>\n<meta property=\"article:publisher\" content=\"https:\/\/www.facebook.com\/andandonagraca\" \/>\n<meta property=\"article:author\" content=\"https:\/\/www.facebook.com\/andandonagraca\" \/>\n<meta property=\"article:published_time\" content=\"2008-04-15T12:33:27+00:00\" \/>\n<meta property=\"article:modified_time\" content=\"2018-03-11T12:36:57+00:00\" \/>\n<meta property=\"og:image\" content=\"https:\/\/www.andandonagraca.org\/site\/wp-content\/uploads\/2008\/03\/arrogancia.jpg\" \/>\n\t<meta property=\"og:image:width\" content=\"320\" \/>\n\t<meta property=\"og:image:height\" content=\"320\" \/>\n\t<meta property=\"og:image:type\" content=\"image\/jpeg\" \/>\n<meta name=\"author\" content=\"Pr. Jonas Santana\" \/>\n<meta name=\"twitter:card\" content=\"summary_large_image\" \/>\n<meta name=\"twitter:label1\" content=\"Escrito por\" \/>\n\t<meta name=\"twitter:data1\" content=\"Pr. Jonas Santana\" \/>\n\t<meta name=\"twitter:label2\" content=\"Est. tempo de leitura\" \/>\n\t<meta name=\"twitter:data2\" content=\"12 minutos\" \/>\n<script type=\"application\/ld+json\" class=\"yoast-schema-graph\">{\"@context\":\"https:\\\/\\\/schema.org\",\"@graph\":[{\"@type\":\"Article\",\"@id\":\"https:\\\/\\\/www.andandonagraca.org\\\/site\\\/?p=2465#article\",\"isPartOf\":{\"@id\":\"https:\\\/\\\/www.andandonagraca.org\\\/site\\\/?p=2465\"},\"author\":{\"name\":\"Pr. Jonas Santana\",\"@id\":\"https:\\\/\\\/www.andandonagraca.org\\\/site\\\/#\\\/schema\\\/person\\\/225d0dedb572d4570a947397af2606ed\"},\"headline\":\"MALDI\u00c7\u00c3O SEM CAUSA N\u00c3O VIR\u00c1 (II)\",\"datePublished\":\"2008-04-15T12:33:27+00:00\",\"dateModified\":\"2018-03-11T12:36:57+00:00\",\"mainEntityOfPage\":{\"@id\":\"https:\\\/\\\/www.andandonagraca.org\\\/site\\\/?p=2465\"},\"wordCount\":2445,\"commentCount\":0,\"image\":{\"@id\":\"https:\\\/\\\/www.andandonagraca.org\\\/site\\\/?p=2465#primaryimage\"},\"thumbnailUrl\":\"https:\\\/\\\/www.andandonagraca.org\\\/site\\\/wp-content\\\/uploads\\\/2008\\\/03\\\/arrogancia.jpg\",\"keywords\":[\"apostasia\",\"engano\",\"falsos\",\"maldi\u00e7\u00e3o\",\"rebeli\u00e3o\"],\"articleSection\":[\"An\u00e1lise da Igreja Moderna &amp; sua Lideran\u00e7a\"],\"inLanguage\":\"pt-BR\",\"potentialAction\":[{\"@type\":\"CommentAction\",\"name\":\"Comment\",\"target\":[\"https:\\\/\\\/www.andandonagraca.org\\\/site\\\/?p=2465#respond\"]}]},{\"@type\":\"WebPage\",\"@id\":\"https:\\\/\\\/www.andandonagraca.org\\\/site\\\/?p=2465\",\"url\":\"https:\\\/\\\/www.andandonagraca.org\\\/site\\\/?p=2465\",\"name\":\"MALDI\u00c7\u00c3O SEM CAUSA N\u00c3O VIR\u00c1 (II) - Pr. Jonas Santana\",\"isPartOf\":{\"@id\":\"https:\\\/\\\/www.andandonagraca.org\\\/site\\\/#website\"},\"primaryImageOfPage\":{\"@id\":\"https:\\\/\\\/www.andandonagraca.org\\\/site\\\/?p=2465#primaryimage\"},\"image\":{\"@id\":\"https:\\\/\\\/www.andandonagraca.org\\\/site\\\/?p=2465#primaryimage\"},\"thumbnailUrl\":\"https:\\\/\\\/www.andandonagraca.org\\\/site\\\/wp-content\\\/uploads\\\/2008\\\/03\\\/arrogancia.jpg\",\"datePublished\":\"2008-04-15T12:33:27+00:00\",\"dateModified\":\"2018-03-11T12:36:57+00:00\",\"author\":{\"@id\":\"https:\\\/\\\/www.andandonagraca.org\\\/site\\\/#\\\/schema\\\/person\\\/225d0dedb572d4570a947397af2606ed\"},\"breadcrumb\":{\"@id\":\"https:\\\/\\\/www.andandonagraca.org\\\/site\\\/?p=2465#breadcrumb\"},\"inLanguage\":\"pt-BR\",\"potentialAction\":[{\"@type\":\"ReadAction\",\"target\":[\"https:\\\/\\\/www.andandonagraca.org\\\/site\\\/?p=2465\"]}]},{\"@type\":\"ImageObject\",\"inLanguage\":\"pt-BR\",\"@id\":\"https:\\\/\\\/www.andandonagraca.org\\\/site\\\/?p=2465#primaryimage\",\"url\":\"https:\\\/\\\/www.andandonagraca.org\\\/site\\\/wp-content\\\/uploads\\\/2008\\\/03\\\/arrogancia.jpg\",\"contentUrl\":\"https:\\\/\\\/www.andandonagraca.org\\\/site\\\/wp-content\\\/uploads\\\/2008\\\/03\\\/arrogancia.jpg\",\"width\":320,\"height\":320},{\"@type\":\"BreadcrumbList\",\"@id\":\"https:\\\/\\\/www.andandonagraca.org\\\/site\\\/?p=2465#breadcrumb\",\"itemListElement\":[{\"@type\":\"ListItem\",\"position\":1,\"name\":\"In\u00edcio\",\"item\":\"https:\\\/\\\/www.andandonagraca.org\\\/site\"},{\"@type\":\"ListItem\",\"position\":2,\"name\":\"MALDI\u00c7\u00c3O SEM CAUSA N\u00c3O VIR\u00c1 (II)\"}]},{\"@type\":\"WebSite\",\"@id\":\"https:\\\/\\\/www.andandonagraca.org\\\/site\\\/#website\",\"url\":\"https:\\\/\\\/www.andandonagraca.org\\\/site\\\/\",\"name\":\"Pr. Jonas Santana\",\"description\":\"ANDANDO NA GRA\u00c7A - AEMSF\",\"potentialAction\":[{\"@type\":\"SearchAction\",\"target\":{\"@type\":\"EntryPoint\",\"urlTemplate\":\"https:\\\/\\\/www.andandonagraca.org\\\/site\\\/?s={search_term_string}\"},\"query-input\":{\"@type\":\"PropertyValueSpecification\",\"valueRequired\":true,\"valueName\":\"search_term_string\"}}],\"inLanguage\":\"pt-BR\"},{\"@type\":\"Person\",\"@id\":\"https:\\\/\\\/www.andandonagraca.org\\\/site\\\/#\\\/schema\\\/person\\\/225d0dedb572d4570a947397af2606ed\",\"name\":\"Pr. Jonas Santana\",\"image\":{\"@type\":\"ImageObject\",\"inLanguage\":\"pt-BR\",\"@id\":\"https:\\\/\\\/secure.gravatar.com\\\/avatar\\\/7f463b781f71522d52f2ff3dae3592f9f7b0e24187fc413b95cd3efa8429de28?s=96&d=mm&r=g\",\"url\":\"https:\\\/\\\/secure.gravatar.com\\\/avatar\\\/7f463b781f71522d52f2ff3dae3592f9f7b0e24187fc413b95cd3efa8429de28?s=96&d=mm&r=g\",\"contentUrl\":\"https:\\\/\\\/secure.gravatar.com\\\/avatar\\\/7f463b781f71522d52f2ff3dae3592f9f7b0e24187fc413b95cd3efa8429de28?s=96&d=mm&r=g\",\"caption\":\"Pr. Jonas Santana\"},\"description\":\"Pastor, pesquisador b\u00edblico, pregador do Evangelho do Reino A fidelidade requer que entreguemos o evangelho sob todos os \u00e2ngulos, sem omitir nada e sem exagerar em nada. Para isto requer-se muita sabedoria. Nosso desejo \u00e9 compartilhar a sabedoria do Reino de Deus a todos aqueles que o desejam de todo o cora\u00e7\u00e3o.\",\"sameAs\":[\"https:\\\/\\\/www.andandonagraca.org\",\"https:\\\/\\\/www.facebook.com\\\/andandonagraca\",\"https:\\\/\\\/www.instagram.com\\\/andandonagraca\\\/\",\"https:\\\/\\\/www.youtube.com\\\/@andandonagraca\",\"https:\\\/\\\/podcasters.spotify.com\\\/pod\\\/show\\\/andandonagraca\\\/\"],\"url\":\"https:\\\/\\\/www.andandonagraca.org\\\/site\\\/?author=1\"}]}<\/script>\n<!-- \/ Yoast SEO plugin. -->","yoast_head_json":{"title":"MALDI\u00c7\u00c3O SEM CAUSA N\u00c3O VIR\u00c1 (II) - Pr. Jonas Santana","robots":{"index":"index","follow":"follow","max-snippet":"max-snippet:-1","max-image-preview":"max-image-preview:large","max-video-preview":"max-video-preview:-1"},"canonical":"https:\/\/www.andandonagraca.org\/site\/?p=2465","og_locale":"pt_BR","og_type":"article","og_title":"MALDI\u00c7\u00c3O SEM CAUSA N\u00c3O VIR\u00c1 (II) - Pr. Jonas Santana","og_description":"Gostaria de retomar o tema: \u201cMaldi\u00e7\u00e3o sem causa n\u00e3o vir\u00e1\u201d. E por que? Em primeiro lugar veja o","og_url":"https:\/\/www.andandonagraca.org\/site\/?p=2465","og_site_name":"Pr. Jonas Santana","article_publisher":"https:\/\/www.facebook.com\/andandonagraca","article_author":"https:\/\/www.facebook.com\/andandonagraca","article_published_time":"2008-04-15T12:33:27+00:00","article_modified_time":"2018-03-11T12:36:57+00:00","og_image":[{"width":320,"height":320,"url":"https:\/\/www.andandonagraca.org\/site\/wp-content\/uploads\/2008\/03\/arrogancia.jpg","type":"image\/jpeg"}],"author":"Pr. Jonas Santana","twitter_card":"summary_large_image","twitter_misc":{"Escrito por":"Pr. Jonas Santana","Est. tempo de leitura":"12 minutos"},"schema":{"@context":"https:\/\/schema.org","@graph":[{"@type":"Article","@id":"https:\/\/www.andandonagraca.org\/site\/?p=2465#article","isPartOf":{"@id":"https:\/\/www.andandonagraca.org\/site\/?p=2465"},"author":{"name":"Pr. Jonas Santana","@id":"https:\/\/www.andandonagraca.org\/site\/#\/schema\/person\/225d0dedb572d4570a947397af2606ed"},"headline":"MALDI\u00c7\u00c3O SEM CAUSA N\u00c3O VIR\u00c1 (II)","datePublished":"2008-04-15T12:33:27+00:00","dateModified":"2018-03-11T12:36:57+00:00","mainEntityOfPage":{"@id":"https:\/\/www.andandonagraca.org\/site\/?p=2465"},"wordCount":2445,"commentCount":0,"image":{"@id":"https:\/\/www.andandonagraca.org\/site\/?p=2465#primaryimage"},"thumbnailUrl":"https:\/\/www.andandonagraca.org\/site\/wp-content\/uploads\/2008\/03\/arrogancia.jpg","keywords":["apostasia","engano","falsos","maldi\u00e7\u00e3o","rebeli\u00e3o"],"articleSection":["An\u00e1lise da Igreja Moderna &amp; sua Lideran\u00e7a"],"inLanguage":"pt-BR","potentialAction":[{"@type":"CommentAction","name":"Comment","target":["https:\/\/www.andandonagraca.org\/site\/?p=2465#respond"]}]},{"@type":"WebPage","@id":"https:\/\/www.andandonagraca.org\/site\/?p=2465","url":"https:\/\/www.andandonagraca.org\/site\/?p=2465","name":"MALDI\u00c7\u00c3O SEM CAUSA N\u00c3O VIR\u00c1 (II) - Pr. Jonas Santana","isPartOf":{"@id":"https:\/\/www.andandonagraca.org\/site\/#website"},"primaryImageOfPage":{"@id":"https:\/\/www.andandonagraca.org\/site\/?p=2465#primaryimage"},"image":{"@id":"https:\/\/www.andandonagraca.org\/site\/?p=2465#primaryimage"},"thumbnailUrl":"https:\/\/www.andandonagraca.org\/site\/wp-content\/uploads\/2008\/03\/arrogancia.jpg","datePublished":"2008-04-15T12:33:27+00:00","dateModified":"2018-03-11T12:36:57+00:00","author":{"@id":"https:\/\/www.andandonagraca.org\/site\/#\/schema\/person\/225d0dedb572d4570a947397af2606ed"},"breadcrumb":{"@id":"https:\/\/www.andandonagraca.org\/site\/?p=2465#breadcrumb"},"inLanguage":"pt-BR","potentialAction":[{"@type":"ReadAction","target":["https:\/\/www.andandonagraca.org\/site\/?p=2465"]}]},{"@type":"ImageObject","inLanguage":"pt-BR","@id":"https:\/\/www.andandonagraca.org\/site\/?p=2465#primaryimage","url":"https:\/\/www.andandonagraca.org\/site\/wp-content\/uploads\/2008\/03\/arrogancia.jpg","contentUrl":"https:\/\/www.andandonagraca.org\/site\/wp-content\/uploads\/2008\/03\/arrogancia.jpg","width":320,"height":320},{"@type":"BreadcrumbList","@id":"https:\/\/www.andandonagraca.org\/site\/?p=2465#breadcrumb","itemListElement":[{"@type":"ListItem","position":1,"name":"In\u00edcio","item":"https:\/\/www.andandonagraca.org\/site"},{"@type":"ListItem","position":2,"name":"MALDI\u00c7\u00c3O SEM CAUSA N\u00c3O VIR\u00c1 (II)"}]},{"@type":"WebSite","@id":"https:\/\/www.andandonagraca.org\/site\/#website","url":"https:\/\/www.andandonagraca.org\/site\/","name":"Pr. Jonas Santana","description":"ANDANDO NA GRA\u00c7A - AEMSF","potentialAction":[{"@type":"SearchAction","target":{"@type":"EntryPoint","urlTemplate":"https:\/\/www.andandonagraca.org\/site\/?s={search_term_string}"},"query-input":{"@type":"PropertyValueSpecification","valueRequired":true,"valueName":"search_term_string"}}],"inLanguage":"pt-BR"},{"@type":"Person","@id":"https:\/\/www.andandonagraca.org\/site\/#\/schema\/person\/225d0dedb572d4570a947397af2606ed","name":"Pr. Jonas Santana","image":{"@type":"ImageObject","inLanguage":"pt-BR","@id":"https:\/\/secure.gravatar.com\/avatar\/7f463b781f71522d52f2ff3dae3592f9f7b0e24187fc413b95cd3efa8429de28?s=96&d=mm&r=g","url":"https:\/\/secure.gravatar.com\/avatar\/7f463b781f71522d52f2ff3dae3592f9f7b0e24187fc413b95cd3efa8429de28?s=96&d=mm&r=g","contentUrl":"https:\/\/secure.gravatar.com\/avatar\/7f463b781f71522d52f2ff3dae3592f9f7b0e24187fc413b95cd3efa8429de28?s=96&d=mm&r=g","caption":"Pr. Jonas Santana"},"description":"Pastor, pesquisador b\u00edblico, pregador do Evangelho do Reino A fidelidade requer que entreguemos o evangelho sob todos os \u00e2ngulos, sem omitir nada e sem exagerar em nada. Para isto requer-se muita sabedoria. Nosso desejo \u00e9 compartilhar a sabedoria do Reino de Deus a todos aqueles que o desejam de todo o cora\u00e7\u00e3o.","sameAs":["https:\/\/www.andandonagraca.org","https:\/\/www.facebook.com\/andandonagraca","https:\/\/www.instagram.com\/andandonagraca\/","https:\/\/www.youtube.com\/@andandonagraca","https:\/\/podcasters.spotify.com\/pod\/show\/andandonagraca\/"],"url":"https:\/\/www.andandonagraca.org\/site\/?author=1"}]}},"_links":{"self":[{"href":"https:\/\/www.andandonagraca.org\/site\/index.php?rest_route=\/wp\/v2\/posts\/2465","targetHints":{"allow":["GET"]}}],"collection":[{"href":"https:\/\/www.andandonagraca.org\/site\/index.php?rest_route=\/wp\/v2\/posts"}],"about":[{"href":"https:\/\/www.andandonagraca.org\/site\/index.php?rest_route=\/wp\/v2\/types\/post"}],"author":[{"embeddable":true,"href":"https:\/\/www.andandonagraca.org\/site\/index.php?rest_route=\/wp\/v2\/users\/1"}],"replies":[{"embeddable":true,"href":"https:\/\/www.andandonagraca.org\/site\/index.php?rest_route=%2Fwp%2Fv2%2Fcomments&post=2465"}],"version-history":[{"count":0,"href":"https:\/\/www.andandonagraca.org\/site\/index.php?rest_route=\/wp\/v2\/posts\/2465\/revisions"}],"wp:featuredmedia":[{"embeddable":true,"href":"https:\/\/www.andandonagraca.org\/site\/index.php?rest_route=\/wp\/v2\/media\/1505"}],"wp:attachment":[{"href":"https:\/\/www.andandonagraca.org\/site\/index.php?rest_route=%2Fwp%2Fv2%2Fmedia&parent=2465"}],"wp:term":[{"taxonomy":"category","embeddable":true,"href":"https:\/\/www.andandonagraca.org\/site\/index.php?rest_route=%2Fwp%2Fv2%2Fcategories&post=2465"},{"taxonomy":"post_tag","embeddable":true,"href":"https:\/\/www.andandonagraca.org\/site\/index.php?rest_route=%2Fwp%2Fv2%2Ftags&post=2465"}],"curies":[{"name":"wp","href":"https:\/\/api.w.org\/{rel}","templated":true}]}}