{"id":36,"date":"2007-08-15T14:37:55","date_gmt":"2007-08-15T16:37:55","guid":{"rendered":"https:\/\/www.afimdeproclamar.com\/site\/?p=36"},"modified":"2021-02-10T09:56:58","modified_gmt":"2021-02-10T12:56:58","slug":"desvendando-a-gloria-de-deus","status":"publish","type":"post","link":"https:\/\/www.andandonagraca.org\/site\/?p=36","title":{"rendered":"Desvendando a Gl\u00f3ria de Deus"},"content":{"rendered":"<p style=\"text-align: justify;\"><em>Ex. 33:12-23 <\/em><\/p>\n<div style=\"text-align: justify;\">\n<p><strong>Exemplo de Mois\u00e9s:<em> (v. 11) &#8211; Nm. 12:7<\/em><\/strong><\/p>\n<\/div>\n<ul style=\"text-align: justify;\">\n<li><em>amigo de Deus<\/em><\/li>\n<li><em>falava com Deus face a face <\/em><\/li>\n<li><em>fiel a casa de Deus<\/em><\/li>\n<li><em>falava com Deus boca a boca, as claras<\/em><\/li>\n<li><em>contempla a semelhan\u00e7a do Senhor<!--more--><\/em><\/li>\n<\/ul>\n<div style=\"text-align: justify;\">\n<p><strong>\u00c9 necess\u00e1rio ter uma vis\u00e3o do nosso Deus, uma vis\u00e3o de quem \u00e9 o nosso Deus.<\/strong><\/p>\n<\/div>\n<p style=\"text-align: justify;\"><em>Os. 6:3 \u2013 conhe\u00e7amos e prossigamos em conhecer o Senhor<\/em><\/p>\n<p style=\"text-align: justify;\"><em>II Cr. 7:1-2 \u2013 a gl\u00f3ria encheu a casa<\/em><\/p>\n<p style=\"text-align: justify;\"><em>Mt. 6:33 \u2013 buscar primeiro o Reino de Deus.<\/em><\/p>\n<div style=\"text-align: justify;\">\n<p><strong>Voc\u00ea conhece a Deus?<\/strong><\/p>\n<\/div>\n<p style=\"text-align: justify;\"><em>Jo. 1:14 \u2013 como a gl\u00f3ria do unig\u00eanito do Pai<\/em><\/p>\n<p style=\"text-align: justify;\"><em>J\u00f3 42:5 \u2013 conhecer de ouvir falar<\/em><\/p>\n<p style=\"text-align: justify;\">Muitos de n\u00f3s conhecemos os feitos de Deus, mas, n\u00e3o O conhecemos como realmente Ele \u00e9.<\/p>\n<p style=\"text-align: justify;\">Estes tiveram uma revela\u00e7\u00e3o de quem \u00e9 Deus:<\/p>\n<p style=\"text-align: justify;\">Hc. 3:17-19 \u2013 ainda que a figueira n\u00e3o flores\u00e7a \u2026 eu me alegrarei no Senhor \u2026<\/p>\n<p style=\"text-align: justify;\">Jr. 9:23-24 \u2013 conhecer como realmente Ele \u00e9 \u2026<\/p>\n<p style=\"text-align: justify;\">Jr. 33:3 \u2013 clamar que Ele responde<\/p>\n<p style=\"text-align: justify;\">Sl. 37:4,5,7; Pv. 3:5-6 \u2013 confiar totalmente no Senhor<\/p>\n<div style=\"text-align: justify;\">\n<p><strong>Exemplo de Isa\u00edas:<\/strong><\/p>\n<\/div>\n<p style=\"text-align: justify;\">Isa\u00edas \u2013 profeta comum dos pal\u00e1cios, apesar de ter vis\u00f5es de Deus acerca de Israel. Is. 6:1-8 \u2013 Eu vi o Senhor!<\/p>\n<p style=\"text-align: justify;\">Por\u00e9m quando morreu o rei Uz\u00edas, Isa\u00edas viu o Senhor assentado sobre um alto e sublime trono. At\u00e9 ent\u00e3o Isa\u00edas tinha um minist\u00e9rio pequeno, por\u00e9m, algo muito s\u00e9rio aconteceu quando Uz\u00edas morreu, ele (Isa\u00edas) passou a ver. Este rei era um impedimento na vida do profeta, de tal forma que o impedia de ver o Senhor.<\/p>\n<div style=\"text-align: justify;\">\n<p><strong>Qual \u00e9 o teu Uz\u00edas? O que te impede de ver o Senhor?<\/strong><\/p>\n<\/div>\n<p style=\"text-align: justify;\">Quem foi Uz\u00edas? II Cr. 26:1-23<\/p>\n<p style=\"text-align: justify;\">v.15,16 \u2013 come\u00e7ou muito bem, mas ao se fortalecer e crescer, exaltou o seu cora\u00e7\u00e3o e transgrediu o mandamento do Senhor oferecendo incenso no santu\u00e1rio, fez o que n\u00e3o era de sua compet\u00eancia, usurpando o lugar dos sacerdotes. Foi punido com lepra ao se insurgir contra os sacerdotes.<\/p>\n<p style=\"text-align: justify;\">Quantos Uz\u00edas existem em nossos dias? Quantos Uz\u00edas t\u00eam impedido de ver o Senhor? Enquanto Isaias ficou ocupado com Uz\u00edas, sua vista ficou turva impedindo-o de ver o Senhor.<\/p>\n<div style=\"text-align: justify;\">\n<p><strong>O que aconteceu depois que o empecilho foi removido?<\/strong><\/p>\n<\/div>\n<blockquote>\n<p style=\"text-align: justify;\"><em>1 \u2013 Vis\u00e3o \u2013 ele viu o Senhor \u2013 v. 1<\/em><\/p>\n<p style=\"text-align: justify;\"><em>2 \u2013 Convic\u00e7\u00e3o \u2013 reconheceu o seu pecado \u2013 v. 5<\/em><\/p>\n<p style=\"text-align: justify;\"><em>3 \u2013 Purifica\u00e7\u00e3o \u2013 foi limpo do pecado \u2013 v. 7<\/em><\/p>\n<p style=\"text-align: justify;\"><em>4 \u2013 Chamado \u2013 quem h\u00e1 de ir por n\u00f3s? \u2013 v. 8<\/em><\/p>\n<p style=\"text-align: justify;\"><em>5 \u2013 Disposi\u00e7\u00e3o \u2013 eis-me aqui \u2013 v. 8<\/em><\/p>\n<\/blockquote>\n<p style=\"text-align: justify;\">At\u00e9 quando o seu Uz\u00edas viver\u00e1 te impedindo de ver a gl\u00f3ria do Senhor, de ter uma comunh\u00e3o profunda com o Senhor?<\/p>\n<div style=\"text-align: justify;\">\n<p><strong>Qual \u00e9 o teu Uz\u00edas?<\/strong><\/p>\n<\/div>\n<p style=\"text-align: justify;\">Deus deseja que tenhamos uma vis\u00e3o perfeita de Sua gl\u00f3ria, sem interfer\u00eancias.<\/p>\n<p style=\"text-align: justify;\">Jo. 11:40 \u2013 se creres ver\u00e1s a gl\u00f3ria de Deus<\/p>\n<p style=\"text-align: justify;\">Cl. 1:9-10 \u2013 crescer no conhecimento do Senhor<\/p>\n<p style=\"text-align: justify;\">Ef. 1:17-19 \u2013 iluminados os olhos do entendimento<\/p>\n<p style=\"text-align: justify;\">Ef. 3:18-19 \u2013 compreender perfeitamente<\/p>\n<p style=\"text-align: justify;\">Ef. 4:13 \u2013 conhecimento do Filho de Deus<\/p>\n<p style=\"text-align: justify;\">II Co. 4:6 \u2013 \u2026 ilumina\u00e7\u00e3o do conhecimento da gl\u00f3ria de Deus<\/p>\n<div style=\"text-align: justify;\">\n<p><strong>O que \u00e9 um crist\u00e3o?<\/strong><\/p>\n<\/div>\n<p style=\"text-align: justify;\">&#8211; uma pessoa boa?<\/p>\n<p style=\"text-align: justify;\">&#8211; algu\u00e9m que teve uma experi\u00eancia maravilhosa?<\/p>\n<p style=\"text-align: justify;\">&#8211; algu\u00e9m que teve sua vida completamente transformada?<\/p>\n<p style=\"text-align: justify;\">&#8211; algu\u00e9m que tomou uma decis\u00e3o?<\/p>\n<p style=\"text-align: justify;\">&#8211; algu\u00e9m que teve uma vis\u00e3o?<\/p>\n<blockquote>\n<p style=\"text-align: justify;\">NADA DISTO! <em>Um crist\u00e3o verdadeiro \u00e9 algu\u00e9m que teve uma revela\u00e7\u00e3o da gl\u00f3ria de Deus na face de Jesus Cristo.<\/em><\/p>\n<\/blockquote>\n<p style=\"text-align: justify;\">Jo. 1:14,18; Jo. 1:1,3; I Jo. 1:5; I Tm. 1:15; I Tm. 6:16; II Pd. 1:16<\/p>\n<div style=\"text-align: justify;\">\n<p><strong>Alguns empecilhos (Uz\u00edas):<\/strong><\/p>\n<\/div>\n<p style=\"text-align: justify;\">&#8211; po\u00e7os entulhados pelo mundo \u2013 Gn. 26:18-19<\/p>\n<p style=\"text-align: justify;\">&#8211; querer ser igual aos outros \u2013 I Sm. 8:5<\/p>\n<p style=\"text-align: justify;\">&#8211; trocar a gl\u00f3ria de Deus pelo que nada vale \u2013 Jr. 2:11<\/p>\n<p style=\"text-align: justify;\">&#8211; contamina\u00e7\u00e3o \u2013 Dn. 1:8<\/p>\n<p style=\"text-align: justify;\">O motivo supremo de orarmos por um avivamento \u00e9 a gl\u00f3ria de Deus.<\/p>\n<p style=\"text-align: justify;\">O motivo principal do evangelismo \u00e9 a gl\u00f3ria de Deus.<\/p>\n<p style=\"text-align: justify;\">Quando Deus se aproxima de seu povo algumas coisas acontecem para nossa prote\u00e7\u00e3o: Revela e encobre; Aben\u00e7oa e protege.<\/p>\n","protected":false},"excerpt":{"rendered":"<p>Ex. 33:12-23 Exemplo de Mois\u00e9s: (v. 11) &#8211; Nm. 12:7 amigo de Deus falava com Deus face a<\/p>\n","protected":false},"author":1,"featured_media":1515,"comment_status":"open","ping_status":"open","sticky":false,"template":"","format":"standard","meta":{"footnotes":""},"categories":[8],"tags":[],"class_list":["post-36","post","type-post","status-publish","format-standard","has-post-thumbnail","hentry","category-lideranca"],"yoast_head":"<!-- This site is optimized with the Yoast SEO plugin v27.5 - https:\/\/yoast.com\/product\/yoast-seo-wordpress\/ -->\n<title>Desvendando a Gl\u00f3ria de Deus - Pr. Jonas Santana<\/title>\n<meta name=\"robots\" content=\"index, follow, max-snippet:-1, max-image-preview:large, max-video-preview:-1\" \/>\n<link rel=\"canonical\" href=\"https:\/\/www.andandonagraca.org\/site\/?p=36\" \/>\n<meta property=\"og:locale\" content=\"pt_BR\" \/>\n<meta property=\"og:type\" content=\"article\" \/>\n<meta property=\"og:title\" content=\"Desvendando a Gl\u00f3ria de Deus - Pr. Jonas Santana\" \/>\n<meta property=\"og:description\" content=\"Ex. 33:12-23 Exemplo de Mois\u00e9s: (v. 11) &#8211; Nm. 12:7 amigo de Deus falava com Deus face a\" \/>\n<meta property=\"og:url\" content=\"https:\/\/www.andandonagraca.org\/site\/?p=36\" \/>\n<meta property=\"og:site_name\" content=\"Pr. Jonas Santana\" \/>\n<meta property=\"article:publisher\" content=\"https:\/\/www.facebook.com\/andandonagraca\" \/>\n<meta property=\"article:author\" content=\"https:\/\/www.facebook.com\/andandonagraca\" \/>\n<meta property=\"article:published_time\" content=\"2007-08-15T16:37:55+00:00\" \/>\n<meta property=\"article:modified_time\" content=\"2021-02-10T12:56:58+00:00\" \/>\n<meta property=\"og:image\" content=\"https:\/\/www.andandonagraca.org\/site\/wp-content\/uploads\/2007\/08\/tabernacle3.jpg\" \/>\n\t<meta property=\"og:image:width\" content=\"320\" \/>\n\t<meta property=\"og:image:height\" content=\"320\" \/>\n\t<meta property=\"og:image:type\" content=\"image\/jpeg\" \/>\n<meta name=\"author\" content=\"Pr. Jonas Santana\" \/>\n<meta name=\"twitter:card\" content=\"summary_large_image\" \/>\n<meta name=\"twitter:label1\" content=\"Escrito por\" \/>\n\t<meta name=\"twitter:data1\" content=\"Pr. Jonas Santana\" \/>\n\t<meta name=\"twitter:label2\" content=\"Est. tempo de leitura\" \/>\n\t<meta name=\"twitter:data2\" content=\"3 minutos\" \/>\n<script type=\"application\/ld+json\" class=\"yoast-schema-graph\">{\"@context\":\"https:\\\/\\\/schema.org\",\"@graph\":[{\"@type\":\"Article\",\"@id\":\"https:\\\/\\\/www.andandonagraca.org\\\/site\\\/?p=36#article\",\"isPartOf\":{\"@id\":\"https:\\\/\\\/www.andandonagraca.org\\\/site\\\/?p=36\"},\"author\":{\"name\":\"Pr. Jonas Santana\",\"@id\":\"https:\\\/\\\/www.andandonagraca.org\\\/site\\\/#\\\/schema\\\/person\\\/225d0dedb572d4570a947397af2606ed\"},\"headline\":\"Desvendando a Gl\u00f3ria de Deus\",\"datePublished\":\"2007-08-15T16:37:55+00:00\",\"dateModified\":\"2021-02-10T12:56:58+00:00\",\"mainEntityOfPage\":{\"@id\":\"https:\\\/\\\/www.andandonagraca.org\\\/site\\\/?p=36\"},\"wordCount\":650,\"commentCount\":0,\"image\":{\"@id\":\"https:\\\/\\\/www.andandonagraca.org\\\/site\\\/?p=36#primaryimage\"},\"thumbnailUrl\":\"https:\\\/\\\/www.andandonagraca.org\\\/site\\\/wp-content\\\/uploads\\\/2007\\\/08\\\/tabernacle3.jpg\",\"articleSection\":[\"An\u00e1lise da Igreja Moderna &amp; sua Lideran\u00e7a\"],\"inLanguage\":\"pt-BR\",\"potentialAction\":[{\"@type\":\"CommentAction\",\"name\":\"Comment\",\"target\":[\"https:\\\/\\\/www.andandonagraca.org\\\/site\\\/?p=36#respond\"]}]},{\"@type\":\"WebPage\",\"@id\":\"https:\\\/\\\/www.andandonagraca.org\\\/site\\\/?p=36\",\"url\":\"https:\\\/\\\/www.andandonagraca.org\\\/site\\\/?p=36\",\"name\":\"Desvendando a Gl\u00f3ria de Deus - Pr. Jonas Santana\",\"isPartOf\":{\"@id\":\"https:\\\/\\\/www.andandonagraca.org\\\/site\\\/#website\"},\"primaryImageOfPage\":{\"@id\":\"https:\\\/\\\/www.andandonagraca.org\\\/site\\\/?p=36#primaryimage\"},\"image\":{\"@id\":\"https:\\\/\\\/www.andandonagraca.org\\\/site\\\/?p=36#primaryimage\"},\"thumbnailUrl\":\"https:\\\/\\\/www.andandonagraca.org\\\/site\\\/wp-content\\\/uploads\\\/2007\\\/08\\\/tabernacle3.jpg\",\"datePublished\":\"2007-08-15T16:37:55+00:00\",\"dateModified\":\"2021-02-10T12:56:58+00:00\",\"author\":{\"@id\":\"https:\\\/\\\/www.andandonagraca.org\\\/site\\\/#\\\/schema\\\/person\\\/225d0dedb572d4570a947397af2606ed\"},\"breadcrumb\":{\"@id\":\"https:\\\/\\\/www.andandonagraca.org\\\/site\\\/?p=36#breadcrumb\"},\"inLanguage\":\"pt-BR\",\"potentialAction\":[{\"@type\":\"ReadAction\",\"target\":[\"https:\\\/\\\/www.andandonagraca.org\\\/site\\\/?p=36\"]}]},{\"@type\":\"ImageObject\",\"inLanguage\":\"pt-BR\",\"@id\":\"https:\\\/\\\/www.andandonagraca.org\\\/site\\\/?p=36#primaryimage\",\"url\":\"https:\\\/\\\/www.andandonagraca.org\\\/site\\\/wp-content\\\/uploads\\\/2007\\\/08\\\/tabernacle3.jpg\",\"contentUrl\":\"https:\\\/\\\/www.andandonagraca.org\\\/site\\\/wp-content\\\/uploads\\\/2007\\\/08\\\/tabernacle3.jpg\",\"width\":320,\"height\":320},{\"@type\":\"BreadcrumbList\",\"@id\":\"https:\\\/\\\/www.andandonagraca.org\\\/site\\\/?p=36#breadcrumb\",\"itemListElement\":[{\"@type\":\"ListItem\",\"position\":1,\"name\":\"In\u00edcio\",\"item\":\"https:\\\/\\\/www.andandonagraca.org\\\/site\"},{\"@type\":\"ListItem\",\"position\":2,\"name\":\"Desvendando a Gl\u00f3ria de Deus\"}]},{\"@type\":\"WebSite\",\"@id\":\"https:\\\/\\\/www.andandonagraca.org\\\/site\\\/#website\",\"url\":\"https:\\\/\\\/www.andandonagraca.org\\\/site\\\/\",\"name\":\"Pr. Jonas Santana\",\"description\":\"ANDANDO NA GRA\u00c7A - AEMSF\",\"potentialAction\":[{\"@type\":\"SearchAction\",\"target\":{\"@type\":\"EntryPoint\",\"urlTemplate\":\"https:\\\/\\\/www.andandonagraca.org\\\/site\\\/?s={search_term_string}\"},\"query-input\":{\"@type\":\"PropertyValueSpecification\",\"valueRequired\":true,\"valueName\":\"search_term_string\"}}],\"inLanguage\":\"pt-BR\"},{\"@type\":\"Person\",\"@id\":\"https:\\\/\\\/www.andandonagraca.org\\\/site\\\/#\\\/schema\\\/person\\\/225d0dedb572d4570a947397af2606ed\",\"name\":\"Pr. Jonas Santana\",\"image\":{\"@type\":\"ImageObject\",\"inLanguage\":\"pt-BR\",\"@id\":\"https:\\\/\\\/secure.gravatar.com\\\/avatar\\\/7f463b781f71522d52f2ff3dae3592f9f7b0e24187fc413b95cd3efa8429de28?s=96&d=mm&r=g\",\"url\":\"https:\\\/\\\/secure.gravatar.com\\\/avatar\\\/7f463b781f71522d52f2ff3dae3592f9f7b0e24187fc413b95cd3efa8429de28?s=96&d=mm&r=g\",\"contentUrl\":\"https:\\\/\\\/secure.gravatar.com\\\/avatar\\\/7f463b781f71522d52f2ff3dae3592f9f7b0e24187fc413b95cd3efa8429de28?s=96&d=mm&r=g\",\"caption\":\"Pr. Jonas Santana\"},\"description\":\"Pastor, pesquisador b\u00edblico, pregador do Evangelho do Reino A fidelidade requer que entreguemos o evangelho sob todos os \u00e2ngulos, sem omitir nada e sem exagerar em nada. Para isto requer-se muita sabedoria. Nosso desejo \u00e9 compartilhar a sabedoria do Reino de Deus a todos aqueles que o desejam de todo o cora\u00e7\u00e3o.\",\"sameAs\":[\"https:\\\/\\\/www.andandonagraca.org\",\"https:\\\/\\\/www.facebook.com\\\/andandonagraca\",\"https:\\\/\\\/www.instagram.com\\\/andandonagraca\\\/\",\"https:\\\/\\\/www.youtube.com\\\/@andandonagraca\",\"https:\\\/\\\/podcasters.spotify.com\\\/pod\\\/show\\\/andandonagraca\\\/\"],\"url\":\"https:\\\/\\\/www.andandonagraca.org\\\/site\\\/?author=1\"}]}<\/script>\n<!-- \/ Yoast SEO plugin. -->","yoast_head_json":{"title":"Desvendando a Gl\u00f3ria de Deus - Pr. Jonas Santana","robots":{"index":"index","follow":"follow","max-snippet":"max-snippet:-1","max-image-preview":"max-image-preview:large","max-video-preview":"max-video-preview:-1"},"canonical":"https:\/\/www.andandonagraca.org\/site\/?p=36","og_locale":"pt_BR","og_type":"article","og_title":"Desvendando a Gl\u00f3ria de Deus - Pr. Jonas Santana","og_description":"Ex. 33:12-23 Exemplo de Mois\u00e9s: (v. 11) &#8211; Nm. 12:7 amigo de Deus falava com Deus face a","og_url":"https:\/\/www.andandonagraca.org\/site\/?p=36","og_site_name":"Pr. Jonas Santana","article_publisher":"https:\/\/www.facebook.com\/andandonagraca","article_author":"https:\/\/www.facebook.com\/andandonagraca","article_published_time":"2007-08-15T16:37:55+00:00","article_modified_time":"2021-02-10T12:56:58+00:00","og_image":[{"width":320,"height":320,"url":"https:\/\/www.andandonagraca.org\/site\/wp-content\/uploads\/2007\/08\/tabernacle3.jpg","type":"image\/jpeg"}],"author":"Pr. Jonas Santana","twitter_card":"summary_large_image","twitter_misc":{"Escrito por":"Pr. Jonas Santana","Est. tempo de leitura":"3 minutos"},"schema":{"@context":"https:\/\/schema.org","@graph":[{"@type":"Article","@id":"https:\/\/www.andandonagraca.org\/site\/?p=36#article","isPartOf":{"@id":"https:\/\/www.andandonagraca.org\/site\/?p=36"},"author":{"name":"Pr. Jonas Santana","@id":"https:\/\/www.andandonagraca.org\/site\/#\/schema\/person\/225d0dedb572d4570a947397af2606ed"},"headline":"Desvendando a Gl\u00f3ria de Deus","datePublished":"2007-08-15T16:37:55+00:00","dateModified":"2021-02-10T12:56:58+00:00","mainEntityOfPage":{"@id":"https:\/\/www.andandonagraca.org\/site\/?p=36"},"wordCount":650,"commentCount":0,"image":{"@id":"https:\/\/www.andandonagraca.org\/site\/?p=36#primaryimage"},"thumbnailUrl":"https:\/\/www.andandonagraca.org\/site\/wp-content\/uploads\/2007\/08\/tabernacle3.jpg","articleSection":["An\u00e1lise da Igreja Moderna &amp; sua Lideran\u00e7a"],"inLanguage":"pt-BR","potentialAction":[{"@type":"CommentAction","name":"Comment","target":["https:\/\/www.andandonagraca.org\/site\/?p=36#respond"]}]},{"@type":"WebPage","@id":"https:\/\/www.andandonagraca.org\/site\/?p=36","url":"https:\/\/www.andandonagraca.org\/site\/?p=36","name":"Desvendando a Gl\u00f3ria de Deus - Pr. Jonas Santana","isPartOf":{"@id":"https:\/\/www.andandonagraca.org\/site\/#website"},"primaryImageOfPage":{"@id":"https:\/\/www.andandonagraca.org\/site\/?p=36#primaryimage"},"image":{"@id":"https:\/\/www.andandonagraca.org\/site\/?p=36#primaryimage"},"thumbnailUrl":"https:\/\/www.andandonagraca.org\/site\/wp-content\/uploads\/2007\/08\/tabernacle3.jpg","datePublished":"2007-08-15T16:37:55+00:00","dateModified":"2021-02-10T12:56:58+00:00","author":{"@id":"https:\/\/www.andandonagraca.org\/site\/#\/schema\/person\/225d0dedb572d4570a947397af2606ed"},"breadcrumb":{"@id":"https:\/\/www.andandonagraca.org\/site\/?p=36#breadcrumb"},"inLanguage":"pt-BR","potentialAction":[{"@type":"ReadAction","target":["https:\/\/www.andandonagraca.org\/site\/?p=36"]}]},{"@type":"ImageObject","inLanguage":"pt-BR","@id":"https:\/\/www.andandonagraca.org\/site\/?p=36#primaryimage","url":"https:\/\/www.andandonagraca.org\/site\/wp-content\/uploads\/2007\/08\/tabernacle3.jpg","contentUrl":"https:\/\/www.andandonagraca.org\/site\/wp-content\/uploads\/2007\/08\/tabernacle3.jpg","width":320,"height":320},{"@type":"BreadcrumbList","@id":"https:\/\/www.andandonagraca.org\/site\/?p=36#breadcrumb","itemListElement":[{"@type":"ListItem","position":1,"name":"In\u00edcio","item":"https:\/\/www.andandonagraca.org\/site"},{"@type":"ListItem","position":2,"name":"Desvendando a Gl\u00f3ria de Deus"}]},{"@type":"WebSite","@id":"https:\/\/www.andandonagraca.org\/site\/#website","url":"https:\/\/www.andandonagraca.org\/site\/","name":"Pr. Jonas Santana","description":"ANDANDO NA GRA\u00c7A - AEMSF","potentialAction":[{"@type":"SearchAction","target":{"@type":"EntryPoint","urlTemplate":"https:\/\/www.andandonagraca.org\/site\/?s={search_term_string}"},"query-input":{"@type":"PropertyValueSpecification","valueRequired":true,"valueName":"search_term_string"}}],"inLanguage":"pt-BR"},{"@type":"Person","@id":"https:\/\/www.andandonagraca.org\/site\/#\/schema\/person\/225d0dedb572d4570a947397af2606ed","name":"Pr. Jonas Santana","image":{"@type":"ImageObject","inLanguage":"pt-BR","@id":"https:\/\/secure.gravatar.com\/avatar\/7f463b781f71522d52f2ff3dae3592f9f7b0e24187fc413b95cd3efa8429de28?s=96&d=mm&r=g","url":"https:\/\/secure.gravatar.com\/avatar\/7f463b781f71522d52f2ff3dae3592f9f7b0e24187fc413b95cd3efa8429de28?s=96&d=mm&r=g","contentUrl":"https:\/\/secure.gravatar.com\/avatar\/7f463b781f71522d52f2ff3dae3592f9f7b0e24187fc413b95cd3efa8429de28?s=96&d=mm&r=g","caption":"Pr. Jonas Santana"},"description":"Pastor, pesquisador b\u00edblico, pregador do Evangelho do Reino A fidelidade requer que entreguemos o evangelho sob todos os \u00e2ngulos, sem omitir nada e sem exagerar em nada. Para isto requer-se muita sabedoria. Nosso desejo \u00e9 compartilhar a sabedoria do Reino de Deus a todos aqueles que o desejam de todo o cora\u00e7\u00e3o.","sameAs":["https:\/\/www.andandonagraca.org","https:\/\/www.facebook.com\/andandonagraca","https:\/\/www.instagram.com\/andandonagraca\/","https:\/\/www.youtube.com\/@andandonagraca","https:\/\/podcasters.spotify.com\/pod\/show\/andandonagraca\/"],"url":"https:\/\/www.andandonagraca.org\/site\/?author=1"}]}},"_links":{"self":[{"href":"https:\/\/www.andandonagraca.org\/site\/index.php?rest_route=\/wp\/v2\/posts\/36","targetHints":{"allow":["GET"]}}],"collection":[{"href":"https:\/\/www.andandonagraca.org\/site\/index.php?rest_route=\/wp\/v2\/posts"}],"about":[{"href":"https:\/\/www.andandonagraca.org\/site\/index.php?rest_route=\/wp\/v2\/types\/post"}],"author":[{"embeddable":true,"href":"https:\/\/www.andandonagraca.org\/site\/index.php?rest_route=\/wp\/v2\/users\/1"}],"replies":[{"embeddable":true,"href":"https:\/\/www.andandonagraca.org\/site\/index.php?rest_route=%2Fwp%2Fv2%2Fcomments&post=36"}],"version-history":[{"count":0,"href":"https:\/\/www.andandonagraca.org\/site\/index.php?rest_route=\/wp\/v2\/posts\/36\/revisions"}],"wp:featuredmedia":[{"embeddable":true,"href":"https:\/\/www.andandonagraca.org\/site\/index.php?rest_route=\/wp\/v2\/media\/1515"}],"wp:attachment":[{"href":"https:\/\/www.andandonagraca.org\/site\/index.php?rest_route=%2Fwp%2Fv2%2Fmedia&parent=36"}],"wp:term":[{"taxonomy":"category","embeddable":true,"href":"https:\/\/www.andandonagraca.org\/site\/index.php?rest_route=%2Fwp%2Fv2%2Fcategories&post=36"},{"taxonomy":"post_tag","embeddable":true,"href":"https:\/\/www.andandonagraca.org\/site\/index.php?rest_route=%2Fwp%2Fv2%2Ftags&post=36"}],"curies":[{"name":"wp","href":"https:\/\/api.w.org\/{rel}","templated":true}]}}