{"id":397,"date":"2011-01-11T15:56:09","date_gmt":"2011-01-11T17:56:09","guid":{"rendered":"https:\/\/www.afimdeproclamar.com\/site\/?p=397"},"modified":"2024-01-14T09:46:51","modified_gmt":"2024-01-14T12:46:51","slug":"toda-nudez-sera-castigada","status":"publish","type":"post","link":"https:\/\/www.andandonagraca.org\/site\/?p=397","title":{"rendered":"Toda nudez ser\u00e1 castigada"},"content":{"rendered":"<p style=\"text-align: justify;\">Estamos no ano de 2011, temos acesso \u00e0 tecnologia porque a ci\u00eancia se multiplicou, quase todas as pessoas possuem ao menos um telefone celular, milh\u00f5es de pessoas em todo mundo tem acesso \u00e0 internet. A informa\u00e7\u00e3o est\u00e1 acess\u00edvel a qualquer pessoa. Com tudo isso ainda h\u00e1 algo escuso, nebuloso, envolto em mist\u00e9rios. O que ser\u00e1? Voc\u00ea deve estar se perguntando eu te respondo:<\/p>\n<p style=\"text-align: justify;\">&#8211; Quem determina a moda, o que iremos ou n\u00e3o vestir?<\/p>\n<p style=\"text-align: justify;\">A cada ano novidades aparecem, isso serve aquilo n\u00e3o; esta cor serve, mas aquela outra n\u00e3o; isso est\u00e1 muito coberto \u00e9 necess\u00e1rio mostrar mais; a cintura da cal\u00e7a est\u00e1 muito alta precisa baixar. O traje de banho (na piscina ou na praia) tem que ser o m\u00ednimo poss\u00edvel. E assim por diante.<\/p>\n<p style=\"text-align: justify;\">Tanto homens quanto mulheres sofrem com aquilo que comumente o ser humano chama de moda. E o que esses seres misteriosos determinam \u00e9 o que se encontram nas lojas. Eles determinam a quantidade de tecido que ir\u00e1 cobrir as mulheres e quais partes do corpo estar\u00e1 \u00e0 mostra. Mas homens tamb\u00e9m sofrem com isso, cal\u00e7as ficam mais curtas ou mais compridas, mais apertadas ou mais largas, o c\u00f3s sobe ou desce, camisas mais largas ou mais apertadas, o peito a mostra ou escondido. N\u00e3o foge muito ao padr\u00e3o.<\/p>\n<p style=\"text-align: justify;\">Em rela\u00e7\u00e3o \u00e0s mulheres, de alguns anos a esta parte o tecido que cobre o seu corpo diminuiu tanto que os seios ficaram a mostra e aquilo que era guardado a \u201csete chaves\u201d de repente ficou a mostra. Hoje em qualquer parte, seja numa piscina de clube, hotel, pr\u00e9dios de apartamentos, casas ou na praia h\u00e1 gl\u00fateos a mostra, e para que n\u00e3o fique totalmente descoberto a parte central tem um filete de tecido para \u201cprote\u00e7\u00e3o\u201d da parte mais intima, em alguns casos quase que impercept\u00edvel. Quem mora em cidade litor\u00e2nea, em \u00e9pocas de temporadas, v\u00ea isso na padaria, no supermercado em lugares que apesar de estar pr\u00f3ximo ao mar n\u00e3o \u00e9 a praia. Em rela\u00e7\u00e3o aos homens nestes lugares ocorre o contr\u00e1rio, a maioria usam bermudas at\u00e9 os joelhos protegendo bem suas partes intimas e jamais mostram os gl\u00fateos em publico. Mas as mulheres insistem em se expor at\u00e9 nas cidades, usando roupas just\u00edssimas, com pouco tecido mostrando seios, porque acham que somente os mamilos devem ser protegidos e n\u00e3o se importam em mostrar todo o resto.<\/p>\n<p style=\"text-align: justify;\">Vivemos num mundo sem regras, sem pudor, sem compostura e a cada d\u00e9cada fica pior. Toda esta nudez antigamente era exposta somente em revistas, hoje est\u00e1 na internet e tamb\u00e9m na TV para todos verem, sejam adultos ou crian\u00e7as e n\u00e3o importa o hor\u00e1rio, quer seja dia ou noite.<\/p>\n<p style=\"text-align: justify;\">Quem s\u00e3o esses seres, em que se baseiam, recebem influencia de quem, como essa informa\u00e7\u00e3o \u00e9 passada? Algu\u00e9m deve saber. O certo \u00e9 que aquilo que \u00e9 definido por eles \u00e9 o que nos afronta a cada dia.<\/p>\n<p style=\"text-align: justify;\">Mas a minha preocupa\u00e7\u00e3o maior \u00e9 a degrada\u00e7\u00e3o do ser humano, incluindo crist\u00e3os, pois a mente vai sendo cauterizada e aquilo que afrontava j\u00e1 n\u00e3o afronta mais, aquilo que escandalizava j\u00e1 n\u00e3o escandaliza mais e nos esquecemos de que Deus deixou padr\u00f5es aos seus filhos que precisam ser seguidos.<\/p>\n<p style=\"text-align: justify;\">N\u00e3o se assuste, n\u00e3o estou falando em \u201cusos e costumes\u201d. Estou falando em dec\u00eancia, em pudor, em compostura. Estes padr\u00f5es para o mundo podem ser antiquados, mas para o crist\u00e3o s\u00e3o cada vez mais atuais, porque est\u00e3o intimamente ligados a santidade. E lembre-se sem santidade ningu\u00e9m ver\u00e1 ao Senhor.<\/p>\n<p style=\"text-align: justify;\">Que direito tem voc\u00ea, mulher, de expor a sua nudez a outros homens que n\u00e3o seja o seu marido? Que direito tem voc\u00ea, de defraudar o seu pr\u00f3ximo? Que direito tem voc\u00ea de ati\u00e7ar a cobi\u00e7a dos olhos?<\/p>\n<p style=\"text-align: justify;\">Outro dia, vi num debate na internet, pessoas comentando sobre esse assunto e uma mo\u00e7a manifestou o seu desagrado alegando que os homens que se posicionavam a favor de vestimentas mais comedidas e que reclamavam do excesso de exposi\u00e7\u00e3o das mulheres eram mentes depravadas, doentes sexuais e que n\u00e3o havia nenhum mal a mulher se vestir assim, eles que procurassem tratamento. Coitada dessa mo\u00e7a, consciente ou inconscientemente, talvez ela n\u00e3o saiba, que homens s\u00e3o diferentes das mulheres. Enquanto nas mulheres a excita\u00e7\u00e3o ocorre pelo toque, pelos carinhos, nos homens ocorre pelos olhos e pelo cheiro.<\/p>\n<p style=\"text-align: justify;\">Percebe a diferen\u00e7a de traje entre homens e mulheres? Enquanto os homens se vestem da mesma maneira, com boa parte do corpo coberta, as mulheres usam roupas que procuram exibir o seu corpo, as suas curvas deixando partes \u201cintimas\u201d a mostra, ou insinuadas.<\/p>\n<p style=\"text-align: justify;\">Tudo tem haver com a sensualidade e o prop\u00f3sito de despertar nos homens o desejo sexual. S\u00f3 que isso provoca a banalidade, a vulgaridade do sexo e vez por outra aparecem os coment\u00e1rios em m\u00eddia especializada acerca da vulgaridade de certas mulheres ao se exporem tanto. Se por um lado essa mesma m\u00eddia explora isso, por outro lado eles mesmos criticam.<\/p>\n<p style=\"text-align: justify;\">Mas para n\u00f3s que somos crist\u00e3os e refletimos a gl\u00f3ria de Cristo nesta terra h\u00e1 algum padr\u00e3o a ser seguido? A resposta \u00e9 sim.<\/p>\n<p style=\"text-align: justify;\">Vejamos o que diz o Ap\u00f3stolo Paulo em I Tim\u00f3teo 2:9-10 &#8211; <em>Que do mesmo modo as mulheres se ataviem em traje honesto, com pudor e mod\u00e9stia, n\u00e3o com tran\u00e7as, ou com ouro, ou p\u00e9rolas, ou vestidos preciosos, mas (como conv\u00e9m a mulheres que fazem profiss\u00e3o de servir a Deus) com boas obras.<\/em><\/p>\n<p style=\"text-align: justify;\">Quando Deus criou homem e mulher n\u00e3o havia pecado sobre a terra, e eles foram colocados no jardim e estavam nus, mas aos olhos deles n\u00e3o havia problema. A gl\u00f3ria de Deus os cobria e os protegia. Mas quando o pecado entrou o pr\u00f3prio Deus confeccionou as primeiras roupas e entregou ao casal. Vemos isso em Genesis 3: 21 &#8211; <em>Fez o Senhor Deus vestimenta de peles para Ad\u00e3o e sua mulher e os vestiu.<\/em><\/p>\n<p style=\"text-align: justify;\">Mais a frente quando Deus deu instru\u00e7\u00f5es a Mois\u00e9s sobre o tabern\u00e1culo especificou a veste dos sacerdotes nem escadas poderiam subir para que a nudez n\u00e3o fosse exposta. Ver \u00caxodo 20:26; 28:42-43<\/p>\n<p style=\"text-align: justify;\">Mesmo os pais n\u00e3o podem exibir sua nudez diante dos filhos. Para muitos pais \u00e9 comum tomarem banho com os filhos quando estes s\u00e3o menores, mas isso n\u00e3o \u00e9 bom. As crian\u00e7as modernas est\u00e3o se desenvolvendo muito cedo, veja artigo no final desta se\u00e7\u00e3o.<\/p>\n<p style=\"text-align: justify;\">Houve um homem chamado No\u00e9, o mesmo da arca e do dil\u00favio (Genesis 6). A B\u00edblia diz que depois do dil\u00favio e da sa\u00edda da arca, a vida aos poucos foi retomando o seu curso e No\u00e9 plantou uma vinha. Depois da colheita No\u00e9 se embriagou e dentro de sua tenda tirou sua roupa. Um dos seus filhos, um homem adulto, assistiu toda a cena e avisou os seus dois irm\u00e3os. Estes tomaram um manto e de costas foram at\u00e9 o seu pai e o cobriram, n\u00e3o viram a nudez de seu pai. Passado a embriagues No\u00e9 ficou sabendo o que tinha acontecido e por causa disso ele amaldi\u00e7oou o seu filho. (G\u00eanesis 9). No\u00e9 n\u00e3o estava numa \u00e1rea publica, mas dentro de sua tenda, no seu lugar reservado e o filho descobriu a nudez do seu pai e ainda o revelou aos seus irm\u00e3os, faltou com o respeito e nem t\u00e3o pouco levou em conta a autoridade de seu pai. Isto \u00e9 muito \u00e9 serio. Quantos pais descobrem a sua nudez propositalmente aos seus filhos achando que n\u00e3o tem problema?! Leiam Lev\u00edticos cap\u00edtulos 18 e 20 e ver\u00e3o algumas regras deixadas pelo nosso Deus a fim de evitar problemas em sua casa.<\/p>\n<p style=\"text-align: justify;\">Vejam esta noticia de um blog na internet:<\/p>\n<p style=\"text-align: justify;\"><strong>A inf\u00e2ncia est\u00e1 mais curta<\/strong><\/p>\n<p style=\"text-align: justify;\">Roupas decotadas, saias curtas, cabelo escovados e assess\u00f3rios da moda. O look descrito, t\u00edpico de mulheres adultas, \u00e9 o que veste um manequim de uma loja de roupas infantis. Ele reflete o comportamento atual das meninas pr\u00e9-adolescentes, oriundas de fam\u00edlias de classe m\u00e9dia de centros urbanos. Essa ind\u00fastria movimenta R$ 10 bilh\u00f5es ao ano, o correspondente a um ter\u00e7o de toda a roupa consumida no pa\u00eds.<\/p>\n<p style=\"text-align: justify;\">Segundo a Psic\u00f3loga e Psicanalista do Grupo de Trabalho e Pesquisa em Orienta\u00e7\u00e3o Sexual (GTPOS), Maria Cristina Domingues Pinto, a erotiza\u00e7\u00e3o da crian\u00e7a est\u00e1 se dando muito precocemente. \u201cAlguns adultos t\u00eam a tend\u00eancia de projetar nas crian\u00e7as a sua sexualidade adulta genital, que nada tem a ver com a das crian\u00e7as. O que resulta, em termos de vestu\u00e1rio, s\u00e3o crian\u00e7as parecem um arremedo do adulto\u201d, observa a especialista.<\/p>\n<p style=\"text-align: justify;\">Ela chama a aten\u00e7\u00e3o para as consequ\u00eancias nocivas de tal atitude. \u201cEssa forma de se vestir pode provocar adultos n\u00e3o muito estruturados, o que, no limite, pode resultar em abuso sexual\u201d, alerta. Ela diz que as crian\u00e7as precisam viver o desenvolvimento sexual de forma natural: ningu\u00e9m precisa incentiv\u00e1-los, mas orient\u00e1-los de acordo com o que sugere a demanda natural.<\/p>\n<p style=\"text-align: justify;\">Mas at\u00e9 o que era natural t\u00eam mudado. Pesquisas feitas no Brasil, Estados Unidos e Europa comprovam que a idade m\u00e9dia da primeira menstrua\u00e7\u00e3o, que no come\u00e7o do s\u00e9culo XX variava entre 14 e 15 anos, hoje acontece entre os 10 e 11 anos de idade. O ginecologista Jonathas Soares acredita que esta gera\u00e7\u00e3o de meninas recebe tantos est\u00edmulos sexuais que o c\u00e9rebro acaba produzindo horm\u00f4nios mais cedo.<\/p>\n<p style=\"text-align: justify;\">Fonte: <a href=\"https:\/\/www.infanciaprecoce.wordpress.com\/\">www.infanciaprecoce.wordpress.com<\/a><\/p>\n","protected":false},"excerpt":{"rendered":"<p>Estamos no ano de 2011, temos acesso \u00e0 tecnologia porque a ci\u00eancia se multiplicou, quase todas as pessoas<\/p>\n","protected":false},"author":1,"featured_media":67843,"comment_status":"open","ping_status":"open","sticky":false,"template":"","format":"standard","meta":{"footnotes":""},"categories":[76],"tags":[61,60,59],"class_list":["post-397","post","type-post","status-publish","format-standard","has-post-thumbnail","hentry","category-atualidades","tag-comportamento","tag-moda","tag-nudez"],"yoast_head":"<!-- This site is optimized with the Yoast SEO plugin v27.5 - https:\/\/yoast.com\/product\/yoast-seo-wordpress\/ -->\n<title>Toda nudez ser\u00e1 castigada - Pr. Jonas Santana<\/title>\n<meta name=\"robots\" content=\"index, follow, max-snippet:-1, max-image-preview:large, max-video-preview:-1\" \/>\n<link rel=\"canonical\" href=\"https:\/\/www.andandonagraca.org\/site\/?p=397\" \/>\n<meta property=\"og:locale\" content=\"pt_BR\" \/>\n<meta property=\"og:type\" content=\"article\" \/>\n<meta property=\"og:title\" content=\"Toda nudez ser\u00e1 castigada - Pr. Jonas Santana\" \/>\n<meta property=\"og:description\" content=\"Estamos no ano de 2011, temos acesso \u00e0 tecnologia porque a ci\u00eancia se multiplicou, quase todas as pessoas\" \/>\n<meta property=\"og:url\" content=\"https:\/\/www.andandonagraca.org\/site\/?p=397\" \/>\n<meta property=\"og:site_name\" content=\"Pr. Jonas Santana\" \/>\n<meta property=\"article:publisher\" content=\"https:\/\/www.facebook.com\/andandonagraca\" \/>\n<meta property=\"article:author\" content=\"https:\/\/www.facebook.com\/andandonagraca\" \/>\n<meta property=\"article:published_time\" content=\"2011-01-11T17:56:09+00:00\" \/>\n<meta property=\"article:modified_time\" content=\"2024-01-14T12:46:51+00:00\" \/>\n<meta property=\"og:image\" content=\"https:\/\/www.andandonagraca.org\/site\/wp-content\/uploads\/2011\/01\/nudez.jpg\" \/>\n\t<meta property=\"og:image:width\" content=\"1920\" \/>\n\t<meta property=\"og:image:height\" content=\"1080\" \/>\n\t<meta property=\"og:image:type\" content=\"image\/jpeg\" \/>\n<meta name=\"author\" content=\"Pr. Jonas Santana\" \/>\n<meta name=\"twitter:card\" content=\"summary_large_image\" \/>\n<meta name=\"twitter:label1\" content=\"Escrito por\" \/>\n\t<meta name=\"twitter:data1\" content=\"Pr. Jonas Santana\" \/>\n\t<meta name=\"twitter:label2\" content=\"Est. tempo de leitura\" \/>\n\t<meta name=\"twitter:data2\" content=\"9 minutos\" \/>\n<script type=\"application\/ld+json\" class=\"yoast-schema-graph\">{\"@context\":\"https:\\\/\\\/schema.org\",\"@graph\":[{\"@type\":\"Article\",\"@id\":\"https:\\\/\\\/www.andandonagraca.org\\\/site\\\/?p=397#article\",\"isPartOf\":{\"@id\":\"https:\\\/\\\/www.andandonagraca.org\\\/site\\\/?p=397\"},\"author\":{\"name\":\"Pr. Jonas Santana\",\"@id\":\"https:\\\/\\\/www.andandonagraca.org\\\/site\\\/#\\\/schema\\\/person\\\/225d0dedb572d4570a947397af2606ed\"},\"headline\":\"Toda nudez ser\u00e1 castigada\",\"datePublished\":\"2011-01-11T17:56:09+00:00\",\"dateModified\":\"2024-01-14T12:46:51+00:00\",\"mainEntityOfPage\":{\"@id\":\"https:\\\/\\\/www.andandonagraca.org\\\/site\\\/?p=397\"},\"wordCount\":1646,\"commentCount\":0,\"image\":{\"@id\":\"https:\\\/\\\/www.andandonagraca.org\\\/site\\\/?p=397#primaryimage\"},\"thumbnailUrl\":\"https:\\\/\\\/www.andandonagraca.org\\\/site\\\/wp-content\\\/uploads\\\/2011\\\/01\\\/nudez.jpg\",\"keywords\":[\"comportamento\",\"moda\",\"nudez\"],\"articleSection\":[\"Atualidades\"],\"inLanguage\":\"pt-BR\",\"potentialAction\":[{\"@type\":\"CommentAction\",\"name\":\"Comment\",\"target\":[\"https:\\\/\\\/www.andandonagraca.org\\\/site\\\/?p=397#respond\"]}]},{\"@type\":\"WebPage\",\"@id\":\"https:\\\/\\\/www.andandonagraca.org\\\/site\\\/?p=397\",\"url\":\"https:\\\/\\\/www.andandonagraca.org\\\/site\\\/?p=397\",\"name\":\"Toda nudez ser\u00e1 castigada - Pr. Jonas Santana\",\"isPartOf\":{\"@id\":\"https:\\\/\\\/www.andandonagraca.org\\\/site\\\/#website\"},\"primaryImageOfPage\":{\"@id\":\"https:\\\/\\\/www.andandonagraca.org\\\/site\\\/?p=397#primaryimage\"},\"image\":{\"@id\":\"https:\\\/\\\/www.andandonagraca.org\\\/site\\\/?p=397#primaryimage\"},\"thumbnailUrl\":\"https:\\\/\\\/www.andandonagraca.org\\\/site\\\/wp-content\\\/uploads\\\/2011\\\/01\\\/nudez.jpg\",\"datePublished\":\"2011-01-11T17:56:09+00:00\",\"dateModified\":\"2024-01-14T12:46:51+00:00\",\"author\":{\"@id\":\"https:\\\/\\\/www.andandonagraca.org\\\/site\\\/#\\\/schema\\\/person\\\/225d0dedb572d4570a947397af2606ed\"},\"breadcrumb\":{\"@id\":\"https:\\\/\\\/www.andandonagraca.org\\\/site\\\/?p=397#breadcrumb\"},\"inLanguage\":\"pt-BR\",\"potentialAction\":[{\"@type\":\"ReadAction\",\"target\":[\"https:\\\/\\\/www.andandonagraca.org\\\/site\\\/?p=397\"]}]},{\"@type\":\"ImageObject\",\"inLanguage\":\"pt-BR\",\"@id\":\"https:\\\/\\\/www.andandonagraca.org\\\/site\\\/?p=397#primaryimage\",\"url\":\"https:\\\/\\\/www.andandonagraca.org\\\/site\\\/wp-content\\\/uploads\\\/2011\\\/01\\\/nudez.jpg\",\"contentUrl\":\"https:\\\/\\\/www.andandonagraca.org\\\/site\\\/wp-content\\\/uploads\\\/2011\\\/01\\\/nudez.jpg\",\"width\":1920,\"height\":1080},{\"@type\":\"BreadcrumbList\",\"@id\":\"https:\\\/\\\/www.andandonagraca.org\\\/site\\\/?p=397#breadcrumb\",\"itemListElement\":[{\"@type\":\"ListItem\",\"position\":1,\"name\":\"In\u00edcio\",\"item\":\"https:\\\/\\\/www.andandonagraca.org\\\/site\"},{\"@type\":\"ListItem\",\"position\":2,\"name\":\"Toda nudez ser\u00e1 castigada\"}]},{\"@type\":\"WebSite\",\"@id\":\"https:\\\/\\\/www.andandonagraca.org\\\/site\\\/#website\",\"url\":\"https:\\\/\\\/www.andandonagraca.org\\\/site\\\/\",\"name\":\"Pr. Jonas Santana\",\"description\":\"ANDANDO NA GRA\u00c7A - AEMSF\",\"potentialAction\":[{\"@type\":\"SearchAction\",\"target\":{\"@type\":\"EntryPoint\",\"urlTemplate\":\"https:\\\/\\\/www.andandonagraca.org\\\/site\\\/?s={search_term_string}\"},\"query-input\":{\"@type\":\"PropertyValueSpecification\",\"valueRequired\":true,\"valueName\":\"search_term_string\"}}],\"inLanguage\":\"pt-BR\"},{\"@type\":\"Person\",\"@id\":\"https:\\\/\\\/www.andandonagraca.org\\\/site\\\/#\\\/schema\\\/person\\\/225d0dedb572d4570a947397af2606ed\",\"name\":\"Pr. Jonas Santana\",\"image\":{\"@type\":\"ImageObject\",\"inLanguage\":\"pt-BR\",\"@id\":\"https:\\\/\\\/secure.gravatar.com\\\/avatar\\\/7f463b781f71522d52f2ff3dae3592f9f7b0e24187fc413b95cd3efa8429de28?s=96&d=mm&r=g\",\"url\":\"https:\\\/\\\/secure.gravatar.com\\\/avatar\\\/7f463b781f71522d52f2ff3dae3592f9f7b0e24187fc413b95cd3efa8429de28?s=96&d=mm&r=g\",\"contentUrl\":\"https:\\\/\\\/secure.gravatar.com\\\/avatar\\\/7f463b781f71522d52f2ff3dae3592f9f7b0e24187fc413b95cd3efa8429de28?s=96&d=mm&r=g\",\"caption\":\"Pr. Jonas Santana\"},\"description\":\"Pastor, pesquisador b\u00edblico, pregador do Evangelho do Reino A fidelidade requer que entreguemos o evangelho sob todos os \u00e2ngulos, sem omitir nada e sem exagerar em nada. Para isto requer-se muita sabedoria. Nosso desejo \u00e9 compartilhar a sabedoria do Reino de Deus a todos aqueles que o desejam de todo o cora\u00e7\u00e3o.\",\"sameAs\":[\"https:\\\/\\\/www.andandonagraca.org\",\"https:\\\/\\\/www.facebook.com\\\/andandonagraca\",\"https:\\\/\\\/www.instagram.com\\\/andandonagraca\\\/\",\"https:\\\/\\\/www.youtube.com\\\/@andandonagraca\",\"https:\\\/\\\/podcasters.spotify.com\\\/pod\\\/show\\\/andandonagraca\\\/\"],\"url\":\"https:\\\/\\\/www.andandonagraca.org\\\/site\\\/?author=1\"}]}<\/script>\n<!-- \/ Yoast SEO plugin. -->","yoast_head_json":{"title":"Toda nudez ser\u00e1 castigada - Pr. Jonas Santana","robots":{"index":"index","follow":"follow","max-snippet":"max-snippet:-1","max-image-preview":"max-image-preview:large","max-video-preview":"max-video-preview:-1"},"canonical":"https:\/\/www.andandonagraca.org\/site\/?p=397","og_locale":"pt_BR","og_type":"article","og_title":"Toda nudez ser\u00e1 castigada - Pr. Jonas Santana","og_description":"Estamos no ano de 2011, temos acesso \u00e0 tecnologia porque a ci\u00eancia se multiplicou, quase todas as pessoas","og_url":"https:\/\/www.andandonagraca.org\/site\/?p=397","og_site_name":"Pr. Jonas Santana","article_publisher":"https:\/\/www.facebook.com\/andandonagraca","article_author":"https:\/\/www.facebook.com\/andandonagraca","article_published_time":"2011-01-11T17:56:09+00:00","article_modified_time":"2024-01-14T12:46:51+00:00","og_image":[{"width":1920,"height":1080,"url":"https:\/\/www.andandonagraca.org\/site\/wp-content\/uploads\/2011\/01\/nudez.jpg","type":"image\/jpeg"}],"author":"Pr. Jonas Santana","twitter_card":"summary_large_image","twitter_misc":{"Escrito por":"Pr. Jonas Santana","Est. tempo de leitura":"9 minutos"},"schema":{"@context":"https:\/\/schema.org","@graph":[{"@type":"Article","@id":"https:\/\/www.andandonagraca.org\/site\/?p=397#article","isPartOf":{"@id":"https:\/\/www.andandonagraca.org\/site\/?p=397"},"author":{"name":"Pr. Jonas Santana","@id":"https:\/\/www.andandonagraca.org\/site\/#\/schema\/person\/225d0dedb572d4570a947397af2606ed"},"headline":"Toda nudez ser\u00e1 castigada","datePublished":"2011-01-11T17:56:09+00:00","dateModified":"2024-01-14T12:46:51+00:00","mainEntityOfPage":{"@id":"https:\/\/www.andandonagraca.org\/site\/?p=397"},"wordCount":1646,"commentCount":0,"image":{"@id":"https:\/\/www.andandonagraca.org\/site\/?p=397#primaryimage"},"thumbnailUrl":"https:\/\/www.andandonagraca.org\/site\/wp-content\/uploads\/2011\/01\/nudez.jpg","keywords":["comportamento","moda","nudez"],"articleSection":["Atualidades"],"inLanguage":"pt-BR","potentialAction":[{"@type":"CommentAction","name":"Comment","target":["https:\/\/www.andandonagraca.org\/site\/?p=397#respond"]}]},{"@type":"WebPage","@id":"https:\/\/www.andandonagraca.org\/site\/?p=397","url":"https:\/\/www.andandonagraca.org\/site\/?p=397","name":"Toda nudez ser\u00e1 castigada - Pr. Jonas Santana","isPartOf":{"@id":"https:\/\/www.andandonagraca.org\/site\/#website"},"primaryImageOfPage":{"@id":"https:\/\/www.andandonagraca.org\/site\/?p=397#primaryimage"},"image":{"@id":"https:\/\/www.andandonagraca.org\/site\/?p=397#primaryimage"},"thumbnailUrl":"https:\/\/www.andandonagraca.org\/site\/wp-content\/uploads\/2011\/01\/nudez.jpg","datePublished":"2011-01-11T17:56:09+00:00","dateModified":"2024-01-14T12:46:51+00:00","author":{"@id":"https:\/\/www.andandonagraca.org\/site\/#\/schema\/person\/225d0dedb572d4570a947397af2606ed"},"breadcrumb":{"@id":"https:\/\/www.andandonagraca.org\/site\/?p=397#breadcrumb"},"inLanguage":"pt-BR","potentialAction":[{"@type":"ReadAction","target":["https:\/\/www.andandonagraca.org\/site\/?p=397"]}]},{"@type":"ImageObject","inLanguage":"pt-BR","@id":"https:\/\/www.andandonagraca.org\/site\/?p=397#primaryimage","url":"https:\/\/www.andandonagraca.org\/site\/wp-content\/uploads\/2011\/01\/nudez.jpg","contentUrl":"https:\/\/www.andandonagraca.org\/site\/wp-content\/uploads\/2011\/01\/nudez.jpg","width":1920,"height":1080},{"@type":"BreadcrumbList","@id":"https:\/\/www.andandonagraca.org\/site\/?p=397#breadcrumb","itemListElement":[{"@type":"ListItem","position":1,"name":"In\u00edcio","item":"https:\/\/www.andandonagraca.org\/site"},{"@type":"ListItem","position":2,"name":"Toda nudez ser\u00e1 castigada"}]},{"@type":"WebSite","@id":"https:\/\/www.andandonagraca.org\/site\/#website","url":"https:\/\/www.andandonagraca.org\/site\/","name":"Pr. Jonas Santana","description":"ANDANDO NA GRA\u00c7A - AEMSF","potentialAction":[{"@type":"SearchAction","target":{"@type":"EntryPoint","urlTemplate":"https:\/\/www.andandonagraca.org\/site\/?s={search_term_string}"},"query-input":{"@type":"PropertyValueSpecification","valueRequired":true,"valueName":"search_term_string"}}],"inLanguage":"pt-BR"},{"@type":"Person","@id":"https:\/\/www.andandonagraca.org\/site\/#\/schema\/person\/225d0dedb572d4570a947397af2606ed","name":"Pr. Jonas Santana","image":{"@type":"ImageObject","inLanguage":"pt-BR","@id":"https:\/\/secure.gravatar.com\/avatar\/7f463b781f71522d52f2ff3dae3592f9f7b0e24187fc413b95cd3efa8429de28?s=96&d=mm&r=g","url":"https:\/\/secure.gravatar.com\/avatar\/7f463b781f71522d52f2ff3dae3592f9f7b0e24187fc413b95cd3efa8429de28?s=96&d=mm&r=g","contentUrl":"https:\/\/secure.gravatar.com\/avatar\/7f463b781f71522d52f2ff3dae3592f9f7b0e24187fc413b95cd3efa8429de28?s=96&d=mm&r=g","caption":"Pr. Jonas Santana"},"description":"Pastor, pesquisador b\u00edblico, pregador do Evangelho do Reino A fidelidade requer que entreguemos o evangelho sob todos os \u00e2ngulos, sem omitir nada e sem exagerar em nada. Para isto requer-se muita sabedoria. Nosso desejo \u00e9 compartilhar a sabedoria do Reino de Deus a todos aqueles que o desejam de todo o cora\u00e7\u00e3o.","sameAs":["https:\/\/www.andandonagraca.org","https:\/\/www.facebook.com\/andandonagraca","https:\/\/www.instagram.com\/andandonagraca\/","https:\/\/www.youtube.com\/@andandonagraca","https:\/\/podcasters.spotify.com\/pod\/show\/andandonagraca\/"],"url":"https:\/\/www.andandonagraca.org\/site\/?author=1"}]}},"_links":{"self":[{"href":"https:\/\/www.andandonagraca.org\/site\/index.php?rest_route=\/wp\/v2\/posts\/397","targetHints":{"allow":["GET"]}}],"collection":[{"href":"https:\/\/www.andandonagraca.org\/site\/index.php?rest_route=\/wp\/v2\/posts"}],"about":[{"href":"https:\/\/www.andandonagraca.org\/site\/index.php?rest_route=\/wp\/v2\/types\/post"}],"author":[{"embeddable":true,"href":"https:\/\/www.andandonagraca.org\/site\/index.php?rest_route=\/wp\/v2\/users\/1"}],"replies":[{"embeddable":true,"href":"https:\/\/www.andandonagraca.org\/site\/index.php?rest_route=%2Fwp%2Fv2%2Fcomments&post=397"}],"version-history":[{"count":1,"href":"https:\/\/www.andandonagraca.org\/site\/index.php?rest_route=\/wp\/v2\/posts\/397\/revisions"}],"predecessor-version":[{"id":67844,"href":"https:\/\/www.andandonagraca.org\/site\/index.php?rest_route=\/wp\/v2\/posts\/397\/revisions\/67844"}],"wp:featuredmedia":[{"embeddable":true,"href":"https:\/\/www.andandonagraca.org\/site\/index.php?rest_route=\/wp\/v2\/media\/67843"}],"wp:attachment":[{"href":"https:\/\/www.andandonagraca.org\/site\/index.php?rest_route=%2Fwp%2Fv2%2Fmedia&parent=397"}],"wp:term":[{"taxonomy":"category","embeddable":true,"href":"https:\/\/www.andandonagraca.org\/site\/index.php?rest_route=%2Fwp%2Fv2%2Fcategories&post=397"},{"taxonomy":"post_tag","embeddable":true,"href":"https:\/\/www.andandonagraca.org\/site\/index.php?rest_route=%2Fwp%2Fv2%2Ftags&post=397"}],"curies":[{"name":"wp","href":"https:\/\/api.w.org\/{rel}","templated":true}]}}