{"id":449,"date":"2011-01-14T13:30:59","date_gmt":"2011-01-14T15:30:59","guid":{"rendered":"https:\/\/www.afimdeproclamar.com\/site\/?p=449"},"modified":"2021-01-27T22:05:16","modified_gmt":"2021-01-28T01:05:16","slug":"sera-esse-um-tempo-de-festa","status":"publish","type":"post","link":"https:\/\/www.andandonagraca.org\/site\/?p=449","title":{"rendered":"Ser\u00e1 esse um tempo de festa?"},"content":{"rendered":"<p style=\"text-align: justify;\">Brasil, Janeiro de 2011, mais de 500 mortos no Estado do Rio de Janeiro em decorr\u00eancia das fortes chuvas, sendo a maior trag\u00e9dia clim\u00e1tica da hist\u00f3ria do Pa\u00eds. <!--more-->Uma trag\u00e9dia anunciada, pois todos os anos trag\u00e9dias clim\u00e1ticas se sucedem e as autoridades governamentais se limitam a fazer belos discursos, porem sem nenhuma pr\u00e1tica. Ser\u00e1 esse um tempo de festa?<\/p>\n<p style=\"text-align: justify;\">A pouco mais de quatorze dias atr\u00e1s o ano de 2011 iniciou e como \u00e9 de praxe milh\u00f5es de pessoas em todo o mundo comemoraram essa data, cada um \u00e0 sua maneira.<\/p>\n<p style=\"text-align: justify;\">No Brasil, pessoas, aos milhares de milhares, foram \u00e0s praias oferecer suas vidas e suas oferendas a\u00a0 deuses seguindo rituais antigos e muitos foram levados por outros que disseram que assim tinha que ser. Poucos dias depois entregar\u00e3o as cidades a outros deuses porque logo chegar\u00e1 o carnaval, uma festa pag\u00e3, da carne, onde misturam orgias, deprava\u00e7\u00f5es, dan\u00e7as, bebidas, durante cinco dias. Ser\u00e1 esse um tempo de festa?<\/p>\n<p style=\"text-align: justify;\">Em um Pa\u00eds onde os pol\u00edticos aumentam os seus sal\u00e1rios, recebem sem trabalhar e quando o fazem, legislam em causa pr\u00f3pria. Onde os governantes n\u00e3o v\u00eaem nada e n\u00e3o sabem de nada. Ser\u00e1 esse um tempo de festa?<\/p>\n<p style=\"text-align: justify;\">Na Europa \u00e9 cada vez mais not\u00f3rio o afastamento de Deus e o aumento do ate\u00edsmo, com exce\u00e7\u00e3o de Portugal, onde existe muitas denomina\u00e7\u00f5es evang\u00e9licas. Mas nesse mesmo Pa\u00eds os casos de pedofilia \u00e9 assustador e tem sido noticiado efusivamente na m\u00eddia, tamb\u00e9m o aumento de div\u00f3rcios \u00e9 apavorante e se tornou t\u00e3o banal que bastam alguns cliques pela internet, em segundos, o casal est\u00e1 legalmente separado. Ser\u00e1 esse um tempo de festa?<\/p>\n<p style=\"text-align: justify;\">A Europa vive imersa numa crise financeira, mesmo com a Uni\u00e3o Europ\u00e9ia, com moeda \u00fanica, as na\u00e7\u00f5es est\u00e3o em crise, desemprego, falta de dinheiro, falta de perspectiva. Enchentes, nevascas, frio intenso, calor intenso, inc\u00eandios florestais.<\/p>\n<p style=\"text-align: justify;\">Os Estados Unidos perdem cada vez mais for\u00e7a, imerso em crises financeiras, crises morais, em guerras in\u00fateis. Por sua vez a China, comunista, cresce vertiginosamente, usando m\u00e3o de obra escrava, pagando pouco ou quase nada a seus empregados. Ser\u00e1 esse um tempo de festa?<\/p>\n<p style=\"text-align: justify;\">Na \u00c1frica a bruxaria, que tinha recuado em alguns pa\u00edses por causa do avan\u00e7o do Evangelho, tem voltado com for\u00e7a e preocupado muitas autoridades governamentais. A AIDS, doen\u00e7a do sono, mal\u00e1ria, matam milhares de pessoas anualmente. Adult\u00e9rio, prostitui\u00e7\u00e3o infantil, escravid\u00e3o, afligem as fam\u00edlias. Guerras, corrup\u00e7\u00e3o, falta de distribui\u00e7\u00e3o de renda s\u00e3o outros fatores que fazem os povos sofrerem. Ser\u00e1 esse um tempo de festa?<\/p>\n<p style=\"text-align: justify;\">O mundo vai de mal a pior. Leis s\u00e3o criadas em v\u00e1rias na\u00e7\u00f5es dando legitimidade aquilo que \u00e9 expressamente contr\u00e1rio a Palavra de Deus, chamando crist\u00e3os, os filhos de Deus, de homof\u00f3bicos, sendo que como o nosso Deus, amamos os pecadores, por\u00e9m aborrecemos a pr\u00e1tica do pecado e queremos que todos os homens e mulheres venham ao conhecimento da verdade. Ser\u00e1 esse um tempo de festa?<\/p>\n<p style=\"text-align: justify;\">Quando olho para a igreja de um modo em geral e vejo essa mesma igreja envolta em festas, galas, de todo o tipo, celebrando o prazer pelo prazer, buscando entretenimento, levando o povo a pensar que tudo est\u00e1 bem e por isso \u00e9 momento de celebra\u00e7\u00f5es, o meu cora\u00e7\u00e3o chora, clama e a cada dia fica mais aflito.<\/p>\n<p style=\"text-align: justify;\">N\u00e3o posso deixar de me lembrar do profeta Joel, que conclamou o seu povo (leia o cap\u00edtulo 2) a clamar, a jejuar, a chorar diante de Deus para que fosse mudada a situa\u00e7\u00e3o da na\u00e7\u00e3o.<\/p>\n<p style=\"text-align: justify;\">Quando vejo os \u201csacerdotes\u201d chamando o seu povo \u00e0 festa do branco e preto, do rid\u00edculo, do caipira, junina, entre outras, at\u00e9 as mais \u201cespirituais\u201d como as festas judaicas deixando transparecer que tudo vai bem e estamos efetuando grandes conquistas, n\u00e3o posso deixar de pensar em outros profetas do Senhor que se contorceram ao ver o povo de Deus dan\u00e7ar, cantar, festejar quando tudo \u00e0 sua volta estava em grande destrui\u00e7\u00e3o.<\/p>\n<p style=\"text-align: justify;\">A igreja de nossos dias se contenta com t\u00e3o pouco ou quase nada do Esp\u00edrito de Deus. A grande preocupa\u00e7\u00e3o de muitos \u201csacerdotes\u201d \u00e9 com o que ganham e com o que deixar\u00e3o de ganhar se realmente forem sacerdotes, profetas, pastores do Deus alt\u00edssimo e assim tiverem de confrontar o pecado e o pecador de frente.<\/p>\n<p style=\"text-align: justify;\">Jesus nos prometeu: Na verdade, na verdade vos digo que aquele que cr\u00ea em mim tamb\u00e9m far\u00e1 as obras que eu fa\u00e7o e as far\u00e1 maiores do que estas, porque eu vou para meu Pai (Jo\u00e3o 14:12). Ora esta igreja dos nossos dias n\u00e3o est\u00e1 fazendo as mesmas obras que Jesus fez e como \u00e9 obvio nem as maiores. Alguns poucos cr\u00eaem e j\u00e1 nos damos por satisfeitos. Alguns pouqu\u00edssimos s\u00e3o curados e logo se faz um grande alarde. Ser\u00e1 esse um tempo de festa?<\/p>\n<p style=\"text-align: justify;\">A quantidade de ap\u00f3stolos em nossos dias \u00e9 fenomenal, no entanto nenhum se assemelha a Paulo ou a Pedro, nem nos milagres, nem t\u00e3o pouco no poder, muito menos na vida e no car\u00e1ter. Sequer chegam pr\u00f3ximos dos di\u00e1conos da igreja primitiva.<\/p>\n<p style=\"text-align: justify;\">Ent\u00e3o o que h\u00e1 para celebrar? Por que tanta necessidade de festas? As pessoas ao nosso redor caminham a passos largos para o inferno e todos os dias trag\u00e9dias acontecem em toda parte. Algumas gigantescas como a do Haiti, ou o tsunami na \u00c1sia h\u00e1 alguns anos atr\u00e1s. Mas temos trag\u00e9dias como \u00e0 pedofilia, adolescentes e crian\u00e7as gr\u00e1vidas, jovens no \u00e1lcool e nas drogas, div\u00f3rcios, corrup\u00e7\u00e3o desenfreada. Repito: o que h\u00e1 para celebrar?<\/p>\n<p style=\"text-align: justify;\">N\u00e3o creio que seja tempo de festa, mas tempo do povo de Deus se reunir e clamar ao Senhor. Pelo que? Avivamento e Colheita<\/p>\n<p style=\"text-align: justify;\">&#8211; Em primeiro lugar por um avivamento genu\u00edno da parte de Deus para a igreja. Um despertamento e um retorno aos princ\u00edpios da Palavra de Deus, pois esse povo tem deixado o Senhor \u00e0 fonte das \u00e1guas vivas (Jeremias 2:13) e tem se aproximado demais de mundo e buscado muitos dos seus modelos que s\u00e3o desprez\u00edveis e imprest\u00e1veis.<\/p>\n<p style=\"text-align: justify;\">&#8211; Em segundo lugar, uma vez que a igreja esta viva novamente, uma grande colheita de vidas. Homens e mulheres sendo salvos pela prega\u00e7\u00e3o poderosa da Palavra de Deus.<\/p>\n<p style=\"text-align: justify;\">A Palavra \u00e9 como fogo, martelo e espada. O fogo queima, o martelo despeda\u00e7a e a espada penetra profundamente discernindo pensamentos e emo\u00e7\u00f5es. \u00c9 como se o cora\u00e7\u00e3o das pessoas fosse capim seco e as palavras que saem da boca do pregador como fogo, logo haver\u00e1 um grande inc\u00eandio. \u00c9 imposs\u00edvel algu\u00e9m ficar na mesma quando a Palavra de Deus \u00e9 pregada em demonstra\u00e7\u00e3o de Esp\u00edrito e Poder (I Cor\u00edntios 2:1-5).<\/p>\n<p style=\"text-align: justify;\">Quando houve o derramamento do Esp\u00edrito Santo sobre os irm\u00e3os no in\u00edcio da Igreja, em sua primeira mensagem o Ap\u00f3stolo Pedro citou o profeta Joel e o Cap\u00edtulo 2 do seu livro. E da mesma maneira, hoje, para que possamos tamb\u00e9m experimentar da mesma intensidade que eles experimentaram, precisamos agir da mesma forma. N\u00e3o \u00e9 hora de festas, \u00e9 hora de clamor, \u00e9 hora de ora\u00e7\u00e3o, \u00e9 hora de jejum, \u00e9 hora de buscar o Senhor.<\/p>\n<p style=\"text-align: justify;\">N\u00e3o \u00e9 para todos, \u00e9 somente para aqueles que O desejam de todo o cora\u00e7\u00e3o, somente para aqueles que O amam, para aqueles que n\u00e3o se conformam com esta situa\u00e7\u00e3o, nem com o que acontece a sua volta.<\/p>\n<p style=\"text-align: justify;\">A Palavra de Deus est\u00e1 se cumprindo e vemos o ciclo se fechando, Jesus est\u00e1 voltando. N\u00e3o sabemos dia nem hora, mas os fatos nos mostram que a Palavra se cumpre a cada dia. Sabemos que antes de Sua vinda a opera\u00e7\u00e3o do in\u00edquo acontecer\u00e1 e tudo est\u00e1 sendo preparado, basta verificar as noticias. Precisamos estar preparados. Ningu\u00e9m que se alista para a guerra cuida mais do que \u00e9 seu (II Tim\u00f3teo 2:4).<\/p>\n<p style=\"text-align: justify;\">N\u00e3o estamos em tempos ou horas de festas, mas de cumprirmos a Palavra de Deus. Joel 2:12-17<\/p>\n<blockquote>\n<p style=\"text-align: justify; padding-left: 30px;\"><em>Ainda assim, agora mesmo diz o Senhor: Convertei-vos a mim de todo o vosso cora\u00e7\u00e3o; e isso com jejuns, e com choro, e com pranto.<\/em><\/p>\n<p style=\"text-align: justify; padding-left: 30px;\"><em>E rasgai o vosso cora\u00e7\u00e3o, e n\u00e3o as vossas vestes, e convertei-vos ao Senhor, vosso Deus; porque ele \u00e9 misericordioso, e compassivo, e tardio em irar-se, e grande em benefic\u00eancia e se arrepende do mal.<\/em><\/p>\n<p style=\"text-align: justify; padding-left: 30px;\"><em>Quem sabe se se voltar\u00e1, e se arrepender\u00e1, e deixar\u00e1 ap\u00f3s si uma b\u00ean\u00e7\u00e3o, em oferta de manjar e liba\u00e7\u00e3o para o Senhor, vosso Deus?<\/em><\/p>\n<p style=\"text-align: justify; padding-left: 30px;\"><em>Tocai a buzina em Si\u00e3o, santificai um jejum, proclamai um dia de proibi\u00e7\u00e3o.<\/em><\/p>\n<p style=\"text-align: justify; padding-left: 30px;\"><em>Congregai o povo, santificai a congrega\u00e7\u00e3o, ajuntai os anci\u00e3os, congregai os filhinhos e os que mamam; saia o noivo da sua rec\u00e2mara, e a noiva, do seu t\u00e1lamo.<\/em><\/p>\n<p style=\"text-align: justify; padding-left: 30px;\"><em>Chorem os sacerdotes, ministros do Senhor, entre o alpendre e o altar, e digam: Poupa o teu povo, \u00f3 Senhor, e n\u00e3o entregues a tua heran\u00e7a ao opr\u00f3brio, para que as na\u00e7\u00f5es fa\u00e7am esc\u00e1rnio dele; porque diriam entre os povos: Onde est\u00e1 o seu Deus?<\/em><\/p>\n<\/blockquote>\n","protected":false},"excerpt":{"rendered":"<p>Brasil, Janeiro de 2011, mais de 500 mortos no Estado do Rio de Janeiro em decorr\u00eancia das fortes<\/p>\n","protected":false},"author":1,"featured_media":1443,"comment_status":"open","ping_status":"open","sticky":false,"template":"","format":"standard","meta":{"footnotes":""},"categories":[76],"tags":[64,61,65,62,63,66],"class_list":["post-449","post","type-post","status-publish","format-standard","has-post-thumbnail","hentry","category-atualidades","tag-celebracoes","tag-comportamento","tag-entretenimento","tag-festas","tag-galas","tag-tragedias"],"yoast_head":"<!-- This site is optimized with the Yoast SEO plugin v27.5 - https:\/\/yoast.com\/product\/yoast-seo-wordpress\/ -->\n<title>Ser\u00e1 esse um tempo de festa? - Pr. Jonas Santana<\/title>\n<meta name=\"robots\" content=\"index, follow, max-snippet:-1, max-image-preview:large, max-video-preview:-1\" \/>\n<link rel=\"canonical\" href=\"https:\/\/www.andandonagraca.org\/site\/?p=449\" \/>\n<meta property=\"og:locale\" content=\"pt_BR\" \/>\n<meta property=\"og:type\" content=\"article\" \/>\n<meta property=\"og:title\" content=\"Ser\u00e1 esse um tempo de festa? - Pr. Jonas Santana\" \/>\n<meta property=\"og:description\" content=\"Brasil, Janeiro de 2011, mais de 500 mortos no Estado do Rio de Janeiro em decorr\u00eancia das fortes\" \/>\n<meta property=\"og:url\" content=\"https:\/\/www.andandonagraca.org\/site\/?p=449\" \/>\n<meta property=\"og:site_name\" content=\"Pr. Jonas Santana\" \/>\n<meta property=\"article:publisher\" content=\"https:\/\/www.facebook.com\/andandonagraca\" \/>\n<meta property=\"article:author\" content=\"https:\/\/www.facebook.com\/andandonagraca\" \/>\n<meta property=\"article:published_time\" content=\"2011-01-14T15:30:59+00:00\" \/>\n<meta property=\"article:modified_time\" content=\"2021-01-28T01:05:16+00:00\" \/>\n<meta property=\"og:image\" content=\"https:\/\/www.andandonagraca.org\/site\/wp-content\/uploads\/2011\/01\/tragedy-strikes.jpg\" \/>\n\t<meta property=\"og:image:width\" content=\"320\" \/>\n\t<meta property=\"og:image:height\" content=\"320\" \/>\n\t<meta property=\"og:image:type\" content=\"image\/jpeg\" \/>\n<meta name=\"author\" content=\"Pr. Jonas Santana\" \/>\n<meta name=\"twitter:card\" content=\"summary_large_image\" \/>\n<meta name=\"twitter:label1\" content=\"Escrito por\" \/>\n\t<meta name=\"twitter:data1\" content=\"Pr. Jonas Santana\" \/>\n\t<meta name=\"twitter:label2\" content=\"Est. tempo de leitura\" \/>\n\t<meta name=\"twitter:data2\" content=\"8 minutos\" \/>\n<script type=\"application\/ld+json\" class=\"yoast-schema-graph\">{\"@context\":\"https:\\\/\\\/schema.org\",\"@graph\":[{\"@type\":\"Article\",\"@id\":\"https:\\\/\\\/www.andandonagraca.org\\\/site\\\/?p=449#article\",\"isPartOf\":{\"@id\":\"https:\\\/\\\/www.andandonagraca.org\\\/site\\\/?p=449\"},\"author\":{\"name\":\"Pr. Jonas Santana\",\"@id\":\"https:\\\/\\\/www.andandonagraca.org\\\/site\\\/#\\\/schema\\\/person\\\/225d0dedb572d4570a947397af2606ed\"},\"headline\":\"Ser\u00e1 esse um tempo de festa?\",\"datePublished\":\"2011-01-14T15:30:59+00:00\",\"dateModified\":\"2021-01-28T01:05:16+00:00\",\"mainEntityOfPage\":{\"@id\":\"https:\\\/\\\/www.andandonagraca.org\\\/site\\\/?p=449\"},\"wordCount\":1574,\"commentCount\":0,\"image\":{\"@id\":\"https:\\\/\\\/www.andandonagraca.org\\\/site\\\/?p=449#primaryimage\"},\"thumbnailUrl\":\"https:\\\/\\\/www.andandonagraca.org\\\/site\\\/wp-content\\\/uploads\\\/2011\\\/01\\\/tragedy-strikes.jpg\",\"keywords\":[\"celebra\u00e7\u00f5es\",\"comportamento\",\"entretenimento\",\"festas\",\"galas\",\"trag\u00e9dias\"],\"articleSection\":[\"Atualidades\"],\"inLanguage\":\"pt-BR\",\"potentialAction\":[{\"@type\":\"CommentAction\",\"name\":\"Comment\",\"target\":[\"https:\\\/\\\/www.andandonagraca.org\\\/site\\\/?p=449#respond\"]}]},{\"@type\":\"WebPage\",\"@id\":\"https:\\\/\\\/www.andandonagraca.org\\\/site\\\/?p=449\",\"url\":\"https:\\\/\\\/www.andandonagraca.org\\\/site\\\/?p=449\",\"name\":\"Ser\u00e1 esse um tempo de festa? - Pr. Jonas Santana\",\"isPartOf\":{\"@id\":\"https:\\\/\\\/www.andandonagraca.org\\\/site\\\/#website\"},\"primaryImageOfPage\":{\"@id\":\"https:\\\/\\\/www.andandonagraca.org\\\/site\\\/?p=449#primaryimage\"},\"image\":{\"@id\":\"https:\\\/\\\/www.andandonagraca.org\\\/site\\\/?p=449#primaryimage\"},\"thumbnailUrl\":\"https:\\\/\\\/www.andandonagraca.org\\\/site\\\/wp-content\\\/uploads\\\/2011\\\/01\\\/tragedy-strikes.jpg\",\"datePublished\":\"2011-01-14T15:30:59+00:00\",\"dateModified\":\"2021-01-28T01:05:16+00:00\",\"author\":{\"@id\":\"https:\\\/\\\/www.andandonagraca.org\\\/site\\\/#\\\/schema\\\/person\\\/225d0dedb572d4570a947397af2606ed\"},\"breadcrumb\":{\"@id\":\"https:\\\/\\\/www.andandonagraca.org\\\/site\\\/?p=449#breadcrumb\"},\"inLanguage\":\"pt-BR\",\"potentialAction\":[{\"@type\":\"ReadAction\",\"target\":[\"https:\\\/\\\/www.andandonagraca.org\\\/site\\\/?p=449\"]}]},{\"@type\":\"ImageObject\",\"inLanguage\":\"pt-BR\",\"@id\":\"https:\\\/\\\/www.andandonagraca.org\\\/site\\\/?p=449#primaryimage\",\"url\":\"https:\\\/\\\/www.andandonagraca.org\\\/site\\\/wp-content\\\/uploads\\\/2011\\\/01\\\/tragedy-strikes.jpg\",\"contentUrl\":\"https:\\\/\\\/www.andandonagraca.org\\\/site\\\/wp-content\\\/uploads\\\/2011\\\/01\\\/tragedy-strikes.jpg\",\"width\":320,\"height\":320},{\"@type\":\"BreadcrumbList\",\"@id\":\"https:\\\/\\\/www.andandonagraca.org\\\/site\\\/?p=449#breadcrumb\",\"itemListElement\":[{\"@type\":\"ListItem\",\"position\":1,\"name\":\"In\u00edcio\",\"item\":\"https:\\\/\\\/www.andandonagraca.org\\\/site\"},{\"@type\":\"ListItem\",\"position\":2,\"name\":\"Ser\u00e1 esse um tempo de festa?\"}]},{\"@type\":\"WebSite\",\"@id\":\"https:\\\/\\\/www.andandonagraca.org\\\/site\\\/#website\",\"url\":\"https:\\\/\\\/www.andandonagraca.org\\\/site\\\/\",\"name\":\"Pr. Jonas Santana\",\"description\":\"ANDANDO NA GRA\u00c7A - AEMSF\",\"potentialAction\":[{\"@type\":\"SearchAction\",\"target\":{\"@type\":\"EntryPoint\",\"urlTemplate\":\"https:\\\/\\\/www.andandonagraca.org\\\/site\\\/?s={search_term_string}\"},\"query-input\":{\"@type\":\"PropertyValueSpecification\",\"valueRequired\":true,\"valueName\":\"search_term_string\"}}],\"inLanguage\":\"pt-BR\"},{\"@type\":\"Person\",\"@id\":\"https:\\\/\\\/www.andandonagraca.org\\\/site\\\/#\\\/schema\\\/person\\\/225d0dedb572d4570a947397af2606ed\",\"name\":\"Pr. Jonas Santana\",\"image\":{\"@type\":\"ImageObject\",\"inLanguage\":\"pt-BR\",\"@id\":\"https:\\\/\\\/secure.gravatar.com\\\/avatar\\\/7f463b781f71522d52f2ff3dae3592f9f7b0e24187fc413b95cd3efa8429de28?s=96&d=mm&r=g\",\"url\":\"https:\\\/\\\/secure.gravatar.com\\\/avatar\\\/7f463b781f71522d52f2ff3dae3592f9f7b0e24187fc413b95cd3efa8429de28?s=96&d=mm&r=g\",\"contentUrl\":\"https:\\\/\\\/secure.gravatar.com\\\/avatar\\\/7f463b781f71522d52f2ff3dae3592f9f7b0e24187fc413b95cd3efa8429de28?s=96&d=mm&r=g\",\"caption\":\"Pr. Jonas Santana\"},\"description\":\"Pastor, pesquisador b\u00edblico, pregador do Evangelho do Reino A fidelidade requer que entreguemos o evangelho sob todos os \u00e2ngulos, sem omitir nada e sem exagerar em nada. Para isto requer-se muita sabedoria. Nosso desejo \u00e9 compartilhar a sabedoria do Reino de Deus a todos aqueles que o desejam de todo o cora\u00e7\u00e3o.\",\"sameAs\":[\"https:\\\/\\\/www.andandonagraca.org\",\"https:\\\/\\\/www.facebook.com\\\/andandonagraca\",\"https:\\\/\\\/www.instagram.com\\\/andandonagraca\\\/\",\"https:\\\/\\\/www.youtube.com\\\/@andandonagraca\",\"https:\\\/\\\/podcasters.spotify.com\\\/pod\\\/show\\\/andandonagraca\\\/\"],\"url\":\"https:\\\/\\\/www.andandonagraca.org\\\/site\\\/?author=1\"}]}<\/script>\n<!-- \/ Yoast SEO plugin. -->","yoast_head_json":{"title":"Ser\u00e1 esse um tempo de festa? - Pr. Jonas Santana","robots":{"index":"index","follow":"follow","max-snippet":"max-snippet:-1","max-image-preview":"max-image-preview:large","max-video-preview":"max-video-preview:-1"},"canonical":"https:\/\/www.andandonagraca.org\/site\/?p=449","og_locale":"pt_BR","og_type":"article","og_title":"Ser\u00e1 esse um tempo de festa? - Pr. Jonas Santana","og_description":"Brasil, Janeiro de 2011, mais de 500 mortos no Estado do Rio de Janeiro em decorr\u00eancia das fortes","og_url":"https:\/\/www.andandonagraca.org\/site\/?p=449","og_site_name":"Pr. Jonas Santana","article_publisher":"https:\/\/www.facebook.com\/andandonagraca","article_author":"https:\/\/www.facebook.com\/andandonagraca","article_published_time":"2011-01-14T15:30:59+00:00","article_modified_time":"2021-01-28T01:05:16+00:00","og_image":[{"width":320,"height":320,"url":"https:\/\/www.andandonagraca.org\/site\/wp-content\/uploads\/2011\/01\/tragedy-strikes.jpg","type":"image\/jpeg"}],"author":"Pr. Jonas Santana","twitter_card":"summary_large_image","twitter_misc":{"Escrito por":"Pr. Jonas Santana","Est. tempo de leitura":"8 minutos"},"schema":{"@context":"https:\/\/schema.org","@graph":[{"@type":"Article","@id":"https:\/\/www.andandonagraca.org\/site\/?p=449#article","isPartOf":{"@id":"https:\/\/www.andandonagraca.org\/site\/?p=449"},"author":{"name":"Pr. Jonas Santana","@id":"https:\/\/www.andandonagraca.org\/site\/#\/schema\/person\/225d0dedb572d4570a947397af2606ed"},"headline":"Ser\u00e1 esse um tempo de festa?","datePublished":"2011-01-14T15:30:59+00:00","dateModified":"2021-01-28T01:05:16+00:00","mainEntityOfPage":{"@id":"https:\/\/www.andandonagraca.org\/site\/?p=449"},"wordCount":1574,"commentCount":0,"image":{"@id":"https:\/\/www.andandonagraca.org\/site\/?p=449#primaryimage"},"thumbnailUrl":"https:\/\/www.andandonagraca.org\/site\/wp-content\/uploads\/2011\/01\/tragedy-strikes.jpg","keywords":["celebra\u00e7\u00f5es","comportamento","entretenimento","festas","galas","trag\u00e9dias"],"articleSection":["Atualidades"],"inLanguage":"pt-BR","potentialAction":[{"@type":"CommentAction","name":"Comment","target":["https:\/\/www.andandonagraca.org\/site\/?p=449#respond"]}]},{"@type":"WebPage","@id":"https:\/\/www.andandonagraca.org\/site\/?p=449","url":"https:\/\/www.andandonagraca.org\/site\/?p=449","name":"Ser\u00e1 esse um tempo de festa? - Pr. Jonas Santana","isPartOf":{"@id":"https:\/\/www.andandonagraca.org\/site\/#website"},"primaryImageOfPage":{"@id":"https:\/\/www.andandonagraca.org\/site\/?p=449#primaryimage"},"image":{"@id":"https:\/\/www.andandonagraca.org\/site\/?p=449#primaryimage"},"thumbnailUrl":"https:\/\/www.andandonagraca.org\/site\/wp-content\/uploads\/2011\/01\/tragedy-strikes.jpg","datePublished":"2011-01-14T15:30:59+00:00","dateModified":"2021-01-28T01:05:16+00:00","author":{"@id":"https:\/\/www.andandonagraca.org\/site\/#\/schema\/person\/225d0dedb572d4570a947397af2606ed"},"breadcrumb":{"@id":"https:\/\/www.andandonagraca.org\/site\/?p=449#breadcrumb"},"inLanguage":"pt-BR","potentialAction":[{"@type":"ReadAction","target":["https:\/\/www.andandonagraca.org\/site\/?p=449"]}]},{"@type":"ImageObject","inLanguage":"pt-BR","@id":"https:\/\/www.andandonagraca.org\/site\/?p=449#primaryimage","url":"https:\/\/www.andandonagraca.org\/site\/wp-content\/uploads\/2011\/01\/tragedy-strikes.jpg","contentUrl":"https:\/\/www.andandonagraca.org\/site\/wp-content\/uploads\/2011\/01\/tragedy-strikes.jpg","width":320,"height":320},{"@type":"BreadcrumbList","@id":"https:\/\/www.andandonagraca.org\/site\/?p=449#breadcrumb","itemListElement":[{"@type":"ListItem","position":1,"name":"In\u00edcio","item":"https:\/\/www.andandonagraca.org\/site"},{"@type":"ListItem","position":2,"name":"Ser\u00e1 esse um tempo de festa?"}]},{"@type":"WebSite","@id":"https:\/\/www.andandonagraca.org\/site\/#website","url":"https:\/\/www.andandonagraca.org\/site\/","name":"Pr. Jonas Santana","description":"ANDANDO NA GRA\u00c7A - AEMSF","potentialAction":[{"@type":"SearchAction","target":{"@type":"EntryPoint","urlTemplate":"https:\/\/www.andandonagraca.org\/site\/?s={search_term_string}"},"query-input":{"@type":"PropertyValueSpecification","valueRequired":true,"valueName":"search_term_string"}}],"inLanguage":"pt-BR"},{"@type":"Person","@id":"https:\/\/www.andandonagraca.org\/site\/#\/schema\/person\/225d0dedb572d4570a947397af2606ed","name":"Pr. Jonas Santana","image":{"@type":"ImageObject","inLanguage":"pt-BR","@id":"https:\/\/secure.gravatar.com\/avatar\/7f463b781f71522d52f2ff3dae3592f9f7b0e24187fc413b95cd3efa8429de28?s=96&d=mm&r=g","url":"https:\/\/secure.gravatar.com\/avatar\/7f463b781f71522d52f2ff3dae3592f9f7b0e24187fc413b95cd3efa8429de28?s=96&d=mm&r=g","contentUrl":"https:\/\/secure.gravatar.com\/avatar\/7f463b781f71522d52f2ff3dae3592f9f7b0e24187fc413b95cd3efa8429de28?s=96&d=mm&r=g","caption":"Pr. Jonas Santana"},"description":"Pastor, pesquisador b\u00edblico, pregador do Evangelho do Reino A fidelidade requer que entreguemos o evangelho sob todos os \u00e2ngulos, sem omitir nada e sem exagerar em nada. Para isto requer-se muita sabedoria. Nosso desejo \u00e9 compartilhar a sabedoria do Reino de Deus a todos aqueles que o desejam de todo o cora\u00e7\u00e3o.","sameAs":["https:\/\/www.andandonagraca.org","https:\/\/www.facebook.com\/andandonagraca","https:\/\/www.instagram.com\/andandonagraca\/","https:\/\/www.youtube.com\/@andandonagraca","https:\/\/podcasters.spotify.com\/pod\/show\/andandonagraca\/"],"url":"https:\/\/www.andandonagraca.org\/site\/?author=1"}]}},"_links":{"self":[{"href":"https:\/\/www.andandonagraca.org\/site\/index.php?rest_route=\/wp\/v2\/posts\/449","targetHints":{"allow":["GET"]}}],"collection":[{"href":"https:\/\/www.andandonagraca.org\/site\/index.php?rest_route=\/wp\/v2\/posts"}],"about":[{"href":"https:\/\/www.andandonagraca.org\/site\/index.php?rest_route=\/wp\/v2\/types\/post"}],"author":[{"embeddable":true,"href":"https:\/\/www.andandonagraca.org\/site\/index.php?rest_route=\/wp\/v2\/users\/1"}],"replies":[{"embeddable":true,"href":"https:\/\/www.andandonagraca.org\/site\/index.php?rest_route=%2Fwp%2Fv2%2Fcomments&post=449"}],"version-history":[{"count":0,"href":"https:\/\/www.andandonagraca.org\/site\/index.php?rest_route=\/wp\/v2\/posts\/449\/revisions"}],"wp:featuredmedia":[{"embeddable":true,"href":"https:\/\/www.andandonagraca.org\/site\/index.php?rest_route=\/wp\/v2\/media\/1443"}],"wp:attachment":[{"href":"https:\/\/www.andandonagraca.org\/site\/index.php?rest_route=%2Fwp%2Fv2%2Fmedia&parent=449"}],"wp:term":[{"taxonomy":"category","embeddable":true,"href":"https:\/\/www.andandonagraca.org\/site\/index.php?rest_route=%2Fwp%2Fv2%2Fcategories&post=449"},{"taxonomy":"post_tag","embeddable":true,"href":"https:\/\/www.andandonagraca.org\/site\/index.php?rest_route=%2Fwp%2Fv2%2Ftags&post=449"}],"curies":[{"name":"wp","href":"https:\/\/api.w.org\/{rel}","templated":true}]}}