{"id":49,"date":"2000-05-15T14:50:08","date_gmt":"2000-05-15T16:50:08","guid":{"rendered":"https:\/\/www.afimdeproclamar.com\/site\/?p=49"},"modified":"2021-02-10T10:13:03","modified_gmt":"2021-02-10T13:13:03","slug":"o-espirito-santo","status":"publish","type":"post","link":"https:\/\/www.andandonagraca.org\/site\/?p=49","title":{"rendered":"O Esp\u00edrito Santo"},"content":{"rendered":"<p style=\"text-align: justify;\">1\u00ba) Introdu\u00e7\u00e3o<\/p>\n<p style=\"text-align: justify;\">Quem \u00e9, o Esp\u00edrito santo? \u00c9 a terceira pessoa de Deus.<\/p>\n<p style=\"text-align: justify;\">Deus o Pai, Deus o Filho, Deus o Esp\u00edrito Santo \u2013 Tr\u00eas pessoas sendo uma s\u00f3.<\/p>\n<p style=\"text-align: justify;\">Cada um tem a Sua fun\u00e7\u00e3o na trindade mas todos s\u00e3o um. Todos t\u00eam a mesma import\u00e2ncia.<\/p>\n<p style=\"text-align: justify;\">Deus o Pai \u00e9 o Boss. Jesus \u00e9 o Filho e o Mediador, o Advogado, o Redentor, o Salvador, a Palavra.<\/p>\n<p style=\"text-align: justify;\">O Esp\u00edrito Santo \u00e9 o materializador da vontade do Pai. Tamb\u00e9m o nosso Consolador.<\/p>\n<p style=\"text-align: justify;\">Jo. 14:16 &#8211; E eu rogarei ao Pai, e ele vos dar\u00e1 outro Consolador, a fim de que esteja para sempre convosco,<\/p>\n<p style=\"text-align: justify;\">O pr\u00f3prio Jesus se refere ao Esp\u00edrito Santo como sendo uma pessoa. \u00c9 esta pessoa que habita dentro de n\u00f3s. Quando entregamos a nossa vida a Jesus \u00e9 o Esp\u00edrito Santo que vem habitar em n\u00f3s.<\/p>\n<p style=\"text-align: justify;\">Katherine Khulman disse que o Esp\u00edrito Santo era mais real para ela do que qualquer pessoa.<\/p>\n<p style=\"text-align: justify;\">E \u00e9 este Esp\u00edrito Santo que eu quero apresent\u00e1-lo a si.<\/p>\n<p style=\"text-align: justify;\">2\u00ba) O Esp\u00edrito Santo \u00e9 uma promessa para voc\u00ea.<\/p>\n<p style=\"text-align: justify;\">At. 1:5,8 \u2013 Promessa &#8211; Porque Jo\u00e3o, na verdade, batizou com \u00e1gua, mas v\u00f3s sereis batizados com o Esp\u00edrito Santo, n\u00e3o muito depois destes dias. Mas recebereis poder, ao descer sobre v\u00f3s o Esp\u00edrito Santo, e sereis minhas testemunhas tanto em Jerusal\u00e9m como em toda a Jud\u00e9ia e Samaria e at\u00e9 aos confins da terra.<\/p>\n<p style=\"text-align: justify;\">At. 2:32-33 \u2013 Cumprido &#8211; A este Jesus Deus ressuscitou, do que todos n\u00f3s somos testemunhas. Exaltado, pois, \u00e0 destra de Deus, tendo recebido do Pai a promessa do Esp\u00edrito Santo, derramou isto que vedes e ouvis.<\/p>\n<p style=\"text-align: justify;\">O Esp\u00edrito Santo foi prometido por Jesus e a Sua promessa foi cumprida. Jesus disse que estaria conosco at\u00e9 a consuma\u00e7\u00e3o dos s\u00e9culos. E Ele est\u00e1! Por isso Ele derramou o Esp\u00edrito Santo sobre n\u00f3s. Fomos revestidos com o poder do alto.<\/p>\n<p style=\"text-align: justify;\">Deus n\u00e3o s\u00f3 derramou o esp\u00edrito Santo sobre voc\u00ea para que fale em l\u00ednguas, ou para que voc\u00ea saiba que de fato Deus habita dentro de voc\u00ea.<\/p>\n<p style=\"text-align: justify;\">Deus deu o Esp\u00edrito Santo para que toda a vontade Dele (Deus) fosse conhecida.<\/p>\n<p style=\"text-align: justify;\">Ningu\u00e9m melhor que o Esp\u00edrito Santo para conhecer a Deus.<\/p>\n<p style=\"text-align: justify;\">Lembre que o Esp\u00edrito Santo \u00e9 materializador dos desejos do Pai.<\/p>\n<p style=\"text-align: justify;\">Pai \u2013 Arquiteto; Jesus &#8211; A Palavra; Esp\u00edrito Santo \u2013 Materializador.<\/p>\n<p style=\"text-align: justify;\">3\u00ba) Mas n\u00e3o \u00e9 s\u00f3 isso! O Esp\u00edrito Santo \u00e9 uma pessoa e como tal Ele gosta de se relacionar com outras pessoas.<\/p>\n<p style=\"text-align: justify;\">O Esp\u00edrito Santo vive dentro de si, \u00e9 uma pessoa e Ele tamb\u00e9m gosta de conversar. Ele \u00e9 algu\u00e9m d\u00f3cil, meigo, am\u00e1vel. Tem uma fala muito mansa.E o Esp\u00edrito Santo trabalha para que a vontade do Pai seja cumprida.<\/p>\n<p style=\"text-align: justify;\">Ele quer dizer a si qual \u00e9 a vontade do Pai para a nossa vida. Ser\u00e1 que eu devo me casar com esta pessoa? Ser\u00e1 que devo comprar esta casa?<\/p>\n<p style=\"text-align: justify;\">Aos homens de neg\u00f3cios: Ser\u00e1 que devo fechar este neg\u00f3cio? Ser\u00e1 que devo assinar este contrato? Ser\u00e1 que este \u00e9 o melhor ponto para o meu neg\u00f3cio?<\/p>\n<p style=\"text-align: justify;\">Se os HN aprenderem a se relacionar e a ouvirem a vos do Esp\u00edrito Santo deixar\u00e3o de fazer muitos neg\u00f3cios mal feitos. E deixar\u00e3o de perder $.<\/p>\n<p style=\"text-align: justify;\">4\u00ba) Como \u00e9 que o Esp\u00edrito Santo fala?<\/p>\n<p style=\"text-align: justify;\">O Esp\u00edrito Santo fala de diversas formas. Podemos ouvir uma voz clara a falar conosco. Vers\u00edculos que vem a mente. Cora\u00e7\u00e3o. Sentir veludo ou n\u00e3o. Homens de Deus.<\/p>\n<p style=\"text-align: justify;\">5\u00ba) Mas para que tudo isto aconte\u00e7a nas nossas vidas \u00e9 necess\u00e1rio n\u00f3s nos relacionarmos com Ele.<\/p>\n<p style=\"text-align: justify;\">Hoje n\u00f3s somos o tabern\u00e1culo de Deus. Deus habita em n\u00f3s atrav\u00e9s do Esp\u00edrito Santo. E \u00e9 necess\u00e1rio que n\u00f3s estejamos cheios Dele. Em toda a Sua plenitude.<\/p>\n<p style=\"text-align: justify;\">Ef. 5:18-20 &#8211; E n\u00e3o vos embriagueis com vinho, no qual h\u00e1 dissolu\u00e7\u00e3o, mas enchei-vos do Esp\u00edrito, falando entre v\u00f3s com salmos, entoando e louvando de cora\u00e7\u00e3o ao Senhor com hinos e c\u00e2nticos espirituais, dando sempre gra\u00e7as por tudo a nosso Deus e Pai, em nome de nosso Senhor Jesus Cristo,<\/p>\n<p style=\"text-align: justify;\">Mais importante que qualquer m\u00e9todo \u00e9 andar com Deus.<\/p>\n<p style=\"text-align: justify;\">Precisa de sabedoria, conhecimento, intelig\u00eancia, poder, intrepidez.<\/p>\n<p style=\"text-align: justify;\">Se andarmos no Esp\u00edrito Deus habita conosco tudo fica f\u00e1cil.<\/p>\n<p style=\"text-align: justify;\">Sl. 22:3 &#8211; O Senhor renova as minhas for\u00e7as e me guia por caminhos certos, como ele mesmo prometeu.<\/p>\n<p style=\"text-align: justify;\">Rm. 8:26-27 &#8211; Tamb\u00e9m o Esp\u00edrito, semelhantemente, nos assiste em nossa fraqueza; porque n\u00e3o sabemos orar como conv\u00e9m, mas o mesmo Esp\u00edrito intercede por n\u00f3s sobremaneira, com gemidos inexprim\u00edveis. E aquele que sonda os cora\u00e7\u00f5es sabe qual \u00e9 a mente do Esp\u00edrito, porque segundo a vontade de Deus \u00e9 que ele intercede pelos santos.<\/p>\n<p style=\"text-align: justify;\">Hb. 11:5 &#8211; Pela f\u00e9, Enoque foi trasladado para n\u00e3o ver a morte; n\u00e3o foi achado, porque Deus o trasladara. Pois, antes da sua traslada\u00e7\u00e3o, obteve testemunho de haver agradado a Deus.<\/p>\n<p style=\"text-align: justify;\">O Esp\u00edrito Santo conhece todas as suas fraquezas, todas as suas debilidade.<\/p>\n","protected":false},"excerpt":{"rendered":"<p>1\u00ba) Introdu\u00e7\u00e3o Quem \u00e9, o Esp\u00edrito santo? \u00c9 a terceira pessoa de Deus. Deus o Pai, Deus o<\/p>\n","protected":false},"author":1,"featured_media":65061,"comment_status":"open","ping_status":"open","sticky":false,"template":"","format":"standard","meta":{"footnotes":""},"categories":[8],"tags":[32],"class_list":["post-49","post","type-post","status-publish","format-standard","has-post-thumbnail","hentry","category-lideranca","tag-espirito-santo"],"yoast_head":"<!-- This site is optimized with the Yoast SEO plugin v27.5 - https:\/\/yoast.com\/product\/yoast-seo-wordpress\/ -->\n<title>O Esp\u00edrito Santo - Pr. Jonas Santana<\/title>\n<meta name=\"robots\" content=\"index, follow, max-snippet:-1, max-image-preview:large, max-video-preview:-1\" \/>\n<link rel=\"canonical\" href=\"https:\/\/www.andandonagraca.org\/site\/?p=49\" \/>\n<meta property=\"og:locale\" content=\"pt_BR\" \/>\n<meta property=\"og:type\" content=\"article\" \/>\n<meta property=\"og:title\" content=\"O Esp\u00edrito Santo - Pr. Jonas Santana\" \/>\n<meta property=\"og:description\" content=\"1\u00ba) Introdu\u00e7\u00e3o Quem \u00e9, o Esp\u00edrito santo? \u00c9 a terceira pessoa de Deus. Deus o Pai, Deus o\" \/>\n<meta property=\"og:url\" content=\"https:\/\/www.andandonagraca.org\/site\/?p=49\" \/>\n<meta property=\"og:site_name\" content=\"Pr. Jonas Santana\" \/>\n<meta property=\"article:publisher\" content=\"https:\/\/www.facebook.com\/andandonagraca\" \/>\n<meta property=\"article:author\" content=\"https:\/\/www.facebook.com\/andandonagraca\" \/>\n<meta property=\"article:published_time\" content=\"2000-05-15T16:50:08+00:00\" \/>\n<meta property=\"article:modified_time\" content=\"2021-02-10T13:13:03+00:00\" \/>\n<meta property=\"og:image\" content=\"https:\/\/www.andandonagraca.org\/site\/wp-content\/uploads\/2000\/05\/holy-spirit.jpg\" \/>\n\t<meta property=\"og:image:width\" content=\"650\" \/>\n\t<meta property=\"og:image:height\" content=\"320\" \/>\n\t<meta property=\"og:image:type\" content=\"image\/jpeg\" \/>\n<meta name=\"author\" content=\"Pr. Jonas Santana\" \/>\n<meta name=\"twitter:card\" content=\"summary_large_image\" \/>\n<meta name=\"twitter:label1\" content=\"Escrito por\" \/>\n\t<meta name=\"twitter:data1\" content=\"Pr. Jonas Santana\" \/>\n\t<meta name=\"twitter:label2\" content=\"Est. tempo de leitura\" \/>\n\t<meta name=\"twitter:data2\" content=\"4 minutos\" \/>\n<script type=\"application\/ld+json\" class=\"yoast-schema-graph\">{\"@context\":\"https:\\\/\\\/schema.org\",\"@graph\":[{\"@type\":\"Article\",\"@id\":\"https:\\\/\\\/www.andandonagraca.org\\\/site\\\/?p=49#article\",\"isPartOf\":{\"@id\":\"https:\\\/\\\/www.andandonagraca.org\\\/site\\\/?p=49\"},\"author\":{\"name\":\"Pr. Jonas Santana\",\"@id\":\"https:\\\/\\\/www.andandonagraca.org\\\/site\\\/#\\\/schema\\\/person\\\/225d0dedb572d4570a947397af2606ed\"},\"headline\":\"O Esp\u00edrito Santo\",\"datePublished\":\"2000-05-15T16:50:08+00:00\",\"dateModified\":\"2021-02-10T13:13:03+00:00\",\"mainEntityOfPage\":{\"@id\":\"https:\\\/\\\/www.andandonagraca.org\\\/site\\\/?p=49\"},\"wordCount\":867,\"commentCount\":0,\"image\":{\"@id\":\"https:\\\/\\\/www.andandonagraca.org\\\/site\\\/?p=49#primaryimage\"},\"thumbnailUrl\":\"https:\\\/\\\/www.andandonagraca.org\\\/site\\\/wp-content\\\/uploads\\\/2000\\\/05\\\/holy-spirit.jpg\",\"keywords\":[\"Esp\u00edrito Santo\"],\"articleSection\":[\"An\u00e1lise da Igreja Moderna &amp; sua Lideran\u00e7a\"],\"inLanguage\":\"pt-BR\",\"potentialAction\":[{\"@type\":\"CommentAction\",\"name\":\"Comment\",\"target\":[\"https:\\\/\\\/www.andandonagraca.org\\\/site\\\/?p=49#respond\"]}]},{\"@type\":\"WebPage\",\"@id\":\"https:\\\/\\\/www.andandonagraca.org\\\/site\\\/?p=49\",\"url\":\"https:\\\/\\\/www.andandonagraca.org\\\/site\\\/?p=49\",\"name\":\"O Esp\u00edrito Santo - Pr. Jonas Santana\",\"isPartOf\":{\"@id\":\"https:\\\/\\\/www.andandonagraca.org\\\/site\\\/#website\"},\"primaryImageOfPage\":{\"@id\":\"https:\\\/\\\/www.andandonagraca.org\\\/site\\\/?p=49#primaryimage\"},\"image\":{\"@id\":\"https:\\\/\\\/www.andandonagraca.org\\\/site\\\/?p=49#primaryimage\"},\"thumbnailUrl\":\"https:\\\/\\\/www.andandonagraca.org\\\/site\\\/wp-content\\\/uploads\\\/2000\\\/05\\\/holy-spirit.jpg\",\"datePublished\":\"2000-05-15T16:50:08+00:00\",\"dateModified\":\"2021-02-10T13:13:03+00:00\",\"author\":{\"@id\":\"https:\\\/\\\/www.andandonagraca.org\\\/site\\\/#\\\/schema\\\/person\\\/225d0dedb572d4570a947397af2606ed\"},\"breadcrumb\":{\"@id\":\"https:\\\/\\\/www.andandonagraca.org\\\/site\\\/?p=49#breadcrumb\"},\"inLanguage\":\"pt-BR\",\"potentialAction\":[{\"@type\":\"ReadAction\",\"target\":[\"https:\\\/\\\/www.andandonagraca.org\\\/site\\\/?p=49\"]}]},{\"@type\":\"ImageObject\",\"inLanguage\":\"pt-BR\",\"@id\":\"https:\\\/\\\/www.andandonagraca.org\\\/site\\\/?p=49#primaryimage\",\"url\":\"https:\\\/\\\/www.andandonagraca.org\\\/site\\\/wp-content\\\/uploads\\\/2000\\\/05\\\/holy-spirit.jpg\",\"contentUrl\":\"https:\\\/\\\/www.andandonagraca.org\\\/site\\\/wp-content\\\/uploads\\\/2000\\\/05\\\/holy-spirit.jpg\",\"width\":650,\"height\":320},{\"@type\":\"BreadcrumbList\",\"@id\":\"https:\\\/\\\/www.andandonagraca.org\\\/site\\\/?p=49#breadcrumb\",\"itemListElement\":[{\"@type\":\"ListItem\",\"position\":1,\"name\":\"In\u00edcio\",\"item\":\"https:\\\/\\\/www.andandonagraca.org\\\/site\"},{\"@type\":\"ListItem\",\"position\":2,\"name\":\"O Esp\u00edrito Santo\"}]},{\"@type\":\"WebSite\",\"@id\":\"https:\\\/\\\/www.andandonagraca.org\\\/site\\\/#website\",\"url\":\"https:\\\/\\\/www.andandonagraca.org\\\/site\\\/\",\"name\":\"Pr. Jonas Santana\",\"description\":\"ANDANDO NA GRA\u00c7A - AEMSF\",\"potentialAction\":[{\"@type\":\"SearchAction\",\"target\":{\"@type\":\"EntryPoint\",\"urlTemplate\":\"https:\\\/\\\/www.andandonagraca.org\\\/site\\\/?s={search_term_string}\"},\"query-input\":{\"@type\":\"PropertyValueSpecification\",\"valueRequired\":true,\"valueName\":\"search_term_string\"}}],\"inLanguage\":\"pt-BR\"},{\"@type\":\"Person\",\"@id\":\"https:\\\/\\\/www.andandonagraca.org\\\/site\\\/#\\\/schema\\\/person\\\/225d0dedb572d4570a947397af2606ed\",\"name\":\"Pr. Jonas Santana\",\"image\":{\"@type\":\"ImageObject\",\"inLanguage\":\"pt-BR\",\"@id\":\"https:\\\/\\\/secure.gravatar.com\\\/avatar\\\/7f463b781f71522d52f2ff3dae3592f9f7b0e24187fc413b95cd3efa8429de28?s=96&d=mm&r=g\",\"url\":\"https:\\\/\\\/secure.gravatar.com\\\/avatar\\\/7f463b781f71522d52f2ff3dae3592f9f7b0e24187fc413b95cd3efa8429de28?s=96&d=mm&r=g\",\"contentUrl\":\"https:\\\/\\\/secure.gravatar.com\\\/avatar\\\/7f463b781f71522d52f2ff3dae3592f9f7b0e24187fc413b95cd3efa8429de28?s=96&d=mm&r=g\",\"caption\":\"Pr. Jonas Santana\"},\"description\":\"Pastor, pesquisador b\u00edblico, pregador do Evangelho do Reino A fidelidade requer que entreguemos o evangelho sob todos os \u00e2ngulos, sem omitir nada e sem exagerar em nada. Para isto requer-se muita sabedoria. Nosso desejo \u00e9 compartilhar a sabedoria do Reino de Deus a todos aqueles que o desejam de todo o cora\u00e7\u00e3o.\",\"sameAs\":[\"https:\\\/\\\/www.andandonagraca.org\",\"https:\\\/\\\/www.facebook.com\\\/andandonagraca\",\"https:\\\/\\\/www.instagram.com\\\/andandonagraca\\\/\",\"https:\\\/\\\/www.youtube.com\\\/@andandonagraca\",\"https:\\\/\\\/podcasters.spotify.com\\\/pod\\\/show\\\/andandonagraca\\\/\"],\"url\":\"https:\\\/\\\/www.andandonagraca.org\\\/site\\\/?author=1\"}]}<\/script>\n<!-- \/ Yoast SEO plugin. -->","yoast_head_json":{"title":"O Esp\u00edrito Santo - Pr. Jonas Santana","robots":{"index":"index","follow":"follow","max-snippet":"max-snippet:-1","max-image-preview":"max-image-preview:large","max-video-preview":"max-video-preview:-1"},"canonical":"https:\/\/www.andandonagraca.org\/site\/?p=49","og_locale":"pt_BR","og_type":"article","og_title":"O Esp\u00edrito Santo - Pr. Jonas Santana","og_description":"1\u00ba) Introdu\u00e7\u00e3o Quem \u00e9, o Esp\u00edrito santo? \u00c9 a terceira pessoa de Deus. Deus o Pai, Deus o","og_url":"https:\/\/www.andandonagraca.org\/site\/?p=49","og_site_name":"Pr. Jonas Santana","article_publisher":"https:\/\/www.facebook.com\/andandonagraca","article_author":"https:\/\/www.facebook.com\/andandonagraca","article_published_time":"2000-05-15T16:50:08+00:00","article_modified_time":"2021-02-10T13:13:03+00:00","og_image":[{"width":650,"height":320,"url":"https:\/\/www.andandonagraca.org\/site\/wp-content\/uploads\/2000\/05\/holy-spirit.jpg","type":"image\/jpeg"}],"author":"Pr. Jonas Santana","twitter_card":"summary_large_image","twitter_misc":{"Escrito por":"Pr. Jonas Santana","Est. tempo de leitura":"4 minutos"},"schema":{"@context":"https:\/\/schema.org","@graph":[{"@type":"Article","@id":"https:\/\/www.andandonagraca.org\/site\/?p=49#article","isPartOf":{"@id":"https:\/\/www.andandonagraca.org\/site\/?p=49"},"author":{"name":"Pr. Jonas Santana","@id":"https:\/\/www.andandonagraca.org\/site\/#\/schema\/person\/225d0dedb572d4570a947397af2606ed"},"headline":"O Esp\u00edrito Santo","datePublished":"2000-05-15T16:50:08+00:00","dateModified":"2021-02-10T13:13:03+00:00","mainEntityOfPage":{"@id":"https:\/\/www.andandonagraca.org\/site\/?p=49"},"wordCount":867,"commentCount":0,"image":{"@id":"https:\/\/www.andandonagraca.org\/site\/?p=49#primaryimage"},"thumbnailUrl":"https:\/\/www.andandonagraca.org\/site\/wp-content\/uploads\/2000\/05\/holy-spirit.jpg","keywords":["Esp\u00edrito Santo"],"articleSection":["An\u00e1lise da Igreja Moderna &amp; sua Lideran\u00e7a"],"inLanguage":"pt-BR","potentialAction":[{"@type":"CommentAction","name":"Comment","target":["https:\/\/www.andandonagraca.org\/site\/?p=49#respond"]}]},{"@type":"WebPage","@id":"https:\/\/www.andandonagraca.org\/site\/?p=49","url":"https:\/\/www.andandonagraca.org\/site\/?p=49","name":"O Esp\u00edrito Santo - Pr. Jonas Santana","isPartOf":{"@id":"https:\/\/www.andandonagraca.org\/site\/#website"},"primaryImageOfPage":{"@id":"https:\/\/www.andandonagraca.org\/site\/?p=49#primaryimage"},"image":{"@id":"https:\/\/www.andandonagraca.org\/site\/?p=49#primaryimage"},"thumbnailUrl":"https:\/\/www.andandonagraca.org\/site\/wp-content\/uploads\/2000\/05\/holy-spirit.jpg","datePublished":"2000-05-15T16:50:08+00:00","dateModified":"2021-02-10T13:13:03+00:00","author":{"@id":"https:\/\/www.andandonagraca.org\/site\/#\/schema\/person\/225d0dedb572d4570a947397af2606ed"},"breadcrumb":{"@id":"https:\/\/www.andandonagraca.org\/site\/?p=49#breadcrumb"},"inLanguage":"pt-BR","potentialAction":[{"@type":"ReadAction","target":["https:\/\/www.andandonagraca.org\/site\/?p=49"]}]},{"@type":"ImageObject","inLanguage":"pt-BR","@id":"https:\/\/www.andandonagraca.org\/site\/?p=49#primaryimage","url":"https:\/\/www.andandonagraca.org\/site\/wp-content\/uploads\/2000\/05\/holy-spirit.jpg","contentUrl":"https:\/\/www.andandonagraca.org\/site\/wp-content\/uploads\/2000\/05\/holy-spirit.jpg","width":650,"height":320},{"@type":"BreadcrumbList","@id":"https:\/\/www.andandonagraca.org\/site\/?p=49#breadcrumb","itemListElement":[{"@type":"ListItem","position":1,"name":"In\u00edcio","item":"https:\/\/www.andandonagraca.org\/site"},{"@type":"ListItem","position":2,"name":"O Esp\u00edrito Santo"}]},{"@type":"WebSite","@id":"https:\/\/www.andandonagraca.org\/site\/#website","url":"https:\/\/www.andandonagraca.org\/site\/","name":"Pr. Jonas Santana","description":"ANDANDO NA GRA\u00c7A - AEMSF","potentialAction":[{"@type":"SearchAction","target":{"@type":"EntryPoint","urlTemplate":"https:\/\/www.andandonagraca.org\/site\/?s={search_term_string}"},"query-input":{"@type":"PropertyValueSpecification","valueRequired":true,"valueName":"search_term_string"}}],"inLanguage":"pt-BR"},{"@type":"Person","@id":"https:\/\/www.andandonagraca.org\/site\/#\/schema\/person\/225d0dedb572d4570a947397af2606ed","name":"Pr. Jonas Santana","image":{"@type":"ImageObject","inLanguage":"pt-BR","@id":"https:\/\/secure.gravatar.com\/avatar\/7f463b781f71522d52f2ff3dae3592f9f7b0e24187fc413b95cd3efa8429de28?s=96&d=mm&r=g","url":"https:\/\/secure.gravatar.com\/avatar\/7f463b781f71522d52f2ff3dae3592f9f7b0e24187fc413b95cd3efa8429de28?s=96&d=mm&r=g","contentUrl":"https:\/\/secure.gravatar.com\/avatar\/7f463b781f71522d52f2ff3dae3592f9f7b0e24187fc413b95cd3efa8429de28?s=96&d=mm&r=g","caption":"Pr. Jonas Santana"},"description":"Pastor, pesquisador b\u00edblico, pregador do Evangelho do Reino A fidelidade requer que entreguemos o evangelho sob todos os \u00e2ngulos, sem omitir nada e sem exagerar em nada. Para isto requer-se muita sabedoria. Nosso desejo \u00e9 compartilhar a sabedoria do Reino de Deus a todos aqueles que o desejam de todo o cora\u00e7\u00e3o.","sameAs":["https:\/\/www.andandonagraca.org","https:\/\/www.facebook.com\/andandonagraca","https:\/\/www.instagram.com\/andandonagraca\/","https:\/\/www.youtube.com\/@andandonagraca","https:\/\/podcasters.spotify.com\/pod\/show\/andandonagraca\/"],"url":"https:\/\/www.andandonagraca.org\/site\/?author=1"}]}},"_links":{"self":[{"href":"https:\/\/www.andandonagraca.org\/site\/index.php?rest_route=\/wp\/v2\/posts\/49","targetHints":{"allow":["GET"]}}],"collection":[{"href":"https:\/\/www.andandonagraca.org\/site\/index.php?rest_route=\/wp\/v2\/posts"}],"about":[{"href":"https:\/\/www.andandonagraca.org\/site\/index.php?rest_route=\/wp\/v2\/types\/post"}],"author":[{"embeddable":true,"href":"https:\/\/www.andandonagraca.org\/site\/index.php?rest_route=\/wp\/v2\/users\/1"}],"replies":[{"embeddable":true,"href":"https:\/\/www.andandonagraca.org\/site\/index.php?rest_route=%2Fwp%2Fv2%2Fcomments&post=49"}],"version-history":[{"count":0,"href":"https:\/\/www.andandonagraca.org\/site\/index.php?rest_route=\/wp\/v2\/posts\/49\/revisions"}],"wp:featuredmedia":[{"embeddable":true,"href":"https:\/\/www.andandonagraca.org\/site\/index.php?rest_route=\/wp\/v2\/media\/65061"}],"wp:attachment":[{"href":"https:\/\/www.andandonagraca.org\/site\/index.php?rest_route=%2Fwp%2Fv2%2Fmedia&parent=49"}],"wp:term":[{"taxonomy":"category","embeddable":true,"href":"https:\/\/www.andandonagraca.org\/site\/index.php?rest_route=%2Fwp%2Fv2%2Fcategories&post=49"},{"taxonomy":"post_tag","embeddable":true,"href":"https:\/\/www.andandonagraca.org\/site\/index.php?rest_route=%2Fwp%2Fv2%2Ftags&post=49"}],"curies":[{"name":"wp","href":"https:\/\/api.w.org\/{rel}","templated":true}]}}