{"id":51,"date":"2000-02-15T14:51:35","date_gmt":"2000-02-15T16:51:35","guid":{"rendered":"https:\/\/www.afimdeproclamar.com\/site\/?p=51"},"modified":"2021-05-06T10:06:55","modified_gmt":"2021-05-06T13:06:55","slug":"o-ministerio-de-reconciliacao-e-justificacao-de-jesus","status":"publish","type":"post","link":"https:\/\/www.andandonagraca.org\/site\/?p=51","title":{"rendered":"O minist\u00e9rio de reconcilia\u00e7\u00e3o e justifica\u00e7\u00e3o de Jesus"},"content":{"rendered":"<p style=\"text-align: justify;\">1 \u2013 Jesus o nosso reconciliador<\/p>\n<p style=\"text-align: justify;\">O que fez as pazes entre Deus e os homens<\/p>\n<p style=\"text-align: justify;\">A \u2013 I Co. 6:10-11<\/p>\n<p style=\"text-align: justify;\">&#8211; \u00c9ramos devassos, idolatras e n\u00e3o herdamos o Reino de Deus.\u00a0 Mas fomos lavados, santificados em Jesus.<\/p>\n<p style=\"text-align: justify;\">B \u2013 Cl. 1:21-22<\/p>\n<p style=\"text-align: justify;\">&#8211; \u00c9ramos inimigos de Deus, mas Jesus nos reconciliou com Deus o Pai para nos apresentar santos, irrepreens\u00edveis, inculp\u00e1veis<\/p>\n<p style=\"text-align: justify;\">C \u2013 II Co. 5:17-19<\/p>\n<p style=\"text-align: justify;\">&#8211; Se algu\u00e9m est\u00e1 em Cristo \u00e9 uma nova criatura<\/p>\n<p style=\"text-align: justify;\">&#8211; Porque Deus nos reconciliou consigo mesmo<\/p>\n<p style=\"text-align: justify;\">2 \u2013 Jesus, o nosso substituto<\/p>\n<p style=\"text-align: justify;\">A \u2013 Jesus Cristo \u00e9 chamado o Cordeiro de Deus<\/p>\n<p style=\"text-align: justify;\">Antigamente Deus aceitava a morte de um cordeiro (inocente) nas vezes da pessoa que tinha praticado injusti\u00e7as, etc.<\/p>\n<p style=\"text-align: justify;\">Deus enviou-nos um cordeiro \u2013 substituto<\/p>\n<p style=\"text-align: justify;\">B \u2013 Rm. 3:23<\/p>\n<p style=\"text-align: justify;\">&#8211; Todos n\u00f3s pecamos, por isso ser\u00edamos condenados no dia do julgamento final<\/p>\n<p style=\"text-align: justify;\">&#8211; Deus enviou Jesus como nosso justificador \u2013 substituto<\/p>\n<p style=\"text-align: justify;\">&#8211; \u00c9 o sangue de Jesus que nos lava<\/p>\n<p style=\"text-align: justify;\">C \u2013 Ap. 1:5<\/p>\n<p style=\"text-align: justify;\">&#8211; E no Seu sangue nos lavou<\/p>\n<p style=\"text-align: justify;\">D \u2013 Ap. 22:14-15<\/p>\n<p style=\"text-align: justify;\">&#8211; Bem-aventurados os que lavam as suas vidas no sangue de Jesus para poderem entrar no Reino de Deus<\/p>\n<p style=\"text-align: justify;\">&#8211; ficar\u00e3o de fora&#8230;<\/p>\n<p style=\"text-align: justify;\">E \u2013 II Co. 5:21<\/p>\n<p style=\"text-align: justify;\">&#8211; Jesus o nosso substituto<\/p>\n<p style=\"text-align: justify;\">&#8211; Foi feito pecado por n\u00f3s para que n\u00f3s fossemos feitos justi\u00e7a (justos) de Deus<\/p>\n<p style=\"text-align: justify;\">F \u2013 Cl. 1:22<\/p>\n<p style=\"text-align: justify;\">&#8211; Para nos apresentar santos&#8230;<\/p>\n<p style=\"text-align: justify;\">G \u2013 I Co. 1:2<\/p>\n<p style=\"text-align: justify;\">&#8211; Santificados em Cristo, chamados santos&#8230;<\/p>\n<p style=\"text-align: justify;\">Nota: n\u00e3o somos santos por m\u00e9rito pr\u00f3prio (por causa das nossas obras), mas sim por causa do que Jesus fez por n\u00f3s, na cruz.<\/p>\n<p style=\"text-align: justify;\">&#8211; Santo n\u00e3o significava que n\u00e3o comete faltas, mas sim que foi lavado das suas faltas<\/p>\n<p style=\"text-align: justify;\">&#8211; Ver tamb\u00e9m Ef. 1:3-4; Fp. 1:1; Fp. 4:21-22<\/p>\n<p style=\"text-align: justify;\">H \u2013 II Co. 8:9<\/p>\n<p style=\"text-align: justify;\">Jesus foi feito pobre para nos fazer ricos<\/p>\n<p style=\"text-align: justify;\">I \u2013 Is. 53:4-5; I Pd. 2:24<\/p>\n<p style=\"text-align: justify;\">&#8211; Levou as nossas enfermidades e dores para em troca nos dar sa\u00fade<\/p>\n<p style=\"text-align: justify;\">&#8211; Levou sobre Ele o castigo das nossas transgress\u00f5es para em troca nos dar Paz<\/p>\n<p style=\"text-align: justify;\">3 \u2013 N\u00e3o por obras, mas pela gra\u00e7a<\/p>\n<p style=\"text-align: justify;\">A \u2013 Ef. 2:1-9<\/p>\n<p style=\"text-align: justify;\">\u2013 N\u00e3o por obras, mas pela gra\u00e7a<\/p>\n<p style=\"text-align: justify;\">B \u2013 gra\u00e7a \u00e9 um favor n\u00e3o merecido<\/p>\n<p style=\"text-align: justify;\">C \u2013 Tudo o que voc\u00ea quiser receber de Deus, ter\u00e1 que receber pela gra\u00e7a e n\u00e3o pelas suas obras, jejuns, orar por horas, etc&#8230;<\/p>\n<p style=\"text-align: justify;\">D \u2013 Deus o salva, cura e o ajuda, n\u00e3o porque voc\u00ea mere\u00e7a, mas porque Ele o ama.<\/p>\n","protected":false},"excerpt":{"rendered":"<p>1 \u2013 Jesus o nosso reconciliador O que fez as pazes entre Deus e os homens A \u2013<\/p>\n","protected":false},"author":1,"featured_media":67152,"comment_status":"open","ping_status":"open","sticky":false,"template":"","format":"standard","meta":{"footnotes":""},"categories":[120],"tags":[33,34],"class_list":["post-51","post","type-post","status-publish","format-standard","has-post-thumbnail","hentry","category-graca","tag-justificacao","tag-reconciliacao"],"yoast_head":"<!-- This site is optimized with the Yoast SEO plugin v27.5 - https:\/\/yoast.com\/product\/yoast-seo-wordpress\/ -->\n<title>O minist\u00e9rio de reconcilia\u00e7\u00e3o e justifica\u00e7\u00e3o de Jesus - Pr. Jonas Santana<\/title>\n<meta name=\"robots\" content=\"index, follow, max-snippet:-1, max-image-preview:large, max-video-preview:-1\" \/>\n<link rel=\"canonical\" href=\"https:\/\/www.andandonagraca.org\/site\/?p=51\" \/>\n<meta property=\"og:locale\" content=\"pt_BR\" \/>\n<meta property=\"og:type\" content=\"article\" \/>\n<meta property=\"og:title\" content=\"O minist\u00e9rio de reconcilia\u00e7\u00e3o e justifica\u00e7\u00e3o de Jesus - Pr. Jonas Santana\" \/>\n<meta property=\"og:description\" content=\"1 \u2013 Jesus o nosso reconciliador O que fez as pazes entre Deus e os homens A \u2013\" \/>\n<meta property=\"og:url\" content=\"https:\/\/www.andandonagraca.org\/site\/?p=51\" \/>\n<meta property=\"og:site_name\" content=\"Pr. Jonas Santana\" \/>\n<meta property=\"article:publisher\" content=\"https:\/\/www.facebook.com\/andandonagraca\" \/>\n<meta property=\"article:author\" content=\"https:\/\/www.facebook.com\/andandonagraca\" \/>\n<meta property=\"article:published_time\" content=\"2000-02-15T16:51:35+00:00\" \/>\n<meta property=\"article:modified_time\" content=\"2021-05-06T13:06:55+00:00\" \/>\n<meta property=\"og:image\" content=\"https:\/\/www.andandonagraca.org\/site\/wp-content\/uploads\/2000\/02\/Calvin-Holiness_620.jpg\" \/>\n\t<meta property=\"og:image:width\" content=\"851\" \/>\n\t<meta property=\"og:image:height\" content=\"315\" \/>\n\t<meta property=\"og:image:type\" content=\"image\/jpeg\" \/>\n<meta name=\"author\" content=\"Pr. Jonas Santana\" \/>\n<meta name=\"twitter:card\" content=\"summary_large_image\" \/>\n<meta name=\"twitter:label1\" content=\"Escrito por\" \/>\n\t<meta name=\"twitter:data1\" content=\"Pr. Jonas Santana\" \/>\n\t<meta name=\"twitter:label2\" content=\"Est. tempo de leitura\" \/>\n\t<meta name=\"twitter:data2\" content=\"2 minutos\" \/>\n<script type=\"application\/ld+json\" class=\"yoast-schema-graph\">{\"@context\":\"https:\\\/\\\/schema.org\",\"@graph\":[{\"@type\":\"Article\",\"@id\":\"https:\\\/\\\/www.andandonagraca.org\\\/site\\\/?p=51#article\",\"isPartOf\":{\"@id\":\"https:\\\/\\\/www.andandonagraca.org\\\/site\\\/?p=51\"},\"author\":{\"name\":\"Pr. Jonas Santana\",\"@id\":\"https:\\\/\\\/www.andandonagraca.org\\\/site\\\/#\\\/schema\\\/person\\\/225d0dedb572d4570a947397af2606ed\"},\"headline\":\"O minist\u00e9rio de reconcilia\u00e7\u00e3o e justifica\u00e7\u00e3o de Jesus\",\"datePublished\":\"2000-02-15T16:51:35+00:00\",\"dateModified\":\"2021-05-06T13:06:55+00:00\",\"mainEntityOfPage\":{\"@id\":\"https:\\\/\\\/www.andandonagraca.org\\\/site\\\/?p=51\"},\"wordCount\":412,\"commentCount\":0,\"image\":{\"@id\":\"https:\\\/\\\/www.andandonagraca.org\\\/site\\\/?p=51#primaryimage\"},\"thumbnailUrl\":\"https:\\\/\\\/www.andandonagraca.org\\\/site\\\/wp-content\\\/uploads\\\/2000\\\/02\\\/Calvin-Holiness_620.jpg\",\"keywords\":[\"justifica\u00e7\u00e3o\",\"reconcilia\u00e7\u00e3o\"],\"articleSection\":[\"Gra\u00e7a\"],\"inLanguage\":\"pt-BR\",\"potentialAction\":[{\"@type\":\"CommentAction\",\"name\":\"Comment\",\"target\":[\"https:\\\/\\\/www.andandonagraca.org\\\/site\\\/?p=51#respond\"]}]},{\"@type\":\"WebPage\",\"@id\":\"https:\\\/\\\/www.andandonagraca.org\\\/site\\\/?p=51\",\"url\":\"https:\\\/\\\/www.andandonagraca.org\\\/site\\\/?p=51\",\"name\":\"O minist\u00e9rio de reconcilia\u00e7\u00e3o e justifica\u00e7\u00e3o de Jesus - Pr. Jonas Santana\",\"isPartOf\":{\"@id\":\"https:\\\/\\\/www.andandonagraca.org\\\/site\\\/#website\"},\"primaryImageOfPage\":{\"@id\":\"https:\\\/\\\/www.andandonagraca.org\\\/site\\\/?p=51#primaryimage\"},\"image\":{\"@id\":\"https:\\\/\\\/www.andandonagraca.org\\\/site\\\/?p=51#primaryimage\"},\"thumbnailUrl\":\"https:\\\/\\\/www.andandonagraca.org\\\/site\\\/wp-content\\\/uploads\\\/2000\\\/02\\\/Calvin-Holiness_620.jpg\",\"datePublished\":\"2000-02-15T16:51:35+00:00\",\"dateModified\":\"2021-05-06T13:06:55+00:00\",\"author\":{\"@id\":\"https:\\\/\\\/www.andandonagraca.org\\\/site\\\/#\\\/schema\\\/person\\\/225d0dedb572d4570a947397af2606ed\"},\"breadcrumb\":{\"@id\":\"https:\\\/\\\/www.andandonagraca.org\\\/site\\\/?p=51#breadcrumb\"},\"inLanguage\":\"pt-BR\",\"potentialAction\":[{\"@type\":\"ReadAction\",\"target\":[\"https:\\\/\\\/www.andandonagraca.org\\\/site\\\/?p=51\"]}]},{\"@type\":\"ImageObject\",\"inLanguage\":\"pt-BR\",\"@id\":\"https:\\\/\\\/www.andandonagraca.org\\\/site\\\/?p=51#primaryimage\",\"url\":\"https:\\\/\\\/www.andandonagraca.org\\\/site\\\/wp-content\\\/uploads\\\/2000\\\/02\\\/Calvin-Holiness_620.jpg\",\"contentUrl\":\"https:\\\/\\\/www.andandonagraca.org\\\/site\\\/wp-content\\\/uploads\\\/2000\\\/02\\\/Calvin-Holiness_620.jpg\",\"width\":851,\"height\":315},{\"@type\":\"BreadcrumbList\",\"@id\":\"https:\\\/\\\/www.andandonagraca.org\\\/site\\\/?p=51#breadcrumb\",\"itemListElement\":[{\"@type\":\"ListItem\",\"position\":1,\"name\":\"In\u00edcio\",\"item\":\"https:\\\/\\\/www.andandonagraca.org\\\/site\"},{\"@type\":\"ListItem\",\"position\":2,\"name\":\"O minist\u00e9rio de reconcilia\u00e7\u00e3o e justifica\u00e7\u00e3o de Jesus\"}]},{\"@type\":\"WebSite\",\"@id\":\"https:\\\/\\\/www.andandonagraca.org\\\/site\\\/#website\",\"url\":\"https:\\\/\\\/www.andandonagraca.org\\\/site\\\/\",\"name\":\"Pr. Jonas Santana\",\"description\":\"ANDANDO NA GRA\u00c7A - AEMSF\",\"potentialAction\":[{\"@type\":\"SearchAction\",\"target\":{\"@type\":\"EntryPoint\",\"urlTemplate\":\"https:\\\/\\\/www.andandonagraca.org\\\/site\\\/?s={search_term_string}\"},\"query-input\":{\"@type\":\"PropertyValueSpecification\",\"valueRequired\":true,\"valueName\":\"search_term_string\"}}],\"inLanguage\":\"pt-BR\"},{\"@type\":\"Person\",\"@id\":\"https:\\\/\\\/www.andandonagraca.org\\\/site\\\/#\\\/schema\\\/person\\\/225d0dedb572d4570a947397af2606ed\",\"name\":\"Pr. Jonas Santana\",\"image\":{\"@type\":\"ImageObject\",\"inLanguage\":\"pt-BR\",\"@id\":\"https:\\\/\\\/secure.gravatar.com\\\/avatar\\\/7f463b781f71522d52f2ff3dae3592f9f7b0e24187fc413b95cd3efa8429de28?s=96&d=mm&r=g\",\"url\":\"https:\\\/\\\/secure.gravatar.com\\\/avatar\\\/7f463b781f71522d52f2ff3dae3592f9f7b0e24187fc413b95cd3efa8429de28?s=96&d=mm&r=g\",\"contentUrl\":\"https:\\\/\\\/secure.gravatar.com\\\/avatar\\\/7f463b781f71522d52f2ff3dae3592f9f7b0e24187fc413b95cd3efa8429de28?s=96&d=mm&r=g\",\"caption\":\"Pr. Jonas Santana\"},\"description\":\"Pastor, pesquisador b\u00edblico, pregador do Evangelho do Reino A fidelidade requer que entreguemos o evangelho sob todos os \u00e2ngulos, sem omitir nada e sem exagerar em nada. Para isto requer-se muita sabedoria. Nosso desejo \u00e9 compartilhar a sabedoria do Reino de Deus a todos aqueles que o desejam de todo o cora\u00e7\u00e3o.\",\"sameAs\":[\"https:\\\/\\\/www.andandonagraca.org\",\"https:\\\/\\\/www.facebook.com\\\/andandonagraca\",\"https:\\\/\\\/www.instagram.com\\\/andandonagraca\\\/\",\"https:\\\/\\\/www.youtube.com\\\/@andandonagraca\",\"https:\\\/\\\/podcasters.spotify.com\\\/pod\\\/show\\\/andandonagraca\\\/\"],\"url\":\"https:\\\/\\\/www.andandonagraca.org\\\/site\\\/?author=1\"}]}<\/script>\n<!-- \/ Yoast SEO plugin. -->","yoast_head_json":{"title":"O minist\u00e9rio de reconcilia\u00e7\u00e3o e justifica\u00e7\u00e3o de Jesus - Pr. Jonas Santana","robots":{"index":"index","follow":"follow","max-snippet":"max-snippet:-1","max-image-preview":"max-image-preview:large","max-video-preview":"max-video-preview:-1"},"canonical":"https:\/\/www.andandonagraca.org\/site\/?p=51","og_locale":"pt_BR","og_type":"article","og_title":"O minist\u00e9rio de reconcilia\u00e7\u00e3o e justifica\u00e7\u00e3o de Jesus - Pr. Jonas Santana","og_description":"1 \u2013 Jesus o nosso reconciliador O que fez as pazes entre Deus e os homens A \u2013","og_url":"https:\/\/www.andandonagraca.org\/site\/?p=51","og_site_name":"Pr. Jonas Santana","article_publisher":"https:\/\/www.facebook.com\/andandonagraca","article_author":"https:\/\/www.facebook.com\/andandonagraca","article_published_time":"2000-02-15T16:51:35+00:00","article_modified_time":"2021-05-06T13:06:55+00:00","og_image":[{"width":851,"height":315,"url":"https:\/\/www.andandonagraca.org\/site\/wp-content\/uploads\/2000\/02\/Calvin-Holiness_620.jpg","type":"image\/jpeg"}],"author":"Pr. Jonas Santana","twitter_card":"summary_large_image","twitter_misc":{"Escrito por":"Pr. Jonas Santana","Est. tempo de leitura":"2 minutos"},"schema":{"@context":"https:\/\/schema.org","@graph":[{"@type":"Article","@id":"https:\/\/www.andandonagraca.org\/site\/?p=51#article","isPartOf":{"@id":"https:\/\/www.andandonagraca.org\/site\/?p=51"},"author":{"name":"Pr. Jonas Santana","@id":"https:\/\/www.andandonagraca.org\/site\/#\/schema\/person\/225d0dedb572d4570a947397af2606ed"},"headline":"O minist\u00e9rio de reconcilia\u00e7\u00e3o e justifica\u00e7\u00e3o de Jesus","datePublished":"2000-02-15T16:51:35+00:00","dateModified":"2021-05-06T13:06:55+00:00","mainEntityOfPage":{"@id":"https:\/\/www.andandonagraca.org\/site\/?p=51"},"wordCount":412,"commentCount":0,"image":{"@id":"https:\/\/www.andandonagraca.org\/site\/?p=51#primaryimage"},"thumbnailUrl":"https:\/\/www.andandonagraca.org\/site\/wp-content\/uploads\/2000\/02\/Calvin-Holiness_620.jpg","keywords":["justifica\u00e7\u00e3o","reconcilia\u00e7\u00e3o"],"articleSection":["Gra\u00e7a"],"inLanguage":"pt-BR","potentialAction":[{"@type":"CommentAction","name":"Comment","target":["https:\/\/www.andandonagraca.org\/site\/?p=51#respond"]}]},{"@type":"WebPage","@id":"https:\/\/www.andandonagraca.org\/site\/?p=51","url":"https:\/\/www.andandonagraca.org\/site\/?p=51","name":"O minist\u00e9rio de reconcilia\u00e7\u00e3o e justifica\u00e7\u00e3o de Jesus - Pr. Jonas Santana","isPartOf":{"@id":"https:\/\/www.andandonagraca.org\/site\/#website"},"primaryImageOfPage":{"@id":"https:\/\/www.andandonagraca.org\/site\/?p=51#primaryimage"},"image":{"@id":"https:\/\/www.andandonagraca.org\/site\/?p=51#primaryimage"},"thumbnailUrl":"https:\/\/www.andandonagraca.org\/site\/wp-content\/uploads\/2000\/02\/Calvin-Holiness_620.jpg","datePublished":"2000-02-15T16:51:35+00:00","dateModified":"2021-05-06T13:06:55+00:00","author":{"@id":"https:\/\/www.andandonagraca.org\/site\/#\/schema\/person\/225d0dedb572d4570a947397af2606ed"},"breadcrumb":{"@id":"https:\/\/www.andandonagraca.org\/site\/?p=51#breadcrumb"},"inLanguage":"pt-BR","potentialAction":[{"@type":"ReadAction","target":["https:\/\/www.andandonagraca.org\/site\/?p=51"]}]},{"@type":"ImageObject","inLanguage":"pt-BR","@id":"https:\/\/www.andandonagraca.org\/site\/?p=51#primaryimage","url":"https:\/\/www.andandonagraca.org\/site\/wp-content\/uploads\/2000\/02\/Calvin-Holiness_620.jpg","contentUrl":"https:\/\/www.andandonagraca.org\/site\/wp-content\/uploads\/2000\/02\/Calvin-Holiness_620.jpg","width":851,"height":315},{"@type":"BreadcrumbList","@id":"https:\/\/www.andandonagraca.org\/site\/?p=51#breadcrumb","itemListElement":[{"@type":"ListItem","position":1,"name":"In\u00edcio","item":"https:\/\/www.andandonagraca.org\/site"},{"@type":"ListItem","position":2,"name":"O minist\u00e9rio de reconcilia\u00e7\u00e3o e justifica\u00e7\u00e3o de Jesus"}]},{"@type":"WebSite","@id":"https:\/\/www.andandonagraca.org\/site\/#website","url":"https:\/\/www.andandonagraca.org\/site\/","name":"Pr. Jonas Santana","description":"ANDANDO NA GRA\u00c7A - AEMSF","potentialAction":[{"@type":"SearchAction","target":{"@type":"EntryPoint","urlTemplate":"https:\/\/www.andandonagraca.org\/site\/?s={search_term_string}"},"query-input":{"@type":"PropertyValueSpecification","valueRequired":true,"valueName":"search_term_string"}}],"inLanguage":"pt-BR"},{"@type":"Person","@id":"https:\/\/www.andandonagraca.org\/site\/#\/schema\/person\/225d0dedb572d4570a947397af2606ed","name":"Pr. Jonas Santana","image":{"@type":"ImageObject","inLanguage":"pt-BR","@id":"https:\/\/secure.gravatar.com\/avatar\/7f463b781f71522d52f2ff3dae3592f9f7b0e24187fc413b95cd3efa8429de28?s=96&d=mm&r=g","url":"https:\/\/secure.gravatar.com\/avatar\/7f463b781f71522d52f2ff3dae3592f9f7b0e24187fc413b95cd3efa8429de28?s=96&d=mm&r=g","contentUrl":"https:\/\/secure.gravatar.com\/avatar\/7f463b781f71522d52f2ff3dae3592f9f7b0e24187fc413b95cd3efa8429de28?s=96&d=mm&r=g","caption":"Pr. Jonas Santana"},"description":"Pastor, pesquisador b\u00edblico, pregador do Evangelho do Reino A fidelidade requer que entreguemos o evangelho sob todos os \u00e2ngulos, sem omitir nada e sem exagerar em nada. Para isto requer-se muita sabedoria. Nosso desejo \u00e9 compartilhar a sabedoria do Reino de Deus a todos aqueles que o desejam de todo o cora\u00e7\u00e3o.","sameAs":["https:\/\/www.andandonagraca.org","https:\/\/www.facebook.com\/andandonagraca","https:\/\/www.instagram.com\/andandonagraca\/","https:\/\/www.youtube.com\/@andandonagraca","https:\/\/podcasters.spotify.com\/pod\/show\/andandonagraca\/"],"url":"https:\/\/www.andandonagraca.org\/site\/?author=1"}]}},"_links":{"self":[{"href":"https:\/\/www.andandonagraca.org\/site\/index.php?rest_route=\/wp\/v2\/posts\/51","targetHints":{"allow":["GET"]}}],"collection":[{"href":"https:\/\/www.andandonagraca.org\/site\/index.php?rest_route=\/wp\/v2\/posts"}],"about":[{"href":"https:\/\/www.andandonagraca.org\/site\/index.php?rest_route=\/wp\/v2\/types\/post"}],"author":[{"embeddable":true,"href":"https:\/\/www.andandonagraca.org\/site\/index.php?rest_route=\/wp\/v2\/users\/1"}],"replies":[{"embeddable":true,"href":"https:\/\/www.andandonagraca.org\/site\/index.php?rest_route=%2Fwp%2Fv2%2Fcomments&post=51"}],"version-history":[{"count":0,"href":"https:\/\/www.andandonagraca.org\/site\/index.php?rest_route=\/wp\/v2\/posts\/51\/revisions"}],"wp:featuredmedia":[{"embeddable":true,"href":"https:\/\/www.andandonagraca.org\/site\/index.php?rest_route=\/wp\/v2\/media\/67152"}],"wp:attachment":[{"href":"https:\/\/www.andandonagraca.org\/site\/index.php?rest_route=%2Fwp%2Fv2%2Fmedia&parent=51"}],"wp:term":[{"taxonomy":"category","embeddable":true,"href":"https:\/\/www.andandonagraca.org\/site\/index.php?rest_route=%2Fwp%2Fv2%2Fcategories&post=51"},{"taxonomy":"post_tag","embeddable":true,"href":"https:\/\/www.andandonagraca.org\/site\/index.php?rest_route=%2Fwp%2Fv2%2Ftags&post=51"}],"curies":[{"name":"wp","href":"https:\/\/api.w.org\/{rel}","templated":true}]}}