{"id":65091,"date":"2019-10-01T14:08:40","date_gmt":"2019-10-01T17:08:40","guid":{"rendered":"https:\/\/www.andandonagraca.org\/site\/?p=65091"},"modified":"2019-10-01T14:08:40","modified_gmt":"2019-10-01T17:08:40","slug":"os-ladroes-de-fe","status":"publish","type":"post","link":"https:\/\/www.andandonagraca.org\/site\/?p=65091","title":{"rendered":"OS LADR\u00d5ES DE F\u00c9"},"content":{"rendered":"<p>Quando Deus nos faz promessas Ele n\u00e3o define o tempo que levar\u00e1 para que a promessa seja cumprida, ent\u00e3o precisamos confiar, esperar e depender Nele. Nesse meio tempo muitos vir\u00e3o para nos dizer: \u201cest\u00e1 demorando muito\u201d, \u201cas circunst\u00e2ncias est\u00e3o piorando\u201d, \u201cas dificuldades est\u00e3o aumentando\u201d, \u201c\u00e9 preciso se preocupar, afinal a situa\u00e7\u00e3o \u00e9 grave\u201d, \u201cchegou a intima\u00e7\u00e3o judicial\u201d, \u201cn\u00e3o \u00e9 assim que Deus age\u201d, \u201ceu penso que n\u00e3o \u00e9 assim\u201d, \u201calgo precisa ser feito com urg\u00eancia\u201d, \u201cagora n\u00e3o \u00e9 hora de orar e sim de agir\u201d, \u201co alfabeto de Deus \u00e9 \u2018o r a \u00e7 \u00e3 o\u2019 \u2013 orar e a\u00e7\u00e3o, \u201cE se a f\u00e9 n\u00e3o funcionar? \u00c9 preciso ter uma op\u00e7\u00e3o\u201d enfim, vozes vociferam por todos os lados ecoando o suposto fracasso e derrota. Mas Deus permanece no controle e amanh\u00e3 ser\u00e1 um novo dia.<!--more--><\/p>\n<p>Essas vozes pertencem aos ladr\u00f5es de f\u00e9 que vem para matar, roubar e destruir a nossa f\u00e9, para que entremos em desespero retirando os olhos de Jesus Cristo e de Sua Palavra. Nossos amigos podem se tornar ladr\u00f5es de f\u00e9 ao darem voz ao diabo, a exemplo de Pedro que estava ao lado de Jesus e retrucou-o quando disse que iria sofrer e padecer. Jesus repreendeu o diabo que falara atrav\u00e9s da boca de Pedro. Assim somos n\u00f3s, precisamos repreender o diabo que fala atrav\u00e9s das pessoas pr\u00f3ximas ou situa\u00e7\u00f5es.<\/p>\n<p>Quem s\u00e3o os ladr\u00f5es de f\u00e9? Podem ser pessoas pr\u00f3ximas ou n\u00e3o, at\u00e9 mesmo situa\u00e7\u00f5es que podem (intencionalmente ou n\u00e3o) querer minar, roubar, diminuir ou extinguir a nossa f\u00e9, tirar os nossos olhos das promessas e da Palavra de Deus. N\u00e3o podemos permitir que pessoas ou situa\u00e7\u00f5es roubem a nossa f\u00e9. Precisamos nos manter em f\u00e9 o tempo necess\u00e1rio, ouvindo, falando e agindo sobre a Palavra de Deus.<\/p>\n<p>Pessoas sem f\u00e9 s\u00e3o nocivas ao conv\u00edvio, infelizmente, as vezes, essas pessoas s\u00e3o muito chegadas e podem, at\u00e9, ter ajudado em algum momento, ter dado alguma palavra de animo ou incentivo, at\u00e9 mesmo amparado e auxiliado num per\u00edodo muito dif\u00edcil. Mas em situa\u00e7\u00f5es cr\u00edticas essas pessoas se desesperam e externam todas as suas frustra\u00e7\u00f5es acumuladas ao longo da vida. Esse tipo de pessoa cansa muito.<\/p>\n<p>Todos os homens de Deus enfrentaram esses ladr\u00f5es. Abra\u00e3o era chamado pai de multid\u00f5es quando n\u00e3o tinha um filho sequer, pense nas pessoas pr\u00f3ximas ao ouvirem isso. Mois\u00e9s tinha uma bando deles, reclamando e sentindo saudades do cativeiro. J\u00f3 tinha a esposa ao lado e para piorar vieram tr\u00eas amigos (\u201cda on\u00e7a\u201d) para consol\u00e1-lo. Davi tamb\u00e9m se queixou dos amigos que zombaram dele quando teve que fugir. Seja no Antigo ou no Novo Testamento encontraremos exemplos de ladr\u00f5es de f\u00e9. O homem cego que gritava: \u201cJesus, filho de Davi, tem compaix\u00e3o de mim\u201d, e a multid\u00e3o que mandava ele se calar. A mulher com fluxo de sangue que tinha uma multid\u00e3o a sua frente e ela sendo considerada imunda n\u00e3o podia ali estar nem tocar em quem quer que fosse. E tantos outros casos.<\/p>\n<p>Quando tudo est\u00e1 dif\u00edcil, problemas por todos os lados se erguendo, falta de dinheiro para as necessidades b\u00e1sicas, contas priorit\u00e1rias sem pagamento, vem a Palavra de Deus: \u201cDescansa, Eu estou no controle de tudo\u201d. Descansar n\u00e3o \u00e9 ter pregui\u00e7a, \u00e9 deixar as coisas que n\u00e3o podemos controlar nas m\u00e3os de Deus, \u00e9 ter f\u00e9 que Deus vai nos ajudar com nossos problemas.\u00a0Descansar em Deus \u00e9 rejeitar a preocupa\u00e7\u00e3o desnecess\u00e1ria, \u00e9 confiar em Deus e ter paz.\u00a0Descansar \u00e9 estar seguro em Deus, largando a ansiedade. O descanso \u00e9 uma b\u00ean\u00e7\u00e3o de Deus.<\/p>\n<p>Descanso causa uma grande confus\u00e3o nos ladr\u00f5es de f\u00e9, pois eles s\u00e3o ativistas, preocupados, ansiosos, e querem impor sua vontade a qualquer custo. N\u00e3o podemos permitir! Pedro era querido por Jesus, mas foi repreendido diante de todos, na realidade, o diabo que falara atrav\u00e9s de Pedro. N\u00e3o, Pedro n\u00e3o estava possesso, mas estava dando voz as palavras que ouvira do diabo, e Jesus identificou isso. Nos tamb\u00e9m devemos repreender o diabo que fala atrav\u00e9s das pessoas que est\u00e3o pr\u00f3ximas de n\u00f3s.<\/p>\n<p>Durante anos meu saudoso pai, pronunciava uma mesma frase, para mim, todas as noites, antes de dormir: \u201cDeus est\u00e1 no controle de tudo, amanh\u00e3 \u00e9 um novo dia!\u201d. Ele partiu para o Senhor em dezembro de 2015, mas essa frase \u00e9 lembrada todos os dias. Verdadeiramente Deus est\u00e1 no controle de todas as coisas, at\u00e9 do diabo e do mal. Martinho Lutero dizia que o diabo \u00e9 o diabo de Deus, ou seja, o diabo tem que se submeter a Deus, mesmo sem querer. Uma senhora declarou: \u201cquando Deus manda at\u00e9 o diabo obedece\u201d. \u00c9 isso mesmo, quando Deus entra com provis\u00e3o, ningu\u00e9m pode se levantar contra.<\/p>\n<p>Por miseric\u00f3rdia Deus tem grande paci\u00eancia e quando Ele nos ajuda o faz para mostrar a essas pessoas, que agem como ladr\u00f5es de f\u00e9, que elas precisam mudar de atitude, crendo nas promessas de Deus que s\u00e3o muitas.<\/p>\n<p>Deus interp\u00f4s um juramento a Abra\u00e3o e por n\u00e3o ter quem maior por quem jurar, jurou por si mesmo, assim por duas coisas imut\u00e1veis: juramento e promessa \u00e9 imposs\u00edvel que Deus minta. E isso Ele fez por n\u00f3s, os herdeiros da promessa. (Hebreus 6:13-18)<\/p>\n<p>Jesus declarou: \u201cMas buscai primeiro o Reino de Deus, e a sua justi\u00e7a, e todas essas coisas vos ser\u00e3o acrescentadas.\u201d (Mateus 6:33). Vamos parar de trabalhar? N\u00c3O! Mas vamos confiar mais no Senhor, buscar o Seu Reino (governo) e justi\u00e7a, sabendo que mantimentos, roupas, teto s\u00e3o acrescentados. Ele n\u00e3o nos desampara.<\/p>\n<p>Esperar em Deus exige f\u00e9 e paci\u00eancia, porque Deus pode demorar para responder.<\/p>\n<p>F\u00e9 \u00e9 um modo de agir, pensar e falar que consiste em acreditar com o cora\u00e7\u00e3o que a partir do momento em que recebeu a promessa, pois promessa e realidade\u00a0s\u00e3o a\u00a0mesma coisa.<\/p>\n<p>Paci\u00eancia \u2013 conformidade em suportar os males ou os inc\u00f4modos sem se queixar. Calma na continua\u00e7\u00e3o de qualquer tarefa ainda que seja dif\u00edcil ou muito demorada. Paci\u00eancia n\u00e3o \u00e9 resigna\u00e7\u00e3o, mas \u00e9 ser constantemente constante \u2013 ter perseveran\u00e7a, \u00e9 fazer constantemente o que a Palavra diz, \u00e9 dizer constantemente o que a B\u00edblia diz, acerca de si, das circunstancias, da sa\u00fade, etc.<\/p>\n<p>Deus pode demorar sim e Jesus afirmou isso: N\u00e3o\u00a0far\u00e1 Deus justi\u00e7a aos seus\u00a0escolhidos, que a ele clamam dia e noite, embora seja\u00a0demorado em defend\u00ea-los? (Lucas 18:7). Em conformidade com Habacuque 2:3 \u2013 \u201cPorque a vis\u00e3o \u00e9 ainda para o tempo determinado, e at\u00e9 ao fim falar\u00e1, e n\u00e3o mentir\u00e1; se tardar, espera-o, porque certamente vir\u00e1, n\u00e3o tardar\u00e1.\u201d Os ladr\u00f5es de f\u00e9 n\u00e3o gostam ou n\u00e3o querem esperar.<\/p>\n<p>Sejamos cautelosos para n\u00e3o sermos roubados e n\u00e3o podemos permitir tal coisa.<\/p>\n<p>E enquanto n\u00e3o temos a resposta?<\/p>\n<blockquote><p>N\u00e3o desligue o interruptor da f\u00e9, mantenha esse interruptor sempre ligado<\/p>\n<p>N\u00e3o desfale\u00e7a, n\u00e3o desmoralize, n\u00e3o desista<\/p>\n<p>Olhe constantemente para Jesus<\/p>\n<p>Olhe constantemente para a Palavra de Deus<\/p>\n<p>Olhe constantemente para as promessas de Deus<\/p>\n<p>Olhe para a solu\u00e7\u00e3o e n\u00e3o para o problema<\/p>\n<p>Confesse a Palavra de Deus \u2013 II Co. 4:13; Rm. 4:17<\/p>\n<p>Fa\u00e7a o que a Palavra diz &#8211; Tg. 1:22 \u2013 n\u00e3o sejais apenas ouvintes<\/p><\/blockquote>\n","protected":false},"excerpt":{"rendered":"<p>Quando Deus nos faz promessas Ele n\u00e3o define o tempo que levar\u00e1 para que a promessa seja cumprida,<\/p>\n","protected":false},"author":1,"featured_media":65092,"comment_status":"open","ping_status":"open","sticky":false,"template":"","format":"standard","meta":{"footnotes":""},"categories":[11],"tags":[72,56,45,37],"class_list":["post-65091","post","type-post","status-publish","format-standard","has-post-thumbnail","hentry","category-fe-amor","tag-fe","tag-obediencia","tag-palavra","tag-tempo"],"yoast_head":"<!-- This site is optimized with the Yoast SEO plugin v27.5 - https:\/\/yoast.com\/product\/yoast-seo-wordpress\/ -->\n<title>OS LADR\u00d5ES DE F\u00c9 - Pr. Jonas Santana<\/title>\n<meta name=\"robots\" content=\"index, follow, max-snippet:-1, max-image-preview:large, max-video-preview:-1\" \/>\n<link rel=\"canonical\" href=\"https:\/\/www.andandonagraca.org\/site\/?p=65091\" \/>\n<meta property=\"og:locale\" content=\"pt_BR\" \/>\n<meta property=\"og:type\" content=\"article\" \/>\n<meta property=\"og:title\" content=\"OS LADR\u00d5ES DE F\u00c9 - Pr. Jonas Santana\" \/>\n<meta property=\"og:description\" content=\"Quando Deus nos faz promessas Ele n\u00e3o define o tempo que levar\u00e1 para que a promessa seja cumprida,\" \/>\n<meta property=\"og:url\" content=\"https:\/\/www.andandonagraca.org\/site\/?p=65091\" \/>\n<meta property=\"og:site_name\" content=\"Pr. Jonas Santana\" \/>\n<meta property=\"article:publisher\" content=\"https:\/\/www.facebook.com\/andandonagraca\" \/>\n<meta property=\"article:author\" content=\"https:\/\/www.facebook.com\/andandonagraca\" \/>\n<meta property=\"article:published_time\" content=\"2019-10-01T17:08:40+00:00\" \/>\n<meta property=\"og:image\" content=\"https:\/\/www.andandonagraca.org\/site\/wp-content\/uploads\/2019\/10\/Fake-Friends.jpg\" \/>\n\t<meta property=\"og:image:width\" content=\"1200\" \/>\n\t<meta property=\"og:image:height\" content=\"847\" \/>\n\t<meta property=\"og:image:type\" content=\"image\/jpeg\" \/>\n<meta name=\"author\" content=\"Pr. Jonas Santana\" \/>\n<meta name=\"twitter:card\" content=\"summary_large_image\" \/>\n<meta name=\"twitter:label1\" content=\"Escrito por\" \/>\n\t<meta name=\"twitter:data1\" content=\"Pr. Jonas Santana\" \/>\n\t<meta name=\"twitter:label2\" content=\"Est. tempo de leitura\" \/>\n\t<meta name=\"twitter:data2\" content=\"6 minutos\" \/>\n<script type=\"application\/ld+json\" class=\"yoast-schema-graph\">{\"@context\":\"https:\\\/\\\/schema.org\",\"@graph\":[{\"@type\":\"Article\",\"@id\":\"https:\\\/\\\/www.andandonagraca.org\\\/site\\\/?p=65091#article\",\"isPartOf\":{\"@id\":\"https:\\\/\\\/www.andandonagraca.org\\\/site\\\/?p=65091\"},\"author\":{\"name\":\"Pr. Jonas Santana\",\"@id\":\"https:\\\/\\\/www.andandonagraca.org\\\/site\\\/#\\\/schema\\\/person\\\/225d0dedb572d4570a947397af2606ed\"},\"headline\":\"OS LADR\u00d5ES DE F\u00c9\",\"datePublished\":\"2019-10-01T17:08:40+00:00\",\"mainEntityOfPage\":{\"@id\":\"https:\\\/\\\/www.andandonagraca.org\\\/site\\\/?p=65091\"},\"wordCount\":1266,\"commentCount\":1,\"image\":{\"@id\":\"https:\\\/\\\/www.andandonagraca.org\\\/site\\\/?p=65091#primaryimage\"},\"thumbnailUrl\":\"https:\\\/\\\/www.andandonagraca.org\\\/site\\\/wp-content\\\/uploads\\\/2019\\\/10\\\/Fake-Friends.jpg\",\"keywords\":[\"f\u00e9\",\"obedi\u00eancia\",\"palavra\",\"tempo\"],\"articleSection\":[\"F\u00e9, Esperan\u00e7a &amp; Amor\"],\"inLanguage\":\"pt-BR\",\"potentialAction\":[{\"@type\":\"CommentAction\",\"name\":\"Comment\",\"target\":[\"https:\\\/\\\/www.andandonagraca.org\\\/site\\\/?p=65091#respond\"]}]},{\"@type\":\"WebPage\",\"@id\":\"https:\\\/\\\/www.andandonagraca.org\\\/site\\\/?p=65091\",\"url\":\"https:\\\/\\\/www.andandonagraca.org\\\/site\\\/?p=65091\",\"name\":\"OS LADR\u00d5ES DE F\u00c9 - Pr. Jonas Santana\",\"isPartOf\":{\"@id\":\"https:\\\/\\\/www.andandonagraca.org\\\/site\\\/#website\"},\"primaryImageOfPage\":{\"@id\":\"https:\\\/\\\/www.andandonagraca.org\\\/site\\\/?p=65091#primaryimage\"},\"image\":{\"@id\":\"https:\\\/\\\/www.andandonagraca.org\\\/site\\\/?p=65091#primaryimage\"},\"thumbnailUrl\":\"https:\\\/\\\/www.andandonagraca.org\\\/site\\\/wp-content\\\/uploads\\\/2019\\\/10\\\/Fake-Friends.jpg\",\"datePublished\":\"2019-10-01T17:08:40+00:00\",\"author\":{\"@id\":\"https:\\\/\\\/www.andandonagraca.org\\\/site\\\/#\\\/schema\\\/person\\\/225d0dedb572d4570a947397af2606ed\"},\"breadcrumb\":{\"@id\":\"https:\\\/\\\/www.andandonagraca.org\\\/site\\\/?p=65091#breadcrumb\"},\"inLanguage\":\"pt-BR\",\"potentialAction\":[{\"@type\":\"ReadAction\",\"target\":[\"https:\\\/\\\/www.andandonagraca.org\\\/site\\\/?p=65091\"]}]},{\"@type\":\"ImageObject\",\"inLanguage\":\"pt-BR\",\"@id\":\"https:\\\/\\\/www.andandonagraca.org\\\/site\\\/?p=65091#primaryimage\",\"url\":\"https:\\\/\\\/www.andandonagraca.org\\\/site\\\/wp-content\\\/uploads\\\/2019\\\/10\\\/Fake-Friends.jpg\",\"contentUrl\":\"https:\\\/\\\/www.andandonagraca.org\\\/site\\\/wp-content\\\/uploads\\\/2019\\\/10\\\/Fake-Friends.jpg\",\"width\":1200,\"height\":847},{\"@type\":\"BreadcrumbList\",\"@id\":\"https:\\\/\\\/www.andandonagraca.org\\\/site\\\/?p=65091#breadcrumb\",\"itemListElement\":[{\"@type\":\"ListItem\",\"position\":1,\"name\":\"In\u00edcio\",\"item\":\"https:\\\/\\\/www.andandonagraca.org\\\/site\"},{\"@type\":\"ListItem\",\"position\":2,\"name\":\"OS LADR\u00d5ES DE F\u00c9\"}]},{\"@type\":\"WebSite\",\"@id\":\"https:\\\/\\\/www.andandonagraca.org\\\/site\\\/#website\",\"url\":\"https:\\\/\\\/www.andandonagraca.org\\\/site\\\/\",\"name\":\"Pr. Jonas Santana\",\"description\":\"ANDANDO NA GRA\u00c7A - AEMSF\",\"potentialAction\":[{\"@type\":\"SearchAction\",\"target\":{\"@type\":\"EntryPoint\",\"urlTemplate\":\"https:\\\/\\\/www.andandonagraca.org\\\/site\\\/?s={search_term_string}\"},\"query-input\":{\"@type\":\"PropertyValueSpecification\",\"valueRequired\":true,\"valueName\":\"search_term_string\"}}],\"inLanguage\":\"pt-BR\"},{\"@type\":\"Person\",\"@id\":\"https:\\\/\\\/www.andandonagraca.org\\\/site\\\/#\\\/schema\\\/person\\\/225d0dedb572d4570a947397af2606ed\",\"name\":\"Pr. Jonas Santana\",\"image\":{\"@type\":\"ImageObject\",\"inLanguage\":\"pt-BR\",\"@id\":\"https:\\\/\\\/secure.gravatar.com\\\/avatar\\\/7f463b781f71522d52f2ff3dae3592f9f7b0e24187fc413b95cd3efa8429de28?s=96&d=mm&r=g\",\"url\":\"https:\\\/\\\/secure.gravatar.com\\\/avatar\\\/7f463b781f71522d52f2ff3dae3592f9f7b0e24187fc413b95cd3efa8429de28?s=96&d=mm&r=g\",\"contentUrl\":\"https:\\\/\\\/secure.gravatar.com\\\/avatar\\\/7f463b781f71522d52f2ff3dae3592f9f7b0e24187fc413b95cd3efa8429de28?s=96&d=mm&r=g\",\"caption\":\"Pr. Jonas Santana\"},\"description\":\"Pastor, pesquisador b\u00edblico, pregador do Evangelho do Reino A fidelidade requer que entreguemos o evangelho sob todos os \u00e2ngulos, sem omitir nada e sem exagerar em nada. Para isto requer-se muita sabedoria. Nosso desejo \u00e9 compartilhar a sabedoria do Reino de Deus a todos aqueles que o desejam de todo o cora\u00e7\u00e3o.\",\"sameAs\":[\"https:\\\/\\\/www.andandonagraca.org\",\"https:\\\/\\\/www.facebook.com\\\/andandonagraca\",\"https:\\\/\\\/www.instagram.com\\\/andandonagraca\\\/\",\"https:\\\/\\\/www.youtube.com\\\/@andandonagraca\",\"https:\\\/\\\/podcasters.spotify.com\\\/pod\\\/show\\\/andandonagraca\\\/\"],\"url\":\"https:\\\/\\\/www.andandonagraca.org\\\/site\\\/?author=1\"}]}<\/script>\n<!-- \/ Yoast SEO plugin. -->","yoast_head_json":{"title":"OS LADR\u00d5ES DE F\u00c9 - Pr. Jonas Santana","robots":{"index":"index","follow":"follow","max-snippet":"max-snippet:-1","max-image-preview":"max-image-preview:large","max-video-preview":"max-video-preview:-1"},"canonical":"https:\/\/www.andandonagraca.org\/site\/?p=65091","og_locale":"pt_BR","og_type":"article","og_title":"OS LADR\u00d5ES DE F\u00c9 - Pr. Jonas Santana","og_description":"Quando Deus nos faz promessas Ele n\u00e3o define o tempo que levar\u00e1 para que a promessa seja cumprida,","og_url":"https:\/\/www.andandonagraca.org\/site\/?p=65091","og_site_name":"Pr. Jonas Santana","article_publisher":"https:\/\/www.facebook.com\/andandonagraca","article_author":"https:\/\/www.facebook.com\/andandonagraca","article_published_time":"2019-10-01T17:08:40+00:00","og_image":[{"width":1200,"height":847,"url":"https:\/\/www.andandonagraca.org\/site\/wp-content\/uploads\/2019\/10\/Fake-Friends.jpg","type":"image\/jpeg"}],"author":"Pr. Jonas Santana","twitter_card":"summary_large_image","twitter_misc":{"Escrito por":"Pr. Jonas Santana","Est. tempo de leitura":"6 minutos"},"schema":{"@context":"https:\/\/schema.org","@graph":[{"@type":"Article","@id":"https:\/\/www.andandonagraca.org\/site\/?p=65091#article","isPartOf":{"@id":"https:\/\/www.andandonagraca.org\/site\/?p=65091"},"author":{"name":"Pr. Jonas Santana","@id":"https:\/\/www.andandonagraca.org\/site\/#\/schema\/person\/225d0dedb572d4570a947397af2606ed"},"headline":"OS LADR\u00d5ES DE F\u00c9","datePublished":"2019-10-01T17:08:40+00:00","mainEntityOfPage":{"@id":"https:\/\/www.andandonagraca.org\/site\/?p=65091"},"wordCount":1266,"commentCount":1,"image":{"@id":"https:\/\/www.andandonagraca.org\/site\/?p=65091#primaryimage"},"thumbnailUrl":"https:\/\/www.andandonagraca.org\/site\/wp-content\/uploads\/2019\/10\/Fake-Friends.jpg","keywords":["f\u00e9","obedi\u00eancia","palavra","tempo"],"articleSection":["F\u00e9, Esperan\u00e7a &amp; Amor"],"inLanguage":"pt-BR","potentialAction":[{"@type":"CommentAction","name":"Comment","target":["https:\/\/www.andandonagraca.org\/site\/?p=65091#respond"]}]},{"@type":"WebPage","@id":"https:\/\/www.andandonagraca.org\/site\/?p=65091","url":"https:\/\/www.andandonagraca.org\/site\/?p=65091","name":"OS LADR\u00d5ES DE F\u00c9 - Pr. Jonas Santana","isPartOf":{"@id":"https:\/\/www.andandonagraca.org\/site\/#website"},"primaryImageOfPage":{"@id":"https:\/\/www.andandonagraca.org\/site\/?p=65091#primaryimage"},"image":{"@id":"https:\/\/www.andandonagraca.org\/site\/?p=65091#primaryimage"},"thumbnailUrl":"https:\/\/www.andandonagraca.org\/site\/wp-content\/uploads\/2019\/10\/Fake-Friends.jpg","datePublished":"2019-10-01T17:08:40+00:00","author":{"@id":"https:\/\/www.andandonagraca.org\/site\/#\/schema\/person\/225d0dedb572d4570a947397af2606ed"},"breadcrumb":{"@id":"https:\/\/www.andandonagraca.org\/site\/?p=65091#breadcrumb"},"inLanguage":"pt-BR","potentialAction":[{"@type":"ReadAction","target":["https:\/\/www.andandonagraca.org\/site\/?p=65091"]}]},{"@type":"ImageObject","inLanguage":"pt-BR","@id":"https:\/\/www.andandonagraca.org\/site\/?p=65091#primaryimage","url":"https:\/\/www.andandonagraca.org\/site\/wp-content\/uploads\/2019\/10\/Fake-Friends.jpg","contentUrl":"https:\/\/www.andandonagraca.org\/site\/wp-content\/uploads\/2019\/10\/Fake-Friends.jpg","width":1200,"height":847},{"@type":"BreadcrumbList","@id":"https:\/\/www.andandonagraca.org\/site\/?p=65091#breadcrumb","itemListElement":[{"@type":"ListItem","position":1,"name":"In\u00edcio","item":"https:\/\/www.andandonagraca.org\/site"},{"@type":"ListItem","position":2,"name":"OS LADR\u00d5ES DE F\u00c9"}]},{"@type":"WebSite","@id":"https:\/\/www.andandonagraca.org\/site\/#website","url":"https:\/\/www.andandonagraca.org\/site\/","name":"Pr. Jonas Santana","description":"ANDANDO NA GRA\u00c7A - AEMSF","potentialAction":[{"@type":"SearchAction","target":{"@type":"EntryPoint","urlTemplate":"https:\/\/www.andandonagraca.org\/site\/?s={search_term_string}"},"query-input":{"@type":"PropertyValueSpecification","valueRequired":true,"valueName":"search_term_string"}}],"inLanguage":"pt-BR"},{"@type":"Person","@id":"https:\/\/www.andandonagraca.org\/site\/#\/schema\/person\/225d0dedb572d4570a947397af2606ed","name":"Pr. Jonas Santana","image":{"@type":"ImageObject","inLanguage":"pt-BR","@id":"https:\/\/secure.gravatar.com\/avatar\/7f463b781f71522d52f2ff3dae3592f9f7b0e24187fc413b95cd3efa8429de28?s=96&d=mm&r=g","url":"https:\/\/secure.gravatar.com\/avatar\/7f463b781f71522d52f2ff3dae3592f9f7b0e24187fc413b95cd3efa8429de28?s=96&d=mm&r=g","contentUrl":"https:\/\/secure.gravatar.com\/avatar\/7f463b781f71522d52f2ff3dae3592f9f7b0e24187fc413b95cd3efa8429de28?s=96&d=mm&r=g","caption":"Pr. Jonas Santana"},"description":"Pastor, pesquisador b\u00edblico, pregador do Evangelho do Reino A fidelidade requer que entreguemos o evangelho sob todos os \u00e2ngulos, sem omitir nada e sem exagerar em nada. Para isto requer-se muita sabedoria. Nosso desejo \u00e9 compartilhar a sabedoria do Reino de Deus a todos aqueles que o desejam de todo o cora\u00e7\u00e3o.","sameAs":["https:\/\/www.andandonagraca.org","https:\/\/www.facebook.com\/andandonagraca","https:\/\/www.instagram.com\/andandonagraca\/","https:\/\/www.youtube.com\/@andandonagraca","https:\/\/podcasters.spotify.com\/pod\/show\/andandonagraca\/"],"url":"https:\/\/www.andandonagraca.org\/site\/?author=1"}]}},"_links":{"self":[{"href":"https:\/\/www.andandonagraca.org\/site\/index.php?rest_route=\/wp\/v2\/posts\/65091","targetHints":{"allow":["GET"]}}],"collection":[{"href":"https:\/\/www.andandonagraca.org\/site\/index.php?rest_route=\/wp\/v2\/posts"}],"about":[{"href":"https:\/\/www.andandonagraca.org\/site\/index.php?rest_route=\/wp\/v2\/types\/post"}],"author":[{"embeddable":true,"href":"https:\/\/www.andandonagraca.org\/site\/index.php?rest_route=\/wp\/v2\/users\/1"}],"replies":[{"embeddable":true,"href":"https:\/\/www.andandonagraca.org\/site\/index.php?rest_route=%2Fwp%2Fv2%2Fcomments&post=65091"}],"version-history":[{"count":0,"href":"https:\/\/www.andandonagraca.org\/site\/index.php?rest_route=\/wp\/v2\/posts\/65091\/revisions"}],"wp:featuredmedia":[{"embeddable":true,"href":"https:\/\/www.andandonagraca.org\/site\/index.php?rest_route=\/wp\/v2\/media\/65092"}],"wp:attachment":[{"href":"https:\/\/www.andandonagraca.org\/site\/index.php?rest_route=%2Fwp%2Fv2%2Fmedia&parent=65091"}],"wp:term":[{"taxonomy":"category","embeddable":true,"href":"https:\/\/www.andandonagraca.org\/site\/index.php?rest_route=%2Fwp%2Fv2%2Fcategories&post=65091"},{"taxonomy":"post_tag","embeddable":true,"href":"https:\/\/www.andandonagraca.org\/site\/index.php?rest_route=%2Fwp%2Fv2%2Ftags&post=65091"}],"curies":[{"name":"wp","href":"https:\/\/api.w.org\/{rel}","templated":true}]}}