{"id":65254,"date":"2020-03-29T13:35:03","date_gmt":"2020-03-29T16:35:03","guid":{"rendered":"https:\/\/www.andandonagraca.org\/site\/?p=65254"},"modified":"2020-03-29T14:19:45","modified_gmt":"2020-03-29T17:19:45","slug":"esta-cristo-dividido","status":"publish","type":"post","link":"https:\/\/www.andandonagraca.org\/site\/?p=65254","title":{"rendered":"EST\u00c1 CRISTO DIVIDIDO?"},"content":{"rendered":"<p>O mundo est\u00e1 em p\u00e2nico, um v\u00edrus (invis\u00edvel, mas real) assola a todas as na\u00e7\u00f5es, pessoas infectadas e outras mortas, mas \u00e9 motivo para tanto p\u00e2nico? J\u00e1 n\u00e3o houve outros v\u00edrus piores ou letais como esse sendo espalhados pelo mundo? Por que tanta paranoia? O mundo est\u00e1 em p\u00e2nico, o presente e o futuro em risco, a incerteza da vida, a imin\u00eancia da morte, apesar de tudo isso h\u00e1 um lugar de paz, um ref\u00fagio, um abrigo, um lugar de descanso: em JESUS CRISTO. O que mais choca \u00e9 o p\u00e2nico no meio dos evang\u00e9licos, os ditos crentes, mais conhecidos como crist\u00e3os.<\/p>\n<p>\u201cEnt\u00e3o, vereis outra vez a diferen\u00e7a entre o justo e o perverso, entre o que serve a Deus e o que n\u00e3o o serve.\u201d (Malaquias 3:18). Eu creio que essa hora chegou, mais do que nunca. Esse v\u00edrus chin\u00eas trouxe \u00e0 tona, n\u00e3o uma poss\u00edvel doen\u00e7a, mas a carnalidade extrema que est\u00e1 imperando no seio do povo dito evang\u00e9lico, o p\u00e2nico gerado no povo do mundo \u00e9 normal, n\u00e3o sabem quem s\u00e3o nem para onde v\u00e3o, no entanto no seio do nosso povo n\u00e3o dever\u00edamos estar temendo coisa alguma, sabemos quem somos e para onde vamos, mas, infelizmente, estamos vendo que Malaquias previu os nossos dias tamb\u00e9m e essa diferen\u00e7a que estava oculta, agora est\u00e1 a mostra, creio que ao passar por essa fase, a Igreja do Senhor Jesus Cristo precisa rever muitos conceitos e ensinamentos errados. A arrog\u00e2ncia e a jact\u00e2ncia do povo dito evang\u00e9lico entristece a Deus.<\/p>\n<p>Afinal n\u00e3o \u00e9 de conhecimento de todos os crist\u00e3os que o pecado consumado est\u00e1 gerando roubo, morte, destrui\u00e7\u00e3o? O mundo insiste em impor todo e qualquer conceito contr\u00e1rio \u00e0 Palavra e Autoridade de Deus, e n\u00e3o quer arcar com as consequ\u00eancias? Um motivo invis\u00edvel, mas real, fez o mundo todo ficar em p\u00e2nico, mas, n\u00e3o dizem que \u00e9 preciso ver para crer? Todos os dias Deus estende as suas m\u00e3os a um povo rebelde e contradizente. Quem n\u00e3o compreende qu\u00e3o negro e horr\u00edvel \u00e9 o pecado e que \u00e9 uma ofensa contra um Deus justo e santo, sentir\u00e1 pouca necessidade para uma mudan\u00e7a de cora\u00e7\u00e3o. Mas quando o homem encara o seu pecado a luz da perfeita justi\u00e7a e santidade de Cristo, ent\u00e3o compreende a sua verdadeira condi\u00e7\u00e3o. Esta compreens\u00e3o do pecado e a aus\u00eancia completa de merecimento, deve fazer com que o homem odeie o pecado que tanto o degradou.<\/p>\n<p>Quanta confus\u00e3o por a\u00ed, quantos oportunistas da cat\u00e1strofe, da mesma forma h\u00e1 quem n\u00e3o respeite o seu irm\u00e3o. E, infelizmente as diferen\u00e7as existentes est\u00e3o sendo escancaradas.<\/p>\n<p>No entanto vemos: um decidiu fechar a &#8220;igreja&#8221; &#8211; ent\u00e3o se reverbera: &#8220;medroso n\u00e3o tem f\u00e9&#8221;. Outro decide deixar a &#8220;igreja&#8221; aberta &#8211; outro reverbera: &#8220;oportunista, s\u00f3 quer o dinheiro&#8221;. Essa n\u00e3o \u00e9 uma hora para mostrar a divis\u00e3o teol\u00f3gica existente, mas \u00e9 hora de propagar a Palavra para gerar f\u00e9. Haja respeito, no m\u00ednimo. A Palavra de Deus \u00e9 o nosso \u00e1rbitro e n\u00e3o A, B, ou C. Em todos os aspectos deve ser considerado a responsabilidade espiritual e social da Igreja, assim um grupo analisa de um jeito e outro grupo analisa de outro jeito. O importante \u00e9 que a Palavra de Deus seja o \u00e1rbitro.<\/p>\n<p>Andar por, e, em f\u00e9 n\u00e3o \u00e9 ser imprudente ou tolo. Precau\u00e7\u00e3o, cautela s\u00e3o necess\u00e1rios. Andar pela f\u00e9 n\u00e3o \u00e9 andar \u00e0s cegas, mas \u00e9 andar sobre uma base s\u00f3lida que \u00e9 a Palavra de Deus. Andar pela f\u00e9 \u00e9 fazer da Palavra de Deus a autoridade final em nossa vida. Deus guarda, e Ele mesmo mandou por sentinelas (Se Deus n\u00e3o guardar em v\u00e3o vigia a sentinela). Andamos por f\u00e9 e n\u00e3o por vista e somos cautelosos, mas andamos por f\u00e9. Se uns tem f\u00e9 e outros n\u00e3o, haja respeito a quem tem e a quem n\u00e3o tem. Ent\u00e3o, nos pa\u00edses em que os governos ordenaram fechamento de locais p\u00fablicos e a quarentena, deve-se obedecer e cuidar para que assim seja feito. N\u00e3o foi proibido a liberdade de culto e sim o ajuntamento coletivo por precau\u00e7\u00e3o.<\/p>\n<p>Tenho orado por um avivamento que vem da parte de Deus, porque temos avivamentos dos homens por todos os lados, e esse n\u00e3o serve. Somente um avivamento da parte de Deus para sacudir a Igreja, para despert\u00e1-la, especificamente nos pa\u00edses de fala portuguesa, pelo menos esses, devem acordar. Afinal est\u00e1 tudo embebecido na \u201cb\u00ean\u00e7\u00e3o\u201d e cegos pelo amor ao dinheiro&#8230; Deus nos ajude a abrir os olhos a estes povos! Sabendo que dependemos de Deus em tudo, e a Igreja precisa estar atenta a tudo. A Igreja nesses pa\u00edses de fala portuguesa, em sua maioria, est\u00e1 dormindo, imersa na riqueza, na prosperidade, no culto \u00e0s personalidades. A igreja precisa ser chacoalhada de novo, puseram na pol\u00edtica, na riqueza, nas posses, as esperan\u00e7as. Tiraram os olhos de Deus. Ent\u00e3o, vem esse v\u00edrus, para tudo, nem culto nos &#8220;templos\u201d podem ter, agora o que est\u00e1 valendo tantos \u201ctemplos\u201d caros e luxuosos? O que valeu tanta riqueza? Nesse momento muitos irm\u00e3os, at\u00e9 pastores, precisam de ajuda, porque as congrega\u00e7\u00f5es pequenas n\u00e3o tem subsist\u00eancia. Avi\u00f5es parados, tudo est\u00e1 parado, a arrecada\u00e7\u00e3o de ofertas e d\u00edzimos ca\u00edram, ou seja, tudo foi afetado, poucos t\u00eam emprego secular. Com isso os ricos pastores est\u00e3o desesperados porque os megaprojetos precisam de muito dinheiro, o que fazer? Os que realmente fazem a obra de Deus s\u00f3 dependem de Deus e gra\u00e7as a Ele por isso.<\/p>\n<p>Vem tempos de limpeza, tempos de depend\u00eancia de Deus, de voltarmos as veredas antigas.<\/p>\n<p>Mas aproveitando essa celeuma criada, quero analisar as divis\u00f5es existentes no seio da igreja. Toda essa situa\u00e7\u00e3o criada por esse v\u00edrus est\u00e1 mostrando o qu\u00e3o dividido somos, e o quanto isso est\u00e1 causando males por todos os lados. Muitos grupos, muitas congrega\u00e7\u00f5es, muitas denomina\u00e7\u00f5es, pouca for\u00e7a, pouco poder, pouca autoridade. Um reino dividido n\u00e3o subsiste.<\/p>\n<p>H\u00e1 quase duas d\u00e9cadas tenho analisado o estado da Igreja Evang\u00e9lica, em especial nos pa\u00edses de l\u00edngua portuguesa (PALOPS). Tenho escrito diversos artigos (todos publicado nesse Portal) sobre a restaura\u00e7\u00e3o do culto a Deus, sobre a necessidade de os pastores entenderem a sua chamada, sobre o povo entender e aprender a identificar os falsos ap\u00f3stolos e mestres e tamb\u00e9m sobre a necessidade da unidade da Igreja, dos perigos existentes nas divis\u00f5es desenfreadas, e o porqu\u00ea dessas divis\u00f5es, e que apesar disso a Igreja do Senhor Jesus Cristo continua firme e forte desde sua funda\u00e7\u00e3o.<\/p>\n<p>De fato, n\u00e3o muito depois do princ\u00edpio, j\u00e1 na Igreja de Corinto, surge uma das primeiras tentativas de divis\u00e3o, porque havia contendas, animosidades, partidarismo, cis\u00f5es, divis\u00f5es entre os irm\u00e3os. \u201cQuero dizer, com isso, que cada um de v\u00f3s diz: Eu sou de Paulo, e eu, de Apolo, e eu, de Cefas, e eu, de Cristo\u201d. (I Co. 1:12). O Ap\u00f3stolo Paulo faz esta pergunta \u00e0 Igreja de Corinto enquanto a corrige severamente.<\/p>\n<p>Nesta carta \u00e0 Igreja, Paulo trata dos problemas da imaturidade e divis\u00f5es na igreja, salientando a sabedoria crist\u00e3 e a pr\u00e1tica do amor sacrificial como meios de edifica\u00e7\u00e3o da igreja. Ainda das divis\u00f5es da comunidade e aponta o caminho para a sua maturidade e unidade, pela aplica\u00e7\u00e3o da sabedoria e do amor crist\u00e3os.<\/p>\n<p>A Igreja de Corinto \u00e9 uma representa\u00e7\u00e3o fiel da maioria das denomina\u00e7\u00f5es existentes em nossos dias, porque segundo as informa\u00e7\u00f5es que chegaram a Paulo:<\/p>\n<ul>\n<li>A imoralidade e os costumes pag\u00e3os continuavam a exercer grande influ\u00eancia sobre a pequena igreja.<\/li>\n<li>Reconhecem-se nela muitos valores (1:4-5),<\/li>\n<li>Mas falta-lhes uma consci\u00eancia mais profunda do poder e dos planos de Deus (2:1-16).<\/li>\n<li>Encontram-se divididos entre si (1:10-13; 6:1-11);<\/li>\n<li>Toleram situa\u00e7\u00f5es escandalosas (5:1-13);<\/li>\n<li>Sentem dificuldades em adotar uma pr\u00e1tica religiosa e moral equilibrada:<\/li>\n<li>Tanto pendem para o rigor e o escr\u00fapulo como deslizam para a exagerada complac\u00eancia com o mal (7-8);<\/li>\n<li>Tanto menosprezam como exageram o valor dos dons do Esp\u00edrito Santo (12-14)<\/li>\n<li>E chegam mesmo a esvaziar o sentido da ceia do Senhor (11:17-34).<\/li>\n<li>Esse espirito mundano que rondava a Igreja de Corinto causava as dissens\u00f5es, porque aqueles irm\u00e3os ainda eram carnais (3:3).<\/li>\n<\/ul>\n<p>EST\u00c1 CRISTO DIVIDIDO?<\/p>\n<p>\u00c0 semelhan\u00e7a dos cor\u00edntios, a igreja moderna se partidariza em muitas ramifica\u00e7\u00f5es, exatamente porque aquele mesmo espirito mundano tem rondado a Igreja provocando muita carnalidade no seio evang\u00e9lico. Infelizmente a realidade da chamada \u201cigreja evang\u00e9lica\u201d \u00e9 ser o povo mais divido \u00e0 face da terra.<\/p>\n<p>Em sua carta aos Romanos, Paulo, explica que como em um corpo temos muitos membros, e nem todos os membros t\u00eam a mesma opera\u00e7\u00e3o, assim n\u00f3s, que somos muitos, somos um s\u00f3 corpo em Cristo, mas individualmente somos membros uns dos outros. (Rm. 12:4-5). Corpo: Usado de um (grande ou pequeno) n\u00famero de homens estreitamente unidos numa sociedade, ou fam\u00edlia; corpo social, \u00e9tico, m\u00edstico. Usado neste sentido no NT para descrever a igreja. \u201cOra, v\u00f3s sois o corpo de Cristo e seus membros em particular\u201d. (1 Co. 12:27)<\/p>\n<p>S\u00f3 existe uma Igreja, n\u00e3o existem v\u00e1rias igrejas, v\u00e1rios corpos, somente um corpo com v\u00e1rios membros, e esses membros convergem para o corpo. Por\u00e9m vemos a Igreja imersa em tantas divis\u00f5es. Essas divis\u00f5es s\u00e3o chamadas de denomina\u00e7\u00f5es, e cada denomina\u00e7\u00e3o pensa que \u00e9 todo (o corpo) e cada ap\u00f3stolo, bispo, pastor, reverendo (o t\u00edtulo dado ao l\u00edder pode variar de acordo com a ramifica\u00e7\u00e3o) dessas denomina\u00e7\u00f5es pensa que \u00e9 o cabe\u00e7a. Alguns como n\u00e3o podem ser considerados\/estimados de Cristo, s\u00e3o considerados\/estimados de Mois\u00e9s (figura de Cristo, libertador do povo de Israel).<\/p>\n<p>O denominacionalismo exacerbado dos nossos dias, favorece o culto \u00e0s personalidades, as quais s\u00e3o idolatradas e muitos odes s\u00e3o criados a essas celebridades gospel. O Ap\u00f3stolo Paulo quebrou a espinha dorsal do culto \u00e0 personalidade, \u00e9 necess\u00e1rio fazer o mesmo em nossos dias. (\u201cRogo-vos, por\u00e9m, irm\u00e3os, pelo nome de nosso Senhor Jesus Cristo, que digais todos uma mesma coisa e que n\u00e3o haja entre v\u00f3s dissens\u00f5es; antes, sejais unidos, em um mesmo sentido e em um mesmo parecer\u201d. I Co. 1:10) \u2013 (Portanto, qualquer que comer este p\u00e3o ou beber o c\u00e1lice do Senhor, indignamente, ser\u00e1 culpado do corpo e do sangue do Senhor. Examine-se, pois, o homem a si mesmo, e assim coma deste p\u00e3o, e beba deste c\u00e1lice. Porque o que come e bebe indignamente come e bebe para sua pr\u00f3pria condena\u00e7\u00e3o, n\u00e3o discernindo o corpo do Senhor. Por causa disso, h\u00e1 entre v\u00f3s muitos fracos e doentes e muitos que dormem. Porque, se n\u00f3s nos julg\u00e1ssemos a n\u00f3s mesmos, n\u00e3o ser\u00edamos julgados. I Co. 11:27-31).<\/p>\n<p>Outro problema causado por esse denominacionalismo \u00e9 o aumento dos ensinamentos, doutrinas, teologias errados e falsos, pois muitos s\u00e3o guias cegos e sem entendimento das Escrituras, outros oportunistas mesmo, encontram na Antiga Alian\u00e7a farto material para corroborar suas teses absurdas. Vivem na sombra porque assim controlam o cora\u00e7\u00e3o e a carteira do povo, com certeza \u00e9-lhes conveniente, porque de outra forma n\u00e3o conseguiriam gerar medo e manipula\u00e7\u00e3o. Somente na Antiga Alian\u00e7a h\u00e1 como prender por medo e amea\u00e7as, maldi\u00e7\u00e3o permanente pela desobedi\u00eancia. O grande problema \u00e9 que esses erros se alastram como um v\u00edrus&#8230; e depois pessoas traumatizas e feridas em nome de Deus, vem para serem saradas, isso quando vem, outras se perdem escandalizadas, e as v\u00edtimas s\u00e3o muitas. Realmente chegou a hora de mostrar a diferen\u00e7a. Infelizmente, o Brasil e os EUA t\u00eam sido celeiros f\u00e9rteis desses manipuladores do evangelho e tem exportado muitos, sendo que os EUA foram os mestres, o Brasil aprendeu e enviou em larga escala, para vergonha nossa. Felizmente h\u00e1 os &#8220;7.000&#8221; que n\u00e3o se dobraram a Baal.<\/p>\n<p>Vamos deixar Deus ser Deus, h\u00e1 muita agua a rolar debaixo da ponte. Esse v\u00edrus chin\u00eas est\u00e1 provocando uma reflex\u00e3o muito s\u00e9ria no papel da Igreja e como profeta de Deus e n\u00e3o dos homens, tenho enxergado alguns problemas que precisam ser enfrentados e tenho no meu cora\u00e7\u00e3o que nesse tempo, depois dessa quarentena, teremos novidades. Essa situa\u00e7\u00e3o atual de pandemia est\u00e1 sendo usada para trazer \u00e0 tona todos os vermes que est\u00e3o \u201cescondidos sob a pedra\u201d, vem um movimento de Deus por a\u00ed, n\u00f3s vamos viver um avivamento com santidade e colheita, depois vir\u00e1 uma persegui\u00e7\u00e3o, mas ainda teremos um tempo. Uma coisa \u00e9 certa: tudo isso est\u00e1 acontecendo para voltarmos a olhar para Jesus e para a Sua Palavra, porque os homens est\u00e3o olhando para muitas coisas menos para Jesus. Tamb\u00e9m \u00e9 certo que ningu\u00e9m perece, hoje, por falta de conhecimento, mas por falta de VIS\u00c3O sim! Tem pastor cego, insens\u00edvel!<\/p>\n<p>Por que o mundo tem tanta dificuldade em crer no evangelho?<\/p>\n<p>Primeiro porque o deus deste s\u00e9culo cegou os entendimentos dos incr\u00e9dulos, para que lhes n\u00e3o resplande\u00e7a a luz do evangelho da gl\u00f3ria de Cristo, que \u00e9 a imagem de Deus (<a href=\"https:\/\/www.bibliaonline.com.br\/acf\/2co\/4\/4+\">2 Cor\u00edntios 4:4<\/a>). Em segundo lugar porque n\u00e3o somos um. Desobedecemos a ordem de Jesus Cristo &#8211; E pe\u00e7o que todos sejam um. E assim como tu, meu Pai, est\u00e1s unido comigo, e eu estou unido contigo, que todos os que crerem tamb\u00e9m estejam unidos a n\u00f3s para que o mundo creia que tu me enviaste (Jo\u00e3o 17:21)<\/p>\n<p>Ser\u00e1 que, de fato, entendemos tudo o que lemos e o que ouvimos? As prega\u00e7\u00f5es que ouvimos? Ser\u00e1 que entendemos a B\u00edblia que lemos? N\u00e3o podemos nos esquecer que um reino dividido n\u00e3o subsiste! O mundo h\u00e1 de crer em Cristo, na prega\u00e7\u00e3o do Evangelho quando formos um como Ele e o Pai s\u00e3o um.<\/p>\n<p>Por todos os lados h\u00e1 um cansa\u00e7o, uma fadiga, um desejo de mudan\u00e7as, um evangelho mais centrado na Palavra de Deus e n\u00e3o nos homens, sem emocionalismos, sem mecanismos, mas uma necessidade veemente da demonstra\u00e7\u00e3o do Espirito e Poder. Os homens est\u00e3o usando muitos mecanismos, muitas t\u00e9cnicas, muita persuas\u00e3o humana, muita teologia e muito pouco ou quase nada de f\u00e9, amor, un\u00e7\u00e3o, fidelidade, integridade e temor a Deus. Tudo mec\u00e2nico, a perceber pela quantidade de pessoas com problemas emocionais, conjugais, familiares, doentes, etc. A teologia n\u00e3o funciona, se funcionasse o mundo estaria salvo, nem os pr\u00f3prios l\u00edderes est\u00e3o sarados. Charles Finney em 1850 j\u00e1 denunciava que n\u00e3o funcionava. Estamos vendo jovens dentro da &#8220;igreja&#8221;, envolvidos com drogas, bebidas, sexo, casais em crise conjugal, pessoas emocionalmente afetas \u00e0 base de tarja preta. Lido com gente de todos os lados, todas as semanas, estou aconselhando casais, pastores, pessoas, algo n\u00e3o est\u00e1 funcionando. Esse sistema de coach, adotado por todos os lados, \u00e9 um modismo que n\u00e3o funciona nem no mundo, muito menos na Igreja. N\u00e3o precisamos de modismos, chega disso, precisamos da Palavra lida, falada, cantada. Precisamos de homens que digam: &#8220;Assim diz o Senhor&#8221;. A palavra \u00e9 insubstitu\u00edvel. \u00c9 poss\u00edvel fazer a palestra sem mostrar o que est\u00e1 no cora\u00e7\u00e3o, j\u00e1 prega\u00e7\u00e3o n\u00e3o. A prega\u00e7\u00e3o \u00e9 falar com a boca do que est\u00e1 cheio o cora\u00e7\u00e3o<\/p>\n<p>Eu creio que hoje \u00e9 preciso pregar o evangelho a 3 tipos de pessoas: aos n\u00e3o salvos, aos salvos, e aos servos de Deus, todos est\u00e3o precisando ouvir o Evangelho para n\u00e3o serem achados in\u00fateis. Ser\u00e1 terr\u00edvel ouvir que pregou o evangelho, curou os enfermos, expulsou os dem\u00f4nios e mesmo assim n\u00e3o e conhecido de Deus. N\u00f3s devemos ser uma \u201ccarta viva de Cristo\u201d. Devemos ser uma carta viva, prof\u00e9tica para a Igreja atual. (Mateus 7:21-23)<\/p>\n<p>Os conceitos da B\u00edblia, podem ser usados atemporalemente, a mesma palavra que foi escrita para um tempo especifico, tem aplica\u00e7\u00f5es para situa\u00e7\u00f5es que podemos passar ou estamos passando. Os profetas de Deus s\u00e3o chamados para falar a respeito da condi\u00e7\u00e3o da Igreja. J\u00e1 h\u00e1 muitos percebendo que h\u00e1 uma palavra rasa demais, sem a vida, sem a gra\u00e7a, porque n\u00e3o houve uma experi\u00eancia. \u00a0Hoje vivemos dias semelhantes aos de Elias, Ezequiel, Daniel, etc., estamos vendo as mesmas caracter\u00edsticas de cada \u00e9poca, n\u00f3s estamos vivendo um resumo de tudo o que passou anteriormente, s\u00f3 que em larga escala, devido ao aumento da humanidade e a quantidade de denomina\u00e7\u00f5es existentes em nossos dias, hoje h\u00e1 tanta &#8220;igreja&#8221; e cada uma com seu \u201cevangelho, seu jesus, e seu espirito\u201d, parece que tudo est\u00e1 bem, mas n\u00e3o est\u00e1, somente a Igreja do Deus vivo essa sim \u00e9 a que importa. Por isso h\u00e1 essa palavra rasa demais, tentaram silenciar os profetas do Senhor e acham que est\u00e3o conseguindo, doce ilus\u00e3o, aguarde o terremoto. Logo teremos esses dias de volta:<\/p>\n<p>O AP\u00d3STOLO PEDRO: Ao ouvirem o discurso de Pedro, &#8220;compungiu-se-lhes o cora\u00e7\u00e3o&#8221; (At 2.37).<\/p>\n<p>FRANCISCO DE ASSIS (S\u00c9CULO 12): &#8220;Suas palavras eram como fogo, perfurando o cora\u00e7\u00e3o.&#8221;<\/p>\n<p>SAVONAROLA (S\u00c9CULO 15): Quando as pessoas ouviam as mensagens de Savonarola, seus &#8220;olhos se envidra\u00e7avam de terror (&#8230;) l\u00e1grimas jorravam de seus olhos; elas batiam no peito e clamavam pela miseric\u00f3rdia de Deus&#8221;. Um famoso estudioso declarou a seu respeito: &#8220;O simples som da voz de Savonarola era como um coice; um calafrio passava pela medula de seus ossos; os cabelos de sua cabe\u00e7a se arrepiavam ao ouvi-lo&#8221;. Outro comenta como seus serm\u00f5es causavam &#8220;tamanho terror e alarde, solu\u00e7os e l\u00e1grimas, que as pessoas atravessavam a rua (&#8230;) mais mortas do que vivas&#8221;.<\/p>\n<p>GILBERT TENNANT (ALIADO DE EDWARDS): Quanto ao minist\u00e9rio de Tennant em Lyma, Connecticut. Muitos tiveram o semblante modificado; seus pensamentos pareciam perturb\u00e1-los e, por isso, seus quadris se afrouxavam, e os joelhos tremiam. Muitos clamavam de afli\u00e7\u00e3o por sua alma. V\u00e1rios homens grandes e robustos ca\u00edam como se um canh\u00e3o tivesse disparado e a bala lhes tivesse atravessado o cora\u00e7\u00e3o.<\/p>\n<p>CHARLES FINNEY (S\u00c9CULO 18): &#8220;Quando ele abria a boca, era como se apontasse uma arma. Quando falava, o bombardeamento tinha in\u00edcio.&#8221;<\/p>\n<p>AS MENSAGENS DE DEUS DEVEM PROCEDER DO CORA\u00c7\u00c3O<\/p>\n<p>Se a mensagem ardente de Deus n\u00e3o estiver no cora\u00e7\u00e3o, como ela poder\u00e1 proceder da boca? Como as mensagens profundas, ardentes e vivas de Deus podem ser-nos reveladas se Deus n\u00e3o entrar nas profundezas do nosso cora\u00e7\u00e3o? O abismo n\u00e3o chama o que \u00e9 vazio, mas o que \u00e9 profundo, isto \u00e9, um outro abismo, assim acontece com o Louvor que \u00e9 a Palavra cantada.<\/p>\n<p>Em nossos dias a Palavra tem que surtir efeito, se n\u00e3o surte e porque h\u00e1 algo com o pregador, ou com a mensagem, ou com quem ouve, mas o problema normalmente est\u00e1 no pregador e na mensagem, no dirigente e no louvor, se o povo n\u00e3o flui no louvor, e sinal que quem ministra est\u00e1 dando o que n\u00e3o tem<\/p>\n<p>Eu vivi durante muitos anos da minha vida num ambiente gigantesco, e conhe\u00e7o bem o sistema, conhe\u00e7o alguns semin\u00e1rios da moda, conhe\u00e7o a teologia adotada, conhe\u00e7o a lei do semear, conhe\u00e7o o conceito dos estudos da fam\u00edlia, etc., tudo muito lindo, podem ir para um extremo a outro, por\u00e9m sem o Espirito a palavra (letra) \u00e9 morta. O Esp\u00edrito \u00e9 sufocado porque s\u00f3 querem ouvir o que lhes agrada, conhe\u00e7o bem o sistema de crescimento implantados por muitos.<\/p>\n<p>Estou desafiando homens de Deus, que t\u00eam falado comigo, a orarem incessantemente nesses dias, pondo a vida em santidade diante de Deus, buscando a Deus de todo o cora\u00e7\u00e3o, porque a oportunidade de ser a diferen\u00e7a chegou, homens comprometidos com Deus, experimentados, surrados, humilhados, testados, que passaram por extensas lutas e provas nos \u00faltimos anos. Vejo, no cora\u00e7\u00e3o deles, um desejo por Deus, que n\u00e3o \u00e9 de hoje, vem de muitos anos que os tenho acompanhado, tiveram momentos de acovardamento, outros de encorajamento, mas, continuam seguindo os princ\u00edpios da Palavra de Deus. Durante um tempo de ora\u00e7\u00e3o pela madrugada a dentro, acordei com uma sensa\u00e7\u00e3o gostosa de paz com Deus e uma can\u00e7\u00e3o no cora\u00e7\u00e3o, de ir a um rio mais profundo, e lembrei de enviar a eles, porque identifiquei o mesmo desejo em seus cora\u00e7\u00f5es:<\/p>\n<p>Leva-me al\u00e9m<\/p>\n<p>Leva-me al\u00e9m<\/p>\n<p>A um n\u00edvel mais profundo<\/p>\n<p>De intimidade contigo \u00f3 Senhor<\/p>\n<p>Ent\u00e3o, \u00e9 hora de tirar os olhos das pessoas, do momento, da situa\u00e7\u00e3o, s\u00f3 obedecer, n\u00e3o criar obst\u00e1culos, porque o alvo est\u00e1 al\u00e9m do v\u00e9u que est\u00e1 cegando nesse momento. Creio que estamos chegando a esse tempo:<\/p>\n<p>Respondendo, ent\u00e3o, Jesus, disse-lhes: Ide e anunciai a Jo\u00e3o o que tendes visto e ouvido:\u00a0 os cegos veem, os coxos andam, os leprosos s\u00e3o purificados, os surdos ouvem, os mortos ressuscitam e aos pobres anuncia-se o evangelho.\u00a0 E bem-aventurado aquele que em mim se n\u00e3o escandalizar. (Lucas 7:22-23)<\/p>\n<p>E volto a insistir: Ent\u00e3o, vereis outra vez a diferen\u00e7a entre o justo e o perverso, entre o que serve a Deus e o que n\u00e3o o serve. (Malaquias 3:18)<\/p>\n<p>ENTENDES O QUE L\u00caS?<\/p>\n","protected":false},"excerpt":{"rendered":"<p>O mundo est\u00e1 em p\u00e2nico, um v\u00edrus (invis\u00edvel, mas real) assola a todas as na\u00e7\u00f5es, pessoas infectadas e<\/p>\n","protected":false},"author":1,"featured_media":65259,"comment_status":"closed","ping_status":"closed","sticky":false,"template":"","format":"standard","meta":{"footnotes":""},"categories":[8],"tags":[57,24,25,17,61,38,29,18,23,32,19,22,72,34,35,46,37,53],"class_list":["post-65254","post","type-post","status-publish","format-standard","has-post-thumbnail","hentry","category-lideranca","tag-aflicoes","tag-apostasia","tag-arrependimento","tag-autoridade","tag-comportamento","tag-cristao","tag-cruz","tag-cuidado","tag-engano","tag-espirito-santo","tag-evangelho","tag-falsos","tag-fe","tag-reconciliacao","tag-reino","tag-santidade","tag-tempo","tag-vendilhoes"],"yoast_head":"<!-- This site is optimized with the Yoast SEO plugin v27.5 - https:\/\/yoast.com\/product\/yoast-seo-wordpress\/ -->\n<title>EST\u00c1 CRISTO DIVIDIDO? - Pr. Jonas Santana<\/title>\n<meta name=\"robots\" content=\"index, follow, max-snippet:-1, max-image-preview:large, max-video-preview:-1\" \/>\n<link rel=\"canonical\" href=\"https:\/\/www.andandonagraca.org\/site\/?p=65254\" \/>\n<meta property=\"og:locale\" content=\"pt_BR\" \/>\n<meta property=\"og:type\" content=\"article\" \/>\n<meta property=\"og:title\" content=\"EST\u00c1 CRISTO DIVIDIDO? - Pr. Jonas Santana\" \/>\n<meta property=\"og:description\" content=\"O mundo est\u00e1 em p\u00e2nico, um v\u00edrus (invis\u00edvel, mas real) assola a todas as na\u00e7\u00f5es, pessoas infectadas e\" \/>\n<meta property=\"og:url\" content=\"https:\/\/www.andandonagraca.org\/site\/?p=65254\" \/>\n<meta property=\"og:site_name\" content=\"Pr. Jonas Santana\" \/>\n<meta property=\"article:publisher\" content=\"https:\/\/www.facebook.com\/andandonagraca\" \/>\n<meta property=\"article:author\" content=\"https:\/\/www.facebook.com\/andandonagraca\" \/>\n<meta property=\"article:published_time\" content=\"2020-03-29T16:35:03+00:00\" \/>\n<meta property=\"article:modified_time\" content=\"2020-03-29T17:19:45+00:00\" \/>\n<meta property=\"og:image\" content=\"https:\/\/www.andandonagraca.org\/site\/wp-content\/uploads\/2020\/03\/kingdom_divide.jpg\" \/>\n\t<meta property=\"og:image:width\" content=\"1024\" \/>\n\t<meta property=\"og:image:height\" content=\"432\" \/>\n\t<meta property=\"og:image:type\" content=\"image\/jpeg\" \/>\n<meta name=\"author\" content=\"Pr. Jonas Santana\" \/>\n<meta name=\"twitter:card\" content=\"summary_large_image\" \/>\n<meta name=\"twitter:label1\" content=\"Escrito por\" \/>\n\t<meta name=\"twitter:data1\" content=\"Pr. Jonas Santana\" \/>\n\t<meta name=\"twitter:label2\" content=\"Est. tempo de leitura\" \/>\n\t<meta name=\"twitter:data2\" content=\"18 minutos\" \/>\n<script type=\"application\/ld+json\" class=\"yoast-schema-graph\">{\"@context\":\"https:\\\/\\\/schema.org\",\"@graph\":[{\"@type\":\"Article\",\"@id\":\"https:\\\/\\\/www.andandonagraca.org\\\/site\\\/?p=65254#article\",\"isPartOf\":{\"@id\":\"https:\\\/\\\/www.andandonagraca.org\\\/site\\\/?p=65254\"},\"author\":{\"name\":\"Pr. Jonas Santana\",\"@id\":\"https:\\\/\\\/www.andandonagraca.org\\\/site\\\/#\\\/schema\\\/person\\\/225d0dedb572d4570a947397af2606ed\"},\"headline\":\"EST\u00c1 CRISTO DIVIDIDO?\",\"datePublished\":\"2020-03-29T16:35:03+00:00\",\"dateModified\":\"2020-03-29T17:19:45+00:00\",\"mainEntityOfPage\":{\"@id\":\"https:\\\/\\\/www.andandonagraca.org\\\/site\\\/?p=65254\"},\"wordCount\":3660,\"image\":{\"@id\":\"https:\\\/\\\/www.andandonagraca.org\\\/site\\\/?p=65254#primaryimage\"},\"thumbnailUrl\":\"https:\\\/\\\/www.andandonagraca.org\\\/site\\\/wp-content\\\/uploads\\\/2020\\\/03\\\/kingdom_divide.jpg\",\"keywords\":[\"afli\u00e7\u00f5es\",\"apostasia\",\"arrependimento\",\"autoridade\",\"comportamento\",\"crist\u00e3o\",\"cruz\",\"cuidado\",\"engano\",\"Esp\u00edrito Santo\",\"evangelho\",\"falsos\",\"f\u00e9\",\"reconcilia\u00e7\u00e3o\",\"reino\",\"santidade\",\"tempo\",\"vendilh\u00f5es\"],\"articleSection\":[\"An\u00e1lise da Igreja Moderna &amp; sua Lideran\u00e7a\"],\"inLanguage\":\"pt-BR\"},{\"@type\":\"WebPage\",\"@id\":\"https:\\\/\\\/www.andandonagraca.org\\\/site\\\/?p=65254\",\"url\":\"https:\\\/\\\/www.andandonagraca.org\\\/site\\\/?p=65254\",\"name\":\"EST\u00c1 CRISTO DIVIDIDO? - Pr. Jonas Santana\",\"isPartOf\":{\"@id\":\"https:\\\/\\\/www.andandonagraca.org\\\/site\\\/#website\"},\"primaryImageOfPage\":{\"@id\":\"https:\\\/\\\/www.andandonagraca.org\\\/site\\\/?p=65254#primaryimage\"},\"image\":{\"@id\":\"https:\\\/\\\/www.andandonagraca.org\\\/site\\\/?p=65254#primaryimage\"},\"thumbnailUrl\":\"https:\\\/\\\/www.andandonagraca.org\\\/site\\\/wp-content\\\/uploads\\\/2020\\\/03\\\/kingdom_divide.jpg\",\"datePublished\":\"2020-03-29T16:35:03+00:00\",\"dateModified\":\"2020-03-29T17:19:45+00:00\",\"author\":{\"@id\":\"https:\\\/\\\/www.andandonagraca.org\\\/site\\\/#\\\/schema\\\/person\\\/225d0dedb572d4570a947397af2606ed\"},\"breadcrumb\":{\"@id\":\"https:\\\/\\\/www.andandonagraca.org\\\/site\\\/?p=65254#breadcrumb\"},\"inLanguage\":\"pt-BR\",\"potentialAction\":[{\"@type\":\"ReadAction\",\"target\":[\"https:\\\/\\\/www.andandonagraca.org\\\/site\\\/?p=65254\"]}]},{\"@type\":\"ImageObject\",\"inLanguage\":\"pt-BR\",\"@id\":\"https:\\\/\\\/www.andandonagraca.org\\\/site\\\/?p=65254#primaryimage\",\"url\":\"https:\\\/\\\/www.andandonagraca.org\\\/site\\\/wp-content\\\/uploads\\\/2020\\\/03\\\/kingdom_divide.jpg\",\"contentUrl\":\"https:\\\/\\\/www.andandonagraca.org\\\/site\\\/wp-content\\\/uploads\\\/2020\\\/03\\\/kingdom_divide.jpg\",\"width\":1024,\"height\":432},{\"@type\":\"BreadcrumbList\",\"@id\":\"https:\\\/\\\/www.andandonagraca.org\\\/site\\\/?p=65254#breadcrumb\",\"itemListElement\":[{\"@type\":\"ListItem\",\"position\":1,\"name\":\"In\u00edcio\",\"item\":\"https:\\\/\\\/www.andandonagraca.org\\\/site\"},{\"@type\":\"ListItem\",\"position\":2,\"name\":\"EST\u00c1 CRISTO DIVIDIDO?\"}]},{\"@type\":\"WebSite\",\"@id\":\"https:\\\/\\\/www.andandonagraca.org\\\/site\\\/#website\",\"url\":\"https:\\\/\\\/www.andandonagraca.org\\\/site\\\/\",\"name\":\"Pr. Jonas Santana\",\"description\":\"ANDANDO NA GRA\u00c7A - AEMSF\",\"potentialAction\":[{\"@type\":\"SearchAction\",\"target\":{\"@type\":\"EntryPoint\",\"urlTemplate\":\"https:\\\/\\\/www.andandonagraca.org\\\/site\\\/?s={search_term_string}\"},\"query-input\":{\"@type\":\"PropertyValueSpecification\",\"valueRequired\":true,\"valueName\":\"search_term_string\"}}],\"inLanguage\":\"pt-BR\"},{\"@type\":\"Person\",\"@id\":\"https:\\\/\\\/www.andandonagraca.org\\\/site\\\/#\\\/schema\\\/person\\\/225d0dedb572d4570a947397af2606ed\",\"name\":\"Pr. Jonas Santana\",\"image\":{\"@type\":\"ImageObject\",\"inLanguage\":\"pt-BR\",\"@id\":\"https:\\\/\\\/secure.gravatar.com\\\/avatar\\\/7f463b781f71522d52f2ff3dae3592f9f7b0e24187fc413b95cd3efa8429de28?s=96&d=mm&r=g\",\"url\":\"https:\\\/\\\/secure.gravatar.com\\\/avatar\\\/7f463b781f71522d52f2ff3dae3592f9f7b0e24187fc413b95cd3efa8429de28?s=96&d=mm&r=g\",\"contentUrl\":\"https:\\\/\\\/secure.gravatar.com\\\/avatar\\\/7f463b781f71522d52f2ff3dae3592f9f7b0e24187fc413b95cd3efa8429de28?s=96&d=mm&r=g\",\"caption\":\"Pr. Jonas Santana\"},\"description\":\"Pastor, pesquisador b\u00edblico, pregador do Evangelho do Reino A fidelidade requer que entreguemos o evangelho sob todos os \u00e2ngulos, sem omitir nada e sem exagerar em nada. Para isto requer-se muita sabedoria. Nosso desejo \u00e9 compartilhar a sabedoria do Reino de Deus a todos aqueles que o desejam de todo o cora\u00e7\u00e3o.\",\"sameAs\":[\"https:\\\/\\\/www.andandonagraca.org\",\"https:\\\/\\\/www.facebook.com\\\/andandonagraca\",\"https:\\\/\\\/www.instagram.com\\\/andandonagraca\\\/\",\"https:\\\/\\\/www.youtube.com\\\/@andandonagraca\",\"https:\\\/\\\/podcasters.spotify.com\\\/pod\\\/show\\\/andandonagraca\\\/\"],\"url\":\"https:\\\/\\\/www.andandonagraca.org\\\/site\\\/?author=1\"}]}<\/script>\n<!-- \/ Yoast SEO plugin. -->","yoast_head_json":{"title":"EST\u00c1 CRISTO DIVIDIDO? - Pr. Jonas Santana","robots":{"index":"index","follow":"follow","max-snippet":"max-snippet:-1","max-image-preview":"max-image-preview:large","max-video-preview":"max-video-preview:-1"},"canonical":"https:\/\/www.andandonagraca.org\/site\/?p=65254","og_locale":"pt_BR","og_type":"article","og_title":"EST\u00c1 CRISTO DIVIDIDO? - Pr. Jonas Santana","og_description":"O mundo est\u00e1 em p\u00e2nico, um v\u00edrus (invis\u00edvel, mas real) assola a todas as na\u00e7\u00f5es, pessoas infectadas e","og_url":"https:\/\/www.andandonagraca.org\/site\/?p=65254","og_site_name":"Pr. Jonas Santana","article_publisher":"https:\/\/www.facebook.com\/andandonagraca","article_author":"https:\/\/www.facebook.com\/andandonagraca","article_published_time":"2020-03-29T16:35:03+00:00","article_modified_time":"2020-03-29T17:19:45+00:00","og_image":[{"width":1024,"height":432,"url":"https:\/\/www.andandonagraca.org\/site\/wp-content\/uploads\/2020\/03\/kingdom_divide.jpg","type":"image\/jpeg"}],"author":"Pr. Jonas Santana","twitter_card":"summary_large_image","twitter_misc":{"Escrito por":"Pr. Jonas Santana","Est. tempo de leitura":"18 minutos"},"schema":{"@context":"https:\/\/schema.org","@graph":[{"@type":"Article","@id":"https:\/\/www.andandonagraca.org\/site\/?p=65254#article","isPartOf":{"@id":"https:\/\/www.andandonagraca.org\/site\/?p=65254"},"author":{"name":"Pr. Jonas Santana","@id":"https:\/\/www.andandonagraca.org\/site\/#\/schema\/person\/225d0dedb572d4570a947397af2606ed"},"headline":"EST\u00c1 CRISTO DIVIDIDO?","datePublished":"2020-03-29T16:35:03+00:00","dateModified":"2020-03-29T17:19:45+00:00","mainEntityOfPage":{"@id":"https:\/\/www.andandonagraca.org\/site\/?p=65254"},"wordCount":3660,"image":{"@id":"https:\/\/www.andandonagraca.org\/site\/?p=65254#primaryimage"},"thumbnailUrl":"https:\/\/www.andandonagraca.org\/site\/wp-content\/uploads\/2020\/03\/kingdom_divide.jpg","keywords":["afli\u00e7\u00f5es","apostasia","arrependimento","autoridade","comportamento","crist\u00e3o","cruz","cuidado","engano","Esp\u00edrito Santo","evangelho","falsos","f\u00e9","reconcilia\u00e7\u00e3o","reino","santidade","tempo","vendilh\u00f5es"],"articleSection":["An\u00e1lise da Igreja Moderna &amp; sua Lideran\u00e7a"],"inLanguage":"pt-BR"},{"@type":"WebPage","@id":"https:\/\/www.andandonagraca.org\/site\/?p=65254","url":"https:\/\/www.andandonagraca.org\/site\/?p=65254","name":"EST\u00c1 CRISTO DIVIDIDO? - Pr. Jonas Santana","isPartOf":{"@id":"https:\/\/www.andandonagraca.org\/site\/#website"},"primaryImageOfPage":{"@id":"https:\/\/www.andandonagraca.org\/site\/?p=65254#primaryimage"},"image":{"@id":"https:\/\/www.andandonagraca.org\/site\/?p=65254#primaryimage"},"thumbnailUrl":"https:\/\/www.andandonagraca.org\/site\/wp-content\/uploads\/2020\/03\/kingdom_divide.jpg","datePublished":"2020-03-29T16:35:03+00:00","dateModified":"2020-03-29T17:19:45+00:00","author":{"@id":"https:\/\/www.andandonagraca.org\/site\/#\/schema\/person\/225d0dedb572d4570a947397af2606ed"},"breadcrumb":{"@id":"https:\/\/www.andandonagraca.org\/site\/?p=65254#breadcrumb"},"inLanguage":"pt-BR","potentialAction":[{"@type":"ReadAction","target":["https:\/\/www.andandonagraca.org\/site\/?p=65254"]}]},{"@type":"ImageObject","inLanguage":"pt-BR","@id":"https:\/\/www.andandonagraca.org\/site\/?p=65254#primaryimage","url":"https:\/\/www.andandonagraca.org\/site\/wp-content\/uploads\/2020\/03\/kingdom_divide.jpg","contentUrl":"https:\/\/www.andandonagraca.org\/site\/wp-content\/uploads\/2020\/03\/kingdom_divide.jpg","width":1024,"height":432},{"@type":"BreadcrumbList","@id":"https:\/\/www.andandonagraca.org\/site\/?p=65254#breadcrumb","itemListElement":[{"@type":"ListItem","position":1,"name":"In\u00edcio","item":"https:\/\/www.andandonagraca.org\/site"},{"@type":"ListItem","position":2,"name":"EST\u00c1 CRISTO DIVIDIDO?"}]},{"@type":"WebSite","@id":"https:\/\/www.andandonagraca.org\/site\/#website","url":"https:\/\/www.andandonagraca.org\/site\/","name":"Pr. Jonas Santana","description":"ANDANDO NA GRA\u00c7A - AEMSF","potentialAction":[{"@type":"SearchAction","target":{"@type":"EntryPoint","urlTemplate":"https:\/\/www.andandonagraca.org\/site\/?s={search_term_string}"},"query-input":{"@type":"PropertyValueSpecification","valueRequired":true,"valueName":"search_term_string"}}],"inLanguage":"pt-BR"},{"@type":"Person","@id":"https:\/\/www.andandonagraca.org\/site\/#\/schema\/person\/225d0dedb572d4570a947397af2606ed","name":"Pr. Jonas Santana","image":{"@type":"ImageObject","inLanguage":"pt-BR","@id":"https:\/\/secure.gravatar.com\/avatar\/7f463b781f71522d52f2ff3dae3592f9f7b0e24187fc413b95cd3efa8429de28?s=96&d=mm&r=g","url":"https:\/\/secure.gravatar.com\/avatar\/7f463b781f71522d52f2ff3dae3592f9f7b0e24187fc413b95cd3efa8429de28?s=96&d=mm&r=g","contentUrl":"https:\/\/secure.gravatar.com\/avatar\/7f463b781f71522d52f2ff3dae3592f9f7b0e24187fc413b95cd3efa8429de28?s=96&d=mm&r=g","caption":"Pr. Jonas Santana"},"description":"Pastor, pesquisador b\u00edblico, pregador do Evangelho do Reino A fidelidade requer que entreguemos o evangelho sob todos os \u00e2ngulos, sem omitir nada e sem exagerar em nada. Para isto requer-se muita sabedoria. Nosso desejo \u00e9 compartilhar a sabedoria do Reino de Deus a todos aqueles que o desejam de todo o cora\u00e7\u00e3o.","sameAs":["https:\/\/www.andandonagraca.org","https:\/\/www.facebook.com\/andandonagraca","https:\/\/www.instagram.com\/andandonagraca\/","https:\/\/www.youtube.com\/@andandonagraca","https:\/\/podcasters.spotify.com\/pod\/show\/andandonagraca\/"],"url":"https:\/\/www.andandonagraca.org\/site\/?author=1"}]}},"_links":{"self":[{"href":"https:\/\/www.andandonagraca.org\/site\/index.php?rest_route=\/wp\/v2\/posts\/65254","targetHints":{"allow":["GET"]}}],"collection":[{"href":"https:\/\/www.andandonagraca.org\/site\/index.php?rest_route=\/wp\/v2\/posts"}],"about":[{"href":"https:\/\/www.andandonagraca.org\/site\/index.php?rest_route=\/wp\/v2\/types\/post"}],"author":[{"embeddable":true,"href":"https:\/\/www.andandonagraca.org\/site\/index.php?rest_route=\/wp\/v2\/users\/1"}],"replies":[{"embeddable":true,"href":"https:\/\/www.andandonagraca.org\/site\/index.php?rest_route=%2Fwp%2Fv2%2Fcomments&post=65254"}],"version-history":[{"count":0,"href":"https:\/\/www.andandonagraca.org\/site\/index.php?rest_route=\/wp\/v2\/posts\/65254\/revisions"}],"wp:featuredmedia":[{"embeddable":true,"href":"https:\/\/www.andandonagraca.org\/site\/index.php?rest_route=\/wp\/v2\/media\/65259"}],"wp:attachment":[{"href":"https:\/\/www.andandonagraca.org\/site\/index.php?rest_route=%2Fwp%2Fv2%2Fmedia&parent=65254"}],"wp:term":[{"taxonomy":"category","embeddable":true,"href":"https:\/\/www.andandonagraca.org\/site\/index.php?rest_route=%2Fwp%2Fv2%2Fcategories&post=65254"},{"taxonomy":"post_tag","embeddable":true,"href":"https:\/\/www.andandonagraca.org\/site\/index.php?rest_route=%2Fwp%2Fv2%2Ftags&post=65254"}],"curies":[{"name":"wp","href":"https:\/\/api.w.org\/{rel}","templated":true}]}}