{"id":65518,"date":"2020-10-23T09:34:01","date_gmt":"2020-10-23T12:34:01","guid":{"rendered":"https:\/\/www.andandonagraca.org\/site\/?p=65518"},"modified":"2020-10-23T09:55:04","modified_gmt":"2020-10-23T12:55:04","slug":"as-marcas-do-ministro-cristao","status":"publish","type":"post","link":"https:\/\/www.andandonagraca.org\/site\/?p=65518","title":{"rendered":"AS MARCAS DO MINISTRO CRIST\u00c3O"},"content":{"rendered":"<p>Refer\u00eancia: 1 COR\u00cdNTIOS 4:1-21<\/p>\n<p>INTRODU\u00c7\u00c3O:<\/p>\n<p>\u2022 No cap\u00edtulo 1, Paulo fala sobre tr\u00eas aspectos do chamado crist\u00e3o: fomos chamados para a santidade, para a comunh\u00e3o de Cristo e para glorificarmos a Deus.<\/p>\n<p>\u2022 No cap\u00edtulo 2, Paulo fala sobre tr\u00eas aspectos do evangelho: foi planejado por Deus na eternidade, \u00e9 centralizado na morte de Cristo e \u00e9 aplicado pelo Esp\u00edrito Santo.<\/p>\n<p>\u2022 No cap\u00edtulo 3, Paulo apresenta tr\u00eas figuras da igreja: ela \u00e9 uma fam\u00edlia, cujo alvo \u00e9 a maturidade. Ela \u00e9 um campo, cujo alvo \u00e9 a quantidade e ela \u00e9 um templo, cujo alvo \u00e9 a qualidade. Para a fam\u00edlia a Palavra \u00e9 o alimento, para o campo \u00e9 a semente e para o templo \u00e9 o material de constru\u00e7\u00e3o.<\/p>\n<p>\u2022 No cap\u00edtulo 4, Paulo apresenta tr\u00eas figuras sobre o ministro crist\u00e3o: Ele \u00e9 um mordomo que deve demonstrar fidelidade. Ele \u00e9 um espet\u00e1culo para o momento que deve revelar humildade, e ele \u00e9 um Pai que deve refletir do\u00e7ura.<\/p>\n<p>I. O MINISTRO \u00c9 UM MORDOMO FIEL \u2013 V. 1-6<\/p>\n<p>\u2022 Os cor\u00edntios estavam se concentrando em homens, prestando fidelidade a homens e n\u00e3o a Deus. Assim, estavam imitando o mundo. Paulo, ent\u00e3o, ensina-os qual \u00e9 o perfil do ministro crist\u00e3o.<\/p>\n<p>1. O ministro \u00e9 um servo que trabalha sob as ordens do capit\u00e3o \u2013 v. 1<\/p>\n<p>\u2022 A palavra ministro no portugu\u00eas n\u00e3o retrata o seu significado na l\u00edngua grega. Ministro \u00e9 um trabalho de primeiro escal\u00e3o ou um l\u00edder que ocupa lugar de primazia na igreja. Mas a palavra que Paulo usa aqui \u00e9 huperetas que significa o remador de gal\u00e9s. O ministro n\u00e3o \u00e9 o chefe de um grupo, o dono da igreja ou capit\u00e3o do navio, mas o escravo que obedece as ordens do capit\u00e3o, remando no por\u00e3o mais inferior dos grandes navios romanos. Os huperetas eram os escravos condenados \u00e0 morte.<\/p>\n<p>2. O ministro \u00e9 um mordomo que obedece \u00e0s ordens do seu senhor \u2013 v. 1<\/p>\n<p>\u2022 Paulo usa a palavra oikonomos. O ministro \u00e9 despenseiro, aquele que toma conta da casa do seu senhor (Jos\u00e9 do Egito). Em rela\u00e7\u00e3o ao dono da casa ele era escravo. Em rela\u00e7\u00e3o aos outros servi\u00e7ais, ele era o superintendente.<\/p>\n<p>\u2022 Sua fun\u00e7\u00e3o era cuidar dos interesses do seu senhor. Ele cuidava da alimenta\u00e7\u00e3o da casa: \u201cOs mist\u00e9rios de Deus \u00e9 o evangelho, a Palavra de Deus\u201d.<\/p>\n<p>a)\u00a0\u00a0\u00a0\u00a0\u00a0 N\u00e3o era sua fun\u00e7\u00e3o prover o alimento \u2013 Assim tamb\u00e9m, como ministros, n\u00e3o somos chamados para prover o alimento. O alimento j\u00e1 foi providenciado: \u00e9 a Palavra de Deus. N\u00e3o temos outro evangelho. N\u00e3o temos outra mensagem. N\u00e3o temos outro alimento. Ilustra\u00e7\u00e3o: O perigo da morte na panela.<\/p>\n<p>b)\u00a0\u00a0\u00a0\u00a0\u00a0 N\u00e3o era sua fun\u00e7\u00e3o servir nenhum alimento que n\u00e3o tenha sido provido pelo senhor. N\u00e3o recebemos mensagens novas, mas damos ao povo o conte\u00fado da Palavra de Deus j\u00e1 revelada. O ministro n\u00e3o \u00e9 um fil\u00f3sofo que cria a sua pr\u00f3pria filosofia como Plat\u00e3o e Arist\u00f3teles.<\/p>\n<p>c)\u00a0\u00a0\u00a0\u00a0\u00a0 Sua fun\u00e7\u00e3o era servir as mesas com integridade \u2013 O mordomo n\u00e3o pode:<\/p>\n<ul>\n<li>Mudar o alimento;<\/li>\n<li>Adulterar o alimento;<\/li>\n<li>Acrescentar o alimento;<\/li>\n<li>Reter o alimento.<\/li>\n<\/ul>\n<p>3. A responsabilidade do ministro como mordomo \u00e9 ser fiel ao seu senhor \u2013 v. 2<\/p>\n<p>\u2022 A fun\u00e7\u00e3o do mordomo n\u00e3o era agradar \u00e0s demais pessoas da casa nem muito menos aos outros servos, mas ao seu Senhor.<\/p>\n<p>\u2022 O papel do mordomo n\u00e3o \u00e9 ser popular nem bem sucedido, mas fiel. O crit\u00e9rio de Deus n\u00e3o \u00e9 nem o sucesso nem a popularidade, mas a fidelidade.<\/p>\n<ul>\n<li>Fiel ao seu senhor;<\/li>\n<li>Fiel \u00e0 sua miss\u00e3o: alimentar a fam\u00edlia;<\/li>\n<li>Fiel ao povo ao qual ministra, n\u00e3o lhes sonegando o evangelho.<\/li>\n<\/ul>\n<p>4. H\u00e1 tr\u00eas tipos de julgamento na vida do ministro como mordomo \u2013 v. 3-6<\/p>\n<p>4.1. O julgamento dos homens \u2013 v. 3a \u2013 O julgamento dos homens n\u00e3o \u00e9 o mais importante. N\u00e3o estamos servindo a homens, mas a Cristo.<\/p>\n<p>4.2. O julgamento da consci\u00eancia \u2013 v. 3b-4 \u2013 Os fil\u00f3sofos gregos e romanos (Plat\u00e3o e S\u00eaneca) consideravam a consci\u00eancia como o juiz m\u00e1ximo do homem. Para Paulo, apenas Deus pode s\u00ea-lo. Nossa consci\u00eancia n\u00e3o \u00e9 totalmente confi\u00e1vel. Podemos ser justificados por ela e condenados por Deus. Algumas vezes, n\u00f3s n\u00e3o nos conhecemos a n\u00f3s mesmos.<\/p>\n<p>4.3. O julgamento de Deus = v. 4b \u2013 O ju\u00edzo de Deus \u00e9 final, porque s\u00f3 Deus conhece:<\/p>\n<ul>\n<li>Todas as circunst\u00e2ncias;<\/li>\n<li>Todas as motiva\u00e7\u00f5es.<\/li>\n<\/ul>\n<p>5. H\u00e1 tr\u00eas tipos de repreens\u00f5es \u00e0 igreja em rela\u00e7\u00e3o aos ministros \u2013 v. 5-6<\/p>\n<p>a)\u00a0\u00a0\u00a0\u00a0\u00a0 Julgar os servos de Deus no tempo errado \u2013 v. 5 \u2013 Somente na segunda vinda de Cristo o julgamento ser\u00e1 final e completo, porque s\u00f3 ele conhece o cora\u00e7\u00e3o e a motiva\u00e7\u00e3o das pessoas. Ele julga n\u00e3o pela apar\u00eancia, porque ele v\u00ea o cora\u00e7\u00e3o (1 Samuel 16:7).<\/p>\n<p>b)\u00a0\u00a0\u00a0\u00a0\u00a0 Julgar os servos de Deus pelo crit\u00e9rio errado \u2013 v. 6 \u2013 Os cor\u00edntios estavam julgamento Paulo, Apolo, Pedro por suas prefer\u00eancias e preconceitos. A \u00fanica base de avalia\u00e7\u00e3o \u00e9 a Palavra de Deus e n\u00e3o nossas opini\u00f5es. N\u00e3o superestime os ministros al\u00e9m da medida das Escrituras.<\/p>\n<p>c)\u00a0\u00a0\u00a0\u00a0\u00a0 Julgar os servos de Deus com a motiva\u00e7\u00e3o errada \u2013 v. 6b \u2013 Cada grupo na igreja de Corinto, estava jogando a baixo os outros pregadores para levantar o seu. Estava existindo um esp\u00edrito de competi\u00e7\u00e3o e disputa. Paulo exorta a igreja que n\u00e3o abasta apenas uma prega\u00e7\u00e3o fiel, mas tamb\u00e9m uma pr\u00e1tica fiel.<\/p>\n<p>II. O MINISTRO \u00c9 UM ESPET\u00c1CULO AO MUNDO \u2013 HUMILDADE- V. 7-13<\/p>\n<p>\u2022 Paulo usa uma imagem muito familiar para o povo do imp\u00e9rio romano. O governo entretinha o povo, apresentando espet\u00e1culos nos anfiteatros nas v\u00e1rias cidades do imp\u00e9rio. A palavra espet\u00e1culo deu origem \u00e0 nossa palavra teatro (teatron). O coliseu romano tornou-se o centro desses espet\u00e1culos, onde os crist\u00e3os eram colocados para lutar com feras e serem expostos \u00e0 morte. Esta \u00e9 a figura que Paulo evoca para os ap\u00f3stolos de Cristo. Os ministros n\u00e3o est\u00e3o no p\u00f3dio para os aplausos dos homens, mas na arena do teatro, para ser entregue \u00e0 morte.<\/p>\n<p>Paulo usa alguns contrastes:<\/p>\n<p>1. Reis e prisioneiros \u2013 v. 7-9<\/p>\n<p>\u2022 Os cor\u00edntios pensavam que eles eram uma igreja de muito sucesso, muito madura e eficiente. Eles estavam satisfeitos com a sua espiritualidade. Estavam achando que tinha tudo. Estavam cheios de vangl\u00f3ria \u2013 v. 7. Por isso a ironia de Paulo no verso 8: \u201cJ\u00e1 estais fartos, j\u00e1 estais ricos, chegastes a reinar\u2026\u201d. Eles estavam como a igreja de Laodic\u00e9ia. Eles tinham um alto conceito de si mesmos. Ilustra\u00e7\u00e3o: Um jovem pregador disse para o seu colega: Por favor, ore por mim para que eu seja sempre humilde. O colega respondeu: Diga-me o que \u00e9 que voc\u00ea tem que pode lhe fazer orgulhoso?<\/p>\n<p>\u2022 A teologia da gl\u00f3ria \u00e9 precedida pela teologia da cruz. Nosso lema deve ser o de Jo\u00e3o Batista: Conv\u00e9m que Cristo cres\u00e7a e que eu diminua.<\/p>\n<p>\u2022 Aos olhos de Deus os ap\u00f3stolos s\u00e3o primeiro (1 Cor\u00edntios 12:28), mas aos olhos do mundo eles s\u00e3o os \u00faltimos.<\/p>\n<p>\u2022 Somos espet\u00e1culo ao mundo (seres racionais). Nossa vida est\u00e1 sendo observada por homens e anjos. Mas somos jogados nas arenas para enfrentar a pr\u00f3pria morte, como escravos condenados. Esse \u00e9 o contexto com que Paulo fala.<\/p>\n<p>\u2022. H\u00e1 tr\u00eas princ\u00edpios na met\u00e1fora Reis-escravos condenados:<\/p>\n<ul>\n<li>Se estamos sendo aben\u00e7oados, outros est\u00e3o sendo esbofeteados;<\/li>\n<li>Se estamos sendo esbofeteados, isso vai aben\u00e7oar outras pessoas;<\/li>\n<li>Todos os crist\u00e3os s\u00e3o ao mesmo tempo reis e prisioneiros sentenciados \u00e0 morte. Somos ricos em Cristo e desprezados pelo mundo. Jamais alcan\u00e7aremos a bem-aventuran\u00e7a plena aqui. Ainda somos humanos. Ainda estamos no mundo. Ainda somos mortais. Ainda estamos expostos ao pecado, ao mundo e ao diabo. Existe vit\u00f3ria, poder, cura, orienta\u00e7\u00e3o, salva\u00e7\u00e3o \u2013 mas ainda n\u00e3o chegamos \u00e0 perfei\u00e7\u00e3o. Vivemos em dois mundos. Ainda h\u00e1 tens\u00e3o e contrastes.<\/li>\n<\/ul>\n<p>2. S\u00e1bios e loucos \u2013 v. 10\u00aa<\/p>\n<p>\u2022 Paulo era louco de acordo com o crit\u00e9rio dos homens. Ele abandonou seu status, sua posi\u00e7\u00e3o, suas vantagens (Filipenses 3:4-16). Mas na verdade os cor\u00edntios que se consideravam s\u00e1bios aos seus pr\u00f3prios olhos, eram tolos aos olhos de Deus.<\/p>\n<p>\u2022 O caminho para se tornar espiritualmente s\u00e1bio \u00e9 tornar-se tolo aos olhos do mundo (3:18). O m\u00e1rtir do Cristianismo Jim Elliot disse: \u201cN\u00e3o \u00e9 tolo aquele que d\u00e1 o que n\u00e3o pode reter para ganhar o que n\u00e3o poder perder.\u201d<\/p>\n<p>3. Fortes e fracos \u2013 v. 10b<\/p>\n<p>\u2022 Houve um momento em que Paulo confiou na sua for\u00e7a (Filipenses 3), mas depois que Cristo o salvou, ele passou a gloriar-se apenas em sua fraqueza (2 Cor\u00edntios 12:7-10).<br \/>\n\u2022 Os cor\u00edntios estavam cheios de orgulho por causa da sua espiritualidade, mas isso era consumada fraqueza aos olhos de Deus. N\u00e3o h\u00e1 poder onde Deus n\u00e3o recebe a gl\u00f3ria. \u201cO meu poder se aperfei\u00e7oa na fraqueza.\u201d<\/p>\n<p>4. Honrados e desprezados \u2013 v. 10c-13<\/p>\n<p>\u2022 Os crentes de Corinto queriam gl\u00f3ria que vinha dos homens. Eles se achavam importantes por estarem associados a homens famosos. Mas Paulo lhes diz que os ap\u00f3stolos n\u00e3o s\u00e3o nobres, mas desprezados.<\/p>\n<p>\u2022 Eles sofrem priva\u00e7\u00f5es \u2013 v. 11<\/p>\n<p>\u2022 Eles sofrem maus tratos \u2013 v. 11b,12b,13<\/p>\n<p>\u2022 Eles sofrem o pior dos preconceitos \u2013 v. 13<\/p>\n<p>\u2022 Assim foi tratado Jesus e assim foram tratados os ap\u00f3stolos. Eles estavam prontos a trabalhar e prontos a sofrer. O grande estandarte deles era ser fiel e n\u00e3o popular.<\/p>\n<p>III. O MINISTRO \u00c9 UM PAI \u2013 TERNURA \u2013 V. 14-21<\/p>\n<p>\u2022 Paulo j\u00e1 tinha comparado a igreja local a uma fam\u00edlia (3:1-4), mas agora sua \u00eanfase \u00e9 sobre o ministro como um pai espiritual.<\/p>\n<p>\u2022 A severidade de Paulo d\u00e1 lugar \u00e0 ternura. Ele agora se dirige \u00e0 igreja como um pai aos seus filhos. Ele ensina que o ministro na qualidade de pai faz algumas coisas:<\/p>\n<ul>\n<li>O pai \u00e9 aquele que gera os crentes pelo evangelho \u2013 v. 14-15<\/li>\n<\/ul>\n<p>\u2022 Os crentes de Corinto tinham muitos preceptores paidagogos (escravos encarregados de levar as crian\u00e7as \u00e0 escola, aos mestres), mas somente ele, (Paulo), os tinha gerado em Cristo. Paulo os levou a Cristo, ganhou-os para Jesus. Somente conhecem o amor de pai e m\u00e3e aqueles que j\u00e1 t\u00eam essa experi\u00eancia. Paulo n\u00e3o lida com os crentes de forma profissional, mas como um pai que os gerou.<\/p>\n<p>\u2022 O pai tem um especial relacionamento com os filhos.<\/p>\n<ul>\n<li>O pai \u00e9 aquele que \u00e9 um exemplo para a fam\u00edlia \u2013 v. 16-17<\/li>\n<\/ul>\n<p>\u2022 A palavra \u201cimitadores\u201d \u00e9 mimetai. Os filhos aprendem primeiro pelo exemplo, depois pela explana\u00e7\u00e3o. O exemplo n\u00e3o \u00e9 apenas uma forma de ensinar, mas a \u00fanica forma eficaz.<\/p>\n<p>\u2022 Paulo era um bom exemplo (11:1), porque ele foi seguidor do supremo exemplo, Jesus Cristo.<\/p>\n<ul>\n<li>O pai \u00e9 aquele que \u00e9 fiel em disciplinar a fam\u00edlia \u2013 v. 18-21<\/li>\n<\/ul>\n<p>\u2022 A toler\u00e2ncia de Paulo tinha limites. Agora, ele est\u00e1 pronto a disciplinar os crentes de Corinto. Paulo n\u00e3o era semelhante \u00e0quele pai indulgente que diz para o filho: \u201cesta \u00e9 a \u00faltima vez que eu falo com voc\u00ea pela \u00faltima vez\u201d. O pai n\u00e3o apenas d\u00e1 exemplo e ensina, mas tamb\u00e9m disciplina os filhos quando eles se tornam rebeldes. Ilustra\u00e7\u00e3o: \u00c1 \u00e1guia.<\/p>\n<p>\u2022 Paulo contrasta (4:19-20) discurso e poder, palavras e obras. Os crentes de Corinto n\u00e3o tinham problema com discursos pomposos, mas n\u00e3o tinham poder. Falavam, mas n\u00e3o viviam. Havia um abismo entre o que falavam e o que praticavam.<\/p>\n<ul>\n<li>O pai \u00e9 aquele que d\u00e1 afeto e carinho \u2013 v. 14,21<\/li>\n<\/ul>\n<p>\u2022 Paulo era um pai capaz de sofrer as dores de parto, capaz de exortar dia e noite com l\u00e1grimas, como ama que acaricia os filhos, como pai que prefere ir aos filhos com ternura em vez de ir com a vara.<\/p>\n<p>CONCLUS\u00c3O:<\/p>\n<ol>\n<li>Como ministros somos mordomos e Deus espera de n\u00f3s fidelidade.<\/li>\n<li>Como ministros somos espet\u00e1culo ao mundo e precisamos ser humildes.<\/li>\n<li>Mas tamb\u00e9m como ministros somos pais e devemos ter profundo amor pela igreja de Deus.<\/li>\n<\/ol>\n<p style=\"text-align: center;\"><iframe loading=\"lazy\" src=\"https:\/\/www.youtube.com\/embed\/avMvoQwF5Xs\" width=\"560\" height=\"315\" frameborder=\"0\" allowfullscreen=\"allowfullscreen\"><\/iframe><\/p>\n","protected":false},"excerpt":{"rendered":"<p>Refer\u00eancia: 1 COR\u00cdNTIOS 4:1-21 INTRODU\u00c7\u00c3O: \u2022 No cap\u00edtulo 1, Paulo fala sobre tr\u00eas aspectos do chamado crist\u00e3o: fomos<\/p>\n","protected":false},"author":1,"featured_media":65524,"comment_status":"open","ping_status":"open","sticky":false,"template":"","format":"standard","meta":{"footnotes":""},"categories":[8],"tags":[17,61,38,18,30,53],"class_list":["post-65518","post","type-post","status-publish","format-standard","has-post-thumbnail","hentry","category-lideranca","tag-autoridade","tag-comportamento","tag-cristao","tag-cuidado","tag-mordomia","tag-vendilhoes"],"yoast_head":"<!-- This site is optimized with the Yoast SEO plugin v27.5 - https:\/\/yoast.com\/product\/yoast-seo-wordpress\/ -->\n<title>AS MARCAS DO MINISTRO CRIST\u00c3O - Pr. Jonas Santana<\/title>\n<meta name=\"robots\" content=\"index, follow, max-snippet:-1, max-image-preview:large, max-video-preview:-1\" \/>\n<link rel=\"canonical\" href=\"https:\/\/www.andandonagraca.org\/site\/?p=65518\" \/>\n<meta property=\"og:locale\" content=\"pt_BR\" \/>\n<meta property=\"og:type\" content=\"article\" \/>\n<meta property=\"og:title\" content=\"AS MARCAS DO MINISTRO CRIST\u00c3O - Pr. Jonas Santana\" \/>\n<meta property=\"og:description\" content=\"Refer\u00eancia: 1 COR\u00cdNTIOS 4:1-21 INTRODU\u00c7\u00c3O: \u2022 No cap\u00edtulo 1, Paulo fala sobre tr\u00eas aspectos do chamado crist\u00e3o: fomos\" \/>\n<meta property=\"og:url\" content=\"https:\/\/www.andandonagraca.org\/site\/?p=65518\" \/>\n<meta property=\"og:site_name\" content=\"Pr. Jonas Santana\" \/>\n<meta property=\"article:publisher\" content=\"https:\/\/www.facebook.com\/andandonagraca\" \/>\n<meta property=\"article:author\" content=\"https:\/\/www.facebook.com\/andandonagraca\" \/>\n<meta property=\"article:published_time\" content=\"2020-10-23T12:34:01+00:00\" \/>\n<meta property=\"article:modified_time\" content=\"2020-10-23T12:55:04+00:00\" \/>\n<meta property=\"og:image\" content=\"https:\/\/www.andandonagraca.org\/site\/wp-content\/uploads\/2020\/10\/PreacherandBible.jpg\" \/>\n\t<meta property=\"og:image:width\" content=\"1600\" \/>\n\t<meta property=\"og:image:height\" content=\"1063\" \/>\n\t<meta property=\"og:image:type\" content=\"image\/jpeg\" \/>\n<meta name=\"author\" content=\"Pr. Jonas Santana\" \/>\n<meta name=\"twitter:card\" content=\"summary_large_image\" \/>\n<meta name=\"twitter:label1\" content=\"Escrito por\" \/>\n\t<meta name=\"twitter:data1\" content=\"Pr. Jonas Santana\" \/>\n\t<meta name=\"twitter:label2\" content=\"Est. tempo de leitura\" \/>\n\t<meta name=\"twitter:data2\" content=\"10 minutos\" \/>\n<script type=\"application\/ld+json\" class=\"yoast-schema-graph\">{\"@context\":\"https:\\\/\\\/schema.org\",\"@graph\":[{\"@type\":\"Article\",\"@id\":\"https:\\\/\\\/www.andandonagraca.org\\\/site\\\/?p=65518#article\",\"isPartOf\":{\"@id\":\"https:\\\/\\\/www.andandonagraca.org\\\/site\\\/?p=65518\"},\"author\":{\"name\":\"Pr. Jonas Santana\",\"@id\":\"https:\\\/\\\/www.andandonagraca.org\\\/site\\\/#\\\/schema\\\/person\\\/225d0dedb572d4570a947397af2606ed\"},\"headline\":\"AS MARCAS DO MINISTRO CRIST\u00c3O\",\"datePublished\":\"2020-10-23T12:34:01+00:00\",\"dateModified\":\"2020-10-23T12:55:04+00:00\",\"mainEntityOfPage\":{\"@id\":\"https:\\\/\\\/www.andandonagraca.org\\\/site\\\/?p=65518\"},\"wordCount\":2008,\"commentCount\":0,\"image\":{\"@id\":\"https:\\\/\\\/www.andandonagraca.org\\\/site\\\/?p=65518#primaryimage\"},\"thumbnailUrl\":\"https:\\\/\\\/www.andandonagraca.org\\\/site\\\/wp-content\\\/uploads\\\/2020\\\/10\\\/PreacherandBible.jpg\",\"keywords\":[\"autoridade\",\"comportamento\",\"crist\u00e3o\",\"cuidado\",\"mordomia\",\"vendilh\u00f5es\"],\"articleSection\":[\"An\u00e1lise da Igreja Moderna &amp; sua Lideran\u00e7a\"],\"inLanguage\":\"pt-BR\",\"potentialAction\":[{\"@type\":\"CommentAction\",\"name\":\"Comment\",\"target\":[\"https:\\\/\\\/www.andandonagraca.org\\\/site\\\/?p=65518#respond\"]}]},{\"@type\":\"WebPage\",\"@id\":\"https:\\\/\\\/www.andandonagraca.org\\\/site\\\/?p=65518\",\"url\":\"https:\\\/\\\/www.andandonagraca.org\\\/site\\\/?p=65518\",\"name\":\"AS MARCAS DO MINISTRO CRIST\u00c3O - Pr. Jonas Santana\",\"isPartOf\":{\"@id\":\"https:\\\/\\\/www.andandonagraca.org\\\/site\\\/#website\"},\"primaryImageOfPage\":{\"@id\":\"https:\\\/\\\/www.andandonagraca.org\\\/site\\\/?p=65518#primaryimage\"},\"image\":{\"@id\":\"https:\\\/\\\/www.andandonagraca.org\\\/site\\\/?p=65518#primaryimage\"},\"thumbnailUrl\":\"https:\\\/\\\/www.andandonagraca.org\\\/site\\\/wp-content\\\/uploads\\\/2020\\\/10\\\/PreacherandBible.jpg\",\"datePublished\":\"2020-10-23T12:34:01+00:00\",\"dateModified\":\"2020-10-23T12:55:04+00:00\",\"author\":{\"@id\":\"https:\\\/\\\/www.andandonagraca.org\\\/site\\\/#\\\/schema\\\/person\\\/225d0dedb572d4570a947397af2606ed\"},\"breadcrumb\":{\"@id\":\"https:\\\/\\\/www.andandonagraca.org\\\/site\\\/?p=65518#breadcrumb\"},\"inLanguage\":\"pt-BR\",\"potentialAction\":[{\"@type\":\"ReadAction\",\"target\":[\"https:\\\/\\\/www.andandonagraca.org\\\/site\\\/?p=65518\"]}]},{\"@type\":\"ImageObject\",\"inLanguage\":\"pt-BR\",\"@id\":\"https:\\\/\\\/www.andandonagraca.org\\\/site\\\/?p=65518#primaryimage\",\"url\":\"https:\\\/\\\/www.andandonagraca.org\\\/site\\\/wp-content\\\/uploads\\\/2020\\\/10\\\/PreacherandBible.jpg\",\"contentUrl\":\"https:\\\/\\\/www.andandonagraca.org\\\/site\\\/wp-content\\\/uploads\\\/2020\\\/10\\\/PreacherandBible.jpg\",\"width\":1600,\"height\":1063},{\"@type\":\"BreadcrumbList\",\"@id\":\"https:\\\/\\\/www.andandonagraca.org\\\/site\\\/?p=65518#breadcrumb\",\"itemListElement\":[{\"@type\":\"ListItem\",\"position\":1,\"name\":\"In\u00edcio\",\"item\":\"https:\\\/\\\/www.andandonagraca.org\\\/site\"},{\"@type\":\"ListItem\",\"position\":2,\"name\":\"AS MARCAS DO MINISTRO CRIST\u00c3O\"}]},{\"@type\":\"WebSite\",\"@id\":\"https:\\\/\\\/www.andandonagraca.org\\\/site\\\/#website\",\"url\":\"https:\\\/\\\/www.andandonagraca.org\\\/site\\\/\",\"name\":\"Pr. Jonas Santana\",\"description\":\"ANDANDO NA GRA\u00c7A - AEMSF\",\"potentialAction\":[{\"@type\":\"SearchAction\",\"target\":{\"@type\":\"EntryPoint\",\"urlTemplate\":\"https:\\\/\\\/www.andandonagraca.org\\\/site\\\/?s={search_term_string}\"},\"query-input\":{\"@type\":\"PropertyValueSpecification\",\"valueRequired\":true,\"valueName\":\"search_term_string\"}}],\"inLanguage\":\"pt-BR\"},{\"@type\":\"Person\",\"@id\":\"https:\\\/\\\/www.andandonagraca.org\\\/site\\\/#\\\/schema\\\/person\\\/225d0dedb572d4570a947397af2606ed\",\"name\":\"Pr. Jonas Santana\",\"image\":{\"@type\":\"ImageObject\",\"inLanguage\":\"pt-BR\",\"@id\":\"https:\\\/\\\/secure.gravatar.com\\\/avatar\\\/7f463b781f71522d52f2ff3dae3592f9f7b0e24187fc413b95cd3efa8429de28?s=96&d=mm&r=g\",\"url\":\"https:\\\/\\\/secure.gravatar.com\\\/avatar\\\/7f463b781f71522d52f2ff3dae3592f9f7b0e24187fc413b95cd3efa8429de28?s=96&d=mm&r=g\",\"contentUrl\":\"https:\\\/\\\/secure.gravatar.com\\\/avatar\\\/7f463b781f71522d52f2ff3dae3592f9f7b0e24187fc413b95cd3efa8429de28?s=96&d=mm&r=g\",\"caption\":\"Pr. Jonas Santana\"},\"description\":\"Pastor, pesquisador b\u00edblico, pregador do Evangelho do Reino A fidelidade requer que entreguemos o evangelho sob todos os \u00e2ngulos, sem omitir nada e sem exagerar em nada. Para isto requer-se muita sabedoria. Nosso desejo \u00e9 compartilhar a sabedoria do Reino de Deus a todos aqueles que o desejam de todo o cora\u00e7\u00e3o.\",\"sameAs\":[\"https:\\\/\\\/www.andandonagraca.org\",\"https:\\\/\\\/www.facebook.com\\\/andandonagraca\",\"https:\\\/\\\/www.instagram.com\\\/andandonagraca\\\/\",\"https:\\\/\\\/www.youtube.com\\\/@andandonagraca\",\"https:\\\/\\\/podcasters.spotify.com\\\/pod\\\/show\\\/andandonagraca\\\/\"],\"url\":\"https:\\\/\\\/www.andandonagraca.org\\\/site\\\/?author=1\"}]}<\/script>\n<!-- \/ Yoast SEO plugin. -->","yoast_head_json":{"title":"AS MARCAS DO MINISTRO CRIST\u00c3O - Pr. Jonas Santana","robots":{"index":"index","follow":"follow","max-snippet":"max-snippet:-1","max-image-preview":"max-image-preview:large","max-video-preview":"max-video-preview:-1"},"canonical":"https:\/\/www.andandonagraca.org\/site\/?p=65518","og_locale":"pt_BR","og_type":"article","og_title":"AS MARCAS DO MINISTRO CRIST\u00c3O - Pr. Jonas Santana","og_description":"Refer\u00eancia: 1 COR\u00cdNTIOS 4:1-21 INTRODU\u00c7\u00c3O: \u2022 No cap\u00edtulo 1, Paulo fala sobre tr\u00eas aspectos do chamado crist\u00e3o: fomos","og_url":"https:\/\/www.andandonagraca.org\/site\/?p=65518","og_site_name":"Pr. Jonas Santana","article_publisher":"https:\/\/www.facebook.com\/andandonagraca","article_author":"https:\/\/www.facebook.com\/andandonagraca","article_published_time":"2020-10-23T12:34:01+00:00","article_modified_time":"2020-10-23T12:55:04+00:00","og_image":[{"width":1600,"height":1063,"url":"https:\/\/www.andandonagraca.org\/site\/wp-content\/uploads\/2020\/10\/PreacherandBible.jpg","type":"image\/jpeg"}],"author":"Pr. Jonas Santana","twitter_card":"summary_large_image","twitter_misc":{"Escrito por":"Pr. Jonas Santana","Est. tempo de leitura":"10 minutos"},"schema":{"@context":"https:\/\/schema.org","@graph":[{"@type":"Article","@id":"https:\/\/www.andandonagraca.org\/site\/?p=65518#article","isPartOf":{"@id":"https:\/\/www.andandonagraca.org\/site\/?p=65518"},"author":{"name":"Pr. Jonas Santana","@id":"https:\/\/www.andandonagraca.org\/site\/#\/schema\/person\/225d0dedb572d4570a947397af2606ed"},"headline":"AS MARCAS DO MINISTRO CRIST\u00c3O","datePublished":"2020-10-23T12:34:01+00:00","dateModified":"2020-10-23T12:55:04+00:00","mainEntityOfPage":{"@id":"https:\/\/www.andandonagraca.org\/site\/?p=65518"},"wordCount":2008,"commentCount":0,"image":{"@id":"https:\/\/www.andandonagraca.org\/site\/?p=65518#primaryimage"},"thumbnailUrl":"https:\/\/www.andandonagraca.org\/site\/wp-content\/uploads\/2020\/10\/PreacherandBible.jpg","keywords":["autoridade","comportamento","crist\u00e3o","cuidado","mordomia","vendilh\u00f5es"],"articleSection":["An\u00e1lise da Igreja Moderna &amp; sua Lideran\u00e7a"],"inLanguage":"pt-BR","potentialAction":[{"@type":"CommentAction","name":"Comment","target":["https:\/\/www.andandonagraca.org\/site\/?p=65518#respond"]}]},{"@type":"WebPage","@id":"https:\/\/www.andandonagraca.org\/site\/?p=65518","url":"https:\/\/www.andandonagraca.org\/site\/?p=65518","name":"AS MARCAS DO MINISTRO CRIST\u00c3O - Pr. Jonas Santana","isPartOf":{"@id":"https:\/\/www.andandonagraca.org\/site\/#website"},"primaryImageOfPage":{"@id":"https:\/\/www.andandonagraca.org\/site\/?p=65518#primaryimage"},"image":{"@id":"https:\/\/www.andandonagraca.org\/site\/?p=65518#primaryimage"},"thumbnailUrl":"https:\/\/www.andandonagraca.org\/site\/wp-content\/uploads\/2020\/10\/PreacherandBible.jpg","datePublished":"2020-10-23T12:34:01+00:00","dateModified":"2020-10-23T12:55:04+00:00","author":{"@id":"https:\/\/www.andandonagraca.org\/site\/#\/schema\/person\/225d0dedb572d4570a947397af2606ed"},"breadcrumb":{"@id":"https:\/\/www.andandonagraca.org\/site\/?p=65518#breadcrumb"},"inLanguage":"pt-BR","potentialAction":[{"@type":"ReadAction","target":["https:\/\/www.andandonagraca.org\/site\/?p=65518"]}]},{"@type":"ImageObject","inLanguage":"pt-BR","@id":"https:\/\/www.andandonagraca.org\/site\/?p=65518#primaryimage","url":"https:\/\/www.andandonagraca.org\/site\/wp-content\/uploads\/2020\/10\/PreacherandBible.jpg","contentUrl":"https:\/\/www.andandonagraca.org\/site\/wp-content\/uploads\/2020\/10\/PreacherandBible.jpg","width":1600,"height":1063},{"@type":"BreadcrumbList","@id":"https:\/\/www.andandonagraca.org\/site\/?p=65518#breadcrumb","itemListElement":[{"@type":"ListItem","position":1,"name":"In\u00edcio","item":"https:\/\/www.andandonagraca.org\/site"},{"@type":"ListItem","position":2,"name":"AS MARCAS DO MINISTRO CRIST\u00c3O"}]},{"@type":"WebSite","@id":"https:\/\/www.andandonagraca.org\/site\/#website","url":"https:\/\/www.andandonagraca.org\/site\/","name":"Pr. Jonas Santana","description":"ANDANDO NA GRA\u00c7A - AEMSF","potentialAction":[{"@type":"SearchAction","target":{"@type":"EntryPoint","urlTemplate":"https:\/\/www.andandonagraca.org\/site\/?s={search_term_string}"},"query-input":{"@type":"PropertyValueSpecification","valueRequired":true,"valueName":"search_term_string"}}],"inLanguage":"pt-BR"},{"@type":"Person","@id":"https:\/\/www.andandonagraca.org\/site\/#\/schema\/person\/225d0dedb572d4570a947397af2606ed","name":"Pr. Jonas Santana","image":{"@type":"ImageObject","inLanguage":"pt-BR","@id":"https:\/\/secure.gravatar.com\/avatar\/7f463b781f71522d52f2ff3dae3592f9f7b0e24187fc413b95cd3efa8429de28?s=96&d=mm&r=g","url":"https:\/\/secure.gravatar.com\/avatar\/7f463b781f71522d52f2ff3dae3592f9f7b0e24187fc413b95cd3efa8429de28?s=96&d=mm&r=g","contentUrl":"https:\/\/secure.gravatar.com\/avatar\/7f463b781f71522d52f2ff3dae3592f9f7b0e24187fc413b95cd3efa8429de28?s=96&d=mm&r=g","caption":"Pr. Jonas Santana"},"description":"Pastor, pesquisador b\u00edblico, pregador do Evangelho do Reino A fidelidade requer que entreguemos o evangelho sob todos os \u00e2ngulos, sem omitir nada e sem exagerar em nada. Para isto requer-se muita sabedoria. Nosso desejo \u00e9 compartilhar a sabedoria do Reino de Deus a todos aqueles que o desejam de todo o cora\u00e7\u00e3o.","sameAs":["https:\/\/www.andandonagraca.org","https:\/\/www.facebook.com\/andandonagraca","https:\/\/www.instagram.com\/andandonagraca\/","https:\/\/www.youtube.com\/@andandonagraca","https:\/\/podcasters.spotify.com\/pod\/show\/andandonagraca\/"],"url":"https:\/\/www.andandonagraca.org\/site\/?author=1"}]}},"_links":{"self":[{"href":"https:\/\/www.andandonagraca.org\/site\/index.php?rest_route=\/wp\/v2\/posts\/65518","targetHints":{"allow":["GET"]}}],"collection":[{"href":"https:\/\/www.andandonagraca.org\/site\/index.php?rest_route=\/wp\/v2\/posts"}],"about":[{"href":"https:\/\/www.andandonagraca.org\/site\/index.php?rest_route=\/wp\/v2\/types\/post"}],"author":[{"embeddable":true,"href":"https:\/\/www.andandonagraca.org\/site\/index.php?rest_route=\/wp\/v2\/users\/1"}],"replies":[{"embeddable":true,"href":"https:\/\/www.andandonagraca.org\/site\/index.php?rest_route=%2Fwp%2Fv2%2Fcomments&post=65518"}],"version-history":[{"count":0,"href":"https:\/\/www.andandonagraca.org\/site\/index.php?rest_route=\/wp\/v2\/posts\/65518\/revisions"}],"wp:featuredmedia":[{"embeddable":true,"href":"https:\/\/www.andandonagraca.org\/site\/index.php?rest_route=\/wp\/v2\/media\/65524"}],"wp:attachment":[{"href":"https:\/\/www.andandonagraca.org\/site\/index.php?rest_route=%2Fwp%2Fv2%2Fmedia&parent=65518"}],"wp:term":[{"taxonomy":"category","embeddable":true,"href":"https:\/\/www.andandonagraca.org\/site\/index.php?rest_route=%2Fwp%2Fv2%2Fcategories&post=65518"},{"taxonomy":"post_tag","embeddable":true,"href":"https:\/\/www.andandonagraca.org\/site\/index.php?rest_route=%2Fwp%2Fv2%2Ftags&post=65518"}],"curies":[{"name":"wp","href":"https:\/\/api.w.org\/{rel}","templated":true}]}}