{"id":65531,"date":"2020-10-23T10:25:30","date_gmt":"2020-10-23T13:25:30","guid":{"rendered":"https:\/\/www.andandonagraca.org\/site\/?p=65531"},"modified":"2021-01-27T21:43:26","modified_gmt":"2021-01-28T00:43:26","slug":"sobre-a-necessidade-de-sermos-sal-e-luz","status":"publish","type":"post","link":"https:\/\/www.andandonagraca.org\/site\/?p=65531","title":{"rendered":"SOBRE A NECESSIDADE DE SERMOS SAL E LUZ"},"content":{"rendered":"<p>Como igreja compreendemos o que \u00e9 ser sal e luz e a dimens\u00e3o da vida crist\u00e3?<\/p>\n<p>A grande responsabilidade que temos?<\/p>\n<p>Crist\u00e3o &#8211; Defini\u00e7\u00e3o: seguidor de Cristo (CRISTO = &#8220;UNGIDO&#8221;: O MESSIAS, O FILHO DE DEUS)<\/p>\n<p>&#8211; Na atualidade essa palavra est\u00e1 muito vulgarizada, banalizada e perde o seu significado original, por isso poucos compreendem a responsabilidade que paira sobre um verdadeiro crist\u00e3o. A maneira como tratamos e agimos sobre este tema demonstra que n\u00e3o estamos compreendendo bem, o que \u00e9 ser crist\u00e3o, nem t\u00e3o pouco ser sal e luz.<br \/>\nPrecisamos por uma base e um paralelo, pois na vida e consequentemente na \u201cIgreja\u201d encontramos 3 tipos de pessoas:<strong> FRIOS, MORNOS E QUENTES.<\/strong><\/p>\n<p>Ap. 3:15-16 &#8211; Sei de tudo que voc\u00ea faz. Voc\u00ea n\u00e3o \u00e9 frio nem quente. Desejaria que fosse um ou o outro! Mas, porque \u00e9 como \u00e1gua morna, nem quente nem fria, eu o vomitarei de minha boca. (NVT)<\/p>\n<p>FRIO: indolente = aquele a quem nada afeta; insens\u00edvel, indiferente; n\u00e3o se apura no que faz; descuidado, desleixado, negligente; inerte = carente de energia f\u00edsica ou moral; abatido, ap\u00e1tico, prostrado; na mente\u00a0 = algu\u00e9m destitu\u00eddo de uma entusi\u00e1stica f\u00e9 crist\u00e3 e do desejo de santidade.<\/p>\n<p>MORNO**: t\u00e9pido = figuradamente sem for\u00e7a ou intensidade; frouxo, fraco, sem vigor; indiferente = que n\u00e3o oferece raz\u00e3o ou atrativo para que se lhe dedique a prefer\u00eancia; incapaz de suscitar interesse ou de sensibilizar; met\u00e1fora da condi\u00e7\u00e3o da alma que flutua indignamente entre a indiferen\u00e7a e o ardor em rela\u00e7\u00e3o ao amor. (met\u00e1fora = semelhan\u00e7a)<\/p>\n<p>QUENTE: met\u00e1fora de fervor de mente, zelo.<br \/>\nEstes 3 tipos de pessoas encontramos nas \u201cdenomina\u00e7\u00f5es\u201d, e possivelmente, todos n\u00f3s j\u00e1 nos deparamos com os MORNOS, pois parecem ser a maioria (claro que n\u00e3o s\u00e3o), como fazem mais volume parecem ser em maior n\u00famero. Por que os MORNOS fazem mais volume?<\/p>\n<p>Porque s\u00e3o inchados, pretensiosos, fingem que s\u00e3o \u00e1vidos por informa\u00e7\u00e3o (n\u00e3o de conhecimento), pseudos pensadores, legalistas (querem mudar a tudo e todos \u00e0 for\u00e7a)<\/p>\n<p>Mornos s\u00e3o os tais que t\u00eam comich\u00f5es nos ouvidos e pagam mestres para ouvirem o que lhes apetece, afinal n\u00e3o t\u00eam compromisso (II Tm. 4:3-4).<\/p>\n<p>Como s\u00e3o muitas maneiras de agir tudo depender\u00e1 do ambiente em que se encontram:<\/p>\n<ul>\n<li>Venenosos (os que falam mal dos outros pelas costas, mas na frente \u00e9 s\u00f3 elogios);<\/li>\n<li>Gananciosos (que tentam negociar com Deus seus d\u00edzimos e ofertas);<\/li>\n<li>os da \u201cgra\u00e7a\u201d (que diluem a gra\u00e7a original de Deus para caber em seus delitos e pecados e continuam a viver em seus embara\u00e7os; etc).<\/li>\n<li>Triunfalistas (vivem a busca de vit\u00f3rias e conquistas terrenas na tentativa de agradar o c\u00e9u)<\/li>\n<li>Etc&#8230;<\/li>\n<\/ul>\n<p>Mornos t\u00eam uma pretens\u00e3o de mudar o mundo usando uma falsa f\u00e9 e uma falsa religi\u00e3o, usando as armas do mundo contra o mundo, inclusive usando a pol\u00edtica. Por serem legalistas se indignam quando o mundo faz o que lhe \u00e9 pr\u00f3prio, querendo mud\u00e1-lo \u00e0 for\u00e7a e na base do convencimento.<\/p>\n<p>Jesus falou dos seus l\u00edderes eclesi\u00e1sticos (met\u00e1fora dos modernos ap\u00f3stolos, bispos, etc.), os quais exigem sacrif\u00edcios do povo, sobretudo financeiros, mas eles mesmos n\u00e3o est\u00e3o dispostos a faz\u00ea-los sob o pretexto de que est\u00e3o para receber e n\u00e3o para dar, pois s\u00e3o fam\u00edlias sacerdotais, chamados para a excel\u00eancia e para as alturas (Mt. 23:2-7) Mornos e Ins\u00edpidos s\u00e3o os mesmos&#8230;<\/p>\n<blockquote><p>INS\u00cdPIDO &#8211; que n\u00e3o tem gosto; destitu\u00eddo de qualquer sabor ou que o tem insuficientemente. Figuradamente: desprovido de interesse, de atrativos; sem gra\u00e7a, mon\u00f3tono. (semelhante ao morno**)<\/p><\/blockquote>\n<p>Acerca dos \u201cFRIOS\u201d diz o Profeta Isaias: \u201cMas os \u00edmpios s\u00e3o como o mar bravo que se n\u00e3o pode aquietar e cujas \u00e1guas lan\u00e7am de si lama e lodo. \u201d (Is. 57:20). Fazem o que lhe \u00e9 pr\u00f3prio. Esses tais usam todas as ferramentas, que lhes est\u00e3o dispon\u00edveis, para jogar sobre o ser humano todo o seu veneno e lixo produzido em seu interior maligno, incitando todo tipo de erro e atitude conden\u00e1vel pela Palavra de Deus.<\/p>\n<p>Infelizmente esses \u201cFRIOS\u201d tamb\u00e9m andam pela Igreja, vem espiar a nossa liberdade em Cristo, tentando trazer o seu \u201cpoliticamente correto\u201d.<\/p>\n<p>J\u00e1 os \u201cQUENTES\u201d entendem o seu papel no mundo. E como o Ap\u00f3stolo Paulo (verdadeiro ap\u00f3stolo) faz o que Deus ordena: \u201cestou zeloso de v\u00f3s com zelo de Deus; tenho preparado para vos apresentar como uma virgem pura a um marido, a saber, a Cristo. \u201d (2 Co. 11:2).<\/p>\n<p>\u201cQUENTES\u201d s\u00e3o os que vivem a vida de Cristo, nasceram de novo, deixaram a velha vida, buscam a cada dia viver em santidade e perfei\u00e7\u00e3o para Deus, atrav\u00e9s do exemplo, vida e palavras pregam a Cristo e este crucificado, n\u00e3o usando palavras convincentes de sabedoria humana e discursos eloquentes. E como o ap\u00f3stolo Paulo se comovem por ver este mundo perdido, podre, entregue a todo o tipo de pecado e pr\u00e1ticas contr\u00e1rias \u00e0 Palavra de Deus (E, enquanto Paulo os esperava em Atenas, o seu esp\u00edrito se comovia em si mesmo, vendo a cidade t\u00e3o entregue \u00e0 idolatria&#8230; Porque lhes anunciava a Jesus e a ressurrei\u00e7\u00e3o. At. 17:17-18)<\/p>\n<p>Infelizmente existem PASTORES \u201cFRIOS E MORNOS\u201d, sim PASTORES, pelas atitudes deles s\u00e3o conhecidos.<\/p>\n<p>Mas gra\u00e7as a Deus que existem os \u201cQUENTES\u201d os quais s\u00e3o imitadores de Cristo e pregam a Palavra de Deus a tempo e a fora de tempo, vivem uma vida de piedade, sofrem persegui\u00e7\u00f5es, mas n\u00e3o desistem de sua chamada e do Evangelho que \u00e9 o poder de Deus para todos os que creem.<\/p>\n<p>Cuidado, examine-se o homem (homem e mulher) a si mesmo (I Co. 11:28): Lembre-se que os \u201cMORNOS\u201d ser\u00e3o vomitados, expulsos da presen\u00e7a do Senhor. Os FRIOS ainda t\u00eam tempo para arrependerem e tornarem quentes, porem se n\u00e3o o fizerem j\u00e1 est\u00e3o condenados (Jo. 3:18)<\/p>\n<p>Posto esta base, \u00e9 sobre os \u201cQUENTES\u201d que iremos nos ater, sim, porque esses s\u00e3o os verdadeiros crist\u00e3os (SEGUIDORES DE CRISTO) e a esses \u00e9 que Cristo se refere em:<\/p>\n<p>MATEUS 5:13-16<\/p>\n<h2 style=\"text-align: center;\"><span style=\"color: #0000ff;\"><strong>SAL<\/strong><\/span><\/h2>\n<p>1.\u00a0\u00a0\u00a0\u00a0\u00a0 Subst\u00e2ncia branca usada como tempero, rem\u00e9dio e conservante.<\/p>\n<p>2.\u00a0\u00a0\u00a0\u00a0\u00a0 Subst\u00e2ncia usada para fertilizar terra ar\u00e1vel<\/p>\n<p>3.\u00a0\u00a0\u00a0\u00a0\u00a0 S\u00edmbolo de acordo dur\u00e1vel. Na confirma\u00e7\u00e3o solene de pactos, os orientais estavam e est\u00e3o at\u00e9 os dias de hoje, acostumados a compartilhar do sal juntos.<\/p>\n<p>4.\u00a0\u00a0\u00a0\u00a0\u00a0 Protege os alimentos da putrefa\u00e7\u00e3o e preserva-os sem altera\u00e7\u00e3o. Al\u00e9m de dar sabor.<\/p>\n<p>5.\u00a0\u00a0\u00a0\u00a0\u00a0 Salpicado nos sacrif\u00edcios do Tabern\u00e1culo e do Templo<\/p>\n<p>6.\u00a0\u00a0\u00a0\u00a0\u00a0 Sabedoria e gra\u00e7a exibida em discurso. Palavra temperada com sal quer dizer &#8220;de bom gosto&#8221;.<\/p>\n<p>OS CRIST\u00c3OS S\u00c3O COMO O SAL, QUE CONTRIBUI PARA CONSERVAR E SALVAR O MUNDO.<\/p>\n<h3><span style=\"color: #0000ff;\">OS USOS DE SAL BIBLICAMENTE<\/span><\/h3>\n<p><strong>ESPOSA DE L\u00d3<\/strong><\/p>\n<p>&#8211; sendo transformada numa est\u00e1tua de sal &#8211; Gn.\u00a0 19.26.<\/p>\n<p>O sentido da frase \u201colhou para tr\u00e1s\u201d \u00e9 de que ela \u201cestimou, considerou, prestou aten\u00e7\u00e3o. \u201d Em outras palavras, ap\u00f3s ser arrastada de sua vida de autofoco e ser colocada num novo caminho de liberdade, a mulher de L\u00f3 olhou para tr\u00e1s com desejo e saudades de seu passado. Ela o fez exatamente quando este passado estava sendo consumido pela ira ardente de Deus.<\/p>\n<p>Creio que uma pista para compreendermos sua morte est\u00e1 no que ela se transformou: Deus poderia ter terminado a sua vida de muitas maneiras, poderia t\u00ea-la convertido ou t\u00ea-la coberto de qualquer outra subst\u00e2ncia. Mas Genesis no diz especificamente que ela se tornou numa est\u00e1tua de sal.<\/p>\n<p>Para o ouvinte moderno o sal \u00e9 uma refer\u00eancia a um tempero conhecido, mas isto \u00e9 porque desfrutamos dos benef\u00edcios da refrigera\u00e7\u00e3o. Por milhares de anos, a fun\u00e7\u00e3o prim\u00e1ria do sal n\u00e3o era ser tempero, mas sim um conservante. Uma met\u00e1fora adequada para a Senhora L\u00f3.<\/p>\n<p>E se Deus tivesse demonstrado miseric\u00f3rdia para com a mulher de L\u00f3? E se ele tivesse permitido a ela fugir da maldade de Sodoma para um lugar melhor, ao mesmo tempo em que abrigava em seu cora\u00e7\u00e3o um amor para com o seu passado? O v\u00edrus da maldade de Sodoma teria ido com ela para sua nova casa, teria sido preservado dentro dela, aguardando uma oportunidade para sair e infectar outras vidas. Ao inv\u00e9s de permitir que ela preservasse a estimada mem\u00f3ria de Sodoma num novo lugar, Deus a preservou como uma est\u00e1tua de sal. Ela tornou-se num memorial da preserva\u00e7\u00e3o do mal, um aviso a todos os que a possam v\u00ea-la rigidamente preservada num meio olhar de desejo.<\/p>\n<p><strong>CERIM\u00d4NIA DO OFERTAR E PARA FIRMAR ALIAN\u00c7AS<\/strong><\/p>\n<p>O livro de Lev\u00edtico nos traz instru\u00e7\u00f5es detalhadas das leis de Deus dadas a Mois\u00e9s. A lei foi dada como determina\u00e7\u00e3o aos sacerdotes levitas para a apresenta\u00e7\u00e3o das ofertas de manjares ao Senhor. Estas ofertas eram apresentadas a Deus como um ato de adora\u00e7\u00e3o e simbolizavam a dedica\u00e7\u00e3o e o fruto do trabalho de cada pessoa. Sabemos que Aar\u00e3o e seus descendentes da tribo de Levi n\u00e3o herdavam possess\u00f5es de terras, e todos pertenciam \u00e0 linha sacerdotal, cuidando do Templo e de tudo o que se referia a ele.<\/p>\n<p>&#8211; Lv. 2.13 rege o uso de sal \u201cem todas as ofertas\u201d no tabern\u00e1culo ou no templo; Ez. 43.24; Mc. 9.49, \u201cPorque cada um ser\u00e1 salgado com fogo, e cada sacrif\u00edcio ser\u00e1 salgado com sal\u201d.\u00a0 Nm. 18.19, \u201cpor estatuto perp\u00e9tuo; alian\u00e7a perp\u00e9tua de sal perante o SENHOR \u00e9, para ti e para a tua descend\u00eancia contigo\u201d; II Cr. 13.5.<\/p>\n<p>A express\u00e3o \u201cALIAN\u00c7A DE SAL\u201d \u00e9 usada aqui para designar esta alian\u00e7a perp\u00e9tua entre Deus e a tribo de Levi, estabelecendo que o sustento de toda a tribo viria das prim\u00edcias e das ofertas al\u00e7adas oferecidas ao Senhor. Quando o povo dava as ofertas e, quando os sacerdotes recebiam tais ofertas, o sal junto \u00e0s ofertas significava que Deus lembrava da Sua alian\u00e7a do sacerd\u00f3cio perp\u00e9tuo. Tamb\u00e9m lembrava aos sacerdotes da benignidade de Deus de estabelecer tal alian\u00e7a de paz com eles.<\/p>\n<p style=\"text-align: center;\">{No Oriente M\u00e9dio, os n\u00f4mades ainda comem \u201cp\u00e3o e sal\u201d juntos, a t\u00edtulo de fraternidade.<\/p>\n<p style=\"text-align: center;\">ALIAN\u00c7A DE SAL = FIDELIDADE, SEGURAN\u00c7A E DURABILIDADE.}<\/p>\n<p>O sal foi usado na AT tanto que havia uma sala permanente no templo somente para guardar o sal. Tudo no tabern\u00e1culo e templo representa Cristo sendo o meio pelo qual o pecador chega-se a Deus, o sal est\u00e1 aplicado no ensino de Cristo e da vida crist\u00e3.<\/p>\n<p>O sal junto de todas as ofertas pode significar que o sacrif\u00edcio de Cristo \u00e9 perp\u00e9tuo, a sua efic\u00e1cia sendo imposs\u00edvel de mudar (Rm. 8.31-39). A alian\u00e7a que o Pai fez com Cristo, como nosso grande e sumo sacerdote, \u00e9 preservada para sempre e nos incentiva a vivermos vidas santas (II Co. 5.18-21; Hb. 4.14-16).<\/p>\n<p>Nm.18:19. O sal desta alian\u00e7a simboliza o elemento preservador e dur\u00e1vel da lealdade divina. II Cr.13:5. Vemos esta promessa concretizada atrav\u00e9s de Jesus, descendente da \u201craiz de Davi\u201d.<\/p>\n<p><strong>CONTEXTO DE GUERRA<\/strong><\/p>\n<p>&#8211; S\u00edmbolo da ira de Deus. Dt. 29.23; Jz. 9.45; Jr. 17.6.<\/p>\n<p><strong>CONTEXTO AGR\u00cdCOLA<\/strong><\/p>\n<p>&#8211; Is. 30.24. O voc\u00e1bulo \u201cgr\u00e3o puro\u201d refere \u00e0 adi\u00e7\u00e3o de sal no cereal para enriquecer a nutri\u00e7\u00e3o dos animais.<\/p>\n<p>No Novo Testamento, Jesus convocou seus disc\u00edpulos a serem o sal da terra e completou: \u201cBom \u00e9 o sal, mas se ele degenerar, com que se adubar\u00e1? \u201d\u00a0 Lc.14:34<\/p>\n<p><strong>CONTEXTO DE VALOR<\/strong><\/p>\n<p>&#8211; O sal era uma mercadoria de grande import\u00e2ncia no mundo antigo. O Imp\u00e9rio Romano pagava seus soldados com sal: da\u00ed surgiu a designa\u00e7\u00e3o \u201csal\u00e1rio\u201d, usada at\u00e9 os dias atuais.<\/p>\n<p><strong>CONTEXTO DA CULIN\u00c1RIA<\/strong><\/p>\n<p>&#8211; J\u00f3 6.6 &#8211; Al\u00e9m de temperar, o sal \u00e9 usado como purificador dos alimentos.<\/p>\n<p>Como elementos preservadores, n\u00f3s, crist\u00e3os, temos que manter nossas vidas saud\u00e1veis para servirmos de estimula\u00e7\u00e3o da sede de nossos irm\u00e3os!<\/p>\n<p><strong>CONTEXTO MEDICINAL<\/strong><\/p>\n<p>&#8211; Ez. 16.4 &#8211; E, quanto ao teu nascimento, no dia em que nasceste n\u00e3o te foi cortado o umbigo, nem foste lavado com \u00e1gua para te limpar; nem tampouco foste esfregado com sal, nem envolta em faixas &#8211; pr\u00e1tica com sal, numa solu\u00e7\u00e3o de \u00e1gua, esfregar o rec\u00e9m-nascido para limpar e secar, fazendo que a criancinha seja protegida de bact\u00e9rias e que a sua pele seja firmada. II Rs. 2.20-22.<\/p>\n<p>&#8211; \u00c9 tamb\u00e9m um sacrif\u00edcio que limpa completamente o cora\u00e7\u00e3o da sua corrup\u00e7\u00e3o (I Pd. 1.18,19) e remove toda a sua condena\u00e7\u00e3o (Jo. 3.16,36; Rm. 5.1).<\/p>\n<p>&#8211; A preserva\u00e7\u00e3o do pecador arrependido que confia em Cristo tamb\u00e9m \u00e9 entendida pelo uso de sal com o sacrif\u00edcio pois a seguran\u00e7a e vida eterna v\u00eam por Cristo (Jo. 10.27,28; Fp. 1.6). O pecador que se esconda no sacrif\u00edcio de Cristo \u00e9 protegido de n\u00e3o putrificar nunca (Jo. 6.27). Aquele que pela f\u00e9 tem aplicado o sacrif\u00edcio de Cristo \u00e0 sua situa\u00e7\u00e3o de condena\u00e7\u00e3o, tem comunh\u00e3o aberta com Deus (Ap. 3.20; Jo. 10.9).<\/p>\n<p>&#8211; Cristo \u00e9 o sacrif\u00edcio com sal para o pecador ser salvo. O sacrif\u00edcio de Cristo \u00e9 um sacrif\u00edcio de amor, para com o Pai e para com os Seus eleitos (Jo. 13.1; Hb. 12.2).<\/p>\n<p><strong>AS QUALIDADES DE SAL DEVEM INFLUENCIAR: NOSSAS PALAVRAS E NOSSAS VIDAS<\/strong><\/p>\n<p>Cl 4.6 &#8211; A palavra seja sempre agrad\u00e1vel, temperada com sal, para que sabeis responder a cada um.<\/p>\n<p>Sl.19:14 &#8211; Sejam agrad\u00e1veis as palavras da minha boca e a medita\u00e7\u00e3o do meu cora\u00e7\u00e3o perante Tua Face.<\/p>\n<p>Quando a B\u00edblia nos exorta a ter sal na palavra (Cl. 4.6) ou nas nossas vidas (Mc. 9.49-50) \u00e9 para nos restringirmos \u00e0quilo que preserva boas maneiras, morais e virtudes na sociedade e relacionamentos. Devemos trazer \u00e0 nossa vida as belezas graciosas de Cristo para que outros vejam a nossa nova natureza por Cristo, e glorificarem a Deus. Devemos ser vigilantes para n\u00e3o deixar as influ\u00eancias do mundo extrair de n\u00f3s essas belas qualidades virtuosas de ser um crist\u00e3o. De outra maneira n\u00e3o prestamos para nada!<\/p>\n<p>O sal provoca a sede, e nossa fun\u00e7\u00e3o como sal da terra \u00e9 despertar esta sede espiritual!<\/p>\n<p><strong>CONCLUS\u00c3O<\/strong><br \/>\nQuando somos salgados, estamos curados, f\u00e9rteis e com a eternidade garantida. Todo crist\u00e3o precisa assumir o compromisso de ter uma palavra temperada e agrad\u00e1vel para responder \u00e0queles que se aproximam, transmitindo-lhes, como sal da terra, a cura, a liberta\u00e7\u00e3o, a salva\u00e7\u00e3o e a vida eterna que nos foram dadas por Jesus.<\/p>\n<p>Se voc\u00ea quer ser um sacrif\u00edcio vivo para Deus, tenha sal nas suas ofertas a Deus. Seja aquela influ\u00eancia saborosa e virtuosa que aponta a Cristo e que condena o mundo das suas m\u00e1s obras, atitudes e escolhas.<\/p>\n<p>Seja aquela testemunha que honra a casa de Deus com a sua presen\u00e7a, o seu ganho, a sua fam\u00edlia e a sua adora\u00e7\u00e3o reverente. Assim sendo, ser\u00e1 como Cristo, o sacrif\u00edcio com sal.<\/p>\n<h2 style=\"text-align: center;\"><strong><span style=\"color: #0000ff;\">LUZ<\/span><\/strong><\/h2>\n<p>Depois de falar sobre o sal, Jesus disse que somos a luz do mundo. Quando algu\u00e9m acende uma candeia, n\u00e3o esconde a luz mas coloca a candeia em algum lugar onde pode iluminar a sala toda (Mt. 5:14-16).<\/p>\n<p>Tentar esconder a luz de Jesus \u00e9 t\u00e3o rid\u00edculo como tentar esconder uma cidade em cima de um monte! Comparando com os dias de hoje, nenhuma casa tem luzes el\u00e9tricas no ch\u00e3o, por baixo da cama. A luz fica no teto, onde ilumina o melhor poss\u00edvel. Cada luz \u00e9 colocada estrategicamente para dar o m\u00e1ximo de luz \u00e0 maior parte da casa.<\/p>\n<p><strong>Defini\u00e7\u00e3o:<\/strong><\/p>\n<p>1) Claridade; luminosidade (Gn 1.3 &#8211; E disse Deus: Haja luz. E houve luz.).<\/p>\n<p>2) Figuradamente refere-se a Deus (Sl 104.2; Tg 1.17); a Jesus (Jo 1.4-9); \u00e0 Palavra de Deus (Sl 119.105); e aos disc\u00edpulos de Jesus (Mt 5.14).<\/p>\n<p>3) BETEL [Casa de Deus] &#8211; Cidade cujo nome anterior era Luz e que ficava a mais ou menos 20 km ao norte de Jerusal\u00e9m {Gn 28.19}.<\/p>\n<p><strong>Metaforicamente:<\/strong><\/p>\n<ul>\n<li>Deus \u00e9 luz porque a luz tem a qualidade de ser extremamente delicada, sutil, pura, brilhante<\/li>\n<li>Da verdade e seu conhecimento, junto com a pureza espiritual associada a ela<\/li>\n<li>Aquilo que est\u00e1 exposto \u00e0 vista de todos, abertamente, publicamente<\/li>\n<li>Raz\u00e3o, mente<\/li>\n<li>O poder do entendimento, especificamente verdade moral e espiritual<\/li>\n<\/ul>\n<p>Contr\u00e1rio: Trevas &#8211; Escurid\u00e3o profunda<\/p>\n<p>Metaforicamente:<\/p>\n<ul>\n<li>Da ignor\u00e2ncia a respeito das coisas divinas e dos deveres humanos, e da impiedade e imoralidade que a acompanha, junto as suas mis\u00e9rias consequentes no inferno<\/li>\n<li>Pessoas nas quais a escurid\u00e3o se torna uma realidade que as governa<\/li>\n<\/ul>\n<p>Luz \u00e9 sin\u00f4nimo de vida &#8211; pois uma mulher ao ter o parto do seu beb\u00ea diz-se que est\u00e1 a dar \u00e0 luz<\/p>\n<ul>\n<li>Apresentar, sustentar, produzir (fruta da semente)<\/li>\n<li>Do parto de uma mulher<\/li>\n<li>Da terra que produz seu fruto<\/li>\n<li>Met\u00e1fora de gerar, dar \u00e0 luz<\/li>\n<\/ul>\n<p>A figura da luz aparece na B\u00edblia muitas vezes em diferentes contextos. Algumas dessas vezes h\u00e1 uma import\u00e2ncia simb\u00f3lica muito grande. Por exemplo:<\/p>\n<p>Quando o povo de Israel peregrinava pelo deserto, havia uma coluna de fogo que iluminava e guiava os israelitas (Ex. 13:21). &#8211; Durante a Festa dos Tabern\u00e1culos, os judeus se lembravam da coluna de fogo que os guiou pelo deserto at\u00e9 Cana\u00e3.<\/p>\n<p>Tamb\u00e9m, quando o servi\u00e7o religioso foi oficializado e regulamentado em Israel, dentro do Santo Lugar no Tabern\u00e1culo havia um candeeiro de ouro puro com sete l\u00e2mpadas que permaneciam acessas continuamente (Lv. 24:1-9).<\/p>\n<p>Todos esses s\u00edmbolos apontavam para Cristo.<\/p>\n<p>A luz das l\u00e2mpadas do candeeiro de ouro, bem como a luz da coluna de fogo, prefigurava a luz do mundo que \u00e9 Jesus.<\/p>\n<p>Jesus \u00e9 a verdadeira luz que ilumina as na\u00e7\u00f5es, conforme foi anunciado pelos profetas (Lc. 2:32). Ent\u00e3o a declara\u00e7\u00e3o \u201cEu sou a luz do mundo\u201d est\u00e1 completamente fundamentada nas Escrituras.<\/p>\n<p>A luz \u00e9 um designativo para Deus frequente nos textos b\u00edblicos (Sl. 27:1; 119:105; Pv. 6:23; Ez. 1:4,13,26-28; Hc. 3:4).<\/p>\n<p>O pr\u00f3prio ap\u00f3stolo Jo\u00e3o escreve que Deus \u00e9 luz (1 Jo. 1:5).<\/p>\n<p>Al\u00e9m disso, ao dizer \u201cEu sou a luz do mundo\u201d, Jesus aplica a si mesmo o nome de Deus revelado a Mois\u00e9s (Ex. 3:14). Isso significa que ao dizer \u201cEu sou\u201d, Jesus estava afirmando explicitamente sua divindade (Jo. 8:58). Por isso a frase \u201cEu sou a luz do mundo\u201d \u00e9 t\u00e3o significativa.<\/p>\n<p>Jesus \u00e9 a verdadeira luz do mundo porque \u00e9 apenas por meio dele que os gloriosos atributos de Deus brilham de modo mais resplandecente no meio do mundo.<\/p>\n<p>Jesus \u00e9 a luz que brilha no meio da humanidade pecadora e merecedora do ju\u00edzo de Deus.<\/p>\n<p>Ele \u00e9 a \u00fanica luz que de fato pode iluminar aqueles que est\u00e3o em trevas espirituais.<\/p>\n<p>Jesus \u00e9 a luz que revela a salva\u00e7\u00e3o eterna aos pecadores redimidos que s\u00e3o feitos filhos de Deus.<\/p>\n<ul>\n<li>Ser\u00e1 que estamos exercendo o papel de \u201cluz\u201d nesse mundo?<\/li>\n<li>Ser\u00e1 que onde passamos, fazemos alguma diferen\u00e7a?<\/li>\n<li>Ser\u00e1 que com todas as nossas atitudes, estamos iluminando a Terra?<\/li>\n<li>Como sabemos se somos luz ou n\u00e3o?<\/li>\n<\/ul>\n<p>Realmente s\u00e3o muitas perguntas que devem ser respondidas. \u00c9 justamente por isso que devemos olhar o nosso interior e nos auto julgar &#8211; eu fa\u00e7o a diferen\u00e7a?<\/p>\n<p>Se observarmos nossas atitudes, o jeito de falar, andar e agir e verificarmos que n\u00e3o estamos fazendo diferen\u00e7a e o pior, nos igualando ao mundo, ent\u00e3o \u00e9 hora de arrependimento e mudan\u00e7a.<\/p>\n<p>Entendamos: h\u00e1 um brilho muito forte dentro de n\u00f3s que precisa muito aparecer na escurid\u00e3o, porque se n\u00e3o clarearmos esse mundo, quem ir\u00e1 clarear?<\/p>\n<p>Deixemos essa luz fazer efeito em n\u00f3s mesmo para que as pessoas vejam. J\u00e1 temos essa luz, Jesus afirmou isso, mas se n\u00e3o formos essa luz, ela poder\u00e1 se apagar e assim seremos como os demais, vivendo em meio as trevas. Nunca perca essa luz, mas pelo contr\u00e1rio, sejamos essa luz o mundo.<\/p>\n<p><strong>COMO SER LUZ DO MUNDO?<\/strong><br \/>\nS\u00f3 conseguiremos nos posicionar no lugar de luz, quando termos intimidade com Deus, busc\u00e1-Lo e as demais coisas que prov\u00e9m Dele.<\/p>\n<p>Como fazer isso?<\/p>\n<ul>\n<li>Lendo a B\u00edblia,<\/li>\n<li>Atentando para o que edifique a mente,<\/li>\n<li>Lendo livros que edifiquem,<\/li>\n<li>Louvando a Deus em todo o tempo,<\/li>\n<li>Orando em todo o tempo.<\/li>\n<\/ul>\n<p>Depois disso, com certeza seremos felizes, alegres, renovados, edificados, exortados, a ponto de que nenhum problema possa nos abalar e seremos como o monte de Si\u00e3o (Aqueles que confiam no Senhor s\u00e3o como o monte Si\u00e3o, que n\u00e3o pode ser abalado, mas permanece para sempre. Sl. 125:1).<\/p>\n<p>Confiemos no Senhor e nos entreguemos para Ele, dando espa\u00e7o e liberdade para Ele agir a vontade e assim possa nos usar.<\/p>\n<p>Uma das formas de ser LUZ do mundo \u00e9 evangelizar, o fato de aconselharmos algu\u00e9m perdido, j\u00e1 uma forma de ser luz, a preciso fazer total diferen\u00e7a, estar na contram\u00e3o do mundo e n\u00e3o ter vergonha de assumir a nossa identidade Crist\u00e3.<\/p>\n<p>A Palavra de Deus se torna t\u00e3o viva em n\u00f3s, mediante a gra\u00e7a do Senhor, que buscamos ter uma vida reta e obediente aos olhos Dele.<\/p>\n<p>A Palavra de Cristo precisa encarnar em nossos sentidos e afetar toda a nossa exist\u00eancia, a ponto de que aqueles que est\u00e3o ao nosso redor possam sentir o perfume de Cristo.<\/p>\n<p>No vers\u00edculo de Mateus 5:14b, Jesus diz que \u201c\u00e9 imposs\u00edvel escondermos uma cidade constru\u00edda no alto de um monte\u201d e \u201cningu\u00e9m acende uma candeia e a coloca debaixo de uma vasilha\u201d<\/p>\n<p>Ele utiliza tais frases justamente para refor\u00e7ar a ideia de que \u00e9 inevit\u00e1vel, imposs\u00edvel, escondermos do mundo a Luz de Cristo que habita em n\u00f3s.<\/p>\n<p>N\u00f3s manifestaremos a Luz de Cristo ao mundo:<\/p>\n<ul>\n<li>Atrav\u00e9s da proclama\u00e7\u00e3o das boas-novas de salva\u00e7\u00e3o,<\/li>\n<li>Por meio das nossas atitudes e palavras que demonstrem o fruto do esp\u00edrito em n\u00f3s \u2013 bondade, mansid\u00e3o, amor, fidelidade, amabilidade, alegria, paz, paci\u00eancia e dom\u00ednio pr\u00f3prio<\/li>\n<li>Por meio do servi\u00e7o ao pr\u00f3ximo e nos locais que estamos inseridos.<\/li>\n<\/ul>\n<p>Sabendo que tudo \u00e9 para a gl\u00f3ria Dele, at\u00e9 que o mundo reconhe\u00e7a que Jesus Cristo \u00e9 o Senhor.<\/p>\n<p style=\"text-align: center;\"><strong><span class=\"style-scope yt-formatted-string\" dir=\"auto\">Parte 1 <\/span><\/strong><\/p>\n<p style=\"text-align: center;\"><strong><span class=\"style-scope yt-formatted-string\" dir=\"auto\">SOBRE A NECESSIDADE DE SERMOS SAL!<\/span><\/strong><\/p>\n<p style=\"text-align: center;\"><iframe loading=\"lazy\" src=\"https:\/\/www.youtube.com\/embed\/WqSaG9QjPYs\" width=\"560\" height=\"315\" frameborder=\"0\" allowfullscreen=\"allowfullscreen\"><\/iframe><\/p>\n<p style=\"text-align: center;\"><strong>Parte 2<\/strong><\/p>\n<p style=\"text-align: center;\"><strong>SOBRE A NECESSIDADE DE SERMOS LUZ!<\/strong><\/p>\n<p style=\"text-align: center;\"><iframe loading=\"lazy\" src=\"https:\/\/www.youtube.com\/embed\/dNmIrE-DPN4\" width=\"560\" height=\"315\" frameborder=\"0\" allowfullscreen=\"allowfullscreen\"><\/iframe><\/p>\n<p>&nbsp;<\/p>\n","protected":false},"excerpt":{"rendered":"<p>Como igreja compreendemos o que \u00e9 ser sal e luz e a dimens\u00e3o da vida crist\u00e3? A grande<\/p>\n","protected":false},"author":1,"featured_media":65535,"comment_status":"open","ping_status":"open","sticky":false,"template":"","format":"standard","meta":{"footnotes":""},"categories":[120],"tags":[24,54,61,38,29,18,23,32,19,22,72,30,56,45],"class_list":["post-65531","post","type-post","status-publish","format-standard","has-post-thumbnail","hentry","category-graca","tag-apostasia","tag-barulho","tag-comportamento","tag-cristao","tag-cruz","tag-cuidado","tag-engano","tag-espirito-santo","tag-evangelho","tag-falsos","tag-fe","tag-mordomia","tag-obediencia","tag-palavra"],"yoast_head":"<!-- This site is optimized with the Yoast SEO plugin v27.5 - https:\/\/yoast.com\/product\/yoast-seo-wordpress\/ -->\n<title>SOBRE A NECESSIDADE DE SERMOS SAL E LUZ - Pr. Jonas Santana<\/title>\n<meta name=\"robots\" content=\"index, follow, max-snippet:-1, max-image-preview:large, max-video-preview:-1\" \/>\n<link rel=\"canonical\" href=\"https:\/\/www.andandonagraca.org\/site\/?p=65531\" \/>\n<meta property=\"og:locale\" content=\"pt_BR\" \/>\n<meta property=\"og:type\" content=\"article\" \/>\n<meta property=\"og:title\" content=\"SOBRE A NECESSIDADE DE SERMOS SAL E LUZ - Pr. Jonas Santana\" \/>\n<meta property=\"og:description\" content=\"Como igreja compreendemos o que \u00e9 ser sal e luz e a dimens\u00e3o da vida crist\u00e3? A grande\" \/>\n<meta property=\"og:url\" content=\"https:\/\/www.andandonagraca.org\/site\/?p=65531\" \/>\n<meta property=\"og:site_name\" content=\"Pr. Jonas Santana\" \/>\n<meta property=\"article:publisher\" content=\"https:\/\/www.facebook.com\/andandonagraca\" \/>\n<meta property=\"article:author\" content=\"https:\/\/www.facebook.com\/andandonagraca\" \/>\n<meta property=\"article:published_time\" content=\"2020-10-23T13:25:30+00:00\" \/>\n<meta property=\"article:modified_time\" content=\"2021-01-28T00:43:26+00:00\" \/>\n<meta property=\"og:image\" content=\"https:\/\/www.andandonagraca.org\/site\/wp-content\/uploads\/2020\/10\/Sal-da-Terra-e-Luz-do-Mundo.jpg\" \/>\n\t<meta property=\"og:image:width\" content=\"1400\" \/>\n\t<meta property=\"og:image:height\" content=\"856\" \/>\n\t<meta property=\"og:image:type\" content=\"image\/jpeg\" \/>\n<meta name=\"author\" content=\"Pr. Jonas Santana\" \/>\n<meta name=\"twitter:card\" content=\"summary_large_image\" \/>\n<meta name=\"twitter:label1\" content=\"Escrito por\" \/>\n\t<meta name=\"twitter:data1\" content=\"Pr. Jonas Santana\" \/>\n\t<meta name=\"twitter:label2\" content=\"Est. tempo de leitura\" \/>\n\t<meta name=\"twitter:data2\" content=\"19 minutos\" \/>\n<script type=\"application\/ld+json\" class=\"yoast-schema-graph\">{\"@context\":\"https:\\\/\\\/schema.org\",\"@graph\":[{\"@type\":\"Article\",\"@id\":\"https:\\\/\\\/www.andandonagraca.org\\\/site\\\/?p=65531#article\",\"isPartOf\":{\"@id\":\"https:\\\/\\\/www.andandonagraca.org\\\/site\\\/?p=65531\"},\"author\":{\"name\":\"Pr. Jonas Santana\",\"@id\":\"https:\\\/\\\/www.andandonagraca.org\\\/site\\\/#\\\/schema\\\/person\\\/225d0dedb572d4570a947397af2606ed\"},\"headline\":\"SOBRE A NECESSIDADE DE SERMOS SAL E LUZ\",\"datePublished\":\"2020-10-23T13:25:30+00:00\",\"dateModified\":\"2021-01-28T00:43:26+00:00\",\"mainEntityOfPage\":{\"@id\":\"https:\\\/\\\/www.andandonagraca.org\\\/site\\\/?p=65531\"},\"wordCount\":3766,\"commentCount\":0,\"image\":{\"@id\":\"https:\\\/\\\/www.andandonagraca.org\\\/site\\\/?p=65531#primaryimage\"},\"thumbnailUrl\":\"https:\\\/\\\/www.andandonagraca.org\\\/site\\\/wp-content\\\/uploads\\\/2020\\\/10\\\/Sal-da-Terra-e-Luz-do-Mundo.jpg\",\"keywords\":[\"apostasia\",\"barulho\",\"comportamento\",\"crist\u00e3o\",\"cruz\",\"cuidado\",\"engano\",\"Esp\u00edrito Santo\",\"evangelho\",\"falsos\",\"f\u00e9\",\"mordomia\",\"obedi\u00eancia\",\"palavra\"],\"articleSection\":[\"Gra\u00e7a\"],\"inLanguage\":\"pt-BR\",\"potentialAction\":[{\"@type\":\"CommentAction\",\"name\":\"Comment\",\"target\":[\"https:\\\/\\\/www.andandonagraca.org\\\/site\\\/?p=65531#respond\"]}]},{\"@type\":\"WebPage\",\"@id\":\"https:\\\/\\\/www.andandonagraca.org\\\/site\\\/?p=65531\",\"url\":\"https:\\\/\\\/www.andandonagraca.org\\\/site\\\/?p=65531\",\"name\":\"SOBRE A NECESSIDADE DE SERMOS SAL E LUZ - Pr. Jonas Santana\",\"isPartOf\":{\"@id\":\"https:\\\/\\\/www.andandonagraca.org\\\/site\\\/#website\"},\"primaryImageOfPage\":{\"@id\":\"https:\\\/\\\/www.andandonagraca.org\\\/site\\\/?p=65531#primaryimage\"},\"image\":{\"@id\":\"https:\\\/\\\/www.andandonagraca.org\\\/site\\\/?p=65531#primaryimage\"},\"thumbnailUrl\":\"https:\\\/\\\/www.andandonagraca.org\\\/site\\\/wp-content\\\/uploads\\\/2020\\\/10\\\/Sal-da-Terra-e-Luz-do-Mundo.jpg\",\"datePublished\":\"2020-10-23T13:25:30+00:00\",\"dateModified\":\"2021-01-28T00:43:26+00:00\",\"author\":{\"@id\":\"https:\\\/\\\/www.andandonagraca.org\\\/site\\\/#\\\/schema\\\/person\\\/225d0dedb572d4570a947397af2606ed\"},\"breadcrumb\":{\"@id\":\"https:\\\/\\\/www.andandonagraca.org\\\/site\\\/?p=65531#breadcrumb\"},\"inLanguage\":\"pt-BR\",\"potentialAction\":[{\"@type\":\"ReadAction\",\"target\":[\"https:\\\/\\\/www.andandonagraca.org\\\/site\\\/?p=65531\"]}]},{\"@type\":\"ImageObject\",\"inLanguage\":\"pt-BR\",\"@id\":\"https:\\\/\\\/www.andandonagraca.org\\\/site\\\/?p=65531#primaryimage\",\"url\":\"https:\\\/\\\/www.andandonagraca.org\\\/site\\\/wp-content\\\/uploads\\\/2020\\\/10\\\/Sal-da-Terra-e-Luz-do-Mundo.jpg\",\"contentUrl\":\"https:\\\/\\\/www.andandonagraca.org\\\/site\\\/wp-content\\\/uploads\\\/2020\\\/10\\\/Sal-da-Terra-e-Luz-do-Mundo.jpg\",\"width\":1400,\"height\":856},{\"@type\":\"BreadcrumbList\",\"@id\":\"https:\\\/\\\/www.andandonagraca.org\\\/site\\\/?p=65531#breadcrumb\",\"itemListElement\":[{\"@type\":\"ListItem\",\"position\":1,\"name\":\"In\u00edcio\",\"item\":\"https:\\\/\\\/www.andandonagraca.org\\\/site\"},{\"@type\":\"ListItem\",\"position\":2,\"name\":\"SOBRE A NECESSIDADE DE SERMOS SAL E LUZ\"}]},{\"@type\":\"WebSite\",\"@id\":\"https:\\\/\\\/www.andandonagraca.org\\\/site\\\/#website\",\"url\":\"https:\\\/\\\/www.andandonagraca.org\\\/site\\\/\",\"name\":\"Pr. Jonas Santana\",\"description\":\"ANDANDO NA GRA\u00c7A - AEMSF\",\"potentialAction\":[{\"@type\":\"SearchAction\",\"target\":{\"@type\":\"EntryPoint\",\"urlTemplate\":\"https:\\\/\\\/www.andandonagraca.org\\\/site\\\/?s={search_term_string}\"},\"query-input\":{\"@type\":\"PropertyValueSpecification\",\"valueRequired\":true,\"valueName\":\"search_term_string\"}}],\"inLanguage\":\"pt-BR\"},{\"@type\":\"Person\",\"@id\":\"https:\\\/\\\/www.andandonagraca.org\\\/site\\\/#\\\/schema\\\/person\\\/225d0dedb572d4570a947397af2606ed\",\"name\":\"Pr. Jonas Santana\",\"image\":{\"@type\":\"ImageObject\",\"inLanguage\":\"pt-BR\",\"@id\":\"https:\\\/\\\/secure.gravatar.com\\\/avatar\\\/7f463b781f71522d52f2ff3dae3592f9f7b0e24187fc413b95cd3efa8429de28?s=96&d=mm&r=g\",\"url\":\"https:\\\/\\\/secure.gravatar.com\\\/avatar\\\/7f463b781f71522d52f2ff3dae3592f9f7b0e24187fc413b95cd3efa8429de28?s=96&d=mm&r=g\",\"contentUrl\":\"https:\\\/\\\/secure.gravatar.com\\\/avatar\\\/7f463b781f71522d52f2ff3dae3592f9f7b0e24187fc413b95cd3efa8429de28?s=96&d=mm&r=g\",\"caption\":\"Pr. Jonas Santana\"},\"description\":\"Pastor, pesquisador b\u00edblico, pregador do Evangelho do Reino A fidelidade requer que entreguemos o evangelho sob todos os \u00e2ngulos, sem omitir nada e sem exagerar em nada. Para isto requer-se muita sabedoria. Nosso desejo \u00e9 compartilhar a sabedoria do Reino de Deus a todos aqueles que o desejam de todo o cora\u00e7\u00e3o.\",\"sameAs\":[\"https:\\\/\\\/www.andandonagraca.org\",\"https:\\\/\\\/www.facebook.com\\\/andandonagraca\",\"https:\\\/\\\/www.instagram.com\\\/andandonagraca\\\/\",\"https:\\\/\\\/www.youtube.com\\\/@andandonagraca\",\"https:\\\/\\\/podcasters.spotify.com\\\/pod\\\/show\\\/andandonagraca\\\/\"],\"url\":\"https:\\\/\\\/www.andandonagraca.org\\\/site\\\/?author=1\"}]}<\/script>\n<!-- \/ Yoast SEO plugin. -->","yoast_head_json":{"title":"SOBRE A NECESSIDADE DE SERMOS SAL E LUZ - Pr. Jonas Santana","robots":{"index":"index","follow":"follow","max-snippet":"max-snippet:-1","max-image-preview":"max-image-preview:large","max-video-preview":"max-video-preview:-1"},"canonical":"https:\/\/www.andandonagraca.org\/site\/?p=65531","og_locale":"pt_BR","og_type":"article","og_title":"SOBRE A NECESSIDADE DE SERMOS SAL E LUZ - Pr. Jonas Santana","og_description":"Como igreja compreendemos o que \u00e9 ser sal e luz e a dimens\u00e3o da vida crist\u00e3? A grande","og_url":"https:\/\/www.andandonagraca.org\/site\/?p=65531","og_site_name":"Pr. Jonas Santana","article_publisher":"https:\/\/www.facebook.com\/andandonagraca","article_author":"https:\/\/www.facebook.com\/andandonagraca","article_published_time":"2020-10-23T13:25:30+00:00","article_modified_time":"2021-01-28T00:43:26+00:00","og_image":[{"width":1400,"height":856,"url":"https:\/\/www.andandonagraca.org\/site\/wp-content\/uploads\/2020\/10\/Sal-da-Terra-e-Luz-do-Mundo.jpg","type":"image\/jpeg"}],"author":"Pr. Jonas Santana","twitter_card":"summary_large_image","twitter_misc":{"Escrito por":"Pr. Jonas Santana","Est. tempo de leitura":"19 minutos"},"schema":{"@context":"https:\/\/schema.org","@graph":[{"@type":"Article","@id":"https:\/\/www.andandonagraca.org\/site\/?p=65531#article","isPartOf":{"@id":"https:\/\/www.andandonagraca.org\/site\/?p=65531"},"author":{"name":"Pr. Jonas Santana","@id":"https:\/\/www.andandonagraca.org\/site\/#\/schema\/person\/225d0dedb572d4570a947397af2606ed"},"headline":"SOBRE A NECESSIDADE DE SERMOS SAL E LUZ","datePublished":"2020-10-23T13:25:30+00:00","dateModified":"2021-01-28T00:43:26+00:00","mainEntityOfPage":{"@id":"https:\/\/www.andandonagraca.org\/site\/?p=65531"},"wordCount":3766,"commentCount":0,"image":{"@id":"https:\/\/www.andandonagraca.org\/site\/?p=65531#primaryimage"},"thumbnailUrl":"https:\/\/www.andandonagraca.org\/site\/wp-content\/uploads\/2020\/10\/Sal-da-Terra-e-Luz-do-Mundo.jpg","keywords":["apostasia","barulho","comportamento","crist\u00e3o","cruz","cuidado","engano","Esp\u00edrito Santo","evangelho","falsos","f\u00e9","mordomia","obedi\u00eancia","palavra"],"articleSection":["Gra\u00e7a"],"inLanguage":"pt-BR","potentialAction":[{"@type":"CommentAction","name":"Comment","target":["https:\/\/www.andandonagraca.org\/site\/?p=65531#respond"]}]},{"@type":"WebPage","@id":"https:\/\/www.andandonagraca.org\/site\/?p=65531","url":"https:\/\/www.andandonagraca.org\/site\/?p=65531","name":"SOBRE A NECESSIDADE DE SERMOS SAL E LUZ - Pr. Jonas Santana","isPartOf":{"@id":"https:\/\/www.andandonagraca.org\/site\/#website"},"primaryImageOfPage":{"@id":"https:\/\/www.andandonagraca.org\/site\/?p=65531#primaryimage"},"image":{"@id":"https:\/\/www.andandonagraca.org\/site\/?p=65531#primaryimage"},"thumbnailUrl":"https:\/\/www.andandonagraca.org\/site\/wp-content\/uploads\/2020\/10\/Sal-da-Terra-e-Luz-do-Mundo.jpg","datePublished":"2020-10-23T13:25:30+00:00","dateModified":"2021-01-28T00:43:26+00:00","author":{"@id":"https:\/\/www.andandonagraca.org\/site\/#\/schema\/person\/225d0dedb572d4570a947397af2606ed"},"breadcrumb":{"@id":"https:\/\/www.andandonagraca.org\/site\/?p=65531#breadcrumb"},"inLanguage":"pt-BR","potentialAction":[{"@type":"ReadAction","target":["https:\/\/www.andandonagraca.org\/site\/?p=65531"]}]},{"@type":"ImageObject","inLanguage":"pt-BR","@id":"https:\/\/www.andandonagraca.org\/site\/?p=65531#primaryimage","url":"https:\/\/www.andandonagraca.org\/site\/wp-content\/uploads\/2020\/10\/Sal-da-Terra-e-Luz-do-Mundo.jpg","contentUrl":"https:\/\/www.andandonagraca.org\/site\/wp-content\/uploads\/2020\/10\/Sal-da-Terra-e-Luz-do-Mundo.jpg","width":1400,"height":856},{"@type":"BreadcrumbList","@id":"https:\/\/www.andandonagraca.org\/site\/?p=65531#breadcrumb","itemListElement":[{"@type":"ListItem","position":1,"name":"In\u00edcio","item":"https:\/\/www.andandonagraca.org\/site"},{"@type":"ListItem","position":2,"name":"SOBRE A NECESSIDADE DE SERMOS SAL E LUZ"}]},{"@type":"WebSite","@id":"https:\/\/www.andandonagraca.org\/site\/#website","url":"https:\/\/www.andandonagraca.org\/site\/","name":"Pr. Jonas Santana","description":"ANDANDO NA GRA\u00c7A - AEMSF","potentialAction":[{"@type":"SearchAction","target":{"@type":"EntryPoint","urlTemplate":"https:\/\/www.andandonagraca.org\/site\/?s={search_term_string}"},"query-input":{"@type":"PropertyValueSpecification","valueRequired":true,"valueName":"search_term_string"}}],"inLanguage":"pt-BR"},{"@type":"Person","@id":"https:\/\/www.andandonagraca.org\/site\/#\/schema\/person\/225d0dedb572d4570a947397af2606ed","name":"Pr. Jonas Santana","image":{"@type":"ImageObject","inLanguage":"pt-BR","@id":"https:\/\/secure.gravatar.com\/avatar\/7f463b781f71522d52f2ff3dae3592f9f7b0e24187fc413b95cd3efa8429de28?s=96&d=mm&r=g","url":"https:\/\/secure.gravatar.com\/avatar\/7f463b781f71522d52f2ff3dae3592f9f7b0e24187fc413b95cd3efa8429de28?s=96&d=mm&r=g","contentUrl":"https:\/\/secure.gravatar.com\/avatar\/7f463b781f71522d52f2ff3dae3592f9f7b0e24187fc413b95cd3efa8429de28?s=96&d=mm&r=g","caption":"Pr. Jonas Santana"},"description":"Pastor, pesquisador b\u00edblico, pregador do Evangelho do Reino A fidelidade requer que entreguemos o evangelho sob todos os \u00e2ngulos, sem omitir nada e sem exagerar em nada. Para isto requer-se muita sabedoria. Nosso desejo \u00e9 compartilhar a sabedoria do Reino de Deus a todos aqueles que o desejam de todo o cora\u00e7\u00e3o.","sameAs":["https:\/\/www.andandonagraca.org","https:\/\/www.facebook.com\/andandonagraca","https:\/\/www.instagram.com\/andandonagraca\/","https:\/\/www.youtube.com\/@andandonagraca","https:\/\/podcasters.spotify.com\/pod\/show\/andandonagraca\/"],"url":"https:\/\/www.andandonagraca.org\/site\/?author=1"}]}},"_links":{"self":[{"href":"https:\/\/www.andandonagraca.org\/site\/index.php?rest_route=\/wp\/v2\/posts\/65531","targetHints":{"allow":["GET"]}}],"collection":[{"href":"https:\/\/www.andandonagraca.org\/site\/index.php?rest_route=\/wp\/v2\/posts"}],"about":[{"href":"https:\/\/www.andandonagraca.org\/site\/index.php?rest_route=\/wp\/v2\/types\/post"}],"author":[{"embeddable":true,"href":"https:\/\/www.andandonagraca.org\/site\/index.php?rest_route=\/wp\/v2\/users\/1"}],"replies":[{"embeddable":true,"href":"https:\/\/www.andandonagraca.org\/site\/index.php?rest_route=%2Fwp%2Fv2%2Fcomments&post=65531"}],"version-history":[{"count":0,"href":"https:\/\/www.andandonagraca.org\/site\/index.php?rest_route=\/wp\/v2\/posts\/65531\/revisions"}],"wp:featuredmedia":[{"embeddable":true,"href":"https:\/\/www.andandonagraca.org\/site\/index.php?rest_route=\/wp\/v2\/media\/65535"}],"wp:attachment":[{"href":"https:\/\/www.andandonagraca.org\/site\/index.php?rest_route=%2Fwp%2Fv2%2Fmedia&parent=65531"}],"wp:term":[{"taxonomy":"category","embeddable":true,"href":"https:\/\/www.andandonagraca.org\/site\/index.php?rest_route=%2Fwp%2Fv2%2Fcategories&post=65531"},{"taxonomy":"post_tag","embeddable":true,"href":"https:\/\/www.andandonagraca.org\/site\/index.php?rest_route=%2Fwp%2Fv2%2Ftags&post=65531"}],"curies":[{"name":"wp","href":"https:\/\/api.w.org\/{rel}","templated":true}]}}