{"id":67308,"date":"2021-11-30T18:31:59","date_gmt":"2021-11-30T21:31:59","guid":{"rendered":"https:\/\/www.andandonagraca.org\/site\/?p=67308"},"modified":"2021-11-30T18:31:59","modified_gmt":"2021-11-30T21:31:59","slug":"unidade-espiritual","status":"publish","type":"post","link":"https:\/\/www.andandonagraca.org\/site\/?p=67308","title":{"rendered":"UNIDADE ESPIRITUAL"},"content":{"rendered":"<p style=\"text-align: justify;\">Unidade, um assunto t\u00e3o importante para Deus que Jesus antes de ser crucificado passou um longo tempo ministrando e intercedendo por Seus disc\u00edpulos e por todos n\u00f3s (Jo\u00e3o 17), para que pud\u00e9ssemos aprender e receber o esp\u00edrito da unidade, nos tornando um s\u00f3 com Cristo e um s\u00f3 uns com os outros. &#8211; Jesus disse que o mundo s\u00f3 O conheceria se visse esse esp\u00edrito de unidade em n\u00f3s!<\/p>\n<blockquote>\n<p style=\"text-align: justify;\">Jo\u00e3o 17:21-23 \u2013 para que todos sejam um, como tu, \u00f3 Pai, o \u00e9s em mim, e eu, em ti; que tamb\u00e9m eles sejam um em n\u00f3s, para que o mundo creia que tu me enviaste.\u00a0E EU DEI-LHES A GL\u00d3RIA QUE A MIM ME DESTE, PARA QUE SEJAM UM, como n\u00f3s somos um.\u00a0<u>Eu neles, e tu em mim, para que eles sejam perfeitos em unidade<\/u><u>,<\/u> e para que o mundo conhe\u00e7a que tu me enviaste a mim e que tens amado a eles como me tens amado a mim.<\/p>\n<\/blockquote>\n<p style=\"text-align: justify;\">A unidade espiritual da igreja \u00e9 uma obra exclusiva de Deus. N\u00e3o podemos produzir unidade; apenas mant\u00ea-la.<\/p>\n<h3 style=\"text-align: justify;\"><strong>\u00a0<\/strong><strong>Unidade \u00e9 ter este pensamento <\/strong><\/h3>\n<p style=\"text-align: justify;\">Ef\u00e9sios 4:1-6 \u2013 Rogo-vos, pois, eu, o preso do Senhor, que andeis como \u00e9 digno da voca\u00e7\u00e3o com que fostes chamados, com toda a humildade e mansid\u00e3o, com longanimidade, suportando-vos uns aos outros em amor, procurando guardar a unidade do Esp\u00edrito pelo <u>v\u00ednculo d<\/u><u>a Paz<\/u>, {que consiste em}:<\/p>\n<ol style=\"text-align: justify;\">\n<li><em>H\u00e1 um <\/em>s\u00f3 <em>corpo e um <\/em>s\u00f3 <em>Esp\u00edrito, <\/em><\/li>\n<li><em>Como tamb\u00e9m fostes chamados em <\/em><em>um<\/em><em>a <\/em>s\u00f3 <em>e<\/em><em>s<\/em><em>peran<\/em><em>\u00e7a da vossa voca\u00e7\u00e3o; <\/em><\/li>\n<li><em>Um <\/em>s\u00f3 <em>Senhor, <\/em><\/li>\n<li><em>Uma <\/em>s\u00f3 <em>f\u00e9, <\/em><\/li>\n<li><em>Um <\/em>s\u00f3 <em>batismo; <\/em><\/li>\n<li><em>Um <\/em>s\u00f3 <em>Deus e Pai de todos, <\/em>o <em>qual \u00e9 sobre todos<\/em><em>, <\/em><em>e po<\/em><em>r <\/em><em>todos, e em todos. <\/em><\/li>\n<\/ol>\n<p style=\"text-align: justify;\">Todos aqueles que nasceram de novo fazem parte da igreja e seus membros devem demonstrar aos olhos do mundo, de forma vis\u00edvel, essa unidade interna.<\/p>\n<p style=\"text-align: justify;\">A desuni\u00e3o dos crentes \u00e9 uma amea\u00e7a \u00e0 igreja e um esc\u00e2ndalo diante do mundo.\u00a0Essa atitude desonra a Cristo e a pr\u00f3pria igreja.\u00a0Paulo alertou para o fato de que uma igreja dividida \u00e9 uma presa f\u00e1cil no caso de um ataque frontal da sociedade externa. Assim, n\u00e3o basta apenas ficar firme contra os perigos que v\u00eam de fora; \u00e9 preciso acautelar-se contra o perigo de reduzir ou ficar reduzido a pequenos fragmentos por causa das divis\u00f5es internas. <em>Para <\/em>o <em>ap\u00f3stol<\/em><em>o <\/em><em>Paulo uma santa e una igreja&#8221; n\u00e3o era apenas um artigo de f\u00e9. <\/em><\/p>\n<p style=\"text-align: justify;\">Filipenses 1:28 \u2013 E em nada vos espanteis dos que resistem, o que para eles, na verdade, \u00e9 ind\u00edcio de perdi\u00e7\u00e3o, mas, para v\u00f3s, de salva\u00e7\u00e3o, e isto de Deus.<\/p>\n<p style=\"text-align: justify;\">Filipenses 2:1-4 \u2013 Portanto, se h\u00e1 algum conforto em Cristo, se alguma consola\u00e7\u00e3o de amor, se alguma comunh\u00e3o no Esp\u00edrito, se alguns entranh\u00e1veis afetos e compaix\u00f5es, completai o meu gozo, para que sintais o mesmo, tendo o mesmo amor, o mesmo \u00e2nimo, sentindo uma mesma coisa.\u00a0Nada fa\u00e7ais por contenda ou por vangl\u00f3ria, mas por humildade; cada um considere os outros superiores a si mesmo.\u00a0N\u00e3o atente cada um para o que \u00e9 propriamente seu, mas cada qual tamb\u00e9m para o que \u00e9 dos outros.<\/p>\n<p style=\"text-align: justify;\"><strong><em>EXISTE UM TIPO DE PENS<\/em><\/strong><strong><em>A<\/em><\/strong><strong><em>ME<\/em><\/strong><strong><em>N<\/em><\/strong><strong><em>TO PREDOMIN<\/em><\/strong><strong><em>AN<\/em><\/strong><strong><em>TE<\/em><\/strong><strong><em>, C<\/em><\/strong><strong><em>ONTR\u00c1RIO AO ESP\u00cdRITO DA UNIDADE <\/em><\/strong><\/p>\n<p style=\"text-align: justify;\">H\u00e1 uma hipocrisia instalada na mente de muitos, fruto da raiz judaizante que impera em larga escala por a\u00ed que consiste em:<\/p>\n<ul style=\"text-align: justify;\">\n<li>Saber quem \u00e9 o maior,<\/li>\n<li>Quem comanda e quem \u00e9 comandado,<\/li>\n<li>Quem manda e quem obedece,<\/li>\n<li>Quem recebe e quem paga.<\/li>\n<\/ul>\n<p style=\"text-align: justify;\">Este n\u00e3o \u00e9 o esp\u00edrito quando se fala em unidade!<\/p>\n<p style=\"text-align: justify;\">Os <em>que t\u00eam essa mente, claramente n<\/em><em>\u00e3o compre<\/em><em>endem os ensinamentos de Jesus<\/em><em>: <\/em><\/p>\n<p style=\"text-align: justify;\">Mateus 18:1-4 \u2013 Naquela mesma hora, chegaram os disc\u00edpulos ao p\u00e9 de Jesus, dizendo: Quem \u00e9 o maior no Reino dos c\u00e9us?<\/p>\n<p style=\"text-align: justify;\">E Jesus, chamando uma crian\u00e7a, a p\u00f4s no meio deles e disse: <em>Em verdade vos digo que, se n\u00e3o vos converterdes e n\u00e3o vos f<\/em><em>izerdes como cr<\/em><em>ian\u00e7as<\/em><em>, <\/em><em>de modo algum entrar<\/em><em>e<\/em><em>is <\/em><em>no R<\/em><em>eino dos c\u00e9us<\/em><em>. <\/em><em>Portanto, aquele que se <\/em><em>tornar humi<\/em><em>l<\/em><em>de co<\/em><em>mo esta c<\/em><em>r<\/em><em>ian\u00e7a, esse \u00e9 <\/em>o <em>maior no Reino d<\/em><em>o<\/em><em>s c\u00e9us. <\/em><\/p>\n<p style=\"text-align: justify;\">Lucas 22:24-27 \u2013 E houve tamb\u00e9m entre eles contenda sobre qual deles parecia ser o maior.<\/p>\n<p style=\"text-align: justify;\">E ele lhes disse: Os reis dos gentios dominam sobre eles, e os que t\u00eam autoridade sobre eles s\u00e3o chamados benfeitores.<\/p>\n<p style=\"text-align: justify;\"><em>Mas n\u00e3o sereis v\u00f3s assim; antes, <\/em>o <em>ma<\/em><em>i<\/em><em>o<\/em><em>r en<\/em><em>t<\/em><em>re v<\/em><em>\u00f3s seja como <\/em>o <em>menor; e quem governa<\/em><em>, c<\/em><em>omo quem serve. <\/em><\/p>\n<p style=\"text-align: justify;\">Pois qual \u00e9 maior: quem est\u00e1 \u00e0 mesa ou quem serve? Porventura, n\u00e3o \u00e9 quem est\u00e1 \u00e0 mesa? <em>Eu, por\u00e9m, entre v\u00f3s, sou como aquele que serve<\/em><em>. <\/em><\/p>\n<p style=\"text-align: justify;\"><strong><em>ESSE TIPO DE PENSAME<\/em><\/strong><strong><em>N<\/em><\/strong><strong><em>TO PROVOC<\/em><\/strong><strong><em>A <\/em><\/strong><strong><em>MO<\/em><\/strong><strong><em>TI<\/em><\/strong><strong><em>VOS <\/em><\/strong><strong><em>OU CA<\/em><\/strong><strong><em>USAS QUE INTERROMPEM A UNIDAD<\/em><\/strong><strong><em>E <\/em><\/strong><\/p>\n<p style=\"text-align: justify;\">\u00a0\u2013 Egocentrismo: porque acham que sua opini\u00e3o ou seu jeito de fazer \u00e9 melhor<\/p>\n<p style=\"text-align: justify;\">\u00a0\u2013 Competi\u00e7\u00e3o: querem sempre estar \u201ccertos\u201d e serem \u201cmelhores\u201d, colocam-se em pedestais ou altos.<\/p>\n<p style=\"text-align: justify;\">\u00a0\u2013 Autopastoreio: n\u00e3o conseguem se abrir para serem ensinados, conduzidos, pastoreados, caminhar em bando como as ovelhas.<\/p>\n<p style=\"text-align: justify;\">Judas vers\u00edculo 12 fala que essas pessoas que se autopastoreiam, ou seja, que s\u00e3o pastores de si pr\u00f3prias e n\u00e3o se submetem a pastores e l\u00edderes espirituais, s\u00e3o iguais a \u201cnuvem sem \u00e1gua\u201d e \u201c\u00e1rvores sem ra\u00edzes\u201d, s\u00e3o est\u00e9reis e n\u00e3o geram frutos que permanecem.<\/p>\n<p style=\"text-align: justify;\">\u00a0\u2013 <strong>Opress\u00e3o maligna: <\/strong>h\u00e1 um esp\u00edrito maligno atuando em suas vidas.<\/p>\n<p style=\"text-align: justify;\">Em alguns casos \u00e9 um legado de orfandade, quando as pessoas n\u00e3o tiveram a figura paterna presente e acolhedora na sua inf\u00e2ncia.<\/p>\n<p style=\"text-align: justify;\">Em outros casos trata-se de um \u201cesp\u00edrito de bode\u201d mesmo, que gera pessoas solit\u00e1rias, que n\u00e3o sabem viver em grupo como as ovelhas.<\/p>\n<p style=\"text-align: justify;\">Mas para todos esses casos \u00e9 poss\u00edvel a cura e a liberta\u00e7\u00e3o em Cristo Jesus.<\/p>\n<p style=\"text-align: justify;\">Acredito que os l\u00edderes que trabalham nos dias de hoje \u2013 grupos, organiza\u00e7\u00f5es e denomina\u00e7\u00f5es \u2013 precisam observar o que Paulo diz em 2<sup>a<\/sup> Cor\u00edntios 12:<\/p>\n<p style=\"text-align: justify;\">\u2013 Pois n\u00e3o vou atr\u00e1s dos vossos bens, mas procuro a v\u00f3s outros. N\u00e3o devem os filhos entesourar para os pais, mas os pais, para os filhos. Eu de boa vontade me gastarei e ainda me deixarei gastar em prol da vossa alma. Se mais vos amo, serei menos amado? Pois seja assim, eu n\u00e3o vos fui pesado; por\u00e9m, sendo astuto, vos prendi com dolo. Porventura, vos explorei por interm\u00e9dio de algum daqueles que vos enviei? Roguei a Tito e enviei com ele outro irm\u00e3o; porventura, Tito vos explorou? Acaso, n\u00e3o temos andado no mesmo esp\u00edrito? N\u00e3o seguimos nas mesmas<br \/>\npisadas?<\/p>\n<p style=\"text-align: justify;\"><strong>DEFIN<\/strong><strong>I<\/strong><strong>\u00c7\u00c3O <\/strong><\/p>\n<blockquote>\n<p style=\"text-align: justify;\"><strong><em>\u00a0<\/em><\/strong><strong>Unidade \u00e9 A\u00e7\u00e3o cole<\/strong><strong>tiva, que tende a um \u00fa<\/strong><strong>n<\/strong><strong>i<\/strong><strong>co ob<\/strong><strong>j<\/strong><strong>etivo: <\/strong><strong><em>COES\u00c3O; INTEGRA\u00c7\u00c3O; UNI\u00c3O. <\/em><\/strong><\/p>\n<\/blockquote>\n<p style=\"text-align: justify;\"><strong><em>\u00a0<\/em><\/strong><strong>Coes\u00e3o \u2013 <\/strong>Ader\u00eancia, for\u00e7a que une entre si as mol\u00e9culas dos l\u00edquidos ou dos s\u00f3lidos. Qualidade de algo em que todas as partes est\u00e3o ligadas umas \u00e0s outras.<\/p>\n<p style=\"text-align: justify;\">Figurado: Harmonia, associa\u00e7\u00e3o \u00edntima.<\/p>\n<p style=\"text-align: justify;\"><strong>I<\/strong><strong>ntegra\u00e7\u00e3o \u2013 <\/strong>Ato ou efeito de integrar. \u2260 DESINTEGRA\u00c7\u00c3O<\/p>\n<p style=\"text-align: justify;\">[Sociologia] &#8211; Adapta\u00e7\u00e3o, incorpora\u00e7\u00e3o de um indiv\u00edduo ou grupo externo numa comunidade, num meio. \u2260 SEGREGA\u00c7\u00c3O<\/p>\n<p style=\"text-align: justify;\"><strong>In<\/strong><strong>tegrar \u2013 <\/strong>Conjugar, Tornar inteiro ou cabal = COMPLETAR.<\/p>\n<p style=\"text-align: justify;\">Possuir na sua constitui\u00e7\u00e3o ou forma\u00e7\u00e3o (ex.: a orquestra integra jovens de v\u00e1rias nacionalidades).<\/p>\n<p style=\"text-align: justify;\">Tornar(-se) parte de um conjunto ou de um grupo. = INCLUIR, INCORPORAR.<\/p>\n<p style=\"text-align: justify;\">Adaptar(-se), combinar(-se).<\/p>\n<p style=\"text-align: justify;\"><strong>Uni\u00e3o \u2013 <\/strong>Ato ou efeito de unir. Jun\u00e7\u00e3o de duas coisas ou pessoas.<\/p>\n<p style=\"text-align: justify;\">Conformidade de esfor\u00e7os ou pensamentos. Conc\u00f3rdia. Alian\u00e7a. Ades\u00e3o. Confedera\u00e7\u00e3o. Contato. Liga. Casamento.<\/p>\n<p style=\"text-align: justify;\"><strong><em>\u00a0<\/em><\/strong><strong><em>BASE DOUTRIN\u00c1RIA <\/em><\/strong><\/p>\n<p style=\"text-align: justify;\"><strong><em>\u00a0<\/em><\/strong><strong><em>Filipenses 2:1-4 ARC &#8211; Portanto, se h\u00e1 algum conforto em Cristo, se alguma consola\u00e7\u00e3o de amor, se alguma comunh\u00e3o no Esp\u00edrito, se alguns entranh\u00e1veis afetos e compaix\u00f5es, completai o meu gozo, para que sintais o mesmo, tendo o mesmo amor, o mesmo \u00e2nimo, sentindo uma mesma coisa. Nada fa\u00e7ais por contenda ou por vangl\u00f3ria, mas por humildade; cada um considere os outros superiores a si mesmo. N\u00e3o atente cada um para o que \u00e9 propriamente seu, mas cada qual tamb\u00e9m para o que \u00e9 dos outros.<\/em><\/strong><\/p>\n<p style=\"text-align: justify;\">Paulo apresenta quatro pilares que sustentam a unidade crist\u00e3. Esses pilares n\u00e3o s\u00e3o criados pela igreja; s\u00e3o d\u00e1divas de Deus \u00e0 igreja. Paulo coloca esses fundamentos em forma de cl\u00e1usulas condicionais, mas ele assume em cada uma que a condi\u00e7\u00e3o \u00e9 verdadeira. Esses pilares j\u00e1 existem e eles precisam ser o alicerce da unidade.<\/p>\n<p style=\"text-align: justify;\">Podemos ver a obra da pr\u00f3pria Trindade na constru\u00e7\u00e3o da unidade da igreja. Os crentes est\u00e3o em Cristo, experimentando a realidade do amor de Deus, pela a\u00e7\u00e3o do Esp\u00edrito Santo.<\/p>\n<p style=\"text-align: justify;\"><strong>Quais s\u00e3o esses pilares da unidade?<\/strong><\/p>\n<p style=\"text-align: justify;\"><strong>1<\/strong><strong>) Exorta\u00e7\u00e3o em Cristo<\/strong><\/p>\n<p style=\"text-align: justify;\">A palavra grega paraklesis sugere que h\u00e1 uma obriga\u00e7\u00e3o colocada sobre os filipenses, oriunda diretamente de sua vida comum &#8220;em Cristo&#8221;, para trabalharem juntos e em harmonia.<\/p>\n<p style=\"text-align: justify;\">Paulo est\u00e1 convidando os filipenses a lembrar-se de seu status de comunidade amada por Cristo.<\/p>\n<p style=\"text-align: justify;\"><strong>Todo crente <\/strong><strong>t<\/strong><strong>e<\/strong><strong>m rec<\/strong><strong>eb<\/strong><strong>i<\/strong><strong>do <\/strong><strong>e<\/strong><strong>ncorajamento, exorta\u00e7\u00e3o e conforto <\/strong><strong>de <\/strong><strong>Cristo<\/strong><strong>. <\/strong><strong>Essa comum expe<\/strong><strong>r<\/strong><strong>i\u00eanc<\/strong><strong>i<\/strong><strong>a de<\/strong><strong>ve<\/strong><strong>r<\/strong><strong>ia un<\/strong><strong>ir <\/strong><strong>o<\/strong><strong>s crentes<\/strong><strong>. <\/strong><strong>Ningu\u00e9m pode caminh<\/strong><strong>ar <\/strong><strong>desunido c<\/strong><strong>om <\/strong><strong>seu seme<\/strong><strong>lh<\/strong><strong>ante e a<\/strong><strong>o m<\/strong><strong>e<\/strong><strong>sm<\/strong><strong>o <\/strong><strong>t<\/strong><strong>empo estar unido a Cristo<\/strong><strong>. <\/strong><strong>N<\/strong><strong>i<\/strong><strong>ng<\/strong><strong>u<\/strong><strong>\u00e9<\/strong><strong>m p<\/strong><strong>ode viv<\/strong><strong>e<\/strong><strong>r a atmosfe<\/strong><strong>r<\/strong><strong>a de Cristo e <\/strong><strong>viver ao me<\/strong><strong>smo tempo od<\/strong><strong>i<\/strong><strong>ando a seus irm\u00e3os<\/strong><strong>. <\/strong><\/p>\n<p style=\"text-align: justify;\"><strong>2) Consola\u00e7\u00e3o de amor<\/strong><\/p>\n<p style=\"text-align: justify;\">Aqui, \u00e9 o amor de Cristo pela igreja que Paulo tem em vista.<\/p>\n<p style=\"text-align: justify;\">Ao conclamar os crentes para que vivam juntos em harmonia, Paulo apela para os mais altos motivos:<\/p>\n<ul style=\"text-align: justify;\">\n<li>O amor que o Senhor da Igreja nutre por seu povo deve impeli-los a viver dignament<\/li>\n<li>O amor de Cristo nos leva a amar como Cristo nos amou (1<sup>a<\/sup> Jo\u00e3o 3:16).<\/li>\n<li>O amor nos leva a suportar uns aos outros. O amor nos leva a perdoar uns aos out<\/li>\n<\/ul>\n<p style=\"text-align: justify;\"><strong>3) Comunh\u00e3o do Esp\u00edrito<\/strong><\/p>\n<p style=\"text-align: justify;\">A participa\u00e7\u00e3o comum no Esp\u00edrito, pela qual os crentes s\u00e3o batizados em um s\u00f3 corpo, deveria determinar a morte de toda desaven\u00e7a e esp\u00edrito de partidarismo dentro da igreja. O Esp\u00edrito Santo trouxe os crist\u00e3os \u00e0 comunh\u00e3o uns com os outros.<\/p>\n<p style=\"text-align: justify;\">Aquele que os uniu em Cristo, tamb\u00e9m os uniu uns aos outros.<\/p>\n<ul style=\"text-align: justify;\">\n<li>\u00c9 o Esp\u00edrito Santo que produz a nossa comunh\u00e3o com Deus e a nossa comunh\u00e3o com os irm\u00e3os.<\/li>\n<li>\u00c9 o Esp\u00edrito que nos une a Deus e aos irm\u00e3os de tal maneira que todo aquele que vive em desuni\u00e3o com seus irm\u00e3os d\u00e1 provas de n\u00e3o possuir o dom do Esp\u00edrito.<\/li>\n<\/ul>\n<p style=\"text-align: justify;\"><strong>4) Entranhados afetos e miseric\u00f3rdia<\/strong><\/p>\n<p style=\"text-align: justify;\">A palavra grega splanchna \u201cafetos\u201d significa literalmente \u201cas entranhas humanas, consideradas como a sede da vida emocional. <strong>Fi<\/strong><strong>lipenses <\/strong><strong>1:<\/strong><strong>8<\/strong> &#8211; Porque Deus me \u00e9 testemunha das saudades que de todos v\u00f3s tenho, em entranh\u00e1vel afei\u00e7\u00e3o de Jesus Cristo.<\/p>\n<p style=\"text-align: justify;\">Enquanto no primeiro cap\u00edtulo a palavra est\u00e1 se referindo ao amor de Paulo pelos filipenses, aqui ela se refere ao amor de Cristo por eles e atrav\u00e9s deles.<\/p>\n<p style=\"text-align: justify;\">J\u00e1 a palavra grega oiktirmoi \u201cmiseric\u00f3rdias\u201d \u00e9 a palavra que descreve a emo\u00e7\u00e3o humana da piedade terna.<\/p>\n<p style=\"text-align: justify;\">A irmandade em uma igreja n\u00e3o se limita a \u201csentimentos\u201d nem se resume em atividades de ajuda e frias a\u00e7\u00f5es.<\/p>\n<p style=\"text-align: justify;\">Certamente nossas&#8221; entranhas&#8221; precisam ser movidas, e as afli\u00e7\u00f5es do irm\u00e3o precisam despertar em n\u00f3s uma viva compaix\u00e3o.<\/p>\n<p style=\"text-align: justify;\"><strong><em>TIPOS DE UNIDADE QUE NOS D\u00c3O PODER <\/em><\/strong><\/p>\n<p style=\"text-align: justify;\"><strong><em>UNIDADE NO CASAMENTO E NA FAM\u00cdLIA<\/em><\/strong> \u2013 A esposa precisa se unir ao seu marido ou ajud\u00e1-lo nas decis\u00f5es e assim viverem em concord\u00e2ncia.<\/p>\n<p style=\"text-align: justify;\">Quando h\u00e1 concord\u00e2ncia dentro do lar, tudo se torna poss\u00edvel, principalmente se estiver em linha com Deus. Os filhos precisam estar em concord\u00e2ncia com os pais, seguindo as suas instru\u00e7\u00f5es, o segredo para a vida em abund\u00e2ncia esta a\u00ed.<\/p>\n<p style=\"text-align: justify;\">\u00c9 o princ\u00edpio da unidade que Jesus disse em Mateus 18:19, quando dois<br \/>\nconcordarem na terra em ora\u00e7\u00e3o, ser\u00e1 concordado no c\u00e9u e concedido por Deus Pai.<\/p>\n<p style=\"text-align: justify;\"><strong><em>UNIDADE ENTRE EU <\/em><\/strong><strong><em>E DEUS<\/em><\/strong> \u2013 Eu preciso me unir a Ele \u2013 estar em concord\u00e2ncia com seu prop\u00f3sito para minha vida. Assim eu sou instrumento para contribuir que a unidade da igreja, da fam\u00edlia, do Grupo Familiar, dos disc\u00edpulos etc., seja aperfei\u00e7oada.<\/p>\n<p style=\"text-align: justify;\">Se formos um com Ele, o Seu reino estar\u00e1 em primeiro lugar na nossa vida, sendo assim n\u00e3o teremos dificuldade de viver e praticar a Sua Palavra, n\u00e3o teremos dificuldades de ser fiel, de fugir do pecado, de ser submisso aos nossos l\u00edderes, nos esfor\u00e7aremos para fazer disc\u00edpulos frut\u00edferos, pois refletiremos a vontade perfeita de Deus em todas as \u00e1reas da nossa vida.<\/p>\n<p style=\"text-align: justify;\"><strong><em>UNIDADE COM A VIS\u00c3O E O CHAMADO DA IGREJA<\/em><\/strong> \u2013 Unidade entre mim e voc\u00ea, isto \u00e9, entre os irm\u00e3os em Cristo. Estar unidos n\u00e3o \u00e9 apenas estarmos todos juntos em um culto, no Grupo Familiar ou conviver na igreja, na fam\u00edlia ou trabalho.<\/p>\n<p style=\"text-align: justify;\">N\u00e3o levantaremos altares individuais. Nenhum de n\u00f3s \u00e9 uma unidade<br \/>\nindependente. N\u00e3o somos uma institui\u00e7\u00e3o impessoal. Nossa rela\u00e7\u00e3o \u00e9 de<br \/>\nalinhamento de alian\u00e7a. N\u00e3o h\u00e1 espa\u00e7o para quebra de alian\u00e7as, assim Deus renova suas b\u00ean\u00e7\u00e3os e Satan\u00e1s tem seu acesso desautorizado e que, como notas musicais, as experi\u00eancias pessoais, embora individualmente essenciais, s\u00f3 desempenhar\u00e3o sua plena fun\u00e7\u00e3o se combinadas com o todo na harmonia de uma \u00fanica melodia. Somos uma sinfonia.<\/p>\n<p style=\"text-align: justify;\">Crian\u00e7as, adolescentes, Jovens e adultos, homens e mulheres, ser\u00e3o parceiros tocando e cantando uma \u00fanica can\u00e7\u00e3o.<\/p>\n<p style=\"text-align: justify;\">Queremos ser uma fam\u00edlia de fam\u00edlias. Para recebermos a b\u00ean\u00e7\u00e3o da vis\u00e3o do que minist\u00e9rio que fazemos parte, do corpo que somos membros, precisamos estar em unidade.<\/p>\n<p style=\"text-align: justify;\"><strong><em>UNIDADE ENTRE DISC\u00cdPULO E PASTOR<\/em><\/strong> \u2013 O disc\u00edpulo se une ao seu l\u00edder no prop\u00f3sito, na linguagem, na vis\u00e3o, no sonho e na miss\u00e3o\u2026<\/p>\n<p style=\"text-align: justify;\">O resultado \u00e9 crescimento e conquistas em todos os n\u00edveis. Esta unidade com o Pastor e com o grupo forma uma equipe e equipe \u00e9 um conjunto de pessoas que, juntas, interagem plenamente entre si e que todos trabalham un\u00e2nimes rumo a um mesmo e \u00fanico objetivo proposto. Os integrantes desta equipe sempre cuidar\u00e3o um do outro.<\/p>\n<p style=\"text-align: justify;\"><strong><em>UNIDADE COM MINHA EQUIPE DE TRABALHO<\/em><\/strong> \u2013 Com as pessoas com quem compartilho o ambiente de meu sustento ou de estudo. A palavra de Deus diz que devemos fazer tudo como se estiv\u00e9ssemos fazendo para o pr\u00f3prio Jesus Cristo, por isso devemos fazer tudo sempre com primor.<\/p>\n<p style=\"text-align: justify;\">A palavra de Deus tamb\u00e9m diz que o servo (trabalhador) deve honrar seu senhor (empregador) e que o senhor deve tratar o servo com dignidade, como seu irm\u00e3o (Colossenses 3:23 e Ef\u00e9sios 6:5-9).<\/p>\n","protected":false},"excerpt":{"rendered":"<p>Unidade, um assunto t\u00e3o importante para Deus que Jesus antes de ser crucificado passou um longo tempo ministrando<\/p>\n","protected":false},"author":1,"featured_media":67309,"comment_status":"open","ping_status":"open","sticky":false,"template":"","format":"status","meta":{"footnotes":""},"categories":[11],"tags":[61,38,29,18,56,34],"class_list":["post-67308","post","type-post","status-publish","format-status","has-post-thumbnail","hentry","category-fe-amor","tag-comportamento","tag-cristao","tag-cruz","tag-cuidado","tag-obediencia","tag-reconciliacao","post_format-post-format-status"],"yoast_head":"<!-- This site is optimized with the Yoast SEO plugin v27.5 - https:\/\/yoast.com\/product\/yoast-seo-wordpress\/ -->\n<title>UNIDADE ESPIRITUAL - Pr. Jonas Santana<\/title>\n<meta name=\"robots\" content=\"index, follow, max-snippet:-1, max-image-preview:large, max-video-preview:-1\" \/>\n<link rel=\"canonical\" href=\"https:\/\/www.andandonagraca.org\/site\/?p=67308\" \/>\n<meta property=\"og:locale\" content=\"pt_BR\" \/>\n<meta property=\"og:type\" content=\"article\" \/>\n<meta property=\"og:title\" content=\"UNIDADE ESPIRITUAL - Pr. Jonas Santana\" \/>\n<meta property=\"og:description\" content=\"Unidade, um assunto t\u00e3o importante para Deus que Jesus antes de ser crucificado passou um longo tempo ministrando\" \/>\n<meta property=\"og:url\" content=\"https:\/\/www.andandonagraca.org\/site\/?p=67308\" \/>\n<meta property=\"og:site_name\" content=\"Pr. Jonas Santana\" \/>\n<meta property=\"article:publisher\" content=\"https:\/\/www.facebook.com\/andandonagraca\" \/>\n<meta property=\"article:author\" content=\"https:\/\/www.facebook.com\/andandonagraca\" \/>\n<meta property=\"article:published_time\" content=\"2021-11-30T21:31:59+00:00\" \/>\n<meta property=\"og:image\" content=\"https:\/\/www.andandonagraca.org\/site\/wp-content\/uploads\/2021\/11\/unidade.jpg\" \/>\n\t<meta property=\"og:image:width\" content=\"1600\" \/>\n\t<meta property=\"og:image:height\" content=\"1065\" \/>\n\t<meta property=\"og:image:type\" content=\"image\/jpeg\" \/>\n<meta name=\"author\" content=\"Pr. Jonas Santana\" \/>\n<meta name=\"twitter:card\" content=\"summary_large_image\" \/>\n<meta name=\"twitter:label1\" content=\"Escrito por\" \/>\n\t<meta name=\"twitter:data1\" content=\"Pr. Jonas Santana\" \/>\n\t<meta name=\"twitter:label2\" content=\"Est. tempo de leitura\" \/>\n\t<meta name=\"twitter:data2\" content=\"12 minutos\" \/>\n<script type=\"application\/ld+json\" class=\"yoast-schema-graph\">{\"@context\":\"https:\\\/\\\/schema.org\",\"@graph\":[{\"@type\":\"Article\",\"@id\":\"https:\\\/\\\/www.andandonagraca.org\\\/site\\\/?p=67308#article\",\"isPartOf\":{\"@id\":\"https:\\\/\\\/www.andandonagraca.org\\\/site\\\/?p=67308\"},\"author\":{\"name\":\"Pr. Jonas Santana\",\"@id\":\"https:\\\/\\\/www.andandonagraca.org\\\/site\\\/#\\\/schema\\\/person\\\/225d0dedb572d4570a947397af2606ed\"},\"headline\":\"UNIDADE ESPIRITUAL\",\"datePublished\":\"2021-11-30T21:31:59+00:00\",\"mainEntityOfPage\":{\"@id\":\"https:\\\/\\\/www.andandonagraca.org\\\/site\\\/?p=67308\"},\"wordCount\":2568,\"commentCount\":0,\"image\":{\"@id\":\"https:\\\/\\\/www.andandonagraca.org\\\/site\\\/?p=67308#primaryimage\"},\"thumbnailUrl\":\"https:\\\/\\\/www.andandonagraca.org\\\/site\\\/wp-content\\\/uploads\\\/2021\\\/11\\\/unidade.jpg\",\"keywords\":[\"comportamento\",\"crist\u00e3o\",\"cruz\",\"cuidado\",\"obedi\u00eancia\",\"reconcilia\u00e7\u00e3o\"],\"articleSection\":[\"F\u00e9, Esperan\u00e7a &amp; Amor\"],\"inLanguage\":\"pt-BR\",\"potentialAction\":[{\"@type\":\"CommentAction\",\"name\":\"Comment\",\"target\":[\"https:\\\/\\\/www.andandonagraca.org\\\/site\\\/?p=67308#respond\"]}]},{\"@type\":\"WebPage\",\"@id\":\"https:\\\/\\\/www.andandonagraca.org\\\/site\\\/?p=67308\",\"url\":\"https:\\\/\\\/www.andandonagraca.org\\\/site\\\/?p=67308\",\"name\":\"UNIDADE ESPIRITUAL - Pr. Jonas Santana\",\"isPartOf\":{\"@id\":\"https:\\\/\\\/www.andandonagraca.org\\\/site\\\/#website\"},\"primaryImageOfPage\":{\"@id\":\"https:\\\/\\\/www.andandonagraca.org\\\/site\\\/?p=67308#primaryimage\"},\"image\":{\"@id\":\"https:\\\/\\\/www.andandonagraca.org\\\/site\\\/?p=67308#primaryimage\"},\"thumbnailUrl\":\"https:\\\/\\\/www.andandonagraca.org\\\/site\\\/wp-content\\\/uploads\\\/2021\\\/11\\\/unidade.jpg\",\"datePublished\":\"2021-11-30T21:31:59+00:00\",\"author\":{\"@id\":\"https:\\\/\\\/www.andandonagraca.org\\\/site\\\/#\\\/schema\\\/person\\\/225d0dedb572d4570a947397af2606ed\"},\"breadcrumb\":{\"@id\":\"https:\\\/\\\/www.andandonagraca.org\\\/site\\\/?p=67308#breadcrumb\"},\"inLanguage\":\"pt-BR\",\"potentialAction\":[{\"@type\":\"ReadAction\",\"target\":[\"https:\\\/\\\/www.andandonagraca.org\\\/site\\\/?p=67308\"]}]},{\"@type\":\"ImageObject\",\"inLanguage\":\"pt-BR\",\"@id\":\"https:\\\/\\\/www.andandonagraca.org\\\/site\\\/?p=67308#primaryimage\",\"url\":\"https:\\\/\\\/www.andandonagraca.org\\\/site\\\/wp-content\\\/uploads\\\/2021\\\/11\\\/unidade.jpg\",\"contentUrl\":\"https:\\\/\\\/www.andandonagraca.org\\\/site\\\/wp-content\\\/uploads\\\/2021\\\/11\\\/unidade.jpg\",\"width\":1600,\"height\":1065},{\"@type\":\"BreadcrumbList\",\"@id\":\"https:\\\/\\\/www.andandonagraca.org\\\/site\\\/?p=67308#breadcrumb\",\"itemListElement\":[{\"@type\":\"ListItem\",\"position\":1,\"name\":\"In\u00edcio\",\"item\":\"https:\\\/\\\/www.andandonagraca.org\\\/site\"},{\"@type\":\"ListItem\",\"position\":2,\"name\":\"UNIDADE ESPIRITUAL\"}]},{\"@type\":\"WebSite\",\"@id\":\"https:\\\/\\\/www.andandonagraca.org\\\/site\\\/#website\",\"url\":\"https:\\\/\\\/www.andandonagraca.org\\\/site\\\/\",\"name\":\"Pr. Jonas Santana\",\"description\":\"ANDANDO NA GRA\u00c7A - AEMSF\",\"potentialAction\":[{\"@type\":\"SearchAction\",\"target\":{\"@type\":\"EntryPoint\",\"urlTemplate\":\"https:\\\/\\\/www.andandonagraca.org\\\/site\\\/?s={search_term_string}\"},\"query-input\":{\"@type\":\"PropertyValueSpecification\",\"valueRequired\":true,\"valueName\":\"search_term_string\"}}],\"inLanguage\":\"pt-BR\"},{\"@type\":\"Person\",\"@id\":\"https:\\\/\\\/www.andandonagraca.org\\\/site\\\/#\\\/schema\\\/person\\\/225d0dedb572d4570a947397af2606ed\",\"name\":\"Pr. Jonas Santana\",\"image\":{\"@type\":\"ImageObject\",\"inLanguage\":\"pt-BR\",\"@id\":\"https:\\\/\\\/secure.gravatar.com\\\/avatar\\\/7f463b781f71522d52f2ff3dae3592f9f7b0e24187fc413b95cd3efa8429de28?s=96&d=mm&r=g\",\"url\":\"https:\\\/\\\/secure.gravatar.com\\\/avatar\\\/7f463b781f71522d52f2ff3dae3592f9f7b0e24187fc413b95cd3efa8429de28?s=96&d=mm&r=g\",\"contentUrl\":\"https:\\\/\\\/secure.gravatar.com\\\/avatar\\\/7f463b781f71522d52f2ff3dae3592f9f7b0e24187fc413b95cd3efa8429de28?s=96&d=mm&r=g\",\"caption\":\"Pr. Jonas Santana\"},\"description\":\"Pastor, pesquisador b\u00edblico, pregador do Evangelho do Reino A fidelidade requer que entreguemos o evangelho sob todos os \u00e2ngulos, sem omitir nada e sem exagerar em nada. Para isto requer-se muita sabedoria. Nosso desejo \u00e9 compartilhar a sabedoria do Reino de Deus a todos aqueles que o desejam de todo o cora\u00e7\u00e3o.\",\"sameAs\":[\"https:\\\/\\\/www.andandonagraca.org\",\"https:\\\/\\\/www.facebook.com\\\/andandonagraca\",\"https:\\\/\\\/www.instagram.com\\\/andandonagraca\\\/\",\"https:\\\/\\\/www.youtube.com\\\/@andandonagraca\",\"https:\\\/\\\/podcasters.spotify.com\\\/pod\\\/show\\\/andandonagraca\\\/\"],\"url\":\"https:\\\/\\\/www.andandonagraca.org\\\/site\\\/?author=1\"}]}<\/script>\n<!-- \/ Yoast SEO plugin. -->","yoast_head_json":{"title":"UNIDADE ESPIRITUAL - Pr. Jonas Santana","robots":{"index":"index","follow":"follow","max-snippet":"max-snippet:-1","max-image-preview":"max-image-preview:large","max-video-preview":"max-video-preview:-1"},"canonical":"https:\/\/www.andandonagraca.org\/site\/?p=67308","og_locale":"pt_BR","og_type":"article","og_title":"UNIDADE ESPIRITUAL - Pr. Jonas Santana","og_description":"Unidade, um assunto t\u00e3o importante para Deus que Jesus antes de ser crucificado passou um longo tempo ministrando","og_url":"https:\/\/www.andandonagraca.org\/site\/?p=67308","og_site_name":"Pr. Jonas Santana","article_publisher":"https:\/\/www.facebook.com\/andandonagraca","article_author":"https:\/\/www.facebook.com\/andandonagraca","article_published_time":"2021-11-30T21:31:59+00:00","og_image":[{"width":1600,"height":1065,"url":"https:\/\/www.andandonagraca.org\/site\/wp-content\/uploads\/2021\/11\/unidade.jpg","type":"image\/jpeg"}],"author":"Pr. Jonas Santana","twitter_card":"summary_large_image","twitter_misc":{"Escrito por":"Pr. Jonas Santana","Est. tempo de leitura":"12 minutos"},"schema":{"@context":"https:\/\/schema.org","@graph":[{"@type":"Article","@id":"https:\/\/www.andandonagraca.org\/site\/?p=67308#article","isPartOf":{"@id":"https:\/\/www.andandonagraca.org\/site\/?p=67308"},"author":{"name":"Pr. Jonas Santana","@id":"https:\/\/www.andandonagraca.org\/site\/#\/schema\/person\/225d0dedb572d4570a947397af2606ed"},"headline":"UNIDADE ESPIRITUAL","datePublished":"2021-11-30T21:31:59+00:00","mainEntityOfPage":{"@id":"https:\/\/www.andandonagraca.org\/site\/?p=67308"},"wordCount":2568,"commentCount":0,"image":{"@id":"https:\/\/www.andandonagraca.org\/site\/?p=67308#primaryimage"},"thumbnailUrl":"https:\/\/www.andandonagraca.org\/site\/wp-content\/uploads\/2021\/11\/unidade.jpg","keywords":["comportamento","crist\u00e3o","cruz","cuidado","obedi\u00eancia","reconcilia\u00e7\u00e3o"],"articleSection":["F\u00e9, Esperan\u00e7a &amp; Amor"],"inLanguage":"pt-BR","potentialAction":[{"@type":"CommentAction","name":"Comment","target":["https:\/\/www.andandonagraca.org\/site\/?p=67308#respond"]}]},{"@type":"WebPage","@id":"https:\/\/www.andandonagraca.org\/site\/?p=67308","url":"https:\/\/www.andandonagraca.org\/site\/?p=67308","name":"UNIDADE ESPIRITUAL - Pr. Jonas Santana","isPartOf":{"@id":"https:\/\/www.andandonagraca.org\/site\/#website"},"primaryImageOfPage":{"@id":"https:\/\/www.andandonagraca.org\/site\/?p=67308#primaryimage"},"image":{"@id":"https:\/\/www.andandonagraca.org\/site\/?p=67308#primaryimage"},"thumbnailUrl":"https:\/\/www.andandonagraca.org\/site\/wp-content\/uploads\/2021\/11\/unidade.jpg","datePublished":"2021-11-30T21:31:59+00:00","author":{"@id":"https:\/\/www.andandonagraca.org\/site\/#\/schema\/person\/225d0dedb572d4570a947397af2606ed"},"breadcrumb":{"@id":"https:\/\/www.andandonagraca.org\/site\/?p=67308#breadcrumb"},"inLanguage":"pt-BR","potentialAction":[{"@type":"ReadAction","target":["https:\/\/www.andandonagraca.org\/site\/?p=67308"]}]},{"@type":"ImageObject","inLanguage":"pt-BR","@id":"https:\/\/www.andandonagraca.org\/site\/?p=67308#primaryimage","url":"https:\/\/www.andandonagraca.org\/site\/wp-content\/uploads\/2021\/11\/unidade.jpg","contentUrl":"https:\/\/www.andandonagraca.org\/site\/wp-content\/uploads\/2021\/11\/unidade.jpg","width":1600,"height":1065},{"@type":"BreadcrumbList","@id":"https:\/\/www.andandonagraca.org\/site\/?p=67308#breadcrumb","itemListElement":[{"@type":"ListItem","position":1,"name":"In\u00edcio","item":"https:\/\/www.andandonagraca.org\/site"},{"@type":"ListItem","position":2,"name":"UNIDADE ESPIRITUAL"}]},{"@type":"WebSite","@id":"https:\/\/www.andandonagraca.org\/site\/#website","url":"https:\/\/www.andandonagraca.org\/site\/","name":"Pr. Jonas Santana","description":"ANDANDO NA GRA\u00c7A - AEMSF","potentialAction":[{"@type":"SearchAction","target":{"@type":"EntryPoint","urlTemplate":"https:\/\/www.andandonagraca.org\/site\/?s={search_term_string}"},"query-input":{"@type":"PropertyValueSpecification","valueRequired":true,"valueName":"search_term_string"}}],"inLanguage":"pt-BR"},{"@type":"Person","@id":"https:\/\/www.andandonagraca.org\/site\/#\/schema\/person\/225d0dedb572d4570a947397af2606ed","name":"Pr. Jonas Santana","image":{"@type":"ImageObject","inLanguage":"pt-BR","@id":"https:\/\/secure.gravatar.com\/avatar\/7f463b781f71522d52f2ff3dae3592f9f7b0e24187fc413b95cd3efa8429de28?s=96&d=mm&r=g","url":"https:\/\/secure.gravatar.com\/avatar\/7f463b781f71522d52f2ff3dae3592f9f7b0e24187fc413b95cd3efa8429de28?s=96&d=mm&r=g","contentUrl":"https:\/\/secure.gravatar.com\/avatar\/7f463b781f71522d52f2ff3dae3592f9f7b0e24187fc413b95cd3efa8429de28?s=96&d=mm&r=g","caption":"Pr. Jonas Santana"},"description":"Pastor, pesquisador b\u00edblico, pregador do Evangelho do Reino A fidelidade requer que entreguemos o evangelho sob todos os \u00e2ngulos, sem omitir nada e sem exagerar em nada. Para isto requer-se muita sabedoria. Nosso desejo \u00e9 compartilhar a sabedoria do Reino de Deus a todos aqueles que o desejam de todo o cora\u00e7\u00e3o.","sameAs":["https:\/\/www.andandonagraca.org","https:\/\/www.facebook.com\/andandonagraca","https:\/\/www.instagram.com\/andandonagraca\/","https:\/\/www.youtube.com\/@andandonagraca","https:\/\/podcasters.spotify.com\/pod\/show\/andandonagraca\/"],"url":"https:\/\/www.andandonagraca.org\/site\/?author=1"}]}},"_links":{"self":[{"href":"https:\/\/www.andandonagraca.org\/site\/index.php?rest_route=\/wp\/v2\/posts\/67308","targetHints":{"allow":["GET"]}}],"collection":[{"href":"https:\/\/www.andandonagraca.org\/site\/index.php?rest_route=\/wp\/v2\/posts"}],"about":[{"href":"https:\/\/www.andandonagraca.org\/site\/index.php?rest_route=\/wp\/v2\/types\/post"}],"author":[{"embeddable":true,"href":"https:\/\/www.andandonagraca.org\/site\/index.php?rest_route=\/wp\/v2\/users\/1"}],"replies":[{"embeddable":true,"href":"https:\/\/www.andandonagraca.org\/site\/index.php?rest_route=%2Fwp%2Fv2%2Fcomments&post=67308"}],"version-history":[{"count":0,"href":"https:\/\/www.andandonagraca.org\/site\/index.php?rest_route=\/wp\/v2\/posts\/67308\/revisions"}],"wp:featuredmedia":[{"embeddable":true,"href":"https:\/\/www.andandonagraca.org\/site\/index.php?rest_route=\/wp\/v2\/media\/67309"}],"wp:attachment":[{"href":"https:\/\/www.andandonagraca.org\/site\/index.php?rest_route=%2Fwp%2Fv2%2Fmedia&parent=67308"}],"wp:term":[{"taxonomy":"category","embeddable":true,"href":"https:\/\/www.andandonagraca.org\/site\/index.php?rest_route=%2Fwp%2Fv2%2Fcategories&post=67308"},{"taxonomy":"post_tag","embeddable":true,"href":"https:\/\/www.andandonagraca.org\/site\/index.php?rest_route=%2Fwp%2Fv2%2Ftags&post=67308"}],"curies":[{"name":"wp","href":"https:\/\/api.w.org\/{rel}","templated":true}]}}