{"id":67320,"date":"2021-11-30T21:16:11","date_gmt":"2021-12-01T00:16:11","guid":{"rendered":"https:\/\/www.andandonagraca.org\/site\/?p=67320"},"modified":"2021-12-01T10:04:18","modified_gmt":"2021-12-01T13:04:18","slug":"cristo-e-o-tesouro-da-graca-do-conhecimento-e-da-sabedoria","status":"publish","type":"post","link":"https:\/\/www.andandonagraca.org\/site\/?p=67320","title":{"rendered":"CRISTO E O TESOURO DA GRA\u00c7A, DO CONHECIMENTO E DA SABEDORIA"},"content":{"rendered":"<p><strong>1<sup>a<\/sup> Pedro 4:17 &#8211; <\/strong>Porque j\u00e1 \u00e9 tempo que comece o julgamento pela casa de Deus; e, se primeiro come\u00e7a por n\u00f3s, qual ser\u00e1 o fim daqueles que s\u00e3o desobedientes ao evangelho de Deus?<\/p>\n<p><strong>Hebreus 6:1 &#8211; <\/strong>Pelo que, deixando os rudimentos da doutrina de Cristo, prossigamos at\u00e9 a perfei\u00e7\u00e3o, n\u00e3o lan\u00e7ando de novo o fundamento do arrependimento de obras mortas e de f\u00e9 em Deus,<\/p>\n<blockquote><p><strong>Chega de novidades, <\/strong><strong>\u00c9<\/strong><strong> HORA DE VOLTAR AOS FUNDAMENTOS DA PALAVRA DE DEUS<\/strong><\/p>\n<p><strong>O julgamento come<\/strong><strong>\u00e7<\/strong><strong>a pela casa de Deus<\/strong><\/p><\/blockquote>\n<p><strong>1<sup>a<\/sup> Cor<\/strong><strong>\u00ed<\/strong><strong>ntios 3:11 &#8211; <\/strong>outro fundamento &#8211; Porque ningu\u00e9m pode p\u00f4r outro fundamento, al\u00e9m do que j\u00e1 est\u00e1 posto, o qual \u00e9 Jesus Cristo.<\/p>\n<p><strong>Ef<\/strong><strong>\u00e9<\/strong><strong>sios 3:20 &#8211;<\/strong> fundamento dos ap\u00f3stolos &#8211; Ora, \u00e0quele que \u00e9 poderoso para fazer tudo muito mais abundantemente al\u00e9m daquilo que pedimos ou pensamos, segundo o poder que em n\u00f3s opera, a esse gl\u00f3ria na igreja, por Jesus Cristo, em todas as gera\u00e7\u00f5es, para todo o sempre. Am\u00e9m!<\/p>\n<p><strong>2<sup>a <\/sup>Tim<\/strong><strong>\u00f3<\/strong><strong>teo 2:20 &#8211; <\/strong>fundamento de Deus tem este selo &#8211; Ora, numa grande casa n\u00e3o somente h\u00e1 vasos de ouro e de prata, mas tamb\u00e9m de pau e de barro; uns para honra, outros, por\u00e9m, para desonra.<\/p>\n<p><strong>Hebreus 12:14-29 &#8211; <\/strong>tendo cuidado de que ningu\u00e9m se prive da gra\u00e7a de Deus, e de que nenhuma raiz de amargura, brotando, vos perturbe, e por ela muitos se contaminem. E ningu\u00e9m seja fornicador ou profano, como Esa\u00fa, que, por um manjar, vendeu o seu direito de primogenitura. Porque bem sabeis que, querendo ele ainda depois herdar a b\u00ean\u00e7\u00e3o, foi rejeitado, porque n\u00e3o achou lugar de arrependimento, ainda que, com l\u00e1grimas, o buscou. Porque n\u00e3o chegastes ao monte palp\u00e1vel, aceso em fogo, e \u00e0 escurid\u00e3o, e \u00e0s trevas, e \u00e0 tempestade, e ao sonido da trombeta, e \u00e0 voz das palavras, a qual, os que a ouviram pediram que se lhes n\u00e3o falasse mais; porque n\u00e3o podiam suportar o que se lhes mandava: Se at\u00e9 um animal tocar o monte, ser\u00e1 apedrejado. E t\u00e3o terr\u00edvel era a vis\u00e3o, que Mois\u00e9s disse: Estou todo assombrado e tremendo. Mas chegastes ao monte Si\u00e3o, e \u00e0 cidade do Deus vivo, \u00e0 Jerusal\u00e9m celestial, e aos muitos milhares de anjos, \u00e0 universal assembleia e igreja dos primog\u00eanitos, que est\u00e3o inscritos nos c\u00e9us, e a Deus, o Juiz de todos, e aos esp\u00edritos dos justos aperfei\u00e7oados; e a Jesus, o Mediador de uma nova alian\u00e7a, e ao sangue da aspers\u00e3o, que fala melhor do que o de Abel. Vede que n\u00e3o rejeiteis ao que fala; porque, se n\u00e3o escaparam aqueles que rejeitaram o que na terra os advertia, muito menos n\u00f3s, se nos desviarmos daquele que \u00e9 dos c\u00e9us, a voz do qual moveu, ent\u00e3o, a terra, mas, agora, anunciou, dizendo: Ainda uma vez comoverei, n\u00e3o s\u00f3 a terra, sen\u00e3o tamb\u00e9m o c\u00e9u. E esta palavra: Ainda uma vez, mostra a mudan\u00e7a das coisas m\u00f3veis, como coisas feitas, para que as im\u00f3veis permane\u00e7am. Pelo que, tendo recebido um Reino que n\u00e3o pode ser abalado, retenhamos a gra\u00e7a, pela qual sirvamos a Deus agradavelmente com rever\u00eancia e piedade; porque o nosso Deus \u00e9 um fogo consumidor.<\/p>\n<p><strong>H<\/strong><strong>ebreus 2:1-4<\/strong> \u2013 Portanto, <strong>conv<\/strong><strong>\u00e9<\/strong><strong>m-nos atentar, com mais dilig<\/strong><strong>\u00ea<\/strong><strong>ncia, para as coisas que j<\/strong><strong>\u00e1<\/strong><strong> temos ouvido, para que, em tempo algum, nos desviemos delas. <\/strong><\/p>\n<p>Porque, se a palavra falada pelos anjos permaneceu firme, e toda transgress\u00e3o e desobedi\u00eancia recebeu a justa retribui\u00e7\u00e3o, <strong>como escaparemos n<\/strong><strong>\u00f3<\/strong><strong>s, se n<\/strong><strong>\u00e3<\/strong><strong>o atentarmos para uma t<\/strong><strong>\u00e3<\/strong><strong>o grande salva<\/strong><strong>\u00e7\u00e3<\/strong><strong>o<\/strong>, a qual, come\u00e7ando a ser anunciada pelo Senhor, foi-nos, depois, confirmada pelos que a ouviram; <strong>testificando tamb<\/strong><strong>\u00e9<\/strong><strong>m Deus com eles, por sinais, e milagres, e v<\/strong><strong>\u00e1<\/strong><strong>rias maravilhas, e dons do Esp<\/strong><strong>\u00ed<\/strong><strong>rito Santo, distribu<\/strong><strong>\u00ed<\/strong><strong>dos por sua vontade<\/strong>?<\/p>\n<p><strong>Hebreus 2:1-4 NVT &#8211; <\/strong>Portanto, precisamos prestar muita aten\u00e7\u00e3o \u00e0s verdades que temos ouvido, para n\u00e3o nos desviarmos delas. Pois a mensagem que foi transmitida por meio de anjos permaneceu firme, e toda transgress\u00e3o e desobedi\u00eancia recebeu o castigo merecido. O que nos faz pensar que escaparemos se negligenciarmos essa grande salva\u00e7\u00e3o, anunciada primeiramente pelo Senhor e depois transmitida a n\u00f3s por aqueles que o ouviram falar? E Deus confirmou a mensagem por meio de sinais, maravilhas e diversos milagres, e tamb\u00e9m por dons do Esp\u00edrito Santo, conforme sua vontade.<\/p>\n<p><strong>\u00a0<\/strong><\/p>\n<h3><strong>A que precisamos atentar?<\/strong><\/h3>\n<ul>\n<li><strong>Para a obra completa de Jesus na cruz<\/strong><\/li>\n<li><strong>Estamos mortos para o pecado <\/strong><\/li>\n<li><strong>Para tudo quanto temos ouvido acerca da Palavra de Deus<\/strong><\/li>\n<li><strong>Sejamos perfeitos em unidade para que o mundo creia que Jesus foi enviado<\/strong><\/li>\n<\/ul>\n<p><strong>\u00a0<\/strong><\/p>\n<p><strong>Romanos 6:1-14 &#8211; <\/strong>Que diremos, pois? Permaneceremos no pecado, para que a gra\u00e7a seja mais abundante? De modo nenhum! N\u00f3s que estamos mortos para o pecado, como viveremos ainda nele? Ou n\u00e3o sabeis que todos quantos fomos batizados em Jesus Cristo fomos batizados na sua morte?<\/p>\n<p>De sorte que fomos sepultados com ele pelo batismo na morte; <strong>para que, como Cristo ressuscitou dos mortos pela gl<\/strong><strong>\u00f3<\/strong><strong>ria do Pai, assim andemos n<\/strong><strong>\u00f3<\/strong><strong>s tamb<\/strong><strong>\u00e9<\/strong><strong>m em novidade de vida. <\/strong><\/p>\n<p>Porque, se fomos plantados juntamente com ele na semelhan\u00e7a da sua morte, tamb\u00e9m o seremos na da sua ressurrei\u00e7\u00e3o; sabendo isto: que o nosso velho homem foi com ele crucificado, para que o corpo do pecado seja desfeito, a fim de que n\u00e3o sirvamos mais ao pecado. Porque aquele que est\u00e1 morto est\u00e1 justificado do pecado.<\/p>\n<p>Ora, se j\u00e1 morremos com Cristo, cremos que tamb\u00e9m com ele viveremos; sabendo que, havendo Cristo ressuscitado dos mortos, j\u00e1 n\u00e3o morre; a morte n\u00e3o mais ter\u00e1 dom\u00ednio sobre ele. Pois, quanto a ter morrido, de uma vez morreu para o pecado; mas, quanto a viver, vive para Deus.<\/p>\n<p>Assim tamb\u00e9m v\u00f3s considerai-vos como mortos para o pecado, mas vivos para Deus, em Cristo Jesus, nosso Senhor. N\u00e3o reine, portanto, o pecado em vosso corpo mortal, para lhe obedecerdes em suas concupisc\u00eancias; nem tampouco apresenteis os vossos membros ao pecado por instrumentos de iniquidade; mas apresentai-vos a Deus, como vivos dentre mortos, e os vossos membros a Deus, como instrumentos de justi\u00e7a. Porque o pecado n\u00e3o ter\u00e1 dom\u00ednio sobre v\u00f3s, pois n\u00e3o estais debaixo da lei, mas debaixo da gra\u00e7a.<\/p>\n<p>&nbsp;<\/p>\n<p><strong>Por que n<\/strong><strong>\u00e3<\/strong><strong>o estamos vendo esses sinais, maravilhas e diversos milagres que est<\/strong><strong>\u00e3<\/strong><strong>o descritos com mais frequencia em nossos dias?<\/strong><\/p>\n<ul>\n<li><strong>N<\/strong><strong>\u00e3<\/strong><strong>o conhecer a Cristo (<\/strong><strong>Conhecem a sombra: Mois<\/strong><strong>\u00e9<\/strong><strong>s, Davi, Elias, etc),<\/strong><\/li>\n<li><strong>prefer<\/strong><strong>\u00ea<\/strong><strong>ncia e insist<\/strong><strong>\u00ea<\/strong><strong>ncia de muitos pelo sistema judaizante,<\/strong><\/li>\n<li><strong>excesso de marketing,<\/strong><\/li>\n<li><strong>amor ao dinheIro,<\/strong><\/li>\n<li><strong>desleixo no trato com o pecado,<\/strong><\/li>\n<li><strong>pobreza espiritual, <\/strong><\/li>\n<li><strong>incredulidade, <\/strong><\/li>\n<li><strong>falta de sensibilidade ao Esp<\/strong><strong>\u00ed<\/strong><strong>rito Santo,<\/strong><\/li>\n<li><strong>falta de unidade<\/strong><\/li>\n<\/ul>\n<p><strong>\u00a0<\/strong><\/p>\n<p><strong>Marcos 6:5-6 &#8211; <\/strong>E n\u00e3o podia fazer ali obras maravilhosas; somente curou alguns poucos enfermos, impondo-lhes as m\u00e3os. <strong>E estava admirado da incredulidade deles<\/strong>. E percorreu as aldeias vizinhas, <strong>ensinando..<\/strong>.<\/p>\n<p><strong>Colossenses 2:2-3 &#8211; para que os seus cora<\/strong><strong>\u00e7\u00f5<\/strong><strong>es sejam consolados, e estejam unidos em amor e enriquecidos da plenitude da intelig<\/strong><strong>\u00ea<\/strong><strong>ncia, para conhecimento do mist<\/strong><strong>\u00e9<\/strong><strong>rio de Deus <\/strong><strong>\u2014<\/strong><strong> Cristo, <\/strong><strong>em quem est<\/strong><strong>\u00e3<\/strong><strong>o escondidos todos os tesouros da sabedoria e da ci<\/strong><strong>\u00ea<\/strong><strong>ncia. <\/strong><strong>\u2260<\/strong><strong> dono do ouro e prata (cal<\/strong><strong>\u00e7<\/strong><strong>amentos do c<\/strong><strong>\u00e9<\/strong><strong>u)<\/strong><\/p>\n<p><strong>\u00a0<\/strong><\/p>\n<h3><strong>JESUS PROMETEU<\/strong><\/h3>\n<p><strong>Lucas 12:32 &#8211; N<\/strong><strong>\u00e3<\/strong><strong>o temas, <\/strong><strong>\u00f3<\/strong><strong> pequeno rebanho, porque a vosso Pai agradou dar-vos o Reino. <\/strong><\/p>\n<p><strong>Jo<\/strong><strong>\u00e3<\/strong><strong>o 14:11-15 &#8211; <\/strong><u>Crede-me<\/u> que estou no Pai, e o Pai, em mim; <u>crede-me<\/u>, ao menos, por causa das mesmas obras. Na verdade, na verdade vos digo que <strong>aquele que cr<\/strong><strong>\u00ea<\/strong><strong> em mim tamb<\/strong><strong>\u00e9<\/strong><strong>m far<\/strong><strong>\u00e1<\/strong><strong> as obras que eu fa<\/strong><strong>\u00e7<\/strong><strong>o e as far<\/strong><strong>\u00e1<\/strong><strong> maiores<\/strong> do que estas, porque eu vou para meu Pai. <strong>E tudo quanto pedirdes em meu nome, eu o farei<\/strong>, para que o Pai seja glorificado no Filho. <strong>Se pedirdes alguma coisa em meu nome, eu o farei. Se me amardes, guardareis os meus mandamentos. <\/strong><\/p>\n<p><strong>1) <\/strong><strong>Cura para toda <\/strong><strong>i<\/strong><strong>greja<\/strong><\/p>\n<p><strong>1<\/strong><strong>\u00aa<\/strong><strong> Pedro 2:24<\/strong> \u2013 Levando ele mesmo em seu corpo os nossos pecados sobre o madeiro,<strong> <u>para que, mortos para os pecados<\/u><\/strong>, pud\u00e9ssemos viver para a justi\u00e7a; e pelas suas feridas fostes sarados. (Cumprimento de Isa\u00edas 53:4-5)<\/p>\n<p><strong>Ef<\/strong><strong>\u00e9<\/strong><strong>sios 1:3 &#8211; <\/strong>Bendito o Deus e Pai de nosso Senhor Jesus Cristo, o qual nos aben\u00e7oou com todas as b\u00ean\u00e7\u00e3os espirituais nos lugares celestiais em Cristo,<\/p>\n<p><strong>2) A grande comiss<\/strong><strong>\u00e3<\/strong><strong>o da Igreja <\/strong><\/p>\n<p><strong>Marcos 16:15-20 &#8211; <\/strong>E disse-lhes:<\/p>\n<ul>\n<li>Ide por todo o mundo,<\/li>\n<li>pregai o evangelho a toda criatura<\/li>\n<li>Quem crer e for batizado ser\u00e1 salvo; mas quem n\u00e3o crer ser\u00e1<\/li>\n<\/ul>\n<p>E estes sinais seguir\u00e3o aos que crerem:<\/p>\n<ul>\n<li>em meu nome, expulsar\u00e3o dem\u00f4nios;<\/li>\n<li>falar\u00e3o novas l\u00ednguas;<\/li>\n<li>pegar\u00e3o nas serpentes;<\/li>\n<li>se beberem alguma coisa mort\u00edfera, n\u00e3o lhes far\u00e1 dano algum;<\/li>\n<li>impor\u00e3o as m\u00e3os sobre os enfermos e os curar\u00e3<\/li>\n<\/ul>\n<p>Ora, o Senhor, depois de lhes ter falado, foi recebido no c\u00e9u e assentou-se \u00e0 direita de Deus. E eles, tendo partido, pregaram por todas as partes, cooperando com eles o Senhor e confirmando a palavra com os sinais que se seguiram. Am\u00e9m!<\/p>\n<p><strong>Miss<\/strong><strong>\u00e3<\/strong><strong>o de Jesus<\/strong> (<em>eu dei-lhes a gl<\/em><em>\u00f3<\/em><em>ria que a mim me deste<\/em> )<\/p>\n<p><em>Cumprimento de Isa<\/em><em>\u00ed<\/em><em>as 61:1-2 &#8211; <\/em><strong>Lucas 4:18-19<\/strong> \u2013 O Esp\u00edrito do Senhor \u00e9 sobre mim, pois que me ungiu e enviou para:<\/p>\n<ul>\n<li>evangelizar os pobres,<\/li>\n<li>curar os quebrantados do cora\u00e7\u00e3o,<\/li>\n<li>apregoar liberdade aos cativos,<\/li>\n<li>dar vista aos cegos,<\/li>\n<li>p\u00f4r em liberdade os oprimidos,<\/li>\n<li>anunciar o ano aceit\u00e1vel do Senhor. (Este \u00e9 o tempo determinado por Deus)<\/li>\n<\/ul>\n<p><strong>3) Unidade da Igreja <\/strong><strong>\u00e9<\/strong><strong> necess<\/strong><strong>\u00e1<\/strong><strong>ria <\/strong><\/p>\n<p><strong><em>Jo<\/em><\/strong><strong><em>\u00e3<\/em><\/strong><strong><em>o 17:22-23<\/em><\/strong> <em>\u2013<\/em><em> E <\/em><strong><em>eu dei-lhes a gl<\/em><\/strong><strong><em>\u00f3<\/em><\/strong><strong><em>ria que a mim me deste<\/em><\/strong>, para que sejam um, como n\u00f3s somos um. Eu neles, e tu em mim<strong><em>, para que eles sejam perfeitos em unidade, e para que o mundo conhe<\/em><\/strong><strong><em>\u00e7<\/em><\/strong><strong><em>a que tu me enviaste a mim e que tens amado a eles como me tens amado a mim<\/em><\/strong>.<\/p>\n<p><strong>Unidade \u00e9 ter este pensamento<\/strong><strong>: <\/strong><strong>Ef\u00e9sios <\/strong><strong>4:1-6<\/strong> \u2013 Rogo-vos, pois, eu, o preso do Senhor, que andeis como \u00e9 digno da voca\u00e7\u00e3o com que fostes chamados, com toda a humildade e mansid\u00e3o, com longanimidade, <strong>suportando-vos uns aos <\/strong><strong>outro<\/strong><strong>s e<\/strong><strong>m <\/strong><strong>am<\/strong><strong>or<\/strong><strong>, procurando guardar <\/strong><strong>a <\/strong><strong>u<\/strong><strong>nidade do Esp\u00edrito pelo <u>v\u00ednculo d<\/u><\/strong><strong><u>a Paz<\/u><\/strong><strong>, {que co<\/strong><strong>nsiste em}: <\/strong><\/p>\n<ul>\n<li><em>H\u00e1 um <\/em>s\u00f3 <em>corpo e um <\/em>s\u00f3 <em>Esp\u00edrito, <\/em><\/li>\n<li><em>H\u00e1 <\/em><em>um<\/em><em>a <\/em>s\u00f3 <em>e<\/em><em>s<\/em><em>peran<\/em><em>\u00e7a da vossa voca\u00e7\u00e3o; <\/em><\/li>\n<li><em>Um <\/em>s\u00f3 <em>Senhor, <\/em><\/li>\n<li><em>Uma <\/em>s\u00f3 <em>f\u00e9, <\/em><\/li>\n<li><em>Um <\/em>s\u00f3 <em>batismo; <\/em><\/li>\n<li><em>Um <\/em>s\u00f3 <em>Deus e Pai de todos, <\/em>o <em>qual \u00e9 sobre todos<\/em><em>, <\/em><em>e po<\/em><em>r <\/em><em>todos, e em todos. <\/em><\/li>\n<li>Todos aqueles que nasceram de novo fazem parte da igreja e seus membros devem demonstrar aos olhos do mundo, de forma vis\u00edvel, essa unidade interna.<\/li>\n<li>A desuni\u00e3o dos crentes \u00e9 uma amea\u00e7a \u00e0 igreja e um esc\u00e2ndalo diante do mundo.<\/li>\n<li>Essa atitude desonra a Cristo e a pr\u00f3pria igreja.<\/li>\n<\/ul>\n<p>Paulo alertou para o fato de que uma igreja dividida \u00e9 uma presa f\u00e1cil no caso de um ataque frontal da sociedade externa. Assim, n\u00e3o basta apenas ficar firme contra os perigos que v\u00eam de fora; \u00e9 preciso acautelar-se contra o perigo de reduzir ou ficar reduzido a pequenos fragmentos por causa das divis\u00f5es internas. <em>Para <\/em>o <em>ap\u00f3stol<\/em><em>o <\/em><em>Paulo uma santa e una igreja&#8221; n\u00e3o era apenas um artigo de f\u00e9. <\/em><strong>(Fili<\/strong><strong>penses 1:28<\/strong><strong>, <\/strong><strong>Filipenses 2:1-4<\/strong><strong>)<\/strong><\/p>\n<p><strong>\u00a0<\/strong><\/p>\n<h3><strong><em>A UNIDADE GERA FOR\u00c7A <\/em><\/strong><\/h3>\n<p>1 \u2013 <strong>Unidade na igreja <\/strong><strong>l<\/strong><strong>oca<\/strong><strong>l \u2013 <\/strong>n\u00e3o significa que todos se tornam iguais, que as diferen\u00e7as desapare\u00e7am, mas significa que cada um abre m\u00e3o do seu \u201cpensamento pr\u00f3prio\u201d para caminhar junto numa mesma vis\u00e3o, num mesmo prop\u00f3sito com os demais, para o cumprimento de metas estabelecidas pela lideran\u00e7a ou coletivamente.<\/p>\n<p>2 \u2013 <strong>Unidade do Corpo de Crist<\/strong><strong>o \u2013 <\/strong>significa trabalharmos juntos para o bem do Reino de Deus, encurtando dist\u00e2ncias, diluindo diferen\u00e7as, mas respeitando \u201cvis\u00f5es\u201d bem como suas personalidades eclesi\u00e1sticas e jur\u00eddicas.<\/p>\n<p>\u00c9 um Elo entre pastores e pastores (servos de Cristo com marcas, caracter\u00edsticas e atributos bem definidos biblicamente), entre as diversas congrega\u00e7\u00f5es espalhadas pelo Pa\u00eds \u2013 mas sempre respeitando lideran\u00e7as, vis\u00f5es, chamadas, hierarquias, nunca se interpondo entre pastor e congrega\u00e7\u00e3o, entre pastor e a lideran\u00e7a local.<\/p>\n<p>3 \u2013 <strong>Unidade \u00e9 o prop\u00f3s<\/strong><strong>i<\/strong><strong>to de Deu<\/strong><strong>s para o seu <\/strong><strong>povo \u2013 <\/strong>Ele \u00e9 o General de dois ex\u00e9rcitos: um Ex\u00e9rcito Celestial, formado pelos anjos, arcanjos e querubins e serafins; e um Ex\u00e9rcito Terreno, formado pela Igreja, que \u00e9 o Corpo de Cristo.<\/p>\n<p>E num ex\u00e9rcito todos os soldados e pelot\u00f5es marcham un\u00edssono, como \u201cum s\u00f3 homem\u201d, no mesmo compasso e na mesma dire\u00e7\u00e3o.<\/p>\n<p>4 \u2013 <strong>Porque Deus habi<\/strong><strong>t<\/strong><strong>a no meio <\/strong><strong>da unidade <\/strong><strong>&#8211; <\/strong><strong>Mateus 18<\/strong><strong>:<\/strong><strong>19-20 \u2013 <\/strong>Tamb\u00e9m vos digo que, se dois de v\u00f3s concordarem na terra acerca de qualquer coisa que pedirem, isso lhes ser\u00e1 feito por meu Pai, que est\u00e1 nos c\u00e9us. Porque onde estiverem dois ou tr\u00eas reunidos em meu nome, a\u00ed estou eu no meio deles.<\/p>\n<p>5 \u2013 <strong>Porque um ajuda ao outro \u2013 <\/strong>Cuidem uns dos outros \u2013 aconselha Paulo \u2013 isto \u00e9, protejam-se mutuamente, unam-se, andem juntos, &#8211; <strong>Atos 20<\/strong><strong>:<\/strong><strong>28 NTLH \u2013 <\/strong>Cuidem de voc\u00eas mesmos e de todo o rebanho que o Esp\u00edrito Santo entregou aos seus cuidados, como pastores da Igreja de Deus, que ele comprou por meio do sangue do seu pr\u00f3prio Filho.<\/p>\n<p>6 \u2013 <strong>Porque o ambiente gerado pe<\/strong><strong>la unidad<\/strong><strong>e estimula e encora<\/strong><strong>j<\/strong><strong>a a todos <\/strong><\/p>\n<p>1<sup>a<\/sup> <strong>Cor\u00edntios 1:10 \u2013 <\/strong>Rogo-vos, por\u00e9m, irm\u00e3os, pelo nome de nosso Senhor Jesus Cristo, que digais todos uma mesma coisa e que n\u00e3o haja entre v\u00f3s dissens\u00f5es; antes, sejais unidos, em um mesmo sentido e em um mesmo parecer.<\/p>\n<p>A exemplo do que aconteceu em <strong>G\u00ean<\/strong><strong>es<\/strong><strong>i<\/strong><strong>s <\/strong><strong>1<\/strong><strong>1<\/strong><strong>:1<\/strong><strong>-9 <\/strong><em>(Babe<\/em><em>l<\/em><em>) <\/em>em que vimos que a unidade fez perfeitamente poss\u00edvel o imposs\u00edvel, ainda que nesse caso negativamente, mas vimos que atraiu a aten\u00e7\u00e3o de Deus.<\/p>\n<p>Um ambiente onde todos falam a mesma l\u00edngua, t\u00eam a mesma vis\u00e3o e lutam para conquistar alvos gera credibilidade e confian\u00e7a para as pessoas que chegam nesse ambiente. J\u00e1 um ambiente em que as pessoas criticam umas as outras e falam l\u00ednguas diferentes, criticam seus l\u00edderes e uns aos outros, gera desconfian\u00e7a em quem chega.<\/p>\n<p>Satan\u00e1s tem todo interesse em afastar as pessoas do corpo, pois ao afastar uma pessoa da unidade, ele prepara o bote para atac\u00e1-la com mais facilidade, j\u00e1 que sozinha ela est\u00e1 mais vulner\u00e1vel<\/p>\n<p><strong>H<\/strong><strong>e<\/strong><strong>b<\/strong><strong>re<\/strong><strong>u<\/strong><strong>s <\/strong><strong>10:<\/strong><strong>24,<\/strong><strong>2<\/strong><strong>5 \u2013 <\/strong>E consideremo-nos uns aos outros, para nos estimularmos ao amor e \u00e0s boas obras, n\u00e3o deixando a nossa congrega\u00e7\u00e3o, como \u00e9 costume de alguns; antes, admoestando-nos uns aos outros; e tanto mais quanto vedes que se vai aproximando aquele Dia.<\/p>\n<p><strong>\u00a0<\/strong><\/p>\n<p><strong>Quando isto for realidade, veremos o agir de Deus:<\/strong><\/p>\n<ul>\n<li>Pregar o Evangelho<\/li>\n<li>Curar os enfermos,<\/li>\n<li>Dar vista aos cegos,<\/li>\n<li>Fazer paral\u00edticos andar,<\/li>\n<li>Ressuscitar mortos,<\/li>\n<li>Limpar os leprosos, cancerosos, etc<\/li>\n<li>Liberdade aos cativos e prisioneiros de Satan\u00e1s,<\/li>\n<li>Un\u00e7\u00e3o de ousadia na Palavra de Deus.<\/li>\n<\/ul>\n<p><strong>\u00a0<\/strong><\/p>\n<h3><strong>Milagres de Jesus<\/strong><\/h3>\n<p><strong>Marcos 1:32-34 <\/strong>\u2013 E, tendo chegado a tarde, quando j\u00e1 estava se pondo o sol, trouxeram-lhe todos os que se achavam enfermos e os endemoninhados.<\/p>\n<p>E toda a cidade se ajuntou \u00e0 porta. E curou muitos que se achavam enfermos de diversas enfermidades e expulsou muitos dem\u00f4nios, por\u00e9m n\u00e3o deixava falar os dem\u00f4nios, porque o conheciam.<\/p>\n<p><strong>Marcos 3:10-12<\/strong> \u2013 porque tinha curado a muitos, de tal maneira que todos quantos tinham algum mal se arrojavam sobre ele, para lhe tocarem.<\/p>\n<p>E os esp\u00edritos imundos, vendo-o, prostravam-se diante dele e clamavam, dizendo: Tu \u00e9s o Filho de Deus. E ele os amea\u00e7ava muito, para que n\u00e3o o manifestassem.<\/p>\n<p><strong>Marcos 6:55-56<\/strong> \u2013 e, percorrendo toda a terra em redor, come\u00e7aram a trazer em leitos, onde quer que sabiam que ele estava, os que se achavam enfermos.<\/p>\n<p>E, onde quer que entrava, ou em cidade, ou em aldeias, ou no campo, apresentavam os enfermos nas pra\u00e7as e rogavam-lhe que os deixasse tocar ao menos na orla da sua veste, e todos os que lhe tocavam saravam.<\/p>\n<p><strong>Mateus 8:16-17<\/strong> \u2013 E, chegada a tarde, trouxeram-lhe muitos endemoninhados, e ele, com a sua palavra, expulsou deles os esp\u00edritos e curou todos os que estavam enfermos, para que se cumprisse o que fora dito pelo profeta Isa\u00edas, que diz: Ele tomou sobre si as nossas enfermidades e levou as nossas doen\u00e7as.<\/p>\n<p><strong>Jo<\/strong><strong>\u00e3<\/strong><strong>o 20:30-31<\/strong> &#8211; Jesus, pois, operou tamb\u00e9m, em presen\u00e7a de seus disc\u00edpulos, muitos outros sinais, que n\u00e3o est\u00e3o escritos neste livro. Estes, por\u00e9m, foram escritos para que creiais que Jesus \u00e9 o Cristo, o Filho de Deus, <strong>e para que, crendo, tenhais vida em seu nome<\/strong>.<\/p>\n<p><strong>Alguns milagres de Jesus:<\/strong><\/p>\n<ul>\n<li>Liberta\u00e7\u00e3o de um endemoniado \u2013 Marcos 1:23-26<\/li>\n<li>Cura de um leproso \u2013 Marcos 1:40-42<\/li>\n<li>Cura de paral\u00edtico descido pelo telhado \u2013 Marcos 2:3-12<\/li>\n<li>O homem da m\u00e3o mirrada \u2013 Marcos 3:1-5<\/li>\n<li>Jesus expulsa uma legi\u00e3o de dem\u00f4nios \u2013 Marcos 5:1-15<\/li>\n<li>Cura da Mulher com fluxo de sangue \u2013 Marcos 5:27-30<\/li>\n<li>Filha da mulher cananeia com esp\u00edrito imundo \u2013 Marcos 7:24-30<\/li>\n<li>O cego de Jeric\u00f3 \u2013 Marcos 10:46-52<\/li>\n<li>Cura de 10 leprosos \u2013 Lucas 17:11-18<\/li>\n<\/ul>\n<p>&nbsp;<\/p>\n<h3><strong>Milagres atrav<\/strong><strong>\u00e9<\/strong><strong>s d<\/strong><strong>os Ap<\/strong><strong>\u00f3<\/strong><strong>stolos e dos Di<\/strong><strong>\u00e1<\/strong><strong>conos<\/strong><\/h3>\n<p><strong>\u00a0<\/strong><strong>Ora<\/strong><strong>\u00e7\u00e3<\/strong><strong>o dos Ap<\/strong><strong>\u00f3<\/strong><strong>stolos &#8211; Atos 4:29-31<\/strong> &#8211; Agora, pois, \u00f3 Senhor, olha para as suas amea\u00e7as e concede aos teus servos que falem com toda a ousadia a tua palavra, enquanto estendes a m\u00e3o para curar, e para que se fa\u00e7am sinais e prod\u00edgios pelo nome do teu santo Filho Jesus. E, tendo eles orado, moveu-se o lugar em que estavam reunidos; e todos foram cheios do Esp\u00edrito Santo e anunciavam com ousadia a palavra de Deus.<\/p>\n<p><strong>Milagres atrav<\/strong><strong>\u00e9<\/strong><strong>s de Pedro <\/strong><strong>&#8211; <\/strong><strong>Atos 5:12-16<\/strong> \u2013 E muitos sinais e prod\u00edgios eram feitos entre o povo pelas m\u00e3os dos ap\u00f3stolos. E estavam todos unanimemente no alpendre de Salom\u00e3o. Quanto aos outros, ningu\u00e9m ousava ajuntar-se com eles; mas o povo tinha-os em grande estima. E a multid\u00e3o dos que criam no Senhor, tanto homens como mulheres, crescia cada vez mais, de sorte que transportavam os enfermos para as ruas e os punham em leitos e em camilhas, para que ao menos a sombra de Pedro, quando este passasse, cobrisse alguns deles. E at\u00e9 das cidades circunvizinhas concorria muita gente a Jerusal\u00e9m, conduzindo enfermos e atormentados de esp\u00edritos imundos, os quais todos eram curados.<\/p>\n<p><strong>Milagres atrav<\/strong><strong>\u00e9<\/strong><strong>s de Estev<\/strong><strong>\u00e3<\/strong><strong>o <\/strong><strong>&#8211; <\/strong><strong>Atos 6:8<\/strong> \u2013 E Est\u00eav\u00e3o, cheio de f\u00e9 e de poder, fazia prod\u00edgios e grandes sinais entre o povo.<\/p>\n<p><strong>Milagres atrav<\/strong><strong>\u00e9<\/strong><strong>s de Felipe <\/strong><strong>&#8211; <\/strong><strong>Atos 8:5-8<\/strong> \u2013 E, descendo Filipe \u00e0 cidade de Samaria, lhes pregava a Cristo. E as multid\u00f5es unanimemente prestavam aten\u00e7\u00e3o ao que Filipe dizia, porque ouviam e viam os sinais que ele fazia, pois que os esp\u00edritos imundos sa\u00edam de muitos que os tinham, clamando em alta voz; e muitos paral\u00edticos e coxos eram curados. E havia grande alegria naquela cidade.<\/p>\n<p><strong>Milagres atrav<\/strong><strong>\u00e9<\/strong><strong>s de Paulo <\/strong><strong>&#8211; <\/strong><strong>Atos 19:11-12<\/strong> \u2013 E Deus, pelas m\u00e3os de Paulo, fazia maravilhas extraordin\u00e1rias, de sorte que at\u00e9 os len\u00e7os e aventais se levavam do seu corpo aos enfermos, e as enfermidades fugiam deles, e os esp\u00edritos malignos sa\u00edam.<\/p>\n<ul>\n<li><strong>O encantador que ficou cego por atrapalhar a prega<\/strong><strong>\u00e7\u00e3<\/strong><strong>o do Evangelho <\/strong><strong>\u2013<\/strong><strong> Atos 13:8-12<\/strong><\/li>\n<li><strong>Cura de um coxo dos p<\/strong><strong>\u00e9<\/strong><strong>s <\/strong><strong>\u2013<\/strong><strong> Atos 14:3-10<\/strong><\/li>\n<li><strong>Liberta<\/strong><strong>\u00e7\u00e3<\/strong><strong>o de uma jovem<\/strong> \u2013 <strong>Atos 16:16-18<\/strong><\/li>\n<\/ul>\n<p><strong>Declara<\/strong><strong>\u00e7\u00e3<\/strong><strong>o de Paulo &#8211; 1<\/strong><strong>\u00aa<\/strong><strong> Cor<\/strong><strong>\u00ed<\/strong><strong>ntios 2:1-5 NVT &#8211; <\/strong>Irm\u00e3os, na primeira vez que estive com voc\u00eas, n\u00e3o usei palavras eloquentes nem sabedoria humana para lhes apresentar o plano secreto de Deus. Pois decidi que, enquanto estivesse com voc\u00eas, me esqueceria de tudo exceto de Jesus Cristo, aquele que foi crucificado. Minha mensagem e minha prega\u00e7\u00e3o foram muito simples. Em vez de usar argumentos persuasivos e astutos, me firmei no poder do Esp\u00edrito. Agi desse modo para que voc\u00eas n\u00e3o se apoiassem em sabedoria humana, mas no poder de Deus.<\/p>\n","protected":false},"excerpt":{"rendered":"<p>1a Pedro 4:17 &#8211; Porque j\u00e1 \u00e9 tempo que comece o julgamento pela casa de Deus; e, se<\/p>\n","protected":false},"author":1,"featured_media":67321,"comment_status":"open","ping_status":"open","sticky":false,"template":"","format":"status","meta":{"footnotes":""},"categories":[120],"tags":[17,29,123,19,56,45,34,35,46],"class_list":["post-67320","post","type-post","status-publish","format-status","has-post-thumbnail","hentry","category-graca","tag-autoridade","tag-cruz","tag-esboco-de-mensagem","tag-evangelho","tag-obediencia","tag-palavra","tag-reconciliacao","tag-reino","tag-santidade","post_format-post-format-status"],"yoast_head":"<!-- This site is optimized with the Yoast SEO plugin v27.5 - https:\/\/yoast.com\/product\/yoast-seo-wordpress\/ -->\n<title>CRISTO E O TESOURO DA GRA\u00c7A, DO CONHECIMENTO E DA SABEDORIA - Pr. Jonas Santana<\/title>\n<meta name=\"robots\" content=\"index, follow, max-snippet:-1, max-image-preview:large, max-video-preview:-1\" \/>\n<link rel=\"canonical\" href=\"https:\/\/www.andandonagraca.org\/site\/?p=67320\" \/>\n<meta property=\"og:locale\" content=\"pt_BR\" \/>\n<meta property=\"og:type\" content=\"article\" \/>\n<meta property=\"og:title\" content=\"CRISTO E O TESOURO DA GRA\u00c7A, DO CONHECIMENTO E DA SABEDORIA - Pr. Jonas Santana\" \/>\n<meta property=\"og:description\" content=\"1a Pedro 4:17 &#8211; Porque j\u00e1 \u00e9 tempo que comece o julgamento pela casa de Deus; e, se\" \/>\n<meta property=\"og:url\" content=\"https:\/\/www.andandonagraca.org\/site\/?p=67320\" \/>\n<meta property=\"og:site_name\" content=\"Pr. Jonas Santana\" \/>\n<meta property=\"article:publisher\" content=\"https:\/\/www.facebook.com\/andandonagraca\" \/>\n<meta property=\"article:author\" content=\"https:\/\/www.facebook.com\/andandonagraca\" \/>\n<meta property=\"article:published_time\" content=\"2021-12-01T00:16:11+00:00\" \/>\n<meta property=\"article:modified_time\" content=\"2021-12-01T13:04:18+00:00\" \/>\n<meta property=\"og:image\" content=\"https:\/\/www.andandonagraca.org\/site\/wp-content\/uploads\/2021\/11\/tesouro.png\" \/>\n\t<meta property=\"og:image:width\" content=\"800\" \/>\n\t<meta property=\"og:image:height\" content=\"400\" \/>\n\t<meta property=\"og:image:type\" content=\"image\/png\" \/>\n<meta name=\"author\" content=\"Pr. Jonas Santana\" \/>\n<meta name=\"twitter:card\" content=\"summary_large_image\" \/>\n<meta name=\"twitter:label1\" content=\"Escrito por\" \/>\n\t<meta name=\"twitter:data1\" content=\"Pr. Jonas Santana\" \/>\n\t<meta name=\"twitter:label2\" content=\"Est. tempo de leitura\" \/>\n\t<meta name=\"twitter:data2\" content=\"17 minutos\" \/>\n<script type=\"application\/ld+json\" class=\"yoast-schema-graph\">{\"@context\":\"https:\\\/\\\/schema.org\",\"@graph\":[{\"@type\":\"Article\",\"@id\":\"https:\\\/\\\/www.andandonagraca.org\\\/site\\\/?p=67320#article\",\"isPartOf\":{\"@id\":\"https:\\\/\\\/www.andandonagraca.org\\\/site\\\/?p=67320\"},\"author\":{\"name\":\"Pr. Jonas Santana\",\"@id\":\"https:\\\/\\\/www.andandonagraca.org\\\/site\\\/#\\\/schema\\\/person\\\/225d0dedb572d4570a947397af2606ed\"},\"headline\":\"CRISTO E O TESOURO DA GRA\u00c7A, DO CONHECIMENTO E DA SABEDORIA\",\"datePublished\":\"2021-12-01T00:16:11+00:00\",\"dateModified\":\"2021-12-01T13:04:18+00:00\",\"mainEntityOfPage\":{\"@id\":\"https:\\\/\\\/www.andandonagraca.org\\\/site\\\/?p=67320\"},\"wordCount\":3421,\"commentCount\":0,\"image\":{\"@id\":\"https:\\\/\\\/www.andandonagraca.org\\\/site\\\/?p=67320#primaryimage\"},\"thumbnailUrl\":\"https:\\\/\\\/www.andandonagraca.org\\\/site\\\/wp-content\\\/uploads\\\/2021\\\/11\\\/tesouro.png\",\"keywords\":[\"autoridade\",\"cruz\",\"esbo\u00e7o de mensagem\",\"evangelho\",\"obedi\u00eancia\",\"palavra\",\"reconcilia\u00e7\u00e3o\",\"reino\",\"santidade\"],\"articleSection\":[\"Gra\u00e7a\"],\"inLanguage\":\"pt-BR\",\"potentialAction\":[{\"@type\":\"CommentAction\",\"name\":\"Comment\",\"target\":[\"https:\\\/\\\/www.andandonagraca.org\\\/site\\\/?p=67320#respond\"]}]},{\"@type\":\"WebPage\",\"@id\":\"https:\\\/\\\/www.andandonagraca.org\\\/site\\\/?p=67320\",\"url\":\"https:\\\/\\\/www.andandonagraca.org\\\/site\\\/?p=67320\",\"name\":\"CRISTO E O TESOURO DA GRA\u00c7A, DO CONHECIMENTO E DA SABEDORIA - Pr. Jonas Santana\",\"isPartOf\":{\"@id\":\"https:\\\/\\\/www.andandonagraca.org\\\/site\\\/#website\"},\"primaryImageOfPage\":{\"@id\":\"https:\\\/\\\/www.andandonagraca.org\\\/site\\\/?p=67320#primaryimage\"},\"image\":{\"@id\":\"https:\\\/\\\/www.andandonagraca.org\\\/site\\\/?p=67320#primaryimage\"},\"thumbnailUrl\":\"https:\\\/\\\/www.andandonagraca.org\\\/site\\\/wp-content\\\/uploads\\\/2021\\\/11\\\/tesouro.png\",\"datePublished\":\"2021-12-01T00:16:11+00:00\",\"dateModified\":\"2021-12-01T13:04:18+00:00\",\"author\":{\"@id\":\"https:\\\/\\\/www.andandonagraca.org\\\/site\\\/#\\\/schema\\\/person\\\/225d0dedb572d4570a947397af2606ed\"},\"breadcrumb\":{\"@id\":\"https:\\\/\\\/www.andandonagraca.org\\\/site\\\/?p=67320#breadcrumb\"},\"inLanguage\":\"pt-BR\",\"potentialAction\":[{\"@type\":\"ReadAction\",\"target\":[\"https:\\\/\\\/www.andandonagraca.org\\\/site\\\/?p=67320\"]}]},{\"@type\":\"ImageObject\",\"inLanguage\":\"pt-BR\",\"@id\":\"https:\\\/\\\/www.andandonagraca.org\\\/site\\\/?p=67320#primaryimage\",\"url\":\"https:\\\/\\\/www.andandonagraca.org\\\/site\\\/wp-content\\\/uploads\\\/2021\\\/11\\\/tesouro.png\",\"contentUrl\":\"https:\\\/\\\/www.andandonagraca.org\\\/site\\\/wp-content\\\/uploads\\\/2021\\\/11\\\/tesouro.png\",\"width\":800,\"height\":400},{\"@type\":\"BreadcrumbList\",\"@id\":\"https:\\\/\\\/www.andandonagraca.org\\\/site\\\/?p=67320#breadcrumb\",\"itemListElement\":[{\"@type\":\"ListItem\",\"position\":1,\"name\":\"In\u00edcio\",\"item\":\"https:\\\/\\\/www.andandonagraca.org\\\/site\"},{\"@type\":\"ListItem\",\"position\":2,\"name\":\"CRISTO E O TESOURO DA GRA\u00c7A, DO CONHECIMENTO E DA SABEDORIA\"}]},{\"@type\":\"WebSite\",\"@id\":\"https:\\\/\\\/www.andandonagraca.org\\\/site\\\/#website\",\"url\":\"https:\\\/\\\/www.andandonagraca.org\\\/site\\\/\",\"name\":\"Pr. Jonas Santana\",\"description\":\"ANDANDO NA GRA\u00c7A - AEMSF\",\"potentialAction\":[{\"@type\":\"SearchAction\",\"target\":{\"@type\":\"EntryPoint\",\"urlTemplate\":\"https:\\\/\\\/www.andandonagraca.org\\\/site\\\/?s={search_term_string}\"},\"query-input\":{\"@type\":\"PropertyValueSpecification\",\"valueRequired\":true,\"valueName\":\"search_term_string\"}}],\"inLanguage\":\"pt-BR\"},{\"@type\":\"Person\",\"@id\":\"https:\\\/\\\/www.andandonagraca.org\\\/site\\\/#\\\/schema\\\/person\\\/225d0dedb572d4570a947397af2606ed\",\"name\":\"Pr. Jonas Santana\",\"image\":{\"@type\":\"ImageObject\",\"inLanguage\":\"pt-BR\",\"@id\":\"https:\\\/\\\/secure.gravatar.com\\\/avatar\\\/7f463b781f71522d52f2ff3dae3592f9f7b0e24187fc413b95cd3efa8429de28?s=96&d=mm&r=g\",\"url\":\"https:\\\/\\\/secure.gravatar.com\\\/avatar\\\/7f463b781f71522d52f2ff3dae3592f9f7b0e24187fc413b95cd3efa8429de28?s=96&d=mm&r=g\",\"contentUrl\":\"https:\\\/\\\/secure.gravatar.com\\\/avatar\\\/7f463b781f71522d52f2ff3dae3592f9f7b0e24187fc413b95cd3efa8429de28?s=96&d=mm&r=g\",\"caption\":\"Pr. Jonas Santana\"},\"description\":\"Pastor, pesquisador b\u00edblico, pregador do Evangelho do Reino A fidelidade requer que entreguemos o evangelho sob todos os \u00e2ngulos, sem omitir nada e sem exagerar em nada. Para isto requer-se muita sabedoria. Nosso desejo \u00e9 compartilhar a sabedoria do Reino de Deus a todos aqueles que o desejam de todo o cora\u00e7\u00e3o.\",\"sameAs\":[\"https:\\\/\\\/www.andandonagraca.org\",\"https:\\\/\\\/www.facebook.com\\\/andandonagraca\",\"https:\\\/\\\/www.instagram.com\\\/andandonagraca\\\/\",\"https:\\\/\\\/www.youtube.com\\\/@andandonagraca\",\"https:\\\/\\\/podcasters.spotify.com\\\/pod\\\/show\\\/andandonagraca\\\/\"],\"url\":\"https:\\\/\\\/www.andandonagraca.org\\\/site\\\/?author=1\"}]}<\/script>\n<!-- \/ Yoast SEO plugin. -->","yoast_head_json":{"title":"CRISTO E O TESOURO DA GRA\u00c7A, DO CONHECIMENTO E DA SABEDORIA - Pr. Jonas Santana","robots":{"index":"index","follow":"follow","max-snippet":"max-snippet:-1","max-image-preview":"max-image-preview:large","max-video-preview":"max-video-preview:-1"},"canonical":"https:\/\/www.andandonagraca.org\/site\/?p=67320","og_locale":"pt_BR","og_type":"article","og_title":"CRISTO E O TESOURO DA GRA\u00c7A, DO CONHECIMENTO E DA SABEDORIA - Pr. Jonas Santana","og_description":"1a Pedro 4:17 &#8211; Porque j\u00e1 \u00e9 tempo que comece o julgamento pela casa de Deus; e, se","og_url":"https:\/\/www.andandonagraca.org\/site\/?p=67320","og_site_name":"Pr. Jonas Santana","article_publisher":"https:\/\/www.facebook.com\/andandonagraca","article_author":"https:\/\/www.facebook.com\/andandonagraca","article_published_time":"2021-12-01T00:16:11+00:00","article_modified_time":"2021-12-01T13:04:18+00:00","og_image":[{"width":800,"height":400,"url":"https:\/\/www.andandonagraca.org\/site\/wp-content\/uploads\/2021\/11\/tesouro.png","type":"image\/png"}],"author":"Pr. Jonas Santana","twitter_card":"summary_large_image","twitter_misc":{"Escrito por":"Pr. Jonas Santana","Est. tempo de leitura":"17 minutos"},"schema":{"@context":"https:\/\/schema.org","@graph":[{"@type":"Article","@id":"https:\/\/www.andandonagraca.org\/site\/?p=67320#article","isPartOf":{"@id":"https:\/\/www.andandonagraca.org\/site\/?p=67320"},"author":{"name":"Pr. Jonas Santana","@id":"https:\/\/www.andandonagraca.org\/site\/#\/schema\/person\/225d0dedb572d4570a947397af2606ed"},"headline":"CRISTO E O TESOURO DA GRA\u00c7A, DO CONHECIMENTO E DA SABEDORIA","datePublished":"2021-12-01T00:16:11+00:00","dateModified":"2021-12-01T13:04:18+00:00","mainEntityOfPage":{"@id":"https:\/\/www.andandonagraca.org\/site\/?p=67320"},"wordCount":3421,"commentCount":0,"image":{"@id":"https:\/\/www.andandonagraca.org\/site\/?p=67320#primaryimage"},"thumbnailUrl":"https:\/\/www.andandonagraca.org\/site\/wp-content\/uploads\/2021\/11\/tesouro.png","keywords":["autoridade","cruz","esbo\u00e7o de mensagem","evangelho","obedi\u00eancia","palavra","reconcilia\u00e7\u00e3o","reino","santidade"],"articleSection":["Gra\u00e7a"],"inLanguage":"pt-BR","potentialAction":[{"@type":"CommentAction","name":"Comment","target":["https:\/\/www.andandonagraca.org\/site\/?p=67320#respond"]}]},{"@type":"WebPage","@id":"https:\/\/www.andandonagraca.org\/site\/?p=67320","url":"https:\/\/www.andandonagraca.org\/site\/?p=67320","name":"CRISTO E O TESOURO DA GRA\u00c7A, DO CONHECIMENTO E DA SABEDORIA - Pr. Jonas Santana","isPartOf":{"@id":"https:\/\/www.andandonagraca.org\/site\/#website"},"primaryImageOfPage":{"@id":"https:\/\/www.andandonagraca.org\/site\/?p=67320#primaryimage"},"image":{"@id":"https:\/\/www.andandonagraca.org\/site\/?p=67320#primaryimage"},"thumbnailUrl":"https:\/\/www.andandonagraca.org\/site\/wp-content\/uploads\/2021\/11\/tesouro.png","datePublished":"2021-12-01T00:16:11+00:00","dateModified":"2021-12-01T13:04:18+00:00","author":{"@id":"https:\/\/www.andandonagraca.org\/site\/#\/schema\/person\/225d0dedb572d4570a947397af2606ed"},"breadcrumb":{"@id":"https:\/\/www.andandonagraca.org\/site\/?p=67320#breadcrumb"},"inLanguage":"pt-BR","potentialAction":[{"@type":"ReadAction","target":["https:\/\/www.andandonagraca.org\/site\/?p=67320"]}]},{"@type":"ImageObject","inLanguage":"pt-BR","@id":"https:\/\/www.andandonagraca.org\/site\/?p=67320#primaryimage","url":"https:\/\/www.andandonagraca.org\/site\/wp-content\/uploads\/2021\/11\/tesouro.png","contentUrl":"https:\/\/www.andandonagraca.org\/site\/wp-content\/uploads\/2021\/11\/tesouro.png","width":800,"height":400},{"@type":"BreadcrumbList","@id":"https:\/\/www.andandonagraca.org\/site\/?p=67320#breadcrumb","itemListElement":[{"@type":"ListItem","position":1,"name":"In\u00edcio","item":"https:\/\/www.andandonagraca.org\/site"},{"@type":"ListItem","position":2,"name":"CRISTO E O TESOURO DA GRA\u00c7A, DO CONHECIMENTO E DA SABEDORIA"}]},{"@type":"WebSite","@id":"https:\/\/www.andandonagraca.org\/site\/#website","url":"https:\/\/www.andandonagraca.org\/site\/","name":"Pr. Jonas Santana","description":"ANDANDO NA GRA\u00c7A - AEMSF","potentialAction":[{"@type":"SearchAction","target":{"@type":"EntryPoint","urlTemplate":"https:\/\/www.andandonagraca.org\/site\/?s={search_term_string}"},"query-input":{"@type":"PropertyValueSpecification","valueRequired":true,"valueName":"search_term_string"}}],"inLanguage":"pt-BR"},{"@type":"Person","@id":"https:\/\/www.andandonagraca.org\/site\/#\/schema\/person\/225d0dedb572d4570a947397af2606ed","name":"Pr. Jonas Santana","image":{"@type":"ImageObject","inLanguage":"pt-BR","@id":"https:\/\/secure.gravatar.com\/avatar\/7f463b781f71522d52f2ff3dae3592f9f7b0e24187fc413b95cd3efa8429de28?s=96&d=mm&r=g","url":"https:\/\/secure.gravatar.com\/avatar\/7f463b781f71522d52f2ff3dae3592f9f7b0e24187fc413b95cd3efa8429de28?s=96&d=mm&r=g","contentUrl":"https:\/\/secure.gravatar.com\/avatar\/7f463b781f71522d52f2ff3dae3592f9f7b0e24187fc413b95cd3efa8429de28?s=96&d=mm&r=g","caption":"Pr. Jonas Santana"},"description":"Pastor, pesquisador b\u00edblico, pregador do Evangelho do Reino A fidelidade requer que entreguemos o evangelho sob todos os \u00e2ngulos, sem omitir nada e sem exagerar em nada. Para isto requer-se muita sabedoria. Nosso desejo \u00e9 compartilhar a sabedoria do Reino de Deus a todos aqueles que o desejam de todo o cora\u00e7\u00e3o.","sameAs":["https:\/\/www.andandonagraca.org","https:\/\/www.facebook.com\/andandonagraca","https:\/\/www.instagram.com\/andandonagraca\/","https:\/\/www.youtube.com\/@andandonagraca","https:\/\/podcasters.spotify.com\/pod\/show\/andandonagraca\/"],"url":"https:\/\/www.andandonagraca.org\/site\/?author=1"}]}},"_links":{"self":[{"href":"https:\/\/www.andandonagraca.org\/site\/index.php?rest_route=\/wp\/v2\/posts\/67320","targetHints":{"allow":["GET"]}}],"collection":[{"href":"https:\/\/www.andandonagraca.org\/site\/index.php?rest_route=\/wp\/v2\/posts"}],"about":[{"href":"https:\/\/www.andandonagraca.org\/site\/index.php?rest_route=\/wp\/v2\/types\/post"}],"author":[{"embeddable":true,"href":"https:\/\/www.andandonagraca.org\/site\/index.php?rest_route=\/wp\/v2\/users\/1"}],"replies":[{"embeddable":true,"href":"https:\/\/www.andandonagraca.org\/site\/index.php?rest_route=%2Fwp%2Fv2%2Fcomments&post=67320"}],"version-history":[{"count":0,"href":"https:\/\/www.andandonagraca.org\/site\/index.php?rest_route=\/wp\/v2\/posts\/67320\/revisions"}],"wp:featuredmedia":[{"embeddable":true,"href":"https:\/\/www.andandonagraca.org\/site\/index.php?rest_route=\/wp\/v2\/media\/67321"}],"wp:attachment":[{"href":"https:\/\/www.andandonagraca.org\/site\/index.php?rest_route=%2Fwp%2Fv2%2Fmedia&parent=67320"}],"wp:term":[{"taxonomy":"category","embeddable":true,"href":"https:\/\/www.andandonagraca.org\/site\/index.php?rest_route=%2Fwp%2Fv2%2Fcategories&post=67320"},{"taxonomy":"post_tag","embeddable":true,"href":"https:\/\/www.andandonagraca.org\/site\/index.php?rest_route=%2Fwp%2Fv2%2Ftags&post=67320"}],"curies":[{"name":"wp","href":"https:\/\/api.w.org\/{rel}","templated":true}]}}