{"id":67323,"date":"2021-12-01T08:26:59","date_gmt":"2021-12-01T11:26:59","guid":{"rendered":"https:\/\/www.andandonagraca.org\/site\/?p=67323"},"modified":"2021-12-01T08:26:59","modified_gmt":"2021-12-01T11:26:59","slug":"cristo-nosso-maior-tesouro","status":"publish","type":"post","link":"https:\/\/www.andandonagraca.org\/site\/?p=67323","title":{"rendered":"CRISTO NOSSO MAIOR TESOURO"},"content":{"rendered":"<p><strong>Colossenses 2:2-3<\/strong> \u2013 para que os seus cora\u00e7\u00f5es sejam consolados, e estejam unidos em amor e enriquecidos da plenitude da intelig\u00eancia, para conhecimento do mist\u00e9rio de Deus \u2014 Cristo, em quem est\u00e3o escondidos todos os tesouros da sabedoria e da ci\u00eancia. \u2260 dono do ouro e prata (cal\u00e7amentos do c\u00e9u)<\/p>\n<p><strong>\u00a0<\/strong><\/p>\n<p><strong>1\u00ba ALERTA &#8211; (Diretamente da Antiga Alian\u00e7a)<\/strong><\/p>\n<p><strong>Jeremias 2:13<\/strong><\/p>\n<p>ARC &#8211; Porque o meu povo fez duas maldades: a MIM me deixaram, o MANANCIAL DE \u00c1GUAS VIVAS, e cavaram cisternas, cisternas rotas, que n\u00e3o ret\u00eam as \u00e1guas.<\/p>\n<p>NVT &#8211; Pois meu povo cometeu duas maldades: Abandonaram a MIM, a FONTE DE \u00c1GUA VIVA, e cavaram para si cisternas rachadas, que n\u00e3o podem reter \u00e1gua.<\/p>\n<p>NTLH &#8211; O meu povo cometeu dois pecados: Eles abandonaram a MIM, a FONTE DE \u00c1GUA FRESCA, e cavaram cisternas, cisternas rachadas que deixam vazar a \u00e1gua da chuva.<\/p>\n<p><strong>\u00a0<\/strong><\/p>\n<p><strong>2\u00ba ALERTA &#8211; (Tamb\u00e9m da Antiga Alian\u00e7a)<\/strong><\/p>\n<p><strong>2\u00ba Cr\u00f4nicas 18<\/strong><\/p>\n<ul>\n<li>400 profetas profetizando mentiras,<\/li>\n<li>1 profeta, apenas, (que n\u00e3o fazia parte dos 400), falava a verdade e mesmo assim foi castigado pelo falso profeta principal.<\/li>\n<\/ul>\n<p>Vivemos numa \u00e9poca em que o povo \u00e9 \u00e1vido de informa\u00e7\u00e3o e n\u00e3o importa qual \u00e9 a fonte, tamb\u00e9m esse povo \u00e9 \u00e1vido por novidades e seguem com muita facilidade qualquer tend\u00eancia que surge e que atrai p\u00fablico. Assim o povo segue atr\u00e1s de falsos profetas, os quais est\u00e3o sob um esp\u00edrito de mentira.<\/p>\n<p><strong>\u00a0<\/strong><\/p>\n<p><strong>3\u00ba ALERTA \u2013 <\/strong><strong>\u00c9 HORA DE VOLTARMOS AOS FUNDAMENTOS DA PALAVRA DE DEUS<\/strong><\/p>\n<p><strong>1<sup>a<\/sup> Pedro 4:17 &#8211; <\/strong>Porque j\u00e1 \u00e9 tempo que comece o julgamento pela casa de Deus; e, se primeiro come\u00e7a por n\u00f3s, qual ser\u00e1 o fim daqueles que s\u00e3o desobedientes ao evangelho de Deus?<\/p>\n<p><strong>Hebreus 6:1 &#8211; <\/strong>Pelo que, deixando os rudimentos da doutrina de Cristo, prossigamos at\u00e9 a perfei\u00e7\u00e3o, n\u00e3o lan\u00e7ando de novo o fundamento do arrependimento de obras mortas e de f\u00e9 em Deus,<\/p>\n<p><strong>1<sup>a<\/sup> Cor\u00edntios 3:11 &#8211; <\/strong>outro fundamento &#8211; Porque ningu\u00e9m pode p\u00f4r outro fundamento, al\u00e9m do que j\u00e1 est\u00e1 posto, o qual \u00e9 Jesus Cristo.<\/p>\n<p><strong>Ef\u00e9sios 3:20 &#8211;<\/strong> fundamento dos ap\u00f3stolos &#8211; Ora, \u00e0quele que \u00e9 poderoso para fazer tudo muito mais abundantemente al\u00e9m daquilo que pedimos ou pensamos, segundo o poder que em n\u00f3s opera, a esse gl\u00f3ria na igreja, por Jesus Cristo, em todas as gera\u00e7\u00f5es, para todo o sempre. Am\u00e9m!<\/p>\n<p><strong>\u00a0<\/strong><\/p>\n<p><strong>2<sup>a <\/sup>Tim\u00f3teo 2:20 &#8211; <\/strong>fundamento de Deus tem este selo &#8211; Ora, numa grande casa n\u00e3o somente h\u00e1 vasos de ouro e de prata, mas tamb\u00e9m de pau e de barro; uns para honra, outros, por\u00e9m, para desonra.<\/p>\n<p>&nbsp;<\/p>\n<blockquote><p><strong>CHEGA DE NOVIDADES, \u00c9 HORA DE VOLTARMOS AOS FUNDAMENTOS DA PALAVRA DE DEUS<\/strong><\/p>\n<p><strong>O JULGAMENTO COME\u00c7A PELA CASA DE DEUS<\/strong><\/p><\/blockquote>\n<p><strong>\u00a0<\/strong><\/p>\n<p><strong>4\u00ba ALERTA &#8211; Hebreus 2:1-4 <\/strong><\/p>\n<p><strong>ARC <\/strong>\u2013 Portanto, conv\u00e9m-nos atentar, com mais dilig\u00eancia, para as coisas que j\u00e1 temos ouvido, para que, em tempo algum, nos desviemos delas.<\/p>\n<p>Porque, se a palavra falada pelos anjos permaneceu firme, e toda transgress\u00e3o e desobedi\u00eancia recebeu a justa retribui\u00e7\u00e3o, como escaparemos n\u00f3s, se n\u00e3o atentarmos para uma t\u00e3o grande salva\u00e7\u00e3o, a qual, come\u00e7ando a ser anunciada pelo Senhor, foi-nos, depois, confirmada pelos que a ouviram; testificando tamb\u00e9m Deus com eles, por sinais, e milagres, e v\u00e1rias maravilhas, e dons do Esp\u00edrito Santo, distribu\u00eddos por sua vontade?<\/p>\n<p><strong>NVT<\/strong> \u2013 Portanto, precisamos prestar muita aten\u00e7\u00e3o \u00e0s verdades que temos ouvido, para n\u00e3o nos desviarmos delas. Pois a mensagem que foi transmitida por meio de anjos permaneceu firme, e toda transgress\u00e3o e desobedi\u00eancia recebeu o castigo merecido. O que nos faz pensar que escaparemos se negligenciarmos essa grande salva\u00e7\u00e3o, anunciada primeiramente pelo Senhor e depois transmitida a n\u00f3s por aqueles que o ouviram falar? E Deus confirmou a mensagem por meio de sinais, maravilhas e diversos milagres, e tamb\u00e9m por dons do Esp\u00edrito Santo, conforme sua vontade.<\/p>\n<p><strong>\u00a0<\/strong><\/p>\n<p><strong>A que precisamos atentar?<\/strong><\/p>\n<ul>\n<li>Para a obra completa de Jesus na cruz &#8211; <strong>Romanos 10:8-11<\/strong><\/li>\n<li>Estamos mortos para o pecado &#8211; <strong>Romanos 6:1-14<\/strong><\/li>\n<li>Para tudo quanto temos ouvido acerca da Palavra de Deus &#8211; <strong>Hebreus 2:1-4<\/strong><\/li>\n<li>Sejamos perfeitos em unidade para que o mundo creia que Jesus foi enviado &#8211; <strong>Jo\u00e3o 17:22-23<\/strong><\/li>\n<\/ul>\n<p>&nbsp;<\/p>\n<p><strong>Romanos 10:8-11<\/strong> &#8211; Mas que diz?<\/p>\n<p>A palavra est\u00e1 junto de ti, na tua boca e no teu cora\u00e7\u00e3o; esta \u00e9 a palavra da f\u00e9, que pregamos, a saber: Se, com a tua boca, confessares ao Senhor Jesus e, em teu cora\u00e7\u00e3o, creres que Deus o ressuscitou dos mortos, ser\u00e1s salvo.<\/p>\n<p>Visto que com o cora\u00e7\u00e3o se cr\u00ea para a justi\u00e7a, e com a boca se faz confiss\u00e3o para a salva\u00e7\u00e3o. Porque a Escritura diz: Todo aquele que nele crer n\u00e3o ser\u00e1 confundido.<\/p>\n<p><strong>Romanos 6:1-14<\/strong> \u2013 Que diremos, pois?<\/p>\n<p>Permaneceremos no pecado, para que a gra\u00e7a seja mais abundante? De modo nenhum! N\u00f3s que estamos mortos para o pecado, como viveremos ainda nele? Ou n\u00e3o sabeis que todos quantos fomos batizados em Jesus Cristo fomos batizados na sua morte?<\/p>\n<p>De sorte que fomos sepultados com ele pelo batismo na morte; para que, como Cristo ressuscitou dos mortos pela gl\u00f3ria do Pai, assim andemos n\u00f3s tamb\u00e9m em novidade de vida.<\/p>\n<p>Porque, se fomos plantados juntamente com ele na semelhan\u00e7a da sua morte, tamb\u00e9m o seremos na da sua ressurrei\u00e7\u00e3o; sabendo isto: que o nosso velho homem foi com ele crucificado, para que o corpo do pecado seja desfeito, a fim de que n\u00e3o sirvamos mais ao pecado. Porque aquele que est\u00e1 morto est\u00e1 justificado do pecado.<\/p>\n<p>Ora, se j\u00e1 morremos com Cristo, cremos que tamb\u00e9m com ele viveremos; sabendo que, havendo Cristo ressuscitado dos mortos, j\u00e1 n\u00e3o morre; a morte n\u00e3o mais ter\u00e1 dom\u00ednio sobre ele. Pois, quanto a ter morrido, de uma vez morreu para o pecado; mas, quanto a viver, vive para Deus.<\/p>\n<p>Assim tamb\u00e9m v\u00f3s considerai-vos como mortos para o pecado, mas vivos para Deus, em Cristo Jesus, nosso Senhor. N\u00e3o reine, portanto, o pecado em vosso corpo mortal, para lhe obedecerdes em suas concupisc\u00eancias; nem tampouco apresenteis os vossos membros ao pecado por instrumentos de iniquidade; mas apresentai-vos a Deus, como vivos dentre mortos, e os vossos membros a Deus, como instrumentos de justi\u00e7a. Porque o pecado n\u00e3o ter\u00e1 dom\u00ednio sobre v\u00f3s, pois n\u00e3o estais debaixo da lei, mas debaixo da gra\u00e7a.<\/p>\n<p>&nbsp;<\/p>\n<blockquote><p><strong>POR QUE N\u00c3O ESTAMOS VENDO ESSES SINAIS, MARAVILHAS E DIVERSOS MILAGRES QUE EST\u00c3O DESCRITOS COM MAIS FREQU\u00caNCIA EM NOSSOS DIAS?<\/strong><\/p><\/blockquote>\n<p>&nbsp;<\/p>\n<ul>\n<li>N\u00e3o conhecer a Cristo (Conhecem a sombra: Mois\u00e9s, Davi, Elias, etc),<\/li>\n<li>Prefer\u00eancia e insist\u00eancia de muitos pelo sistema judaizante,<\/li>\n<li>Excesso de marketing,<\/li>\n<li>Amor ao dinheiro,<\/li>\n<li>Desleixo no trato com o pecado,<\/li>\n<li>Pobreza espiritual,<\/li>\n<li>Incredulidade,<\/li>\n<li>Falta de sensibilidade ao Esp\u00edrito Santo,<\/li>\n<li>Falta de unidade<\/li>\n<\/ul>\n<p>&nbsp;<\/p>\n<p><strong>O que significa o termo <\/strong><strong>judaizante<\/strong><strong>?<\/strong><\/p>\n<p>O termo<strong> Judaizante <\/strong>tem sido amplamente discutido no seio da Igreja, pois \u00e9 um risco iminente. O mesmo sistema operou no passado e interferiu na Igreja Primitiva, provocou discuss\u00f5es, interrup\u00e7\u00f5es, a tal ponto de Deus ter levantado o Ap\u00f3stolo Paulo para iniciar a Igreja dos Gentios.<\/p>\n<p>Paulo, entendeu que a Igreja \u00e9 o novo Israel de Deus, no seu sentido mais amplo de povo, e jamais passou pela mente do ap\u00f3stolo trazer para a rec\u00e9m-formada na\u00e7\u00e3o espiritual os costumes, leis e pr\u00e1ticas da na\u00e7\u00e3o natural. Ali\u00e1s, qualquer estudante das Escrituras entender\u00e1 que Paulo sempre teceu compara\u00e7\u00f5es entre o Israel natural e o espiritual. Ele sempre usou o natural como sombra do espiritual.<\/p>\n<p>Judeu-crist\u00e3o que insistia: para algu\u00e9m ser salvo era necess\u00e1rio tamb\u00e9m guardar as leis b\u00e1sicas do Juda\u00edsmo, principalmente a circuncis\u00e3o. O termo \u201cjudaizante\u201d n\u00e3o aparece no NT, mas a atividade deles \u00e9 mencionada em v\u00e1rios lugares, como, por exemplo, em Atos 15.<\/p>\n<p>O <strong>Juda\u00edsmo <\/strong>era o<strong> s<\/strong>istema religioso praticado pelos judeus (G\u00e1latas 1:13-14). Seus ensinamentos procedem do AT, de tradi\u00e7\u00f5es orais antigas e do Talmude. O conjunto de seus ensinamentos e pr\u00e1ticas come\u00e7ou a formar-se no per\u00edodo do cativeiro, desenvolvendo-se completamente no Per\u00edodo Intertestament\u00e1rio.<\/p>\n<p>&nbsp;<\/p>\n<p><strong>Nossa fonte inesgot\u00e1vel \u00e9 CRISTO!<\/strong><\/p>\n<p><strong>Romanos 6:4<\/strong> &#8211; De sorte que fomos sepultados com ele pelo batismo na morte; para que, como Cristo ressuscitou dos mortos pela gl\u00f3ria do Pai, assim andemos n\u00f3s tamb\u00e9m em novidade de vida.<\/p>\n<p><strong>1<sup>a <\/sup>Cor\u00edntios 1:18-24<\/strong><\/p>\n<p>Porque a <strong>PALAVRA DA CRUZ <\/strong>\u00e9 loucura para os que perecem; mas para n\u00f3s, que somos salvos<strong>, \u00c9 O PODER DE DEUS. <\/strong><\/p>\n<p>Porque est\u00e1 escrito: Destruirei a sabedoria dos s\u00e1bios e aniquilarei a intelig\u00eancia dos inteligentes. Onde est\u00e1 o s\u00e1bio? Onde est\u00e1 o escriba? Onde est\u00e1 o inquiridor deste s\u00e9culo? Porventura, n\u00e3o tornou Deus louca a sabedoria deste mundo?<\/p>\n<p>Visto como, na sabedoria de Deus, o mundo n\u00e3o conheceu a Deus pela sua sabedoria, <strong>aprouve a Deus salvar os crentes pela loucura da prega\u00e7\u00e3o. <\/strong><\/p>\n<p>Porque os judeus pedem sinal, e os gregos buscam sabedoria; mas n\u00f3s <strong>PREGAMOS A CRISTO CRUCIFICADO, <\/strong>que \u00e9 esc\u00e2ndalo para os judeus e loucura para os gregos<strong>. <\/strong>Mas, para os que s\u00e3o chamados, tanto judeus como gregos, <strong>lhes pregamos A CRISTO, PODER DE DEUS E SABEDORIA DE DEUS.<\/strong><\/p>\n<p><strong>\u00a0<\/strong><\/p>\n<p><strong>JESUS PROMETEU<\/strong><\/p>\n<p><strong>Jo\u00e3o 14:11-15<\/strong> \u2013 <u>Crede-me<\/u> que estou no Pai, e o Pai, em mim; <u>crede-me<\/u>, ao menos, por causa das mesmas obras. Na verdade, na verdade vos digo que<strong> aquele que cr\u00ea em mim tamb\u00e9m far\u00e1 as obras que eu fa\u00e7o e as far\u00e1 maiores do que estas, <\/strong>porque eu vou para meu Pai. E<strong> tudo quanto pedirdes em meu nome, eu o farei, para que o Pai seja glorificado no Filho<\/strong>. Se pedirdes alguma coisa em meu nome, eu o farei. Se me amardes, guardareis os meus mandamentos.<\/p>\n<p><strong>Lucas 12:32<\/strong> \u2013 N\u00e3o temas, \u00f3 pequeno rebanho, porque a vosso Pai agradou dar-vos o Reino.<\/p>\n<p><strong>Ef\u00e9sios 1:3<\/strong> \u2013 Bendito o Deus e Pai de nosso Senhor Jesus Cristo, <strong>o qual nos aben\u00e7oou com todas as b\u00ean\u00e7\u00e3os espirituais nos lugares celestiais em Cristo<\/strong>,<\/p>\n<p>&nbsp;<\/p>\n<p><strong>CURA PARA TODA <\/strong><strong>I<\/strong><strong>GREJA<\/strong><\/p>\n<p>1\u00aa Pedro 2:24 \u2013 Levando ele mesmo em seu corpo os nossos pecados sobre o madeiro,<strong> <u>para que, mortos para os pecados<\/u><\/strong>, pud\u00e9ssemos viver para a justi\u00e7a; e p<strong>elas suas feridas fostes sarados<\/strong>. (Cumprimento de Isa\u00edas 53:4-5)<\/p>\n<p>&nbsp;<\/p>\n<p><strong>A incredulidade \u00e9 vencida pelo ensino da Palavra<\/strong><\/p>\n<p><strong>Marcos 6:5-6<\/strong> \u2013 E n\u00e3o podia fazer ali obras maravilhosas; somente curou alguns poucos enfermos, impondo-lhes as m\u00e3os. E estava admirado da incredulidade deles. E percorreu as aldeias vizinhas, ensinando&#8230;<\/p>\n<p>&nbsp;<\/p>\n<p><strong>A GRANDE COMISS\u00c3O DA IGREJA <\/strong><\/p>\n<p>Marcos 16:15-20 \u2013 E disse-lhes:<\/p>\n<ul>\n<li>Ide por todo o mundo,<\/li>\n<li>pregai o evangelho a toda criatura<\/li>\n<li>Quem crer e for batizado ser\u00e1 salvo; mas quem n\u00e3o crer ser\u00e1 condenado.<\/li>\n<\/ul>\n<p>E estes sinais seguir\u00e3o aos que crerem:<\/p>\n<ul>\n<li>Em meu nome, expulsar\u00e3o dem\u00f4nios;<\/li>\n<li>Falar\u00e3o novas l\u00ednguas;<\/li>\n<li>Pegar\u00e3o nas serpentes;<\/li>\n<li>Se beberem alguma coisa mort\u00edfera, n\u00e3o lhes far\u00e1 dano algum;<\/li>\n<li>Impor\u00e3o as m\u00e3os sobre os enfermos e os curar\u00e3o.<\/li>\n<\/ul>\n<p>Ora, o Senhor, depois de lhes ter falado, foi recebido no c\u00e9u e assentou-se \u00e0 direita de Deus. E eles, tendo partido, pregaram por todas as partes, cooperando com eles o Senhor e confirmando a palavra com os sinais que se seguiram. Am\u00e9m!<\/p>\n<p>&nbsp;<\/p>\n<p><strong>MISS\u00c3O DE JESUS<\/strong> (<em>eu dei-lhes a gl\u00f3ria que a mim me deste<\/em>)<\/p>\n<p><em>Cumprimento de Isa\u00edas 61:1-2 \u2013 <\/em>Lucas 4:18-19 \u2013 O Esp\u00edrito do Senhor \u00e9 sobre mim, pois que me ungiu e enviou para:<\/p>\n<ul>\n<li>Evangelizar os pobres,<\/li>\n<li>Curar os quebrantados do cora\u00e7\u00e3o,<\/li>\n<li>Apregoar liberdade aos cativos,<\/li>\n<li>Dar vista aos cegos,<\/li>\n<li>P\u00f4r em liberdade os oprimidos,<\/li>\n<li>Anunciar o ano aceit\u00e1vel do Senhor. (Este \u00e9 o tempo determinado por Deus)<\/li>\n<\/ul>\n<p><strong>\u00a0<\/strong><\/p>\n<p><strong>UNIDADE DA IGREJA \u00c9 NECESS\u00c1RIA <\/strong><\/p>\n<p><strong>Jo\u00e3o 17:22-23<\/strong><em> \u2013 E <\/em><em>eu dei-lhes a gl\u00f3ria que a mim me deste<\/em>, para que sejam um, como n\u00f3s somos um. Eu neles, e tu em mim<em>, para que eles sejam perfeitos em unidade, e para que o mundo conhe\u00e7a que tu me enviaste a mim e que tens amado a eles como me tens amado a mim<\/em>.<\/p>\n<p><strong>Unidade \u00e9 ter este pensamento: <\/strong><\/p>\n<p><strong>Ef\u00e9sios 4:1-6<\/strong> \u2013 Rogo-vos, pois, eu, o preso do Senhor, que andeis como \u00e9 digno da voca\u00e7\u00e3o com que fostes chamados, com toda a humildade e mansid\u00e3o, com longanimidade, suportando-vos uns aos outros em amor, procurando guardar a unidade do Esp\u00edrito pelo <u>v\u00ednculo d<\/u><u>a Paz<\/u>, {que consiste em}:<\/p>\n<ul>\n<li><em>H\u00e1 um <\/em>s\u00f3 <em>corpo e um <\/em>s\u00f3 <em>Esp\u00edrito, <\/em><\/li>\n<li><em>H\u00e1 um<\/em><em>a <\/em>s\u00f3 <em>e<\/em><em>s<\/em><em>peran<\/em><em>\u00e7a da vossa voca\u00e7\u00e3o; <\/em><\/li>\n<li><em>Um <\/em>s\u00f3 <em>Senhor, <\/em><\/li>\n<li><em>Uma <\/em>s\u00f3 <em>f\u00e9, <\/em><\/li>\n<li><em>Um <\/em>s\u00f3 <em>batismo; <\/em><\/li>\n<li><em>Um <\/em>s\u00f3 <em>Deus e Pai de todos, <\/em>o <em>qual \u00e9 sobre todos<\/em><em>, <\/em><em>e po<\/em><em>r <\/em><em>todos, e em todos. <\/em><\/li>\n<\/ul>\n<p>Todos aqueles que nasceram de novo fazem parte da igreja e seus membros devem demonstrar aos olhos do mundo, de forma vis\u00edvel, essa unidade interna. A desuni\u00e3o dos crentes \u00e9 uma amea\u00e7a \u00e0 igreja e um esc\u00e2ndalo diante do mundo. Essa atitude desonra a Cristo e a pr\u00f3pria igreja.<\/p>\n<p>Paulo alertou para o fato de que uma igreja dividida \u00e9 uma presa f\u00e1cil no caso de um ataque frontal da sociedade externa. Assim, n\u00e3o basta apenas ficar firme contra os perigos que v\u00eam de fora; \u00e9 preciso acautelar-se contra o perigo de reduzir ou ficar reduzido a pequenos fragmentos por causa das divis\u00f5es internas. <em>Para <\/em>o <em>ap\u00f3stol<\/em><em>o <\/em><em>Paulo uma santa e una igreja&#8221; n\u00e3o era apenas um artigo de f\u00e9. <\/em>(Filipenses 1:28, Filipenses 2:1-4)<\/p>\n<p>Satan\u00e1s tem todo interesse em afastar as pessoas do corpo, pois ao afastar uma pessoa da unidade, ele prepara o bote para atac\u00e1-la com mais facilidade, j\u00e1 que sozinha ela est\u00e1 mais vulner\u00e1vel<\/p>\n<p>Hebreus 10:24,25 \u2013 E consideremo-nos uns aos outros, para nos estimularmos ao amor e \u00e0s boas obras, n\u00e3o deixando a nossa congrega\u00e7\u00e3o, como \u00e9 costume de alguns; antes, admoestando-nos uns aos outros; e tanto mais quanto vedes que se vai aproximando aquele Dia.<\/p>\n<p>&nbsp;<\/p>\n<p><strong>Quando isto for realidade, veremos o agir de Deus:<\/strong><\/p>\n<ul>\n<li>Pregar o Evangelho<\/li>\n<li>Curar os enfermos,<\/li>\n<li>Dar vista aos cegos,<\/li>\n<li>Fazer paral\u00edticos andar,<\/li>\n<li>Ressuscitar mortos,<\/li>\n<li>Limpar os leprosos, cancerosos, etc<\/li>\n<li>Liberdade aos cativos e prisioneiros de Satan\u00e1s,<\/li>\n<li>Un\u00e7\u00e3o de ousadia na Palavra de Deus.<\/li>\n<\/ul>\n<p>&nbsp;<\/p>\n<p>&nbsp;<\/p>\n","protected":false},"excerpt":{"rendered":"<p>Colossenses 2:2-3 \u2013 para que os seus cora\u00e7\u00f5es sejam consolados, e estejam unidos em amor e enriquecidos da<\/p>\n","protected":false},"author":1,"featured_media":67325,"comment_status":"open","ping_status":"open","sticky":false,"template":"","format":"status","meta":{"footnotes":""},"categories":[120],"tags":[24,17,38,29,18,23,123,19,33,56,45,34,35],"class_list":["post-67323","post","type-post","status-publish","format-status","has-post-thumbnail","hentry","category-graca","tag-apostasia","tag-autoridade","tag-cristao","tag-cruz","tag-cuidado","tag-engano","tag-esboco-de-mensagem","tag-evangelho","tag-justificacao","tag-obediencia","tag-palavra","tag-reconciliacao","tag-reino","post_format-post-format-status"],"yoast_head":"<!-- This site is optimized with the Yoast SEO plugin v27.5 - https:\/\/yoast.com\/product\/yoast-seo-wordpress\/ -->\n<title>CRISTO NOSSO MAIOR TESOURO - Pr. Jonas Santana<\/title>\n<meta name=\"robots\" content=\"index, follow, max-snippet:-1, max-image-preview:large, max-video-preview:-1\" \/>\n<link rel=\"canonical\" href=\"https:\/\/www.andandonagraca.org\/site\/?p=67323\" \/>\n<meta property=\"og:locale\" content=\"pt_BR\" \/>\n<meta property=\"og:type\" content=\"article\" \/>\n<meta property=\"og:title\" content=\"CRISTO NOSSO MAIOR TESOURO - Pr. Jonas Santana\" \/>\n<meta property=\"og:description\" content=\"Colossenses 2:2-3 \u2013 para que os seus cora\u00e7\u00f5es sejam consolados, e estejam unidos em amor e enriquecidos da\" \/>\n<meta property=\"og:url\" content=\"https:\/\/www.andandonagraca.org\/site\/?p=67323\" \/>\n<meta property=\"og:site_name\" content=\"Pr. Jonas Santana\" \/>\n<meta property=\"article:publisher\" content=\"https:\/\/www.facebook.com\/andandonagraca\" \/>\n<meta property=\"article:author\" content=\"https:\/\/www.facebook.com\/andandonagraca\" \/>\n<meta property=\"article:published_time\" content=\"2021-12-01T11:26:59+00:00\" \/>\n<meta property=\"og:image\" content=\"https:\/\/www.andandonagraca.org\/site\/wp-content\/uploads\/2021\/12\/Treasure.jpg\" \/>\n\t<meta property=\"og:image:width\" content=\"1024\" \/>\n\t<meta property=\"og:image:height\" content=\"682\" \/>\n\t<meta property=\"og:image:type\" content=\"image\/jpeg\" \/>\n<meta name=\"author\" content=\"Pr. Jonas Santana\" \/>\n<meta name=\"twitter:card\" content=\"summary_large_image\" \/>\n<meta name=\"twitter:label1\" content=\"Escrito por\" \/>\n\t<meta name=\"twitter:data1\" content=\"Pr. Jonas Santana\" \/>\n\t<meta name=\"twitter:label2\" content=\"Est. tempo de leitura\" \/>\n\t<meta name=\"twitter:data2\" content=\"12 minutos\" \/>\n<script type=\"application\/ld+json\" class=\"yoast-schema-graph\">{\"@context\":\"https:\\\/\\\/schema.org\",\"@graph\":[{\"@type\":\"Article\",\"@id\":\"https:\\\/\\\/www.andandonagraca.org\\\/site\\\/?p=67323#article\",\"isPartOf\":{\"@id\":\"https:\\\/\\\/www.andandonagraca.org\\\/site\\\/?p=67323\"},\"author\":{\"name\":\"Pr. Jonas Santana\",\"@id\":\"https:\\\/\\\/www.andandonagraca.org\\\/site\\\/#\\\/schema\\\/person\\\/225d0dedb572d4570a947397af2606ed\"},\"headline\":\"CRISTO NOSSO MAIOR TESOURO\",\"datePublished\":\"2021-12-01T11:26:59+00:00\",\"mainEntityOfPage\":{\"@id\":\"https:\\\/\\\/www.andandonagraca.org\\\/site\\\/?p=67323\"},\"wordCount\":2422,\"commentCount\":0,\"image\":{\"@id\":\"https:\\\/\\\/www.andandonagraca.org\\\/site\\\/?p=67323#primaryimage\"},\"thumbnailUrl\":\"https:\\\/\\\/www.andandonagraca.org\\\/site\\\/wp-content\\\/uploads\\\/2021\\\/12\\\/Treasure.jpg\",\"keywords\":[\"apostasia\",\"autoridade\",\"crist\u00e3o\",\"cruz\",\"cuidado\",\"engano\",\"esbo\u00e7o de mensagem\",\"evangelho\",\"justifica\u00e7\u00e3o\",\"obedi\u00eancia\",\"palavra\",\"reconcilia\u00e7\u00e3o\",\"reino\"],\"articleSection\":[\"Gra\u00e7a\"],\"inLanguage\":\"pt-BR\",\"potentialAction\":[{\"@type\":\"CommentAction\",\"name\":\"Comment\",\"target\":[\"https:\\\/\\\/www.andandonagraca.org\\\/site\\\/?p=67323#respond\"]}]},{\"@type\":\"WebPage\",\"@id\":\"https:\\\/\\\/www.andandonagraca.org\\\/site\\\/?p=67323\",\"url\":\"https:\\\/\\\/www.andandonagraca.org\\\/site\\\/?p=67323\",\"name\":\"CRISTO NOSSO MAIOR TESOURO - Pr. Jonas Santana\",\"isPartOf\":{\"@id\":\"https:\\\/\\\/www.andandonagraca.org\\\/site\\\/#website\"},\"primaryImageOfPage\":{\"@id\":\"https:\\\/\\\/www.andandonagraca.org\\\/site\\\/?p=67323#primaryimage\"},\"image\":{\"@id\":\"https:\\\/\\\/www.andandonagraca.org\\\/site\\\/?p=67323#primaryimage\"},\"thumbnailUrl\":\"https:\\\/\\\/www.andandonagraca.org\\\/site\\\/wp-content\\\/uploads\\\/2021\\\/12\\\/Treasure.jpg\",\"datePublished\":\"2021-12-01T11:26:59+00:00\",\"author\":{\"@id\":\"https:\\\/\\\/www.andandonagraca.org\\\/site\\\/#\\\/schema\\\/person\\\/225d0dedb572d4570a947397af2606ed\"},\"breadcrumb\":{\"@id\":\"https:\\\/\\\/www.andandonagraca.org\\\/site\\\/?p=67323#breadcrumb\"},\"inLanguage\":\"pt-BR\",\"potentialAction\":[{\"@type\":\"ReadAction\",\"target\":[\"https:\\\/\\\/www.andandonagraca.org\\\/site\\\/?p=67323\"]}]},{\"@type\":\"ImageObject\",\"inLanguage\":\"pt-BR\",\"@id\":\"https:\\\/\\\/www.andandonagraca.org\\\/site\\\/?p=67323#primaryimage\",\"url\":\"https:\\\/\\\/www.andandonagraca.org\\\/site\\\/wp-content\\\/uploads\\\/2021\\\/12\\\/Treasure.jpg\",\"contentUrl\":\"https:\\\/\\\/www.andandonagraca.org\\\/site\\\/wp-content\\\/uploads\\\/2021\\\/12\\\/Treasure.jpg\",\"width\":1024,\"height\":682},{\"@type\":\"BreadcrumbList\",\"@id\":\"https:\\\/\\\/www.andandonagraca.org\\\/site\\\/?p=67323#breadcrumb\",\"itemListElement\":[{\"@type\":\"ListItem\",\"position\":1,\"name\":\"In\u00edcio\",\"item\":\"https:\\\/\\\/www.andandonagraca.org\\\/site\"},{\"@type\":\"ListItem\",\"position\":2,\"name\":\"CRISTO NOSSO MAIOR TESOURO\"}]},{\"@type\":\"WebSite\",\"@id\":\"https:\\\/\\\/www.andandonagraca.org\\\/site\\\/#website\",\"url\":\"https:\\\/\\\/www.andandonagraca.org\\\/site\\\/\",\"name\":\"Pr. Jonas Santana\",\"description\":\"ANDANDO NA GRA\u00c7A - AEMSF\",\"potentialAction\":[{\"@type\":\"SearchAction\",\"target\":{\"@type\":\"EntryPoint\",\"urlTemplate\":\"https:\\\/\\\/www.andandonagraca.org\\\/site\\\/?s={search_term_string}\"},\"query-input\":{\"@type\":\"PropertyValueSpecification\",\"valueRequired\":true,\"valueName\":\"search_term_string\"}}],\"inLanguage\":\"pt-BR\"},{\"@type\":\"Person\",\"@id\":\"https:\\\/\\\/www.andandonagraca.org\\\/site\\\/#\\\/schema\\\/person\\\/225d0dedb572d4570a947397af2606ed\",\"name\":\"Pr. Jonas Santana\",\"image\":{\"@type\":\"ImageObject\",\"inLanguage\":\"pt-BR\",\"@id\":\"https:\\\/\\\/secure.gravatar.com\\\/avatar\\\/7f463b781f71522d52f2ff3dae3592f9f7b0e24187fc413b95cd3efa8429de28?s=96&d=mm&r=g\",\"url\":\"https:\\\/\\\/secure.gravatar.com\\\/avatar\\\/7f463b781f71522d52f2ff3dae3592f9f7b0e24187fc413b95cd3efa8429de28?s=96&d=mm&r=g\",\"contentUrl\":\"https:\\\/\\\/secure.gravatar.com\\\/avatar\\\/7f463b781f71522d52f2ff3dae3592f9f7b0e24187fc413b95cd3efa8429de28?s=96&d=mm&r=g\",\"caption\":\"Pr. Jonas Santana\"},\"description\":\"Pastor, pesquisador b\u00edblico, pregador do Evangelho do Reino A fidelidade requer que entreguemos o evangelho sob todos os \u00e2ngulos, sem omitir nada e sem exagerar em nada. Para isto requer-se muita sabedoria. Nosso desejo \u00e9 compartilhar a sabedoria do Reino de Deus a todos aqueles que o desejam de todo o cora\u00e7\u00e3o.\",\"sameAs\":[\"https:\\\/\\\/www.andandonagraca.org\",\"https:\\\/\\\/www.facebook.com\\\/andandonagraca\",\"https:\\\/\\\/www.instagram.com\\\/andandonagraca\\\/\",\"https:\\\/\\\/www.youtube.com\\\/@andandonagraca\",\"https:\\\/\\\/podcasters.spotify.com\\\/pod\\\/show\\\/andandonagraca\\\/\"],\"url\":\"https:\\\/\\\/www.andandonagraca.org\\\/site\\\/?author=1\"}]}<\/script>\n<!-- \/ Yoast SEO plugin. -->","yoast_head_json":{"title":"CRISTO NOSSO MAIOR TESOURO - Pr. Jonas Santana","robots":{"index":"index","follow":"follow","max-snippet":"max-snippet:-1","max-image-preview":"max-image-preview:large","max-video-preview":"max-video-preview:-1"},"canonical":"https:\/\/www.andandonagraca.org\/site\/?p=67323","og_locale":"pt_BR","og_type":"article","og_title":"CRISTO NOSSO MAIOR TESOURO - Pr. Jonas Santana","og_description":"Colossenses 2:2-3 \u2013 para que os seus cora\u00e7\u00f5es sejam consolados, e estejam unidos em amor e enriquecidos da","og_url":"https:\/\/www.andandonagraca.org\/site\/?p=67323","og_site_name":"Pr. Jonas Santana","article_publisher":"https:\/\/www.facebook.com\/andandonagraca","article_author":"https:\/\/www.facebook.com\/andandonagraca","article_published_time":"2021-12-01T11:26:59+00:00","og_image":[{"width":1024,"height":682,"url":"https:\/\/www.andandonagraca.org\/site\/wp-content\/uploads\/2021\/12\/Treasure.jpg","type":"image\/jpeg"}],"author":"Pr. Jonas Santana","twitter_card":"summary_large_image","twitter_misc":{"Escrito por":"Pr. Jonas Santana","Est. tempo de leitura":"12 minutos"},"schema":{"@context":"https:\/\/schema.org","@graph":[{"@type":"Article","@id":"https:\/\/www.andandonagraca.org\/site\/?p=67323#article","isPartOf":{"@id":"https:\/\/www.andandonagraca.org\/site\/?p=67323"},"author":{"name":"Pr. Jonas Santana","@id":"https:\/\/www.andandonagraca.org\/site\/#\/schema\/person\/225d0dedb572d4570a947397af2606ed"},"headline":"CRISTO NOSSO MAIOR TESOURO","datePublished":"2021-12-01T11:26:59+00:00","mainEntityOfPage":{"@id":"https:\/\/www.andandonagraca.org\/site\/?p=67323"},"wordCount":2422,"commentCount":0,"image":{"@id":"https:\/\/www.andandonagraca.org\/site\/?p=67323#primaryimage"},"thumbnailUrl":"https:\/\/www.andandonagraca.org\/site\/wp-content\/uploads\/2021\/12\/Treasure.jpg","keywords":["apostasia","autoridade","crist\u00e3o","cruz","cuidado","engano","esbo\u00e7o de mensagem","evangelho","justifica\u00e7\u00e3o","obedi\u00eancia","palavra","reconcilia\u00e7\u00e3o","reino"],"articleSection":["Gra\u00e7a"],"inLanguage":"pt-BR","potentialAction":[{"@type":"CommentAction","name":"Comment","target":["https:\/\/www.andandonagraca.org\/site\/?p=67323#respond"]}]},{"@type":"WebPage","@id":"https:\/\/www.andandonagraca.org\/site\/?p=67323","url":"https:\/\/www.andandonagraca.org\/site\/?p=67323","name":"CRISTO NOSSO MAIOR TESOURO - Pr. Jonas Santana","isPartOf":{"@id":"https:\/\/www.andandonagraca.org\/site\/#website"},"primaryImageOfPage":{"@id":"https:\/\/www.andandonagraca.org\/site\/?p=67323#primaryimage"},"image":{"@id":"https:\/\/www.andandonagraca.org\/site\/?p=67323#primaryimage"},"thumbnailUrl":"https:\/\/www.andandonagraca.org\/site\/wp-content\/uploads\/2021\/12\/Treasure.jpg","datePublished":"2021-12-01T11:26:59+00:00","author":{"@id":"https:\/\/www.andandonagraca.org\/site\/#\/schema\/person\/225d0dedb572d4570a947397af2606ed"},"breadcrumb":{"@id":"https:\/\/www.andandonagraca.org\/site\/?p=67323#breadcrumb"},"inLanguage":"pt-BR","potentialAction":[{"@type":"ReadAction","target":["https:\/\/www.andandonagraca.org\/site\/?p=67323"]}]},{"@type":"ImageObject","inLanguage":"pt-BR","@id":"https:\/\/www.andandonagraca.org\/site\/?p=67323#primaryimage","url":"https:\/\/www.andandonagraca.org\/site\/wp-content\/uploads\/2021\/12\/Treasure.jpg","contentUrl":"https:\/\/www.andandonagraca.org\/site\/wp-content\/uploads\/2021\/12\/Treasure.jpg","width":1024,"height":682},{"@type":"BreadcrumbList","@id":"https:\/\/www.andandonagraca.org\/site\/?p=67323#breadcrumb","itemListElement":[{"@type":"ListItem","position":1,"name":"In\u00edcio","item":"https:\/\/www.andandonagraca.org\/site"},{"@type":"ListItem","position":2,"name":"CRISTO NOSSO MAIOR TESOURO"}]},{"@type":"WebSite","@id":"https:\/\/www.andandonagraca.org\/site\/#website","url":"https:\/\/www.andandonagraca.org\/site\/","name":"Pr. Jonas Santana","description":"ANDANDO NA GRA\u00c7A - AEMSF","potentialAction":[{"@type":"SearchAction","target":{"@type":"EntryPoint","urlTemplate":"https:\/\/www.andandonagraca.org\/site\/?s={search_term_string}"},"query-input":{"@type":"PropertyValueSpecification","valueRequired":true,"valueName":"search_term_string"}}],"inLanguage":"pt-BR"},{"@type":"Person","@id":"https:\/\/www.andandonagraca.org\/site\/#\/schema\/person\/225d0dedb572d4570a947397af2606ed","name":"Pr. Jonas Santana","image":{"@type":"ImageObject","inLanguage":"pt-BR","@id":"https:\/\/secure.gravatar.com\/avatar\/7f463b781f71522d52f2ff3dae3592f9f7b0e24187fc413b95cd3efa8429de28?s=96&d=mm&r=g","url":"https:\/\/secure.gravatar.com\/avatar\/7f463b781f71522d52f2ff3dae3592f9f7b0e24187fc413b95cd3efa8429de28?s=96&d=mm&r=g","contentUrl":"https:\/\/secure.gravatar.com\/avatar\/7f463b781f71522d52f2ff3dae3592f9f7b0e24187fc413b95cd3efa8429de28?s=96&d=mm&r=g","caption":"Pr. Jonas Santana"},"description":"Pastor, pesquisador b\u00edblico, pregador do Evangelho do Reino A fidelidade requer que entreguemos o evangelho sob todos os \u00e2ngulos, sem omitir nada e sem exagerar em nada. Para isto requer-se muita sabedoria. Nosso desejo \u00e9 compartilhar a sabedoria do Reino de Deus a todos aqueles que o desejam de todo o cora\u00e7\u00e3o.","sameAs":["https:\/\/www.andandonagraca.org","https:\/\/www.facebook.com\/andandonagraca","https:\/\/www.instagram.com\/andandonagraca\/","https:\/\/www.youtube.com\/@andandonagraca","https:\/\/podcasters.spotify.com\/pod\/show\/andandonagraca\/"],"url":"https:\/\/www.andandonagraca.org\/site\/?author=1"}]}},"_links":{"self":[{"href":"https:\/\/www.andandonagraca.org\/site\/index.php?rest_route=\/wp\/v2\/posts\/67323","targetHints":{"allow":["GET"]}}],"collection":[{"href":"https:\/\/www.andandonagraca.org\/site\/index.php?rest_route=\/wp\/v2\/posts"}],"about":[{"href":"https:\/\/www.andandonagraca.org\/site\/index.php?rest_route=\/wp\/v2\/types\/post"}],"author":[{"embeddable":true,"href":"https:\/\/www.andandonagraca.org\/site\/index.php?rest_route=\/wp\/v2\/users\/1"}],"replies":[{"embeddable":true,"href":"https:\/\/www.andandonagraca.org\/site\/index.php?rest_route=%2Fwp%2Fv2%2Fcomments&post=67323"}],"version-history":[{"count":0,"href":"https:\/\/www.andandonagraca.org\/site\/index.php?rest_route=\/wp\/v2\/posts\/67323\/revisions"}],"wp:featuredmedia":[{"embeddable":true,"href":"https:\/\/www.andandonagraca.org\/site\/index.php?rest_route=\/wp\/v2\/media\/67325"}],"wp:attachment":[{"href":"https:\/\/www.andandonagraca.org\/site\/index.php?rest_route=%2Fwp%2Fv2%2Fmedia&parent=67323"}],"wp:term":[{"taxonomy":"category","embeddable":true,"href":"https:\/\/www.andandonagraca.org\/site\/index.php?rest_route=%2Fwp%2Fv2%2Fcategories&post=67323"},{"taxonomy":"post_tag","embeddable":true,"href":"https:\/\/www.andandonagraca.org\/site\/index.php?rest_route=%2Fwp%2Fv2%2Ftags&post=67323"}],"curies":[{"name":"wp","href":"https:\/\/api.w.org\/{rel}","templated":true}]}}