{"id":67327,"date":"2021-12-01T08:35:50","date_gmt":"2021-12-01T11:35:50","guid":{"rendered":"https:\/\/www.andandonagraca.org\/site\/?p=67327"},"modified":"2022-10-30T16:34:38","modified_gmt":"2022-10-30T19:34:38","slug":"exaltai-a-cristo","status":"publish","type":"post","link":"https:\/\/www.andandonagraca.org\/site\/?p=67327","title":{"rendered":"EXALTAI A CRISTO"},"content":{"rendered":"<p style=\"text-align: justify;\"><strong>1\u00aa Cor\u00edntios 3:11<\/strong> &#8211; Porque ningu\u00e9m pode p\u00f4r outro fundamento, al\u00e9m do que j\u00e1 est\u00e1 posto, o qual \u00e9 Jesus Cristo.<\/p>\n<p style=\"text-align: justify;\"><strong>Colossenses 2:2-3<\/strong> \u2013 para que os seus cora\u00e7\u00f5es sejam consolados, e estejam unidos em amor e enriquecidos da plenitude da intelig\u00eancia, para conhecimento do mist\u00e9rio de Deus \u2014 <em>Cristo, em quem est\u00e3o escondidos todos os tesouros da sabedoria e da ci\u00eancia<\/em><em>.<\/em><\/p>\n<p style=\"text-align: justify;\">Louvor e Adora\u00e7\u00e3o juntamente com a Palavra caminham numa mesma dire\u00e7\u00e3o, apontando para CRISTO! O centro, o alvo de tudo. O\u00a0Senhor est\u00e1 tomando as r\u00e9deas da Igreja (CONTROLE). \u00c9 certo que nunca perdeu, entretanto muitos homens acham que dominam a Igreja e na for\u00e7a da carne querem fazer a obra de Deus, impedindo o agir do Esp\u00edrito Santo. Tudo o que tiver sido constru\u00eddo fora do alicerce, do fundamento, ser\u00e1 destru\u00eddo.<\/p>\n<p style=\"text-align: justify;\">Sabemos que\u00a0 est\u00e1 chegando a hora. Muitos milagres acontecer\u00e3o, provis\u00f5es e provid\u00eancias de Deus tamb\u00e9m. ESTE \u00c9 O TEMPO DETERMINADO POR DEUS! A Gl\u00f3ria de Deus \u00e9 como um rolo compressor e nada pode impedi-La!<\/p>\n<blockquote>\n<p style=\"text-align: justify;\"><strong>Nossa adora\u00e7\u00e3o e nossa prega\u00e7\u00e3o, assim como nossa vida deve estar centrados em CRISTO<\/strong><\/p>\n<\/blockquote>\n<p style=\"text-align: justify;\">H\u00e1 hoje uma fraca compreens\u00e3o do Evangelho e acima de tudo de quem \u00e9 Cristo. H\u00e1 um vale tudo por a\u00ed, qualquer coisa \u00e9 aceito como Evangelho, qualquer coisa \u00e9 aceito como Cristo, qualquer coisa \u00e9 tido como correto, qualquer coisa \u00e9 aceito como Palavra de Deus. E esta fraca compreens\u00e3o est\u00e1 provocando um distanciamento, muito perigoso, da Presen\u00e7a de Deus, provocando descren\u00e7a, d\u00favidas e at\u00e9 incredulidade.<\/p>\n<p style=\"text-align: justify;\">Confundem mentaliza\u00e7\u00e3o com f\u00e9, confundem denomina\u00e7\u00e3o com Igreja, e que grande confus\u00e3o vemos em nossos dias no meio do povo chamado crist\u00e3o, que grande falta de identidade, que grande falta de conhecimento da Palavra de Deus, que grande falta de conhecimento do que \u00e9 o Evangelho, <strong>PODER DE DEUS E SABEDORIA DE DEUS<\/strong>, que grande falta de conhecimento de quem \u00e9 CRISTO!<\/p>\n<p style=\"text-align: justify;\">Tudo isso provoca um desconhecimento total do que \u00e9 o Evangelho, distanciando da grande comiss\u00e3o da Igreja e da miss\u00e3o de Jesus Cristo.<\/p>\n<p style=\"text-align: justify;\">Hoje, as pessoas pensam que fazem um favor a Deus quando aceitam Jesus Cristo como Senhor e Salvador, porque pensam que s\u00e3o boas pessoas, merecedores de coisas boas, s\u00e3o religiosos, afinal de contas igreja n\u00e3o salva ningu\u00e9m, assim sendo n\u00e3o importa a igreja, porque Jesus est\u00e1 em todo lugar, ser\u00e1 que \u00e9 mesmo assim?<\/p>\n<p style=\"text-align: justify;\"><strong>1\u00aa Cor\u00edntios 2:2<\/strong> &#8211; Porque nada me propus saber entre v\u00f3s, sen\u00e3o a Jesus Cristo e este crucificado.<\/p>\n<p style=\"text-align: justify;\"><strong>1\u00aa Cor\u00edntios 1:18-24 &#8211; <\/strong>Porque a PALAVRA DA CRUZ \u00e9 loucura para os que perecem; mas para n\u00f3s, que somos salvos, <strong>\u00c9 O PODER DE DEUS<\/strong>. Porque est\u00e1 escrito: Destruirei a sabedoria dos s\u00e1bios e aniquilarei a intelig\u00eancia dos inteligentes. Onde est\u00e1 o s\u00e1bio? Onde est\u00e1 o escriba? Onde est\u00e1 o inquiridor deste s\u00e9culo? Porventura, n\u00e3o tornou Deus louca a sabedoria deste mundo?<\/p>\n<p style=\"text-align: justify;\">Visto como, na sabedoria de Deus, o mundo n\u00e3o conheceu a Deus pela sua sabedoria, aprouve a Deus salvar os crentes pela loucura da prega\u00e7\u00e3o. Porque os judeus pedem sinal, e os gregos buscam sabedoria; mas n\u00f3s <strong>PREGAMOS A CRISTO CRUCIFICADO<\/strong>, que \u00e9 esc\u00e2ndalo para os judeus e loucura para os gregos. Mas, para os que s\u00e3o chamados, tanto judeus como gregos, lhes pregamos <strong>A CRISTO, PODER DE DEUS E SABEDORIA DE DEUS.<\/strong><\/p>\n<p style=\"text-align: justify;\"><strong>Que tenhamos a revela\u00e7\u00e3o de CRISTO<\/strong><\/p>\n<p style=\"text-align: justify;\"><strong>Ef\u00e9sios\u00a0 1:17-23<\/strong> &#8211; Para que o Deus de nosso Senhor Jesus Cristo, o Pai da gl\u00f3ria, vos d\u00ea em seu conhecimento <strong>o esp\u00edrito de sabedoria e de revela\u00e7\u00e3o<\/strong>; Tendo iluminados os olhos do vosso entendimento, para que saibais qual seja a esperan\u00e7a da sua voca\u00e7\u00e3o, e quais as riquezas da gl\u00f3ria da sua heran\u00e7a nos santos; E qual a sobreexcelente grandeza do seu poder sobre n\u00f3s, os que cremos, segundo a opera\u00e7\u00e3o da for\u00e7a do seu poder, <strong>Que manifestou em Cristo<\/strong>, ressuscitando-o dos mortos, e pondo-o \u00e0 sua direita nos c\u00e9us.<\/p>\n<p style=\"text-align: justify;\">Acima de todo o principado, e poder, e potestade, e dom\u00ednio, e de todo o nome que se nomeia, n\u00e3o s\u00f3 neste s\u00e9culo, mas tamb\u00e9m no vindouro; E sujeitou todas as coisas a seus p\u00e9s, e sobre todas as coisas o constituiu como cabe\u00e7a da igreja, Que \u00e9 o seu corpo, a plenitude daquele que cumpre tudo em todos.<\/p>\n<p style=\"text-align: justify;\"><strong>Ef\u00e9sios 3:14-21<\/strong> &#8211; Por causa disto me ponho de joelhos perante o Pai de nosso Senhor Jesus Cristo, Do qual toda a fam\u00edlia nos c\u00e9us e na terra toma o nome, Para que, segundo as riquezas da sua gl\u00f3ria, vos conceda que sejais corroborados com poder pelo seu Esp\u00edrito no homem interior; Para que Cristo habite pela f\u00e9 nos vossos cora\u00e7\u00f5es; a fim de, estando arraigados e fundados em amor, Poderdes perfeitamente compreender, com todos os santos, qual seja a largura, e o comprimento, e a altura, e a profundidade, E conhecer o amor de Cristo, que excede todo o entendimento, para que sejais cheios de toda a plenitude de Deus.<\/p>\n<p style=\"text-align: justify;\">Ora, \u00e0quele que \u00e9 poderoso para fazer tudo muito mais abundantemente al\u00e9m daquilo que pedimos ou pensamos, segundo o poder que em n\u00f3s opera, a\u00a0esse gl\u00f3ria na igreja, por Jesus Cristo, em todas as gera\u00e7\u00f5es, para todo o sempre. Am\u00e9m.<\/p>\n<p style=\"text-align: justify;\"><strong>Quem \u00e9 CRISTO?<\/strong><\/p>\n<p style=\"text-align: justify;\"><strong>Colossenses 1:15-19<\/strong> &#8211; O qual \u00e9 imagem do Deus invis\u00edvel, o primog\u00eanito de toda a cria\u00e7\u00e3o; Porque nele foram criadas todas as coisas que h\u00e1 nos c\u00e9us e na terra, vis\u00edveis e invis\u00edveis, sejam tronos, sejam domina\u00e7\u00f5es, sejam principados, sejam potestades: tudo foi criado por ele e para ele. E ele \u00e9 antes de todas as coisas, e todas as coisas subsistem por ele. E ele \u00e9 a cabe\u00e7a do corpo da igreja: \u00e9 o princ\u00edpio e o primog\u00eanito dentre os mortos, para que em tudo tenha a preemin\u00eancia.\u00a0Porque foi do agrado do Pai que toda a plenitude nele habitasse.<\/p>\n<p style=\"text-align: justify;\"><strong>Apocalipse 15:3,4 <\/strong>\u00a0&#8211; E cantavam o c\u00e2ntico de Mois\u00e9s, servo de Deus, e o c\u00e2ntico do Cordeiro, dizendo: Grandes e maravilhosas s\u00e3o as tuas obras, Senhor Deus Todo-poderoso! Justos e verdadeiros s\u00e3o os teus caminhos, \u00f3 Rei dos santos. Quem te n\u00e3o temer\u00e1, \u00f3 Senhor, e n\u00e3o magnificar\u00e1 o teu nome? Porque s\u00f3 tu \u00e9s santo; por isso todas as na\u00e7\u00f5es vir\u00e3o, e se prostrar\u00e3o diante de ti, porque os teus ju\u00edzos s\u00e3o manifestos.<\/p>\n<p style=\"text-align: justify;\"><strong>Mateus 16:16<\/strong> &#8211; Pedro: Tu \u00e9s o Cristo o Filho do Deus vivo!<\/p>\n<p style=\"text-align: justify;\"><strong>Jo\u00e3o 6:68-69<\/strong> &#8211; Pedro: Senhor para quem iremos n\u00f3s? Tu tens as Palavras da vida eterna, e n\u00f3s temos crido e conhecido que Tu \u00e9s o Cristo, o Filho de Deus!<\/p>\n<p style=\"text-align: justify;\"><strong>MISS\u00c3O DE JESUS<\/strong> (eu dei-lhes a gl\u00f3ria que a mim me deste)<\/p>\n<p style=\"text-align: justify;\">Cumprimento de <strong>Isa\u00edas 61:1-2 <\/strong>\u2013 <strong>Lucas 4:18-19<\/strong> \u2013 O Esp\u00edrito do Senhor \u00e9 sobre mim, pois que me ungiu e enviou para:<\/p>\n<ul style=\"list-style-type: square;\">\n<li style=\"text-align: justify;\">Evangelizar os pobres,<\/li>\n<li style=\"text-align: justify;\">Curar os quebrantados do cora\u00e7\u00e3o,<\/li>\n<li style=\"text-align: justify;\">Apregoar liberdade aos cativos,<\/li>\n<li style=\"text-align: justify;\">Dar vista aos cegos,<\/li>\n<li style=\"text-align: justify;\">P\u00f4r em liberdade os oprimidos,<\/li>\n<li style=\"text-align: justify;\">Anunciar o ano aceit\u00e1vel do Senhor. (Este \u00e9 o tempo determinado por Deus)<\/li>\n<\/ul>\n<p style=\"text-align: justify;\"><strong>JESUS PROMETEU<\/strong><\/p>\n<p style=\"text-align: justify;\"><strong>2\u00aa Cor\u00edntios 5:17<\/strong> &#8211; Assim que, se algu\u00e9m est\u00e1 em Cristo, nova criatura \u00e9: as coisas velhas j\u00e1 passaram; eis que tudo se fez novo.<\/p>\n<p style=\"text-align: justify;\"><strong>Jo\u00e3o 14:11-15<\/strong> \u2013 Crede-me que estou no Pai, e o Pai, em mim; crede-me, ao menos, por causa das mesmas obras. Na verdade, na verdade vos digo <strong>que aquele que cr\u00ea em mim tamb\u00e9m far\u00e1 as obras que eu fa\u00e7o e as far\u00e1 maiores do que estas, porque eu vou para meu Pai. E tudo quanto pedirdes em meu nome, eu o farei, para que o Pai seja glorificado no Filho. Se pedirdes alguma coisa em meu nome, eu o farei. Se me amardes, guardareis os meus mandamentos. <\/strong><\/p>\n<p style=\"text-align: justify;\"><strong>Lucas 12:32<\/strong> \u2013 N\u00e3o temas, \u00f3 pequeno rebanho, porque a vosso Pai agradou dar-vos o Reino.<\/p>\n<p style=\"text-align: justify;\"><strong>Ef\u00e9sios 1:3<\/strong> \u2013 Bendito o Deus e Pai de nosso Senhor Jesus Cristo, o qual nos aben\u00e7oou com todas as b\u00ean\u00e7\u00e3os espirituais nos lugares celestiais em Cristo,<\/p>\n<p style=\"text-align: justify;\"><strong>CURA PARA TODA IGREJA <\/strong><\/p>\n<p style=\"text-align: justify;\"><strong>1\u00aa Pedro 2:24<\/strong> \u2013 Levando ele mesmo em seu corpo os nossos pecados sobre o madeiro, para que, mortos para os pecados, pud\u00e9ssemos viver para a justi\u00e7a; e pelas suas feridas fostes sarados. (Cumprimento de Isa\u00edas 53:4-5)<\/p>\n<p style=\"text-align: justify;\"><strong>A GRANDE COMISS\u00c3O DA IGREJA <\/strong><\/p>\n<p style=\"text-align: justify;\"><strong>Marcos 16:15-20<\/strong> \u2013 E disse-lhes:<\/p>\n<ol style=\"text-align: justify;\">\n<li>Ide por todo o mundo,<\/li>\n<li>Pregai o evangelho a toda criatura<\/li>\n<li>Quem crer e for batizado ser\u00e1 salvo; mas quem n\u00e3o crer ser\u00e1 condenado.<\/li>\n<\/ol>\n<p style=\"text-align: justify;\">E estes sinais seguir\u00e3o aos que crerem:<\/p>\n<ol style=\"text-align: justify;\">\n<li>Em meu nome, expulsar\u00e3o dem\u00f4nios;<\/li>\n<li>Falar\u00e3o novas l\u00ednguas;<\/li>\n<li>Pegar\u00e3o nas serpentes;<\/li>\n<li>Se beberem alguma coisa mort\u00edfera, n\u00e3o lhes far\u00e1 dano algum;<\/li>\n<li>Impor\u00e3o as m\u00e3os sobre os enfermos e os curar\u00e3o.<\/li>\n<\/ol>\n<p style=\"text-align: justify;\">Ora, o Senhor, depois de lhes ter falado, foi recebido no c\u00e9u e assentou-se \u00e0 direita de Deus. E eles, tendo partido, pregaram por todas as partes, cooperando com eles o Senhor e confirmando a palavra com os sinais que se seguiram. Am\u00e9m!<\/p>\n<p style=\"text-align: justify;\"><strong>A incredulidade \u00e9 vencida pelo ensino da Palavra<\/strong><\/p>\n<p style=\"text-align: justify;\"><strong>Marcos 6:5-6<\/strong> \u2013 E n\u00e3o podia fazer ali obras maravilhosas; somente curou alguns poucos enfermos, impondo-lhes as m\u00e3os. E estava admirado da incredulidade deles. E percorreu as aldeias vizinhas, ENSINANDO&#8230;<\/p>\n<p style=\"text-align: justify;\"><strong>UNIDADE DA IGREJA \u00c9 NECESS\u00c1RIA <\/strong><\/p>\n<p style=\"text-align: justify;\"><strong>Jo\u00e3o 17:22-23<\/strong> \u2013 E eu dei-lhes a gl\u00f3ria que a mim me deste, para que sejam um, como n\u00f3s somos um. Eu neles, e tu em mim, para que eles sejam perfeitos em unidade, e para que o mundo conhe\u00e7a que tu me enviaste a mim e que tens amado a eles como me tens amado a mim.<\/p>\n<p style=\"text-align: justify;\"><strong>Unidade \u00e9 ter este pensamento: <\/strong><\/p>\n<p style=\"text-align: justify;\"><strong>Ef\u00e9sios 4:1-6<\/strong> \u2013 Rogo-vos, pois, eu, o preso do Senhor, que andeis como \u00e9 digno da voca\u00e7\u00e3o com que fostes chamados, com toda a humildade e mansid\u00e3o, com longanimidade, suportando-vos uns aos outros em amor, procurando guardar a unidade do Esp\u00edrito pelo v\u00ednculo da Paz, {que consiste em}:<\/p>\n<ol style=\"text-align: justify;\">\n<li>H\u00e1 um s\u00f3 corpo e um s\u00f3 Esp\u00edrito,<\/li>\n<li>H\u00e1 uma s\u00f3 esperan\u00e7a da vossa voca\u00e7\u00e3o;<\/li>\n<li>Um s\u00f3 Senhor,<\/li>\n<li>Uma s\u00f3 f\u00e9,<\/li>\n<li>Um s\u00f3 batismo;<\/li>\n<li>Um s\u00f3 Deus e Pai de todos, o qual \u00e9 sobre todos, e por todos, e em todos.<\/li>\n<\/ol>\n<p style=\"text-align: justify;\">Todos aqueles que nasceram de novo fazem parte da igreja e seus membros devem demonstrar aos olhos do mundo, de forma vis\u00edvel, essa unidade interna.<\/p>\n<p style=\"text-align: justify;\">A desuni\u00e3o dos crentes \u00e9 uma amea\u00e7a \u00e0 igreja e um esc\u00e2ndalo diante do mundo. Essa atitude desonra a Cristo e a pr\u00f3pria igreja.<\/p>\n<p style=\"text-align: justify;\">Paulo alertou para o fato de que uma igreja dividida \u00e9 uma presa f\u00e1cil no caso de um ataque frontal da sociedade externa. Assim, n\u00e3o basta apenas ficar firme contra os perigos que v\u00eam de fora; \u00e9 preciso acautelar-se contra o perigo de reduzir ou ficar reduzido a pequenos fragmentos por causa das divis\u00f5es internas.<\/p>\n<p style=\"text-align: justify;\">Para o ap\u00f3stolo Paulo uma santa e una igreja&#8221; n\u00e3o era apenas um artigo de f\u00e9. (Filipenses 1:28, Filipenses 2:1-4)<\/p>\n<p style=\"text-align: justify;\">Satan\u00e1s tem todo interesse em afastar as pessoas do corpo, pois ao afastar uma pessoa da unidade, ele prepara o bote para atac\u00e1-la com mais facilidade, j\u00e1 que sozinha ela est\u00e1 mais vulner\u00e1vel<\/p>\n<p style=\"text-align: justify;\"><strong>Hebreus 10:24,25<\/strong> \u2013 E consideremo-nos uns aos outros, para nos estimularmos ao amor e \u00e0s boas obras, n\u00e3o deixando a nossa congrega\u00e7\u00e3o, como \u00e9 costume de alguns; antes, admoestando-nos uns aos outros; e tanto mais quanto vedes que se vai aproximando aquele Dia.<\/p>\n<p style=\"text-align: justify;\"><strong>Quando isto for realidade, veremos o agir de Deus:<\/strong><\/p>\n<ol style=\"text-align: justify;\">\n<li>Pregar o Evangelho<\/li>\n<li>Curar os enfermos,<\/li>\n<li>Dar vista aos cegos,<\/li>\n<li>Fazer paral\u00edticos andar,<\/li>\n<li>Ressuscitar mortos,<\/li>\n<li>Limpar os leprosos, cancerosos, etc<\/li>\n<li>Liberdade aos cativos e prisioneiros de Satan\u00e1s,<\/li>\n<li>Un\u00e7\u00e3o de ousadia na Palavra de Deus.<\/li>\n<\/ol>\n","protected":false},"excerpt":{"rendered":"<p>1\u00aa Cor\u00edntios 3:11 &#8211; Porque ningu\u00e9m pode p\u00f4r outro fundamento, al\u00e9m do que j\u00e1 est\u00e1 posto, o qual<\/p>\n","protected":false},"author":1,"featured_media":67321,"comment_status":"open","ping_status":"open","sticky":false,"template":"","format":"status","meta":{"footnotes":""},"categories":[120],"tags":[24,17,61,38,29,18,23,123,32,19,22,56,45,46],"class_list":["post-67327","post","type-post","status-publish","format-status","has-post-thumbnail","hentry","category-graca","tag-apostasia","tag-autoridade","tag-comportamento","tag-cristao","tag-cruz","tag-cuidado","tag-engano","tag-esboco-de-mensagem","tag-espirito-santo","tag-evangelho","tag-falsos","tag-obediencia","tag-palavra","tag-santidade","post_format-post-format-status"],"yoast_head":"<!-- This site is optimized with the Yoast SEO plugin v27.5 - https:\/\/yoast.com\/product\/yoast-seo-wordpress\/ -->\n<title>EXALTAI A CRISTO - Pr. Jonas Santana<\/title>\n<meta name=\"robots\" content=\"index, follow, max-snippet:-1, max-image-preview:large, max-video-preview:-1\" \/>\n<link rel=\"canonical\" href=\"https:\/\/www.andandonagraca.org\/site\/?p=67327\" \/>\n<meta property=\"og:locale\" content=\"pt_BR\" \/>\n<meta property=\"og:type\" content=\"article\" \/>\n<meta property=\"og:title\" content=\"EXALTAI A CRISTO - Pr. Jonas Santana\" \/>\n<meta property=\"og:description\" content=\"1\u00aa Cor\u00edntios 3:11 &#8211; Porque ningu\u00e9m pode p\u00f4r outro fundamento, al\u00e9m do que j\u00e1 est\u00e1 posto, o qual\" \/>\n<meta property=\"og:url\" content=\"https:\/\/www.andandonagraca.org\/site\/?p=67327\" \/>\n<meta property=\"og:site_name\" content=\"Pr. Jonas Santana\" \/>\n<meta property=\"article:publisher\" content=\"https:\/\/www.facebook.com\/andandonagraca\" \/>\n<meta property=\"article:author\" content=\"https:\/\/www.facebook.com\/andandonagraca\" \/>\n<meta property=\"article:published_time\" content=\"2021-12-01T11:35:50+00:00\" \/>\n<meta property=\"article:modified_time\" content=\"2022-10-30T19:34:38+00:00\" \/>\n<meta property=\"og:image\" content=\"https:\/\/www.andandonagraca.org\/site\/wp-content\/uploads\/2021\/11\/tesouro.png\" \/>\n\t<meta property=\"og:image:width\" content=\"800\" \/>\n\t<meta property=\"og:image:height\" content=\"400\" \/>\n\t<meta property=\"og:image:type\" content=\"image\/png\" \/>\n<meta name=\"author\" content=\"Pr. Jonas Santana\" \/>\n<meta name=\"twitter:card\" content=\"summary_large_image\" \/>\n<meta name=\"twitter:label1\" content=\"Escrito por\" \/>\n\t<meta name=\"twitter:data1\" content=\"Pr. Jonas Santana\" \/>\n\t<meta name=\"twitter:label2\" content=\"Est. tempo de leitura\" \/>\n\t<meta name=\"twitter:data2\" content=\"10 minutos\" \/>\n<script type=\"application\/ld+json\" class=\"yoast-schema-graph\">{\"@context\":\"https:\\\/\\\/schema.org\",\"@graph\":[{\"@type\":\"Article\",\"@id\":\"https:\\\/\\\/www.andandonagraca.org\\\/site\\\/?p=67327#article\",\"isPartOf\":{\"@id\":\"https:\\\/\\\/www.andandonagraca.org\\\/site\\\/?p=67327\"},\"author\":{\"name\":\"Pr. Jonas Santana\",\"@id\":\"https:\\\/\\\/www.andandonagraca.org\\\/site\\\/#\\\/schema\\\/person\\\/225d0dedb572d4570a947397af2606ed\"},\"headline\":\"EXALTAI A CRISTO\",\"datePublished\":\"2021-12-01T11:35:50+00:00\",\"dateModified\":\"2022-10-30T19:34:38+00:00\",\"mainEntityOfPage\":{\"@id\":\"https:\\\/\\\/www.andandonagraca.org\\\/site\\\/?p=67327\"},\"wordCount\":2006,\"commentCount\":0,\"image\":{\"@id\":\"https:\\\/\\\/www.andandonagraca.org\\\/site\\\/?p=67327#primaryimage\"},\"thumbnailUrl\":\"https:\\\/\\\/www.andandonagraca.org\\\/site\\\/wp-content\\\/uploads\\\/2021\\\/11\\\/tesouro.png\",\"keywords\":[\"apostasia\",\"autoridade\",\"comportamento\",\"crist\u00e3o\",\"cruz\",\"cuidado\",\"engano\",\"esbo\u00e7o de mensagem\",\"Esp\u00edrito Santo\",\"evangelho\",\"falsos\",\"obedi\u00eancia\",\"palavra\",\"santidade\"],\"articleSection\":[\"Gra\u00e7a\"],\"inLanguage\":\"pt-BR\",\"potentialAction\":[{\"@type\":\"CommentAction\",\"name\":\"Comment\",\"target\":[\"https:\\\/\\\/www.andandonagraca.org\\\/site\\\/?p=67327#respond\"]}]},{\"@type\":\"WebPage\",\"@id\":\"https:\\\/\\\/www.andandonagraca.org\\\/site\\\/?p=67327\",\"url\":\"https:\\\/\\\/www.andandonagraca.org\\\/site\\\/?p=67327\",\"name\":\"EXALTAI A CRISTO - Pr. Jonas Santana\",\"isPartOf\":{\"@id\":\"https:\\\/\\\/www.andandonagraca.org\\\/site\\\/#website\"},\"primaryImageOfPage\":{\"@id\":\"https:\\\/\\\/www.andandonagraca.org\\\/site\\\/?p=67327#primaryimage\"},\"image\":{\"@id\":\"https:\\\/\\\/www.andandonagraca.org\\\/site\\\/?p=67327#primaryimage\"},\"thumbnailUrl\":\"https:\\\/\\\/www.andandonagraca.org\\\/site\\\/wp-content\\\/uploads\\\/2021\\\/11\\\/tesouro.png\",\"datePublished\":\"2021-12-01T11:35:50+00:00\",\"dateModified\":\"2022-10-30T19:34:38+00:00\",\"author\":{\"@id\":\"https:\\\/\\\/www.andandonagraca.org\\\/site\\\/#\\\/schema\\\/person\\\/225d0dedb572d4570a947397af2606ed\"},\"breadcrumb\":{\"@id\":\"https:\\\/\\\/www.andandonagraca.org\\\/site\\\/?p=67327#breadcrumb\"},\"inLanguage\":\"pt-BR\",\"potentialAction\":[{\"@type\":\"ReadAction\",\"target\":[\"https:\\\/\\\/www.andandonagraca.org\\\/site\\\/?p=67327\"]}]},{\"@type\":\"ImageObject\",\"inLanguage\":\"pt-BR\",\"@id\":\"https:\\\/\\\/www.andandonagraca.org\\\/site\\\/?p=67327#primaryimage\",\"url\":\"https:\\\/\\\/www.andandonagraca.org\\\/site\\\/wp-content\\\/uploads\\\/2021\\\/11\\\/tesouro.png\",\"contentUrl\":\"https:\\\/\\\/www.andandonagraca.org\\\/site\\\/wp-content\\\/uploads\\\/2021\\\/11\\\/tesouro.png\",\"width\":800,\"height\":400},{\"@type\":\"BreadcrumbList\",\"@id\":\"https:\\\/\\\/www.andandonagraca.org\\\/site\\\/?p=67327#breadcrumb\",\"itemListElement\":[{\"@type\":\"ListItem\",\"position\":1,\"name\":\"In\u00edcio\",\"item\":\"https:\\\/\\\/www.andandonagraca.org\\\/site\"},{\"@type\":\"ListItem\",\"position\":2,\"name\":\"EXALTAI A CRISTO\"}]},{\"@type\":\"WebSite\",\"@id\":\"https:\\\/\\\/www.andandonagraca.org\\\/site\\\/#website\",\"url\":\"https:\\\/\\\/www.andandonagraca.org\\\/site\\\/\",\"name\":\"Pr. Jonas Santana\",\"description\":\"ANDANDO NA GRA\u00c7A - AEMSF\",\"potentialAction\":[{\"@type\":\"SearchAction\",\"target\":{\"@type\":\"EntryPoint\",\"urlTemplate\":\"https:\\\/\\\/www.andandonagraca.org\\\/site\\\/?s={search_term_string}\"},\"query-input\":{\"@type\":\"PropertyValueSpecification\",\"valueRequired\":true,\"valueName\":\"search_term_string\"}}],\"inLanguage\":\"pt-BR\"},{\"@type\":\"Person\",\"@id\":\"https:\\\/\\\/www.andandonagraca.org\\\/site\\\/#\\\/schema\\\/person\\\/225d0dedb572d4570a947397af2606ed\",\"name\":\"Pr. Jonas Santana\",\"image\":{\"@type\":\"ImageObject\",\"inLanguage\":\"pt-BR\",\"@id\":\"https:\\\/\\\/secure.gravatar.com\\\/avatar\\\/7f463b781f71522d52f2ff3dae3592f9f7b0e24187fc413b95cd3efa8429de28?s=96&d=mm&r=g\",\"url\":\"https:\\\/\\\/secure.gravatar.com\\\/avatar\\\/7f463b781f71522d52f2ff3dae3592f9f7b0e24187fc413b95cd3efa8429de28?s=96&d=mm&r=g\",\"contentUrl\":\"https:\\\/\\\/secure.gravatar.com\\\/avatar\\\/7f463b781f71522d52f2ff3dae3592f9f7b0e24187fc413b95cd3efa8429de28?s=96&d=mm&r=g\",\"caption\":\"Pr. Jonas Santana\"},\"description\":\"Pastor, pesquisador b\u00edblico, pregador do Evangelho do Reino A fidelidade requer que entreguemos o evangelho sob todos os \u00e2ngulos, sem omitir nada e sem exagerar em nada. Para isto requer-se muita sabedoria. Nosso desejo \u00e9 compartilhar a sabedoria do Reino de Deus a todos aqueles que o desejam de todo o cora\u00e7\u00e3o.\",\"sameAs\":[\"https:\\\/\\\/www.andandonagraca.org\",\"https:\\\/\\\/www.facebook.com\\\/andandonagraca\",\"https:\\\/\\\/www.instagram.com\\\/andandonagraca\\\/\",\"https:\\\/\\\/www.youtube.com\\\/@andandonagraca\",\"https:\\\/\\\/podcasters.spotify.com\\\/pod\\\/show\\\/andandonagraca\\\/\"],\"url\":\"https:\\\/\\\/www.andandonagraca.org\\\/site\\\/?author=1\"}]}<\/script>\n<!-- \/ Yoast SEO plugin. -->","yoast_head_json":{"title":"EXALTAI A CRISTO - Pr. Jonas Santana","robots":{"index":"index","follow":"follow","max-snippet":"max-snippet:-1","max-image-preview":"max-image-preview:large","max-video-preview":"max-video-preview:-1"},"canonical":"https:\/\/www.andandonagraca.org\/site\/?p=67327","og_locale":"pt_BR","og_type":"article","og_title":"EXALTAI A CRISTO - Pr. Jonas Santana","og_description":"1\u00aa Cor\u00edntios 3:11 &#8211; Porque ningu\u00e9m pode p\u00f4r outro fundamento, al\u00e9m do que j\u00e1 est\u00e1 posto, o qual","og_url":"https:\/\/www.andandonagraca.org\/site\/?p=67327","og_site_name":"Pr. Jonas Santana","article_publisher":"https:\/\/www.facebook.com\/andandonagraca","article_author":"https:\/\/www.facebook.com\/andandonagraca","article_published_time":"2021-12-01T11:35:50+00:00","article_modified_time":"2022-10-30T19:34:38+00:00","og_image":[{"width":800,"height":400,"url":"https:\/\/www.andandonagraca.org\/site\/wp-content\/uploads\/2021\/11\/tesouro.png","type":"image\/png"}],"author":"Pr. Jonas Santana","twitter_card":"summary_large_image","twitter_misc":{"Escrito por":"Pr. Jonas Santana","Est. tempo de leitura":"10 minutos"},"schema":{"@context":"https:\/\/schema.org","@graph":[{"@type":"Article","@id":"https:\/\/www.andandonagraca.org\/site\/?p=67327#article","isPartOf":{"@id":"https:\/\/www.andandonagraca.org\/site\/?p=67327"},"author":{"name":"Pr. Jonas Santana","@id":"https:\/\/www.andandonagraca.org\/site\/#\/schema\/person\/225d0dedb572d4570a947397af2606ed"},"headline":"EXALTAI A CRISTO","datePublished":"2021-12-01T11:35:50+00:00","dateModified":"2022-10-30T19:34:38+00:00","mainEntityOfPage":{"@id":"https:\/\/www.andandonagraca.org\/site\/?p=67327"},"wordCount":2006,"commentCount":0,"image":{"@id":"https:\/\/www.andandonagraca.org\/site\/?p=67327#primaryimage"},"thumbnailUrl":"https:\/\/www.andandonagraca.org\/site\/wp-content\/uploads\/2021\/11\/tesouro.png","keywords":["apostasia","autoridade","comportamento","crist\u00e3o","cruz","cuidado","engano","esbo\u00e7o de mensagem","Esp\u00edrito Santo","evangelho","falsos","obedi\u00eancia","palavra","santidade"],"articleSection":["Gra\u00e7a"],"inLanguage":"pt-BR","potentialAction":[{"@type":"CommentAction","name":"Comment","target":["https:\/\/www.andandonagraca.org\/site\/?p=67327#respond"]}]},{"@type":"WebPage","@id":"https:\/\/www.andandonagraca.org\/site\/?p=67327","url":"https:\/\/www.andandonagraca.org\/site\/?p=67327","name":"EXALTAI A CRISTO - Pr. Jonas Santana","isPartOf":{"@id":"https:\/\/www.andandonagraca.org\/site\/#website"},"primaryImageOfPage":{"@id":"https:\/\/www.andandonagraca.org\/site\/?p=67327#primaryimage"},"image":{"@id":"https:\/\/www.andandonagraca.org\/site\/?p=67327#primaryimage"},"thumbnailUrl":"https:\/\/www.andandonagraca.org\/site\/wp-content\/uploads\/2021\/11\/tesouro.png","datePublished":"2021-12-01T11:35:50+00:00","dateModified":"2022-10-30T19:34:38+00:00","author":{"@id":"https:\/\/www.andandonagraca.org\/site\/#\/schema\/person\/225d0dedb572d4570a947397af2606ed"},"breadcrumb":{"@id":"https:\/\/www.andandonagraca.org\/site\/?p=67327#breadcrumb"},"inLanguage":"pt-BR","potentialAction":[{"@type":"ReadAction","target":["https:\/\/www.andandonagraca.org\/site\/?p=67327"]}]},{"@type":"ImageObject","inLanguage":"pt-BR","@id":"https:\/\/www.andandonagraca.org\/site\/?p=67327#primaryimage","url":"https:\/\/www.andandonagraca.org\/site\/wp-content\/uploads\/2021\/11\/tesouro.png","contentUrl":"https:\/\/www.andandonagraca.org\/site\/wp-content\/uploads\/2021\/11\/tesouro.png","width":800,"height":400},{"@type":"BreadcrumbList","@id":"https:\/\/www.andandonagraca.org\/site\/?p=67327#breadcrumb","itemListElement":[{"@type":"ListItem","position":1,"name":"In\u00edcio","item":"https:\/\/www.andandonagraca.org\/site"},{"@type":"ListItem","position":2,"name":"EXALTAI A CRISTO"}]},{"@type":"WebSite","@id":"https:\/\/www.andandonagraca.org\/site\/#website","url":"https:\/\/www.andandonagraca.org\/site\/","name":"Pr. Jonas Santana","description":"ANDANDO NA GRA\u00c7A - AEMSF","potentialAction":[{"@type":"SearchAction","target":{"@type":"EntryPoint","urlTemplate":"https:\/\/www.andandonagraca.org\/site\/?s={search_term_string}"},"query-input":{"@type":"PropertyValueSpecification","valueRequired":true,"valueName":"search_term_string"}}],"inLanguage":"pt-BR"},{"@type":"Person","@id":"https:\/\/www.andandonagraca.org\/site\/#\/schema\/person\/225d0dedb572d4570a947397af2606ed","name":"Pr. Jonas Santana","image":{"@type":"ImageObject","inLanguage":"pt-BR","@id":"https:\/\/secure.gravatar.com\/avatar\/7f463b781f71522d52f2ff3dae3592f9f7b0e24187fc413b95cd3efa8429de28?s=96&d=mm&r=g","url":"https:\/\/secure.gravatar.com\/avatar\/7f463b781f71522d52f2ff3dae3592f9f7b0e24187fc413b95cd3efa8429de28?s=96&d=mm&r=g","contentUrl":"https:\/\/secure.gravatar.com\/avatar\/7f463b781f71522d52f2ff3dae3592f9f7b0e24187fc413b95cd3efa8429de28?s=96&d=mm&r=g","caption":"Pr. Jonas Santana"},"description":"Pastor, pesquisador b\u00edblico, pregador do Evangelho do Reino A fidelidade requer que entreguemos o evangelho sob todos os \u00e2ngulos, sem omitir nada e sem exagerar em nada. Para isto requer-se muita sabedoria. Nosso desejo \u00e9 compartilhar a sabedoria do Reino de Deus a todos aqueles que o desejam de todo o cora\u00e7\u00e3o.","sameAs":["https:\/\/www.andandonagraca.org","https:\/\/www.facebook.com\/andandonagraca","https:\/\/www.instagram.com\/andandonagraca\/","https:\/\/www.youtube.com\/@andandonagraca","https:\/\/podcasters.spotify.com\/pod\/show\/andandonagraca\/"],"url":"https:\/\/www.andandonagraca.org\/site\/?author=1"}]}},"_links":{"self":[{"href":"https:\/\/www.andandonagraca.org\/site\/index.php?rest_route=\/wp\/v2\/posts\/67327","targetHints":{"allow":["GET"]}}],"collection":[{"href":"https:\/\/www.andandonagraca.org\/site\/index.php?rest_route=\/wp\/v2\/posts"}],"about":[{"href":"https:\/\/www.andandonagraca.org\/site\/index.php?rest_route=\/wp\/v2\/types\/post"}],"author":[{"embeddable":true,"href":"https:\/\/www.andandonagraca.org\/site\/index.php?rest_route=\/wp\/v2\/users\/1"}],"replies":[{"embeddable":true,"href":"https:\/\/www.andandonagraca.org\/site\/index.php?rest_route=%2Fwp%2Fv2%2Fcomments&post=67327"}],"version-history":[{"count":0,"href":"https:\/\/www.andandonagraca.org\/site\/index.php?rest_route=\/wp\/v2\/posts\/67327\/revisions"}],"wp:featuredmedia":[{"embeddable":true,"href":"https:\/\/www.andandonagraca.org\/site\/index.php?rest_route=\/wp\/v2\/media\/67321"}],"wp:attachment":[{"href":"https:\/\/www.andandonagraca.org\/site\/index.php?rest_route=%2Fwp%2Fv2%2Fmedia&parent=67327"}],"wp:term":[{"taxonomy":"category","embeddable":true,"href":"https:\/\/www.andandonagraca.org\/site\/index.php?rest_route=%2Fwp%2Fv2%2Fcategories&post=67327"},{"taxonomy":"post_tag","embeddable":true,"href":"https:\/\/www.andandonagraca.org\/site\/index.php?rest_route=%2Fwp%2Fv2%2Ftags&post=67327"}],"curies":[{"name":"wp","href":"https:\/\/api.w.org\/{rel}","templated":true}]}}