{"id":67332,"date":"2021-12-06T11:20:34","date_gmt":"2021-12-06T14:20:34","guid":{"rendered":"https:\/\/www.andandonagraca.org\/site\/?p=67332"},"modified":"2022-09-14T10:12:54","modified_gmt":"2022-09-14T13:12:54","slug":"eleicao-e-predestinacao","status":"publish","type":"post","link":"https:\/\/www.andandonagraca.org\/site\/?p=67332","title":{"rendered":"ELEI\u00c7\u00c3O E PREDESTINA\u00c7\u00c3O"},"content":{"rendered":"<p style=\"text-align: justify;\"><span style=\"font-family: arial, helvetica, sans-serif;\">Elei\u00e7\u00e3o e predestina\u00e7\u00e3o \u00e9 um assunto muito controverso, com algumas tend\u00eancias incompletas e que n\u00e3o traduzem por completo aquilo que Deus pretende.\u00a0Nos prendemos a duas vis\u00f5es, o calvinismo e o arminianismo, para tratar de tal assunto t\u00e3o importante e por que n\u00e3o podemos nos ater a uma vis\u00e3o totalmente b\u00edblica que possa traduzir o que est\u00e1 no cora\u00e7\u00e3o de Deus, atrav\u00e9s de Sua Palavra?<\/span><\/p>\n<p style=\"text-align: justify;\"><span style=\"font-family: arial, helvetica, sans-serif;\">Inicialmente precisamos compreender os conceitos definidos pelo Dicion\u00e1rio B\u00edblico da SBB<\/span><\/p>\n<p style=\"text-align: justify;\"><span style=\"font-family: arial, helvetica, sans-serif;\"><strong>Predestinados \u2013 <\/strong>do grego proorizo<\/span><\/p>\n<p style=\"text-align: justify; padding-left: 40px;\"><span style=\"font-family: arial, helvetica, sans-serif;\">1) predeterminar, decidir de antem\u00e3o<\/span><\/p>\n<p style=\"text-align: justify; padding-left: 40px;\"><span style=\"font-family: arial, helvetica, sans-serif;\">2) no NT do decreto de Deus desde a eternidade<\/span><\/p>\n<p style=\"text-align: justify; padding-left: 40px;\"><span style=\"font-family: arial, helvetica, sans-serif;\">3) preordenar, designar de antem\u00e3o<\/span><\/p>\n<p style=\"text-align: justify;\"><span style=\"font-family: arial, helvetica, sans-serif;\"><strong>Predestinar<\/strong> &#8211; Escolher (Romanos 8:29-30; Ef\u00e9sios 1:5,11); v. Elei\u00e7\u00e3o.<\/span><\/p>\n<p style=\"text-align: justify;\"><span style=\"font-family: arial, helvetica, sans-serif;\"><strong>Elei\u00e7\u00e3o<\/strong> &#8211; Ato eterno e insond\u00e1vel de Deus, pelo qual, em sua soberana vontade, ele escolheu uma fam\u00edlia (Neemias 9:7), uma na\u00e7\u00e3o (Deuteron\u00f4mio 4:32-40) ou um indiv\u00edduo (1<sup>a<\/sup> Tessalonicenses 1:4) &#8211; sem nenhum merecimento por parte deles (Romanos 9:11) &#8211; para, por meio de Jesus Cristo (Ef\u00e9sios 1:4), receberem a gra\u00e7a da salva\u00e7\u00e3o (Romanos 11:5-6) e realizarem a sua vontade neste mundo (Isa\u00edas 41:8; Colossenses 3:12; 1<sup>a<\/sup> Pedro 1:2; 2<sup>a<\/sup> Pedro 1:10).<\/span><\/p>\n<p style=\"text-align: justify;\"><span style=\"font-family: arial, helvetica, sans-serif;\"><strong>Eleitos \u2013 <\/strong>do grego eklektos<\/span><\/p>\n<p style=\"text-align: justify; padding-left: 40px;\"><span style=\"font-family: arial, helvetica, sans-serif;\">1) selecionado, escolhido<\/span><\/p>\n<p style=\"text-align: justify; padding-left: 40px;\"><span style=\"font-family: arial, helvetica, sans-serif;\">1a) escolhido por Deus,<\/span><\/p>\n<p style=\"text-align: justify; padding-left: 40px;\"><span style=\"font-family: arial, helvetica, sans-serif;\">1a1) para obter salva\u00e7\u00e3o em Cristo<\/span><\/p>\n<p style=\"text-align: justify; padding-left: 40px;\"><span style=\"font-family: arial, helvetica, sans-serif;\">1a1a) crist\u00e3os s\u00e3o chamados de &#8220;escolhidos ou eleitos&#8221; de Deus<\/span><\/p>\n<p style=\"text-align: justify; padding-left: 40px;\"><span style=\"font-family: arial, helvetica, sans-serif;\">1a2) o Messias e\/ chamado &#8220;eleito&#8221;, designado por Deus para o mais exaltado of\u00edcio conceb\u00edvel<\/span><\/p>\n<p style=\"text-align: justify; padding-left: 40px;\"><span style=\"font-family: arial, helvetica, sans-serif;\">1a3) escolha, sele\u00e7\u00e3o, i.e. o melhor do seu tipo ou classe, excel\u00eancia preeminente: aplicado a certos indiv\u00edduos crist\u00e3os<\/span><\/p>\n<p style=\"text-align: justify;\"><span style=\"font-family: arial, helvetica, sans-serif;\"><strong>Condenado &#8211; <\/strong>do grego katakrino<\/span><\/p>\n<p style=\"text-align: justify; padding-left: 40px;\"><span style=\"font-family: arial, helvetica, sans-serif;\">1) emitir julgamento contra, julgar digno de puni\u00e7\u00e3o<\/span><\/p>\n<p style=\"text-align: justify; padding-left: 40px;\"><span style=\"font-family: arial, helvetica, sans-serif;\">1a) condenar<\/span><\/p>\n<p style=\"text-align: justify; padding-left: 40px;\"><span style=\"font-family: arial, helvetica, sans-serif;\">1b) pelo bom exemplo, tornar a maldade de outro mais evidente e censur\u00e1vel<\/span><\/p>\n<p style=\"text-align: justify;\"><span style=\"font-family: arial, helvetica, sans-serif;\"><strong>Condenado &#8211; <\/strong>do grego katadikazo<\/span><\/p>\n<p style=\"text-align: justify; padding-left: 40px;\"><span style=\"font-family: arial, helvetica, sans-serif;\">1) trazer julgamento contra (algu\u00e9m), anunciar ser culpado<\/span><\/p>\n<p style=\"text-align: justify; padding-left: 40px;\"><span style=\"font-family: arial, helvetica, sans-serif;\">2) condenar<\/span><\/p>\n<p style=\"text-align: justify;\"><span style=\"font-family: arial, helvetica, sans-serif;\"><strong>Presci\u00eancia<\/strong> &#8211; Capacidade de conhecer o futuro (Atos 2:23).<\/span><\/p>\n<p style=\"text-align: justify;\"><span style=\"font-family: arial, helvetica, sans-serif;\">Tendo estabelecido as defini\u00e7\u00f5es mais importantes para esse tema, precisamos entender que a puni\u00e7\u00e3o para o pecado foi estabelecida na eternidade. Deus estabeleceu os par\u00e2metros e princ\u00edpios que deveriam ser seguidos pelos seres celestiais e pela humanidade que seria criada muito tempo depois.\u00a0Mesmo assim, em algum momento da eternidade, um querubim ungido permitiu a soberba no seu cora\u00e7\u00e3o, querendo ser semelhante ao Alt\u00edssimo, enganou a <span style=\"font-size: 14pt;\">\u2153<\/span> do c\u00e9u, e por isso recebeu a justa condena\u00e7\u00e3o. (Isa\u00edas 14:8-20; Ezequiel 28:11-19).<\/span><\/p>\n<p style=\"text-align: justify;\"><span style=\"font-family: arial, helvetica, sans-serif;\">\u00c9 importante notar que Deus, sendo presciente, n\u00e3o interviu antes ou durante o momento de rebeli\u00e3o, tanto do querubim ungido quanto dos demais que o seguiram. Ele n\u00e3o interferiu na decis\u00e3o daqueles seres celestiais, porque Ele nunca imp\u00f5e a Sua autoridade, apesar Dele ser a Autoridade, mesmo Ele sendo Deus, total e absoluto e Sua gl\u00f3ria n\u00e3o ser dado a ningu\u00e9m.\u00a0<\/span><\/p>\n<p style=\"text-align: justify;\"><span style=\"font-family: arial, helvetica, sans-serif;\">\u00c9 interessante notar isso, Deus deseja que todos os seres, sejam os celestiais ou os humanos, o adorem em espirito e em verdade (Jo\u00e3o 4:23-24), ou seja, Ele deseja que todos O adorem pelo poder do Seu conhecimento, pelo desejo, decis\u00e3o e a\u00e7\u00e3o pessoal, pela disposi\u00e7\u00e3o ou influ\u00eancia que preenche e governa a alma (os sentimentos, etc) de algu\u00e9m que O tenha como fonte eficiente de todo poder, afei\u00e7\u00e3o, emo\u00e7\u00e3o, desejo, etc.\u00a0E em verdade como excel\u00eancia pessoal, com sinceridade de mente, livre de paix\u00e3o, pretens\u00e3o, simula\u00e7\u00e3o, falsidade ou engano.<\/span><\/p>\n<p style=\"text-align: justify;\"><span style=\"font-family: arial, helvetica, sans-serif;\">Quando observamos o relato do Profeta Isa\u00edas, podemos entender o desejo de Deus \u00e0 perfei\u00e7\u00e3o<\/span><\/p>\n<p style=\"text-align: justify; padding-left: 40px;\"><span style=\"font-family: arial, helvetica, sans-serif;\"><strong>Isa\u00edas 6:1-7<\/strong> &#8211; <em>No ano em que morreu o rei Uzias, eu vi ao Senhor assentado sobre um alto e sublime trono; e o seu s\u00e9quito enchia o templo.\u00a0<\/em><em>Os serafins estavam acima dele; cada um tinha seis asas: com duas cobriam os seus rostos, e com duas cobriam os seus p\u00e9s e com duas voavam. E clamavam uns para os outros, dizendo<strong>: Santo, Santo, Santo \u00e9 o Senhor dos Ex\u00e9rcitos: toda a terra est\u00e1 cheia da sua gl\u00f3ria.\u00a0<\/strong><\/em><em>E os umbrais das portas se moveram com a voz do que clamava, e a casa se encheu de fumo.\u00a0<\/em><em>Ent\u00e3o disse eu: Ai de mim, que vou perecendo! porque eu sou um homem de l\u00e1bios impuros, e habito no meio de um povo de impuros l\u00e1bios: e os meus olhos viram o rei, o Senhor dos Ex\u00e9rcitos!\u00a0<\/em><em>Mas um dos serafins voou para mim trazendo na sua m\u00e3o uma brasa viva, que tirara do altar com uma tenaz; E com ela tocou a minha boca, e disse: Eis que isto tocou os teus l\u00e1bios; e a tua iniquidade\u00a0foi tirada, e purificado o teu pecado.<\/em><\/span><\/p>\n<p style=\"text-align: justify;\"><span style=\"font-family: arial, helvetica, sans-serif;\"><strong>O que aconteceu depois que o empecilho foi removido?<\/strong><\/span><\/p>\n<ol style=\"text-align: justify;\">\n<li><span style=\"font-family: arial, helvetica, sans-serif;\">Vis\u00e3o \u2013 ele viu o Senhor \u2013 v. 1<\/span><\/li>\n<li><span style=\"font-family: arial, helvetica, sans-serif;\">Convic\u00e7\u00e3o \u2013 reconheceu o seu pecado \u2013 v. 5<\/span><\/li>\n<li><span style=\"font-family: arial, helvetica, sans-serif;\">Purifica\u00e7\u00e3o \u2013 foi limpo do pecado \u2013 v. 7<\/span><\/li>\n<li><span style=\"font-family: arial, helvetica, sans-serif;\">Chamado \u2013 quem h\u00e1 de ir por n\u00f3s? \u2013 v. 8<\/span><\/li>\n<li><span style=\"font-family: arial, helvetica, sans-serif;\">Disposi\u00e7\u00e3o \u2013 eis-me aqui \u2013 v. 8<\/span><\/li>\n<\/ol>\n<p style=\"text-align: justify;\"><span style=\"font-family: arial, helvetica, sans-serif;\">Isa\u00edas viu como os seres celestiais se portam diante da santidade de Deus e ao ver isso notou o seu pecado. A santidade de Deus mostra a nossa insignific\u00e2ncia e mostra que um Deus t\u00e3o grandioso, t\u00e3o poderoso se importa conosco. Os seres celestiais t\u00eam a mesma vis\u00e3o desde a eternidade e ainda continuam clamando:<\/span><\/p>\n<p style=\"text-align: justify; padding-left: 40px;\"><span style=\"font-family: arial, helvetica, sans-serif;\"><strong>Apocalipse 4:8<\/strong> &#8211; <em>E os quatro animais tinham, cada um de per si, seis asas, e ao redor, e por dentro, estavam cheios de olhos; e n\u00e3o descansam nem de dia nem de noite, dizendo: Santo, Santo, Santo \u00e9 o Senhor Deus, o Todo-poderoso, que era, e que \u00e9, e que h\u00e1 de vir.<\/em><\/span><\/p>\n<p style=\"text-align: justify; padding-left: 40px;\"><span style=\"font-family: arial, helvetica, sans-serif;\"><strong>Apocalipse 15:4<\/strong> &#8211;<em> Quem te n\u00e3o temer\u00e1, \u00f3 Senhor, e n\u00e3o magnificar\u00e1 o teu nome? Porque s\u00f3 tu \u00e9s santo; por isso todas as na\u00e7\u00f5es vir\u00e3o, e se prostrar\u00e3o diante de ti, porque os teus ju\u00edzos s\u00e3o manifestos.<\/em><\/span><\/p>\n<p style=\"text-align: justify;\"><span style=\"font-family: arial, helvetica, sans-serif;\">Aqueles seres celestiais que seguiram o querubim ungido em sua rebeli\u00e3o, <span style=\"font-size: 14pt;\">\u2153<\/span> do c\u00e9u, receberam a justa condena\u00e7\u00e3o porque tinham esta vis\u00e3o diariamente e mesmo assim permitiram a corrup\u00e7\u00e3o em seu cora\u00e7\u00e3o.<\/span><\/p>\n<p style=\"text-align: justify; padding-left: 40px;\"><span style=\"font-family: arial, helvetica, sans-serif;\"><strong>Mateus 25:41<\/strong> &#8211; <em>Ent\u00e3o, dir\u00e1 tamb\u00e9m aos que estiverem \u00e0 sua esquerda: Apartai-vos de mim, malditos, para o fogo eterno, <strong>preparado para o diabo e seus anjos<\/strong>;<\/em><\/span><\/p>\n<p style=\"text-align: justify;\"><span style=\"font-family: arial, helvetica, sans-serif;\">Mateus declara que o fogo eterno foi preparado para o diabo e seus anjos, para aquele que era querubim ungido mas quis ser semelhante ao Alt\u00edssimo.<\/span><\/p>\n<p style=\"text-align: justify; padding-left: 40px;\"><span style=\"font-family: arial, helvetica, sans-serif;\"><strong>Isa\u00edas 14:13-15<\/strong> &#8211; <em>E tu dizias no teu cora\u00e7\u00e3o: Eu subirei ao c\u00e9u, acima das estrelas de Deus exaltarei o meu trono, e no monte da congrega\u00e7\u00e3o me assentarei, da banda dos lados do norte. Subirei acima das mais altas nuvens, e serei semelhante ao Alt\u00edssimo.\u00a0<\/em><em>E contudo <strong>levado ser\u00e1s ao inferno, ao mais profundo do abismo<\/strong>.<\/em><\/span><\/p>\n<p style=\"text-align: justify;\"><span style=\"font-family: arial, helvetica, sans-serif;\">Vemos que o inferno n\u00e3o foi criado para o homem, mas para o diabo e seus anjos!\u00a0Por\u00e9m, aquele mesmo ser que corrompeu <span style=\"font-size: 14pt;\">\u2153<\/span> do c\u00e9u, foi lan\u00e7ado \u00e0 terra, e quando viu a cria\u00e7\u00e3o perfeita de Deus, o ser humano, tentou e conseguiu enganar a mulher, que por sua vez, levou o engano ao homem e este se deixou seduzir. Logo a perfeita cria\u00e7\u00e3o de Deus tamb\u00e9m recebeu a justa condena\u00e7\u00e3o, conforme est\u00e1 escrito, passando o pecado e a morte a toda a humanidade.\u00a0Assim sendo tanto os seres celestiais que pecaram quanto a humanidade, est\u00e3o debaixo de condena\u00e7\u00e3o eterna.<\/span><\/p>\n<p style=\"text-align: justify; padding-left: 40px;\"><span style=\"font-family: arial, helvetica, sans-serif;\"><strong>Marcos 16:16<\/strong> &#8211; <em>Quem crer e for batizado ser\u00e1 salvo; mas quem n\u00e3o crer ser\u00e1 condenado.<\/em><\/span><\/p>\n<p style=\"text-align: justify; padding-left: 40px;\"><span style=\"font-family: arial, helvetica, sans-serif;\"><strong>Jo\u00e3o 3:18<\/strong> <em>&#8211; Quem cr\u00ea nele n\u00e3o \u00e9 condenado; mas quem n\u00e3o cr\u00ea j\u00e1 est\u00e1 condenado; porquanto n\u00e3o cr\u00ea no nome do Unig\u00eanito Filho de Deus.<\/em><\/span><\/p>\n<p style=\"text-align: justify;\"><span style=\"font-family: arial, helvetica, sans-serif;\">Quanto a humanidade resta o sacrif\u00edcio de Jesus Cristo, a manifesta\u00e7\u00e3o da maravilhosa gra\u00e7a de Deus, para que todo aquele nele crer n\u00e3o pere\u00e7a mas tenha a vida eterna.<\/span><\/p>\n<p style=\"text-align: justify; padding-left: 40px;\"><span style=\"font-family: arial, helvetica, sans-serif;\"><strong>Jo\u00e3o 3:16-21<\/strong> &#8211; <em>Porque Deus amou o mundo de tal maneira que deu o seu Filho unig\u00eanito, para que todo aquele que nele cr\u00ea n\u00e3o pere\u00e7a, mas tenha a vida eterna. Porque Deus enviou o seu Filho ao mundo, n\u00e3o para que condenasse o mundo, mas para que o mundo fosse salvo por ele. <\/em><em>Quem cr\u00ea nele n\u00e3o \u00e9 condenado; mas quem n\u00e3o cr\u00ea j\u00e1 est\u00e1 condenado; porquanto n\u00e3o cr\u00ea no nome do Unig\u00eanito Filho de Deus.<\/em><\/span><\/p>\n<p style=\"text-align: justify; padding-left: 40px;\"><span style=\"font-family: arial, helvetica, sans-serif;\"><em>E a condena\u00e7\u00e3o \u00e9 esta: Que a luz veio ao mundo, e os homens amaram mais as trevas do que a luz, porque as suas obras eram m\u00e1s.\u00a0<\/em><em>Porque todo aquele que faz o mal aborrece a luz, e n\u00e3o vem para a luz para que as suas obras n\u00e3o sejam reprovadas.\u00a0<\/em><em>Mas quem pratica a verdade vem para a luz, a fim de que as suas obras sejam manifestas, porque s\u00e3o feitas em Deus.<\/em><\/span><\/p>\n<p style=\"text-align: justify;\"><span style=\"font-family: arial, helvetica, sans-serif;\">Ent\u00e3o \u00e9 l\u00f3gico que Deus n\u00e3o criou ningu\u00e9m para maldi\u00e7\u00e3o ou perdi\u00e7\u00e3o, entretanto por causa do pecado, o homem se colocou nesse lugar de destrui\u00e7\u00e3o.\u00a0Apesar de a grande trai\u00e7\u00e3o cometida por Ad\u00e3o, Deus nunca desistiu do homem. O primeiro Ad\u00e3o sempre deveria apontar para o segundo Ad\u00e3o (Jesus Cristo), sem pecado, sem falha, sem possibilidade de trai\u00e7\u00e3o.<\/span><\/p>\n<p style=\"text-align: justify;\"><span style=\"font-family: arial, helvetica, sans-serif;\">Deus procurou manter a comunh\u00e3o com o homem, tanto que Enoque (o s\u00e9timo depois de Ad\u00e3o) foi um grande exemplo, andou com Deus e foi tomado (G\u00eanesis 5). Este Enoque tamb\u00e9m profetizou sobre a vinda do Senhor (Judas 1:14).<\/span><\/p>\n<p style=\"text-align: justify;\"><span style=\"font-family: arial, helvetica, sans-serif;\">Homens como Enoque eram escassos naquele tempo. O pecado dominava e arrasava a terra, causando o arrependimento de Deus em ter criado a humanidade, por\u00e9m Ele n\u00e3o desistiu da Sua cria\u00e7\u00e3o, o Seu prop\u00f3sito \u00e9 eterno.\u00a0Nomeou No\u00e9 (o pregoeiro da justi\u00e7a \u2013 2\u00aa Pedro 2:5), o qual preparou a arca ap\u00f3s ser divinamente avisado, pela qual o mundo foi condenado e apenas 8 almas se salvaram, mantendo o projeto de Deus. (Hebreus 11:7; 1\u00aa Pedro 3:20; 2\u00aa Pedro 2:5).<\/span><\/p>\n<p style=\"text-align: justify;\"><span style=\"font-family: arial, helvetica, sans-serif;\">Ap\u00f3s muitos e muitos anos, Abr\u00e3o deu continuidade ao projeto de Deus (G\u00eanesis 12). Esse homem deu in\u00fameras provas de f\u00e9 e fidelidade, mantendo seu relacionamento com Deus a qualquer custo. O pr\u00f3prio Deus trocou o seu nome para Abra\u00e3o (pai de multid\u00e3o \u2013 G\u00eanesis 17). Esse relacionamento preparou o caminho para a Gra\u00e7a atrav\u00e9s da f\u00e9 (G\u00e1latas 3:6-9).\u00a0Em Abra\u00e3o, Deus elegeu um povo particularmente seu, nasceu Isaque o filho da promessa. Este gerou Esa\u00fa e Jac\u00f3. Deus escolheu Jac\u00f3 e seu nome foi trocado para Israel. Teve 12 filhos que deram origem \u00e0s tribos de Israel (1\u00aa Pedro 2:9).<\/span><\/p>\n<p style=\"text-align: justify;\"><span style=\"font-family: arial, helvetica, sans-serif;\">Dos filhos de Levi, ap\u00f3s um longo per\u00edodo, nasceu Mois\u00e9s. Este foi o libertador de Israel ap\u00f3s um longo per\u00edodo de cativeiro e escravid\u00e3o, 430 anos, no Egito.<\/span><\/p>\n<p style=\"text-align: justify;\"><span style=\"font-family: arial, helvetica, sans-serif;\">O Antigo Testamento (AT) com seus princ\u00edpios, hist\u00f3rias e rituais serviu para apresentar a Cristo e representavam uma imagem em 3D, uma maquete, um projeto, ou, uma sombra da Luz que deveria vir. Todos direcionavam para a obra completa de Deus em Jesus Cristo: desde Ad\u00e3o, passando por Abra\u00e3o, Mois\u00e9s (o tabern\u00e1culo, a Lei, os sacrif\u00edcios), Davi e todos os salmistas, os ju\u00edzes e profetas, at\u00e9 o \u00faltimo e maior profeta de todos, Jo\u00e3o Batista.<\/span><\/p>\n<p style=\"text-align: justify;\"><span style=\"font-family: arial, helvetica, sans-serif;\">Ad\u00e3o prefigurava Cristo (perfeito, cheio de poder, investido de autoridade e dom\u00ednio, tendo a semelhan\u00e7a de Deus). Entretanto, Ad\u00e3o rejeitou a semelhan\u00e7a e perfei\u00e7\u00e3o de Deus, o poder, autoridade e dom\u00ednio, preferindo por engano o pecado. A consequ\u00eancia deste ato tresloucado foi: perda da comunh\u00e3o e intimidade com Deus, perda da imagem e semelhan\u00e7a de Deus, expuls\u00e3o da presen\u00e7a de Deus, expuls\u00e3o do para\u00edso, maldi\u00e7\u00e3o e condena\u00e7\u00e3o, escravid\u00e3o pelo pecado e pelo diabo. Piorando ainda mais a situa\u00e7\u00e3o, Ad\u00e3o entregou o poder e a autoridade deste mundo ao diabo (Lucas 4:6).<\/span><\/p>\n<p style=\"text-align: justify;\"><span style=\"font-family: arial, helvetica, sans-serif;\">Por\u00e9m o prop\u00f3sito eterno de Deus continuou firme indicando e apontando para Cristo, comprovando que todo o passado era uma sombra da verdadeira Luz.<\/span><\/p>\n<p style=\"text-align: justify;\"><span style=\"font-family: arial, helvetica, sans-serif;\">Mois\u00e9s consolidou a sombra, a maquete, o projeto, o CAD em 3D: ao receber os 10 mandamentos e instituindo a Lei com seus 613 mandamentos ou 613 vomitivo; ao edificar o tabern\u00e1culo (lugar de habita\u00e7\u00e3o, moradia), com suas tr\u00eas partes: \u00e1trio, lugar santo e santo dos santos (equivalentes ao nosso corpo, alma e esp\u00edrito); ao estabelecer o sacerd\u00f3cio lev\u00edtico com seus rituais e sacrif\u00edcios.<\/span><\/p>\n<p style=\"text-align: justify;\"><span style=\"font-family: arial, helvetica, sans-serif;\">Por\u00e9m, conforme relatou Lucas, o m\u00e9dico amado, <em>O Deus que fez o mundo e tudo que nele h\u00e1, sendo Senhor do c\u00e9u e da terra, n\u00e3o habita em templos feitos por m\u00e3os de homens<\/em> (Atos 17:24). E o nosso querido Ap\u00f3stolo Paulo questionou a Igreja de Corinto e a n\u00f3s tamb\u00e9m:<\/span><\/p>\n<p style=\"text-align: justify; padding-left: 40px;\"><span style=\"font-family: arial, helvetica, sans-serif;\"><strong>1\u00aa Cor\u00edntios 3:16 <\/strong>&#8211; N\u00e3o sabeis v\u00f3s que sois o templo de Deus, e que o Esp\u00edrito de Deus habita em v\u00f3s? <\/span><\/p>\n<p style=\"text-align: justify;\"><span style=\"font-family: arial, helvetica, sans-serif;\">Ent\u00e3o quando observamos que no passado Deus escolheu um e aborreceu a outro, na realidade estava apontando para o Seu projeto perfeito que \u00e9 a Igreja.\u00a0Com Israel Deus mostrou que queria um povo Seu, exclusivo, mas isso n\u00e3o se restringia a Israel, pois os judeus fizeram muitos pros\u00e9litos, aqueles que creram no Deus \u00fanico e se tornavam judeus por causa disso. Mesmo na sa\u00edda do Egito, muitos estrangeiros sa\u00edram com o povo de Deus (N\u00fameros 11:4)<\/span><\/p>\n<p style=\"text-align: justify; padding-left: 40px;\"><span style=\"font-family: arial, helvetica, sans-serif;\"><strong>Pros\u00e9lito<\/strong> &#8211; gentio que segue a religi\u00e3o judaica (Mateus 23:15; Atos 13:43).<\/span><\/p>\n<p style=\"text-align: justify;\"><span style=\"font-family: arial, helvetica, sans-serif;\">Entretanto na dispensa\u00e7\u00e3o dos tempos quando o Messias veio, os Seus n\u00e3o o receberam, mas a todos quantos O receberam deu-lhes o poder de serem feitos filhos de Deus, aos que creem no Seu nome (Jo\u00e3o 1:10-13).\u00a0<\/span><\/p>\n<p style=\"text-align: justify;\"><span style=\"font-family: arial, helvetica, sans-serif;\">A soberania de Deus n\u00e3o \u00e9 question\u00e1vel. J\u00f3 tentou fazer isso, quando apresentou 16x &#8220;por que?&#8221;, 34x fez as suas queixas, Deus n\u00e3o lhe respondeu nenhuma vez, mas lhe fez 70 perguntas.<\/span><\/p>\n<p style=\"text-align: justify; padding-left: 40px;\"><span style=\"font-family: arial, helvetica, sans-serif;\"><strong>Romanos 9:1-33 &#8211; <\/strong><em>Em Cristo digo a verdade, n\u00e3o minto (dando-me testemunho a minha consci\u00eancia no Esp\u00edrito Santo): Que tenho grande tristeza e cont\u00ednua dor no meu cora\u00e7\u00e3o. Porque eu mesmo poderia desejar ser separado de Cristo, por amor de meus irm\u00e3os, que s\u00e3o meus parentes segundo a carne; Que s\u00e3o israelitas, dos quais \u00e9 a ado\u00e7\u00e3o de filhos, e a gl\u00f3ria, e os concertos, e a lei, e o culto, e as promessas; Dos quais s\u00e3o os pais, e dos quais \u00e9 Cristo segundo a carne, o qual \u00e9 sobre todos, Deus bendito eternamente: Am\u00e9m.<\/em><\/span><\/p>\n<p style=\"text-align: justify; padding-left: 40px;\"><span style=\"font-family: arial, helvetica, sans-serif;\"><strong><em><u>N\u00e3o que a palavra de Deus haja faltado, porque nem todos os que s\u00e3o d\u2019 Israel s\u00e3o israelitas; Nem por serem descend\u00eancia de Abra\u00e3o s\u00e3o todos filhos; mas: Em Isaque ser\u00e1 chamada a tua descend\u00eancia<\/u>.\u00a0<\/em><\/strong><\/span><span style=\"font-family: arial, helvetica, sans-serif;\"><em>Isto \u00e9: <strong><u>n\u00e3o s\u00e3o os filhos da carne que s\u00e3o filhos de Deus, mas os filhos da promessa s\u00e3o contados como descend\u00eancia.<\/u><\/strong><\/em><\/span><\/p>\n<p style=\"text-align: justify; padding-left: 40px;\"><span style=\"font-family: arial, helvetica, sans-serif;\"><em>Porque a palavra da promessa \u00e9 esta: Por este tempo virei, e Sara ter\u00e1 um filho.\u00a0<\/em><\/span><span style=\"font-family: arial, helvetica, sans-serif;\"><em>E n\u00e3o somente esta, mas tamb\u00e9m Rebeca, quando concebeu de um, de Isaque nosso pai;\u00a0 Porque, n\u00e3o tendo eles ainda nascido, nem tendo feito bem ou mal (para que o prop\u00f3sito de Deus, segundo a elei\u00e7\u00e3o, ficasse firme, n\u00e3o por causa das obras, mas por aquele que chama), Foi-lhe dito a ela: O maior servir\u00e1 o menor.<\/em><\/span><\/p>\n<p style=\"text-align: justify; padding-left: 40px;\"><span style=\"font-family: arial, helvetica, sans-serif;\"><strong><em>Como est\u00e1 escrito: Amei Jac\u00f3, e aborreci Esa\u00fa.<\/em><\/strong><\/span><\/p>\n<p style=\"text-align: justify; padding-left: 40px;\"><span style=\"font-family: arial, helvetica, sans-serif;\"><em>Que diremos pois? que h\u00e1 injusti\u00e7a da parte de Deus? de maneira nenhuma.\u00a0<\/em><\/span><span style=\"font-family: arial, helvetica, sans-serif;\"><em>Pois diz a Mois\u00e9s: Compadecer-me-ei de quem me compadecer, e terei miseric\u00f3rdia de quem eu tiver miseric\u00f3rdia. <\/em><\/span><span style=\"font-family: arial, helvetica, sans-serif;\"><strong><em>Assim, pois, isto n\u00e3o depende do que quer, nem do que corre, mas de Deus, que se compadece.\u00a0<\/em><\/strong><\/span><span style=\"font-family: arial, helvetica, sans-serif;\"><em>Porque diz a Escritura a Fara\u00f3: <strong>Para isto mesmo te levantei; para em ti mostrar o meu poder, e para que o meu nome seja anunciado em toda a terra.\u00a0<\/strong><\/em><\/span><span style=\"font-family: arial, helvetica, sans-serif;\"><em>Logo pois compadece-se de quem quer, e endurece a quem quer.<\/em><\/span><\/p>\n<p style=\"text-align: justify; padding-left: 40px;\"><span style=\"font-family: arial, helvetica, sans-serif;\"><em>Dir-me-\u00e1s ent\u00e3o: Por que se queixa ele ainda? Porquanto, quem resiste \u00e0 sua vontade?\u00a0<\/em><\/span><span style=\"font-family: arial, helvetica, sans-serif;\"><em>Mas, \u00f3 homem, quem \u00e9s tu, que a Deus replicas? Porventura a coisa formada dir\u00e1 ao que a formou: Por que me fizeste assim?\u00a0<\/em><\/span><span style=\"font-family: arial, helvetica, sans-serif;\"><em>Ou n\u00e3o tem o oleiro poder sobre o barro, para da mesma massa fazer um vaso para honra e outro para desonra?\u00a0<\/em><\/span><span style=\"font-family: arial, helvetica, sans-serif;\"><em>E que direis se Deus, querendo mostrar a sua ira, e dar a conhecer o seu poder, suportou com muita paci\u00eancia os vasos da ira, preparados para perdi\u00e7\u00e3o;<\/em><\/span><\/p>\n<p style=\"text-align: justify; padding-left: 40px;\"><span style=\"font-family: arial, helvetica, sans-serif;\"><em>Para que tamb\u00e9m desse a conhecer as riquezas da sua gl\u00f3ria nos vasos de miseric\u00f3rdia, que para gl\u00f3ria j\u00e1 dantes preparou, Os quais somos n\u00f3s, a quem tamb\u00e9m chamou, n\u00e3o s\u00f3 dentre os judeus, mas tamb\u00e9m dentre os gentios?<\/em><\/span><\/p>\n<p style=\"text-align: justify; padding-left: 40px;\"><span style=\"font-family: arial, helvetica, sans-serif;\"><em>Como tamb\u00e9m diz em Os\u00e9ias: Chamarei meu povo ao que n\u00e3o era meu povo; e amada \u00e0 que n\u00e3o era amada.\u00a0<\/em><\/span><span style=\"font-family: arial, helvetica, sans-serif;\"><em>E suceder\u00e1 que no lugar em que lhes foi dito: V\u00f3s n\u00e3o sois meu povo; a\u00ed ser\u00e3o chamados filhos do Deus vivo.<\/em><\/span><\/p>\n<p style=\"text-align: justify; padding-left: 40px;\"><span style=\"font-family: arial, helvetica, sans-serif;\"><em>Tamb\u00e9m Isa\u00edas clamava acerca d\u2019Israel: Ainda que o n\u00famero dos filhos d\u2019Israel seja como a areia do mar, o remanescente \u00e9 que ser\u00e1 salvo. P<\/em><\/span><span style=\"font-family: arial, helvetica, sans-serif;\"><em>orque o Senhor executar\u00e1 a sua palavra sobre a terra, completando-a e abreviando-a.\u00a0<\/em><\/span><span style=\"font-family: arial, helvetica, sans-serif;\"><em>E como antes disse Isa\u00edas: Se o Senhor dos Ex\u00e9rcitos nos n\u00e3o deixara descend\u00eancia, ter\u00edamos sido feitos como Sodoma, e ser\u00edamos semelhantes a Gomorra.<\/em><\/span><\/p>\n<p style=\"text-align: justify; padding-left: 40px;\"><span style=\"font-family: arial, helvetica, sans-serif;\"><em>Que diremos pois? Que os gentios, que n\u00e3o buscavam a justi\u00e7a, alcan\u00e7aram a justi\u00e7a? Sim, mas a justi\u00e7a que \u00e9 pela f\u00e9.\u00a0<\/em><\/span><span style=\"font-family: arial, helvetica, sans-serif;\"><em>Mas Israel, que buscava a lei da justi\u00e7a, n\u00e3o chegou \u00e0 lei da justi\u00e7a.\u00a0<\/em><\/span><span style=\"font-family: arial, helvetica, sans-serif;\"><em>Por qu\u00ea? Porque n\u00e3o foi pela f\u00e9, mas como que pelas obras da lei: trope\u00e7aram na pedra de trope\u00e7o; Como est\u00e1 escrito: Eis que eu ponho em Si\u00e3o uma pedra de trope\u00e7o, e uma rocha de esc\u00e2ndalo; e todo aquele que crer nela n\u00e3o ser\u00e1 confundido.<\/em><\/span><\/p>\n<p style=\"text-align: justify;\"><span style=\"font-family: arial, helvetica, sans-serif;\">Vamos entender melhor essa express\u00e3o:\u00a0 \u00bb<strong>Amei Jac\u00f3, e aborreci Esa\u00fa!\u00ab <\/strong>Come\u00e7aremos por entender as diferen\u00e7as entre os dois.<\/span><\/p>\n<p style=\"text-align: justify;\"><span style=\"font-family: arial, helvetica, sans-serif;\"><strong>JAC\u00d3<\/strong> \u2013 Enganador &#8211; &#8220;aquele que segura o calcanhar&#8221; ou &#8220;suplantador&#8221;.\u00a0<\/span><\/p>\n<p style=\"text-align: justify;\"><span style=\"font-family: arial, helvetica, sans-serif;\">Suplantar &#8211; <em>transitivo direto. Calcar com os p\u00e9s; pisar, espezinhar. Prostrar aos p\u00e9s (o vencido); derrubar. Fazer (algu\u00e9m) perder um favor, um emprego etc., tomando-lhe o lugar. Conseguir vantagem sobre (outrem ou si mesmo); sobrepujar(-se), superar(-se). Exceder, superar. Vencer (um obst\u00e1culo ou dificuldade); superar.<\/em><\/span><\/p>\n<ul style=\"text-align: justify;\">\n<li><span style=\"font-family: arial, helvetica, sans-serif;\">Filho de Isaque e Rebeca e irm\u00e3o g\u00eameo de Esa\u00fa (G\u00eanesis 25:21-26).<\/span><\/li>\n<li><span style=\"font-family: arial, helvetica, sans-serif;\">A Esa\u00fa cabia o direito de <em><u>primogenitura<\/u> <\/em>por haver nascido primeiro, mas Jac\u00f3 comprou esse direito por um cozido (G\u00eanesis 25:29-34).<\/span><\/li>\n<li><span style=\"font-family: arial, helvetica, sans-serif;\">Jac\u00f3 enganou Isaque para que este o aben\u00e7oasse (G\u00eanesis 27:1-41).<\/span><\/li>\n<li><span style=\"font-family: arial, helvetica, sans-serif;\">Ao fugir de Esa\u00fa, Jac\u00f3 teve a vis\u00e3o da escada que tocava o c\u00e9u (G\u00eanesis 27:42-28:22).<\/span><\/li>\n<li><span style=\"font-family: arial, helvetica, sans-serif;\">Casou-se com L\u00e9ia e Raquel, as duas filhas de Lab\u00e3o (G\u00eanesis 29:1-30).<\/span><\/li>\n<li><span style=\"font-family: arial, helvetica, sans-serif;\">Foi pai de 12 filhos e uma filha.<\/span><\/li>\n<li><span style=\"font-family: arial, helvetica, sans-serif;\">Em Peniel lutou com o Anjo do Senhor, tendo recebido nessa ocasi\u00e3o o nome de ISRAEL ( G\u00eanesis 32).<\/span><\/li>\n<li><span style=\"font-family: arial, helvetica, sans-serif;\">Para fugir da fome, foi morar no Egito, onde morreu (G\u00eanesis 42-46; 49).<\/span><\/li>\n<li><span style=\"font-family: arial, helvetica, sans-serif;\">Nome do povo de Israel (N\u00fameros 24:5).<\/span><\/li>\n<\/ul>\n<p style=\"text-align: justify;\"><span style=\"font-family: arial, helvetica, sans-serif;\"><strong>Israel<\/strong> &#8211; O Que Luta com Deus &#8211; &#8220;ele ser\u00e1 um pr\u00edncipe de Deus&#8221;<\/span><\/p>\n<p style=\"text-align: justify; padding-left: 40px;\"><span style=\"font-family: arial, helvetica, sans-serif;\">1) Nome dado por Deus a Jac\u00f3 (G\u00eanesis 32:28). Nome dado ao patriarca Jac\u00f3 (e mantido por ele em adi\u00e7\u00e3o ao seu nome anterior)<\/span><\/p>\n<p style=\"text-align: justify; padding-left: 40px;\"><span style=\"font-family: arial, helvetica, sans-serif;\">2) Fam\u00edlia ou descendentes de Israel, a na\u00e7\u00e3o de Israel Nome do povo composto das 12 tribos descendentes de Jac\u00f3 (\u00caxodo 3:16).<\/span><\/p>\n<p style=\"text-align: justify; padding-left: 40px;\"><span style=\"font-family: arial, helvetica, sans-serif;\">3) Nome das dez tribos que compuseram o Reino do Norte, em contraposi\u00e7\u00e3o ao Reino do Sul, chamado de Jud\u00e1 (1<sup>o<\/sup> Reis 14:19).<\/span><\/p>\n<p style=\"text-align: justify; padding-left: 40px;\"><span style=\"font-family: arial, helvetica, sans-serif;\">4) Designa\u00e7\u00e3o de todo o povo de Deus, a Igreja (G\u00e1latas 6:16).Crist\u00e3os, o Israel de Deus, pois nem todos aqueles que s\u00e3o descendentes de sangue de Israel s\u00e3o verdadeiros israelitas, i.e., aqueles a quem Deus declara ser israelitas e escolhidos para salva\u00e7\u00e3o<\/span><\/p>\n<p style=\"text-align: justify; padding-left: 40px;\"><span style=\"font-family: arial, helvetica, sans-serif;\"><strong>G\u00e1latas 6:16<\/strong> &#8211; <em>E a todos quantos andarem conforme esta regra, paz e miseric\u00f3rdia sobre eles e sobre o Israel de Deus.<\/em><\/span><\/p>\n<p style=\"text-align: justify;\"><span style=\"font-family: arial, helvetica, sans-serif;\"><strong>Esa\u00fa<\/strong> &#8211; Peludo<\/span><\/p>\n<ul style=\"text-align: justify;\">\n<li><span style=\"font-family: arial, helvetica, sans-serif;\">Irm\u00e3o g\u00eameo de Jac\u00f3 (G\u00eanesis 25:25).<\/span><\/li>\n<li><span style=\"font-family: arial, helvetica, sans-serif;\">Vendeu o direito de PRIMOGENITURA, quando estava faminto, ao seu irm\u00e3o, por comida, por um cozido de lentilhas (G\u00eanesis 25:30-34). E a b\u00ean\u00e7\u00e3o divina ficou com Jac\u00f3<\/span><\/li>\n<li><span style=\"font-family: arial, helvetica, sans-serif;\">Perseguiu Jac\u00f3 para mat\u00e1-lo (G\u00eanesis 27), por\u00e9m mais tarde fez as pazes com ele (G\u00eanesis 32:3-33:17).<\/span><\/li>\n<li><span style=\"font-family: arial, helvetica, sans-serif;\">Progenitor dos povos \u00e1rabes<\/span><\/li>\n<\/ul>\n<p style=\"text-align: justify;\"><span style=\"font-family: arial, helvetica, sans-serif;\">Por vezes queremos ler as Escrituras no sentido literal, mas precisamos ler num sentido mais amplo. Por\u00e9m quando o sentido deve ser literal h\u00e1 os que querem poetizar, criar narrativas que podem levar a um profundo engano. Por isso precisamos ter muito cuidado.\u00a0No entanto nesse texto que menciona \u00bb<strong>Amei Jac\u00f3, e aborreci Esa\u00fa!\u00ab <\/strong>precisamos entender num sentido mais amplo.<\/span><\/p>\n<p style=\"text-align: justify;\"><span style=\"font-family: arial, helvetica, sans-serif;\">J\u00e1 fizemos a seguinte afirma\u00e7\u00e3o, aqui neste texto: <em>Ent\u00e3o quando observamos que no passado Deus escolheu um e aborreceu a outro, na realidade estava apontando para o Seu projeto perfeito que \u00e9 a Igreja.\u00a0Com Israel Deus mostrou que queria um povo Seu, exclusivo, mas isso n\u00e3o se restringia a Israel, pois os judeus fizeram muitos pros\u00e9litos, aqueles que creram no Deus \u00fanico e se tornavam judeus por causa disso. Mesmo na sa\u00edda do Egito, muitos estrangeiros sa\u00edram com o povo de Deus<\/em> (N\u00fameros 11:4).\u00a0<em>Entretanto na dispensa\u00e7\u00e3o dos tempos quando o Messias veio, os seus n\u00e3o o receberam, mas a todos quantos o receberam deu-lhes o poder de serem feitos filhos de Deus, aos que creem no seu nome<\/em> (Jo\u00e3o 1:10-13).<\/span><\/p>\n<p style=\"text-align: justify;\"><span style=\"font-family: arial, helvetica, sans-serif;\">Esa\u00fa e Jac\u00f3 demonstram perfeitamente essa afirma\u00e7\u00e3o. Pois Jac\u00f3 representa o povo escolhido por Deus e Esa\u00fa representa o povo que rejeitou a promessa. Lembre: Deus \u00e9 presciente. Quando Deus aborreceu Esa\u00fa e amou a Jac\u00f3, Ele estava demonstrando e avisando, por Sua infinita sabedoria, o que viria acontecer muito tempo depois &#8211; <\/span><span style=\"font-family: arial, helvetica, sans-serif;\">O povo que tinha primogenitura, que tinha a b\u00ean\u00e7\u00e3o por direito, que tinha as promessas, deliberadamente O rejeitou. Aquele que era povo escolhido, reino de sacerdotes, na\u00e7\u00e3o santa, propriedade exclusiva de Deus, rejeitou a primogenitura, desde sempre quis ser igual aos outros.<\/span><\/p>\n<p style=\"text-align: justify; padding-left: 40px;\"><span style=\"font-family: arial, helvetica, sans-serif;\"><strong>1<sup>o<\/sup> Samuel 8:4-8<\/strong> &#8211;<em> Ent\u00e3o todos os anci\u00e3os de Israel se congregaram, e vieram a Samuel, a Ram\u00e1, E disseram-lhe: Eis que j\u00e1 est\u00e1s velho, e teus filhos n\u00e3o andam pelos teus caminhos: constitui-nos pois agora um rei sobre n\u00f3s, para que ele nos julgue, como o t\u00eam todas as na\u00e7\u00f5es.\u00a0<\/em><\/span><span style=\"font-family: arial, helvetica, sans-serif;\"><em>Por\u00e9m esta palavra pareceu mal aos olhos de Samuel, quando disseram: D\u00e1-nos um rei, para que nos julgue. E Samuel orou ao Senhor.<\/em><\/span><\/p>\n<p style=\"text-align: justify; padding-left: 40px;\"><span style=\"font-family: arial, helvetica, sans-serif;\"><em>E disse o Senhor a Samuel: Ouve a voz do povo em tudo quanto te disserem, pois n\u00e3o te tem rejeitado a ti, antes a mim me tem rejeitado para eu n\u00e3o reinar sobre eles.\u00a0<\/em><\/span><span style=\"font-family: arial, helvetica, sans-serif;\"><em>Conforme a todas as obras que fizeram desde o dia em que os tirei do Egito at\u00e9 ao dia de hoje, pois a mim me deixaram, e a outros deuses serviram, assim tamb\u00e9m te fizeram a ti.<\/em><\/span><\/p>\n<p style=\"text-align: justify;\"><span style=\"font-family: arial, helvetica, sans-serif;\">Quanto ao Profeta Jeremias, este declarou:<\/span><\/p>\n<p style=\"text-align: justify; padding-left: 40px;\"><span style=\"font-family: arial, helvetica, sans-serif;\"><strong>Jeremias 2:13<\/strong> &#8211; <em>Porque o meu povo fez duas maldades: a mim me deixaram, o manancial de \u00e1guas vivas, e cavaram cisternas, cisternas rotas, que n\u00e3o ret\u00eam as \u00e1guas.<\/em><\/span><\/p>\n<p style=\"text-align: justify;\"><span style=\"font-family: arial, helvetica, sans-serif;\">Podemos compreender porque Deus mostrou o Seu poder, a Sua sabedoria, o Seu conhecimento, a Sua autoridade ao amar Jac\u00f3 e rejeitar a Esa\u00fa, sendo uma met\u00e1fora do que viria a acontecer com os descendentes de Abra\u00e3o, afinal <em><strong><u>N\u00e3o que a palavra de Deus haja faltado, porque nem todos os que s\u00e3o d\u2019 Israel s\u00e3o israelitas; Nem por serem descend\u00eancia de Abra\u00e3o s\u00e3o todos filhos; mas: Em Isaque ser\u00e1 chamada a tua descend\u00eancia<\/u>.\u00a0<\/strong><\/em><\/span><span style=\"font-family: arial, helvetica, sans-serif;\">Isto \u00e9: <strong><u>n\u00e3o s\u00e3o os filhos da carne que s\u00e3o filhos de Deus, mas os filhos da promessa s\u00e3o contados como descend\u00eancia.<\/u><\/strong><\/span><\/p>\n<p style=\"text-align: justify;\"><span style=\"font-family: arial, helvetica, sans-serif;\">Esa\u00fa era filho na carne de Isaque, o primog\u00e9nito, por\u00e9m rejeitou o seu direito por um simples prato de lentilha, aquele que n\u00e3o tinha direito a b\u00ean\u00e7\u00e3o acabou por recebe-la.<\/span><\/p>\n<p style=\"text-align: justify;\"><span style=\"font-family: arial, helvetica, sans-serif;\">Assim acontece com Israel e a Igreja. Israel tinha o direito, porem recusou, a Igreja que n\u00e3o tinha direito passou a ter e recebeu a primogenitura e as b\u00ean\u00e7\u00e3os envolvidas (<strong>1<sup>a<\/sup> Pedro 2:4-12<\/strong>).\u00a0<\/span><span style=\"font-family: arial, helvetica, sans-serif;\">Quantas vezes Israel rejeitou a Deus. Todas as vezes est\u00e3o relatadas no AT. Aqueles que n\u00e3o eram Dele, receberam o direito de serem feitos filhos, herdeiros da promessa, porque creram, n\u00e3o viram e creram (Jo\u00e3o 20:29b).\u00a0<\/span><span style=\"font-family: arial, helvetica, sans-serif;\">Por isso Deus afirmou que rejeitou a Esa\u00fa e amou a Jac\u00f3, e nesse caso n\u00e3o esta tratando de pessoas especificas, mas est\u00e1 mostrando o Seu prop\u00f3sito. Quantas vezes agiu dessa maneira no AT, a\u00e7\u00f5es que na realidade eram met\u00e1foras.<\/span><\/p>\n<p style=\"text-align: justify; padding-left: 40px;\"><span style=\"font-family: arial, helvetica, sans-serif;\"><strong>Met\u00e1fora<\/strong> &#8211; \u00e9 uma figura de linguagem muito utilizada para fazer compara\u00e7\u00f5es por semelhan\u00e7a. \u00c9 o uso de uma palavra com o significado de outra. \u00c9 um tipo de compara\u00e7\u00e3o subjetiva, moment\u00e2nea.<\/span><\/p>\n<p style=\"text-align: justify;\"><span style=\"font-family: arial, helvetica, sans-serif;\"><strong>VASO ESCOLHIDO<\/strong><\/span><\/p>\n<p style=\"text-align: justify; padding-left: 40px;\"><span style=\"font-family: arial, helvetica, sans-serif;\"><strong>Atos 9:15-16<\/strong> &#8211; <em>Disse-lhe, por\u00e9m, o Senhor: Vai, porque este \u00e9 para mim um vaso escolhido, para levar o meu nome diante dos gentios, e dos reis e dos filhos d\u2019Israel. E eu lhe mostrarei quanto deve padecer pelo meu nome.<\/em><\/span><\/p>\n<p style=\"text-align: justify; padding-left: 40px;\"><span style=\"font-family: arial, helvetica, sans-serif;\"><strong>Jo\u00e3o 15:16<\/strong> &#8211;<em> N\u00e3o me escolhestes v\u00f3s a mim, mas eu vos escolhi a v\u00f3s, e vos nomeei, para que vades e deis fruto, e o vosso fruto permane\u00e7a; a fim de que tudo quanto em meu nome pedirdes ao Pai ele vo-lo conceda.<\/em><\/span><\/p>\n<p style=\"text-align: justify; padding-left: 40px;\"><span style=\"font-family: arial, helvetica, sans-serif;\"><strong>Romanos 9:21<\/strong> &#8211; <em>Ou n\u00e3o tem o oleiro poder sobre o barro, para da mesma massa fazer um vaso para honra e outro para desonra?<\/em><\/span><\/p>\n<p style=\"text-align: justify; padding-left: 40px;\"><span style=\"font-family: arial, helvetica, sans-serif;\"><strong>1<sup>a<\/sup> Tessalonicenses 4:4<\/strong> &#8211; <em>Que cada um de v\u00f3s saiba possuir o seu vaso em santifica\u00e7\u00e3o e honra;<\/em><\/span><\/p>\n<p style=\"text-align: justify; padding-left: 40px;\"><span style=\"font-family: arial, helvetica, sans-serif;\"><strong>2<sup>a<\/sup> Tim\u00f3teo 2:21<\/strong> &#8211; <em>De sorte que, se algu\u00e9m se purificar destas coisas, ser\u00e1 vaso para honra, santificado e id\u00f4neo para uso do Senhor, e preparado para toda a boa obra.<\/em><\/span><\/p>\n<p style=\"text-align: justify;\"><span style=\"font-family: arial, helvetica, sans-serif;\"><strong>Tipos de vasos<\/strong><\/span><\/p>\n<p style=\"text-align: justify;\"><span style=\"font-family: arial, helvetica, sans-serif;\">Lemos no Novo Testamento que existem de vasos de ouro, de prata, de pau, de barro, de madeira precios\u00edssima, de bronze, de ferro, de m\u00e1rmore e de marfim. Lemos de vasos jarr\u00f5es, de vasos m\u00f3veis, de vasos bens, de vasos navios, de vasos sacos.\u00a0<\/span><span style=\"font-family: arial, helvetica, sans-serif;\">Mas h\u00e1 tamb\u00e9m vasos vivos. Este \u00e9 o sentido figurado da palavra. J\u00e1 n\u00e3o se trata de vasos como objetos, mas de pessoas que s\u00e3o vasos. Tratando-se duma met\u00e1fora.<\/span><\/p>\n<p style=\"text-align: justify;\"><span style=\"font-family: arial, helvetica, sans-serif;\">Para que serve um vaso? Um vaso pode servir s\u00f3 como ornamento, s\u00f3 para ser visto. Mas em termos de utilidade pr\u00e1tica, um vaso serve como recipiente, serve para conter algo, seja uma planta, um l\u00edquido ou uma joia.<\/span><\/p>\n<p style=\"text-align: justify;\"><span style=\"font-family: arial, helvetica, sans-serif;\">Ora, o texto acabado de citar fala-nos de vasos diferentes, uns honrosos e outros desonrosos. A diferen\u00e7a entre os vasos reside naquilo que eles cont\u00eam. N\u00e3o naquilo que aparentam.<\/span><\/p>\n<p style=\"text-align: justify;\"><span style=\"font-family: arial, helvetica, sans-serif;\"><strong>Tesouro em vasos de barro<\/strong><\/span><\/p>\n<p style=\"text-align: justify;\"><span style=\"font-family: arial, helvetica, sans-serif;\">Vaso de barro = humanidade, fragilidade. Pessoas fr\u00e1geis, pobres, indignas.\u00a0<\/span><span style=\"font-family: arial, helvetica, sans-serif;\">Estes vasos somos n\u00f3s, a quem Jesus arrancou da lama, limpou e quer usar.<\/span><\/p>\n<p style=\"text-align: justify;\"><span style=\"font-family: arial, helvetica, sans-serif;\">Vasos talvez quebrados em peda\u00e7os, por uma viv\u00eancia destrutiva, mas em que o Senhor re\u00fane os fragmentos (cacos) e reconstitui o vaso, pela a\u00e7\u00e3o do Esp\u00edrito Santo. Ele faz isso por nos amar e para nos usar.\u00a0<\/span><span style=\"font-family: arial, helvetica, sans-serif;\">Pessoas que foram purificadas pela aspers\u00e3o do sangue de Cristo, isto \u00e9, regeneradas, promovidas duma situa\u00e7\u00e3o de vergonha e mis\u00e9ria a uma posi\u00e7\u00e3o de honra e dignidade.\u00a0<\/span><span style=\"font-family: arial, helvetica, sans-serif;\">Deus por Sua gra\u00e7a colocou Seu tesouro em n\u00f3s, tirou a imund\u00edcie, mas continuamos: sendo vasos de barro, sendo fr\u00e1geis, continuamos a padecer: sofrimentos, doen\u00e7as, tribula\u00e7\u00f5es, dificuldades, tristezas, etc. Mas temos paz! Atribulados, mas n\u00e3o angustiados!<\/span><\/p>\n<p style=\"text-align: justify;\"><span style=\"font-family: arial, helvetica, sans-serif;\">E o que acontece aos vasos-pessoas que Ele chamou a Si, para a Sua obra?<\/span><\/p>\n<ul style=\"text-align: justify;\">\n<li><span style=\"font-family: arial, helvetica, sans-serif;\">Servem para erguer bem alto a luz de Cristo, ou para a tapar?<\/span><\/li>\n<li><span style=\"font-family: arial, helvetica, sans-serif;\">Manifestam-se ousadamente ao lado de Jesus e dos que Ele quer recuperar, quer erguer da mis\u00e9ria e da solid\u00e3o?<\/span><\/li>\n<li><span style=\"font-family: arial, helvetica, sans-serif;\">Ou envergonham-se e demitem-se<\/span><\/li>\n<\/ul>\n<p style=\"text-align: justify;\"><span style=\"font-family: arial, helvetica, sans-serif;\">Somos vasos. Vasos vivos.<\/span><\/p>\n<ul style=\"text-align: justify;\">\n<li><span style=\"font-family: arial, helvetica, sans-serif;\">Vazios ou ocupados?<\/span><\/li>\n<li><span style=\"font-family: arial, helvetica, sans-serif;\">E se ocupados, o que h\u00e1 dentro de n\u00f3s?<\/span><\/li>\n<li><span style=\"font-family: arial, helvetica, sans-serif;\">\u00d3dio, amargura, indiferen\u00e7a, acomoda\u00e7\u00e3o, ego\u00edsmo?<\/span><\/li>\n<li><span style=\"font-family: arial, helvetica, sans-serif;\">Somos vasos cheios de n\u00f3s pr\u00f3prios, vasos de barro cheios de barro?<\/span><\/li>\n<\/ul>\n<p style=\"text-align: justify;\"><span style=\"font-family: arial, helvetica, sans-serif;\"><strong>OURO, PRATA, PAU, BARRO<\/strong><\/span><\/p>\n<p style=\"text-align: justify;\"><span style=\"font-family: arial, helvetica, sans-serif;\">Tem a ver com os graus ou n\u00edveis de conhecimento e de revela\u00e7\u00f5es do Senhor (1<sup>a<\/sup> Cor\u00edntios 4:6-16)<\/span><\/p>\n<p style=\"text-align: justify;\"><span style=\"font-family: arial, helvetica, sans-serif;\">Deus estabelece vasos para honra e vasos para desonra, dentre os que creem ele estabelece os vasos para honra e dentro dos que n\u00e3o creem os vasos para desonra. <strong><em>Assim, pois, isto n\u00e3o depende do que quer, nem do que corre, mas de Deus, que se compadece. <\/em><\/strong><em>Porque diz a Escritura a Fara\u00f3: <strong>Para isto mesmo te levantei; para em ti mostrar o meu poder, e para que o meu nome seja anunciado em toda a terra.<\/strong><\/em><\/span><\/p>\n<p style=\"text-align: justify;\"><span style=\"font-family: arial, helvetica, sans-serif;\">Paulo, que creu, foi escolhido um vaso para honra, e a ele foi dado o direito de padecer pelo nome de Jesus. Fara\u00f3, que n\u00e3o creu, foi escolhido para mostrar o poder de Deus, quando foi desonrado, vencido e teve seu poder destru\u00eddo, ao ter o seu cora\u00e7\u00e3o endurecido.<\/span><\/p>\n<p style=\"text-align: justify;\"><span style=\"font-family: arial, helvetica, sans-serif;\"><strong>Gostei de algo que ouvi recentemente:<\/strong><\/span><\/p>\n<p style=\"text-align: justify; padding-left: 40px;\"><span style=\"font-family: arial, helvetica, sans-serif;\">Imagine uma porta muito alta e sobre ela um letreiro: \u00bbvinde a mim, v\u00f3s que estais cansados e oprimido e Eu vos aliviarei\u00ab.\u00a0<\/span><span style=\"font-family: arial, helvetica, sans-serif;\">Convite feito a todos, todos est\u00e3o convidados, a porta est\u00e1 aberta, todos venham, creiam, sejam perdoados, recebam o perd\u00e3o de seus pecados, Deus chama voc\u00eas.<\/span><\/p>\n<p style=\"text-align: justify; padding-left: 40px;\"><span style=\"font-family: arial, helvetica, sans-serif;\">Passa algu\u00e9m e olha e pensa: n\u00e3o quero saber disso, isso \u00e9 coisa de crente, e vai embora. Passa outra pessoa, olha, mas vai embora. Vem outra pessoa, se encosta, passa 1 ou 2 meses, mas vai embora tamb\u00e9m.\u00a0<\/span><span style=\"font-family: arial, helvetica, sans-serif;\">Ent\u00e3o chega algu\u00e9m, l\u00ea o letreiro e pensa: isso \u00e9 para mim, \u00e9 exatamente isso, eu escolho entrar. E entra.<\/span><\/p>\n<p style=\"text-align: justify; padding-left: 40px;\"><span style=\"font-family: arial, helvetica, sans-serif;\">E quando ela entra, do lado interno, est\u00e1 escrito: \u00bbS\u00f3 pode vir a mim aquele que o Pai trouxer\u00ab.<\/span><\/p>\n<p style=\"text-align: justify; padding-left: 40px;\"><span style=\"font-family: arial, helvetica, sans-serif;\">Voc\u00ea entrou, mas s\u00f3 entrou porque Deus lhe trouxe, e depois que entrou voc\u00ea olha para tr\u00e1s e cai de joelhos e diz: \u00bbSe o Senhor n\u00e3o tivesse me chamado, se n\u00e3o tivesse me persuadido, se n\u00e3o tivesse me iluminado, me atra\u00eddo com cordas de amor, eu nunca teria entrado.<\/span><\/p>\n<p style=\"text-align: justify; padding-left: 40px;\"><span style=\"font-family: arial, helvetica, sans-serif;\">Antes parece que era uma decis\u00e3o sua, eu quero, eu entro. Mas depois que entra entende que \u00e9 s\u00f3 pela gra\u00e7a, s\u00f3 pela gra\u00e7a que eu estou aqui hoje. N\u00e3o de obras para ningu\u00e9m se glorie, pois toda a gl\u00f3ria \u00e9 de Deus.<\/span><\/p>\n<p style=\"text-align: justify;\"><span style=\"font-family: arial, helvetica, sans-serif;\"><strong>A IRA DE DEUS CONTRA O PECADO<\/strong><\/span><\/p>\n<p style=\"text-align: justify; padding-left: 40px;\"><span style=\"font-family: arial, helvetica, sans-serif;\"><strong>Romanos 1:18-32<\/strong> NVT &#8211; <em>Assim, Deus mostra do c\u00e9u sua ira contra todos que s\u00e3o pecadores e perversos, que por sua maldade impedem que a verdade seja conhecida. Sabem a verdade a respeito de Deus, pois ele a tornou evidente.\u00a0<\/em><\/span><span style=\"font-family: arial, helvetica, sans-serif;\"><em>Por meio de tudo que ele fez desde a cria\u00e7\u00e3o do mundo, podem perceber claramente seus atributos invis\u00edveis: seu poder eterno e sua natureza divina.\u00a0<\/em><\/span><span style=\"font-family: arial, helvetica, sans-serif;\"><em>Portanto, n\u00e3o t\u00eam desculpa alguma. <\/em><\/span><\/p>\n<p style=\"text-align: justify; padding-left: 40px;\"><span style=\"font-family: arial, helvetica, sans-serif;\"><em>Sim, eles conheciam algo sobre Deus, mas n\u00e3o o adoraram nem lhe agradeceram. Em vez disso, come\u00e7aram a inventar ideias tolas e, com isso, sua mente ficou obscurecida e confusa.\u00a0<\/em><\/span><span style=\"font-family: arial, helvetica, sans-serif;\"><em>Dizendo-se s\u00e1bios, tornaram-se tolos. Trocaram a grandeza do Deus imortal por imagens de seres humanos mortais, bem como de aves, animais e r\u00e9pteis. <\/em><\/span><\/p>\n<p style=\"text-align: justify; padding-left: 40px;\"><span style=\"font-family: arial, helvetica, sans-serif;\"><em>Por isso, Deus os entregou aos desejos pecaminosos de seu cora\u00e7\u00e3o. Como resultado, praticaram entre si coisas desprez\u00edveis e degradantes com o pr\u00f3prio corpo.\u00a0<\/em><\/span><span style=\"font-family: arial, helvetica, sans-serif;\"><em>Trocaram a verdade sobre Deus pela mentira. Desse modo, adoraram e serviram coisas que Deus criou, em lugar do Criador, que \u00e9 digno de louvor eterno! Am\u00e9m. <\/em><\/span><\/p>\n<p style=\"text-align: justify; padding-left: 40px;\"><span style=\"font-family: arial, helvetica, sans-serif;\"><em>Por isso, Deus os entregou a desejos vergonhosos. At\u00e9 as mulheres trocaram sua forma natural de ter rela\u00e7\u00f5es sexuais por pr\u00e1ticas n\u00e3o naturais. E os homens, em vez de ter rela\u00e7\u00f5es sexuais normais com mulheres, arderam de desejo uns pelos outros. Homens praticaram atos indecentes com outros homens e, em decorr\u00eancia desse pecado, sofreram em si mesmos o castigo que mereciam. <\/em><\/span><\/p>\n<p style=\"text-align: justify; padding-left: 40px;\"><span style=\"font-family: arial, helvetica, sans-serif;\"><em>Uma vez que consideraram que conhecer a Deus era algo in\u00fatil, o pr\u00f3prio Deus os entregou a um in\u00fatil modo de pensar, deixando que fizessem coisas que jamais deveriam ser feitas.\u00a0<\/em><\/span><span style=\"font-family: arial, helvetica, sans-serif;\"><em>A vida deles se encheu de toda esp\u00e9cie de perversidade, pecado, gan\u00e2ncia, \u00f3dio, inveja, homic\u00eddio, disc\u00f3rdia, engano, mal\u00edcia e fofocas. Espalham cal\u00fanias, odeiam a Deus, s\u00e3o insolentes, orgulhosos e arrogantes. Inventam novas maneiras de pecar e desobedecem a seus pais. N\u00e3o t\u00eam entendimento, quebram suas promessas, n\u00e3o mostram afei\u00e7\u00e3o nem miseric\u00f3rdia. <\/em><\/span><\/p>\n<p style=\"text-align: justify; padding-left: 40px;\"><span style=\"font-family: arial, helvetica, sans-serif;\"><em>Sabem que, de acordo com a justi\u00e7a de Deus, quem pratica essas coisas merece morrer, mas ainda assim continuam a pratic\u00e1-las. E, o que \u00e9 pior, incentivam outros a tamb\u00e9m faz\u00ea-lo.<\/em><\/span><\/p>\n<p style=\"text-align: justify;\"><span style=\"font-family: arial, helvetica, sans-serif;\">Ningu\u00e9m, absolutamente, ningu\u00e9m, sejam seres espirituais ou humanos, poder\u00e1 apresentar qualquer tipo de desculpa por permanecer no pecado. Todos os seres humanos s\u00e3o inacus\u00e1veis ou indesculp\u00e1veis.<\/span><\/p>\n<p style=\"text-align: justify; padding-left: 40px;\"><span style=\"font-family: arial, helvetica, sans-serif;\"><strong>Romanos 1:20<\/strong> RC &#8211; <em>Porque as suas coisas invis\u00edveis, desde a cria\u00e7\u00e3o do mundo, tanto o seu eterno poder, como a sua divindade, se entendem, e claramente se v\u00eaem pelas coisas que est\u00e3o criadas, para que eles fiquem <strong>inescus\u00e1veis<\/strong>;<\/em><\/span><\/p>\n<p style=\"text-align: justify;\"><span style=\"font-family: arial, helvetica, sans-serif;\"><strong>Inescus\u00e1veis ou indesculp\u00e1vel &#8211;<\/strong> do grego anapologhtov anapologetos<\/span><\/p>\n<ol>\n<li style=\"text-align: justify;\"><span style=\"font-family: arial, helvetica, sans-serif;\">sem defesa ou desculpa<\/span><\/li>\n<li style=\"text-align: justify;\"><span style=\"font-family: arial, helvetica, sans-serif;\">aquilo que n\u00e3o pode ser defendido, indesculp\u00e1vel<\/span><\/li>\n<\/ol>\n<p style=\"text-align: justify;\"><span style=\"font-family: arial, helvetica, sans-serif;\">Os seres espirituais receberam a condena\u00e7\u00e3o eterna, sem possibilidade de indulto ou gra\u00e7a, porem aos seres humanos, em Jesus Cristo, foi dado a possibilidade de comuta\u00e7\u00e3o da pena, a todo o que crer n\u00e3o ser\u00e1 condenado.<\/span><\/p>\n<p style=\"text-align: justify;\"><span style=\"font-family: arial, helvetica, sans-serif;\">Por\u00e9m aos que n\u00e3o creram, seja pela prega\u00e7\u00e3o do Evangelho, ou pela manifesta\u00e7\u00e3o da gl\u00f3ria de Deus nas coisas vis\u00edveis, afinal, por meio de tudo que ele fez desde a cria\u00e7\u00e3o do mundo, podem perceber claramente seus atributos invis\u00edveis: seu poder eterno e sua natureza divina, a condena\u00e7\u00e3o j\u00e1 est\u00e1 lavrada, aguardando apenas a execu\u00e7\u00e3o eterna da pena.<\/span><\/p>\n<p style=\"text-align: justify;\"><span style=\"font-family: arial, helvetica, sans-serif;\">Por isso os que creem est\u00e3o eleitos e predestinados \u00e0 salva\u00e7\u00e3o eterna e os que n\u00e3o creem est\u00e3o eleitos e predestinados a maldi\u00e7\u00e3o eterna. Assim sendo se numa casa tiver 2 pessoas, uma que cr\u00ea e outra que n\u00e3o cr\u00ea, uma est\u00e1 eleita e predestinada \u00e0 b\u00ean\u00e7\u00e3o eterna e a outra \u00e0 maldi\u00e7\u00e3o eterna. N\u00e3o \u00e9 uma quest\u00e3o de ser Maria ou Jos\u00e9, isto n\u00e3o \u00e9 nominal, pessoal, mas condicional a crer ou n\u00e3o crer.<\/span><\/p>\n<p style=\"text-align: justify;\"><span style=\"font-family: arial, helvetica, sans-serif;\"><strong>ELEI\u00c7\u00c3O \u2013 textos b\u00edblicos<\/strong><\/span><\/p>\n<p style=\"text-align: justify; padding-left: 40px;\"><span style=\"font-family: arial, helvetica, sans-serif;\"><strong>Lucas 4:18-27 &#8211; <\/strong><em>O Esp\u00edrito do Senhor \u00e9 sobre mim, pois que me ungiu para evangelizar os pobres, enviou-me a curar os quebrantados do cora\u00e7\u00e3o, a apregoar liberdade aos cativos, e dar vista aos cegos; a p\u00f4r em liberdade os oprimidos; a anunciar o ano aceit\u00e1vel do Senhor. <\/em><\/span><span style=\"font-family: arial, helvetica, sans-serif;\"><em>E, cerrando o livro, e tornando-o a dar ao ministro, assentou-se; e os olhos de todos na sinagoga estavam fitos nele.\u00a0<\/em><\/span><span style=\"font-family: arial, helvetica, sans-serif;\"><em>Ent\u00e3o come\u00e7ou a dizer-lhes: Hoje se cumpriu esta Escritura em vossos ouvidos.<\/em><\/span><\/p>\n<p style=\"text-align: justify; padding-left: 40px;\"><span style=\"font-family: arial, helvetica, sans-serif;\"><em>E todos lhe davam testemunho, e se maravilhavam das palavras de gra\u00e7a que sa\u00edam da sua boca; e diziam: N\u00e3o \u00e9 este o filho de Jos\u00e9?<\/em><\/span><\/p>\n<p style=\"text-align: justify; padding-left: 40px;\"><span style=\"font-family: arial, helvetica, sans-serif;\"><em>E ele lhes disse: Sem d\u00favida me direis este prov\u00e9rbio: M\u00e9dico, cura-te a ti mesmo: faze tamb\u00e9m aqui na tua p\u00e1tria tudo que ouvimos ter sido feito em Cafarnaum.\u00a0<\/em><\/span><span style=\"font-family: arial, helvetica, sans-serif;\"><em>E disse: Em verdade vos digo que nenhum profeta \u00e9 bem recebido na sua p\u00e1tria.<\/em><\/span><\/p>\n<p style=\"text-align: justify; padding-left: 40px;\"><span style=\"font-family: arial, helvetica, sans-serif;\"><em>Em verdade vos digo que muitas vi\u00favas existiam em Israel nos dias de Elias, quando o c\u00e9u se cerrou por tr\u00eas anos e seis meses, de sorte que em toda a terra houve grande fome; e a nenhuma delas foi enviado Elias, sen\u00e3o a Serepta de Sidom, a uma mulher vi\u00fava.\u00a0<\/em><\/span><span style=\"font-family: arial, helvetica, sans-serif;\"><em>E muitos leprosos havia em Israel no tempo do profeta Eliseu, e nenhum deles foi purificado, sen\u00e3o Naam\u00e3, o siro.<\/em><\/span><\/p>\n<p style=\"text-align: justify; padding-left: 40px;\"><span style=\"font-family: arial, helvetica, sans-serif;\"><strong>1<sup>a<\/sup> Cr\u00f4nicas 16:13<\/strong> &#8211; <em>V\u00f3s, semente de Israel, seus servos, v\u00f3s, filhos de Jac\u00f3, seus eleitos.<\/em><\/span><\/p>\n<p style=\"text-align: justify; padding-left: 40px;\"><span style=\"font-family: arial, helvetica, sans-serif;\"><strong>Isa\u00edas 65:9<\/strong> &#8211; <em>E produzirei descend\u00eancia a Jac\u00f3, e a Jud\u00e1 um herdeiro, que possua os meus montes; e os meus eleitos herdar\u00e3o a terra e os meus servos habitar\u00e3o ali.<\/em><\/span><\/p>\n<p style=\"text-align: justify; padding-left: 40px;\"><span style=\"font-family: arial, helvetica, sans-serif;\"><strong>Isa\u00edas 65:15<\/strong> &#8211; <em>E deixareis o vosso nome aos meus eleitos por maldi\u00e7\u00e3o; e o Senhor JEOV\u00c1 vos matar\u00e1; e a seus servos chamar\u00e1 por outro nome.<\/em><\/span><\/p>\n<p style=\"text-align: justify; padding-left: 40px;\"><span style=\"font-family: arial, helvetica, sans-serif;\"><strong>Isa\u00edas 65:22<\/strong> &#8211; <em>N\u00e3o edificar\u00e3o para que outros habitem; n\u00e3o plantar\u00e3o para que outros comam; porque os dias do meu povo ser\u00e3o como os dias da \u00e1rvore, e os meus eleitos gozar\u00e3o das obras das suas m\u00e3os at\u00e9 \u00e0 velhice.<\/em><\/span><\/p>\n<p style=\"text-align: justify; padding-left: 40px;\"><span style=\"font-family: arial, helvetica, sans-serif;\"><strong>Romanos 9:11<\/strong> &#8211; <em>porque, n\u00e3o tendo eles ainda nascido, nem tendo feito bem ou mal (para que o prop\u00f3sito de Deus, segundo a elei\u00e7\u00e3o, ficasse firme, n\u00e3o por causa das obras, mas por aquele que chama),<\/em><\/span><\/p>\n<p style=\"text-align: justify; padding-left: 40px;\"><span style=\"font-family: arial, helvetica, sans-serif;\"><strong>Romanos 11:5<\/strong> &#8211; <em>Assim, pois, tamb\u00e9m agora neste tempo ficou um resto, segundo a elei\u00e7\u00e3o da gra\u00e7a.<\/em><\/span><\/p>\n<p style=\"text-align: justify; padding-left: 40px;\"><span style=\"font-family: arial, helvetica, sans-serif;\"><strong>Romanos 11:28<\/strong> &#8211; <em>Assim que, quanto ao evangelho, s\u00e3o inimigos por causa de v\u00f3s; mas, quanto \u00e0 elei\u00e7\u00e3o, amados por causa dos pais.<\/em><\/span><\/p>\n<p style=\"text-align: justify; padding-left: 40px;\"><span style=\"font-family: arial, helvetica, sans-serif;\"><strong>Colossenses 3:12<\/strong> &#8211; <em>Revesti-vos pois, como eleitos de Deus, santos, e amados, de entranhas de miseric\u00f3rdia, de benignidade, humildade, mansid\u00e3o, longanimidade.<\/em><\/span><\/p>\n<p style=\"text-align: justify; padding-left: 40px;\"><span style=\"font-family: arial, helvetica, sans-serif;\"><strong>1<sup>a<\/sup> Tim\u00f3teo 5:21<\/strong> &#8211; <em>Conjuro-te diante de Deus, e do Senhor Jesus Cristo, e dos anjos eleitos, que sem preven\u00e7\u00e3o guardes estas coisas, nada fazendo por parcialidade.<\/em><\/span><\/p>\n<p style=\"text-align: justify; padding-left: 40px;\"><span style=\"font-family: arial, helvetica, sans-serif;\"><strong>2\u00aa Tim\u00f3teo 1:9-10<\/strong><\/span><em><span style=\"font-family: arial, helvetica, sans-serif;\"> &#8211; que nos salvou e chamou com uma santa voca\u00e7\u00e3o; n\u00e3o segundo as nossas obras, mas segundo o seu pr\u00f3prio prop\u00f3sito e gra\u00e7a que nos foi dada em Cristo Jesus, antes dos tempos dos s\u00e9culos, e que \u00e9 manifesta, agora, pela apari\u00e7\u00e3o de nosso Salvador Jesus Cristo, o qual aboliu a morte e trouxe \u00e0 luz a vida e a incorrup\u00e7\u00e3o, pelo evangelho\u00a0<\/span><\/em><\/p>\n<p style=\"text-align: justify; padding-left: 40px;\"><span style=\"font-family: arial, helvetica, sans-serif;\"><strong>Tito 1:1<\/strong> &#8211; <em>Paulo, servo de Deus, e ap\u00f3stolo de Jesus Cristo, segundo a f\u00e9 dos eleitos de Deus, e o conhecimento da verdade, que \u00e9 segundo a piedade,<\/em><\/span><\/p>\n<p style=\"text-align: justify; padding-left: 40px;\"><span style=\"font-family: arial, helvetica, sans-serif;\"><strong>1\u00aa Tessalonicenses 1:4<\/strong> &#8211; <em>sabendo, amados irm\u00e3os, que a vossa elei\u00e7\u00e3o \u00e9 de Deus;<\/em><\/span><\/p>\n<p style=\"text-align: justify; padding-left: 40px;\"><span style=\"font-family: arial, helvetica, sans-serif;\"><strong>1<sup>a<\/sup> Pedro 1:2<\/strong> &#8211; <em>Eleitos segundo a presci\u00eancia de Deus Pai, em santifica\u00e7\u00e3o do Esp\u00edrito, para a obedi\u00eancia e aspers\u00e3o do sangue de Jesus Cristo: gra\u00e7a, e paz vos seja multiplicada.<\/em><\/span><\/p>\n<p style=\"text-align: justify; padding-left: 40px;\"><span style=\"font-family: arial, helvetica, sans-serif;\"><strong>2\u00aa Pedro 1:10<\/strong> &#8211; <em>Portanto, irm\u00e3os, procurai fazer cada vez mais firme a vossa voca\u00e7\u00e3o e elei\u00e7\u00e3o; porque, fazendo isto, nunca jamais trope\u00e7areis.<\/em><\/span><\/p>\n<p style=\"text-align: justify; padding-left: 40px;\"><span style=\"font-family: arial, helvetica, sans-serif;\"><strong>Apocalipse 17:14<\/strong> &#8211; <em>Estes combater\u00e3o contra o Cordeiro, e o Cordeiro os vencer\u00e1, porque \u00e9 o Senhor dos senhores e o Rei dos reis; vencer\u00e3o os que est\u00e3o com ele, chamados, eleitos, e fi\u00e9is.<\/em><\/span><\/p>\n<p style=\"text-align: justify;\"><span style=\"font-family: arial, helvetica, sans-serif;\"><strong>PREDESTINA\u00c7\u00c3O \u2013 textos b\u00edblicos<\/strong><\/span><\/p>\n<p style=\"text-align: justify; padding-left: 40px;\"><span style=\"font-family: arial, helvetica, sans-serif;\"><strong>Romanos 8:29-30<\/strong> &#8211; <em>Porque os que dantes conheceu tamb\u00e9m os predestinou para serem conformes \u00e0 imagem de seu Filho; a fim de que ele seja o primog\u00eanito entre muitos irm\u00e3os.\u00a0<\/em><em>E aos que predestinou a estes tamb\u00e9m chamou: e aos que chamou a estes tamb\u00e9m justificou; e aos que justificou a estes tamb\u00e9m glorificou.<\/em><\/span><\/p>\n<p style=\"text-align: justify; padding-left: 40px;\"><span style=\"font-family: arial, helvetica, sans-serif;\"><strong>Ef\u00e9sios 1:5<\/strong> &#8211; <em>E nos predestinou para filhos de ado\u00e7\u00e3o por Jesus Cristo, para si mesmo, segundo o benepl\u00e1cito de sua vontade,<\/em><\/span><\/p>\n<p style=\"text-align: justify; padding-left: 40px;\"><span style=\"font-family: arial, helvetica, sans-serif;\"><strong>Ef\u00e9sios 1:11<\/strong> &#8211; <em>Nele, digo, em quem tamb\u00e9m fomos feitos heran\u00e7a, havendo sido predestinados, conforme o prop\u00f3sito daquele que faz todas as coisas, segundo o conselho da sua vontade;<\/em><\/span><\/p>\n<p>&nbsp;<\/p>\n","protected":false},"excerpt":{"rendered":"<p>Elei\u00e7\u00e3o e predestina\u00e7\u00e3o \u00e9 um assunto muito controverso, com algumas tend\u00eancias incompletas e que n\u00e3o traduzem por completo<\/p>\n","protected":false},"author":1,"featured_media":67334,"comment_status":"open","ping_status":"open","sticky":false,"template":"","format":"status","meta":{"footnotes":""},"categories":[120],"tags":[24,38,29,19,33,58,30,34,35,47,46],"class_list":["post-67332","post","type-post","status-publish","format-status","has-post-thumbnail","hentry","category-graca","tag-apostasia","tag-cristao","tag-cruz","tag-evangelho","tag-justificacao","tag-maldicao","tag-mordomia","tag-reconciliacao","tag-reino","tag-renuncia","tag-santidade","post_format-post-format-status"],"yoast_head":"<!-- This site is optimized with the Yoast SEO plugin v27.5 - https:\/\/yoast.com\/product\/yoast-seo-wordpress\/ -->\n<title>ELEI\u00c7\u00c3O E PREDESTINA\u00c7\u00c3O - Pr. Jonas Santana<\/title>\n<meta name=\"robots\" content=\"index, follow, max-snippet:-1, max-image-preview:large, max-video-preview:-1\" \/>\n<link rel=\"canonical\" href=\"https:\/\/www.andandonagraca.org\/site\/?p=67332\" \/>\n<meta property=\"og:locale\" content=\"pt_BR\" \/>\n<meta property=\"og:type\" content=\"article\" \/>\n<meta property=\"og:title\" content=\"ELEI\u00c7\u00c3O E PREDESTINA\u00c7\u00c3O - Pr. Jonas Santana\" \/>\n<meta property=\"og:description\" content=\"Elei\u00e7\u00e3o e predestina\u00e7\u00e3o \u00e9 um assunto muito controverso, com algumas tend\u00eancias incompletas e que n\u00e3o traduzem por completo\" \/>\n<meta property=\"og:url\" content=\"https:\/\/www.andandonagraca.org\/site\/?p=67332\" \/>\n<meta property=\"og:site_name\" content=\"Pr. Jonas Santana\" \/>\n<meta property=\"article:publisher\" content=\"https:\/\/www.facebook.com\/andandonagraca\" \/>\n<meta property=\"article:author\" content=\"https:\/\/www.facebook.com\/andandonagraca\" \/>\n<meta property=\"article:published_time\" content=\"2021-12-06T14:20:34+00:00\" \/>\n<meta property=\"article:modified_time\" content=\"2022-09-14T13:12:54+00:00\" \/>\n<meta property=\"og:image\" content=\"https:\/\/www.andandonagraca.org\/site\/wp-content\/uploads\/2021\/12\/election.jpg\" \/>\n\t<meta property=\"og:image:width\" content=\"800\" \/>\n\t<meta property=\"og:image:height\" content=\"600\" \/>\n\t<meta property=\"og:image:type\" content=\"image\/jpeg\" \/>\n<meta name=\"author\" content=\"Pr. Jonas Santana\" \/>\n<meta name=\"twitter:card\" content=\"summary_large_image\" \/>\n<meta name=\"twitter:label1\" content=\"Escrito por\" \/>\n\t<meta name=\"twitter:data1\" content=\"Pr. Jonas Santana\" \/>\n\t<meta name=\"twitter:label2\" content=\"Est. tempo de leitura\" \/>\n\t<meta name=\"twitter:data2\" content=\"34 minutos\" \/>\n<script type=\"application\/ld+json\" class=\"yoast-schema-graph\">{\"@context\":\"https:\\\/\\\/schema.org\",\"@graph\":[{\"@type\":\"Article\",\"@id\":\"https:\\\/\\\/www.andandonagraca.org\\\/site\\\/?p=67332#article\",\"isPartOf\":{\"@id\":\"https:\\\/\\\/www.andandonagraca.org\\\/site\\\/?p=67332\"},\"author\":{\"name\":\"Pr. Jonas Santana\",\"@id\":\"https:\\\/\\\/www.andandonagraca.org\\\/site\\\/#\\\/schema\\\/person\\\/225d0dedb572d4570a947397af2606ed\"},\"headline\":\"ELEI\u00c7\u00c3O E PREDESTINA\u00c7\u00c3O\",\"datePublished\":\"2021-12-06T14:20:34+00:00\",\"dateModified\":\"2022-09-14T13:12:54+00:00\",\"mainEntityOfPage\":{\"@id\":\"https:\\\/\\\/www.andandonagraca.org\\\/site\\\/?p=67332\"},\"wordCount\":6743,\"commentCount\":0,\"image\":{\"@id\":\"https:\\\/\\\/www.andandonagraca.org\\\/site\\\/?p=67332#primaryimage\"},\"thumbnailUrl\":\"https:\\\/\\\/www.andandonagraca.org\\\/site\\\/wp-content\\\/uploads\\\/2021\\\/12\\\/election.jpg\",\"keywords\":[\"apostasia\",\"crist\u00e3o\",\"cruz\",\"evangelho\",\"justifica\u00e7\u00e3o\",\"maldi\u00e7\u00e3o\",\"mordomia\",\"reconcilia\u00e7\u00e3o\",\"reino\",\"ren\u00fancia\",\"santidade\"],\"articleSection\":[\"Gra\u00e7a\"],\"inLanguage\":\"pt-BR\",\"potentialAction\":[{\"@type\":\"CommentAction\",\"name\":\"Comment\",\"target\":[\"https:\\\/\\\/www.andandonagraca.org\\\/site\\\/?p=67332#respond\"]}]},{\"@type\":\"WebPage\",\"@id\":\"https:\\\/\\\/www.andandonagraca.org\\\/site\\\/?p=67332\",\"url\":\"https:\\\/\\\/www.andandonagraca.org\\\/site\\\/?p=67332\",\"name\":\"ELEI\u00c7\u00c3O E PREDESTINA\u00c7\u00c3O - Pr. Jonas Santana\",\"isPartOf\":{\"@id\":\"https:\\\/\\\/www.andandonagraca.org\\\/site\\\/#website\"},\"primaryImageOfPage\":{\"@id\":\"https:\\\/\\\/www.andandonagraca.org\\\/site\\\/?p=67332#primaryimage\"},\"image\":{\"@id\":\"https:\\\/\\\/www.andandonagraca.org\\\/site\\\/?p=67332#primaryimage\"},\"thumbnailUrl\":\"https:\\\/\\\/www.andandonagraca.org\\\/site\\\/wp-content\\\/uploads\\\/2021\\\/12\\\/election.jpg\",\"datePublished\":\"2021-12-06T14:20:34+00:00\",\"dateModified\":\"2022-09-14T13:12:54+00:00\",\"author\":{\"@id\":\"https:\\\/\\\/www.andandonagraca.org\\\/site\\\/#\\\/schema\\\/person\\\/225d0dedb572d4570a947397af2606ed\"},\"breadcrumb\":{\"@id\":\"https:\\\/\\\/www.andandonagraca.org\\\/site\\\/?p=67332#breadcrumb\"},\"inLanguage\":\"pt-BR\",\"potentialAction\":[{\"@type\":\"ReadAction\",\"target\":[\"https:\\\/\\\/www.andandonagraca.org\\\/site\\\/?p=67332\"]}]},{\"@type\":\"ImageObject\",\"inLanguage\":\"pt-BR\",\"@id\":\"https:\\\/\\\/www.andandonagraca.org\\\/site\\\/?p=67332#primaryimage\",\"url\":\"https:\\\/\\\/www.andandonagraca.org\\\/site\\\/wp-content\\\/uploads\\\/2021\\\/12\\\/election.jpg\",\"contentUrl\":\"https:\\\/\\\/www.andandonagraca.org\\\/site\\\/wp-content\\\/uploads\\\/2021\\\/12\\\/election.jpg\",\"width\":800,\"height\":600},{\"@type\":\"BreadcrumbList\",\"@id\":\"https:\\\/\\\/www.andandonagraca.org\\\/site\\\/?p=67332#breadcrumb\",\"itemListElement\":[{\"@type\":\"ListItem\",\"position\":1,\"name\":\"In\u00edcio\",\"item\":\"https:\\\/\\\/www.andandonagraca.org\\\/site\"},{\"@type\":\"ListItem\",\"position\":2,\"name\":\"ELEI\u00c7\u00c3O E PREDESTINA\u00c7\u00c3O\"}]},{\"@type\":\"WebSite\",\"@id\":\"https:\\\/\\\/www.andandonagraca.org\\\/site\\\/#website\",\"url\":\"https:\\\/\\\/www.andandonagraca.org\\\/site\\\/\",\"name\":\"Pr. Jonas Santana\",\"description\":\"ANDANDO NA GRA\u00c7A - AEMSF\",\"potentialAction\":[{\"@type\":\"SearchAction\",\"target\":{\"@type\":\"EntryPoint\",\"urlTemplate\":\"https:\\\/\\\/www.andandonagraca.org\\\/site\\\/?s={search_term_string}\"},\"query-input\":{\"@type\":\"PropertyValueSpecification\",\"valueRequired\":true,\"valueName\":\"search_term_string\"}}],\"inLanguage\":\"pt-BR\"},{\"@type\":\"Person\",\"@id\":\"https:\\\/\\\/www.andandonagraca.org\\\/site\\\/#\\\/schema\\\/person\\\/225d0dedb572d4570a947397af2606ed\",\"name\":\"Pr. Jonas Santana\",\"image\":{\"@type\":\"ImageObject\",\"inLanguage\":\"pt-BR\",\"@id\":\"https:\\\/\\\/secure.gravatar.com\\\/avatar\\\/7f463b781f71522d52f2ff3dae3592f9f7b0e24187fc413b95cd3efa8429de28?s=96&d=mm&r=g\",\"url\":\"https:\\\/\\\/secure.gravatar.com\\\/avatar\\\/7f463b781f71522d52f2ff3dae3592f9f7b0e24187fc413b95cd3efa8429de28?s=96&d=mm&r=g\",\"contentUrl\":\"https:\\\/\\\/secure.gravatar.com\\\/avatar\\\/7f463b781f71522d52f2ff3dae3592f9f7b0e24187fc413b95cd3efa8429de28?s=96&d=mm&r=g\",\"caption\":\"Pr. Jonas Santana\"},\"description\":\"Pastor, pesquisador b\u00edblico, pregador do Evangelho do Reino A fidelidade requer que entreguemos o evangelho sob todos os \u00e2ngulos, sem omitir nada e sem exagerar em nada. Para isto requer-se muita sabedoria. Nosso desejo \u00e9 compartilhar a sabedoria do Reino de Deus a todos aqueles que o desejam de todo o cora\u00e7\u00e3o.\",\"sameAs\":[\"https:\\\/\\\/www.andandonagraca.org\",\"https:\\\/\\\/www.facebook.com\\\/andandonagraca\",\"https:\\\/\\\/www.instagram.com\\\/andandonagraca\\\/\",\"https:\\\/\\\/www.youtube.com\\\/@andandonagraca\",\"https:\\\/\\\/podcasters.spotify.com\\\/pod\\\/show\\\/andandonagraca\\\/\"],\"url\":\"https:\\\/\\\/www.andandonagraca.org\\\/site\\\/?author=1\"}]}<\/script>\n<!-- \/ Yoast SEO plugin. -->","yoast_head_json":{"title":"ELEI\u00c7\u00c3O E PREDESTINA\u00c7\u00c3O - Pr. Jonas Santana","robots":{"index":"index","follow":"follow","max-snippet":"max-snippet:-1","max-image-preview":"max-image-preview:large","max-video-preview":"max-video-preview:-1"},"canonical":"https:\/\/www.andandonagraca.org\/site\/?p=67332","og_locale":"pt_BR","og_type":"article","og_title":"ELEI\u00c7\u00c3O E PREDESTINA\u00c7\u00c3O - Pr. Jonas Santana","og_description":"Elei\u00e7\u00e3o e predestina\u00e7\u00e3o \u00e9 um assunto muito controverso, com algumas tend\u00eancias incompletas e que n\u00e3o traduzem por completo","og_url":"https:\/\/www.andandonagraca.org\/site\/?p=67332","og_site_name":"Pr. Jonas Santana","article_publisher":"https:\/\/www.facebook.com\/andandonagraca","article_author":"https:\/\/www.facebook.com\/andandonagraca","article_published_time":"2021-12-06T14:20:34+00:00","article_modified_time":"2022-09-14T13:12:54+00:00","og_image":[{"width":800,"height":600,"url":"https:\/\/www.andandonagraca.org\/site\/wp-content\/uploads\/2021\/12\/election.jpg","type":"image\/jpeg"}],"author":"Pr. Jonas Santana","twitter_card":"summary_large_image","twitter_misc":{"Escrito por":"Pr. Jonas Santana","Est. tempo de leitura":"34 minutos"},"schema":{"@context":"https:\/\/schema.org","@graph":[{"@type":"Article","@id":"https:\/\/www.andandonagraca.org\/site\/?p=67332#article","isPartOf":{"@id":"https:\/\/www.andandonagraca.org\/site\/?p=67332"},"author":{"name":"Pr. Jonas Santana","@id":"https:\/\/www.andandonagraca.org\/site\/#\/schema\/person\/225d0dedb572d4570a947397af2606ed"},"headline":"ELEI\u00c7\u00c3O E PREDESTINA\u00c7\u00c3O","datePublished":"2021-12-06T14:20:34+00:00","dateModified":"2022-09-14T13:12:54+00:00","mainEntityOfPage":{"@id":"https:\/\/www.andandonagraca.org\/site\/?p=67332"},"wordCount":6743,"commentCount":0,"image":{"@id":"https:\/\/www.andandonagraca.org\/site\/?p=67332#primaryimage"},"thumbnailUrl":"https:\/\/www.andandonagraca.org\/site\/wp-content\/uploads\/2021\/12\/election.jpg","keywords":["apostasia","crist\u00e3o","cruz","evangelho","justifica\u00e7\u00e3o","maldi\u00e7\u00e3o","mordomia","reconcilia\u00e7\u00e3o","reino","ren\u00fancia","santidade"],"articleSection":["Gra\u00e7a"],"inLanguage":"pt-BR","potentialAction":[{"@type":"CommentAction","name":"Comment","target":["https:\/\/www.andandonagraca.org\/site\/?p=67332#respond"]}]},{"@type":"WebPage","@id":"https:\/\/www.andandonagraca.org\/site\/?p=67332","url":"https:\/\/www.andandonagraca.org\/site\/?p=67332","name":"ELEI\u00c7\u00c3O E PREDESTINA\u00c7\u00c3O - Pr. Jonas Santana","isPartOf":{"@id":"https:\/\/www.andandonagraca.org\/site\/#website"},"primaryImageOfPage":{"@id":"https:\/\/www.andandonagraca.org\/site\/?p=67332#primaryimage"},"image":{"@id":"https:\/\/www.andandonagraca.org\/site\/?p=67332#primaryimage"},"thumbnailUrl":"https:\/\/www.andandonagraca.org\/site\/wp-content\/uploads\/2021\/12\/election.jpg","datePublished":"2021-12-06T14:20:34+00:00","dateModified":"2022-09-14T13:12:54+00:00","author":{"@id":"https:\/\/www.andandonagraca.org\/site\/#\/schema\/person\/225d0dedb572d4570a947397af2606ed"},"breadcrumb":{"@id":"https:\/\/www.andandonagraca.org\/site\/?p=67332#breadcrumb"},"inLanguage":"pt-BR","potentialAction":[{"@type":"ReadAction","target":["https:\/\/www.andandonagraca.org\/site\/?p=67332"]}]},{"@type":"ImageObject","inLanguage":"pt-BR","@id":"https:\/\/www.andandonagraca.org\/site\/?p=67332#primaryimage","url":"https:\/\/www.andandonagraca.org\/site\/wp-content\/uploads\/2021\/12\/election.jpg","contentUrl":"https:\/\/www.andandonagraca.org\/site\/wp-content\/uploads\/2021\/12\/election.jpg","width":800,"height":600},{"@type":"BreadcrumbList","@id":"https:\/\/www.andandonagraca.org\/site\/?p=67332#breadcrumb","itemListElement":[{"@type":"ListItem","position":1,"name":"In\u00edcio","item":"https:\/\/www.andandonagraca.org\/site"},{"@type":"ListItem","position":2,"name":"ELEI\u00c7\u00c3O E PREDESTINA\u00c7\u00c3O"}]},{"@type":"WebSite","@id":"https:\/\/www.andandonagraca.org\/site\/#website","url":"https:\/\/www.andandonagraca.org\/site\/","name":"Pr. Jonas Santana","description":"ANDANDO NA GRA\u00c7A - AEMSF","potentialAction":[{"@type":"SearchAction","target":{"@type":"EntryPoint","urlTemplate":"https:\/\/www.andandonagraca.org\/site\/?s={search_term_string}"},"query-input":{"@type":"PropertyValueSpecification","valueRequired":true,"valueName":"search_term_string"}}],"inLanguage":"pt-BR"},{"@type":"Person","@id":"https:\/\/www.andandonagraca.org\/site\/#\/schema\/person\/225d0dedb572d4570a947397af2606ed","name":"Pr. Jonas Santana","image":{"@type":"ImageObject","inLanguage":"pt-BR","@id":"https:\/\/secure.gravatar.com\/avatar\/7f463b781f71522d52f2ff3dae3592f9f7b0e24187fc413b95cd3efa8429de28?s=96&d=mm&r=g","url":"https:\/\/secure.gravatar.com\/avatar\/7f463b781f71522d52f2ff3dae3592f9f7b0e24187fc413b95cd3efa8429de28?s=96&d=mm&r=g","contentUrl":"https:\/\/secure.gravatar.com\/avatar\/7f463b781f71522d52f2ff3dae3592f9f7b0e24187fc413b95cd3efa8429de28?s=96&d=mm&r=g","caption":"Pr. Jonas Santana"},"description":"Pastor, pesquisador b\u00edblico, pregador do Evangelho do Reino A fidelidade requer que entreguemos o evangelho sob todos os \u00e2ngulos, sem omitir nada e sem exagerar em nada. Para isto requer-se muita sabedoria. Nosso desejo \u00e9 compartilhar a sabedoria do Reino de Deus a todos aqueles que o desejam de todo o cora\u00e7\u00e3o.","sameAs":["https:\/\/www.andandonagraca.org","https:\/\/www.facebook.com\/andandonagraca","https:\/\/www.instagram.com\/andandonagraca\/","https:\/\/www.youtube.com\/@andandonagraca","https:\/\/podcasters.spotify.com\/pod\/show\/andandonagraca\/"],"url":"https:\/\/www.andandonagraca.org\/site\/?author=1"}]}},"_links":{"self":[{"href":"https:\/\/www.andandonagraca.org\/site\/index.php?rest_route=\/wp\/v2\/posts\/67332","targetHints":{"allow":["GET"]}}],"collection":[{"href":"https:\/\/www.andandonagraca.org\/site\/index.php?rest_route=\/wp\/v2\/posts"}],"about":[{"href":"https:\/\/www.andandonagraca.org\/site\/index.php?rest_route=\/wp\/v2\/types\/post"}],"author":[{"embeddable":true,"href":"https:\/\/www.andandonagraca.org\/site\/index.php?rest_route=\/wp\/v2\/users\/1"}],"replies":[{"embeddable":true,"href":"https:\/\/www.andandonagraca.org\/site\/index.php?rest_route=%2Fwp%2Fv2%2Fcomments&post=67332"}],"version-history":[{"count":0,"href":"https:\/\/www.andandonagraca.org\/site\/index.php?rest_route=\/wp\/v2\/posts\/67332\/revisions"}],"wp:featuredmedia":[{"embeddable":true,"href":"https:\/\/www.andandonagraca.org\/site\/index.php?rest_route=\/wp\/v2\/media\/67334"}],"wp:attachment":[{"href":"https:\/\/www.andandonagraca.org\/site\/index.php?rest_route=%2Fwp%2Fv2%2Fmedia&parent=67332"}],"wp:term":[{"taxonomy":"category","embeddable":true,"href":"https:\/\/www.andandonagraca.org\/site\/index.php?rest_route=%2Fwp%2Fv2%2Fcategories&post=67332"},{"taxonomy":"post_tag","embeddable":true,"href":"https:\/\/www.andandonagraca.org\/site\/index.php?rest_route=%2Fwp%2Fv2%2Ftags&post=67332"}],"curies":[{"name":"wp","href":"https:\/\/api.w.org\/{rel}","templated":true}]}}