{"id":67373,"date":"2022-07-02T08:48:52","date_gmt":"2022-07-02T11:48:52","guid":{"rendered":"https:\/\/www.andandonagraca.org\/site\/?p=67373"},"modified":"2022-08-17T09:14:20","modified_gmt":"2022-08-17T12:14:20","slug":"desperte-voce-que-dorme","status":"publish","type":"post","link":"https:\/\/www.andandonagraca.org\/site\/?p=67373","title":{"rendered":"Desperte! Voc\u00ea, L\u00cdDER que dorme!"},"content":{"rendered":"<p align=\"justify\"><span style=\"font-size: medium;\">O Profeta Ezequiel, da antiga alian\u00e7a, viu atrav\u00e9s de um buraco na parede, as grandes abomina\u00e7\u00f5es que a casa de Israel fez, para afastar o Senhor do Seu santu\u00e1rio.<\/span><\/p>\n<p align=\"justify\"><span style=\"font-size: medium;\">Vivemos dias interessantes, tal e qual a can\u00e7\u00e3o de Paul Wilbur (Dias de Elias), onde ele compara nossos dias com os dias dos profetas: <\/span><span style=\"font-size: medium;\"><i>Dias de Elias, pregando a palavra de Deus. Dias do servo, Mois\u00e9s, justi\u00e7a reinando outra vez. Dias de tribula\u00e7\u00f5es, de trevas e persegui\u00e7\u00f5es. Dias de Ezequiel, no vale dos ossos secos. Dias do servo Davi, restaurando a adora\u00e7\u00e3o. Dias de grande colheita, os campos est\u00e3o brancos.<\/i><\/span><span style=\"font-size: medium;\"> Os dias se repetem e a Palavra de Deus confirma isso.<\/span><\/p>\n<p align=\"justify\"><span style=\"color: #121212;\"><span style=\"font-family: Palatino Linotype, serif;\"><span style=\"font-size: medium;\"><b>Eclesiastes 1:9-11<\/b><\/span><\/span><\/span><\/p>\n<p style=\"padding-left: 40px;\" align=\"justify\"><span style=\"color: #121212;\"><span style=\"font-family: Palatino Linotype, serif;\"><span style=\"font-size: medium;\"><b>NVT<\/b><\/span><\/span><\/span><span style=\"color: #121212;\"><span style=\"font-family: Palatino Linotype, serif;\"><span style=\"font-size: medium;\"> \u2013 <\/span><\/span><\/span><span style=\"color: #121212;\"><span style=\"font-family: Palatino Linotype, serif;\"><span style=\"font-size: medium;\"><i>A hist\u00f3ria simplesmente se repete. O que foi feito antes ser\u00e1 feito outra vez. Nada debaixo do sol \u00e9 realmente novo. De vez em quando, algu\u00e9m diz: \u201cIsto \u00e9 novidade!\u201d. O fato, por\u00e9m, \u00e9 que nada \u00e9 realmente novo. N\u00e3o nos lembramos do que aconteceu no passado, e as gera\u00e7\u00f5es futuras tampouco se lembrar\u00e3o do que fazemos hoje.<\/i><\/span><\/span><\/span><\/p>\n<p style=\"padding-left: 40px;\" align=\"justify\"><span style=\"color: #121212;\"><span style=\"font-family: Palatino Linotype, serif;\"><span style=\"font-size: medium;\"><b>NTLH<\/b><\/span><\/span><\/span><span style=\"color: #121212;\"><span style=\"font-family: Palatino Linotype, serif;\"><span style=\"font-size: medium;\"> \u2013 <\/span><\/span><\/span><span style=\"color: #121212;\"><span style=\"font-family: Palatino Linotype, serif;\"><span style=\"font-size: medium;\"><i>O que aconteceu antes vai acontecer outra vez. O que foi feito antes ser\u00e1 feito novamente. N\u00e3o h\u00e1 nada de novo neste mundo. Ser\u00e1 que existe alguma coisa de que a gente possa dizer: \u201cVeja! Isto nunca aconteceu no mundo\u201d? N\u00e3o! Tudo j\u00e1 aconteceu antes, bem antes de n\u00f3s nascermos. Ningu\u00e9m lembra do que aconteceu no passado; quem vier depois das coisas que v\u00e3o acontecer no futuro tamb\u00e9m n\u00e3o vai lembrar delas.<\/i><\/span><\/span><\/span><\/p>\n<p align=\"justify\"><span style=\"font-size: medium;\"><span style=\"color: #121212;\"><span style=\"font-family: Palatino Linotype, serif;\">A hist\u00f3ria simplesmente se repete \u2013<\/span><\/span><span style=\"color: #121212;\"><span style=\"font-family: Palatino Linotype, serif;\"> da mesma forma vemos, hoje, as <\/span><\/span><span style=\"color: #121212;\"><span style=\"font-family: Palatino Linotype, serif;\">grandes abomina\u00e7\u00f5es que a<\/span><\/span><span style=\"color: #121212;\"><span style=\"font-family: Palatino Linotype, serif;\">s<\/span><\/span> <span style=\"color: #121212;\"><span style=\"font-family: Palatino Linotype, serif;\">lideran\u00e7as das denomina\u00e7\u00f5es evang\u00e9licas<\/span><\/span><span style=\"color: #121212;\"><span style=\"font-family: Palatino Linotype, serif;\"> f<\/span><\/span><span style=\"color: #121212;\"><span style=\"font-family: Palatino Linotype, serif;\">azem<\/span><\/span><span style=\"color: #121212;\"><span style=\"font-family: Palatino Linotype, serif;\">, para afastar o Senhor do Seu santu\u00e1rio, <\/span><\/span><span style=\"color: #121212;\"><span style=\"font-family: Palatino Linotype, serif;\">do Seu povo santo.<\/span><\/span><\/span><\/p>\n<p align=\"justify\"><span style=\"font-size: medium;\"><span style=\"color: #121212;\"><span style=\"font-family: Palatino Linotype, serif;\"><b>Ef\u00e9sios 5:10-18 NVT<\/b><\/span><\/span> <\/span><\/p>\n<p style=\"padding-left: 40px;\" align=\"justify\"><span style=\"font-size: medium;\"><span style=\"color: #121212;\"><span style=\"font-family: Palatino Linotype, serif;\">Procurem descobrir o que agrada ao Senhor. <\/span><\/span><span style=\"color: #ff0000;\"><span style=\"font-family: Palatino Linotype, serif;\"><i>N\u00e3o participem dos feitos in\u00fateis do mal e da escurid\u00e3o; antes, mostrem sua reprova\u00e7\u00e3o expondo-os \u00e0 luz<\/i><\/span><\/span><span style=\"color: #121212;\"><span style=\"font-family: Palatino Linotype, serif;\">. <\/span><\/span><span style=\"color: #121212;\"><span style=\"font-family: Palatino Linotype, serif;\"><u>\u00c9 vergonhoso at\u00e9 mesmo falar daquilo que os maus fazem em segredo. Suas m\u00e1s inten\u00e7\u00f5es, por\u00e9m, ficar\u00e3o evidentes quando a luz brilhar sobre elas, pois a luz torna vis\u00edveis todas as coisas<\/u><\/span><\/span><span style=\"color: #121212;\"><span style=\"font-family: Palatino Linotype, serif;\">. Por isso se diz: \u201c<\/span><\/span><span style=\"color: #121212;\"><span style=\"font-family: Palatino Linotype, serif;\"><i><b>Desperte, voc\u00ea que dorme, levante-se dentre os mortos, e Cristo o iluminar\u00e1<\/b><\/i><\/span><\/span><span style=\"color: #121212;\"><span style=\"font-family: Palatino Linotype, serif;\">\u201d. <\/span><\/span><\/span><\/p>\n<p style=\"padding-left: 40px;\" align=\"justify\"><span style=\"color: #121212;\"><span style=\"font-family: Palatino Linotype, serif;\"><span style=\"font-size: medium;\">Portanto, sejam cuidadosos em seu modo de vida. N\u00e3o vivam como insensatos, mas como s\u00e1bios. Aproveitem ao m\u00e1ximo todas as oportunidades nestes dias maus. N\u00e3o ajam de forma impensada, mas procurem entender a vontade do Senhor. N\u00e3o se embriaguem com vinho, pois ele os levar\u00e1 ao descontrole. Em vez disso, sejam cheios do Esp\u00edrito\u2026<\/span><\/span><\/span><\/p>\n<p align=\"justify\"><span style=\"color: #121212;\">\u201c<\/span><span style=\"font-size: medium;\"><span style=\"color: #121212;\"><span style=\"font-family: Palatino Linotype, serif;\"><i><b>Desperte, Voc\u00ea, L\u00cdDER que dorme, levante-se dentre os mortos, e Cristo o iluminar\u00e1<\/b><\/i><\/span><\/span><span style=\"color: #121212;\"><span style=\"font-family: Palatino Linotype, serif;\">\u201d. <\/span><\/span><\/span><\/p>\n<p align=\"justify\"><span style=\"font-size: medium;\"><span style=\"color: #121212;\"><span style=\"font-family: Palatino Linotype, serif;\">Essa<\/span><\/span><span style=\"color: #121212;\"><span style=\"font-family: Palatino Linotype, serif;\"> gera\u00e7\u00e3o de lideres das denomina\u00e7\u00f5es, em sua maioria, est\u00e1 morta, longe de Deus, tal e qual os anci\u00f5es dos tempos de Ezequiel, que executavam as suas malignas abomina\u00e7\u00f5es. E esses dos nossos dias pensam como os antigos pensavam: <\/span><\/span><span style=\"color: #121212;\"><span style=\"font-family: Palatino Linotype, serif;\"><i>O Senhor n\u00e3o nos v\u00ea, o Senhor abandonou a terra<\/i><\/span><\/span><span style=\"color: #121212;\"><span style=\"font-family: Palatino Linotype, serif;\">! Ezequiel continuou olhando e viu homens de costas para o templo do Senhor e com o rosto para o oriente; e eles adoravam o sol. Os l\u00edderes de hoje tamb\u00e9m est\u00e3o de costas viradas para o Senhor e adoram o dinheiro, as riquezas, as possess\u00f5es, o poder.<\/span><\/span><\/span><\/p>\n<p align=\"justify\"><span style=\"font-size: medium;\"><span style=\"color: #121212;\"><span style=\"font-family: Palatino Linotype, serif;\">Assim como o Senhor procedeu naquela \u00e9poca, tamb\u00e9m proceder\u00e1 em nossos dias com essa lideran\u00e7a nefasta e obscura que ocupa os principais lugares no que chama de templos e ou catedrais, ench<\/span><\/span><span style=\"color: #121212;\"><span style=\"font-family: Palatino Linotype, serif;\">endo<\/span><\/span><span style=\"color: #121212;\"><span style=\"font-family: Palatino Linotype, serif;\"> a terra de viol\u00eancia, irrita<\/span><\/span><span style=\"color: #121212;\"><span style=\"font-family: Palatino Linotype, serif;\">ndo o Senhor<\/span><\/span><span style=\"color: #121212;\"><span style=\"font-family: Palatino Linotype, serif;\">; <\/span><\/span><span style=\"color: #121212;\"><span style=\"font-family: Palatino Linotype, serif;\"><i>p<\/i><\/span><\/span><span style=\"color: #121212;\"><span style=\"font-family: Palatino Linotype, serif;\"><i>elo que tamb\u00e9m <\/i><\/span><\/span><span style=\"color: #121212;\"><span style=\"font-family: Palatino Linotype, serif;\"><i>Ele<\/i><\/span><\/span><span style=\"color: #121212;\"><span style=\"font-family: Palatino Linotype, serif;\"><i> proceder<\/i><\/span><\/span><span style=\"color: #121212;\"><span style=\"font-family: Palatino Linotype, serif;\"><i>\u00e1<\/i><\/span><\/span><span style=\"color: #121212;\"><span style=\"font-family: Palatino Linotype, serif;\"><i> com furor; o <\/i><\/span><\/span><span style=\"color: #121212;\"><span style=\"font-family: Palatino Linotype, serif;\"><i>S<\/i><\/span><\/span><span style=\"color: #121212;\"><span style=\"font-family: Palatino Linotype, serif;\"><i>eu olho n\u00e3o poupar\u00e1, nem ter<\/i><\/span><\/span><span style=\"color: #121212;\"><span style=\"font-family: Palatino Linotype, serif;\"><i>\u00e1<\/i><\/span><\/span><span style=\"color: #121212;\"><span style=\"font-family: Palatino Linotype, serif;\"><i> piedade; ainda que gritem aos <\/i><\/span><\/span><span style=\"color: #121212;\"><span style=\"font-family: Palatino Linotype, serif;\"><i>Seus <\/i><\/span><\/span><span style=\"color: #121212;\"><span style=\"font-family: Palatino Linotype, serif;\"><i>ouvidos com grande voz, <\/i><\/span><\/span><span style=\"color: #121212;\"><span style=\"font-family: Palatino Linotype, serif;\"><i>Ele<\/i><\/span><\/span><span style=\"color: #121212;\"><span style=\"font-family: Palatino Linotype, serif;\"><i> n\u00e3o os ouvi<\/i><\/span><\/span><span style=\"color: #121212;\"><span style=\"font-family: Palatino Linotype, serif;\"><i>r\u00e1<\/i><\/span><\/span><span style=\"color: #121212;\"><span style=\"font-family: Palatino Linotype, serif;\"><i>.<\/i><\/span><\/span><\/span><\/p>\n<p align=\"justify\"><span style=\"color: #121212;\"><span style=\"font-family: Palatino Linotype, serif;\"><span style=\"font-size: medium;\">Quantos alertas t\u00eam sido dados pelos profetas de Deus em nossos dias, quantas profecias, vis\u00f5es, vis\u00f5es abertas, quantos alertas t\u00eam sido enviados do Trono de Deus. Por\u00e9m, infelizmente, ignorados pela maioria desses l\u00edderes, e n\u00e3o importam se grandes ou pequenos, simplesmente ignoram, por serem levianos e perversos.<\/span><\/span><\/span><\/p>\n<p align=\"justify\"><span style=\"color: #121212;\"><span style=\"font-family: Palatino Linotype, serif;\"><span style=\"font-size: medium;\">E antes de continuarmos a meditar nesta Palavra, que vem da parte de Deus, \u00e9 bom lembrarmos, recordarmos, trazer \u00e0 mem\u00f3ria, algumas dessas profecias e vis\u00f5es que foram enviadas por Deus nestes \u00faltimos anos:<\/span><\/span><\/span><\/p>\n<p align=\"justify\"><span style=\"font-family: Palatino Linotype, serif;\"><span style=\"font-size: medium;\"><b>13\/novembro\/06<\/b><\/span><\/span><\/p>\n<p style=\"padding-left: 40px;\" align=\"justify\"><span style=\"font-family: Palatino Linotype, serif;\"><span style=\"font-size: medium;\">Vi uma vinha muito grande e bem carregada, cheia de folhas e frutos, uma parreira que se esparramava por v\u00e1rios quil\u00f4metros. Por\u00e9m n\u00e3o havia sustenta\u00e7\u00e3o, seus galhos inferiores eram muito finos, seus caules corro\u00eddos. As raposinhas, os vermes, as ervas daninhas est\u00e3o destruindo toda a sustenta\u00e7\u00e3o desta vinha e apesar de sua apar\u00eancia frondosa n\u00e3o h\u00e1 sustenta\u00e7\u00e3o. <\/span><\/span><\/p>\n<p style=\"padding-left: 40px;\" align=\"justify\"><span style=\"font-family: Palatino Linotype, serif;\"><span style=\"font-size: medium;\">Quando o grande vendaval vier, ela ser\u00e1 arruinada e ser\u00e1 grande a sua destrui\u00e7\u00e3o.<\/span><\/span><\/p>\n<p style=\"padding-left: 40px;\" align=\"justify\"><span style=\"font-family: Palatino Linotype, serif;\"><span style=\"font-size: medium;\">\u00c9 necess\u00e1rio fazer reparos urgentes, antes que seja tarde. Toda a infraestrutura deve ser refeita e muito possivelmente ser\u00e1 necess\u00e1rio fazer alguns enxertos nos caules para que haja novamente sustenta\u00e7\u00e3o \u2013 Este enxerto \u00e9: <i>buscar muitos dos que sa\u00edram e que tinham a vis\u00e3o gravada em seus cora\u00e7\u00f5es. \u00c9 preciso ter humildade e desprendimento da lideran\u00e7a, caso contr\u00e1rio o pre\u00e7o a ser pago ser\u00e1 a destrui\u00e7\u00e3o<\/i>.<\/span><\/span><\/p>\n<p align=\"justify\"><span style=\"color: #000000;\"><span style=\"font-family: Palatino Linotype, serif;\"><span style=\"font-size: medium;\"><b>14\/Janeiro\/2021<\/b><\/span><\/span><\/span><span style=\"color: #000000;\"><span style=\"font-family: Palatino Linotype, serif;\"><span style=\"font-size: medium;\"> \u2013 <\/span><\/span><\/span>Pst. S\u00e9rgio Silva<\/p>\n<p style=\"padding-left: 40px;\" align=\"justify\"><span style=\"color: #000000;\"><span style=\"font-family: Palatino Linotype, serif;\"><span style=\"font-size: medium;\">Eu tive um sonho a noite passada, o qual me perturbou muito. Est\u00e1vamos em outro lugar, acho que deveria ser Portugal, tinha muita parreira de uva no ch\u00e3o, as uvas estavam bonitas mas estragando, e eu achei aquilo estranho, porque as parreiras n\u00e3o estavam dependuradas, como \u00e9 costume, elas estavam no ch\u00e3o, no ch\u00e3o, e eram uvas bonitas. Eu te mostrei e peguei uma para comer e estava muito boa, mas elas estavam todas no ch\u00e3o. Eu pedi discernimento ao Senhor, e o discernimento deste sonho \u00e9: <i>Toda a estrutura da Igreja de Portugal est\u00e1 vindo por terra, para ser levantada uma nova estrutura<\/i>.<\/span><\/span><\/span><\/p>\n<p align=\"justify\"><span style=\"font-family: Palatino Linotype, serif;\"><span style=\"font-size: medium;\"><b><span style=\"color: #000000;\">27\/Setembro\/2020 \u2013 <\/span><\/b><span style=\"color: #000000;\">Vis\u00e3o aberta com profecia \u2013 Pst. Jo\u00e3o Viegas<\/span><\/span><\/span><\/p>\n<p style=\"padding-left: 40px;\" align=\"justify\"><span style=\"color: #000000;\"><span style=\"font-family: Palatino Linotype, serif;\"><span style=\"font-size: medium;\">Igreja, quando est\u00e1vamos a adorar a Deus, Ele mostrou-me algo e quero explicar-lhes: Deus mostrou-me \u00eddolos que estavam em pedestais muito altos a serem cortados.<\/span><\/span><\/span><\/p>\n<p style=\"padding-left: 40px;\" align=\"justify\"><span style=\"font-family: Palatino Linotype, serif;\"><span style=\"font-size: medium;\"><span style=\"color: #000000;\">A<\/span><span style=\"color: #000000;\"> medida que nos cant\u00e1vamos <\/span><span style=\"color: #000000;\">doce brisa<\/span><span style=\"color: #000000;\"> veio uma brisa e levou o \u00eddolo que estava acima do pedestal e ele estatelou-se todo no ch\u00e3o. Eu n\u00e3o posso dizer qual era a imagem que estava l\u00e1 em cima, mas quem \u00e9 s\u00e1bio e entendido, e aqueles que t\u00eam o Esp\u00edrito de Deus saber\u00e3o quem era. Depois cantamos <\/span><span style=\"color: #000000;\">doce chuva<\/span><span style=\"color: #000000;\">, veio como se fosse um jato d\u2019\u00e1gua, como um, n\u00e3o intenso, mas largo, como se fosse um boomerang, e cortou metade daquele pedestal, e aquela metade caiu no ch\u00e3o e estatelou-se tamb\u00e9m por inteiro. A seguir nos cantamos <\/span><span style=\"color: #000000;\">doce fogo<\/span><span style=\"color: #000000;\">, veio uma rajada de fogo, uma bola de fogo, e destruiu o resto daquele pedestal.<\/span><\/span><\/span><\/p>\n<p style=\"padding-left: 40px;\" align=\"justify\"><span style=\"color: #000000;\"><span style=\"font-family: Palatino Linotype, serif;\"><span style=\"font-size: medium;\">E DEUS disse assim: <i>Eu destruirei os altos, Eu destruirei os nomes, e destruirei todos os que se oporem ao Meu Nome. Se t\u00e3o somente me obedecerem. Apenas isto! Todos os \u00eddolos, todos os deuses, tudo cair\u00e1 por terra, voc\u00ea ver\u00e1 isso acontecer, alguns cair\u00e3o em desgra\u00e7a, e voc\u00ea ter\u00e1 que ter um cora\u00e7\u00e3o grande de perd\u00e3o, porque sen\u00e3o ser\u00e1 arrastado<\/i>.<\/span><\/span><\/span><\/p>\n<p style=\"padding-left: 40px;\" align=\"justify\"><span style=\"color: #000000;\"><span style=\"font-family: Palatino Linotype, serif;\"><span style=\"font-size: medium;\">Por vezes a justi\u00e7a de Deus \u00e9 implac\u00e1vel! Todos n\u00f3s tivemos pessoas na nossa vida que nos fizeram mal, mas o Deus tem nos ensinado a Sua Palavra e tem nos ensinado a ultrapassar isso, e ao longo dos anos n\u00e3o ganhamos o mesmo amor que t\u00ednhamos por tais pessoas, mas recuperamos uma parte desse carinho, desse amor, e quando vemos a justi\u00e7a de Deus cair sobre essas pessoas, como quando vi agora nessa vis\u00e3o, e como uma parte do nosso cora\u00e7\u00e3o se partisse. Mas a justi\u00e7a de Deus ningu\u00e9m pode impedir e \u00e9 suposto voc\u00ea assistir isso.<\/span><\/span><\/span><\/p>\n<p style=\"padding-left: 40px;\" align=\"justify\"><span style=\"color: #000000;\"><span style=\"font-family: Palatino Linotype, serif;\"><span style=\"font-size: medium;\">Se t\u00e3o somente obedecermos ao Senhor! Ele destronar\u00e1 os altos, todos os nomes, todos os t\u00edtulos, todas as placas e t\u00e3o grande ser\u00e1 o SEU NOME. E quantos mais disserem que voc\u00ea \u00e9 pequenino, que voc\u00ea n\u00e3o vale nada, mais Deus vai usar de si, porque Ele tem escolhido esses para fazerem a obra que os grandes n\u00e3o quiseram fazer. Amem!<\/span><\/span><\/span><\/p>\n<p align=\"justify\"><span style=\"font-family: Palatino Linotype, serif;\"><span style=\"font-size: medium;\"><span style=\"color: #000000;\"><b>26\/Setembro\/2020 \u2013 <\/b><\/span><span style=\"color: #000000;\">P<\/span><span style=\"color: #000000;\">rofecia para a Igreja de Portugal<\/span><\/span><\/span><\/p>\n<p style=\"padding-left: 40px;\" align=\"justify\"><span style=\"color: #000000;\"><span style=\"font-family: Palatino Linotype, serif;\"><span style=\"font-size: medium;\">At\u00e9 quando? At\u00e9 quando? Oh Igreja de Portugal! At\u00e9 quando vos suportareis?<\/span><\/span><\/span><\/p>\n<p style=\"padding-left: 40px;\" align=\"justify\"><span style=\"color: #000000;\"><span style=\"font-family: Palatino Linotype, serif;\"><span style=\"font-size: medium;\">Deixastes a idolatria? Por que ent\u00e3o idolatras homens?<\/span><\/span><\/span><\/p>\n<p style=\"padding-left: 40px;\" align=\"justify\"><span style=\"font-family: Palatino Linotype, serif;\"><span style=\"font-size: medium;\"><span style=\"color: #000000;\">Por que desonrastes o casamento? O leito sem m<\/span><span style=\"color: #000000;\">\u00e1<\/span><span style=\"color: #000000;\">cula? Sacerdotes ad\u00falteros! Ministros pecaminosos! Diluindo a gra\u00e7a em dissolu\u00e7\u00e3o! Corrompendo fam\u00edlias, desonrando os sagrados la\u00e7os do matrim\u00f4nio.<\/span><\/span><\/span><\/p>\n<p style=\"padding-left: 40px;\" align=\"justify\"><span style=\"color: #000000;\"><span style=\"font-family: Palatino Linotype, serif;\"><span style=\"font-size: medium;\">At\u00e9 quando VOS suportareis? Onde est\u00e1 a Minha gl\u00f3ria? Por que a roubam? Dou gl\u00f3ria a homens? Desde quando?<\/span><\/span><\/span><\/p>\n<p style=\"padding-left: 40px;\" align=\"justify\"><span style=\"color: #000000;\"><span style=\"font-family: Palatino Linotype, serif;\"><span style=\"font-size: medium;\">Desonrastes o solteiro! Desonrastes as vi\u00favas! Profanaram os pobres! Vilipendiaram a inoc\u00eancia! Eis que vos envio um profeta que saiu do vosso meio para vos lembrar onde\u00a0<\/span><\/span><\/span><span style=\"font-family: Palatino Linotype, serif;\"><span style=\"font-size: medium;\"><span style=\"color: #000000;\">todos ca\u00edram, sem exce\u00e7\u00e3o.<\/span><\/span><\/span><\/p>\n<p style=\"padding-left: 40px;\" align=\"justify\"><span style=\"color: #000000;\"><span style=\"font-family: Palatino Linotype, serif;\"><span style=\"font-size: medium;\">Desonraram o Meu altar. Profanaram as Minhas ofertas! Destru\u00edram a Minha vis\u00e3o! O Meu fogo foi apagado! E acenderam no lugar tochas falsas, fogo estranho! Encheram o Meu altar de cinza! Levantando um p\u00f3 que se impregna no pesco\u00e7o e lavam de qualquer maneira sem tirar a sujeira e dizem: \u201cV\u00e1, estais limpo\u201d. Quem limpou? Tu?<\/span><\/span><\/span><\/p>\n<p style=\"padding-left: 40px;\" align=\"justify\"><span style=\"color: #000000;\"><span style=\"font-family: Palatino Linotype, serif;\"><span style=\"font-size: medium;\">Oh n\u00e9scios e tardios de entendimento! Sa\u00edstes de um jugo e te pusestes em outros piores! <\/span><\/span><\/span><\/p>\n<p style=\"padding-left: 40px;\" align=\"justify\"><span style=\"color: #000000;\"><span style=\"font-family: Palatino Linotype, serif;\"><span style=\"font-size: medium;\">At\u00e9 quando vos sofrereis? At\u00e9 quando vos suportareis? Estou vindo para derrubar, destruir todos os altares que foram constru\u00eddos sem o Meu consentimento. Todos os altares profanados!<\/span><\/span><\/span><\/p>\n<p style=\"padding-left: 40px;\" align=\"justify\"><span style=\"color: #000000;\"><span style=\"font-family: Palatino Linotype, serif;\"><span style=\"font-size: medium;\">A Palavra que sair da Minha boca n\u00e3o voltar\u00e1 vazia sem antes destruir toda a profana\u00e7\u00e3o que incita meu povo a se afastar de Mim e afugenta todos aqueles que querem se ajuntar.<\/span><\/span><\/span><\/p>\n<p style=\"padding-left: 40px;\" align=\"justify\"><span style=\"color: #000000;\"><span style=\"font-family: Palatino Linotype, serif;\"><span style=\"font-size: medium;\">Muitos s\u00e3o os feridos precisando de cura. Muitos s\u00e3o os sacerdotes destru\u00eddos que precisam de restaura\u00e7\u00e3o. Muitos s\u00e3o os ministros profanados em sua pureza que precisam ser reconciliados.<\/span><\/span><\/span><\/p>\n<p style=\"padding-left: 40px;\" align=\"justify\"><span style=\"color: #000000;\"><span style=\"font-family: Palatino Linotype, serif;\"><span style=\"font-size: medium;\">E voc\u00eas que profanaram meu santu\u00e1rio trazendo ofertas sobre o altar falsificadas, voc\u00eas que buscaram un\u00e7\u00e3o estranha: ARREPENDAM-SE!<\/span><\/span><\/span><\/p>\n<p style=\"padding-left: 40px;\" align=\"justify\"><span style=\"color: #000000;\"><span style=\"font-family: Palatino Linotype, serif;\"><span style=\"font-size: medium;\">Estou dando um tempo para arrependimento, para destrui\u00e7\u00e3o do que edificaram sem mim! Estou dando um tempo para se desfazerem livremente de tudo. Porque no tempo que determinei, virei para destruir todos os altares de bronze, ferro, barro, edificados sem mim. O reino dos homens ser\u00e1 despeda\u00e7ado. O reino dos homens ser\u00e1 p\u00f3 quando EU acabar. Tudo do reino dos homens ser\u00e1 desfeito para a edifica\u00e7\u00e3o do Reino dos C\u00e9us! E, ent\u00e3o, um avivamento poderoso irromper\u00e1!<\/span><\/span><\/span><\/p>\n<p style=\"padding-left: 40px;\" align=\"justify\"><span style=\"color: #000000;\"><span style=\"font-family: Palatino Linotype, serif;\"><span style=\"font-size: medium;\">N\u00e3o creiam em avivamentos, sem antes, que toda a apostasia seja destru\u00edda, sem que as heresias que povoam todos os altares sejam desfeitas.<\/span><\/span><\/span><\/p>\n<p style=\"padding-left: 40px;\" align=\"justify\"><span style=\"color: #000000;\"><span style=\"font-family: Palatino Linotype, serif;\"><span style=\"font-size: medium;\">EU estou dando os meus avisos. Servos ARREPENDAM-SE! A minha gra\u00e7a basta!<\/span><\/span><\/span><\/p>\n<p style=\"padding-left: 40px;\" align=\"justify\"><span style=\"color: #000000;\"><span style=\"font-family: Palatino Linotype, serif;\"><span style=\"font-size: medium;\">Edifiquem barragens para conter a abundante chuva que vir\u00e1, porque depois desses dias haver\u00e1 abundante seca, como nunca houve. Uma gota dessa \u00e1gua ser\u00e1 escassa, mas todos os que tiverem acesso a essa barragem ser\u00e3o refrescados e n\u00e3o ter\u00e3o sede!<\/span><\/span><\/span><\/p>\n<p style=\"padding-left: 40px;\" align=\"justify\"><span style=\"color: #000000;\"><span style=\"font-family: Palatino Linotype, serif;\"><span style=\"font-size: medium;\">Preparem a noiva para a chegada do NOIVO! Preparem a Igreja para a chegada do seu SENHOR!<\/span><\/span><\/span><\/p>\n<p style=\"padding-left: 40px;\" align=\"justify\"><span style=\"color: #000000;\"><span style=\"font-family: Palatino Linotype, serif;\"><span style=\"font-size: medium;\">Dias vir\u00e3o em que haver\u00e1 grande seca, destrui\u00e7\u00e3o, desola\u00e7\u00e3o. Somente na Igreja do Senhor Jesus Cristo haver\u00e1 vida, alegria, \u00e1gua viva!<\/span><\/span><\/span><\/p>\n<p align=\"justify\"><span style=\"color: #121212;\"><span style=\"font-family: Palatino Linotype, serif;\"><span style=\"font-size: medium;\">Como afirmou Jeremias, outro profeta da antiga alian\u00e7a, Deus tem enviado os Seus servos, os profetas, todos os dias madrugando e enviando-os, madrugando e protestando, madrugando e falando; madrugando e ensinando-os; mas <\/span><\/span><\/span><span style=\"color: #121212;\"><span style=\"font-family: Palatino Linotype, serif;\"><span style=\"font-size: medium;\">voc\u00eas<\/span><\/span><\/span><span style=\"color: #121212;\"><span style=\"font-family: Palatino Linotype, serif;\"><span style=\"font-size: medium;\"> n\u00e3o escuta<\/span><\/span><\/span><span style=\"color: #121212;\"><span style=\"font-family: Palatino Linotype, serif;\"><span style=\"font-size: medium;\">m, n\u00e3o d\u00e3o ouvidos para receberem o ensino. Mesmo diante de todos os apelos pacientes de Deus, para que se convertam, agora, cada um do seu mau caminho, e fa\u00e7am boas as suas a\u00e7\u00f5es, e n\u00e3o sigam a outros deuses para servi-los; ainda assim n\u00e3o inclinam os ouvidos, nem obedecem ao Senhor. <\/span><\/span><\/span><\/p>\n<p align=\"justify\"><span style=\"color: #121212;\"><span style=\"font-family: Palatino Linotype, serif;\"><span style=\"font-size: medium;\">Ainda que Ele diga: <\/span><\/span><\/span><span style=\"color: #121212;\"><span style=\"font-family: Palatino Linotype, serif;\"><span style=\"font-size: medium;\"><i>Ora, n\u00e3o fa\u00e7am esta coisa abomin\u00e1vel que aborre\u00e7o<\/i><\/span><\/span><\/span><span style=\"color: #121212;\"><span style=\"font-family: Palatino Linotype, serif;\"><span style=\"font-size: medium;\"> &#8211; ainda assim a dureza do seu cora\u00e7\u00e3o fala mais alto. <\/span><\/span><\/span><span style=\"color: #121212;\"><span style=\"font-family: Palatino Linotype, serif;\"><span style=\"font-size: medium;\">Que pessoas obstinadas s\u00e3o voc\u00eas, <\/span><\/span><\/span><span style=\"color: #121212;\"><span style=\"font-family: Palatino Linotype, serif;\"><span style=\"font-size: medium;\">a<\/span><\/span><\/span><span style=\"color: #121212;\"><span style=\"font-family: Palatino Linotype, serif;\"><span style=\"font-size: medium;\">ssim como o Senhor afirmou acerca de Israel: <\/span><\/span><\/span><span style=\"color: #121212;\"><span style=\"font-family: Palatino Linotype, serif;\"><span style=\"font-size: medium;\"><i>Mas a casa de Israel n\u00e3o te querer\u00e1 dar ouvidos, porque n\u00e3o me querem dar ouvidos a mim; porque toda a casa de Israel \u00e9 de rosto obstinado e dura de cora\u00e7\u00e3o <\/i><\/span><\/span><\/span><span style=\"color: #121212;\"><span style=\"font-family: Palatino Linotype, serif;\"><span style=\"font-size: medium;\">(Ezequiel 3:7).<\/span><\/span><\/span><\/p>\n<p align=\"justify\"><span style=\"color: #121212;\"><span style=\"font-family: Palatino Linotype, serif;\"><span style=\"font-size: medium;\">Observem as profecias e vis\u00f5es que Deus enviou nos \u00faltimos 2 anos, atrav\u00e9s do Seus servos, os profetas, apenas transcrevi <\/span><\/span><\/span><span style=\"color: #121212;\"><span style=\"font-family: Palatino Linotype, serif;\"><span style=\"font-size: medium;\">tr\u00eas<\/span><\/span><\/span><span style=\"color: #121212;\"><span style=\"font-family: Palatino Linotype, serif;\"><span style=\"font-size: medium;\"> dessas Palavras, mas h\u00e1 muitas mais, <\/span><\/span><\/span><span style=\"color: #121212;\"><span style=\"font-family: Palatino Linotype, serif;\"><span style=\"font-size: medium;\">confirmando outras mais antigas<\/span><\/span><\/span><span style=\"color: #121212;\"><span style=\"font-family: Palatino Linotype, serif;\"><span style=\"font-size: medium;\">. Deus tem falado com diversos servos em v\u00e1rias partes do mundo, principalmente aos de l\u00edngua portuguesa, <\/span><\/span><\/span><span style=\"color: #121212;\"><span style=\"font-family: Palatino Linotype, serif;\"><span style=\"font-size: medium;\">j\u00e1 a muito tempo. Mas a sua teimosia, a sua obstina\u00e7\u00e3o, lideran\u00e7a evang\u00e9lica, tem suplantado todo bom senso, tudo o que \u00e9 honesto, verdadeiro e de boa fama.<\/span><\/span><\/span><\/p>\n<p align=\"justify\"><span style=\"color: #121212;\"><span style=\"font-family: Palatino Linotype, serif;\"><span style=\"font-size: medium;\">Mas o Ap\u00f3stolo Paulo advertiu: <\/span><\/span><\/span><span style=\"color: #121212;\"><span style=\"font-family: Palatino Linotype, serif;\"><span style=\"font-size: medium;\"><i>Mas, segundo a tua dureza e teu cora\u00e7\u00e3o impenitente, entesouras ira para ti no dia da ira e da manifesta\u00e7\u00e3o do ju\u00edzo de Deus, o qual recompensar\u00e1 cada um segundo as suas obras,a saber: a vida eterna aos que, com perseveran\u00e7a em fazer bem, procuram gl\u00f3ria, e honra, e incorrup\u00e7\u00e3o; mas indigna\u00e7\u00e3o e ira aos que s\u00e3o contenciosos e desobedientes \u00e0 verdade e obedientes \u00e0 iniquidade; tribula\u00e7\u00e3o e ang\u00fastia sobre toda alma do homem que faz o mal, primeiramente do judeu e tamb\u00e9m do grego; gl\u00f3ria, por\u00e9m, e honra e paz a qualquer que faz o bem, primeiramente ao judeu e tamb\u00e9m ao grego; porque, <\/i><\/span><\/span><\/span><span style=\"color: #ff0000;\"><span style=\"font-family: Palatino Linotype, serif;\"><span style=\"font-size: medium;\"><i><b>para com Deus, n\u00e3o h\u00e1 acep\u00e7\u00e3o de pessoas<\/b><\/i><\/span><\/span><\/span><span style=\"color: #121212;\"><span style=\"font-family: Palatino Linotype, serif;\"><span style=\"font-size: medium;\"><i>.<\/i><\/span><\/span><\/span><span style=\"color: #121212;\"><span style=\"font-family: Palatino Linotype, serif;\"><span style=\"font-size: medium;\"> (Romanos 2:5-11).<\/span><\/span><\/span><\/p>\n<p align=\"justify\"><span style=\"color: #121212;\"><span style=\"font-family: Palatino Linotype, serif;\"><span style=\"font-size: medium;\">Al\u00e9m do que est\u00e1 nas Escrituras, \u00e9 necess\u00e1rio atentar aos avisos entregues pelos servos de Deus, os profetas, e chamo a aten\u00e7\u00e3o para o final da profecia para a Igreja de Portugal:<\/span><\/span><\/span><\/p>\n<p style=\"padding-left: 40px;\" align=\"justify\"><span style=\"color: #121212;\"><span style=\"font-family: Palatino Linotype, serif;\"><span style=\"font-size: medium;\"><i>At\u00e9 quando vos sofrereis? At\u00e9 quando vos suportareis? Estou vindo para derrubar, destruir todos os altares que foram constru\u00eddos sem o Meu consentimento. Todos os altares profanados! A Palavra que sair da Minha boca n\u00e3o voltar\u00e1 vazia sem antes destruir toda a profana\u00e7\u00e3o que incita meu povo a se afastar de Mim e afugenta todos aqueles que querem se ajuntar\u2026 E voc\u00eas que profanaram meu santu\u00e1rio trazendo ofertas sobre o altar falsificadas, voc\u00eas que buscaram un\u00e7\u00e3o estranha: ARREPENDAM-SE! Estou dando um tempo para arrependimento, para destrui\u00e7\u00e3o do que edificaram sem Mim! Estou dando um tempo para se desfazerem livremente de tudo.<\/i><\/span><\/span><\/span><\/p>\n<p style=\"padding-left: 40px;\" align=\"justify\"><span style=\"color: #121212;\"><span style=\"font-family: Palatino Linotype, serif;\"><span style=\"font-size: medium;\"><i>Porque no tempo que determinei, virei para destruir todos os altares de bronze, ferro, barro, edificados sem Mim. O reino dos homens ser\u00e1 despeda\u00e7ado. O reino dos homens ser\u00e1 p\u00f3 quando EU acabar. Tudo do reino dos homens ser\u00e1 desfeito para a edifica\u00e7\u00e3o do Reino dos C\u00e9us! <\/i><\/span><\/span><\/span><\/p>\n<p style=\"padding-left: 40px;\" align=\"justify\"><span style=\"color: #121212;\"><span style=\"font-family: Palatino Linotype, serif;\"><span style=\"font-size: medium;\"><i>E, ent\u00e3o, um avivamento poderoso irromper\u00e1! N\u00e3o creiam em avivamentos, sem antes, que toda a apostasia seja destru\u00edda, sem que as heresias que povoam todos os altares sejam desfeitas. EU estou dando os meus avisos. Servos ARREPENDAM-SE! <\/i><\/span><\/span><\/span><\/p>\n","protected":false},"excerpt":{"rendered":"<p>O Profeta Ezequiel, da antiga alian\u00e7a, viu atrav\u00e9s de um buraco na parede, as grandes abomina\u00e7\u00f5es que a<\/p>\n","protected":false},"author":1,"featured_media":67388,"comment_status":"open","ping_status":"open","sticky":false,"template":"","format":"status","meta":{"footnotes":""},"categories":[124],"tags":[24,17,18,23,22,30,56,28,35,46,53],"class_list":["post-67373","post","type-post","status-publish","format-status","has-post-thumbnail","hentry","category-alertas-a-igreja","tag-apostasia","tag-autoridade","tag-cuidado","tag-engano","tag-falsos","tag-mordomia","tag-obediencia","tag-rebeliao","tag-reino","tag-santidade","tag-vendilhoes","post_format-post-format-status"],"yoast_head":"<!-- This site is optimized with the Yoast SEO plugin v27.4 - https:\/\/yoast.com\/product\/yoast-seo-wordpress\/ -->\n<title>Desperte! Voc\u00ea, L\u00cdDER que dorme! - Pr. Jonas Santana<\/title>\n<meta name=\"robots\" content=\"index, follow, max-snippet:-1, max-image-preview:large, max-video-preview:-1\" \/>\n<link rel=\"canonical\" href=\"https:\/\/www.andandonagraca.org\/site\/?p=67373\" \/>\n<meta property=\"og:locale\" content=\"pt_BR\" \/>\n<meta property=\"og:type\" content=\"article\" \/>\n<meta property=\"og:title\" content=\"Desperte! Voc\u00ea, L\u00cdDER que dorme! - Pr. Jonas Santana\" \/>\n<meta property=\"og:description\" content=\"O Profeta Ezequiel, da antiga alian\u00e7a, viu atrav\u00e9s de um buraco na parede, as grandes abomina\u00e7\u00f5es que a\" \/>\n<meta property=\"og:url\" content=\"https:\/\/www.andandonagraca.org\/site\/?p=67373\" \/>\n<meta property=\"og:site_name\" content=\"Pr. Jonas Santana\" \/>\n<meta property=\"article:publisher\" content=\"https:\/\/www.facebook.com\/andandonagraca\" \/>\n<meta property=\"article:author\" content=\"https:\/\/www.facebook.com\/andandonagraca\" \/>\n<meta property=\"article:published_time\" content=\"2022-07-02T11:48:52+00:00\" \/>\n<meta property=\"article:modified_time\" content=\"2022-08-17T12:14:20+00:00\" \/>\n<meta property=\"og:image\" content=\"https:\/\/www.andandonagraca.org\/site\/wp-content\/uploads\/2022\/07\/ezechiel.jpg\" \/>\n\t<meta property=\"og:image:width\" content=\"1024\" \/>\n\t<meta property=\"og:image:height\" content=\"780\" \/>\n\t<meta property=\"og:image:type\" content=\"image\/jpeg\" \/>\n<meta name=\"author\" content=\"Pr. Jonas Santana\" \/>\n<meta name=\"twitter:card\" content=\"summary_large_image\" \/>\n<meta name=\"twitter:label1\" content=\"Escrito por\" \/>\n\t<meta name=\"twitter:data1\" content=\"Pr. Jonas Santana\" \/>\n\t<meta name=\"twitter:label2\" content=\"Est. tempo de leitura\" \/>\n\t<meta name=\"twitter:data2\" content=\"13 minutos\" \/>\n<script type=\"application\/ld+json\" class=\"yoast-schema-graph\">{\"@context\":\"https:\\\/\\\/schema.org\",\"@graph\":[{\"@type\":\"Article\",\"@id\":\"https:\\\/\\\/www.andandonagraca.org\\\/site\\\/?p=67373#article\",\"isPartOf\":{\"@id\":\"https:\\\/\\\/www.andandonagraca.org\\\/site\\\/?p=67373\"},\"author\":{\"name\":\"Pr. Jonas Santana\",\"@id\":\"https:\\\/\\\/www.andandonagraca.org\\\/site\\\/#\\\/schema\\\/person\\\/225d0dedb572d4570a947397af2606ed\"},\"headline\":\"Desperte! Voc\u00ea, L\u00cdDER que dorme!\",\"datePublished\":\"2022-07-02T11:48:52+00:00\",\"dateModified\":\"2022-08-17T12:14:20+00:00\",\"mainEntityOfPage\":{\"@id\":\"https:\\\/\\\/www.andandonagraca.org\\\/site\\\/?p=67373\"},\"wordCount\":2545,\"commentCount\":0,\"image\":{\"@id\":\"https:\\\/\\\/www.andandonagraca.org\\\/site\\\/?p=67373#primaryimage\"},\"thumbnailUrl\":\"https:\\\/\\\/www.andandonagraca.org\\\/site\\\/wp-content\\\/uploads\\\/2022\\\/07\\\/ezechiel.jpg\",\"keywords\":[\"apostasia\",\"autoridade\",\"cuidado\",\"engano\",\"falsos\",\"mordomia\",\"obedi\u00eancia\",\"rebeli\u00e3o\",\"reino\",\"santidade\",\"vendilh\u00f5es\"],\"articleSection\":[\"Alertas \u00e0 Igreja\"],\"inLanguage\":\"pt-BR\",\"potentialAction\":[{\"@type\":\"CommentAction\",\"name\":\"Comment\",\"target\":[\"https:\\\/\\\/www.andandonagraca.org\\\/site\\\/?p=67373#respond\"]}]},{\"@type\":\"WebPage\",\"@id\":\"https:\\\/\\\/www.andandonagraca.org\\\/site\\\/?p=67373\",\"url\":\"https:\\\/\\\/www.andandonagraca.org\\\/site\\\/?p=67373\",\"name\":\"Desperte! Voc\u00ea, L\u00cdDER que dorme! - Pr. Jonas Santana\",\"isPartOf\":{\"@id\":\"https:\\\/\\\/www.andandonagraca.org\\\/site\\\/#website\"},\"primaryImageOfPage\":{\"@id\":\"https:\\\/\\\/www.andandonagraca.org\\\/site\\\/?p=67373#primaryimage\"},\"image\":{\"@id\":\"https:\\\/\\\/www.andandonagraca.org\\\/site\\\/?p=67373#primaryimage\"},\"thumbnailUrl\":\"https:\\\/\\\/www.andandonagraca.org\\\/site\\\/wp-content\\\/uploads\\\/2022\\\/07\\\/ezechiel.jpg\",\"datePublished\":\"2022-07-02T11:48:52+00:00\",\"dateModified\":\"2022-08-17T12:14:20+00:00\",\"author\":{\"@id\":\"https:\\\/\\\/www.andandonagraca.org\\\/site\\\/#\\\/schema\\\/person\\\/225d0dedb572d4570a947397af2606ed\"},\"breadcrumb\":{\"@id\":\"https:\\\/\\\/www.andandonagraca.org\\\/site\\\/?p=67373#breadcrumb\"},\"inLanguage\":\"pt-BR\",\"potentialAction\":[{\"@type\":\"ReadAction\",\"target\":[\"https:\\\/\\\/www.andandonagraca.org\\\/site\\\/?p=67373\"]}]},{\"@type\":\"ImageObject\",\"inLanguage\":\"pt-BR\",\"@id\":\"https:\\\/\\\/www.andandonagraca.org\\\/site\\\/?p=67373#primaryimage\",\"url\":\"https:\\\/\\\/www.andandonagraca.org\\\/site\\\/wp-content\\\/uploads\\\/2022\\\/07\\\/ezechiel.jpg\",\"contentUrl\":\"https:\\\/\\\/www.andandonagraca.org\\\/site\\\/wp-content\\\/uploads\\\/2022\\\/07\\\/ezechiel.jpg\",\"width\":1024,\"height\":780},{\"@type\":\"BreadcrumbList\",\"@id\":\"https:\\\/\\\/www.andandonagraca.org\\\/site\\\/?p=67373#breadcrumb\",\"itemListElement\":[{\"@type\":\"ListItem\",\"position\":1,\"name\":\"In\u00edcio\",\"item\":\"https:\\\/\\\/www.andandonagraca.org\\\/site\"},{\"@type\":\"ListItem\",\"position\":2,\"name\":\"Desperte! Voc\u00ea, L\u00cdDER que dorme!\"}]},{\"@type\":\"WebSite\",\"@id\":\"https:\\\/\\\/www.andandonagraca.org\\\/site\\\/#website\",\"url\":\"https:\\\/\\\/www.andandonagraca.org\\\/site\\\/\",\"name\":\"Pr. Jonas Santana\",\"description\":\"ANDANDO NA GRA\u00c7A - AEMSF\",\"potentialAction\":[{\"@type\":\"SearchAction\",\"target\":{\"@type\":\"EntryPoint\",\"urlTemplate\":\"https:\\\/\\\/www.andandonagraca.org\\\/site\\\/?s={search_term_string}\"},\"query-input\":{\"@type\":\"PropertyValueSpecification\",\"valueRequired\":true,\"valueName\":\"search_term_string\"}}],\"inLanguage\":\"pt-BR\"},{\"@type\":\"Person\",\"@id\":\"https:\\\/\\\/www.andandonagraca.org\\\/site\\\/#\\\/schema\\\/person\\\/225d0dedb572d4570a947397af2606ed\",\"name\":\"Pr. Jonas Santana\",\"image\":{\"@type\":\"ImageObject\",\"inLanguage\":\"pt-BR\",\"@id\":\"https:\\\/\\\/secure.gravatar.com\\\/avatar\\\/7f463b781f71522d52f2ff3dae3592f9f7b0e24187fc413b95cd3efa8429de28?s=96&d=mm&r=g\",\"url\":\"https:\\\/\\\/secure.gravatar.com\\\/avatar\\\/7f463b781f71522d52f2ff3dae3592f9f7b0e24187fc413b95cd3efa8429de28?s=96&d=mm&r=g\",\"contentUrl\":\"https:\\\/\\\/secure.gravatar.com\\\/avatar\\\/7f463b781f71522d52f2ff3dae3592f9f7b0e24187fc413b95cd3efa8429de28?s=96&d=mm&r=g\",\"caption\":\"Pr. Jonas Santana\"},\"description\":\"Pastor, pesquisador b\u00edblico, pregador do Evangelho do Reino A fidelidade requer que entreguemos o evangelho sob todos os \u00e2ngulos, sem omitir nada e sem exagerar em nada. Para isto requer-se muita sabedoria. Nosso desejo \u00e9 compartilhar a sabedoria do Reino de Deus a todos aqueles que o desejam de todo o cora\u00e7\u00e3o.\",\"sameAs\":[\"https:\\\/\\\/www.andandonagraca.org\",\"https:\\\/\\\/www.facebook.com\\\/andandonagraca\",\"https:\\\/\\\/www.instagram.com\\\/andandonagraca\\\/\",\"https:\\\/\\\/www.youtube.com\\\/@andandonagraca\",\"https:\\\/\\\/podcasters.spotify.com\\\/pod\\\/show\\\/andandonagraca\\\/\"],\"url\":\"https:\\\/\\\/www.andandonagraca.org\\\/site\\\/?author=1\"}]}<\/script>\n<!-- \/ Yoast SEO plugin. -->","yoast_head_json":{"title":"Desperte! Voc\u00ea, L\u00cdDER que dorme! - Pr. Jonas Santana","robots":{"index":"index","follow":"follow","max-snippet":"max-snippet:-1","max-image-preview":"max-image-preview:large","max-video-preview":"max-video-preview:-1"},"canonical":"https:\/\/www.andandonagraca.org\/site\/?p=67373","og_locale":"pt_BR","og_type":"article","og_title":"Desperte! Voc\u00ea, L\u00cdDER que dorme! - Pr. Jonas Santana","og_description":"O Profeta Ezequiel, da antiga alian\u00e7a, viu atrav\u00e9s de um buraco na parede, as grandes abomina\u00e7\u00f5es que a","og_url":"https:\/\/www.andandonagraca.org\/site\/?p=67373","og_site_name":"Pr. Jonas Santana","article_publisher":"https:\/\/www.facebook.com\/andandonagraca","article_author":"https:\/\/www.facebook.com\/andandonagraca","article_published_time":"2022-07-02T11:48:52+00:00","article_modified_time":"2022-08-17T12:14:20+00:00","og_image":[{"width":1024,"height":780,"url":"https:\/\/www.andandonagraca.org\/site\/wp-content\/uploads\/2022\/07\/ezechiel.jpg","type":"image\/jpeg"}],"author":"Pr. Jonas Santana","twitter_card":"summary_large_image","twitter_misc":{"Escrito por":"Pr. Jonas Santana","Est. tempo de leitura":"13 minutos"},"schema":{"@context":"https:\/\/schema.org","@graph":[{"@type":"Article","@id":"https:\/\/www.andandonagraca.org\/site\/?p=67373#article","isPartOf":{"@id":"https:\/\/www.andandonagraca.org\/site\/?p=67373"},"author":{"name":"Pr. Jonas Santana","@id":"https:\/\/www.andandonagraca.org\/site\/#\/schema\/person\/225d0dedb572d4570a947397af2606ed"},"headline":"Desperte! Voc\u00ea, L\u00cdDER que dorme!","datePublished":"2022-07-02T11:48:52+00:00","dateModified":"2022-08-17T12:14:20+00:00","mainEntityOfPage":{"@id":"https:\/\/www.andandonagraca.org\/site\/?p=67373"},"wordCount":2545,"commentCount":0,"image":{"@id":"https:\/\/www.andandonagraca.org\/site\/?p=67373#primaryimage"},"thumbnailUrl":"https:\/\/www.andandonagraca.org\/site\/wp-content\/uploads\/2022\/07\/ezechiel.jpg","keywords":["apostasia","autoridade","cuidado","engano","falsos","mordomia","obedi\u00eancia","rebeli\u00e3o","reino","santidade","vendilh\u00f5es"],"articleSection":["Alertas \u00e0 Igreja"],"inLanguage":"pt-BR","potentialAction":[{"@type":"CommentAction","name":"Comment","target":["https:\/\/www.andandonagraca.org\/site\/?p=67373#respond"]}]},{"@type":"WebPage","@id":"https:\/\/www.andandonagraca.org\/site\/?p=67373","url":"https:\/\/www.andandonagraca.org\/site\/?p=67373","name":"Desperte! Voc\u00ea, L\u00cdDER que dorme! - Pr. Jonas Santana","isPartOf":{"@id":"https:\/\/www.andandonagraca.org\/site\/#website"},"primaryImageOfPage":{"@id":"https:\/\/www.andandonagraca.org\/site\/?p=67373#primaryimage"},"image":{"@id":"https:\/\/www.andandonagraca.org\/site\/?p=67373#primaryimage"},"thumbnailUrl":"https:\/\/www.andandonagraca.org\/site\/wp-content\/uploads\/2022\/07\/ezechiel.jpg","datePublished":"2022-07-02T11:48:52+00:00","dateModified":"2022-08-17T12:14:20+00:00","author":{"@id":"https:\/\/www.andandonagraca.org\/site\/#\/schema\/person\/225d0dedb572d4570a947397af2606ed"},"breadcrumb":{"@id":"https:\/\/www.andandonagraca.org\/site\/?p=67373#breadcrumb"},"inLanguage":"pt-BR","potentialAction":[{"@type":"ReadAction","target":["https:\/\/www.andandonagraca.org\/site\/?p=67373"]}]},{"@type":"ImageObject","inLanguage":"pt-BR","@id":"https:\/\/www.andandonagraca.org\/site\/?p=67373#primaryimage","url":"https:\/\/www.andandonagraca.org\/site\/wp-content\/uploads\/2022\/07\/ezechiel.jpg","contentUrl":"https:\/\/www.andandonagraca.org\/site\/wp-content\/uploads\/2022\/07\/ezechiel.jpg","width":1024,"height":780},{"@type":"BreadcrumbList","@id":"https:\/\/www.andandonagraca.org\/site\/?p=67373#breadcrumb","itemListElement":[{"@type":"ListItem","position":1,"name":"In\u00edcio","item":"https:\/\/www.andandonagraca.org\/site"},{"@type":"ListItem","position":2,"name":"Desperte! Voc\u00ea, L\u00cdDER que dorme!"}]},{"@type":"WebSite","@id":"https:\/\/www.andandonagraca.org\/site\/#website","url":"https:\/\/www.andandonagraca.org\/site\/","name":"Pr. Jonas Santana","description":"ANDANDO NA GRA\u00c7A - AEMSF","potentialAction":[{"@type":"SearchAction","target":{"@type":"EntryPoint","urlTemplate":"https:\/\/www.andandonagraca.org\/site\/?s={search_term_string}"},"query-input":{"@type":"PropertyValueSpecification","valueRequired":true,"valueName":"search_term_string"}}],"inLanguage":"pt-BR"},{"@type":"Person","@id":"https:\/\/www.andandonagraca.org\/site\/#\/schema\/person\/225d0dedb572d4570a947397af2606ed","name":"Pr. Jonas Santana","image":{"@type":"ImageObject","inLanguage":"pt-BR","@id":"https:\/\/secure.gravatar.com\/avatar\/7f463b781f71522d52f2ff3dae3592f9f7b0e24187fc413b95cd3efa8429de28?s=96&d=mm&r=g","url":"https:\/\/secure.gravatar.com\/avatar\/7f463b781f71522d52f2ff3dae3592f9f7b0e24187fc413b95cd3efa8429de28?s=96&d=mm&r=g","contentUrl":"https:\/\/secure.gravatar.com\/avatar\/7f463b781f71522d52f2ff3dae3592f9f7b0e24187fc413b95cd3efa8429de28?s=96&d=mm&r=g","caption":"Pr. Jonas Santana"},"description":"Pastor, pesquisador b\u00edblico, pregador do Evangelho do Reino A fidelidade requer que entreguemos o evangelho sob todos os \u00e2ngulos, sem omitir nada e sem exagerar em nada. Para isto requer-se muita sabedoria. Nosso desejo \u00e9 compartilhar a sabedoria do Reino de Deus a todos aqueles que o desejam de todo o cora\u00e7\u00e3o.","sameAs":["https:\/\/www.andandonagraca.org","https:\/\/www.facebook.com\/andandonagraca","https:\/\/www.instagram.com\/andandonagraca\/","https:\/\/www.youtube.com\/@andandonagraca","https:\/\/podcasters.spotify.com\/pod\/show\/andandonagraca\/"],"url":"https:\/\/www.andandonagraca.org\/site\/?author=1"}]}},"_links":{"self":[{"href":"https:\/\/www.andandonagraca.org\/site\/index.php?rest_route=\/wp\/v2\/posts\/67373","targetHints":{"allow":["GET"]}}],"collection":[{"href":"https:\/\/www.andandonagraca.org\/site\/index.php?rest_route=\/wp\/v2\/posts"}],"about":[{"href":"https:\/\/www.andandonagraca.org\/site\/index.php?rest_route=\/wp\/v2\/types\/post"}],"author":[{"embeddable":true,"href":"https:\/\/www.andandonagraca.org\/site\/index.php?rest_route=\/wp\/v2\/users\/1"}],"replies":[{"embeddable":true,"href":"https:\/\/www.andandonagraca.org\/site\/index.php?rest_route=%2Fwp%2Fv2%2Fcomments&post=67373"}],"version-history":[{"count":0,"href":"https:\/\/www.andandonagraca.org\/site\/index.php?rest_route=\/wp\/v2\/posts\/67373\/revisions"}],"wp:featuredmedia":[{"embeddable":true,"href":"https:\/\/www.andandonagraca.org\/site\/index.php?rest_route=\/wp\/v2\/media\/67388"}],"wp:attachment":[{"href":"https:\/\/www.andandonagraca.org\/site\/index.php?rest_route=%2Fwp%2Fv2%2Fmedia&parent=67373"}],"wp:term":[{"taxonomy":"category","embeddable":true,"href":"https:\/\/www.andandonagraca.org\/site\/index.php?rest_route=%2Fwp%2Fv2%2Fcategories&post=67373"},{"taxonomy":"post_tag","embeddable":true,"href":"https:\/\/www.andandonagraca.org\/site\/index.php?rest_route=%2Fwp%2Fv2%2Ftags&post=67373"}],"curies":[{"name":"wp","href":"https:\/\/api.w.org\/{rel}","templated":true}]}}