{"id":67380,"date":"2022-07-04T11:32:41","date_gmt":"2022-07-04T14:32:41","guid":{"rendered":"https:\/\/www.andandonagraca.org\/site\/?p=67380"},"modified":"2022-08-17T09:13:35","modified_gmt":"2022-08-17T12:13:35","slug":"desperte-igreja-que-dorme","status":"publish","type":"post","link":"https:\/\/www.andandonagraca.org\/site\/?p=67380","title":{"rendered":"DESPERTE! Igreja que dorme!"},"content":{"rendered":"<p align=\"justify\"><span style=\"color: #121212;\"><span style=\"font-family: Palatino Linotype, serif;\"><span style=\"font-size: medium;\">M\u00e9todos, sistemas, copia e cola, \u00e9 a motiva\u00e7\u00e3o da maioria dos pastores das diversas denomina\u00e7\u00f5es existentes em todo o mundo. O que um grupo seleto determina como regra, todos os outros seguem, meros imitadores. O que sup\u00f5em dar \u201cfrutos\u201d ou resultados copiam e colam em suas denomina\u00e7\u00f5es.<\/span><\/span><\/span><\/p>\n<p style=\"padding-left: 40px;\" align=\"justify\"><span style=\"color: #121212;\"><span style=\"font-family: Palatino Linotype, serif;\"><span style=\"font-size: medium;\"><b>Leonard Ravenhill \u2013 <\/b><i>Irm\u00e3o, n\u00f3s poder\u00edamos ter a metade da capacidade intelectual que possu\u00edmos se f\u00f4ssemos duas vezes mais espirituais. A prega\u00e7\u00e3o \u00e9 uma tarefa espiritual. Um serm\u00e3o gerado na mente s\u00f3 atinge a mente de quem a ouve. Mas gerada no cora\u00e7\u00e3o, chega ao cora\u00e7\u00e3o. Um pregador espiritual, sob o poder de Deus, produz mentalidade espiritual em seus ouvintes. <\/i><\/span><\/span><\/span><\/p>\n<p style=\"padding-left: 40px;\" align=\"justify\"><span style=\"color: #121212;\"><span style=\"font-family: Palatino Linotype, serif;\"><span style=\"font-size: medium;\"><i>A un\u00e7\u00e3o n\u00e3o \u00e9 uma pombinha mansa esvoa\u00e7ando \u00e0 janela da alma do pregador; n\u00e3o. Pelo contr\u00e1rio; temos que batalhar por ela e conquist\u00e1-la. Tamb\u00e9m n\u00e3o \u00e9 algo que se aprenda; \u00e9 b\u00ean\u00e7\u00e3o que se obt\u00e9m pela ora\u00e7\u00e3o. Ela \u00e9 o pr\u00eamio que Deus concede ao combatente da f\u00e9, que luta em ora\u00e7\u00e3o, e consegue a vit\u00f3ria. E n\u00e3o \u00e9 com piadinhas e tiradas intelectuais que se chega \u00e0 vit\u00f3ria no p\u00falpito, n\u00e3o. Essa batalha \u00e9 ganha ou perdida antes mesmo de o pregador p\u00f4r os p\u00e9s l\u00e1. <\/i><\/span><\/span><\/span><\/p>\n<p style=\"padding-left: 40px;\" align=\"justify\"><span style=\"color: #121212;\"><span style=\"font-family: Palatino Linotype, serif;\"><span style=\"font-size: medium;\"><i>A un\u00e7\u00e3o \u00e9 como dinamite. N\u00e3o \u00e9 recebida pela imposi\u00e7\u00e3o de m\u00e3os, nem tampouco cria mofo se o pregador for lan\u00e7ado numa pris\u00e3o. Ela penetra e permeia a alma; abranda-a e tempera-a. E se o martelo da l\u00f3gica e o fogo do zelo humano n\u00e3o conseguirem quebrar o cora\u00e7\u00e3o de pedra, a un\u00e7\u00e3o o far\u00e1.<\/i><\/span><\/span><\/span><\/p>\n<h3 align=\"justify\"><span style=\"color: #121212;\"><span style=\"font-family: Palatino Linotype, serif;\"><span style=\"font-size: medium;\"><span style=\"color: #ff0000;\"><b>QUEM L\u00ca ENTENDA<\/b><\/span><span style=\"color: #ff0000;\">!<\/span> <\/span><\/span><\/span><\/h3>\n<p align=\"justify\"><span style=\"color: #121212;\"><span style=\"font-family: Palatino Linotype, serif;\"><span style=\"font-size: medium;\">Esses alertas e tantos outros foram escritos para que todos n\u00f3s creiamos na autoridade de Deus e nas autoridades institu\u00eddas por Ele. N\u00e3o precisamos de m\u00e9todos humanos, n\u00e3o precisamos de sistemas humanos, t\u00e3o pouco de prega\u00e7\u00f5es e ou mensagens frias, g\u00e9lidas, feitas apenas por conhecimento de semin\u00e1rios mortos (assemelhados a cemit\u00e9rios), meras teorias sem aplica\u00e7\u00f5es praticas espirituais, simplesmente com ostenta\u00e7\u00e3o de linguagem ou de sabedoria meramente humana, a sabedoria deste mundo e dos poderes que o governam e que est\u00e3o perdendo o seu poder.<\/span><\/span><\/span><\/p>\n<p align=\"justify\"><span style=\"color: #121212;\"><span style=\"font-family: Palatino Linotype, serif;\"><span style=\"font-size: medium;\">Criticas construtivas s\u00e3o sempre bem vindas, principalmente com respeito, com demonstra\u00e7\u00e3o de conhecimento do que est\u00e1 apontando, mostrando pela Palavra de Deus o que est\u00e1 certo ou errado. <\/span><\/span><\/span><\/p>\n<p align=\"justify\"><span style=\"color: #121212;\"><span style=\"font-family: Palatino Linotype, serif;\"><span style=\"font-size: medium;\">Posso apontar o que est\u00e1 certo ou errado genericamente, mas jamais lan\u00e7ar coment\u00e1rios de forma ofensiva. Respeito \u00e9 sempre bom! Recentemente li um coment\u00e1rio, feito por algu\u00e9m, na pagina de um pastor amigo e a quem tenho grande estima: \u201c<i>Quanta ignor\u00e2ncia dizer que o povo vai h\u00e1 casa do Senhor estude o novo pacto da gra\u00e7a n\u00f3s povo de Deus \u00e9 que somos a casa do Senhor estes louvores cheiram a ran\u00e7o tenha uma boa tarde n\u00e3o engane os filhos de Deus seja \u00edntegro<\/i>\u201d. Na altura n\u00e3o me disse absolutamente nada, apenas mostrou a falta de educa\u00e7\u00e3o, o desrespeito aos irm\u00e3os em Cristo, o desrespeito a uma congrega\u00e7\u00e3o da Igreja de Cristo e o desrespeito a um ministro do Evangelho.\u00a0<\/span><\/span><\/span><span style=\"color: #121212;\"><span style=\"font-family: Palatino Linotype, serif;\"><span style=\"font-size: medium;\">Varias horas depois, esse coment\u00e1rio voltou ao meu pensamento e quero destacar algumas tolices:<\/span><\/span><\/span><\/p>\n<p style=\"padding-left: 40px;\" align=\"justify\"><span style=\"color: #121212;\"> \u2013 <span style=\"font-family: Palatino Linotype, serif;\"><span style=\"font-size: medium;\">Novo pacto: algu\u00e9m que compreende o que \u00e9 o novo pacto, a nova alian\u00e7a, a maravilhosa gra\u00e7a de Deus n\u00e3o se comporta de forma desrespeitosa em nenhuma inst\u00e2ncia, ainda que tenha raz\u00e3o no pensamento (o que n\u00e3o \u00e9 o caso). Nesse caso, demonstrou que \u00e9 mais um que desconhece o verdadeiro significado do que \u00e9 Gra\u00e7a, Nova Alian\u00e7a, Ser crucificado com Cristo.<\/span><\/span><\/span><\/p>\n<p style=\"padding-left: 40px;\" align=\"justify\"><span style=\"color: #121212;\"><span style=\"font-family: Palatino Linotype, serif;\"><span style=\"font-size: medium;\">&#8211; Casa do Senhor: somos n\u00f3s, de fato! Por\u00e9m Jesus disse que onde estiverem 2 ou 3 reunidos em Seu nome ali Ele est\u00e1, bom, o lugar onde Ele est\u00e1 \u00e9 Santo, ent\u00e3o aquele local \u00e9 Casa do Senhor, quando os santos v\u00e3o embora, o lugar (ou espa\u00e7o f\u00edsico) volta a ser um simples pr\u00e9dio (podendo ser usado como dep\u00f3sito de bananas).<\/span><\/span><\/span><\/p>\n<p style=\"padding-left: 40px;\" align=\"justify\"><span style=\"color: #121212;\"><span style=\"font-family: Palatino Linotype, serif;\"><span style=\"font-size: medium;\">&#8211; Louvores cheiram a ran\u00e7o: logo a Palavra de Deus tamb\u00e9m cheira a ran\u00e7o para essa pessoa. N\u00e3o existem louvores novos, antigos ou velhos, existem louvores. Tamb\u00e9m n\u00e3o existe uma parada de sucessos com os louvores que devem ser tocados ou n\u00e3o nas reuni\u00f5es dos santos. Louvores que carregam a Palavra nunca envelhecem.<\/span><\/span><\/span><\/p>\n<p align=\"justify\"><span style=\"color: #121212;\"><span style=\"font-family: Palatino Linotype, serif;\"><span style=\"font-size: medium;\">O que cheira a ran\u00e7o \u00e9 a arrog\u00e2ncia de algumas pessoas, algumas coisas que acontecem no seio do povo dito evang\u00e9lico. Principalmente em tempo de redes sociais que deu voz e vez aos que t\u00eam comich\u00e3o nos ouvidos e aos pseudos mestres de plant\u00e3o que se sentem no direito de chamar um ministro do Evangelho de mentiroso e n\u00e3o integro. De fato existem os ministros mentirosos e sem integridade, por\u00e9m a esses, pessoas desse tipo que fez o coment\u00e1rio, n\u00e3o conseguem enxergar, pois os seguem cegamente sob o pretexto de um novo pacto que nada mais do que aquele denunciado pelo Ap\u00f3stolo Judas.<\/span><\/span><\/span><\/p>\n<p align=\"justify\"><span style=\"color: #121212;\"><span style=\"font-family: Palatino Linotype, serif;\"><span style=\"font-size: medium;\">O que significa ran\u00e7o? Certamente, voc\u00ea j\u00e1 escutou algu\u00e9m falar em \u201cter ran\u00e7o de algumas pessoas\u201d. A express\u00e3o, que ficou popular nas redes sociais, quer dizer repulsa, raiva, desprezo. Essas novas designa\u00e7\u00f5es atribu\u00edram mais um novo significado para a palavra, que j\u00e1 tinha mais de um sentido, um pouco diferentes do atual.<\/span><\/span><\/span><\/p>\n<p align=\"justify\"><span style=\"color: #121212;\"><span style=\"font-family: Palatino Linotype, serif;\"><span style=\"font-size: medium;\">O que \u00e9 ran\u00e7o? O sentido original da palavra, que surgiu em meados do s\u00e9culo 13, remete a algo que est\u00e1 malcheiroso ou que apresenta um sabor azedo. O dicion\u00e1rio Michaelis explica a palavra como \u201caltera\u00e7\u00e3o ou decomposi\u00e7\u00e3o que sofrem as subst\u00e2ncias gordurosas em contato com o ar, apresentando um cheiro caracter\u00edstico desagrad\u00e1vel e mau sabor\u201d. A palavra tamb\u00e9m pode ser usada para se referir ao cheiro de subst\u00e2ncias em situa\u00e7\u00e3o de umidade, como o mofo. Al\u00e9m disso, existe um verbo derivado da palavra, o ran\u00e7ar, que teve origem em 1858. Quer dizer o processo de decomposi\u00e7\u00e3o at\u00e9 que o alimento adquira a situa\u00e7\u00e3o de ran\u00e7o. Sendo assim, o alimento que est\u00e1 inserido neste processo, \u201cran\u00e7a\u201d, \u201cest\u00e1 ran\u00e7ando\u201d. E mais: tamb\u00e9m pode trazer a no\u00e7\u00e3o de algo que est\u00e1 em condi\u00e7\u00e3o de velharia, algo antiquado, ultrapassado do tempo, como na frase \u201cEsse livro traz o ran\u00e7o de cita\u00e7\u00f5es, longas e repetidas\u201d. Ent\u00e3o a Palavra de Deus falada e cantada cheira a ran\u00e7o, o pregador est\u00e1 ultrapassado, est\u00e1 velho demais, as atividades servem apenas para \u201cencher lingui\u00e7a\u201d?<\/span><\/span><\/span><\/p>\n<p style=\"padding-left: 40px;\" align=\"justify\"><span style=\"color: #121212;\"><span style=\"font-family: Palatino Linotype, serif;\"><span style=\"font-size: medium;\"><b>Tiago 5:19-20<\/b> \u2013 Meus irm\u00e3os, se algum de voc\u00eas se desviar da verdade e for trazido de volta, saibam que quem trouxer o pecador de volta de seu desvio o salvar\u00e1 da morte e trar\u00e1 perd\u00e3o para muitos pecados. <\/span><\/span><\/span><\/p>\n<p align=\"justify\"><span style=\"color: #121212;\"><span style=\"font-family: Palatino Linotype, serif;\"><span style=\"font-size: medium;\">IGREJA \u2013 Quando os alertas da Palavra de Deus s\u00e3o publicados, a inten\u00e7\u00e3o \u00e9 trazer de volta os queridos irm\u00e3os que se desviaram da Verdade, que est\u00e3o no erro, atr\u00e1s de falsos profetas, falsos ap\u00f3stolos e falsos mestres.\u00a0<\/span><\/span><\/span><span style=\"color: #121212;\"><span style=\"font-family: Palatino Linotype, serif;\"><span style=\"font-size: medium;\">Por vezes, alguns pensam que a inten\u00e7\u00e3o \u00e9 atacar quem quer que seja, de modo algum, mas \u00e9 imposs\u00edvel ficar quieto diante de tantos desmandos e tantos ataques sobre o povo de Deus.\u00a0<\/span><\/span><\/span><span style=\"color: #121212;\"><span style=\"font-family: Palatino Linotype, serif;\"><span style=\"font-size: medium;\">Infelizmente, h\u00e1 tanta cegueira, muita doutrina \u201ccarne mo\u00edda\u201d, e as pessoas aceitam qualquer coisa, n\u00e3o questionam, n\u00e3o buscam, n\u00e3o leem a B\u00edblia. Suas vidas mais parecem uma montanha-russa cheia de altos e baixos, ou um carrossel que gira, gira e volta ao mesmo lugar. <\/span><\/span><\/span><\/p>\n<p align=\"justify\"><span style=\"color: #121212;\"><span style=\"font-family: Palatino Linotype, serif;\"><span style=\"font-size: medium;\">N\u00e3o seja levada pela mar\u00e9, n\u00e3o seja levada pela multid\u00e3o. Raciocine, pense, reflita, indague, pergunte, questione, compare, analise, ore, leia, estude, chega de enganos. Enxergue, caia as escamas dos olhos, seja liberta em nome de Jesus Cristo. Deus quer restaurar a vis\u00e3o do Seu povo, por isso tem enviado muitos avisos atrav\u00e9s de Seus ministros. <\/span><\/span><\/span><\/p>\n<p align=\"justify\"><span style=\"color: #121212;\"><span style=\"font-family: Palatino Linotype, serif;\"><span style=\"font-size: medium;\">O s\u00e1bio interpela, pergunta, pensa, reflete, pondera, examina, analisa, compara, se palavras e a\u00e7\u00f5es est\u00e3o de acordo com as Escrituras Sagradas. O s\u00e1bio n\u00e3o segue cegamente e n\u00e3o aceita o que querem lhe impor sem primeiro examinar as Escrituras para saber se realmente \u00e9 assim. <\/span><\/span><\/span><\/p>\n<p align=\"justify\"><span style=\"color: #121212;\"><span style=\"font-family: Palatino Linotype, serif;\"><span style=\"font-size: medium;\">Quanta gente seguindo \u201cprofetas\u201d, encontros prof\u00e9ticos, semin\u00e1rios prof\u00e9ticos, atos prof\u00e9ticos, e tudo o que dizem que \u00e9 prof\u00e9tico. Como \u00e9 importante ter a vis\u00e3o correta, ter a vis\u00e3o de quem \u00e9 o nosso DEUS. Quantas pessoas est\u00e3o sendo enganadas por falsos profetas, sendo \u201cativados profeticamente\u201d, ou ent\u00e3o, exigindo &#8220;acelera\u00e7\u00e3o sobre ora\u00e7\u00f5es\u201d. Tantos termos e express\u00f5es. SEM VIS\u00c3O DIVINA O POVO SE DESVIA E PERECE! Quanta gente seguindo o semin\u00e1rio da moda, a universidade que oferece mensagens mastigadas, para n\u00e3o ter o trabalho de estudar, refletir, meditar.<\/span><\/span><\/span><\/p>\n<p align=\"justify\"><span style=\"color: #121212;\"><span style=\"font-family: Palatino Linotype, serif;\"><span style=\"font-size: medium;\">Voc\u00ea sabia que as Escrituras s\u00e3o prof\u00e9ticas e o profeta Jeremias declarou: \u201c<i>Os profetas que houve antes de mim e antes de ti, desde a antiguidade, profetizaram contra muitas terras e contra grandes reinos guerra, e mal, e peste. O profeta que profetizar paz, somente quando se cumprir a palavra desse profeta \u00e9 que ser\u00e1 conhecido como aquele a quem o Senhor, na verdade, enviou<\/i>\u201d (Jeremias 28:8-9). E mais: \u201ccuram\u201d<i> a ferida da filha do povo do Senhor levianamente, dizendo: Paz, paz; quando n\u00e3o h\u00e1 paz<\/i>&#8221; (Jeremias 6:14).<\/span><\/span><\/span><\/p>\n<p align=\"justify\"><span style=\"color: #121212;\"><span style=\"font-family: Palatino Linotype, serif;\"><span style=\"font-size: medium;\">Muitas pessoas t\u00eam a tend\u00eancia de seguir a multid\u00e3o, imitar o que outros fazem, seguir a moda, ir conforme o fluxo, nadar a favor da mar\u00e9, ir atr\u00e1s da maioria. Que grande perigo! Voc\u00ea sabia que os peixes vivos nadam contra a correnteza, apenas os mortos \u201cnadam\u201d a favor dela? <\/span><\/span><\/span><\/p>\n<p align=\"justify\"><span style=\"color: #121212;\"><span style=\"font-family: Palatino Linotype, serif;\"><span style=\"font-size: medium;\">Nesse tipo de motiva\u00e7\u00e3o, os ne\u00f3fitos (convertido h\u00e1 pouco tempo), e mesmo que n\u00e3o o seja, e j\u00e1 esteja na denomina\u00e7\u00e3o a muitos anos, mas s\u00e3o novatos no minist\u00e9rio (\u201cungidos\u201d n\u00e3o por chamada de Deus mas por chamada dos homens), entendem que devem afrontar a lideran\u00e7a estabelecida por Deus copiando e colando esses m\u00e9todos e sistemas determinados por pessoas sem vida com Deus, sem experiencia profunda com o Espirito Santo, sem gra\u00e7a e sem vida espiritual, confirmam o que o Ap\u00f3stolo Paulo disse ao jovem Tim\u00f3teo que aconteceria: <i>Pois vai chegar o tempo em que as pessoas n\u00e3o v\u00e3o dar aten\u00e7\u00e3o ao verdadeiro ensinamento, mas seguir\u00e3o os seus pr\u00f3prios desejos. E arranjar\u00e3o para si mesmas uma por\u00e7\u00e3o de mestres, que v\u00e3o dizer a elas o que elas querem ouvir. <\/i><i>Essas pessoas deixar\u00e3o de ouvir a verdade para dar aten\u00e7\u00e3o \u00e0s lendas <\/i>(1\u00aa Tim\u00f3teo 4:3-4).<\/span><\/span><\/span><\/p>\n<p align=\"justify\"><span style=\"color: #121212;\"><span style=\"font-family: Palatino Linotype, serif;\"><span style=\"font-size: medium;\">A alega\u00e7\u00e3o desses ne\u00f3fitos \u00e9 que a vis\u00e3o original cheira a mofo, a ran\u00e7o. Honrar o \u201canjo da igreja\u201d, ou seja, o anci\u00e3o que continua pastoreando, sendo sustentado e fortalecido por Deus (apesar da avan\u00e7ada idade) \u00e9 ser adulador, <\/span><\/span><\/span><span style=\"color: #121212;\"><span style=\"font-family: Palatino Linotype, serif;\"><span style=\"font-size: medium;\">b<\/span><\/span><\/span><span style=\"color: #121212;\"><span style=\"font-family: Palatino Linotype, serif;\"><span style=\"font-size: medium;\">ajulador. <\/span><\/span><\/span><span style=\"color: #121212;\"><span style=\"font-family: Palatino Linotype, serif;\"><span style=\"font-size: medium;\">No pensamento deturpado dessa pseudo gera\u00e7\u00e3o de \u201cpastores\u201d, quem assim faz \u00e9 porque tem interesses escusos. No entanto, essa gera\u00e7\u00e3o de \u201cpastores\u201d n\u00e3o percebe que os interesses escusos s\u00e3o deles mesmos, porque n\u00e3o entendem que sobre eles est\u00e1 o esp\u00edrito de Absal\u00e3o <\/span><\/span><\/span><span style=\"color: #121212;\"><span style=\"font-family: Palatino Linotype, serif;\"><span style=\"font-size: medium;\">(2\u00ba Samuel 13 e 14) <\/span><\/span><\/span><span style=\"color: #121212;\"><span style=\"font-family: Palatino Linotype, serif;\"><span style=\"font-size: medium;\">, que apesar do seu nome significar Pai de Paz, sendo o terceiro filho de Davi, tornou-se inimigo do pai, era um rebelde que tentou usurpar o trono de seu pai. <\/span><\/span><\/span><\/p>\n<p align=\"justify\"><span style=\"color: #121212;\"><span style=\"font-family: Palatino Linotype, serif;\"><span style=\"font-size: medium;\">\u00c9 interessante como a hist\u00f3ria se repete, confirmando mais uma vez o que disse Salom\u00e3o em <\/span><\/span><\/span><span style=\"color: #121212;\"><span style=\"font-family: Palatino Linotype, serif;\"><span style=\"font-size: medium;\">Eclesiastes 1:9-11: <\/span><\/span><\/span><span style=\"color: #121212;\"><span style=\"font-family: Palatino Linotype, serif;\"><span style=\"font-size: medium;\"><i>O que aconteceu antes vai acontecer outra vez. O que foi feito antes ser\u00e1 feito novamente. N\u00e3o h\u00e1 nada de novo neste mundo. Ser\u00e1 que existe alguma coisa de que a gente possa dizer: \u201cVeja! Isto nunca aconteceu no mundo\u201d? N\u00e3o! Tudo j\u00e1 aconteceu antes, bem antes de n\u00f3s nascermos. Ningu\u00e9m lembra do que aconteceu no passado; quem vier depois das coisas que v\u00e3o acontecer no futuro tamb\u00e9m n\u00e3o vai lembrar delas <\/i><\/span><\/span><\/span><span style=\"color: #121212;\"><span style=\"font-family: Palatino Linotype, serif;\"><span style=\"font-size: medium;\">(<\/span><\/span><\/span><span style=\"color: #121212;\"><span style=\"font-family: Palatino Linotype, serif;\"><span style=\"font-size: medium;\">NTLH). <\/span><\/span><\/span><span style=\"color: #121212;\"><span style=\"font-family: Palatino Linotype, serif;\"><span style=\"font-size: medium;\"><i>A hist\u00f3ria simplesmente se repete. O que foi feito antes ser\u00e1 feito outra vez. Nada debaixo do sol \u00e9 realmente novo. De vez em quando, algu\u00e9m diz: \u201cIsto \u00e9 novidade!\u201d. O fato, por\u00e9m, \u00e9 que nada \u00e9 realmente novo. N\u00e3o nos lembramos do que aconteceu no passado, e as gera\u00e7\u00f5es futuras tampouco se lembrar\u00e3o do que fazemos hoje.<\/i><\/span><\/span><\/span><\/p>\n<p align=\"justify\"><span style=\"color: #121212;\"><span style=\"font-family: Palatino Linotype, serif;\"><span style=\"font-size: medium;\">A hist\u00f3ria simplesmente se repete \u2013 da mesma forma vemos, hoje, as grandes abomina\u00e7\u00f5es que essa gera\u00e7\u00e3o de \u201cpastores\u201d faz, para afastar o Senhor do Seu santu\u00e1rio, do Seu povo santo. Por imita\u00e7\u00e3o das \u201cgrandes\u201d lideran\u00e7as evang\u00e9licas, essa nova gera\u00e7\u00e3o, tamb\u00e9m \u00e9 calculista, carnal, fria como um peda\u00e7o de carne crua, e tudo o que \u00e9 realmente espiritual, chancelado pelo Espirito Santo, n\u00e3o \u00e9 bem vindo, apenas as manifesta\u00e7\u00f5es superficiais de espiritualidade alimentadas pela alma e por emocionalismos.<\/span><\/span><\/span><\/p>\n<p align=\"justify\"><span style=\"color: #121212;\"><span style=\"font-family: Palatino Linotype, serif;\"><span style=\"font-size: medium;\">Interessante notar que Absal\u00e3o era admirado por sua beleza, sem defeito, not\u00e1vel por sua longa cabeleira. O mesmo acontece com essa gera\u00e7\u00e3o de \u201cpastores\u201d, parecem ser not\u00e1veis, seguindo a moda, apresenta\u00e7\u00e3o bela e impec\u00e1vel com seus gr\u00e1ficos e imagens projetadas nas grandes telas dos \u201ctemplos\u201d, bons faladores e contadores de \u201chist\u00f3rias\u201d, <\/span><\/span><\/span><span style=\"color: #121212;\"><span style=\"font-family: Palatino Linotype, serif;\"><span style=\"font-size: medium;\">por\u00e9m n\u00e3o passam de rebeldes e usurpadores tal e qual Absal\u00e3o!<\/span><\/span><\/span><\/p>\n<p align=\"justify\"><span style=\"color: #121212;\"><span style=\"font-family: Palatino Linotype, serif;\"><span style=\"font-size: medium;\">Absal\u00e3o foi um homem de paci<\/span><\/span><\/span><span style=\"color: #121212;\"><span style=\"font-family: Palatino Linotype, serif;\"><span style=\"font-size: medium;\">\u00ea<\/span><\/span><\/span><span style=\"color: #121212;\"><span style=\"font-family: Palatino Linotype, serif;\"><span style=\"font-size: medium;\">ncia e estrat<\/span><\/span><\/span><span style=\"color: #121212;\"><span style=\"font-family: Palatino Linotype, serif;\"><span style=\"font-size: medium;\">\u00e9<\/span><\/span><\/span><span style=\"color: #121212;\"><span style=\"font-family: Palatino Linotype, serif;\"><span style=\"font-size: medium;\">gias, e assim tra\u00e7ou os seus planos para substituir a seu pai no trono. Com ast\u00facia, Absal\u00e3o convenceu a muitos para a sua causa, dando a entender que seria melhor juiz que seu pai. Os planos de Absal\u00e3o come\u00e7aram a se concretizar. Ap\u00f3s quatro anos de seu retorno de Gesur a Jerusal\u00e9m, ele j\u00e1 se encontrava preparado para dar o seu golpe. Retirou-se para Hebrom e ali se declarou rei. Contava com o apoio de grande parte da popula\u00e7\u00e3o e Davi teve que deixar Jerusal\u00e9m e ir para Maanaim, do outro lado do rio Jord\u00e3o, para se proteger e planejar sua resist\u00eancia. Quando Absal\u00e3o descobriu que Davi n\u00e3o se encontrava mais em Jerusal\u00e9m, foi para l\u00e1 e se apossou do poder sem qualquer resist\u00eancia. Absal\u00e3o, seguindo conselhos de Aitofel, (que fora conselheiro de Davi), perseguiu a Davi procurando n\u00e3o lhe dar tempo do golpe sofrido. Husai que havia sido enviado por Davi para ajud\u00e1-lo junto a Absal\u00e3o, procurando ganhar tempo, convenceu a Absal\u00e3o para reunir primeiro um contingente maior de for\u00e7as que lhe garantisse a vit\u00f3ria. Isso feito, Davi teve tempo para reunir uma for\u00e7a poderosa, tr\u00eas divis\u00f5es comandadas por Joabe, Abisai e Itai.<\/span><\/span><\/span><\/p>\n<p align=\"justify\"><span style=\"color: #121212;\"><span style=\"font-family: Palatino Linotype, serif;\"><span style=\"font-size: medium;\">Joabe, que era o comandante-em-chefe usou a t\u00e1tica de atrair o advers\u00e1rio para os bosques, para ent\u00e3o cerc\u00e1-lo. Fazendo assim, a maioria dos homens de Absal\u00e3o foi destru\u00edda com facilidade, enquanto o restante fugiu. Isso se passou na floresta de Efraim. Quando Absal\u00e3o fugia em uma mula ligeira, conforme 2\u00ba Samuel 18:9 sua cabe\u00e7a ficou presa no carvalho e ele ficou suspenso no ar. Embora Davi tenha dado a ordem para que n\u00e3o o matassem, Joabe o transpassou com tr\u00eas dardos, depois dez jovens que levavam as armas de Joabe feriram a Absal\u00e3o e o matou. Seu corpo foi jogado em uma cova, com um monte de pedras por cima em cerca de 967 a.C..<\/span><\/span><\/span><\/p>\n<p align=\"justify\"><span style=\"color: #121212;\"><span style=\"font-family: Palatino Linotype, serif;\"><span style=\"font-size: medium;\">O amor de Davi por Absal\u00e3o sempre permaneceu o mesmo e a not\u00edcia de sua morte causou-lhe uma profunda tristeza. Davi parece ter sido um pai amoroso, mas fraco, por dar prefer\u00eancias a um em detrimento de outro, o que talvez explicasse o desvio de Absal\u00e3o. A hist\u00f3ria simplesmente se repete \u2013 <\/span><\/span><\/span><span style=\"color: #121212;\"><span style=\"font-family: Palatino Linotype, serif;\"><span style=\"font-size: medium;\">os \u201cpais\u201d dos \u201cAbsal\u00e3o\u201d (<\/span><\/span><\/span><span style=\"color: #121212;\"><span style=\"font-family: Palatino Linotype, serif;\"><span style=\"font-size: medium;\"><i>essa<\/i><\/span><\/span><\/span><span style=\"color: #121212;\"><span style=\"font-family: Palatino Linotype, serif;\"><span style=\"font-size: medium;\"><i> gera\u00e7\u00e3o de \u201cpastores\u201d <\/i><\/span><\/span><\/span><span style=\"color: #121212;\"><span style=\"font-family: Palatino Linotype, serif;\"><span style=\"font-size: medium;\"><i>moderninhos, cheios de emp\u00e1fia, arrog\u00e2ncia, pretens\u00e3o, insol\u00eancia, soberba<\/i><\/span><\/span><\/span><span style=\"color: #121212;\"><span style=\"font-family: Palatino Linotype, serif;\"><span style=\"font-size: medium;\">) sofrem ao ver seus \u201cfilhos\u201d seguindo por esse caminho nefasto, e a semelhan\u00e7a de Davi, n\u00e3o usam a autoridade divina para impor essa autoridade ou tomar a posi\u00e7\u00e3o e \u201cpermitem\u201d que os \u201cAbsal\u00e3o\u201d executem seus intentos. <\/span><\/span><\/span><\/p>\n<p align=\"justify\"><span style=\"color: #121212;\"><span style=\"font-family: Palatino Linotype, serif;\"><span style=\"font-size: medium;\">A hist\u00f3ria simplesmente se repete \u2013 Os muitos Absal\u00e3o com paci\u00eancia, estrat\u00e9gias e ast\u00facia, convencem a alguns para a sua causa, dando a entender que seriam melhores pastores do que seu \u201cpai\u201d, do que o \u201canjo\u201d estabelecido por Deus. <\/span><\/span><\/span><\/p>\n<p align=\"justify\"><span style=\"color: #121212;\"><span style=\"font-family: Palatino Linotype, serif;\"><span style=\"font-size: medium;\">A hist\u00f3ria simplesmente se repete \u2013 porque pastores mais velhos se assemelham a Saul e s\u00e3o desobedientes diretamente a Deus. A imaturidade de Saul fadaram seu reinado ao fracasso, em sua arrog\u00e2ncia usurpou fun\u00e7\u00f5es sacerdotais e violou as leis de Mois\u00e9s quanto aos aspectos de guerra.<\/span><\/span><\/span><\/p>\n<p align=\"justify\"><span style=\"color: #121212;\"><span style=\"font-family: Palatino Linotype, serif;\"><span style=\"font-size: medium;\"><b>Os tr\u00eas grandes erros cometidos pelo rei Saul<\/b><\/span><\/span><\/span><\/p>\n<p style=\"padding-left: 40px;\" align=\"justify\"><span style=\"color: #121212;\"><span style=\"font-family: Palatino Linotype, serif;\"><span style=\"font-size: medium;\">1) Saul tentou usurpar o of\u00edcio sacerdotal. Antes da batalha contra os filisteus, Saul se mostrou impaciente e ofereceu sacrif\u00edcio em Gilgal. Quando Samuel chegou at\u00e9 ele, o rei Saul escutou a primeira profecia de que havia sido rejeitado por Deus como rei, e que o Senhor j\u00e1 estava providenciando um \u201c<i>homem segundo o seu cora\u00e7\u00e3o<\/i>\u201d (1\u00ba Samuel 13:7-14).<\/span><\/span><\/span><\/p>\n<p style=\"padding-left: 40px;\" align=\"justify\"><span style=\"color: #121212;\"><span style=\"font-family: Palatino Linotype, serif;\"><span style=\"font-size: medium;\">2) Saul desobedeceu mais uma vez ao Senhor quando desprezou a ordem divina para destruir todos os amalequitas. Saul resolveu poupar o rei Agague bem como o melhor dos animais daquele povo conquistado. Naquela ocasi\u00e3o mais uma vez o rei Saul escutou a repreens\u00e3o e a reprova\u00e7\u00e3o de Deus atrav\u00e9s do profeta Samuel. Foi nesse epis\u00f3dio que Samuel proferiu as conhecidas palavras: \u201c<i>Eis que \u00e9 melhor obedecer do que sacrificar<\/i>\u201d (1\u00ba Samuel 15:22,23). O fato de o rei Saul ter poupado o rei amalequita contrariando a ordem de Deus, contrasta com o caso em que ele executaria seu pr\u00f3prio filho, J\u00f4natas, quando por ignor\u00e2ncia o rapaz desobedeceu a uma ordem sua. Ap\u00f3s esse incidente envolvendo os amalequitas, Samuel se afastou completamente de Saul. Logo depois, o profeta ungiu Davi como sucessor de Saul no trono de Israel cumprindo a ordem do Senhor.<\/span><\/span><\/span><\/p>\n<p style=\"padding-left: 40px;\" align=\"justify\"><span style=\"color: #121212;\"><span style=\"font-family: Palatino Linotype, serif;\"><span style=\"font-size: medium;\">3) Saul confirmou sua terr\u00edvel condi\u00e7\u00e3o in\u00edqua quando procurou ajuda de uma feiticeira em En-Dor pedindo-lhe que trouxesse o esp\u00edrito de Samuel dos mortos. Ele estava desesperado, e procurava alguma mensagem de esperan\u00e7a antes de sua batalha. \u00c9 muito discutido entre os estudiosos o que realmente aconteceu naquela ocasi\u00e3o. Seja como for, Saul pela terceira vez teve de escutar que seu reino havia chegado ao fim, que sua morte estava pr\u00f3xima e que naquela altura Davi j\u00e1 era seu sucessor oficial (1\u00ba Samuel 28:19).<\/span><\/span><\/span><\/p>\n<p align=\"justify\"><span style=\"color: #121212;\"><span style=\"font-family: Palatino Linotype, serif;\"><span style=\"font-size: medium;\">O final do reinado do rei Saul foi tr\u00e1gico e melanc\u00f3lico. Cada vez mais ele foi se afastando do Senhor. Inclusive, ele foi perdendo suas caracter\u00edsticas, tornando um homem depressivo, medroso e perturbado (1\u00ba Samuel 16:14; 19:9). Alguns int\u00e9rpretes consideram poss\u00edvel que Saul at\u00e9 tenha se tornado um tipo de doente mental com epis\u00f3dios de esquizofrenia (1\u00ba Samuel 16-19). A B\u00edblia diz que um \u201cesp\u00edrito mau da parte do Senhor\u201d atormentava Saul. Davi at\u00e9 serviu para acalm\u00e1-lo tocando sua harpa (1\u00ba Samuel 16:23). Mas Saul tamb\u00e9m perseguiu ferozmente a Davi, impulsionado por um ci\u00fame mortal (1\u00ba Samuel 18-20). Saul chegou a executar uma linhagem inteira de sacerdotes em Nobe por Aimeleque ter ajudado Davi (1\u00ba Samuel 21-22).<\/span><\/span><\/span><\/p>\n<p align=\"justify\"><span style=\"color: #121212;\"><span style=\"font-family: Palatino Linotype, serif;\"><span style=\"font-size: medium;\">Davi teve a oportunidade de matar Saul duas vezes, mas poupou-lhe sua vida afirmando que n\u00e3o podia tocar no ungido do Senhor (1\u00ba Samuel 24; 26). Mas finalmente o reinado e a vida de Saul chegaram ao fim em uma desastrosa batalha contra os velhos inimigos filisteus. No monte Gilboa, e ele e tr\u00eas de seus filhos morreram, entre eles J\u00f4natas, amigo de Davi. Temendo ser capturado pelo ex\u00e9rcito advers\u00e1rio, Saul lan\u00e7ou-se sobre sua pr\u00f3pria espada. No outro dia, quando os filisteus come\u00e7aram a recolher os despojos dos mortos no campo de batalha, encontram o corpo de Saul. Ent\u00e3o eles cortaram sua cabe\u00e7a, penduraram seu corpo no muro de Bete-S\u00e3 para vergonha p\u00fablica, e levaram suas armas para o templo de Dagom em Astarote (1\u00ba Samuel 31).<\/span><\/span><\/span><\/p>\n<p align=\"justify\"><span style=\"color: #121212;\"><span style=\"font-family: Palatino Linotype, serif;\"><span style=\"font-size: medium;\">Tanto Saul quanto Absal\u00e3o, cada um em sua \u00e9poca, tiveram que prestar contas a Deus dos seus atos tresloucados, dos seus desmandos contra a autoridade divina. E para ambos o fim foi terr\u00edvel, quando o ju\u00edzo de Deus foi manifesto.<\/span><\/span><\/span><\/p>\n<p align=\"justify\"><span style=\"color: #121212;\"><span style=\"font-family: Palatino Linotype, serif;\"><span style=\"font-size: medium;\">Eu vou relatar mais uma hist\u00f3ria para que voc\u00ea compreenda os nossos dias, pois nada difere dos nossos tempos e da maioria dos ditos profetas dos nossos dias. Compreender\u00e1 tamb\u00e9m porque a verdade incomoda tanto, a tal ponto de difamarem e agredirem os verdadeiros profetas do Senhor, porque preferem seguir os profetas famosos, que est\u00e3o debaixo dos holofotes, profetizando paz, prosperidade, riquezas, bens materiais, inflando egos e exaltando \u00eddolos sobre pilares e altares. O s\u00e1bio interpela, pergunta, pensa, reflete, pondera, examina, analisa, compara, se palavras e a\u00e7\u00f5es est\u00e3o de acordo com as Escrituras Sagradas. <\/span><\/span><\/span><\/p>\n<p style=\"padding-left: 40px;\" align=\"justify\"><span style=\"color: #121212;\"><span style=\"font-family: Palatino Linotype, serif;\"><span style=\"font-size: medium;\">Acabe e Josafa iam a guerra (2\u00b0 Cr\u00f4nicas 18). Ent\u00e3o Josafa quis consultar o Senhor. Acabe organizou um encontro prof\u00e9tico, 400 profetas profetizando, at\u00e9 ato prof\u00e9tico teve, Zedequias, fez para si uns chifres de ferro e disse: Assim diz o Senhor: &#8220;Com estes, ferir\u00e1s aos siros, at\u00e9 de todo os consumires&#8221;. E todos os profetas profetizavam o mesmo, dizendo: &#8220;Sobe a Ramote-Gileade e prosperar\u00e1s, porque o Senhor a dar\u00e1 nas m\u00e3os do rei. Esse Zedequias parece que era o fundador do conselho prof\u00e9tico internacional e facilitador do conselho prof\u00e9tico ali do s\u00edtio, tamb\u00e9m atuava como membro honor\u00e1rio do conselho apost\u00f3lico de anci\u00e3os prof\u00e9ticos, gente muito importante. <\/span><\/span><\/span><\/p>\n<p style=\"padding-left: 40px;\" align=\"justify\"><span style=\"color: #121212;\"><span style=\"font-family: Palatino Linotype, serif;\"><span style=\"font-size: medium;\">Por\u00e9m Josaf\u00e1 n\u00e3o sentia paz com tudo aquilo e disse: \u201cN\u00e3o h\u00e1 ainda aqui profeta algum do Senhor, para que o consultemos\u201d? Acabe disse a Josafa: &#8220;Ainda h\u00e1 um homem por quem podemos consultar o Senhor; por\u00e9m eu o aborre\u00e7o, porque nunca profetiza de mim bem, sen\u00e3o sempre mar. <\/span><\/span><\/span><\/p>\n<p style=\"padding-left: 40px;\" align=\"justify\"><span style=\"color: #121212;\"><span style=\"font-family: Palatino Linotype, serif;\"><span style=\"font-size: medium;\">Mandaram chamar Mica\u00edas, mas o oficial que tinha ido buscar Mica\u00edas j\u00e1 foi dando um recado: &#8220;Todos os outros profetas profetizaram que o rei ter\u00e1 sucesso. \u00c9 melhor que voc\u00ea fa\u00e7a o mesmo&#8221;. Mica\u00edas respondeu: &#8220;Juro pelo Senhor, o Deus vivo, que eu falarei o que o meu Deus mandai&#8221;! <\/span><\/span><\/span><\/p>\n<p style=\"padding-left: 40px;\" align=\"justify\"><span style=\"color: #121212;\"><span style=\"font-family: Palatino Linotype, serif;\"><span style=\"font-size: medium;\">Quando Mica\u00edas chegou ao lugar onde estava o rei Acabe, este perguntou: &#8220;Mica\u00edas, o rei Josaf\u00e1 e eu devemos atacar a cidade de Ramote ou n\u00e3o&#8221;? Mica\u00edas respondeu: &#8220;Ataquem, pois vencer\u00e3o. Deus lhes dar\u00e1 a vit\u00f3ria&#8221;. Mas Acabe disse: &#8220;Quando voc\u00ea falar comigo em nome do Senhor Deus, diga a verdade! Quantas vezes preciso dizer isso&#8221;? <\/span><\/span><\/span><\/p>\n<p style=\"padding-left: 40px;\" align=\"justify\"><span style=\"color: #121212;\"><span style=\"font-family: Palatino Linotype, serif;\"><span style=\"font-size: medium;\">Mica\u00edas respondeu: \u201cVejo o ex\u00e9rcito de Israel espalhado pelos morros como ovelhas sem pastor. E o Senhor Deus diz: \u201dEstes homens n\u00e3o t\u00eam chefe; que eles voltem para casa em paz.&#8221; <\/span><\/span><\/span><\/p>\n<p style=\"padding-left: 40px;\" align=\"justify\"><span style=\"color: #121212;\"><span style=\"font-family: Palatino Linotype, serif;\"><span style=\"font-size: medium;\">Ent\u00e3o Acabe disse a Josafat: \u201cEu n\u00e3o disse que para mim ele nunca profetiza coisas boas? Ele sempre diz alguma coisa ruim\u201d! <\/span><\/span><\/span><\/p>\n<p style=\"padding-left: 40px;\" align=\"justify\"><span style=\"color: #121212;\"><span style=\"font-family: Palatino Linotype, serif;\"><span style=\"font-size: medium;\">Mica\u00edas continuou: &#8220;. Agora escutem o que o Senhor Deus est\u00e1 dizendo! Eu vi o Senhor sentado no seu trono no c\u00e9u, com todos os anjos \u00e0 sua direita e \u00e0 sua esquerda. Ele perguntou: &#8220;Quem enganar\u00e1 Acabe para que ele v\u00e1 a Ramote e seja morto l\u00e1?&#8221; Alguns anjos disseram uma coisa, e outros disseram outra, at\u00e9 que um esp\u00edrito chegou perto do Senhor Deus e disse: &#8220;Eu enganarei Acabe.&#8221; O Senhor perguntou: &#8220;Como?&#8221; E o esp\u00edrito respondeu: &#8220;Eu irei e farei com que todos os profetas de Acabe digam mentiras.&#8221; Ent\u00e3o o Senhor ordenou: &#8220;V\u00e1 e engane Acabe. Voc\u00ea conseguir\u00e1.&#8221; E Mica\u00edas terminou, dizendo a Acabe: &#8220;O Senhor est\u00e1 vendo agora que o Senhor Deus fez com que todos estes seus profetas mentissem. Mas Ele resolveu que vai acontecer uma desgra\u00e7a com o Senhor, \u00f3 rei&#8217;. <\/span><\/span><\/span><\/p>\n<p style=\"padding-left: 40px;\" align=\"justify\"><span style=\"color: #121212;\"><span style=\"font-family: Palatino Linotype, serif;\"><span style=\"font-size: medium;\">O profeta Zedequias chegou perto de Mica\u00edas, deu um tapa na cara dele e perguntou: &#8220;Quando foi que o Esp\u00edrito do Senhor saiu de mim e falou com voc\u00ea&#8221;? Mica\u00edas respondeu rapidamente: &#8220;Voc\u00ea descobrir\u00e1 isso quando entrar em algum quarto dos fundos, tentando se escondei&#8221;! O rei Acabe deu a seguinte ordem a um dos seus oficiais: &#8220;Prenda Mica\u00edas e o leve a Amom, o governador da cidade, e ao pr\u00edncipe Jo\u00e1s, Diga a eles que o joguem na cadeia e o ponham a p\u00e3o e \u00e1gua at\u00e9 que eu volte s\u00e3o e salvo&#8221;. <\/span><\/span><\/span><\/p>\n<p style=\"padding-left: 40px;\" align=\"justify\"><span style=\"color: #121212;\"><span style=\"font-family: Palatino Linotype, serif;\"><span style=\"font-size: medium;\">Mica\u00edas exclamou: \u201cSe o Senhor, \u00f3 rei, voltar em paz, ent\u00e3o, de fato, o Senhor Deus n\u00e3o falou por meio de mim\u201d! E disse tamb\u00e9m: &#8220;Todos aqui deem aten\u00e7\u00e3o \u00e0quilo que eu profetize?! <\/span><\/span><\/span><\/p>\n<p align=\"justify\"><span style=\"color: #121212;\"><span style=\"font-family: Palatino Linotype, serif;\"><span style=\"font-size: medium;\">J\u00e1 consegue entender?\u00a0<\/span><\/span><\/span><span style=\"color: #121212;\"><span style=\"font-family: Palatino Linotype, serif;\"><span style=\"font-size: medium;\">Essas hist\u00f3rias e fatos n\u00e3o s\u00e3o semelhantes aos dos nossos dias? <\/span><\/span><\/span><\/p>\n<p style=\"padding-left: 40px;\" align=\"justify\"><span style=\"color: #121212;\"><span style=\"font-family: Palatino Linotype, serif;\"><span style=\"font-size: medium;\"><b>Ef\u00e9sios 5:10\u202d-\u202c14 NVT<\/b> &#8211; Procurem descobrir o que agrada ao Senhor. N\u00e3o participem dos feitos in\u00fateis do mal e da escurid\u00e3o; antes, mostrem sua reprova\u00e7\u00e3o expondo-os \u00e0 luz. \u00c9 vergonhoso at\u00e9 mesmo falar daquilo que os maus fazem em segredo. Suas m\u00e1s inten\u00e7\u00f5es, por\u00e9m, ficar\u00e3o evidentes quando a luz brilhar sobre elas, pois a luz torna vis\u00edveis todas as coisas.\u00a0<\/span><\/span><\/span><span style=\"color: #121212;\"><span style=\"font-family: Palatino Linotype, serif;\"><span style=\"font-size: medium;\">Por isso se diz: \u201c<i>Desperte, voc\u00ea que dorme, levante-se dentre os mortos, e Cristo o iluminar\u00e1<\/i>\u201d.<\/span><\/span><\/span><\/p>\n<p align=\"justify\"><span style=\"color: #121212;\"><span style=\"font-family: Palatino Linotype, serif;\"><span style=\"font-size: medium;\">Enquanto alguns chamados pastores, que deveriam ser na \u00edntegra ministros do evangelho (a)provados por Deus, brincam de semideuses, l\u00edderes que n\u00e3o podem ou aceitam ser corrigidos, se empanturram de t\u00edtulos eclesi\u00e1sticos, e ap\u00f3stolo se tornou m\u00ednimo, uma vez que j\u00e1 existem os patriarcas apost\u00f3licos, etc. <\/span><\/span><\/span><\/p>\n<p align=\"justify\"><span style=\"color: #121212;\"><span style=\"font-family: Palatino Linotype, serif;\"><span style=\"font-size: medium;\">Enquanto outros brincam de teologia dizendo que a B\u00edblia precisa ser atualizada. Enquanto em alguns c\u00edrculos o div\u00f3rcio \u00e9 celebrado e o adult\u00e9rio aceito como um pecado de somenos import\u00e2ncia, abrindo portas para outros gigantes entrarem. <\/span><\/span><\/span><\/p>\n<p align=\"justify\"><span style=\"color: #121212;\"><span style=\"font-family: Palatino Linotype, serif;\"><span style=\"font-size: medium;\">Enquanto os ne\u00f3fitos alegam que seus l\u00edderes est\u00e3o velhos e suas prega\u00e7\u00f5es n\u00e3o s\u00e3o mais necess\u00e1rias e a loucura de Nabal \u00e9 mais importante do que a centralidade de Cristo\u2026<\/span><\/span><\/span><\/p>\n<p align=\"justify\"><span style=\"color: #121212;\"><span style=\"font-family: Palatino Linotype, serif;\"><span style=\"font-size: medium;\">A agenda do anticristo \u00e9 acelerada e tudo est\u00e1 sendo preparado para a sua vinda com a anu\u00eancia da ci\u00eancia, das leis, dos pol\u00edticos, dos religiosos, e por causa desses alguns chamados pastores, a sonol\u00eancia est\u00e1 impedindo a vis\u00e3o de muitos, e a conformidade, a indiferen\u00e7a, a ingratid\u00e3o, geradas pelas atitudes desses alguns chamados pastores, se alastram como um c\u00e2ncer\u2026<\/span><\/span><\/span><\/p>\n<p align=\"justify\"><span style=\"color: #121212;\"><span style=\"font-family: Palatino Linotype, serif;\"><span style=\"font-size: medium;\">Acorde povo chamado de \u00bbpovo de Deus\u00ab. Guerras est\u00e3o sendo preparadas pelo mundo, \u00c1frica agoniza, Europa agoniza, EUA agoniza, \u00c1sia agoniza. ACORDEM!<\/span><\/span><\/span><\/p>\n<p align=\"justify\"><span style=\"color: #121212;\"><span style=\"font-family: Palatino Linotype, serif;\"><span style=\"font-size: medium;\">Chega de perder tempo, chega de picuinhas, chega de conversas fiadas, chega de mensagens in\u00fateis e sem sentido que s\u00f3 cansam as pessoas, cheias de frases de efeitos que se alastram pelas redes sociais.<\/span><\/span><\/span><\/p>\n<p style=\"text-align: center;\" align=\"justify\"><span style=\"color: #ff0000;\"><strong><span style=\"font-family: Palatino Linotype, serif;\"><span style=\"font-size: medium;\">Vamos pregar a CRISTO! Anunciar a CRISTO! Propagar a CRISTO! Em demonstra\u00e7\u00e3o de Espirito e Poder!<\/span><\/span><\/strong><\/span><\/p>\n","protected":false},"excerpt":{"rendered":"<p>M\u00e9todos, sistemas, copia e cola, \u00e9 a motiva\u00e7\u00e3o da maioria dos pastores das diversas denomina\u00e7\u00f5es existentes em todo<\/p>\n","protected":false},"author":1,"featured_media":67387,"comment_status":"open","ping_status":"open","sticky":false,"template":"","format":"status","meta":{"footnotes":""},"categories":[124],"tags":[24,61,38,29,18,23,32,19,22,56,45,28,35,53],"class_list":["post-67380","post","type-post","status-publish","format-status","has-post-thumbnail","hentry","category-alertas-a-igreja","tag-apostasia","tag-comportamento","tag-cristao","tag-cruz","tag-cuidado","tag-engano","tag-espirito-santo","tag-evangelho","tag-falsos","tag-obediencia","tag-palavra","tag-rebeliao","tag-reino","tag-vendilhoes","post_format-post-format-status"],"yoast_head":"<!-- This site is optimized with the Yoast SEO plugin v27.4 - https:\/\/yoast.com\/product\/yoast-seo-wordpress\/ -->\n<title>DESPERTE! Igreja que dorme! - Pr. Jonas Santana<\/title>\n<meta name=\"robots\" content=\"index, follow, max-snippet:-1, max-image-preview:large, max-video-preview:-1\" \/>\n<link rel=\"canonical\" href=\"https:\/\/www.andandonagraca.org\/site\/?p=67380\" \/>\n<meta property=\"og:locale\" content=\"pt_BR\" \/>\n<meta property=\"og:type\" content=\"article\" \/>\n<meta property=\"og:title\" content=\"DESPERTE! Igreja que dorme! - Pr. Jonas Santana\" \/>\n<meta property=\"og:description\" content=\"M\u00e9todos, sistemas, copia e cola, \u00e9 a motiva\u00e7\u00e3o da maioria dos pastores das diversas denomina\u00e7\u00f5es existentes em todo\" \/>\n<meta property=\"og:url\" content=\"https:\/\/www.andandonagraca.org\/site\/?p=67380\" \/>\n<meta property=\"og:site_name\" content=\"Pr. Jonas Santana\" \/>\n<meta property=\"article:publisher\" content=\"https:\/\/www.facebook.com\/andandonagraca\" \/>\n<meta property=\"article:author\" content=\"https:\/\/www.facebook.com\/andandonagraca\" \/>\n<meta property=\"article:published_time\" content=\"2022-07-04T14:32:41+00:00\" \/>\n<meta property=\"article:modified_time\" content=\"2022-08-17T12:13:35+00:00\" \/>\n<meta property=\"og:image\" content=\"https:\/\/www.andandonagraca.org\/site\/wp-content\/uploads\/2022\/07\/desperte.jpg\" \/>\n\t<meta property=\"og:image:width\" content=\"1024\" \/>\n\t<meta property=\"og:image:height\" content=\"576\" \/>\n\t<meta property=\"og:image:type\" content=\"image\/jpeg\" \/>\n<meta name=\"author\" content=\"Pr. Jonas Santana\" \/>\n<meta name=\"twitter:card\" content=\"summary_large_image\" \/>\n<meta name=\"twitter:label1\" content=\"Escrito por\" \/>\n\t<meta name=\"twitter:data1\" content=\"Pr. Jonas Santana\" \/>\n\t<meta name=\"twitter:label2\" content=\"Est. tempo de leitura\" \/>\n\t<meta name=\"twitter:data2\" content=\"23 minutos\" \/>\n<script type=\"application\/ld+json\" class=\"yoast-schema-graph\">{\"@context\":\"https:\\\/\\\/schema.org\",\"@graph\":[{\"@type\":\"Article\",\"@id\":\"https:\\\/\\\/www.andandonagraca.org\\\/site\\\/?p=67380#article\",\"isPartOf\":{\"@id\":\"https:\\\/\\\/www.andandonagraca.org\\\/site\\\/?p=67380\"},\"author\":{\"name\":\"Pr. Jonas Santana\",\"@id\":\"https:\\\/\\\/www.andandonagraca.org\\\/site\\\/#\\\/schema\\\/person\\\/225d0dedb572d4570a947397af2606ed\"},\"headline\":\"DESPERTE! Igreja que dorme!\",\"datePublished\":\"2022-07-04T14:32:41+00:00\",\"dateModified\":\"2022-08-17T12:13:35+00:00\",\"mainEntityOfPage\":{\"@id\":\"https:\\\/\\\/www.andandonagraca.org\\\/site\\\/?p=67380\"},\"wordCount\":4513,\"commentCount\":0,\"image\":{\"@id\":\"https:\\\/\\\/www.andandonagraca.org\\\/site\\\/?p=67380#primaryimage\"},\"thumbnailUrl\":\"https:\\\/\\\/www.andandonagraca.org\\\/site\\\/wp-content\\\/uploads\\\/2022\\\/07\\\/desperte.jpg\",\"keywords\":[\"apostasia\",\"comportamento\",\"crist\u00e3o\",\"cruz\",\"cuidado\",\"engano\",\"Esp\u00edrito Santo\",\"evangelho\",\"falsos\",\"obedi\u00eancia\",\"palavra\",\"rebeli\u00e3o\",\"reino\",\"vendilh\u00f5es\"],\"articleSection\":[\"Alertas \u00e0 Igreja\"],\"inLanguage\":\"pt-BR\",\"potentialAction\":[{\"@type\":\"CommentAction\",\"name\":\"Comment\",\"target\":[\"https:\\\/\\\/www.andandonagraca.org\\\/site\\\/?p=67380#respond\"]}]},{\"@type\":\"WebPage\",\"@id\":\"https:\\\/\\\/www.andandonagraca.org\\\/site\\\/?p=67380\",\"url\":\"https:\\\/\\\/www.andandonagraca.org\\\/site\\\/?p=67380\",\"name\":\"DESPERTE! Igreja que dorme! - Pr. Jonas Santana\",\"isPartOf\":{\"@id\":\"https:\\\/\\\/www.andandonagraca.org\\\/site\\\/#website\"},\"primaryImageOfPage\":{\"@id\":\"https:\\\/\\\/www.andandonagraca.org\\\/site\\\/?p=67380#primaryimage\"},\"image\":{\"@id\":\"https:\\\/\\\/www.andandonagraca.org\\\/site\\\/?p=67380#primaryimage\"},\"thumbnailUrl\":\"https:\\\/\\\/www.andandonagraca.org\\\/site\\\/wp-content\\\/uploads\\\/2022\\\/07\\\/desperte.jpg\",\"datePublished\":\"2022-07-04T14:32:41+00:00\",\"dateModified\":\"2022-08-17T12:13:35+00:00\",\"author\":{\"@id\":\"https:\\\/\\\/www.andandonagraca.org\\\/site\\\/#\\\/schema\\\/person\\\/225d0dedb572d4570a947397af2606ed\"},\"breadcrumb\":{\"@id\":\"https:\\\/\\\/www.andandonagraca.org\\\/site\\\/?p=67380#breadcrumb\"},\"inLanguage\":\"pt-BR\",\"potentialAction\":[{\"@type\":\"ReadAction\",\"target\":[\"https:\\\/\\\/www.andandonagraca.org\\\/site\\\/?p=67380\"]}]},{\"@type\":\"ImageObject\",\"inLanguage\":\"pt-BR\",\"@id\":\"https:\\\/\\\/www.andandonagraca.org\\\/site\\\/?p=67380#primaryimage\",\"url\":\"https:\\\/\\\/www.andandonagraca.org\\\/site\\\/wp-content\\\/uploads\\\/2022\\\/07\\\/desperte.jpg\",\"contentUrl\":\"https:\\\/\\\/www.andandonagraca.org\\\/site\\\/wp-content\\\/uploads\\\/2022\\\/07\\\/desperte.jpg\",\"width\":1024,\"height\":576},{\"@type\":\"BreadcrumbList\",\"@id\":\"https:\\\/\\\/www.andandonagraca.org\\\/site\\\/?p=67380#breadcrumb\",\"itemListElement\":[{\"@type\":\"ListItem\",\"position\":1,\"name\":\"In\u00edcio\",\"item\":\"https:\\\/\\\/www.andandonagraca.org\\\/site\"},{\"@type\":\"ListItem\",\"position\":2,\"name\":\"DESPERTE! Igreja que dorme!\"}]},{\"@type\":\"WebSite\",\"@id\":\"https:\\\/\\\/www.andandonagraca.org\\\/site\\\/#website\",\"url\":\"https:\\\/\\\/www.andandonagraca.org\\\/site\\\/\",\"name\":\"Pr. Jonas Santana\",\"description\":\"ANDANDO NA GRA\u00c7A - AEMSF\",\"potentialAction\":[{\"@type\":\"SearchAction\",\"target\":{\"@type\":\"EntryPoint\",\"urlTemplate\":\"https:\\\/\\\/www.andandonagraca.org\\\/site\\\/?s={search_term_string}\"},\"query-input\":{\"@type\":\"PropertyValueSpecification\",\"valueRequired\":true,\"valueName\":\"search_term_string\"}}],\"inLanguage\":\"pt-BR\"},{\"@type\":\"Person\",\"@id\":\"https:\\\/\\\/www.andandonagraca.org\\\/site\\\/#\\\/schema\\\/person\\\/225d0dedb572d4570a947397af2606ed\",\"name\":\"Pr. Jonas Santana\",\"image\":{\"@type\":\"ImageObject\",\"inLanguage\":\"pt-BR\",\"@id\":\"https:\\\/\\\/secure.gravatar.com\\\/avatar\\\/7f463b781f71522d52f2ff3dae3592f9f7b0e24187fc413b95cd3efa8429de28?s=96&d=mm&r=g\",\"url\":\"https:\\\/\\\/secure.gravatar.com\\\/avatar\\\/7f463b781f71522d52f2ff3dae3592f9f7b0e24187fc413b95cd3efa8429de28?s=96&d=mm&r=g\",\"contentUrl\":\"https:\\\/\\\/secure.gravatar.com\\\/avatar\\\/7f463b781f71522d52f2ff3dae3592f9f7b0e24187fc413b95cd3efa8429de28?s=96&d=mm&r=g\",\"caption\":\"Pr. Jonas Santana\"},\"description\":\"Pastor, pesquisador b\u00edblico, pregador do Evangelho do Reino A fidelidade requer que entreguemos o evangelho sob todos os \u00e2ngulos, sem omitir nada e sem exagerar em nada. Para isto requer-se muita sabedoria. Nosso desejo \u00e9 compartilhar a sabedoria do Reino de Deus a todos aqueles que o desejam de todo o cora\u00e7\u00e3o.\",\"sameAs\":[\"https:\\\/\\\/www.andandonagraca.org\",\"https:\\\/\\\/www.facebook.com\\\/andandonagraca\",\"https:\\\/\\\/www.instagram.com\\\/andandonagraca\\\/\",\"https:\\\/\\\/www.youtube.com\\\/@andandonagraca\",\"https:\\\/\\\/podcasters.spotify.com\\\/pod\\\/show\\\/andandonagraca\\\/\"],\"url\":\"https:\\\/\\\/www.andandonagraca.org\\\/site\\\/?author=1\"}]}<\/script>\n<!-- \/ Yoast SEO plugin. -->","yoast_head_json":{"title":"DESPERTE! Igreja que dorme! - Pr. Jonas Santana","robots":{"index":"index","follow":"follow","max-snippet":"max-snippet:-1","max-image-preview":"max-image-preview:large","max-video-preview":"max-video-preview:-1"},"canonical":"https:\/\/www.andandonagraca.org\/site\/?p=67380","og_locale":"pt_BR","og_type":"article","og_title":"DESPERTE! Igreja que dorme! - Pr. Jonas Santana","og_description":"M\u00e9todos, sistemas, copia e cola, \u00e9 a motiva\u00e7\u00e3o da maioria dos pastores das diversas denomina\u00e7\u00f5es existentes em todo","og_url":"https:\/\/www.andandonagraca.org\/site\/?p=67380","og_site_name":"Pr. Jonas Santana","article_publisher":"https:\/\/www.facebook.com\/andandonagraca","article_author":"https:\/\/www.facebook.com\/andandonagraca","article_published_time":"2022-07-04T14:32:41+00:00","article_modified_time":"2022-08-17T12:13:35+00:00","og_image":[{"width":1024,"height":576,"url":"https:\/\/www.andandonagraca.org\/site\/wp-content\/uploads\/2022\/07\/desperte.jpg","type":"image\/jpeg"}],"author":"Pr. Jonas Santana","twitter_card":"summary_large_image","twitter_misc":{"Escrito por":"Pr. Jonas Santana","Est. tempo de leitura":"23 minutos"},"schema":{"@context":"https:\/\/schema.org","@graph":[{"@type":"Article","@id":"https:\/\/www.andandonagraca.org\/site\/?p=67380#article","isPartOf":{"@id":"https:\/\/www.andandonagraca.org\/site\/?p=67380"},"author":{"name":"Pr. Jonas Santana","@id":"https:\/\/www.andandonagraca.org\/site\/#\/schema\/person\/225d0dedb572d4570a947397af2606ed"},"headline":"DESPERTE! Igreja que dorme!","datePublished":"2022-07-04T14:32:41+00:00","dateModified":"2022-08-17T12:13:35+00:00","mainEntityOfPage":{"@id":"https:\/\/www.andandonagraca.org\/site\/?p=67380"},"wordCount":4513,"commentCount":0,"image":{"@id":"https:\/\/www.andandonagraca.org\/site\/?p=67380#primaryimage"},"thumbnailUrl":"https:\/\/www.andandonagraca.org\/site\/wp-content\/uploads\/2022\/07\/desperte.jpg","keywords":["apostasia","comportamento","crist\u00e3o","cruz","cuidado","engano","Esp\u00edrito Santo","evangelho","falsos","obedi\u00eancia","palavra","rebeli\u00e3o","reino","vendilh\u00f5es"],"articleSection":["Alertas \u00e0 Igreja"],"inLanguage":"pt-BR","potentialAction":[{"@type":"CommentAction","name":"Comment","target":["https:\/\/www.andandonagraca.org\/site\/?p=67380#respond"]}]},{"@type":"WebPage","@id":"https:\/\/www.andandonagraca.org\/site\/?p=67380","url":"https:\/\/www.andandonagraca.org\/site\/?p=67380","name":"DESPERTE! Igreja que dorme! - Pr. Jonas Santana","isPartOf":{"@id":"https:\/\/www.andandonagraca.org\/site\/#website"},"primaryImageOfPage":{"@id":"https:\/\/www.andandonagraca.org\/site\/?p=67380#primaryimage"},"image":{"@id":"https:\/\/www.andandonagraca.org\/site\/?p=67380#primaryimage"},"thumbnailUrl":"https:\/\/www.andandonagraca.org\/site\/wp-content\/uploads\/2022\/07\/desperte.jpg","datePublished":"2022-07-04T14:32:41+00:00","dateModified":"2022-08-17T12:13:35+00:00","author":{"@id":"https:\/\/www.andandonagraca.org\/site\/#\/schema\/person\/225d0dedb572d4570a947397af2606ed"},"breadcrumb":{"@id":"https:\/\/www.andandonagraca.org\/site\/?p=67380#breadcrumb"},"inLanguage":"pt-BR","potentialAction":[{"@type":"ReadAction","target":["https:\/\/www.andandonagraca.org\/site\/?p=67380"]}]},{"@type":"ImageObject","inLanguage":"pt-BR","@id":"https:\/\/www.andandonagraca.org\/site\/?p=67380#primaryimage","url":"https:\/\/www.andandonagraca.org\/site\/wp-content\/uploads\/2022\/07\/desperte.jpg","contentUrl":"https:\/\/www.andandonagraca.org\/site\/wp-content\/uploads\/2022\/07\/desperte.jpg","width":1024,"height":576},{"@type":"BreadcrumbList","@id":"https:\/\/www.andandonagraca.org\/site\/?p=67380#breadcrumb","itemListElement":[{"@type":"ListItem","position":1,"name":"In\u00edcio","item":"https:\/\/www.andandonagraca.org\/site"},{"@type":"ListItem","position":2,"name":"DESPERTE! Igreja que dorme!"}]},{"@type":"WebSite","@id":"https:\/\/www.andandonagraca.org\/site\/#website","url":"https:\/\/www.andandonagraca.org\/site\/","name":"Pr. Jonas Santana","description":"ANDANDO NA GRA\u00c7A - AEMSF","potentialAction":[{"@type":"SearchAction","target":{"@type":"EntryPoint","urlTemplate":"https:\/\/www.andandonagraca.org\/site\/?s={search_term_string}"},"query-input":{"@type":"PropertyValueSpecification","valueRequired":true,"valueName":"search_term_string"}}],"inLanguage":"pt-BR"},{"@type":"Person","@id":"https:\/\/www.andandonagraca.org\/site\/#\/schema\/person\/225d0dedb572d4570a947397af2606ed","name":"Pr. Jonas Santana","image":{"@type":"ImageObject","inLanguage":"pt-BR","@id":"https:\/\/secure.gravatar.com\/avatar\/7f463b781f71522d52f2ff3dae3592f9f7b0e24187fc413b95cd3efa8429de28?s=96&d=mm&r=g","url":"https:\/\/secure.gravatar.com\/avatar\/7f463b781f71522d52f2ff3dae3592f9f7b0e24187fc413b95cd3efa8429de28?s=96&d=mm&r=g","contentUrl":"https:\/\/secure.gravatar.com\/avatar\/7f463b781f71522d52f2ff3dae3592f9f7b0e24187fc413b95cd3efa8429de28?s=96&d=mm&r=g","caption":"Pr. Jonas Santana"},"description":"Pastor, pesquisador b\u00edblico, pregador do Evangelho do Reino A fidelidade requer que entreguemos o evangelho sob todos os \u00e2ngulos, sem omitir nada e sem exagerar em nada. Para isto requer-se muita sabedoria. Nosso desejo \u00e9 compartilhar a sabedoria do Reino de Deus a todos aqueles que o desejam de todo o cora\u00e7\u00e3o.","sameAs":["https:\/\/www.andandonagraca.org","https:\/\/www.facebook.com\/andandonagraca","https:\/\/www.instagram.com\/andandonagraca\/","https:\/\/www.youtube.com\/@andandonagraca","https:\/\/podcasters.spotify.com\/pod\/show\/andandonagraca\/"],"url":"https:\/\/www.andandonagraca.org\/site\/?author=1"}]}},"_links":{"self":[{"href":"https:\/\/www.andandonagraca.org\/site\/index.php?rest_route=\/wp\/v2\/posts\/67380","targetHints":{"allow":["GET"]}}],"collection":[{"href":"https:\/\/www.andandonagraca.org\/site\/index.php?rest_route=\/wp\/v2\/posts"}],"about":[{"href":"https:\/\/www.andandonagraca.org\/site\/index.php?rest_route=\/wp\/v2\/types\/post"}],"author":[{"embeddable":true,"href":"https:\/\/www.andandonagraca.org\/site\/index.php?rest_route=\/wp\/v2\/users\/1"}],"replies":[{"embeddable":true,"href":"https:\/\/www.andandonagraca.org\/site\/index.php?rest_route=%2Fwp%2Fv2%2Fcomments&post=67380"}],"version-history":[{"count":0,"href":"https:\/\/www.andandonagraca.org\/site\/index.php?rest_route=\/wp\/v2\/posts\/67380\/revisions"}],"wp:featuredmedia":[{"embeddable":true,"href":"https:\/\/www.andandonagraca.org\/site\/index.php?rest_route=\/wp\/v2\/media\/67387"}],"wp:attachment":[{"href":"https:\/\/www.andandonagraca.org\/site\/index.php?rest_route=%2Fwp%2Fv2%2Fmedia&parent=67380"}],"wp:term":[{"taxonomy":"category","embeddable":true,"href":"https:\/\/www.andandonagraca.org\/site\/index.php?rest_route=%2Fwp%2Fv2%2Fcategories&post=67380"},{"taxonomy":"post_tag","embeddable":true,"href":"https:\/\/www.andandonagraca.org\/site\/index.php?rest_route=%2Fwp%2Fv2%2Ftags&post=67380"}],"curies":[{"name":"wp","href":"https:\/\/api.w.org\/{rel}","templated":true}]}}