{"id":67421,"date":"2022-07-27T12:25:34","date_gmt":"2022-07-27T15:25:34","guid":{"rendered":"https:\/\/www.andandonagraca.org\/site\/?p=67421"},"modified":"2022-08-17T09:09:27","modified_gmt":"2022-08-17T12:09:27","slug":"deixando-as-coisas-de-crianca","status":"publish","type":"post","link":"https:\/\/www.andandonagraca.org\/site\/?p=67421","title":{"rendered":"Deixando as coisas de CRIAN\u00c7A!"},"content":{"rendered":"<p align=\"justify\"><span style=\"color: #121212;\"><span style=\"font-family: Palatino Linotype, serif;\"><span style=\"font-size: medium;\">Um avivamento est\u00e1 para acontecer na vida da Igreja e devemos atentar com muita intelig\u00eancia para as manifesta\u00e7\u00f5es sobrenaturais que acontecer\u00e3o e repudiar os atos emocionais e carnais que muitos tentam dizer que \u00e9 manifesta\u00e7\u00e3o espiritual. <\/span><\/span><\/span><\/p>\n<p align=\"justify\"><span style=\"color: #121212;\"><span style=\"font-family: Palatino Linotype, serif;\"><span style=\"font-size: medium;\">O avivamento est\u00e1 vindo para cumprir o prop\u00f3sito estabelecido por Deus para a Sua Igreja, principalmente, trazer santidade \u00e0 Igreja e salva\u00e7\u00e3o para os \u00edmpios. Pense bem, o ap\u00f3stolo Paulo manifestou cuidado com o falar em l\u00ednguas em p\u00fablico na Igreja, para que o indouto possa dizer o Amem, imagine considerar cenas t\u00e3o estranhas como as que vimos no passado, como sendo manifesta\u00e7\u00f5es espirituais? Como fica a nossa \u201cpreocupa\u00e7\u00e3o\u201d com os indoutos? (1\u00aa Cor\u00edntios 14:18-24).<\/span><\/span><\/span><\/p>\n<p align=\"justify\"><span style=\"color: #121212;\"><span style=\"font-family: Palatino Linotype, serif;\"><span style=\"font-size: medium;\">Deus exige o uso da intelig\u00eancia em tudo o que \u00e9 espiritual, tolera criancice ou infantilidade enquanto estamos no in\u00edcio da vida crist\u00e3, por\u00e9m \u00e0 medida que vamos crescendo n\u00e3o \u00e9 poss\u00edvel continuarmos com as praticas infantis de antes. A maturidade espiritual deve ser natural para o crente obediente, ela n\u00e3o est\u00e1 associada \u00e0 idade, nem ao tempo de convers\u00e3o, mas ao conhecimento de Deus e \u00e0 obedi\u00eancia \u00e0 Sua vontade.<\/span><\/span><\/span><\/p>\n<p align=\"justify\"><span style=\"font-size: medium;\"><b>1<\/b><b>\u00aa<\/b><b> Cor\u00edntios 13:11<\/b> \u2013 Quando eu era menino, falava como menino, sentia como menino, discorria como menino, mas, logo que cheguei a ser homem, acabei com as coisas de menino.<\/span><\/p>\n<p align=\"justify\"><span style=\"color: #121212;\"><span style=\"font-family: Palatino Linotype, serif;\"><span style=\"font-size: medium;\"><b>NVT<\/b> \u2013 <i>Quando eu era crian\u00e7a, falava, pensava e raciocinava como crian\u00e7a. Mas, quando me tornei homem, deixei para tr\u00e1s as coisas de crian\u00e7a.<\/i><\/span><\/span><\/span><\/p>\n<p align=\"justify\"><span style=\"color: #121212;\"><span style=\"font-family: Palatino Linotype, serif;\"><span style=\"font-size: medium;\">\u00c9 preciso ter cuidado com manifesta\u00e7\u00f5es bizarras de todas as sortes, gente rodopiando no pr\u00f3prio eixo, gente arrastando pelo ch\u00e3o como cobra, gente nadando em seco, gente saltitando, etc. Anos atr\u00e1s, durante a infantilidade, algumas cenas dessas podem ter sido vistas durante momentos em que o Espirito foi derramado sobre a IGREJA, por\u00e9m, hoje, essa infantilidade n\u00e3o \u00e9 mais tolerada pelo Esp\u00edrito. Essas manifesta\u00e7\u00f5es ocorrem quando querem for\u00e7ar a presen\u00e7a do Espirito, por isso \u00e9 preciso ter cuidado.<\/span><\/span><\/span><\/p>\n<p align=\"justify\"><span style=\"color: #121212;\"><span style=\"font-family: Palatino Linotype, serif;\"><span style=\"font-size: medium;\">Quem ministra n\u00e3o dever for\u00e7ar absolutamente nada, apenas conduzir a Igreja a CRISTO, e deixar que o Esp\u00edrito Santo d\u00ea a dire\u00e7\u00e3o que Ele quiser, e quando o Espirito se manifestar veremos sinais, prod\u00edgios e maravilhas, a demonstra\u00e7\u00e3o de Espirito e Poder, como aconteceram durante os minist\u00e9rios dos Ap\u00f3stolos da Igreja Primitiva.<\/span><\/span><\/span><\/p>\n<p align=\"justify\"><span style=\"color: #121212;\"><span style=\"font-family: Palatino Linotype, serif;\"><span style=\"font-size: medium;\">Avivamento provoca na Igreja, Santidade (trazendo temor de Deus) e colheita (atraindo os n\u00e3o salvos a salva\u00e7\u00e3o). <\/span><\/span><\/span><\/p>\n<p align=\"justify\"><span style=\"color: #121212;\"><span style=\"font-family: Palatino Linotype, serif;\"><span style=\"font-size: medium;\"><b>Uso da intelig\u00eancia sempre foi recomendado!<\/b><\/span><\/span><\/span><\/p>\n<p align=\"justify\"><span style=\"font-family: Palatino Linotype, serif;\"><span style=\"font-size: medium;\"><span style=\"color: #121212;\"><b>Romanos 12:2<\/b><\/span><span style=\"color: #121212;\"> \u2013 E n\u00e3o vos conformeis com este mundo, mas transformai-vos pela renova\u00e7\u00e3o do vosso entendimento, para que experimenteis qual seja a boa, agrad\u00e1vel e perfeita vontade de Deus.<\/span><\/span><\/span><\/p>\n<p align=\"justify\"><span style=\"font-family: Palatino Linotype, serif;\"><span style=\"font-size: medium;\"><span style=\"color: #121212;\"><b>1<\/b><\/span><span style=\"color: #121212;\"><b>\u00aa<\/b><\/span><span style=\"color: #121212;\"><b> Cor\u00edntios 14:14,<\/b><\/span><span style=\"color: #121212;\"><b>15,19,20<\/b><\/span><span style=\"color: #121212;\"> \u2013 Porque, se eu orar em l\u00edngua estranha, o meu esp\u00edrito ora bem, mas o meu entendimento fica sem fruto. Que farei, pois? Orarei com o esp\u00edrito, mas tamb\u00e9m orarei com o entendimento; cantarei com o esp\u00edrito, mas tamb\u00e9m cantarei com o entendimento.\u00a0<\/span><\/span><\/span><span style=\"font-family: Palatino Linotype, serif;\"><span style=\"font-size: medium;\"><span style=\"color: #121212;\">Todavia eu antes quero falar na igreja cinco palavras na minha pr\u00f3pria <\/span><span style=\"color: #c9211e;\"><i><b>intelig\u00eancia<\/b><\/i><\/span><span style=\"color: #121212;\">, para que possa tamb\u00e9m instruir os outros, do que dez mil palavras em l\u00edngua desconhecida. <\/span><span style=\"color: #121212;\">Irm\u00e3os, n\u00e3o sejais meninos no entendimento, mas sede meninos na mal\u00edcia e adultos no entendimento.<\/span><\/span><\/span><\/p>\n<p align=\"justify\"><span style=\"font-family: Palatino Linotype, serif;\"><span style=\"font-size: medium;\"><span style=\"color: #121212;\"><b>Colossenses 1:9<\/b><\/span><span style=\"color: #121212;\"> \u2013 Por esta raz\u00e3o, n\u00f3s tamb\u00e9m, desde o dia em que o ouvimos, n\u00e3o cessamos de orar por v\u00f3s e de pedir que sejais cheios do conhecimento da sua vontade, em toda a sabedoria e <\/span><span style=\"color: #c9211e;\"><i><b>intelig\u00eancia espiritual<\/b><\/i><\/span><span style=\"color: #121212;\">;<\/span><\/span><\/span><\/p>\n<p align=\"justify\"><span style=\"font-family: Palatino Linotype, serif;\"><span style=\"font-size: medium;\"><span style=\"color: #121212;\"><b>Colossenses 2:2-3<\/b><\/span><span style=\"color: #121212;\"> &#8211; para que os seus cora\u00e7\u00f5es sejam consolados, e estejam unidos em caridade e enriquecidos da <\/span><span style=\"color: #c9211e;\"><i><b>plenitude da intelig\u00eancia<\/b><\/i><\/span><span style=\"color: #121212;\">, para conhecimento do mist\u00e9rio de Deus\u2014Cristo, em quem est\u00e3o escondidos todos os <\/span><span style=\"color: #c9211e;\"><i><b>tesouros da sabedoria e da ci\u00eancia<\/b><\/i><\/span><span style=\"color: #121212;\"> (conhecimento, saber).<\/span><\/span><\/span><\/p>\n<p align=\"justify\"><span style=\"font-family: Palatino Linotype, serif;\"><span style=\"font-size: medium;\"><span style=\"color: #121212;\"><b>INTELIG\u00caNCIA <\/b><\/span><span style=\"color: #121212;\">\u2013 Compet\u00eancia, Compreens\u00e3o, Conhecimento<\/span><\/span><\/span><\/p>\n<p align=\"justify\"><span style=\"font-family: Palatino Linotype, serif;\"><span style=\"font-size: medium;\"><span style=\"color: #121212;\"><b>ENTENDIMENTO<\/b><\/span><span style=\"color: #121212;\"> \u2013 A capacidade de compreender as coisas <\/span><\/span><\/span><\/p>\n<p align=\"justify\"><span style=\"color: #121212;\"><span style=\"font-family: Palatino Linotype, serif;\"><span style=\"font-size: medium;\">AVIVAR \u2013 do hebraico chayah \u2013 viver, ter vida, permanecer vivo, preservar vivo, sustentar a vida, viver prosperamente, viver para sempre, reviver, estar vivo; continuar vivo, manter a vida, viver em ou a partir de; dar vida, reanimar, reavivar, revigorar, restaurar \u00e0 vida, fazer crescer, deixar viver. Reanimar, reviver, ser reanimado, ter a vida ou a sa\u00fade recuperada, restaurar (\u00e0 sa\u00fade): referindo-se \u00e0 doen\u00e7a, referindo-se ao desencorajamento, referindo-se \u00e0 fraqueza, referindo-se \u00e0 morte.<\/span><\/span><\/span><\/p>\n<p align=\"justify\"><span style=\"color: #121212;\"><span style=\"font-family: Palatino Linotype, serif;\"><span style=\"font-size: medium;\">REVIVIFICAR \u2013 VIVIFICAR (RC Salmo 138:7) &#8211; Dar novas for\u00e7as (Salmo 85:6), dar vida (2\u00aa Cor\u00edntios 3:6), ressuscitar (Romanos 4:17). Do grego zoopoieo \u2013 produzir vida, gerar ou dar a luz a uma nova vida; fazer viver, tornar vivo, dar a vida \u2013 pelo poder espiritual, despertar e revigorar; restaurar a vida; dar crescimento a vida: neste caso, a vida f\u00edsica; do esp\u00edrito, vivo no que se refere ao esp\u00edrito, revestido com novos e maiores poderes de vida. Met\u00e1fora de sementes mostrando sinais de vida, i.e. germina\u00e7\u00e3o, brota\u00e7\u00e3o, crescimento.<\/span><\/span><\/span><\/p>\n<p align=\"justify\"><span style=\"color: #121212;\"><span style=\"font-family: Palatino Linotype, serif;\"><span style=\"font-size: medium;\">Deixemos as pr\u00f3prias Escrituras nos conduzir nesse ensinamento, analisemos o modelo perfeito que aconteceu no dia de Pentecostes. Porque, apesar do Espirito Santo j\u00e1 ter sido derramado sobre a Igreja, de tempos em tempos, por nossa causa e desleixo, a Igreja necessita do avivar, revivificar, vivificar a obra do Espirito Santo.<\/span><\/span><\/span><\/p>\n<p align=\"justify\"><span style=\"font-family: Palatino Linotype, serif;\"><span style=\"font-size: medium;\"><span style=\"color: #121212;\">Quando houve o derramamento do Espirito Santo no dia de Pentecostes, <\/span><span style=\"color: #121212;\">entre <\/span><span style=\"color: #121212;\">os que estavam reunidos<\/span><span style=\"color: #121212;\"><i>, de repente, veio do c\u00e9u um som como o de um poderoso vendaval e encheu a casa onde estavam sentados. <\/i><\/span><span style=\"color: #121212;\"><i><u>Ent\u00e3o surgiu algo semelhante<\/u><\/i><\/span><span style=\"color: #121212;\"><i> a chamas ou l\u00ednguas de fogo que pousaram sobre cada um deles. <\/i><\/span><span style=\"color: #121212;\"><i><u>Todos ficaram cheios do Esp\u00edrito Santo e come\u00e7aram a falar em outras l\u00ednguas, conforme o Esp\u00edrito os habilitava<\/u><\/i><\/span><span style=\"color: #121212;\"> (Atos 2:2-4 NVT). <\/span><\/span><\/span><\/p>\n<p align=\"justify\"><span style=\"font-family: Palatino Linotype, serif;\"><span style=\"font-size: medium;\"><span style=\"color: #121212;\">Naquela \u00e9poca, judeus devotos de todas as na\u00e7\u00f5es viviam em Jerusal\u00e9m. Quando ouviram o som das vozes, vieram correndo e ficaram espantados, <\/span><span style=\"color: #121212;\"><i><u><b>pois cada um deles ouvia em seu pr\u00f3prio idioma<\/b><\/u><\/i><\/span><span style=\"color: #121212;\">. <\/span><\/span><\/span><\/p>\n<p align=\"justify\"><span style=\"font-family: Palatino Linotype, serif;\"><span style=\"font-size: medium;\"><span style=\"color: #121212;\">Muito admirados, exclamavam: \u201c<\/span><span style=\"color: #121212;\"><i>Como isto \u00e9 poss\u00edvel? Estes homens s\u00e3o todos galileus e, no entanto, cada um de n\u00f3s os ouve falar em nosso pr\u00f3prio idioma! Est\u00e3o aqui partos, medos, elamitas, habitantes da Mesopot\u00e2mia, da Judeia, da Capad\u00f3cia, do Ponto, da prov\u00edncia da \u00c1sia, da Fr\u00edgia, da Panf\u00edlia, do Egito e de regi\u00f5es da L\u00edbia pr\u00f3ximas a Cirene, visitantes de Roma (tanto judeus como convertidos ao juda\u00edsmo), cretenses e \u00e1rabes, <\/i><\/span><span style=\"color: #121212;\"><i><u><b>e todos n\u00f3s ouvimos estas pessoas falarem em nossa pr\u00f3pria l\u00edngua sobre as coisas maravilhosas que Deus fez<\/b><\/u><\/i><\/span><span style=\"color: #121212;\">!\u201d. Admirados e perplexos, perguntavam uns aos outros: \u201c<\/span><span style=\"color: #121212;\"><i>Que significa isto<\/i><\/span><span style=\"color: #121212;\">?\u201d <\/span><span style=\"color: #121212;\">(<\/span><span style=\"color: #121212;\">Atos 2:2-12<\/span><span style=\"color: #121212;\">).<\/span><\/span><\/span><\/p>\n<p align=\"justify\"><span style=\"color: #121212;\"><span style=\"font-family: Palatino Linotype, serif;\"><span style=\"font-size: medium;\">Outros, por\u00e9m, zombavam e diziam: \u201c<i>Eles est\u00e3o b\u00eabados<\/i>!\u201d (Atos 2:13). Zombaria proveniente dos que estavam fora do ambiente, dos \u00edmpios e incr\u00e9dulos. Muitos usam esse argumento, at\u00e9 em ministra\u00e7\u00f5es, para justificar a falta de controle, a perda do ju\u00edzo. Por\u00e9m em momento algum os disc\u00edpulos perderam o ju\u00edzo, tanto que as pessoas de fora <i><u><b>ouvi<\/b><\/u><\/i><i><u><b>am<\/b><\/u><\/i><i><u><b> estas pessoas falarem em <\/b><\/u><\/i><i><u><b>sua<\/b><\/u><\/i><i><u><b> pr\u00f3pria l\u00edngua sobre as coisas maravilhosas que Deus fe<\/b><\/u><\/i><i><u><b>z<\/b><\/u><\/i>!<\/span><\/span><\/span><\/p>\n<p align=\"justify\"><span style=\"color: #121212;\"><span style=\"font-family: Palatino Linotype, serif;\"><span style=\"font-size: medium;\">A manifesta\u00e7\u00e3o do Espirito Santo levou \u00e0 ministra\u00e7\u00e3o da Palavra pelos ap\u00f3stolos, e as Palavras proferidas por Pedro, deixaram a todos, os que vieram ver curiosos, muito aflitos e perguntaram a Pedro e aos outros ap\u00f3stolos: <i>\u2014Irm\u00e3os, o que devemos fazer? C<\/i>om muitas outras palavras os ap\u00f3stolos testificavam e os exortavam. Muitos acreditaram na mensagem e foram batizados. Naquele dia quase tr\u00eas mil se juntaram ao grupo dos seguidores de Jesus.<\/span><\/span><\/span><\/p>\n<p align=\"justify\"><span style=\"color: #121212;\"><span style=\"font-family: Palatino Linotype, serif;\"><span style=\"font-size: medium;\">E perseveravam na doutrina dos ap\u00f3stolos, e na comunh\u00e3o, e no partir do p\u00e3o, e nas ora\u00e7\u00f5es. Em cada alma havia temor, e muitas maravilhas e sinais se faziam pelos ap\u00f3stolos. Todos os que criam estavam juntos e tinham tudo em comum. Vendiam suas propriedades e fazendas e repartiam com todos, segundo cada um tinha necessidade. E, perseverando un\u00e2nimes todos os dias no templo e partindo o p\u00e3o em casa, comiam juntos com alegria e singeleza de cora\u00e7\u00e3o, louvando a Deus e caindo na gra\u00e7a de todo o povo. E todos os dias acrescentava o Senhor \u00e0 igreja aqueles que se haviam de salvar.<\/span><\/span><\/span><\/p>\n<p align=\"justify\"><span style=\"color: #121212;\"><span style=\"font-family: Palatino Linotype, serif;\"><span style=\"font-size: medium;\">Depois disso vemos Pedro e Jo\u00e3o, cheios do Esp\u00edrito Santo, orando por um coxo de nascen\u00e7a que fica a porta do templo pedindo esmolas. Declararam que n\u00e3o tinham ouro e prata, mas o que tinham davam com amor, o homem levantou. Ap\u00f3s mais uma prega\u00e7\u00e3o dos Ap\u00f3stolos, muitos, por\u00e9m, dos que ouviram a palavra creram, e chegou o n\u00famero desses homens a quase cinco mil. Ap\u00f3s receberem uma repreens\u00e3o das autoridades, que viram a a ousadia de Pedro e Jo\u00e3o e foram informados que estiveram com Jesus, ao voltarem ao conv\u00edvio dos santos, un\u00e2nimes levantaram a voz a Deus e, tendo eles orado, moveu-se o lugar em que estavam reunidos; e todos foram cheios do Esp\u00edrito Santo <u>e anunciavam com ousadia a palavra de Deus<\/u>.<\/span><\/span><\/span><\/p>\n<p align=\"justify\"><span style=\"color: #121212;\"><span style=\"font-family: Palatino Linotype, serif;\"><span style=\"font-size: medium;\">E era um o cora\u00e7\u00e3o e a alma da multid\u00e3o dos que criam, e ningu\u00e9m dizia que coisa alguma do que possu\u00eda era sua pr\u00f3pria, mas todas as coisas lhes eram comuns. E os ap\u00f3stolos davam, com grande poder, testemunho da ressurrei\u00e7\u00e3o do Senhor Jesus, e em todos eles havia abundante gra\u00e7a. N\u00e3o havia, pois, entre eles necessitado algum; porque todos os que possu\u00edam herdades ou casas, vendendo-as, traziam o pre\u00e7o do que fora vendido e o depositavam aos p\u00e9s dos ap\u00f3stolos. E repartia-se a cada um, segundo a necessidade que cada um tinha.<\/span><\/span><\/span><\/p>\n<p align=\"justify\"><span style=\"color: #121212;\"><span style=\"font-family: Palatino Linotype, serif;\"><span style=\"font-size: medium;\">Houve um grande temor em toda a igreja e em todos os que ouviram sobre Ananias e Safira. E muitos sinais e prod\u00edgios eram feitos entre o povo pelas m\u00e3os dos ap\u00f3stolos. E estavam todos unanimemente no alpendre de Salom\u00e3o. E a multid\u00e3o dos que criam no Senhor, tanto homens como mulheres, crescia cada vez mais, <span style=\"color: #c9211e;\"><u>de sorte que transportavam os enfermos para as ruas e os punham em leitos e em camilhas, para que ao menos a sombra de Pedro, quando este passasse, cobrisse alguns deles<\/u><\/span><span style=\"color: #c9211e;\">. <\/span><span style=\"color: #c9211e;\"><u>E at\u00e9 das cidades circunvizinhas concorria muita gente a Jerusal\u00e9m, conduzindo enfermos e atormentados de esp\u00edritos imundos, os quais todos eram curados<\/u><\/span>. <i><u><b>Todos os dias, no templo e nas casas, n\u00e3o cessavam de ensinar e de anunciar a Jesus Cristo<\/b><\/u><\/i>.<\/span><\/span><\/span><\/p>\n<p align=\"justify\"><span style=\"color: #121212;\"><span style=\"font-family: Palatino Linotype, serif;\"><span style=\"font-size: medium;\">A Igreja cresceu e chegou o momento de estabelecer os di\u00e1conos. Os ap\u00f3stolos, conscientes da responsabilidade que tinham, ordenaram que fossem escolhidos sete homens de <u>boa reputa\u00e7\u00e3o, cheios do Esp\u00edrito Santo <\/u><u>e de sabedoria<\/u>, aos quais seriam entregues este importante neg\u00f3cio. Assim os ap\u00f3stolos poderiam continuar usando todo o tempo na ora\u00e7\u00e3o e no trabalho de anunciar a palavra de Deus. Todos concordaram com a proposta dos ap\u00f3stolos. Ent\u00e3o escolheram Est\u00eav\u00e3o, um homem cheio de f\u00e9 e do Esp\u00edrito Santo, e tamb\u00e9m Filipe, Pr\u00f3coro, Nicanor, Timom, P\u00e1rmenas e Nicolau de Antioquia, um gentio que antes tinha se convertido ao Juda\u00edsmo. Esses homens foram levados aos ap\u00f3stolos, que oraram e puseram as m\u00e3os sobre a cabe\u00e7a deles.<\/span><\/span><\/span><\/p>\n<p align=\"justify\"><span style=\"color: #121212;\"><span style=\"font-family: Palatino Linotype, serif;\"><span style=\"font-size: medium;\">A palavra de Deus continuava a se espalhar. Em Jerusal\u00e9m o n\u00famero dos seguidores de Jesus crescia cada vez mais, e era grande o n\u00famero de sacerdotes judeus que aceitavam a f\u00e9 crist\u00e3. <\/span><\/span><\/span><\/p>\n<p align=\"justify\"><span style=\"color: #121212;\"><span style=\"font-family: Palatino Linotype, serif;\"><span style=\"font-size: medium;\">Est\u00eav\u00e3o, um homem muito aben\u00e7oado por Deus e cheio de poder, fazia grandes maravilhas e milagres entre o povo. Este Estev\u00e3o, cheio do Esp\u00edrito Santo, foi injustamente acusado por homens perversos, <span style=\"color: #c9211e;\"><i><u><b>nenhum deles era capaz de resistir \u00e0 sabedoria e ao Esp\u00edrito pelo qual Est\u00eav\u00e3o falava<\/b><\/u><\/i><\/span>. No momento que seria executado por seus algozes, Estev\u00e3o olhou firmemente para o c\u00e9u e viu a gl\u00f3ria de Deus. E viu tamb\u00e9m Jesus em p\u00e9, ao lado direito de Deus. Ent\u00e3o disse: \u2014Olhem! Eu estou vendo o c\u00e9u aberto e o Filho do Homem em p\u00e9, ao lado direito de Deus. <\/span><\/span><\/span><\/p>\n<p align=\"justify\"><span style=\"color: #121212;\"><span style=\"font-family: Palatino Linotype, serif;\"><span style=\"font-size: medium;\">Depois desse fato, a Igreja foi espalhada, por\u00e9m, aqueles que tinham sido espalhados anunciavam o evangelho por toda parte. Filipe foi at\u00e9 a capital da Samaria e anunciava Cristo \u00e0s pessoas dali, e as multid\u00f5es ouviam com aten\u00e7\u00e3o o que ele dizia. Todos o escutavam e viam os milagres que ele fazia. Os esp\u00edritos maus, gritando, sa\u00edam de muitas pessoas, e muitos coxos e paral\u00edticos eram curados. E assim o povo daquela cidade ficou muito alegre.<\/span><\/span><\/span><\/p>\n<p align=\"justify\"><span style=\"color: #121212;\"><span style=\"font-family: Palatino Linotype, serif;\"><span style=\"font-size: medium;\">Os ap\u00f3stolos, que estavam em Jerusal\u00e9m, ficaram sabendo que o povo de Samaria tamb\u00e9m havia recebido a palavra de Deus e por isso mandaram Pedro e Jo\u00e3o para l\u00e1. Quando os dois chegaram, oraram para que a gente de Samaria recebesse o Esp\u00edrito Santo, pois o Esp\u00edrito ainda n\u00e3o tinha descido sobre nenhum deles. Eles apenas haviam sido batizados em nome do Senhor Jesus. Pedro e Jo\u00e3o puseram as m\u00e3os sobre eles, e assim eles receberam o Esp\u00edrito Santo. Depois de terem dado o seu testemunho e de terem pregado a palavra do Senhor, Pedro e Jo\u00e3o voltaram para Jerusal\u00e9m. No caminho eles espalhavam o evangelho em muitos povoados da Samaria.<\/span><\/span><\/span><\/p>\n<p align=\"justify\"><span style=\"color: #121212;\"><span style=\"font-family: Palatino Linotype, serif;\"><span style=\"font-size: medium;\">Posteriormente, o homem que consentiu na morte de Estev\u00e3o, Saulo, respirando amea\u00e7as, enquanto seguia na estrada para Damasco, teve um encontro transformador com o Senhor e dono da Igreja, a quem ele perseguia, mesmo sem saber\u2026 Depois de aprender e reconhecer quem \u00e9 o Senhor, esse Saulo tamb\u00e9m come\u00e7ou a anunciar a Cristo\u2026 dizendo: <i>\u2014Jesus \u00e9 o Filho de Deus<\/i>\u2026 Todos os que ouviam Saulo ficavam admirados e perguntavam: <i>\u2014N\u00e3o \u00e9 este o homem que em Jerusal\u00e9m estava matando todos os seguidores de Jesus? N\u00e3o foi ele que veio at\u00e9 aqui para prender e levar essa gente aos chefes dos sacerdotes?<\/i> <\/span><\/span><\/span><\/p>\n<p align=\"justify\"><span style=\"color: #121212;\"><span style=\"font-family: Palatino Linotype, serif;\"><span style=\"font-size: medium;\">Mas as mensagens de Saulo se tornavam cada vez mais poderosas. E as provas que ele apresentava de que Jesus era o Messias eram t\u00e3o fortes, que os judeus que moravam em Damasco n\u00e3o sabiam o que dizer. Muitos dias depois, os judeus de Damasco se reuniram e resolveram mat\u00e1-lo, mas Saulo ficou sabendo do plano deles. Eles vigiavam os port\u00f5es da cidade dia e noite para o matar. Mas certa noite os seguidores de Saulo o puseram dentro de um cesto e o desceram por uma abertura que havia na muralha da cidade. Saulo foi para Jerusal\u00e9m e tentou juntar-se aos seguidores de Jesus. Por\u00e9m todos tinham medo dele porque n\u00e3o acreditavam que ele tamb\u00e9m era seguidor de Jesus. Ent\u00e3o Barnab\u00e9 veio ajud\u00e1-lo e o apresentou aos ap\u00f3stolos. E lhes contou como Saulo tinha visto o Senhor no caminho e como o Senhor havia falado com ele. Barnab\u00e9 tamb\u00e9m contou como, em Damasco, Saulo, pelo poder do nome de Jesus, havia anunciado corajosamente o evangelho. Depois disso Saulo ficou com eles, andando por toda parte em Jerusal\u00e9m; e, pelo poder do nome do Senhor, ele anunciava corajosamente o evangelho.<\/span><\/span><\/span><\/p>\n<p align=\"justify\"><span style=\"color: #121212;\"><span style=\"font-family: Palatino Linotype, serif;\"><span style=\"font-size: medium;\">Em toda a regi\u00e3o da Jud\u00e9ia, Galil\u00e9ia e Samaria, a Igreja estava em paz. Ela ficava cada vez mais forte, crescia em n\u00famero de pessoas com a ajuda do Esp\u00edrito Santo e mostrava grande respeito pelo Senhor Jesus. Pedro viajava por toda parte. <\/span><\/span><\/span><\/p>\n<p align=\"justify\"><span style=\"color: #121212;\"><span style=\"font-family: Palatino Linotype, serif;\"><span style=\"font-size: medium;\">Os seguidores de Jesus foram espalhados pela persegui\u00e7\u00e3o que havia come\u00e7ado com a morte de Est\u00eav\u00e3o. Alguns foram at\u00e9 a regi\u00e3o da Fen\u00edcia, a ilha de Chipre e a cidade de Antioquia e anunciavam a palavra de Deus somente aos judeus. Mas outros, que eram de Chipre e da cidade de Cirene, foram at\u00e9 Antioquia e falaram tamb\u00e9m aos gentios, anunciando a eles a boa not\u00edcia a respeito do Senhor Jesus. O poder do Senhor estava com eles, e muitas pessoas creram e se converteram ao Senhor. Essas not\u00edcias chegaram \u00e0 igreja de Jerusal\u00e9m, que resolveu mandar Barnab\u00e9 para Antioquia. Quando chegou l\u00e1 e viu como Deus tinha aben\u00e7oado aquela gente, Barnab\u00e9 ficou muito alegre. E animou todos a continuarem fi\u00e9is ao Senhor, de todo o cora\u00e7\u00e3o. Barnab\u00e9 era um homem bom, cheio do Esp\u00edrito Santo e de f\u00e9. E muitos se converteram ao Senhor.<\/span><\/span><\/span><\/p>\n<p align=\"justify\"><span style=\"color: #121212;\"><span style=\"font-family: Palatino Linotype, serif;\"><span style=\"font-size: medium;\">Adiante, os ap\u00f3stolos Barnab\u00e9 e Paulo, ficaram muito tempo em Ic\u00f4nio, falando com coragem a respeito do Senhor Jesus. E o Senhor mostrava que a mensagem deles sobre a sua gra\u00e7a era verdadeira, pois ele dava a eles o poder de fazer milagres e maravilhas. <span style=\"color: #c9211e;\">E Deus, pelas m\u00e3os de Paulo, fazia maravilhas extraordin\u00e1rias, de sorte que at\u00e9 os len\u00e7os e aventais se levavam do seu corpo aos enfermos, e as enfermidades fugiam deles, e os esp\u00edritos malignos sa\u00edam.<\/span><\/span><\/span><\/span><\/p>\n<p align=\"justify\"><span style=\"color: #121212;\"><span style=\"font-family: Palatino Linotype, serif;\"><span style=\"font-size: medium;\">O nome do Senhor Jesus era engrandecido. Muitos dos que tinham crido vinham, confessando e publicando os seus feitos. Tamb\u00e9m muitos dos que seguiam artes m\u00e1gicas trouxeram os seus livros e os queimaram na presen\u00e7a de todos, e, feita a conta do seu pre\u00e7o, acharam que montava a cinquenta mil pe\u00e7as de prata. Assim, a palavra do Senhor crescia poderosamente e prevalecia.<\/span><\/span><\/span><\/p>\n<p align=\"justify\"><span style=\"color: #121212;\"><span style=\"font-family: Palatino Linotype, serif;\"><span style=\"font-size: medium;\">Em que momento a IGREJA perdeu os sentidos, rodopiou, sapateou, gritou, com manifesta\u00e7\u00f5es bizarras de todas as sortes, gente rodopiando no pr\u00f3prio eixo, gente arrastando pelo ch\u00e3o como cobra, gente nadando em seco, gente saltitando, etc.? Em todas as situa\u00e7\u00f5es vemos a sabedoria e o Espirito em a\u00e7\u00e3o!<\/span><\/span><\/span><\/p>\n<p align=\"justify\"><span style=\"color: #121212;\"><span style=\"font-family: Palatino Linotype, serif;\"><span style=\"font-size: medium;\">Em alguns momentos do passado, na antiga alian\u00e7a, os sacerdotes n\u00e3o podiam entrar na Casa do Senhor, porque a gl\u00f3ria do Senhor tinha enchido a Casa do Senhor, de tal maneira, que os sacerdotes n\u00e3o conseguiam permanecer em p\u00e9 para dar sequ\u00eancia ao servi\u00e7o religioso, porquanto a gl\u00f3ria do Senhor tomou todo o templo de Deus. E todos os filhos de Israel, vendo descer o fogo e a gl\u00f3ria do Senhor sobre a casa, encurvaram-se com o rosto em terra sobre o pavimento, e adoraram, e louvaram o Senhor, porque \u00e9 bom, porque a sua benignidade dura para sempre. E o rei e todo o povo ofereciam sacrif\u00edcios perante o Senhor (\u00caxodo 40:35, 1\u00ba Reis 8:11, 2\u00ba Cr\u00f4nicas 5:13-14, 2\u00ba Cr\u00f4nicas 7:2).<\/span><\/span><\/span><\/p>\n<p align=\"justify\"><span style=\"color: #121212;\"><span style=\"font-family: Palatino Linotype, serif;\"><span style=\"font-size: medium;\">Tudo tem um prop\u00f3sito! Por que n\u00e3o podiam ficar em p\u00e9 diante da gl\u00f3ria de Deus? Isa\u00edas nos d\u00e1 essa resposta.<\/span><\/span><\/span><\/p>\n<p align=\"justify\"><span style=\"color: #121212;\"><span style=\"font-family: Palatino Linotype, serif;\"><span style=\"font-size: medium;\"><b>Isa\u00edas<\/b> \u2013 profeta comum dos pal\u00e1cios, apesar de ter vis\u00f5es de Deus acerca de Israel. Mas em Isa\u00edas 6:1-8 ele declara: <i>Eu vi o Senhor<\/i>! Quando morreu o rei Uzias, Isa\u00edas viu o Senhor assentado sobre um alto e sublime trono. At\u00e9 ent\u00e3o Isa\u00edas tinha um minist\u00e9rio pequeno, por\u00e9m, algo muito s\u00e9rio aconteceu quando Uzias morreu, ele (Isa\u00edas) passou a ver. Este rei era um impedimento na vida do profeta, de tal forma que o impedia de ver o Senhor. Qual \u00e9 o seu Uzias? O que lhe impede de ver o Senhor?<\/span><\/span><\/span><\/p>\n<p align=\"justify\"><span style=\"color: #121212;\"><span style=\"font-family: Palatino Linotype, serif;\"><span style=\"font-size: medium;\">Quem foi Uzias? 2\u00ba Cr\u00f4nicas 26:1-23 &#8211; v.15,16 \u2013 come\u00e7ou muito bem, mas ao se fortalecer e crescer, exaltou o seu cora\u00e7\u00e3o e transgrediu o mandamento do Senhor oferecendo incenso no santu\u00e1rio, fez o que n\u00e3o era de sua compet\u00eancia, usurpando o lugar dos sacerdotes. Foi punido com lepra ao se insurgir contra os sacerdotes. Quantos Uzias existem em nossos dias? Quantos Uzias t\u00eam impedido de ver o Senhor? Enquanto Isa\u00edas ficou ocupado com Uzias, sua vista ficou turva impedindo-o de ver o Senhor.<\/span><\/span><\/span><\/p>\n<p align=\"justify\"><span style=\"color: #121212;\"><span style=\"font-family: Palatino Linotype, serif;\"><span style=\"font-size: medium;\"><b>O que aconteceu depois que o empecilho foi removido?<\/b><\/span><\/span><\/span><\/p>\n<p align=\"justify\"><span style=\"color: #121212;\"><span style=\"font-family: Palatino Linotype, serif;\"><span style=\"font-size: medium;\">1 \u2013 Vis\u00e3o \u2013 ele viu o Senhor \u2013 v. 1<\/span><\/span><\/span><\/p>\n<p align=\"justify\"><span style=\"color: #121212;\"><span style=\"font-family: Palatino Linotype, serif;\"><span style=\"font-size: medium;\">2 \u2013 Convic\u00e7\u00e3o \u2013 reconheceu o seu pecado \u2013 v. 5<\/span><\/span><\/span><\/p>\n<p align=\"justify\"><span style=\"color: #121212;\"><span style=\"font-family: Palatino Linotype, serif;\"><span style=\"font-size: medium;\">3 \u2013 Purifica\u00e7\u00e3o \u2013 foi limpo do pecado \u2013 v. 7<\/span><\/span><\/span><\/p>\n<p align=\"justify\"><span style=\"color: #121212;\"><span style=\"font-family: Palatino Linotype, serif;\"><span style=\"font-size: medium;\">4 \u2013 Chamado \u2013 quem h\u00e1 de ir por n\u00f3s? \u2013 v. 8<\/span><\/span><\/span><\/p>\n<p align=\"justify\"><span style=\"color: #121212;\"><span style=\"font-family: Palatino Linotype, serif;\"><span style=\"font-size: medium;\">5 \u2013 Disposi\u00e7\u00e3o \u2013 eis-me aqui \u2013 v. 8<\/span><\/span><\/span><\/p>\n<p align=\"justify\"><span style=\"color: #121212;\"><span style=\"font-family: Palatino Linotype, serif;\"><span style=\"font-size: medium;\">At\u00e9 quando o seu Uzias viver\u00e1 te impedindo de ver a gl\u00f3ria do Senhor, de ter uma comunh\u00e3o profunda com o Senhor?<\/span><\/span><\/span><\/p>\n<p align=\"justify\"><span style=\"color: #121212;\"><span style=\"font-family: Palatino Linotype, serif;\"><span style=\"font-size: medium;\">Por que n\u00e3o podiam permanecer de p\u00e9 naquele lugar? Com tantos anjos indo e vindo servindo ao Senhor, com a presen\u00e7a do Senhor naquele lugar, Aquele que \u00e9 santo, santo, santo mostrava a Sua gl\u00f3ria. Vendo essa manifesta\u00e7\u00e3o da presen\u00e7a gloriosa do Senhor, os homens reconheciam o seu pecado, e clamavam pela sua purifica\u00e7\u00e3o, \u00e9 imposs\u00edvel permanecer de p\u00e9 diante desse Deus santo. Mas nunca perderam o controle, sequer deixaram aflorar as emo\u00e7\u00f5es. <\/span><\/span><\/span><\/p>\n<p align=\"justify\"><span style=\"color: #121212;\"><span style=\"font-family: Palatino Linotype, serif;\"><span style=\"font-size: medium;\">Tudo, mesmo tudo, diante da manifesta\u00e7\u00e3o do poder do Espirito Santo \u00e9 com ordem e dec\u00eancia! <i>Mas fa\u00e7a-se tudo decentemente e com ordem <\/i>(1\u00aa Cor\u00edntios 14:40). <i>Somos <\/i><i>enriquecidos da <\/i><span style=\"color: #c9211e;\"><i><b>plenitude da intelig\u00eancia<\/b><\/i><\/span><i>, para conhecimento do mist\u00e9rio de Deus\u2014CRISTO, em quem est\u00e3o escondidos todos os <\/i><span style=\"color: #c9211e;\"><i><b>tesouros da sabedoria e da ci\u00eancia<\/b><\/i><\/span><i> (conhecimento, saber)<\/i> (Colossenses 2:2-3).<\/span><\/span><\/span><\/p>\n<p align=\"justify\"><span style=\"color: #121212;\"><span style=\"font-family: Palatino Linotype, serif;\"><span style=\"font-size: medium;\">Avivamento, <\/span><\/span><\/span><span style=\"color: #121212;\"><span style=\"font-family: Palatino Linotype, serif;\"><span style=\"font-size: medium;\">Un\u00e7\u00e3o<\/span><\/span><\/span><span style=\"color: #121212;\"><span style=\"font-family: Palatino Linotype, serif;\"><span style=\"font-size: medium;\"> &#8211; <\/span><\/span><\/span><span style=\"color: #121212;\"><span style=\"font-family: Palatino Linotype, serif;\"><span style=\"font-size: medium;\">Tudo tem um proposito!<\/span><\/span><\/span> <span style=\"color: #121212;\"><span style=\"font-family: Palatino Linotype, serif;\"><span style=\"font-size: medium;\">Ser\u00e1 que \u00e9 t<\/span><\/span><\/span><span style=\"color: #121212;\"><span style=\"font-family: Palatino Linotype, serif;\"><span style=\"font-size: medium;\">ocar na alma, nas emo\u00e7\u00f5es, fazendo o povo chorar ou se alegrar? <\/span><\/span><\/span><span style=\"color: #121212;\"><span style=\"font-family: Palatino Linotype, serif;\"><span style=\"font-size: medium;\">Perder o ju\u00edzo e gritar, <\/span><\/span><\/span><span style=\"color: #121212;\"><span style=\"font-family: Palatino Linotype, serif;\"><span style=\"font-size: medium;\">rir, <\/span><\/span><\/span><span style=\"color: #121212;\"><span style=\"font-family: Palatino Linotype, serif;\"><span style=\"font-size: medium;\">dan\u00e7ar, pular, sacudir tresloucadamente? C<\/span><\/span><\/span><span style=\"color: #121212;\"><span style=\"font-family: Palatino Linotype, serif;\"><span style=\"font-size: medium;\">antar ou tocar a mesma m\u00fasica, com os mesmos acordes por v\u00e1rios minutos seguidos, como mantras? <\/span><\/span><\/span><span style=\"color: #121212;\"><span style=\"font-family: Palatino Linotype, serif;\"><span style=\"font-size: medium;\">J<\/span><\/span><\/span><span style=\"color: #121212;\"><span style=\"font-family: Palatino Linotype, serif;\"><span style=\"font-size: medium;\">ogos de luzes num ambiente escuro, com um tel\u00e3o ao fundo? <\/span><\/span><\/span><span style=\"color: #121212;\"><span style=\"font-family: Palatino Linotype, serif;\"><span style=\"font-size: medium;\">T<\/span><\/span><\/span><span style=\"color: #121212;\"><span style=\"font-family: Palatino Linotype, serif;\"><span style=\"font-size: medium;\">er um t\u00edtulo de ap\u00f3stolo ou bispo? <\/span><\/span><\/span><span style=\"color: #121212;\"><span style=\"font-family: Palatino Linotype, serif;\"><span style=\"font-size: medium;\">F<\/span><\/span><\/span><span style=\"color: #121212;\"><span style=\"font-family: Palatino Linotype, serif;\"><span style=\"font-size: medium;\">alar ou escrever palavras espec\u00edficas como chav\u00f5es e repeti-las v\u00e1rias vezes em v\u00e1rios contextos na tentativa de convencer? <\/span><\/span><\/span><span style=\"color: #121212;\"><span style=\"font-family: Palatino Linotype, serif;\"><span style=\"font-size: medium;\">T<\/span><\/span><\/span><span style=\"color: #121212;\"><span style=\"font-family: Palatino Linotype, serif;\"><span style=\"font-size: medium;\">er \u201cprofetas\u201d que falam o que a audi\u00eancia quer ouvir? <\/span><\/span><\/span><span style=\"color: #121212;\"><span style=\"font-family: Palatino Linotype, serif;\"><span style=\"font-size: medium;\">\u00c9<\/span><\/span><\/span><span style=\"color: #121212;\"><span style=\"font-family: Palatino Linotype, serif;\"><span style=\"font-size: medium;\"> o nome de uma catedral? <\/span><\/span><\/span><span style=\"color: #121212;\"><span style=\"font-family: Palatino Linotype, serif;\"><span style=\"font-size: medium;\">\u00c9<\/span><\/span><\/span><span style=\"color: #121212;\"><span style=\"font-family: Palatino Linotype, serif;\"><span style=\"font-size: medium;\"> provocado pelos homens? <\/span><\/span><\/span><span style=\"color: #121212;\"><span style=\"font-family: Palatino Linotype, serif;\"><span style=\"font-size: medium;\">A<\/span><\/span><\/span><span style=\"color: #121212;\"><span style=\"font-family: Palatino Linotype, serif;\"><span style=\"font-size: medium;\">lgu\u00e9m pode ser considerado o pai ou m\u00e3e do avivamento? Quando olhamos para a igreja moderna e comparamos com a igreja descrita nas Escrituras encontramos 100% de similaridades? Somos capazes de encontrar as diferen\u00e7as e estamos dispostos a fazer as devidas corre\u00e7\u00f5es? Ao olharmos para Igreja descrita nas Escrituras vemos o Evangelho com Sinais e n\u00f3s? <\/span><\/span><\/span><span style=\"color: #121212;\"><span style=\"font-family: Palatino Linotype, serif;\"><span style=\"font-size: medium;\"><i>Assim diz o SENHOR: Ponde-vos nos caminhos, e vede, e perguntai pelas veredas antigas, qual \u00e9 o bom caminho, e andai por ele; e achareis descanso para a vossa alma; mas eles dizem: N\u00e3o andaremos <\/i><\/span><\/span><\/span><span style=\"color: #121212;\"><span style=\"font-family: Palatino Linotype, serif;\"><span style=\"font-size: medium;\">(Jeremias 6:16).<\/span><\/span><\/span><\/p>\n<p align=\"justify\"><span style=\"color: #121212;\"><span style=\"font-family: Palatino Linotype, serif;\"><span style=\"font-size: medium;\">M<\/span><\/span><\/span><span style=\"color: #121212;\"><span style=\"font-family: Palatino Linotype, serif;\"><span style=\"font-size: medium;\">uitos preferem andar pelo caminho <\/span><\/span><\/span><span style=\"color: #121212;\"><span style=\"font-family: Palatino Linotype, serif;\"><span style=\"font-size: medium;\">da <\/span><\/span><\/span><span style=\"color: #121212;\"><span style=\"font-family: Palatino Linotype, serif;\"><span style=\"font-size: medium;\">tolice e da meninice, <\/span><\/span><\/span><span style=\"color: #121212;\"><span style=\"font-family: Palatino Linotype, serif;\"><span style=\"font-size: medium;\">por um caminho muito estranho que nada tem a ver com sabedoria, inteligencia, mas que consiste em demonstra\u00e7\u00f5es de emo\u00e7\u00f5es de modo exagerado que, de acordo com os seus praticantes, s\u00e3o \u201cmanifesta\u00e7\u00f5es do Esp\u00edrito Santo de Deus\u201d, como j\u00e1 afirmamos, cantar, dan\u00e7ar desorientadamente, pular, gritar, rolar no ch\u00e3o, girar, entre outros movimentos aleat\u00f3rios.<\/span><\/span><\/span><\/p>\n<p align=\"justify\"><span style=\"color: #121212;\"><span style=\"font-family: Palatino Linotype, serif;\"><span style=\"font-size: medium;\">Esse caminho tem nome, Retet\u00e9 ou R\u00e9t\u00e9t\u00e9, que \u00e9 uma manifesta\u00e7\u00e3o f\u00edsica praticada durante cultos religiosos, principalmente os que est\u00e3o ligados com as igrejas neopentecostais no Brasil. Este \u201cmovimento\u201d tamb\u00e9m \u00e9 conhecido por \u201csapatinho de fogo\u201d, em alguns estados brasileiros. Este termo n\u00e3o possui uma origem etimol\u00f3gica conhecida, no entanto est\u00e1 relacionado com \u201calgazarra\u201d, \u201cbagun\u00e7a\u201d, \u201cbarulho\u201d, \u201cfesta\u201d e etc.<\/span><\/span><\/span><\/p>\n<p align=\"justify\"><span style=\"color: #121212;\"><span style=\"font-family: Palatino Linotype, serif;\"><span style=\"font-size: medium;\">No entanto, existe um conflito entre as igrejas pentecostais que praticam o retet\u00e9 e as demais, pois, segundo os grupos tradicionais desta doutrina, o retet\u00e9 \u00e9 uma blasf\u00eamia e desrespeito ao poder de Deus. Muitas pessoas relacionam o retet\u00e9 com a umbanda ou o candombl\u00e9 \u2013 religi\u00f5es afro-brasileiras \u2013 devido ao fato de se assemelharem nas manifesta\u00e7\u00f5es de adora\u00e7\u00e3o ao que consideram sagrado.<\/span><\/span><\/span><\/p>\n<p align=\"justify\"><span style=\"color: #121212;\"><span style=\"font-family: Palatino Linotype, serif;\"><span style=\"font-size: medium;\">Hoje, o culto pentecostal deixou de ser aquele culto racional, centrado na adora\u00e7\u00e3o a Jesus e na medita\u00e7\u00e3o na sua Palavra, com atua\u00e7\u00e3o dos dons do Esp\u00edrito Santo. Culto pentecostal para os &#8220;retetetianos&#8221; \u00e9 composto de dan\u00e7as (chamadas misteriosas), urros, berros, gente caindo ao ch\u00e3o, &#8220;arrebatadas&#8221;, pessoas marchando, pulando, saltando, tudo isso, muitas vezes, ao som de tambores, atabaques em ritmos fren\u00e9ticos. Exposi\u00e7\u00e3o b\u00edblica, reflex\u00e3o evang\u00e9lica, prega\u00e7\u00e3o expositiva, essas coisas n\u00e3o mais fazem parte da liturgia de muitas igrejas. Ser espiritual \u00e9 &#8220;dan\u00e7ar em mist\u00e9rio, trazer revela\u00e7\u00f5es (at\u00e9 a partir de fotografias), profecias e ter muitas vis\u00f5es.&#8221;<\/span><\/span><\/span><\/p>\n<p align=\"justify\"><span style=\"color: #121212;\"><span style=\"font-family: Palatino Linotype, serif;\"><span style=\"font-size: medium;\">Gostaria que me indicassem algumas referencias b\u00edblicas sobre esse novo movimento no meio do povo de Deus. Sou um profundo admirador dos crist\u00e3os da cidade de Bereia que estiveram atentos a tudo que Paulo dizia e examinavam as Escrituras para ver se estava tudo l\u00e1 (Atos 17:10-12).<\/span><\/span><\/span><\/p>\n<p align=\"justify\"><span style=\"color: #121212;\"><span style=\"font-family: Palatino Linotype, serif;\"><span style=\"font-size: medium;\">A maior necessidade da Igreja hoje \u00e9 um retorno \u00e0 Palavra genu\u00edna do Senhor. O que transforma o cora\u00e7\u00e3o do homem \u00e9 a Palavra. O que edifica a Igreja \u00e9 a Palavra. A nossa arma de guerra \u00e9 a Palavra, a espada do Esp\u00edrito. Inclusive Jesus venceu o diabo na sua tenta\u00e7\u00e3o com a Palavra (Mateus 4). <\/span><\/span><\/span><\/p>\n<p align=\"justify\"><span style=\"color: #121212;\"><span style=\"font-family: Palatino Linotype, serif;\"><span style=\"font-size: medium;\"><i>E, tendo orado, moveu-se o lugar em que estavam reunidos; e todos foram cheios do Esp\u00edrito Santo, e anunciavam com ousadia a Palavra de Deus <\/i>(Atos 4:32) &#8211; Ao ler esse texto, com um m\u00ednimo de aten\u00e7\u00e3o, ver\u00e1 que os irm\u00e3os da Igreja Primitiva ap\u00f3s um momento de ora\u00e7\u00e3o coletiva foram visitados pelo Esp\u00edrito Santo que abalou o lugar em que eles estavam reunidos, enchendo a todos. Eles receberam poder, o lugar foi abalado, mas n\u00e3o ficou s\u00f3 nisso. \u00c9 interessante que ap\u00f3s tudo isso eles anunciaram com ousadia a Palavra de Deus, ou seja, sa\u00edram \u00e0s ruas para evangelizar, discipular, libertar os cativos, sem nenhum temor.<\/span><\/span><\/span><\/p>\n<p align=\"justify\"><span style=\"color: #121212;\"><span style=\"font-family: Palatino Linotype, serif;\"><span style=\"font-size: medium;\">Por isso, meu caro, \u00e9 no m\u00ednimo question\u00e1vel a plenitude de poder que alguns dizem receber, pois as pessoas participam de reuni\u00f5es \u201cde poder\u201d, pulam, gritam, urram, dan\u00e7am, requebram, \u201cs\u00e3o arrebatadas\u201d (n\u00e3o sei como, nem para que), falam em l\u00ednguas estranhas do in\u00edcio ao fim do culto, mas depois de tudo isso n\u00e3o tem interesse nem motiva\u00e7\u00e3o para pregar o evangelho. <\/span><\/span><\/span><\/p>\n<p align=\"justify\"><span style=\"color: #121212;\"><span style=\"font-family: Palatino Linotype, serif;\"><span style=\"font-size: medium;\">Uma pessoa cheia do Esp\u00edrito tem paix\u00e3o pelas almas, valoriza a leitura da B\u00edblia, faz disc\u00edpulos, vive separada do pecado, ora n\u00e3o apenas na igreja, mas mant\u00eam uma vida de consagra\u00e7\u00e3o em casa, enfim, n\u00e3o me venham com essa de retet\u00e9, de mist\u00e9rio, de dancinhas sem fruto, porque a B\u00edblia nos mostra algo diferente. CRES\u00c7A, DEIXE DE SER CRIAN\u00c7A!<\/span><\/span><\/span><\/p>\n<p align=\"justify\"><span style=\"color: #121212;\"><span style=\"font-family: Palatino Linotype, serif;\"><span style=\"font-size: medium;\">Hoje, diversas igrejas intituladas de segmentos &#8220;pentecostais&#8221; se envolveram com esse tipo de comportamento, anarquizando o j\u00e1 t\u00e3o fragilizado movimento carism\u00e1tico pentecostal. Diferente do que muitos pensam, o R\u00c9T\u00c9T\u00c9 n\u00e3o \u00e9 uma caracter\u00edstica proveniente do pentecostalismo, esse movimento n\u00e3o teve origem brasileira, mas estrangeira, embora o r\u00f3tulo adotado s\u00f3 seja conhecido no Brasil. O seu nome original \u00e9 &#8220;un\u00e7\u00e3o de Toronto&#8221;, referente ao local onde acontecia a pr\u00e1tica esot\u00e9rica da Igreja Comunh\u00e3o da Videira do Aeroporto de Toronto &#8211; Canad\u00e1, uma das igrejas que mais deram notoriedade ao movimento a partir de 1994:<\/span><\/span><\/span><\/p>\n<p style=\"padding-left: 40px;\" align=\"justify\"><span style=\"color: #121212;\"><span style=\"font-family: Palatino Linotype, serif;\"><span style=\"font-size: medium;\"><b>Revista DEFESA DA F\u00c9<\/b> &#8211; <i>edi\u00e7\u00e3o especial, p\u00e1gina 115<\/i> &#8211; &#8220;Ao contr\u00e1rio das demais igrejas pentecostais, que buscam preservar a ortodoxia doutrin\u00e1ria, a igreja do Aeroporto&#8230; granjeou surpreendente notoriedade em virtude das manifesta\u00e7\u00f5es que ocorriam em seus cultos. Dizendo-se cheios do Esp\u00edrito, os frequentadores dessa igreja come\u00e7aram a manifestar-se de maneira estranha e at\u00e9 mesmo ex\u00f3tica. Em dado momento, todos se punham a rir de maneira incontrol\u00e1vel, alguns chegavam a rolar pelo ch\u00e3o. Justificando esse bizarro comportamento, alegavam tratar-se de &#8220;gargalhada santa&#8221;. Outros iam mais longe: n\u00e3o se limitavam ao som estrepitoso dos risos; sa\u00edam urrando como se fossem le\u00f5es, carneiros, ou bradando como guerreiros, fora os que ca\u00edam no Esp\u00edrito&#8221;.<\/span><\/span><\/span><\/p>\n<ul style=\"list-style-type: square;\">\n<li><span style=\"color: #121212;\"><span style=\"font-family: Palatino Linotype, serif;\"><span style=\"font-size: medium;\">Quanto a n\u00f3s, voc\u00ea est\u00e1 pronto? Para qu\u00ea? Para crer em Deus! <\/span><\/span><\/span><\/li>\n<li><span style=\"color: #121212;\"><span style=\"font-family: Palatino Linotype, serif;\"><span style=\"font-size: medium;\">Pronto para descobrir o que Deus tem reservado para voc\u00ea! <\/span><\/span><\/span><\/li>\n<li><span style=\"color: #121212;\"><span style=\"font-family: Palatino Linotype, serif;\"><span style=\"font-size: medium;\">Pronto para entrar hoje mesmo nos planos que Deus tem para sua vida?<\/span><\/span><\/span><\/li>\n<\/ul>\n","protected":false},"excerpt":{"rendered":"<p>Um avivamento est\u00e1 para acontecer na vida da Igreja e devemos atentar com muita intelig\u00eancia para as manifesta\u00e7\u00f5es<\/p>\n","protected":false},"author":1,"featured_media":67425,"comment_status":"open","ping_status":"open","sticky":false,"template":"","format":"standard","meta":{"footnotes":""},"categories":[124],"tags":[24,38,18,23,32,22,56,45,53],"class_list":["post-67421","post","type-post","status-publish","format-standard","has-post-thumbnail","hentry","category-alertas-a-igreja","tag-apostasia","tag-cristao","tag-cuidado","tag-engano","tag-espirito-santo","tag-falsos","tag-obediencia","tag-palavra","tag-vendilhoes"],"yoast_head":"<!-- This site is optimized with the Yoast SEO plugin v27.4 - https:\/\/yoast.com\/product\/yoast-seo-wordpress\/ -->\n<title>Deixando as coisas de CRIAN\u00c7A! - Pr. Jonas Santana<\/title>\n<meta name=\"robots\" content=\"index, follow, max-snippet:-1, max-image-preview:large, max-video-preview:-1\" \/>\n<link rel=\"canonical\" href=\"https:\/\/www.andandonagraca.org\/site\/?p=67421\" \/>\n<meta property=\"og:locale\" content=\"pt_BR\" \/>\n<meta property=\"og:type\" content=\"article\" \/>\n<meta property=\"og:title\" content=\"Deixando as coisas de CRIAN\u00c7A! - Pr. Jonas Santana\" \/>\n<meta property=\"og:description\" content=\"Um avivamento est\u00e1 para acontecer na vida da Igreja e devemos atentar com muita intelig\u00eancia para as manifesta\u00e7\u00f5es\" \/>\n<meta property=\"og:url\" content=\"https:\/\/www.andandonagraca.org\/site\/?p=67421\" \/>\n<meta property=\"og:site_name\" content=\"Pr. Jonas Santana\" \/>\n<meta property=\"article:publisher\" content=\"https:\/\/www.facebook.com\/andandonagraca\" \/>\n<meta property=\"article:author\" content=\"https:\/\/www.facebook.com\/andandonagraca\" \/>\n<meta property=\"article:published_time\" content=\"2022-07-27T15:25:34+00:00\" \/>\n<meta property=\"article:modified_time\" content=\"2022-08-17T12:09:27+00:00\" \/>\n<meta property=\"og:image\" content=\"https:\/\/www.andandonagraca.org\/site\/wp-content\/uploads\/2022\/07\/children-1024x576.png\" \/>\n\t<meta property=\"og:image:width\" content=\"1024\" \/>\n\t<meta property=\"og:image:height\" content=\"576\" \/>\n\t<meta property=\"og:image:type\" content=\"image\/png\" \/>\n<meta name=\"author\" content=\"Pr. Jonas Santana\" \/>\n<meta name=\"twitter:card\" content=\"summary_large_image\" \/>\n<meta name=\"twitter:label1\" content=\"Escrito por\" \/>\n\t<meta name=\"twitter:data1\" content=\"Pr. Jonas Santana\" \/>\n\t<meta name=\"twitter:label2\" content=\"Est. tempo de leitura\" \/>\n\t<meta name=\"twitter:data2\" content=\"23 minutos\" \/>\n<script type=\"application\/ld+json\" class=\"yoast-schema-graph\">{\"@context\":\"https:\\\/\\\/schema.org\",\"@graph\":[{\"@type\":\"Article\",\"@id\":\"https:\\\/\\\/www.andandonagraca.org\\\/site\\\/?p=67421#article\",\"isPartOf\":{\"@id\":\"https:\\\/\\\/www.andandonagraca.org\\\/site\\\/?p=67421\"},\"author\":{\"name\":\"Pr. Jonas Santana\",\"@id\":\"https:\\\/\\\/www.andandonagraca.org\\\/site\\\/#\\\/schema\\\/person\\\/225d0dedb572d4570a947397af2606ed\"},\"headline\":\"Deixando as coisas de CRIAN\u00c7A!\",\"datePublished\":\"2022-07-27T15:25:34+00:00\",\"dateModified\":\"2022-08-17T12:09:27+00:00\",\"mainEntityOfPage\":{\"@id\":\"https:\\\/\\\/www.andandonagraca.org\\\/site\\\/?p=67421\"},\"wordCount\":4667,\"commentCount\":0,\"image\":{\"@id\":\"https:\\\/\\\/www.andandonagraca.org\\\/site\\\/?p=67421#primaryimage\"},\"thumbnailUrl\":\"https:\\\/\\\/www.andandonagraca.org\\\/site\\\/wp-content\\\/uploads\\\/2022\\\/07\\\/children.png\",\"keywords\":[\"apostasia\",\"crist\u00e3o\",\"cuidado\",\"engano\",\"Esp\u00edrito Santo\",\"falsos\",\"obedi\u00eancia\",\"palavra\",\"vendilh\u00f5es\"],\"articleSection\":[\"Alertas \u00e0 Igreja\"],\"inLanguage\":\"pt-BR\",\"potentialAction\":[{\"@type\":\"CommentAction\",\"name\":\"Comment\",\"target\":[\"https:\\\/\\\/www.andandonagraca.org\\\/site\\\/?p=67421#respond\"]}]},{\"@type\":\"WebPage\",\"@id\":\"https:\\\/\\\/www.andandonagraca.org\\\/site\\\/?p=67421\",\"url\":\"https:\\\/\\\/www.andandonagraca.org\\\/site\\\/?p=67421\",\"name\":\"Deixando as coisas de CRIAN\u00c7A! - Pr. Jonas Santana\",\"isPartOf\":{\"@id\":\"https:\\\/\\\/www.andandonagraca.org\\\/site\\\/#website\"},\"primaryImageOfPage\":{\"@id\":\"https:\\\/\\\/www.andandonagraca.org\\\/site\\\/?p=67421#primaryimage\"},\"image\":{\"@id\":\"https:\\\/\\\/www.andandonagraca.org\\\/site\\\/?p=67421#primaryimage\"},\"thumbnailUrl\":\"https:\\\/\\\/www.andandonagraca.org\\\/site\\\/wp-content\\\/uploads\\\/2022\\\/07\\\/children.png\",\"datePublished\":\"2022-07-27T15:25:34+00:00\",\"dateModified\":\"2022-08-17T12:09:27+00:00\",\"author\":{\"@id\":\"https:\\\/\\\/www.andandonagraca.org\\\/site\\\/#\\\/schema\\\/person\\\/225d0dedb572d4570a947397af2606ed\"},\"breadcrumb\":{\"@id\":\"https:\\\/\\\/www.andandonagraca.org\\\/site\\\/?p=67421#breadcrumb\"},\"inLanguage\":\"pt-BR\",\"potentialAction\":[{\"@type\":\"ReadAction\",\"target\":[\"https:\\\/\\\/www.andandonagraca.org\\\/site\\\/?p=67421\"]}]},{\"@type\":\"ImageObject\",\"inLanguage\":\"pt-BR\",\"@id\":\"https:\\\/\\\/www.andandonagraca.org\\\/site\\\/?p=67421#primaryimage\",\"url\":\"https:\\\/\\\/www.andandonagraca.org\\\/site\\\/wp-content\\\/uploads\\\/2022\\\/07\\\/children.png\",\"contentUrl\":\"https:\\\/\\\/www.andandonagraca.org\\\/site\\\/wp-content\\\/uploads\\\/2022\\\/07\\\/children.png\",\"width\":1920,\"height\":1080},{\"@type\":\"BreadcrumbList\",\"@id\":\"https:\\\/\\\/www.andandonagraca.org\\\/site\\\/?p=67421#breadcrumb\",\"itemListElement\":[{\"@type\":\"ListItem\",\"position\":1,\"name\":\"In\u00edcio\",\"item\":\"https:\\\/\\\/www.andandonagraca.org\\\/site\"},{\"@type\":\"ListItem\",\"position\":2,\"name\":\"Deixando as coisas de CRIAN\u00c7A!\"}]},{\"@type\":\"WebSite\",\"@id\":\"https:\\\/\\\/www.andandonagraca.org\\\/site\\\/#website\",\"url\":\"https:\\\/\\\/www.andandonagraca.org\\\/site\\\/\",\"name\":\"Pr. Jonas Santana\",\"description\":\"ANDANDO NA GRA\u00c7A - AEMSF\",\"potentialAction\":[{\"@type\":\"SearchAction\",\"target\":{\"@type\":\"EntryPoint\",\"urlTemplate\":\"https:\\\/\\\/www.andandonagraca.org\\\/site\\\/?s={search_term_string}\"},\"query-input\":{\"@type\":\"PropertyValueSpecification\",\"valueRequired\":true,\"valueName\":\"search_term_string\"}}],\"inLanguage\":\"pt-BR\"},{\"@type\":\"Person\",\"@id\":\"https:\\\/\\\/www.andandonagraca.org\\\/site\\\/#\\\/schema\\\/person\\\/225d0dedb572d4570a947397af2606ed\",\"name\":\"Pr. Jonas Santana\",\"image\":{\"@type\":\"ImageObject\",\"inLanguage\":\"pt-BR\",\"@id\":\"https:\\\/\\\/secure.gravatar.com\\\/avatar\\\/7f463b781f71522d52f2ff3dae3592f9f7b0e24187fc413b95cd3efa8429de28?s=96&d=mm&r=g\",\"url\":\"https:\\\/\\\/secure.gravatar.com\\\/avatar\\\/7f463b781f71522d52f2ff3dae3592f9f7b0e24187fc413b95cd3efa8429de28?s=96&d=mm&r=g\",\"contentUrl\":\"https:\\\/\\\/secure.gravatar.com\\\/avatar\\\/7f463b781f71522d52f2ff3dae3592f9f7b0e24187fc413b95cd3efa8429de28?s=96&d=mm&r=g\",\"caption\":\"Pr. Jonas Santana\"},\"description\":\"Pastor, pesquisador b\u00edblico, pregador do Evangelho do Reino A fidelidade requer que entreguemos o evangelho sob todos os \u00e2ngulos, sem omitir nada e sem exagerar em nada. Para isto requer-se muita sabedoria. Nosso desejo \u00e9 compartilhar a sabedoria do Reino de Deus a todos aqueles que o desejam de todo o cora\u00e7\u00e3o.\",\"sameAs\":[\"https:\\\/\\\/www.andandonagraca.org\",\"https:\\\/\\\/www.facebook.com\\\/andandonagraca\",\"https:\\\/\\\/www.instagram.com\\\/andandonagraca\\\/\",\"https:\\\/\\\/www.youtube.com\\\/@andandonagraca\",\"https:\\\/\\\/podcasters.spotify.com\\\/pod\\\/show\\\/andandonagraca\\\/\"],\"url\":\"https:\\\/\\\/www.andandonagraca.org\\\/site\\\/?author=1\"}]}<\/script>\n<!-- \/ Yoast SEO plugin. -->","yoast_head_json":{"title":"Deixando as coisas de CRIAN\u00c7A! - Pr. Jonas Santana","robots":{"index":"index","follow":"follow","max-snippet":"max-snippet:-1","max-image-preview":"max-image-preview:large","max-video-preview":"max-video-preview:-1"},"canonical":"https:\/\/www.andandonagraca.org\/site\/?p=67421","og_locale":"pt_BR","og_type":"article","og_title":"Deixando as coisas de CRIAN\u00c7A! - Pr. Jonas Santana","og_description":"Um avivamento est\u00e1 para acontecer na vida da Igreja e devemos atentar com muita intelig\u00eancia para as manifesta\u00e7\u00f5es","og_url":"https:\/\/www.andandonagraca.org\/site\/?p=67421","og_site_name":"Pr. Jonas Santana","article_publisher":"https:\/\/www.facebook.com\/andandonagraca","article_author":"https:\/\/www.facebook.com\/andandonagraca","article_published_time":"2022-07-27T15:25:34+00:00","article_modified_time":"2022-08-17T12:09:27+00:00","og_image":[{"width":1024,"height":576,"url":"https:\/\/www.andandonagraca.org\/site\/wp-content\/uploads\/2022\/07\/children-1024x576.png","type":"image\/png"}],"author":"Pr. Jonas Santana","twitter_card":"summary_large_image","twitter_misc":{"Escrito por":"Pr. Jonas Santana","Est. tempo de leitura":"23 minutos"},"schema":{"@context":"https:\/\/schema.org","@graph":[{"@type":"Article","@id":"https:\/\/www.andandonagraca.org\/site\/?p=67421#article","isPartOf":{"@id":"https:\/\/www.andandonagraca.org\/site\/?p=67421"},"author":{"name":"Pr. Jonas Santana","@id":"https:\/\/www.andandonagraca.org\/site\/#\/schema\/person\/225d0dedb572d4570a947397af2606ed"},"headline":"Deixando as coisas de CRIAN\u00c7A!","datePublished":"2022-07-27T15:25:34+00:00","dateModified":"2022-08-17T12:09:27+00:00","mainEntityOfPage":{"@id":"https:\/\/www.andandonagraca.org\/site\/?p=67421"},"wordCount":4667,"commentCount":0,"image":{"@id":"https:\/\/www.andandonagraca.org\/site\/?p=67421#primaryimage"},"thumbnailUrl":"https:\/\/www.andandonagraca.org\/site\/wp-content\/uploads\/2022\/07\/children.png","keywords":["apostasia","crist\u00e3o","cuidado","engano","Esp\u00edrito Santo","falsos","obedi\u00eancia","palavra","vendilh\u00f5es"],"articleSection":["Alertas \u00e0 Igreja"],"inLanguage":"pt-BR","potentialAction":[{"@type":"CommentAction","name":"Comment","target":["https:\/\/www.andandonagraca.org\/site\/?p=67421#respond"]}]},{"@type":"WebPage","@id":"https:\/\/www.andandonagraca.org\/site\/?p=67421","url":"https:\/\/www.andandonagraca.org\/site\/?p=67421","name":"Deixando as coisas de CRIAN\u00c7A! - Pr. Jonas Santana","isPartOf":{"@id":"https:\/\/www.andandonagraca.org\/site\/#website"},"primaryImageOfPage":{"@id":"https:\/\/www.andandonagraca.org\/site\/?p=67421#primaryimage"},"image":{"@id":"https:\/\/www.andandonagraca.org\/site\/?p=67421#primaryimage"},"thumbnailUrl":"https:\/\/www.andandonagraca.org\/site\/wp-content\/uploads\/2022\/07\/children.png","datePublished":"2022-07-27T15:25:34+00:00","dateModified":"2022-08-17T12:09:27+00:00","author":{"@id":"https:\/\/www.andandonagraca.org\/site\/#\/schema\/person\/225d0dedb572d4570a947397af2606ed"},"breadcrumb":{"@id":"https:\/\/www.andandonagraca.org\/site\/?p=67421#breadcrumb"},"inLanguage":"pt-BR","potentialAction":[{"@type":"ReadAction","target":["https:\/\/www.andandonagraca.org\/site\/?p=67421"]}]},{"@type":"ImageObject","inLanguage":"pt-BR","@id":"https:\/\/www.andandonagraca.org\/site\/?p=67421#primaryimage","url":"https:\/\/www.andandonagraca.org\/site\/wp-content\/uploads\/2022\/07\/children.png","contentUrl":"https:\/\/www.andandonagraca.org\/site\/wp-content\/uploads\/2022\/07\/children.png","width":1920,"height":1080},{"@type":"BreadcrumbList","@id":"https:\/\/www.andandonagraca.org\/site\/?p=67421#breadcrumb","itemListElement":[{"@type":"ListItem","position":1,"name":"In\u00edcio","item":"https:\/\/www.andandonagraca.org\/site"},{"@type":"ListItem","position":2,"name":"Deixando as coisas de CRIAN\u00c7A!"}]},{"@type":"WebSite","@id":"https:\/\/www.andandonagraca.org\/site\/#website","url":"https:\/\/www.andandonagraca.org\/site\/","name":"Pr. Jonas Santana","description":"ANDANDO NA GRA\u00c7A - AEMSF","potentialAction":[{"@type":"SearchAction","target":{"@type":"EntryPoint","urlTemplate":"https:\/\/www.andandonagraca.org\/site\/?s={search_term_string}"},"query-input":{"@type":"PropertyValueSpecification","valueRequired":true,"valueName":"search_term_string"}}],"inLanguage":"pt-BR"},{"@type":"Person","@id":"https:\/\/www.andandonagraca.org\/site\/#\/schema\/person\/225d0dedb572d4570a947397af2606ed","name":"Pr. Jonas Santana","image":{"@type":"ImageObject","inLanguage":"pt-BR","@id":"https:\/\/secure.gravatar.com\/avatar\/7f463b781f71522d52f2ff3dae3592f9f7b0e24187fc413b95cd3efa8429de28?s=96&d=mm&r=g","url":"https:\/\/secure.gravatar.com\/avatar\/7f463b781f71522d52f2ff3dae3592f9f7b0e24187fc413b95cd3efa8429de28?s=96&d=mm&r=g","contentUrl":"https:\/\/secure.gravatar.com\/avatar\/7f463b781f71522d52f2ff3dae3592f9f7b0e24187fc413b95cd3efa8429de28?s=96&d=mm&r=g","caption":"Pr. Jonas Santana"},"description":"Pastor, pesquisador b\u00edblico, pregador do Evangelho do Reino A fidelidade requer que entreguemos o evangelho sob todos os \u00e2ngulos, sem omitir nada e sem exagerar em nada. Para isto requer-se muita sabedoria. Nosso desejo \u00e9 compartilhar a sabedoria do Reino de Deus a todos aqueles que o desejam de todo o cora\u00e7\u00e3o.","sameAs":["https:\/\/www.andandonagraca.org","https:\/\/www.facebook.com\/andandonagraca","https:\/\/www.instagram.com\/andandonagraca\/","https:\/\/www.youtube.com\/@andandonagraca","https:\/\/podcasters.spotify.com\/pod\/show\/andandonagraca\/"],"url":"https:\/\/www.andandonagraca.org\/site\/?author=1"}]}},"_links":{"self":[{"href":"https:\/\/www.andandonagraca.org\/site\/index.php?rest_route=\/wp\/v2\/posts\/67421","targetHints":{"allow":["GET"]}}],"collection":[{"href":"https:\/\/www.andandonagraca.org\/site\/index.php?rest_route=\/wp\/v2\/posts"}],"about":[{"href":"https:\/\/www.andandonagraca.org\/site\/index.php?rest_route=\/wp\/v2\/types\/post"}],"author":[{"embeddable":true,"href":"https:\/\/www.andandonagraca.org\/site\/index.php?rest_route=\/wp\/v2\/users\/1"}],"replies":[{"embeddable":true,"href":"https:\/\/www.andandonagraca.org\/site\/index.php?rest_route=%2Fwp%2Fv2%2Fcomments&post=67421"}],"version-history":[{"count":0,"href":"https:\/\/www.andandonagraca.org\/site\/index.php?rest_route=\/wp\/v2\/posts\/67421\/revisions"}],"wp:featuredmedia":[{"embeddable":true,"href":"https:\/\/www.andandonagraca.org\/site\/index.php?rest_route=\/wp\/v2\/media\/67425"}],"wp:attachment":[{"href":"https:\/\/www.andandonagraca.org\/site\/index.php?rest_route=%2Fwp%2Fv2%2Fmedia&parent=67421"}],"wp:term":[{"taxonomy":"category","embeddable":true,"href":"https:\/\/www.andandonagraca.org\/site\/index.php?rest_route=%2Fwp%2Fv2%2Fcategories&post=67421"},{"taxonomy":"post_tag","embeddable":true,"href":"https:\/\/www.andandonagraca.org\/site\/index.php?rest_route=%2Fwp%2Fv2%2Ftags&post=67421"}],"curies":[{"name":"wp","href":"https:\/\/api.w.org\/{rel}","templated":true}]}}