{"id":67524,"date":"2022-12-28T22:42:19","date_gmt":"2022-12-29T01:42:19","guid":{"rendered":"https:\/\/www.andandonagraca.org\/site\/?p=67524"},"modified":"2022-12-28T22:42:19","modified_gmt":"2022-12-29T01:42:19","slug":"ministerio-da-reconciliacao","status":"publish","type":"post","link":"https:\/\/www.andandonagraca.org\/site\/?p=67524","title":{"rendered":"MINIST\u00c9RIO DA RECONCILIA\u00c7\u00c3O"},"content":{"rendered":"<p style=\"text-align: justify;\">O mundo comemora o natal, uma data que afirma celebrar o nascimento de Cristo. N\u00e3o sabemos o dia e m\u00eas exatos, convencionou-se que foi no dia 25 de Dezembro. O fato aconteceu e os Evangelhos relatam esse acontecimento divinal e magnifico que abalou todo o mundo espiritual e abalou a terra. Foram vistos sinais no c\u00e9u, anjos cantaram. Um dia que mudou a hist\u00f3ria em Antes de Cristo e Depois de Cristo.<\/p>\n<p style=\"text-align: justify;\">Mas quem \u00e9 Cristo? Quem est\u00e1 sendo celebrado? O que deve ser celebrado?<\/p>\n<p style=\"text-align: justify;\"><strong>Jo\u00e3o 4:10<\/strong> &#8211; Jesus respondeu, e disse-lhe: Se tu conheceras o dom (presente) de Deus, e quem \u00e9 o que te diz-D\u00e1-me de beber, tu lhe pedirias, e ele te daria \u00e1gua viva.<\/p>\n<p style=\"text-align: justify;\">Jesus foi celebrado ontem a noite nas ceias de natal? Hoje est\u00e1 sendo celebrado na vida das pessoas em todo o mundo ocidental? E n\u00f3s? Eu e voc\u00ea? De fato conhecemos e comemoramos corretamente o \u201caniversariante\u201d? Conhecemos de fato o dom de Deus?<\/p>\n<p style=\"text-align: justify;\">O que de aconteceu realmente naquele dia que Jesus nasceu em Bel\u00e9m? Exatamente o que Paulo relatou e que deve ser tamb\u00e9m o nosso sentimento: Aquele que \u00e9 Deus n\u00e3o teve apego a isso e esvaziou-se de si mesmo assumindo a forma de servo, tornando-se em semelhan\u00e7a de homens; e, reconhecido em figura humana, a si mesmo se humilhou, tornando-se obediente at\u00e9 \u00e0 morte e morte de cruz. O Deus eterno tornou-se homem.<\/p>\n<p style=\"text-align: justify;\"><strong>Filipenses 2:5-11 &#8211; <\/strong>De sorte que haja em v\u00f3s o mesmo sentimento que houve tamb\u00e9m em Cristo Jesus. Que, sendo em forma de Deus, n\u00e3o teve por usurpa\u00e7\u00e3o ser igual a Deus.\u00a0 Mas aniquilou-se a si mesmo, tomando a forma de servo, fazendo-se semelhante aos homens; e, achado na forma de homem, humilhou-se a si mesmo, sendo obediente at\u00e9 \u00e0 morte, e morte de cruz. Pelo que tamb\u00e9m Deus o exaltou soberanamente, e lhe deu um nome que \u00e9 sobre todo o nome; para que ao nome de Jesus se dobre todo o joelho dos que est\u00e3o nos c\u00e9us, e na terra, e debaixo da terra, e toda a l\u00edngua confesse que Jesus Cristo \u00e9 o Senhor, para gl\u00f3ria de Deus Pai.<\/p>\n<p style=\"text-align: justify;\">Hoje iremos tentar compor um retrato desse Jesus, o Cristo, 100% homem 100% Deus, algu\u00e9m que em tudo foi tentado \u2013 mas sem pecado. Podendo, como Paulo, perceber o mist\u00e9rio de Deus, para que os seus cora\u00e7\u00f5es sejam consolados, e estejam unidos em caridade, e enriquecidos da plenitude da intelig\u00eancia, para conhecimento do mist\u00e9rio de Deus-Cristo, em quem est\u00e3o escondidos todos os tesouros da sabedoria e da ci\u00eancia (Colossenses 2:2-3).<\/p>\n<p style=\"text-align: justify;\">&#8230;<\/p>\n<p style=\"text-align: justify;\">Diante do quadro aterrador que a humanidade vive, porque Deus n\u00e3o destr\u00f3i o homem definitivamente?<\/p>\n<p style=\"text-align: justify;\"><strong>\u2013 Porque Jesus \u00e9 o nosso reconciliador!<\/strong><\/p>\n<p style=\"text-align: justify;\"><strong>Romanos 5:6-11<\/strong> \u2013 Porque Cristo, estando n\u00f3s ainda fracos, morreu a seu tempo pelos \u00edmpios. Porque apenas algu\u00e9m morrer\u00e1 por um justo; pois poder\u00e1 ser que pelo bom algu\u00e9m ouse morrer. Mas Deus prova o seu amor para conosco em que Cristo morreu por n\u00f3s, sendo n\u00f3s ainda pecadores. Sendo justificados pelo seu sangue, seremos por ele salvos da ira. Porque, se n\u00f3s, sendo inimigos, fomos reconciliados com Deus pela morte de seu Filho, muito mais, estando j\u00e1 reconciliados, seremos salvos pela sua vida. E n\u00e3o somente isto, mas tamb\u00e9m nos gloriamos em Deus por nosso Senhor Jesus Cristo, pelo qual agora alcan\u00e7amos a reconcilia\u00e7\u00e3o.<\/p>\n<p style=\"text-align: justify;\"><strong>2\u00aa Cor\u00edntios 5:17-19<\/strong> \u2013 Assim que, se algu\u00e9m est\u00e1 em Cristo, nova criatura \u00e9: as coisas velhas j\u00e1 passaram; eis que tudo se fez novo. E tudo isso prov\u00e9m de Deus, que nos reconciliou consigo mesmo por Jesus Cristo e nos deu o minist\u00e9rio da reconcilia\u00e7\u00e3o, isto \u00e9, Deus estava em Cristo reconciliando consigo o mundo, n\u00e3o lhes imputando os seus pecados, e p\u00f4s em n\u00f3s a palavra da reconcilia\u00e7\u00e3o.<\/p>\n<p style=\"text-align: justify;\"><strong>Apocalipse 1:5<\/strong> \u2013 Toda a gl\u00f3ria seja Aquele que nos ama e nos libertou de nossos pecados por meio de seu sangue.<\/p>\n<p style=\"text-align: justify;\"><strong>Apocalipse 22:14-15<\/strong> \u2013 Bem-aventurados aqueles que lavam as suas vestiduras no sangue do Cordeiro, para que tenham direito \u00e0 \u00e1rvore da vida, e possam entrar na cidade pelas portas. Ficar\u00e3o de fora os c\u00e3es e os feiticeiros, e os que se prostituem, e os homicidas, e os id\u00f3latras, e qualquer que ama e comete a mentira.<\/p>\n<p style=\"text-align: justify;\">\n<p style=\"text-align: justify;\"><strong>Reconcilia\u00e7\u00e3o &#8211; (voltar a ter o favor de), no NT, da restaura\u00e7\u00e3o da gra\u00e7a de Deus aos pecadores que se arrependem e colocam sua confian\u00e7a na morte expiat\u00f3ria de Cristo.<\/strong><\/p>\n<p style=\"text-align: justify;\">Entender o minist\u00e9rio da <strong>reconcilia\u00e7\u00e3o<\/strong>, \u00e9 entender que Jesus foi o nosso substituto, sendo o Cordeiro de Deus. Antigamente Deus aceitava a morte de um cordeiro (inocente) nas vezes da pessoa que tinha praticado injusti\u00e7as. Mas isso era transit\u00f3rio e ineficiente, ent\u00e3o Deus enviou um cordeiro substituto e definitivo como nosso justificador. \u00c9 o sangue de Jesus que nos lava e purifica definitivamente do pecado. Ele nos d\u00e1 o poder do Seu sangue para nos purificar do pecado e o poder do Seu nome para nos curar e libertar. Ele promove as pazes entre Deus e o homem at\u00e9 o tempo determinado pelo Pai.<\/p>\n<p style=\"text-align: justify;\">Quando analisamos a Maravilhosa Gra\u00e7a manifestada em Jesus Cristo, percebemos o t\u00e3o grande amor de Deus por uma ra\u00e7a imersa em pecados. A gra\u00e7a veio para todos mas nem todos pertencem ou entendem a gra\u00e7a. O Evangelho n\u00e3o \u00e9 para todos, pois muitos rejeitam deliberada e conscientemente,\u00a0 mas para os que cr\u00eaem, aceitam e recebem \u00e9 a reconcilia\u00e7\u00e3o com Deus atrav\u00e9s de Jesus Cristo.<\/p>\n<p style=\"text-align: justify;\">Est\u00e1vamos mortos por causa da desobedi\u00eancia e dos muitos pecados, nos quais costum\u00e1vamos viver, como o resto do mundo, obedecendo ao comandante dos poderes do mundo invis\u00edvel (diabo). Ele \u00e9 o esp\u00edrito que opera no cora\u00e7\u00e3o dos que se recusam a obedecer. Todos n\u00f3s viv\u00edamos desse modo, seguindo os desejos ardentes e as inclina\u00e7\u00f5es de nossa natureza humana. \u00c9ramos, por natureza, merecedores da ira, como os demais. Mas Deus \u00e9 t\u00e3o rico em miseric\u00f3rdia e nos amou tanto que, embora estiv\u00e9ssemos mortos por causa de nossos pecados, Ele nos deu vida junto a Cristo.<\/p>\n<p style=\"text-align: justify;\">Deus fez de Cristo, Aquele que nunca pecou, a oferta pelo nosso pecado, para que, por meio Dele, f\u00f4ssemos declarados justos diante de Deus. Jesus, o substituto perfeito, feito pecado, para que fossemos feitos justi\u00e7a (justos) de Deus. Deus amando pessoas que n\u00e3o merecem ser amadas \u2013 pessoas intransigentes, indiferentes, ofensoras, amantes da maldade.<\/p>\n<p style=\"text-align: justify;\">Ele nos reconciliou consigo por meio da morte do Filho no corpo f\u00edsico e como resultado podemos nos apresentar diante Dele santos, sem culpa e livres de qualquer acusa\u00e7\u00e3o, santificados em Cristo, chamados santos, a igreja de Deus, aqueles que Ele santificou por meio de Cristo Jesus. Fomos chamados por Deus para ser Seu povo santo, junto com todos que, em toda parte, invocam o nome de nosso Senhor Jesus Cristo, Senhor deles e nosso. (<strong>1\u00aa Cor\u00edntios 1:2<\/strong>; <strong>2\u00aa Cor\u00edntios 5:21<\/strong>; <strong>Colossenses 1:22<\/strong>).<\/p>\n<p style=\"text-align: justify;\">N\u00e3o somos santos por m\u00e9rito pr\u00f3prio (por causa das nossas obras), mas por causa do que Jesus fez por n\u00f3s, na cruz. Dizem que santo n\u00e3o significa que n\u00e3o comete faltas, mas sim que foi lavado das suas faltas, por\u00e9m o santo \u00e9 algu\u00e9m que n\u00e3o vive na pr\u00e1tica do pecado, n\u00e3o tem prazer no pecado, tem um nojo profundo, avers\u00e3o completa, porque tem a natureza de Cristo. O santo \u00e9 considerado sal e luz, consequentemente as obras das trevas n\u00e3o resistem \u00e0 luz. Percebem porque a Igreja incomoda tanto? E a Palavra de Deus mais ainda? (<strong>Ef\u00e9sios 1:3-4; Filipenses 1:1; 4:21-22<\/strong>).<\/p>\n<p style=\"text-align: justify;\"><strong>N\u00e3o por obras, mas pela gra\u00e7a.<\/strong> Tudo o que voc\u00ea quiser receber de Deus, ter\u00e1 que receber pela gra\u00e7a e n\u00e3o por obras, jejuns, ora\u00e7\u00f5es, votos, sacrif\u00edcios. Deus salva, cura e ajuda, n\u00e3o porque merecemos, mas porque Ele ama. (<strong>Ef\u00e9sios 2:1-10<\/strong>).<\/p>\n<p style=\"text-align: justify;\">Porque Deus nos reconciliou consigo mesmo, agora estamos em Cristo e somos novas criaturas, vivemos de acordo com suas normas e preceitos, por amor e gratid\u00e3o vivemos como Ele vive.<\/p>\n<p style=\"text-align: center;\"><iframe loading=\"lazy\" title=\"YouTube video player\" src=\"\/\/www.youtube.com\/embed\/XvNsqzyYwpE\" width=\"560\" height=\"315\" frameborder=\"0\" allowfullscreen=\"allowfullscreen\"><\/iframe><\/p>\n<p>&nbsp;<\/p>\n","protected":false},"excerpt":{"rendered":"<p>O mundo comemora o natal, uma data que afirma celebrar o nascimento de Cristo. N\u00e3o sabemos o dia<\/p>\n","protected":false},"author":1,"featured_media":67525,"comment_status":"open","ping_status":"open","sticky":false,"template":"","format":"status","meta":{"footnotes":""},"categories":[120],"tags":[38,29,19,33,45,34,46],"class_list":["post-67524","post","type-post","status-publish","format-status","has-post-thumbnail","hentry","category-graca","tag-cristao","tag-cruz","tag-evangelho","tag-justificacao","tag-palavra","tag-reconciliacao","tag-santidade","post_format-post-format-status"],"yoast_head":"<!-- This site is optimized with the Yoast SEO plugin v27.4 - https:\/\/yoast.com\/product\/yoast-seo-wordpress\/ -->\n<title>MINIST\u00c9RIO DA RECONCILIA\u00c7\u00c3O - Pr. Jonas Santana<\/title>\n<meta name=\"robots\" content=\"index, follow, max-snippet:-1, max-image-preview:large, max-video-preview:-1\" \/>\n<link rel=\"canonical\" href=\"https:\/\/www.andandonagraca.org\/site\/?p=67524\" \/>\n<meta property=\"og:locale\" content=\"pt_BR\" \/>\n<meta property=\"og:type\" content=\"article\" \/>\n<meta property=\"og:title\" content=\"MINIST\u00c9RIO DA RECONCILIA\u00c7\u00c3O - Pr. Jonas Santana\" \/>\n<meta property=\"og:description\" content=\"O mundo comemora o natal, uma data que afirma celebrar o nascimento de Cristo. N\u00e3o sabemos o dia\" \/>\n<meta property=\"og:url\" content=\"https:\/\/www.andandonagraca.org\/site\/?p=67524\" \/>\n<meta property=\"og:site_name\" content=\"Pr. Jonas Santana\" \/>\n<meta property=\"article:publisher\" content=\"https:\/\/www.facebook.com\/andandonagraca\" \/>\n<meta property=\"article:author\" content=\"https:\/\/www.facebook.com\/andandonagraca\" \/>\n<meta property=\"article:published_time\" content=\"2022-12-29T01:42:19+00:00\" \/>\n<meta property=\"og:image\" content=\"https:\/\/www.andandonagraca.org\/site\/wp-content\/uploads\/2022\/12\/cross.jpg\" \/>\n\t<meta property=\"og:image:width\" content=\"1920\" \/>\n\t<meta property=\"og:image:height\" content=\"1080\" \/>\n\t<meta property=\"og:image:type\" content=\"image\/jpeg\" \/>\n<meta name=\"author\" content=\"Pr. Jonas Santana\" \/>\n<meta name=\"twitter:card\" content=\"summary_large_image\" \/>\n<meta name=\"twitter:label1\" content=\"Escrito por\" \/>\n\t<meta name=\"twitter:data1\" content=\"Pr. Jonas Santana\" \/>\n\t<meta name=\"twitter:label2\" content=\"Est. tempo de leitura\" \/>\n\t<meta name=\"twitter:data2\" content=\"7 minutos\" \/>\n<script type=\"application\/ld+json\" class=\"yoast-schema-graph\">{\"@context\":\"https:\\\/\\\/schema.org\",\"@graph\":[{\"@type\":\"Article\",\"@id\":\"https:\\\/\\\/www.andandonagraca.org\\\/site\\\/?p=67524#article\",\"isPartOf\":{\"@id\":\"https:\\\/\\\/www.andandonagraca.org\\\/site\\\/?p=67524\"},\"author\":{\"name\":\"Pr. Jonas Santana\",\"@id\":\"https:\\\/\\\/www.andandonagraca.org\\\/site\\\/#\\\/schema\\\/person\\\/225d0dedb572d4570a947397af2606ed\"},\"headline\":\"MINIST\u00c9RIO DA RECONCILIA\u00c7\u00c3O\",\"datePublished\":\"2022-12-29T01:42:19+00:00\",\"mainEntityOfPage\":{\"@id\":\"https:\\\/\\\/www.andandonagraca.org\\\/site\\\/?p=67524\"},\"wordCount\":1383,\"commentCount\":0,\"image\":{\"@id\":\"https:\\\/\\\/www.andandonagraca.org\\\/site\\\/?p=67524#primaryimage\"},\"thumbnailUrl\":\"https:\\\/\\\/www.andandonagraca.org\\\/site\\\/wp-content\\\/uploads\\\/2022\\\/12\\\/cross.jpg\",\"keywords\":[\"crist\u00e3o\",\"cruz\",\"evangelho\",\"justifica\u00e7\u00e3o\",\"palavra\",\"reconcilia\u00e7\u00e3o\",\"santidade\"],\"articleSection\":[\"Gra\u00e7a\"],\"inLanguage\":\"pt-BR\",\"potentialAction\":[{\"@type\":\"CommentAction\",\"name\":\"Comment\",\"target\":[\"https:\\\/\\\/www.andandonagraca.org\\\/site\\\/?p=67524#respond\"]}]},{\"@type\":\"WebPage\",\"@id\":\"https:\\\/\\\/www.andandonagraca.org\\\/site\\\/?p=67524\",\"url\":\"https:\\\/\\\/www.andandonagraca.org\\\/site\\\/?p=67524\",\"name\":\"MINIST\u00c9RIO DA RECONCILIA\u00c7\u00c3O - Pr. Jonas Santana\",\"isPartOf\":{\"@id\":\"https:\\\/\\\/www.andandonagraca.org\\\/site\\\/#website\"},\"primaryImageOfPage\":{\"@id\":\"https:\\\/\\\/www.andandonagraca.org\\\/site\\\/?p=67524#primaryimage\"},\"image\":{\"@id\":\"https:\\\/\\\/www.andandonagraca.org\\\/site\\\/?p=67524#primaryimage\"},\"thumbnailUrl\":\"https:\\\/\\\/www.andandonagraca.org\\\/site\\\/wp-content\\\/uploads\\\/2022\\\/12\\\/cross.jpg\",\"datePublished\":\"2022-12-29T01:42:19+00:00\",\"author\":{\"@id\":\"https:\\\/\\\/www.andandonagraca.org\\\/site\\\/#\\\/schema\\\/person\\\/225d0dedb572d4570a947397af2606ed\"},\"breadcrumb\":{\"@id\":\"https:\\\/\\\/www.andandonagraca.org\\\/site\\\/?p=67524#breadcrumb\"},\"inLanguage\":\"pt-BR\",\"potentialAction\":[{\"@type\":\"ReadAction\",\"target\":[\"https:\\\/\\\/www.andandonagraca.org\\\/site\\\/?p=67524\"]}]},{\"@type\":\"ImageObject\",\"inLanguage\":\"pt-BR\",\"@id\":\"https:\\\/\\\/www.andandonagraca.org\\\/site\\\/?p=67524#primaryimage\",\"url\":\"https:\\\/\\\/www.andandonagraca.org\\\/site\\\/wp-content\\\/uploads\\\/2022\\\/12\\\/cross.jpg\",\"contentUrl\":\"https:\\\/\\\/www.andandonagraca.org\\\/site\\\/wp-content\\\/uploads\\\/2022\\\/12\\\/cross.jpg\",\"width\":1920,\"height\":1080},{\"@type\":\"BreadcrumbList\",\"@id\":\"https:\\\/\\\/www.andandonagraca.org\\\/site\\\/?p=67524#breadcrumb\",\"itemListElement\":[{\"@type\":\"ListItem\",\"position\":1,\"name\":\"In\u00edcio\",\"item\":\"https:\\\/\\\/www.andandonagraca.org\\\/site\"},{\"@type\":\"ListItem\",\"position\":2,\"name\":\"MINIST\u00c9RIO DA RECONCILIA\u00c7\u00c3O\"}]},{\"@type\":\"WebSite\",\"@id\":\"https:\\\/\\\/www.andandonagraca.org\\\/site\\\/#website\",\"url\":\"https:\\\/\\\/www.andandonagraca.org\\\/site\\\/\",\"name\":\"Pr. Jonas Santana\",\"description\":\"ANDANDO NA GRA\u00c7A - AEMSF\",\"potentialAction\":[{\"@type\":\"SearchAction\",\"target\":{\"@type\":\"EntryPoint\",\"urlTemplate\":\"https:\\\/\\\/www.andandonagraca.org\\\/site\\\/?s={search_term_string}\"},\"query-input\":{\"@type\":\"PropertyValueSpecification\",\"valueRequired\":true,\"valueName\":\"search_term_string\"}}],\"inLanguage\":\"pt-BR\"},{\"@type\":\"Person\",\"@id\":\"https:\\\/\\\/www.andandonagraca.org\\\/site\\\/#\\\/schema\\\/person\\\/225d0dedb572d4570a947397af2606ed\",\"name\":\"Pr. Jonas Santana\",\"image\":{\"@type\":\"ImageObject\",\"inLanguage\":\"pt-BR\",\"@id\":\"https:\\\/\\\/secure.gravatar.com\\\/avatar\\\/7f463b781f71522d52f2ff3dae3592f9f7b0e24187fc413b95cd3efa8429de28?s=96&d=mm&r=g\",\"url\":\"https:\\\/\\\/secure.gravatar.com\\\/avatar\\\/7f463b781f71522d52f2ff3dae3592f9f7b0e24187fc413b95cd3efa8429de28?s=96&d=mm&r=g\",\"contentUrl\":\"https:\\\/\\\/secure.gravatar.com\\\/avatar\\\/7f463b781f71522d52f2ff3dae3592f9f7b0e24187fc413b95cd3efa8429de28?s=96&d=mm&r=g\",\"caption\":\"Pr. Jonas Santana\"},\"description\":\"Pastor, pesquisador b\u00edblico, pregador do Evangelho do Reino A fidelidade requer que entreguemos o evangelho sob todos os \u00e2ngulos, sem omitir nada e sem exagerar em nada. Para isto requer-se muita sabedoria. Nosso desejo \u00e9 compartilhar a sabedoria do Reino de Deus a todos aqueles que o desejam de todo o cora\u00e7\u00e3o.\",\"sameAs\":[\"https:\\\/\\\/www.andandonagraca.org\",\"https:\\\/\\\/www.facebook.com\\\/andandonagraca\",\"https:\\\/\\\/www.instagram.com\\\/andandonagraca\\\/\",\"https:\\\/\\\/www.youtube.com\\\/@andandonagraca\",\"https:\\\/\\\/podcasters.spotify.com\\\/pod\\\/show\\\/andandonagraca\\\/\"],\"url\":\"https:\\\/\\\/www.andandonagraca.org\\\/site\\\/?author=1\"}]}<\/script>\n<!-- \/ Yoast SEO plugin. -->","yoast_head_json":{"title":"MINIST\u00c9RIO DA RECONCILIA\u00c7\u00c3O - Pr. Jonas Santana","robots":{"index":"index","follow":"follow","max-snippet":"max-snippet:-1","max-image-preview":"max-image-preview:large","max-video-preview":"max-video-preview:-1"},"canonical":"https:\/\/www.andandonagraca.org\/site\/?p=67524","og_locale":"pt_BR","og_type":"article","og_title":"MINIST\u00c9RIO DA RECONCILIA\u00c7\u00c3O - Pr. Jonas Santana","og_description":"O mundo comemora o natal, uma data que afirma celebrar o nascimento de Cristo. N\u00e3o sabemos o dia","og_url":"https:\/\/www.andandonagraca.org\/site\/?p=67524","og_site_name":"Pr. Jonas Santana","article_publisher":"https:\/\/www.facebook.com\/andandonagraca","article_author":"https:\/\/www.facebook.com\/andandonagraca","article_published_time":"2022-12-29T01:42:19+00:00","og_image":[{"width":1920,"height":1080,"url":"https:\/\/www.andandonagraca.org\/site\/wp-content\/uploads\/2022\/12\/cross.jpg","type":"image\/jpeg"}],"author":"Pr. Jonas Santana","twitter_card":"summary_large_image","twitter_misc":{"Escrito por":"Pr. Jonas Santana","Est. tempo de leitura":"7 minutos"},"schema":{"@context":"https:\/\/schema.org","@graph":[{"@type":"Article","@id":"https:\/\/www.andandonagraca.org\/site\/?p=67524#article","isPartOf":{"@id":"https:\/\/www.andandonagraca.org\/site\/?p=67524"},"author":{"name":"Pr. Jonas Santana","@id":"https:\/\/www.andandonagraca.org\/site\/#\/schema\/person\/225d0dedb572d4570a947397af2606ed"},"headline":"MINIST\u00c9RIO DA RECONCILIA\u00c7\u00c3O","datePublished":"2022-12-29T01:42:19+00:00","mainEntityOfPage":{"@id":"https:\/\/www.andandonagraca.org\/site\/?p=67524"},"wordCount":1383,"commentCount":0,"image":{"@id":"https:\/\/www.andandonagraca.org\/site\/?p=67524#primaryimage"},"thumbnailUrl":"https:\/\/www.andandonagraca.org\/site\/wp-content\/uploads\/2022\/12\/cross.jpg","keywords":["crist\u00e3o","cruz","evangelho","justifica\u00e7\u00e3o","palavra","reconcilia\u00e7\u00e3o","santidade"],"articleSection":["Gra\u00e7a"],"inLanguage":"pt-BR","potentialAction":[{"@type":"CommentAction","name":"Comment","target":["https:\/\/www.andandonagraca.org\/site\/?p=67524#respond"]}]},{"@type":"WebPage","@id":"https:\/\/www.andandonagraca.org\/site\/?p=67524","url":"https:\/\/www.andandonagraca.org\/site\/?p=67524","name":"MINIST\u00c9RIO DA RECONCILIA\u00c7\u00c3O - Pr. Jonas Santana","isPartOf":{"@id":"https:\/\/www.andandonagraca.org\/site\/#website"},"primaryImageOfPage":{"@id":"https:\/\/www.andandonagraca.org\/site\/?p=67524#primaryimage"},"image":{"@id":"https:\/\/www.andandonagraca.org\/site\/?p=67524#primaryimage"},"thumbnailUrl":"https:\/\/www.andandonagraca.org\/site\/wp-content\/uploads\/2022\/12\/cross.jpg","datePublished":"2022-12-29T01:42:19+00:00","author":{"@id":"https:\/\/www.andandonagraca.org\/site\/#\/schema\/person\/225d0dedb572d4570a947397af2606ed"},"breadcrumb":{"@id":"https:\/\/www.andandonagraca.org\/site\/?p=67524#breadcrumb"},"inLanguage":"pt-BR","potentialAction":[{"@type":"ReadAction","target":["https:\/\/www.andandonagraca.org\/site\/?p=67524"]}]},{"@type":"ImageObject","inLanguage":"pt-BR","@id":"https:\/\/www.andandonagraca.org\/site\/?p=67524#primaryimage","url":"https:\/\/www.andandonagraca.org\/site\/wp-content\/uploads\/2022\/12\/cross.jpg","contentUrl":"https:\/\/www.andandonagraca.org\/site\/wp-content\/uploads\/2022\/12\/cross.jpg","width":1920,"height":1080},{"@type":"BreadcrumbList","@id":"https:\/\/www.andandonagraca.org\/site\/?p=67524#breadcrumb","itemListElement":[{"@type":"ListItem","position":1,"name":"In\u00edcio","item":"https:\/\/www.andandonagraca.org\/site"},{"@type":"ListItem","position":2,"name":"MINIST\u00c9RIO DA RECONCILIA\u00c7\u00c3O"}]},{"@type":"WebSite","@id":"https:\/\/www.andandonagraca.org\/site\/#website","url":"https:\/\/www.andandonagraca.org\/site\/","name":"Pr. Jonas Santana","description":"ANDANDO NA GRA\u00c7A - AEMSF","potentialAction":[{"@type":"SearchAction","target":{"@type":"EntryPoint","urlTemplate":"https:\/\/www.andandonagraca.org\/site\/?s={search_term_string}"},"query-input":{"@type":"PropertyValueSpecification","valueRequired":true,"valueName":"search_term_string"}}],"inLanguage":"pt-BR"},{"@type":"Person","@id":"https:\/\/www.andandonagraca.org\/site\/#\/schema\/person\/225d0dedb572d4570a947397af2606ed","name":"Pr. Jonas Santana","image":{"@type":"ImageObject","inLanguage":"pt-BR","@id":"https:\/\/secure.gravatar.com\/avatar\/7f463b781f71522d52f2ff3dae3592f9f7b0e24187fc413b95cd3efa8429de28?s=96&d=mm&r=g","url":"https:\/\/secure.gravatar.com\/avatar\/7f463b781f71522d52f2ff3dae3592f9f7b0e24187fc413b95cd3efa8429de28?s=96&d=mm&r=g","contentUrl":"https:\/\/secure.gravatar.com\/avatar\/7f463b781f71522d52f2ff3dae3592f9f7b0e24187fc413b95cd3efa8429de28?s=96&d=mm&r=g","caption":"Pr. Jonas Santana"},"description":"Pastor, pesquisador b\u00edblico, pregador do Evangelho do Reino A fidelidade requer que entreguemos o evangelho sob todos os \u00e2ngulos, sem omitir nada e sem exagerar em nada. Para isto requer-se muita sabedoria. Nosso desejo \u00e9 compartilhar a sabedoria do Reino de Deus a todos aqueles que o desejam de todo o cora\u00e7\u00e3o.","sameAs":["https:\/\/www.andandonagraca.org","https:\/\/www.facebook.com\/andandonagraca","https:\/\/www.instagram.com\/andandonagraca\/","https:\/\/www.youtube.com\/@andandonagraca","https:\/\/podcasters.spotify.com\/pod\/show\/andandonagraca\/"],"url":"https:\/\/www.andandonagraca.org\/site\/?author=1"}]}},"_links":{"self":[{"href":"https:\/\/www.andandonagraca.org\/site\/index.php?rest_route=\/wp\/v2\/posts\/67524","targetHints":{"allow":["GET"]}}],"collection":[{"href":"https:\/\/www.andandonagraca.org\/site\/index.php?rest_route=\/wp\/v2\/posts"}],"about":[{"href":"https:\/\/www.andandonagraca.org\/site\/index.php?rest_route=\/wp\/v2\/types\/post"}],"author":[{"embeddable":true,"href":"https:\/\/www.andandonagraca.org\/site\/index.php?rest_route=\/wp\/v2\/users\/1"}],"replies":[{"embeddable":true,"href":"https:\/\/www.andandonagraca.org\/site\/index.php?rest_route=%2Fwp%2Fv2%2Fcomments&post=67524"}],"version-history":[{"count":0,"href":"https:\/\/www.andandonagraca.org\/site\/index.php?rest_route=\/wp\/v2\/posts\/67524\/revisions"}],"wp:featuredmedia":[{"embeddable":true,"href":"https:\/\/www.andandonagraca.org\/site\/index.php?rest_route=\/wp\/v2\/media\/67525"}],"wp:attachment":[{"href":"https:\/\/www.andandonagraca.org\/site\/index.php?rest_route=%2Fwp%2Fv2%2Fmedia&parent=67524"}],"wp:term":[{"taxonomy":"category","embeddable":true,"href":"https:\/\/www.andandonagraca.org\/site\/index.php?rest_route=%2Fwp%2Fv2%2Fcategories&post=67524"},{"taxonomy":"post_tag","embeddable":true,"href":"https:\/\/www.andandonagraca.org\/site\/index.php?rest_route=%2Fwp%2Fv2%2Ftags&post=67524"}],"curies":[{"name":"wp","href":"https:\/\/api.w.org\/{rel}","templated":true}]}}