{"id":67554,"date":"2023-01-31T18:27:30","date_gmt":"2023-01-31T21:27:30","guid":{"rendered":"https:\/\/www.andandonagraca.org\/site\/?p=67554"},"modified":"2023-01-31T18:37:17","modified_gmt":"2023-01-31T21:37:17","slug":"o-zelo-pela-casa-de-deus","status":"publish","type":"post","link":"https:\/\/www.andandonagraca.org\/site\/?p=67554","title":{"rendered":"O ZELO PELA CASA DE DEUS!"},"content":{"rendered":"<div class=\"x11i5rnm xat24cr x1mh8g0r x1vvkbs xtlvy1s x126k92a\" style=\"text-align: justify;\">\n<div dir=\"auto\">\n<div class=\"x11i5rnm xat24cr x1mh8g0r x1vvkbs xtlvy1s x126k92a\">\n<div dir=\"auto\">\n<blockquote>\n<p style=\"text-align: justify;\">Se o zelo pela casa de Deus, que somos n\u00f3s e nossos irm\u00e3os, n\u00e3o nos consumir, algo est\u00e1 muito errado conosco!<\/p>\n<\/blockquote>\n<p style=\"text-align: justify;\"><strong>Jo\u00e3o 2:14-17 NVT<\/strong> &#8211; No p\u00e1tio do templo, viu comerciantes que vendiam bois, ovelhas e pombas para os sacrif\u00edcios; tamb\u00e9m viu negociantes, em mesas, trocando dinheiro estrangeiro.<br \/>\nJesus fez um chicote de cordas e os expulsou a todos do templo. P\u00f4s para fora as ovelhas e os bois, espalhou as moedas dos negociantes no ch\u00e3o e virou as mesas. Depois, foi at\u00e9 aqueles que vendiam pombas e lhes disse: \u201cTirem essas coisas daqui! Parem de fazer da casa de meu Pai um mercado!\u201d.\u00a0Ent\u00e3o os disc\u00edpulos se lembraram desta profecia das Escrituras: \u201cO zelo pela casa de Deus me consumir\u00e1\u201d.<\/p>\n<p style=\"text-align: justify;\">Todos os dias esc\u00e2ndalos surgem por todos os lados envolvendo tele evangelistas americanos famosos e multimilion\u00e1rios, ap\u00f3stolos e profetas autonomeados e autoproclamados sul-americanos, africanos, europeus e asi\u00e1ticos. H\u00e1 muita gente enganada por esses tais.\u00a0Muitos exercem o autoritarismo &#8211; que \u00e9 uma forma de governo que \u00e9 caracterizada por obedi\u00eancia absoluta ou cega \u00e0 autoridade, oposi\u00e7\u00e3o a liberdade individual e expectativa de obedi\u00eancia inquestion\u00e1vel dos membros e ou subordinados. Esses, sem sombra de d\u00favidas, s\u00e3o falsos ap\u00f3stolos e falsos profetas.<\/p>\n<p style=\"text-align: justify;\">A fome por poder \u00e9 tanta, que esses aproveitadores enxergam de longe as pessoas com comich\u00f5es (coceiras) nos ouvidos, e por isso j\u00e1 lan\u00e7aram a teologia da prosperidade (&#8220;capitalismo&#8221;), a teologia da miss\u00e3o integral (&#8220;socialismo&#8221;), e viviam a antiga teologia judaizante (que sempre existiu).<\/p>\n<p style=\"text-align: justify;\">Agora os que tamb\u00e9m tem comich\u00f5es e querem sair do ostracismo que vivem, lan\u00e7aram algumas sub teologias: g\u00eanero, racial, e sei l\u00e1 mais o que&#8230; vem coisas piores por a\u00ed, estejam preparados e fortalecidos nas Escrituras.<\/p>\n<p style=\"text-align: justify;\">O foco restringe a poder e riquezas, quanto maior o poder maior ser\u00e1 a riqueza adquirida. Por isso n\u00e3o andem atr\u00e1s de celebridades apost\u00f3licas e ou musicais, nem atr\u00e1s de &#8220;spiritual coaches&#8221; da moda ou sem moda, cuidado com os livros que leem, cuidado com os v\u00eddeos que assistem, cuidado com os pregadores ou cantores famosos, cuidado com os autores de frases feitas e ou palavras batidas e repetidas.<\/p>\n<p style=\"text-align: justify;\">CUIDADO!\u00a0Quem tem ouvidos ou\u00e7a!\u00a0Quem tem olhos veja!\u00a0Quem \u00e9 s\u00e1bio reflita!\u00a0Quem \u00e9 tolo refute!<\/p>\n<p style=\"text-align: justify;\">Como Voc\u00ea, crist\u00e3o (disc\u00edpulo\/seguidor de Cristo) avalia algu\u00e9m para ser seu PASTOR, aquele que ser\u00e1 o ministro do Evangelho em sua vida?<\/p>\n<p style=\"text-align: justify;\">&#8211; Pela quantidade de finan\u00e7as que possui? Pela fama, posi\u00e7\u00e3o que ocupa no ranking dos poderosos? Pelos t\u00edtulos e diplomas que possui?<\/p>\n<p style=\"text-align: justify;\">Ou<\/p>\n<p style=\"text-align: justify;\">&#8211; Pela vida e relacionamento com Deus? Pela un\u00e7\u00e3o, poder e autoridade que possui? Pelo conhecimento das Escrituras? Pelo testemunho de vida? Pelas palavras e a\u00e7\u00f5es?<\/p>\n<p style=\"text-align: justify;\"><strong>CUIDADO COM A MANIPULA\u00c7\u00c3O DAS ESCRITURAS!<\/strong><\/p>\n<p style=\"text-align: justify;\"><strong>Atos 17:11 NVT<\/strong> &#8211; Os judeus que moravam em Ber\u00e9ia tinham a mente mais aberta que os de Tessal\u00f4nica e ouviram a mensagem de Paulo com grande interesse. Todos os dias, examinavam as Escrituras para ver se Paulo e Silas ensinavam a verdade.<\/p>\n<p style=\"text-align: justify;\">\u00a0E voc\u00ea tamb\u00e9m examina as ESCRITURAS para ver se o ensino do seu ap\u00f3stolo, profeta, bispo, mission\u00e1rio, pastor preferido \u00e9 mesmo verdade? Ou acredita em tudo o que ele diz e que a demonstra\u00e7\u00e3o de riqueza dele \u00e9 interesse mesmo pelas &#8220;almas&#8221;?<\/p>\n<p style=\"text-align: justify;\">J\u00e1 perceberam como a maioria dos superap\u00f3stolos modernos s\u00e3o milion\u00e1rios? Ostentam tantas riquezas e mais riquezas: avi\u00f5es, carros topo de gama, at\u00e9 iates, casas de alto luxo e valor. Com base em que B\u00edblia?<\/p>\n<p style=\"text-align: justify;\"><strong>Mateus 6:21<\/strong> &#8211; E disse Jesus: As raposas t\u00eam covis, e as aves do c\u00e9u t\u00eam ninhos, mas o Filho do Homem n\u00e3o tem onde reclinar a cabe\u00e7a.<\/p>\n<p style=\"text-align: justify;\"><strong>Mateus 8:20<\/strong> &#8211; Porque onde estiver o vosso tesouro, a\u00ed estar\u00e1 tamb\u00e9m o vosso cora\u00e7\u00e3o.<\/p>\n<p style=\"text-align: justify;\">Onde est\u00e1 o cora\u00e7\u00e3o desses? Nas &#8220;almas&#8221;, como dizem? Se assim fosse n\u00e3o acumulariam tanta riqueza pr\u00f3pria e para benef\u00edcio pr\u00f3prio, enquanto pastores menores passam dificuldades. A gan\u00e2ncia escurece a vis\u00e3o, tapa os ouvidos e impede o enxergar a verdade, que esses s\u00e3o vendilh\u00f5es do templo e pouco se importam com &#8220;almas&#8221;.<\/p>\n<p style=\"text-align: justify;\">Desperte! Acorde! Enquanto ainda \u00e9 tempo!\u00a0N\u00e3o permita que a gan\u00e2ncia entorpe\u00e7a o seu cora\u00e7\u00e3o.\u00a0Examine as Escrituras, confira tudo o que \u00e9 dito para saber se o ensino \u00e9 verdadeiro.<\/p>\n<p style=\"text-align: justify;\">N\u00e3o permita ser enganado por causa da gan\u00e2ncia em ficar rico. Se Deus tiver um prop\u00f3sito consigo em faz\u00ea-lo rico para a Gl\u00f3ria do Pai, assim ser\u00e1! Mas jamais pela gan\u00e2ncia provocada por falsos ensinamentos.<\/p>\n<p style=\"text-align: justify;\">H\u00e1 uma gera\u00e7\u00e3o de pastores e bispos mimados de certas denomina\u00e7\u00f5es apost\u00f3licas, que exigem sacrif\u00edcios das pessoas, disciplina e disposi\u00e7\u00e3o, e imp\u00f5e uma autoridade que ningu\u00e9m lhes deu, muito menos o Senhor. Cuidado com estes! A briga por poder \u00e9 tanta que os bispos e pastores digladiam-se por posi\u00e7\u00f5es, difamam-se uns aos outros, perseguem, mentem.<\/p>\n<p style=\"text-align: justify;\">Recentemente ouviu-se que situa\u00e7\u00f5es assim chegam a tal ponto que um certo bispo regional passou por um situa\u00e7\u00e3o vexat\u00f3ria provocada pelo bispo nacional que cortou a ajuda financeira mensal, sim ajuda financeira e n\u00e3o sal\u00e1rio, que para justificar a a\u00e7\u00e3o perante o tal superap\u00f3stolo &#8211; gestor mundial das organiza\u00e7\u00f5es, caluniou e difamou o bispo regional. A decis\u00e3o do tal gestor foi retirar o custar o cargo, o t\u00edtulo, a ajuda financeira, e ser jogado como um traste depois de 30 anos a tempo integral, com a seguinte senten\u00e7a: iniciar do zero, fazendo todos os cursos, desde o novos convertidos, at\u00e9 o de di\u00e1conos, para quem sabe, um dia voltar a ser consagrado pastor. O homem est\u00e1 passando por necessidades extremas, tendo esposa e filhos.<\/p>\n<p style=\"text-align: justify;\">O tal superap\u00f3stolo, multimilion\u00e1rio, s\u00f3 pensa em si mesmo, ningu\u00e9m tem valor para ele, n\u00e3o passa de um ditador d\u00e9spota que est\u00e1 nas m\u00e3os de Deus, aguardando o seu julgamento.<\/p>\n<p style=\"text-align: justify;\">Muita gente n\u00e3o entendeu isso ainda e fica admirado com os hereges e ap\u00f3statas. Procure saber quais s\u00e3o os par\u00e2metros aceit\u00e1veis para um ministro (a)provado por Deus. N\u00e3o siga ou ou\u00e7a ou leia qualquer um.<\/p>\n<p style=\"text-align: justify;\"><strong>Mateus 7:21-23<\/strong> &#8211; Nem todo o que me diz: Senhor, Senhor! entrar\u00e1 no Reino dos c\u00e9us, mas aquele que faz a vontade de meu Pai, que est\u00e1 nos c\u00e9us.\u00a0Muitos me dir\u00e3o naquele Dia: Senhor, Senhor, n\u00e3o profetizamos n\u00f3s em teu nome? E, em teu nome, n\u00e3o expulsamos dem\u00f4nios? E, em teu nome, n\u00e3o fizemos muitas maravilhas?\u00a0E, ent\u00e3o, lhes direi abertamente: Nunca vos conheci; apartai-vos de mim, v\u00f3s que praticais a iniquidade.<\/p>\n<p style=\"text-align: justify;\"><strong>GESTORES, F\u00c9 &amp; O SER RACIONAL<\/strong><\/p>\n<p style=\"text-align: justify;\">No mundo existem pessoas extremamente racionais, fazem c\u00e1lculos de tudo, tratam a vida como uma planilha, planejando o presente e o futuro, quanto querem ganhar, o que far\u00e3o para ter garantido um &#8220;p\u00e9 de meia&#8221;. Assim s\u00e3o os superap\u00f3stolos modernos, e seus aliados, tais como os profetas, bispos, etc.<\/p>\n<p style=\"text-align: justify;\">Come\u00e7am, provavelmente, comprando alguns im\u00f3veis, ter\u00e3o alguns carros na garagem, quem sabe at\u00e9 poder\u00e3o negociar alguns, trabalhar\u00e3o garantindo que todo o planejamento seja executado como bom administrador, n\u00e3o admitindo falhas, ou se caso houver existem as reservas.<\/p>\n<p style=\"text-align: justify;\">Como seres racionais usam a f\u00e9, tratam-na como complemento da racionalidade, afinal n\u00e3o h\u00e1 como perder o planejamento nem o controle. Quando usam a lei da semeadura, determinam que n\u00e3o pode falhar, porque o avalista dessa lei \u00e9 Deus, e as falhas prov\u00e9m do diabo. Para estes n\u00e3o existem as intemp\u00e9ries, afinal semeou tem que colher, \u00e9 uma lei, n\u00e3o pode ser revogada, t\u00e3o pouco admite falhas. Caso haja \u00e9 erro humano. Tratamento de Deus, &#8220;Deus falou&#8221;, &#8220;ordem de Deus&#8221;, lutas e priva\u00e7\u00f5es origin\u00e1rias do pr\u00f3prio Deus e autorizadas por Ele, n\u00e3o s\u00e3o entendidas ou aceitas, afinal tudo o que \u00e9 bom vem do Pai das luzes, em quem n\u00e3o h\u00e1 mudan\u00e7a nem sombra de varia\u00e7\u00e3o, logo n\u00e3o h\u00e1 l\u00f3gica nessa outra &#8220;matem\u00e1tica&#8221; divina.<\/p>\n<p style=\"text-align: justify;\">A f\u00e9, para esses, \u00e9 uma ci\u00eancia exata, e a prosperidade n\u00e3o admite emo\u00e7\u00f5es, varia\u00e7\u00f5es, mudan\u00e7as no curso tra\u00e7ado, principalmente de Deus, uma vez que Ele n\u00e3o muda, e \u00e9 da vontade de Deus a prosperidade do Seu servo.<\/p>\n<p style=\"text-align: justify;\">Como alguns desses j\u00e1 conseguiram o seu milh\u00e3o, pensam: Est\u00e1 passando dificuldades? \u00c9 porque n\u00e3o semeou, porque se tivesse semeado n\u00e3o passaria problemas agora, afinal abriu brechas. Ou \u00e9 porque n\u00e3o planejou e executou quando deveria, n\u00e3o foi um bom administrador.<\/p>\n<p style=\"text-align: justify;\">\u00c9 muito interessante, porque a maioria desses gestores da efici\u00eancia, podem ter sa\u00fade f\u00edsica e sa\u00fade financeira, mas carregam s\u00e9rios problemas na sa\u00fade emocional ou ps\u00edquica. Possuem traumas n\u00e3o resolvidos ou tratados, alguns est\u00e3o presos a pensamentos ou desejos contidos ou n\u00e3o realizados, talvez culpam outros por certos problemas e procuram de alguma forma a \u201cvingan\u00e7a\u201d. Etc.<\/p>\n<p style=\"text-align: justify;\">F\u00e9 n\u00e3o \u00e9 uma ci\u00eancia exata, n\u00e3o cabe numa planilha. Deus n\u00e3o se encaixa nos 7 passos da f\u00e9 ou nos 10 passos para uma grande colheita ensinados por algum ap\u00f3stolo ou escola b\u00edblica (semin\u00e1rio, etc), ainda que a base para o ensino de economia b\u00edblica seja repleta de textos b\u00edblicos, como Marcos 4:26, Marcos 4:14, Lucas 6:38, etc, etc, etc.<\/p>\n<\/div>\n<\/div>\n<\/div>\n<div dir=\"auto\"><\/div>\n<\/div>\n","protected":false},"excerpt":{"rendered":"<p>Se o zelo pela casa de Deus, que somos n\u00f3s e nossos irm\u00e3os, n\u00e3o nos consumir, algo est\u00e1<\/p>\n","protected":false},"author":1,"featured_media":67556,"comment_status":"open","ping_status":"open","sticky":false,"template":"","format":"status","meta":{"footnotes":""},"categories":[8],"tags":[24,17,61,18,23,22,56,28,53],"class_list":["post-67554","post","type-post","status-publish","format-status","has-post-thumbnail","hentry","category-lideranca","tag-apostasia","tag-autoridade","tag-comportamento","tag-cuidado","tag-engano","tag-falsos","tag-obediencia","tag-rebeliao","tag-vendilhoes","post_format-post-format-status"],"yoast_head":"<!-- This site is optimized with the Yoast SEO plugin v27.4 - https:\/\/yoast.com\/product\/yoast-seo-wordpress\/ -->\n<title>O ZELO PELA CASA DE DEUS! - Pr. Jonas Santana<\/title>\n<meta name=\"robots\" content=\"index, follow, max-snippet:-1, max-image-preview:large, max-video-preview:-1\" \/>\n<link rel=\"canonical\" href=\"https:\/\/www.andandonagraca.org\/site\/?p=67554\" \/>\n<meta property=\"og:locale\" content=\"pt_BR\" \/>\n<meta property=\"og:type\" content=\"article\" \/>\n<meta property=\"og:title\" content=\"O ZELO PELA CASA DE DEUS! - Pr. Jonas Santana\" \/>\n<meta property=\"og:description\" content=\"Se o zelo pela casa de Deus, que somos n\u00f3s e nossos irm\u00e3os, n\u00e3o nos consumir, algo est\u00e1\" \/>\n<meta property=\"og:url\" content=\"https:\/\/www.andandonagraca.org\/site\/?p=67554\" \/>\n<meta property=\"og:site_name\" content=\"Pr. Jonas Santana\" \/>\n<meta property=\"article:publisher\" content=\"https:\/\/www.facebook.com\/andandonagraca\" \/>\n<meta property=\"article:author\" content=\"https:\/\/www.facebook.com\/andandonagraca\" \/>\n<meta property=\"article:published_time\" content=\"2023-01-31T21:27:30+00:00\" \/>\n<meta property=\"article:modified_time\" content=\"2023-01-31T21:37:17+00:00\" \/>\n<meta property=\"og:image\" content=\"https:\/\/www.andandonagraca.org\/site\/wp-content\/uploads\/2023\/01\/zelo.jpg\" \/>\n\t<meta property=\"og:image:width\" content=\"1366\" \/>\n\t<meta property=\"og:image:height\" content=\"768\" \/>\n\t<meta property=\"og:image:type\" content=\"image\/jpeg\" \/>\n<meta name=\"author\" content=\"Pr. Jonas Santana\" \/>\n<meta name=\"twitter:card\" content=\"summary_large_image\" \/>\n<meta name=\"twitter:label1\" content=\"Escrito por\" \/>\n\t<meta name=\"twitter:data1\" content=\"Pr. Jonas Santana\" \/>\n\t<meta name=\"twitter:label2\" content=\"Est. tempo de leitura\" \/>\n\t<meta name=\"twitter:data2\" content=\"8 minutos\" \/>\n<script type=\"application\/ld+json\" class=\"yoast-schema-graph\">{\"@context\":\"https:\\\/\\\/schema.org\",\"@graph\":[{\"@type\":\"Article\",\"@id\":\"https:\\\/\\\/www.andandonagraca.org\\\/site\\\/?p=67554#article\",\"isPartOf\":{\"@id\":\"https:\\\/\\\/www.andandonagraca.org\\\/site\\\/?p=67554\"},\"author\":{\"name\":\"Pr. Jonas Santana\",\"@id\":\"https:\\\/\\\/www.andandonagraca.org\\\/site\\\/#\\\/schema\\\/person\\\/225d0dedb572d4570a947397af2606ed\"},\"headline\":\"O ZELO PELA CASA DE DEUS!\",\"datePublished\":\"2023-01-31T21:27:30+00:00\",\"dateModified\":\"2023-01-31T21:37:17+00:00\",\"mainEntityOfPage\":{\"@id\":\"https:\\\/\\\/www.andandonagraca.org\\\/site\\\/?p=67554\"},\"wordCount\":1617,\"commentCount\":0,\"image\":{\"@id\":\"https:\\\/\\\/www.andandonagraca.org\\\/site\\\/?p=67554#primaryimage\"},\"thumbnailUrl\":\"https:\\\/\\\/www.andandonagraca.org\\\/site\\\/wp-content\\\/uploads\\\/2023\\\/01\\\/zelo.jpg\",\"keywords\":[\"apostasia\",\"autoridade\",\"comportamento\",\"cuidado\",\"engano\",\"falsos\",\"obedi\u00eancia\",\"rebeli\u00e3o\",\"vendilh\u00f5es\"],\"articleSection\":[\"An\u00e1lise da Igreja Moderna &amp; sua Lideran\u00e7a\"],\"inLanguage\":\"pt-BR\",\"potentialAction\":[{\"@type\":\"CommentAction\",\"name\":\"Comment\",\"target\":[\"https:\\\/\\\/www.andandonagraca.org\\\/site\\\/?p=67554#respond\"]}]},{\"@type\":\"WebPage\",\"@id\":\"https:\\\/\\\/www.andandonagraca.org\\\/site\\\/?p=67554\",\"url\":\"https:\\\/\\\/www.andandonagraca.org\\\/site\\\/?p=67554\",\"name\":\"O ZELO PELA CASA DE DEUS! - Pr. Jonas Santana\",\"isPartOf\":{\"@id\":\"https:\\\/\\\/www.andandonagraca.org\\\/site\\\/#website\"},\"primaryImageOfPage\":{\"@id\":\"https:\\\/\\\/www.andandonagraca.org\\\/site\\\/?p=67554#primaryimage\"},\"image\":{\"@id\":\"https:\\\/\\\/www.andandonagraca.org\\\/site\\\/?p=67554#primaryimage\"},\"thumbnailUrl\":\"https:\\\/\\\/www.andandonagraca.org\\\/site\\\/wp-content\\\/uploads\\\/2023\\\/01\\\/zelo.jpg\",\"datePublished\":\"2023-01-31T21:27:30+00:00\",\"dateModified\":\"2023-01-31T21:37:17+00:00\",\"author\":{\"@id\":\"https:\\\/\\\/www.andandonagraca.org\\\/site\\\/#\\\/schema\\\/person\\\/225d0dedb572d4570a947397af2606ed\"},\"breadcrumb\":{\"@id\":\"https:\\\/\\\/www.andandonagraca.org\\\/site\\\/?p=67554#breadcrumb\"},\"inLanguage\":\"pt-BR\",\"potentialAction\":[{\"@type\":\"ReadAction\",\"target\":[\"https:\\\/\\\/www.andandonagraca.org\\\/site\\\/?p=67554\"]}]},{\"@type\":\"ImageObject\",\"inLanguage\":\"pt-BR\",\"@id\":\"https:\\\/\\\/www.andandonagraca.org\\\/site\\\/?p=67554#primaryimage\",\"url\":\"https:\\\/\\\/www.andandonagraca.org\\\/site\\\/wp-content\\\/uploads\\\/2023\\\/01\\\/zelo.jpg\",\"contentUrl\":\"https:\\\/\\\/www.andandonagraca.org\\\/site\\\/wp-content\\\/uploads\\\/2023\\\/01\\\/zelo.jpg\",\"width\":1366,\"height\":768},{\"@type\":\"BreadcrumbList\",\"@id\":\"https:\\\/\\\/www.andandonagraca.org\\\/site\\\/?p=67554#breadcrumb\",\"itemListElement\":[{\"@type\":\"ListItem\",\"position\":1,\"name\":\"In\u00edcio\",\"item\":\"https:\\\/\\\/www.andandonagraca.org\\\/site\"},{\"@type\":\"ListItem\",\"position\":2,\"name\":\"O ZELO PELA CASA DE DEUS!\"}]},{\"@type\":\"WebSite\",\"@id\":\"https:\\\/\\\/www.andandonagraca.org\\\/site\\\/#website\",\"url\":\"https:\\\/\\\/www.andandonagraca.org\\\/site\\\/\",\"name\":\"Pr. Jonas Santana\",\"description\":\"ANDANDO NA GRA\u00c7A - AEMSF\",\"potentialAction\":[{\"@type\":\"SearchAction\",\"target\":{\"@type\":\"EntryPoint\",\"urlTemplate\":\"https:\\\/\\\/www.andandonagraca.org\\\/site\\\/?s={search_term_string}\"},\"query-input\":{\"@type\":\"PropertyValueSpecification\",\"valueRequired\":true,\"valueName\":\"search_term_string\"}}],\"inLanguage\":\"pt-BR\"},{\"@type\":\"Person\",\"@id\":\"https:\\\/\\\/www.andandonagraca.org\\\/site\\\/#\\\/schema\\\/person\\\/225d0dedb572d4570a947397af2606ed\",\"name\":\"Pr. Jonas Santana\",\"image\":{\"@type\":\"ImageObject\",\"inLanguage\":\"pt-BR\",\"@id\":\"https:\\\/\\\/secure.gravatar.com\\\/avatar\\\/7f463b781f71522d52f2ff3dae3592f9f7b0e24187fc413b95cd3efa8429de28?s=96&d=mm&r=g\",\"url\":\"https:\\\/\\\/secure.gravatar.com\\\/avatar\\\/7f463b781f71522d52f2ff3dae3592f9f7b0e24187fc413b95cd3efa8429de28?s=96&d=mm&r=g\",\"contentUrl\":\"https:\\\/\\\/secure.gravatar.com\\\/avatar\\\/7f463b781f71522d52f2ff3dae3592f9f7b0e24187fc413b95cd3efa8429de28?s=96&d=mm&r=g\",\"caption\":\"Pr. Jonas Santana\"},\"description\":\"Pastor, pesquisador b\u00edblico, pregador do Evangelho do Reino A fidelidade requer que entreguemos o evangelho sob todos os \u00e2ngulos, sem omitir nada e sem exagerar em nada. Para isto requer-se muita sabedoria. Nosso desejo \u00e9 compartilhar a sabedoria do Reino de Deus a todos aqueles que o desejam de todo o cora\u00e7\u00e3o.\",\"sameAs\":[\"https:\\\/\\\/www.andandonagraca.org\",\"https:\\\/\\\/www.facebook.com\\\/andandonagraca\",\"https:\\\/\\\/www.instagram.com\\\/andandonagraca\\\/\",\"https:\\\/\\\/www.youtube.com\\\/@andandonagraca\",\"https:\\\/\\\/podcasters.spotify.com\\\/pod\\\/show\\\/andandonagraca\\\/\"],\"url\":\"https:\\\/\\\/www.andandonagraca.org\\\/site\\\/?author=1\"}]}<\/script>\n<!-- \/ Yoast SEO plugin. -->","yoast_head_json":{"title":"O ZELO PELA CASA DE DEUS! - Pr. Jonas Santana","robots":{"index":"index","follow":"follow","max-snippet":"max-snippet:-1","max-image-preview":"max-image-preview:large","max-video-preview":"max-video-preview:-1"},"canonical":"https:\/\/www.andandonagraca.org\/site\/?p=67554","og_locale":"pt_BR","og_type":"article","og_title":"O ZELO PELA CASA DE DEUS! - Pr. Jonas Santana","og_description":"Se o zelo pela casa de Deus, que somos n\u00f3s e nossos irm\u00e3os, n\u00e3o nos consumir, algo est\u00e1","og_url":"https:\/\/www.andandonagraca.org\/site\/?p=67554","og_site_name":"Pr. Jonas Santana","article_publisher":"https:\/\/www.facebook.com\/andandonagraca","article_author":"https:\/\/www.facebook.com\/andandonagraca","article_published_time":"2023-01-31T21:27:30+00:00","article_modified_time":"2023-01-31T21:37:17+00:00","og_image":[{"width":1366,"height":768,"url":"https:\/\/www.andandonagraca.org\/site\/wp-content\/uploads\/2023\/01\/zelo.jpg","type":"image\/jpeg"}],"author":"Pr. Jonas Santana","twitter_card":"summary_large_image","twitter_misc":{"Escrito por":"Pr. Jonas Santana","Est. tempo de leitura":"8 minutos"},"schema":{"@context":"https:\/\/schema.org","@graph":[{"@type":"Article","@id":"https:\/\/www.andandonagraca.org\/site\/?p=67554#article","isPartOf":{"@id":"https:\/\/www.andandonagraca.org\/site\/?p=67554"},"author":{"name":"Pr. Jonas Santana","@id":"https:\/\/www.andandonagraca.org\/site\/#\/schema\/person\/225d0dedb572d4570a947397af2606ed"},"headline":"O ZELO PELA CASA DE DEUS!","datePublished":"2023-01-31T21:27:30+00:00","dateModified":"2023-01-31T21:37:17+00:00","mainEntityOfPage":{"@id":"https:\/\/www.andandonagraca.org\/site\/?p=67554"},"wordCount":1617,"commentCount":0,"image":{"@id":"https:\/\/www.andandonagraca.org\/site\/?p=67554#primaryimage"},"thumbnailUrl":"https:\/\/www.andandonagraca.org\/site\/wp-content\/uploads\/2023\/01\/zelo.jpg","keywords":["apostasia","autoridade","comportamento","cuidado","engano","falsos","obedi\u00eancia","rebeli\u00e3o","vendilh\u00f5es"],"articleSection":["An\u00e1lise da Igreja Moderna &amp; sua Lideran\u00e7a"],"inLanguage":"pt-BR","potentialAction":[{"@type":"CommentAction","name":"Comment","target":["https:\/\/www.andandonagraca.org\/site\/?p=67554#respond"]}]},{"@type":"WebPage","@id":"https:\/\/www.andandonagraca.org\/site\/?p=67554","url":"https:\/\/www.andandonagraca.org\/site\/?p=67554","name":"O ZELO PELA CASA DE DEUS! - Pr. Jonas Santana","isPartOf":{"@id":"https:\/\/www.andandonagraca.org\/site\/#website"},"primaryImageOfPage":{"@id":"https:\/\/www.andandonagraca.org\/site\/?p=67554#primaryimage"},"image":{"@id":"https:\/\/www.andandonagraca.org\/site\/?p=67554#primaryimage"},"thumbnailUrl":"https:\/\/www.andandonagraca.org\/site\/wp-content\/uploads\/2023\/01\/zelo.jpg","datePublished":"2023-01-31T21:27:30+00:00","dateModified":"2023-01-31T21:37:17+00:00","author":{"@id":"https:\/\/www.andandonagraca.org\/site\/#\/schema\/person\/225d0dedb572d4570a947397af2606ed"},"breadcrumb":{"@id":"https:\/\/www.andandonagraca.org\/site\/?p=67554#breadcrumb"},"inLanguage":"pt-BR","potentialAction":[{"@type":"ReadAction","target":["https:\/\/www.andandonagraca.org\/site\/?p=67554"]}]},{"@type":"ImageObject","inLanguage":"pt-BR","@id":"https:\/\/www.andandonagraca.org\/site\/?p=67554#primaryimage","url":"https:\/\/www.andandonagraca.org\/site\/wp-content\/uploads\/2023\/01\/zelo.jpg","contentUrl":"https:\/\/www.andandonagraca.org\/site\/wp-content\/uploads\/2023\/01\/zelo.jpg","width":1366,"height":768},{"@type":"BreadcrumbList","@id":"https:\/\/www.andandonagraca.org\/site\/?p=67554#breadcrumb","itemListElement":[{"@type":"ListItem","position":1,"name":"In\u00edcio","item":"https:\/\/www.andandonagraca.org\/site"},{"@type":"ListItem","position":2,"name":"O ZELO PELA CASA DE DEUS!"}]},{"@type":"WebSite","@id":"https:\/\/www.andandonagraca.org\/site\/#website","url":"https:\/\/www.andandonagraca.org\/site\/","name":"Pr. Jonas Santana","description":"ANDANDO NA GRA\u00c7A - AEMSF","potentialAction":[{"@type":"SearchAction","target":{"@type":"EntryPoint","urlTemplate":"https:\/\/www.andandonagraca.org\/site\/?s={search_term_string}"},"query-input":{"@type":"PropertyValueSpecification","valueRequired":true,"valueName":"search_term_string"}}],"inLanguage":"pt-BR"},{"@type":"Person","@id":"https:\/\/www.andandonagraca.org\/site\/#\/schema\/person\/225d0dedb572d4570a947397af2606ed","name":"Pr. Jonas Santana","image":{"@type":"ImageObject","inLanguage":"pt-BR","@id":"https:\/\/secure.gravatar.com\/avatar\/7f463b781f71522d52f2ff3dae3592f9f7b0e24187fc413b95cd3efa8429de28?s=96&d=mm&r=g","url":"https:\/\/secure.gravatar.com\/avatar\/7f463b781f71522d52f2ff3dae3592f9f7b0e24187fc413b95cd3efa8429de28?s=96&d=mm&r=g","contentUrl":"https:\/\/secure.gravatar.com\/avatar\/7f463b781f71522d52f2ff3dae3592f9f7b0e24187fc413b95cd3efa8429de28?s=96&d=mm&r=g","caption":"Pr. Jonas Santana"},"description":"Pastor, pesquisador b\u00edblico, pregador do Evangelho do Reino A fidelidade requer que entreguemos o evangelho sob todos os \u00e2ngulos, sem omitir nada e sem exagerar em nada. Para isto requer-se muita sabedoria. Nosso desejo \u00e9 compartilhar a sabedoria do Reino de Deus a todos aqueles que o desejam de todo o cora\u00e7\u00e3o.","sameAs":["https:\/\/www.andandonagraca.org","https:\/\/www.facebook.com\/andandonagraca","https:\/\/www.instagram.com\/andandonagraca\/","https:\/\/www.youtube.com\/@andandonagraca","https:\/\/podcasters.spotify.com\/pod\/show\/andandonagraca\/"],"url":"https:\/\/www.andandonagraca.org\/site\/?author=1"}]}},"_links":{"self":[{"href":"https:\/\/www.andandonagraca.org\/site\/index.php?rest_route=\/wp\/v2\/posts\/67554","targetHints":{"allow":["GET"]}}],"collection":[{"href":"https:\/\/www.andandonagraca.org\/site\/index.php?rest_route=\/wp\/v2\/posts"}],"about":[{"href":"https:\/\/www.andandonagraca.org\/site\/index.php?rest_route=\/wp\/v2\/types\/post"}],"author":[{"embeddable":true,"href":"https:\/\/www.andandonagraca.org\/site\/index.php?rest_route=\/wp\/v2\/users\/1"}],"replies":[{"embeddable":true,"href":"https:\/\/www.andandonagraca.org\/site\/index.php?rest_route=%2Fwp%2Fv2%2Fcomments&post=67554"}],"version-history":[{"count":0,"href":"https:\/\/www.andandonagraca.org\/site\/index.php?rest_route=\/wp\/v2\/posts\/67554\/revisions"}],"wp:featuredmedia":[{"embeddable":true,"href":"https:\/\/www.andandonagraca.org\/site\/index.php?rest_route=\/wp\/v2\/media\/67556"}],"wp:attachment":[{"href":"https:\/\/www.andandonagraca.org\/site\/index.php?rest_route=%2Fwp%2Fv2%2Fmedia&parent=67554"}],"wp:term":[{"taxonomy":"category","embeddable":true,"href":"https:\/\/www.andandonagraca.org\/site\/index.php?rest_route=%2Fwp%2Fv2%2Fcategories&post=67554"},{"taxonomy":"post_tag","embeddable":true,"href":"https:\/\/www.andandonagraca.org\/site\/index.php?rest_route=%2Fwp%2Fv2%2Ftags&post=67554"}],"curies":[{"name":"wp","href":"https:\/\/api.w.org\/{rel}","templated":true}]}}