{"id":67849,"date":"2024-04-25T23:02:09","date_gmt":"2024-04-26T02:02:09","guid":{"rendered":"https:\/\/www.andandonagraca.org\/site\/?p=67849"},"modified":"2024-04-25T23:02:09","modified_gmt":"2024-04-26T02:02:09","slug":"a-importancia-da-igreja","status":"publish","type":"post","link":"https:\/\/www.andandonagraca.org\/site\/?p=67849","title":{"rendered":"A IMPORT\u00c2NCIA  DA IGREJA"},"content":{"rendered":"<p class=\"cvGsUA direction-ltr align-center para-style-body\" style=\"text-align: justify;\"><strong><span class=\"OYPEnA text-decoration-none text-strikethrough-none\">Mateus\u00a0<\/span><\/strong><span class=\"OYPEnA text-decoration-none text-strikethrough-none\"><strong>16:17-19<\/strong> &#8211;\u00a0<\/span><strong><span class=\"OYPEnA text-decoration-none text-strikethrough-none\">Tu \u00e9s o <\/span><span class=\"OYPEnA text-decoration-none text-strikethrough-none\">Cristo<\/span><span class=\"OYPEnA text-decoration-none text-strikethrough-none\">, o Filho do Deus vivo! <\/span><\/strong><\/p>\n<p class=\"cvGsUA direction-ltr align-center para-style-body\" style=\"text-align: justify;\"><span class=\"OYPEnA text-decoration-none text-strikethrough-none\">Sobre esta PEDRA edificarei a minha IGREJA,\u00a0<\/span><span class=\"OYPEnA text-decoration-none text-strikethrough-none\">e as <\/span><span class=\"OYPEnA text-strikethrough-none text-decoration-underline\">portas do inferno n\u00e3o prevalecer\u00e3o contra ela<\/span><span class=\"OYPEnA text-strikethrough-none text-decoration-none\">.\u00a0<\/span><span class=\"OYPEnA text-decoration-none text-strikethrough-none\">E eu te darei as chaves do Reino dos c\u00e9us<\/span><span class=\"OYPEnA text-decoration-none text-strikethrough-none\">,\u00a0<\/span><span class=\"OYPEnA text-decoration-none text-strikethrough-none\">e tudo o que ligares na terra ser\u00e1 ligado nos c\u00e9us<\/span><span class=\"OYPEnA text-decoration-none text-strikethrough-none\">,\u00a0<\/span><span class=\"OYPEnA text-decoration-none text-strikethrough-none\">e tudo o que desligares na terra ser\u00e1 desligado nos c\u00e9us<\/span><span class=\"OYPEnA text-decoration-none text-strikethrough-none\">.<\/span><\/p>\n<p style=\"text-align: justify;\"><span class=\"OYPEnA text-decoration-none text-strikethrough-none\"><strong>Prevalecer<\/strong> = ser superior em for\u00e7a, dominar.<\/span><\/p>\n<p style=\"text-align: justify;\"><span class=\"OYPEnA text-decoration-none text-strikethrough-none\">CRISTO, <strong><em>o fundamento eterno<\/em><\/strong>, a pedra de esquina.<\/span><\/p>\n<p class=\"cvGsUA direction-ltr align-start para-style-body\" style=\"text-align: justify;\"><span class=\"OYPEnA text-decoration-none text-strikethrough-none\"><strong>Jo\u00e3o 1:11-13<\/strong> &#8211; Veio para o que era seu, e os seus n\u00e3o o receberam. <\/span><span class=\"OYPEnA text-decoration-none text-strikethrough-none\">Mas a todos quantos o receberam<\/span> <span class=\"OYPEnA text-strikethrough-none text-decoration-underline\">deu-lhes o poder de serem feitos filhos de Deus<\/span><span class=\"OYPEnA text-strikethrough-none text-decoration-none\">: <\/span>aos que creem no seu nome,\u00a0<span class=\"OYPEnA text-decoration-none text-strikethrough-none\">os quais n\u00e3o nasceram<\/span><\/p>\n<ul style=\"text-align: justify;\">\n<li><span class=\"OYPEnA text-decoration-none text-strikethrough-none\">do sangue,<\/span><\/li>\n<li><span class=\"OYPEnA text-decoration-none text-strikethrough-none\">nem da vontade da carne,<\/span><\/li>\n<li><span class=\"OYPEnA text-decoration-none text-strikethrough-none\">nem da vontade do var\u00e3o,<\/span><\/li>\n<li><span class=\"OYPEnA text-decoration-none text-strikethrough-none\">mas de Deus.<\/span><\/li>\n<\/ul>\n<p class=\"cvGsUA direction-ltr align-justify para-style-body\" style=\"text-align: justify;\"><strong><span class=\"OYPEnA text-decoration-none text-strikethrough-none\">2\u00aa Cor\u00edntios 2:14-16<\/span><\/strong><span class=\"OYPEnA text-decoration-none text-strikethrough-none\"> &#8211; <\/span><span class=\"OYPEnA text-decoration-none text-strikethrough-none\">E gra\u00e7as a Deus, que sempre nos faz triunfar em Cristo e, por meio de n\u00f3s, <\/span><span class=\"OYPEnA text-strikethrough-none text-decoration-underline\">manifesta em todo lugar o cheiro do seu conhecimento<\/span><span class=\"OYPEnA text-strikethrough-none text-decoration-none\">.\u00a0<\/span><span class=\"OYPEnA text-decoration-none text-strikethrough-none\">Porque <\/span><span class=\"OYPEnA text-strikethrough-none text-decoration-underline\">para Deus somos o bom cheiro de Cristo<\/span><span class=\"OYPEnA text-strikethrough-none text-decoration-none\">, <\/span><span class=\"OYPEnA text-strikethrough-none text-decoration-underline\">nos que se salvam e nos que se perdem<\/span><span class=\"OYPEnA text-strikethrough-none text-decoration-none\">.\u00a0<\/span><span class=\"OYPEnA text-decoration-none text-strikethrough-none\">Para estes, certamente, cheiro de morte para morte; mas, para\u00a0<\/span><span class=\"OYPEnA text-decoration-none text-strikethrough-none\">aqueles, cheiro de vida para vida.<\/span><\/p>\n<p style=\"text-align: justify;\"><span class=\"OYPEnA text-decoration-none text-strikethrough-none\"><strong>IGREJA<\/strong>:<\/span><\/p>\n<ul style=\"text-align: justify;\">\n<li><span class=\"OYPEnA text-decoration-none text-strikethrough-none\">Est\u00e1 constru\u00edda sobre CRISTO<\/span><\/li>\n<li><span class=\"OYPEnA text-decoration-none text-strikethrough-none\">Sempre domina, vence, etc<\/span><\/li>\n<li><span class=\"OYPEnA text-decoration-none text-strikethrough-none\">\u00c9 formada por filhos<\/span><\/li>\n<li><span class=\"OYPEnA text-decoration-none text-strikethrough-none\">Exala perfume para vida e para morte<\/span><\/li>\n<li><span class=\"OYPEnA text-decoration-none text-strikethrough-none\">Est\u00e1 para<\/span> <span class=\"OYPEnA text-decoration-none text-strikethrough-none\">Defesa do Evangelho<\/span><\/li>\n<li><span class=\"OYPEnA text-decoration-none text-strikethrough-none\">\u00c9 a Noiva do Cordeiro<\/span><\/li>\n<li><span class=\"OYPEnA text-decoration-none text-strikethrough-none\">\u00c9 Santa e perfeita<\/span><\/li>\n<li><span class=\"OYPEnA text-decoration-none text-strikethrough-none\">\u00c9 Una e indivis\u00edvel<\/span><\/li>\n<li><span class=\"OYPEnA text-decoration-none text-strikethrough-none\">Est\u00e1 Santificada na verdade<\/span><\/li>\n<li><span class=\"OYPEnA text-decoration-none text-strikethrough-none\">Det\u00e9m a gl\u00f3ria de Jesus<\/span><\/li>\n<li><span class=\"OYPEnA text-decoration-none text-strikethrough-none\">TEM<\/span> <span class=\"OYPEnA text-decoration-none text-strikethrough-none\">Poder para ligar e desligar<\/span><\/li>\n<li><span class=\"OYPEnA text-decoration-none text-strikethrough-none\">TEM Poder para concordar e discordar<\/span><\/li>\n<\/ul>\n<p style=\"text-align: justify;\"><span class=\"OYPEnA text-decoration-none text-strikethrough-none\"><strong>IGREJA \u00e9<\/strong>:<\/span><\/p>\n<ul style=\"text-align: justify;\">\n<li><span class=\"OYPEnA text-decoration-none text-strikethrough-none\">Manifesta\u00e7\u00e3o da gra\u00e7a de Deus<\/span><\/li>\n<li><span class=\"OYPEnA text-decoration-none text-strikethrough-none\">Express\u00e3o do amor de Deus<\/span><\/li>\n<li><span class=\"OYPEnA text-decoration-none text-strikethrough-none\">Corpo de Jesus Cristo<\/span><\/li>\n<li><span class=\"OYPEnA text-decoration-none text-strikethrough-none\">Templo do Esp\u00edrito Santo<\/span><\/li>\n<li><span class=\"OYPEnA text-decoration-none text-strikethrough-none\">Fam\u00edlia de Deus<\/span><\/li>\n<li><span class=\"OYPEnA text-decoration-none text-strikethrough-none\">Embaixada do Reino de Deus<\/span><\/li>\n<li><span class=\"OYPEnA text-decoration-none text-strikethrough-none\">Ex\u00e9rcito de Deus<\/span><\/li>\n<li><span class=\"OYPEnA text-decoration-none text-strikethrough-none\">Sal da terra e luz do mundo<\/span><\/li>\n<li><span class=\"OYPEnA text-decoration-none text-strikethrough-none\">A institui\u00e7\u00e3o mais poderosa na terra<\/span><\/li>\n<\/ul>\n<p class=\"cvGsUA direction-ltr align-start para-style-body\" style=\"text-align: justify;\"><span class=\"OYPEnA text-decoration-none text-strikethrough-none\"><strong>ORIGEM DA PALAVRA<\/strong>:\u00a0<\/span><span class=\"OYPEnA text-decoration-none text-strikethrough-none\">IGREJA &#8211; do grego ekklesia<\/span><\/p>\n<ul style=\"text-align: justify;\">\n<li><span class=\"OYPEnA text-decoration-none text-strikethrough-none\">Reuni\u00e3o de cidad\u00e3os chamados para fora de seus lares para algum lugar p\u00fablico,<\/span><\/li>\n<li><span class=\"OYPEnA text-decoration-none text-strikethrough-none\">Assembl\u00e9ia do povo reunida em lugar p\u00fablico com o fim de deliberar,<\/span><\/li>\n<li><span class=\"OYPEnA text-decoration-none text-strikethrough-none\">Assembleia dos israelitas,<\/span><\/li>\n<li><span class=\"OYPEnA text-decoration-none text-strikethrough-none\">Qualquer ajuntamento ou multid\u00e3o de homens reunidos por acaso, num tumulto<\/span><\/li>\n<\/ul>\n<p class=\"cvGsUA direction-ltr align-justify para-style-body\" style=\"text-align: justify;\"><span class=\"OYPEnA text-decoration-none text-strikethrough-none\">Essa palavra assumiu um sentido crist\u00e3o, passando a ser a assembl\u00e9ia de Crist\u00e3os (Seguidores de Cristo) reunidos para adorar em um encontro religioso.<\/span><\/p>\n<p class=\"cvGsUA direction-ltr align-justify para-style-body\" style=\"text-align: justify;\"><span class=\"OYPEnA text-decoration-none text-strikethrough-none\">&#8211; \u00c9 o grupo de seguidores de Cristo que se re\u00fanem em determinado lugar para adorar a Deus, receber ensinamentos, evangelizar e ajudar uns aos outros,<\/span> <span class=\"OYPEnA text-decoration-none text-strikethrough-none\">com <\/span><span class=\"OYPEnA text-strikethrough-none text-decoration-underline\">AMOR<\/span><span class=\"OYPEnA text-strikethrough-none text-decoration-none\"> e com <\/span><span class=\"OYPEnA text-strikethrough-none text-decoration-underline\">ORDEM<\/span><span class=\"OYPEnA text-strikethrough-none text-decoration-none\">!<\/span><\/p>\n<p class=\"cvGsUA direction-ltr align-justify para-style-body\" style=\"text-align: justify;\"><span class=\"OYPEnA text-decoration-none text-strikethrough-none\">&#8211; Aqueles que em qualquer lugar, numa cidade, vila, etc,\u00a0<\/span><span class=\"OYPEnA text-decoration-none text-strikethrough-none\">constituem um grupo e est\u00e3o unidos em um s\u00f3 corpo\u00a0<\/span><span class=\"OYPEnA text-decoration-none text-strikethrough-none\">(em amor e unidade).<\/span><\/p>\n<p class=\"cvGsUA direction-ltr align-justify para-style-body\" style=\"text-align: justify;\"><span class=\"OYPEnA text-decoration-none text-strikethrough-none\">&#8211; Igreja \u00e9 a totalidade das pessoas salvas em todos os tempos. \u00c9 a totalidade dos crist\u00e3os dispersos por todo o mundo e assembl\u00e9ia dos crist\u00e3os fieis j\u00e1 falecidos e recebidos no c\u00e9u.<\/span><\/p>\n<p class=\"cvGsUA direction-ltr align-justify para-style-body\" style=\"text-align: justify;\"><span class=\"OYPEnA text-decoration-none text-strikethrough-none\"><strong>Hebreus 12:1<\/strong> &#8211; Portanto, n\u00f3s tamb\u00e9m, pois, que estamos rodeados de uma t\u00e3o grande nuvem de testemunhas&#8230;<\/span><\/p>\n<p class=\"cvGsUA direction-ltr align-justify para-style-body\" style=\"text-align: justify;\"><strong>Ef\u00e9sios 3:21<\/strong><span class=\"OYPEnA text-decoration-none text-strikethrough-none\"> &#8211; a esse gl\u00f3ria na igreja, por Jesus Cristo, em todas as gera\u00e7\u00f5es, para todo o sempre. Am\u00e9m!<\/span><\/p>\n<p class=\"cvGsUA direction-ltr align-justify para-style-body\" style=\"text-align: justify;\"><span class=\"OYPEnA text-decoration-none text-strikethrough-none\">Igreja \u00e9 um organismo vivo composto por todos aqueles que reconhecem e t\u00eam Jesus Cristo como \u00fanico Senhor e Salvador de sua vida, todos que t\u00eam um s\u00f3 Senhor, uma s\u00f3 f\u00e9, um s\u00f3 batismo e que creem num s\u00f3 Deus e Pai de todos, o qual \u00e9 sobre todos, por todos e em todos. E que andam numa decis\u00e3o:<strong>\u00a0<\/strong><\/span><strong><span class=\"OYPEnA text-decoration-underline text-strikethrough-none\">crer<\/span><span class=\"OYPEnA text-strikethrough-none text-decoration-none\">, <\/span><span class=\"OYPEnA text-strikethrough-none text-decoration-underline\">amar<\/span><span class=\"OYPEnA text-strikethrough-none text-decoration-none\">, <\/span><span class=\"OYPEnA text-strikethrough-none text-decoration-underline\">perdoar<\/span><\/strong><span class=\"OYPEnA text-strikethrough-none text-decoration-underline\">.<\/span><\/p>\n<p class=\"cvGsUA direction-ltr align-justify para-style-body\" style=\"text-align: justify;\"><span class=\"OYPEnA text-decoration-none text-strikethrough-none\">Cristo \u00e9 o Salvador \u00fanico de todos os homens e a Igreja \u00e9 o Seu Corpo na terra, para dar continuidade \u00e0 sua grande comiss\u00e3o.\u00a0<\/span><span class=\"OYPEnA text-decoration-none text-strikethrough-none\">O Ap\u00f3stolo Pedro declarou que \u201cem nenhum outro h\u00e1 salva\u00e7\u00e3o, porque debaixo do c\u00e9u nenhum outro nome foi dado aos homens pelo qual devemos ser salvos\u201d (Atos 4:12).<\/span><\/p>\n<p style=\"text-align: justify;\"><span class=\"OYPEnA text-decoration-none text-strikethrough-none\">A Igreja de Jesus Cristo \u00e9 universal (que se estende a tudo ou a todos) e apost\u00f3lica, na diversidade pr\u00f3pria de cada cultura h\u00e1 a unidade na Palavra e no Esp\u00edrito.\u00a0<\/span><span class=\"OYPEnA text-decoration-none text-strikethrough-none\">Deus deu \u00e0 sua Igreja um car\u00e1ter universal porque quer que todos os homens se salvem e cheguem ao conhecimento da verdade (1\u00aa Tim\u00f3teo 2:4-6).\u00a0<\/span><span class=\"OYPEnA text-decoration-none text-strikethrough-none\">Essa verdade que salva foi confiada \u00e0 Igreja por Jesus Cristo, para ser levada a todos os homens.<\/span><\/p>\n<p style=\"text-align: justify;\"><span class=\"OYPEnA text-decoration-none text-strikethrough-none\">A Igreja de Jesus Cristo \u00e9<\/span> <span class=\"OYPEnA text-decoration-none text-strikethrough-none\">apost\u00f3lica por estar edificada sobre o fundamento dos ap\u00f3stolos e dos profetas, de que Jesus Cristo \u00e9 a principal pedra da esquina; no qual todo o edif\u00edcio, bem ajustado, cresce para templo santo no Senhor, no qual tamb\u00e9m n\u00f3s, juntamente, somos edificados para morada de Deus no Esp\u00edrito (Ef\u00e9sios 2:20-22).<\/span><\/p>\n<p style=\"text-align: justify;\"><span class=\"OYPEnA text-decoration-none text-strikethrough-none\">Jesus Cristo, o Verbo, o Logos, o Filho de Deus encarnado, 100% homem 100% Deus, viveu entre os homens, morreu, ressuscitou, ascendeu aos c\u00e9us e prometeu que voltaria uma segunda vez para encerrar definitivamente esta era e dar in\u00edcio a \u201cnovos c\u00e9us e nova terra em que habitar\u00e1 a justi\u00e7a para sempre\u201d.<\/span><\/p>\n<p style=\"text-align: justify;\"><span class=\"OYPEnA text-decoration-none text-strikethrough-none\">A miss\u00e3o da Sua Igreja disseminada e infiltrada em todo o mundo, \u00e9 tornar conhecido este plano, anunciar as boas novas do evangelho \u201cque \u00e9 o poder de Deus para salva\u00e7\u00e3o de todo aquele que cr\u00ea\u201d, admoestar os homens a se reconciliarem com Deus e a viver em obedi\u00eancia aos mandamentos que o Seu Edificador lhe determinou.<\/span><\/p>\n<p style=\"text-align: justify;\"><span class=\"OYPEnA text-decoration-none text-strikethrough-none\"><strong>Mateus 28:18-20<\/strong> &#8211; E, chegando-se Jesus, falou-lhes, dizendo: \u00c9-me dado todo o poder no c\u00e9u e na terra. Portanto, ide, ensinai todas as na\u00e7\u00f5es, batizando-as em nome do Pai, e do Filho, e do Esp\u00edrito Santo; ensinando-as a guardar todas as coisas que eu vos tenho mandado; e eis que eu estou convosco todos os dias, at\u00e9 \u00e0 consuma\u00e7\u00e3o dos s\u00e9culos. Am\u00e9m!<\/span><\/p>\n<p class=\"cvGsUA direction-ltr align-justify para-style-body\" style=\"text-align: justify;\"><span class=\"OYPEnA text-decoration-none text-strikethrough-none\"><strong>Marcos 16:15-18<\/strong> &#8211; E disse-lhes: Ide por todo o\u00a0<\/span><span class=\"OYPEnA text-decoration-none text-strikethrough-none\">mundo, pregai o evangelho a toda criatura.\u00a0<\/span><span class=\"OYPEnA text-decoration-none text-strikethrough-none\">Quem crer e for batizado ser\u00e1 salvo; mas quem n\u00e3o crer ser\u00e1\u00a0<\/span><span class=\"OYPEnA text-decoration-none text-strikethrough-none\">condenado. E estes sinais seguir\u00e3o aos que crerem: EM MEU\u00a0<\/span><span class=\"OYPEnA text-decoration-none text-strikethrough-none\">NOME, expulsar\u00e3o dem\u00f4nios; falar\u00e3o novas l\u00ednguas; pegar\u00e3o\u00a0<\/span><span class=\"OYPEnA text-decoration-none text-strikethrough-none\">nas serpentes; e, se beberem alguma coisa mort\u00edfera, n\u00e3o lhes\u00a0<\/span><span class=\"OYPEnA text-decoration-none text-strikethrough-none\">far\u00e1 dano algum; e impor\u00e3o as m\u00e3os sobre os enfermos e os\u00a0<\/span><span class=\"OYPEnA text-decoration-none text-strikethrough-none\">curar\u00e3o.<\/span><\/p>\n<p style=\"text-align: justify;\"><span class=\"OYPEnA text-decoration-none text-strikethrough-none\">A Igreja foi fundada por Jesus Cristo e recebeu a gl\u00f3ria que estava sobre Ele durante a Sua estadia aqui na Terra e que foi dada pelo Pai, para que haja unidade, como Ele e o Pai s\u00e3o um.<\/span><\/p>\n<p style=\"text-align: justify;\"><span class=\"OYPEnA text-decoration-none text-strikethrough-none\"><strong>Jo\u00e3o 17:22-23<\/strong> &#8211;<\/span> <span class=\"OYPEnA text-decoration-none text-strikethrough-none\">E eu dei-lhes a gl\u00f3ria que a mim me deste, para que sejam um, como n\u00f3s somos um. Eu neles, e tu em mim,<\/span> <span class=\"OYPEnA text-decoration-none text-strikethrough-none\">para que eles sejam perfeitos em unidade, e <\/span><span class=\"OYPEnA text-strikethrough-none text-decoration-underline\">para que o mundo conhe\u00e7a que tu me enviaste a mim<\/span><span class=\"OYPEnA text-strikethrough-none text-decoration-none\"> e que tens amado a eles como me tens amado a mim.<\/span><\/p>\n<p style=\"text-align: justify;\"><span class=\"OYPEnA text-decoration-none text-strikethrough-none\"><strong>JESUS CRISTO<\/strong>:<\/span><\/p>\n<p style=\"text-align: justify;\"><span class=\"OYPEnA text-decoration-none text-strikethrough-none\">Deixou a Sua PALAVRA e a Sua IGREJA aqui na terra e enviou o ESPIRITO SANTO, a terceira Pessoa de Deus, dando \u00e0 Igreja total poder e autoridade <\/span><span class=\"OYPEnA text-strikethrough-none text-decoration-underline\">para ser e fazer a diferen\u00e7a aqui.<\/span><\/p>\n<p class=\"cvGsUA direction-ltr align-justify para-style-body\" style=\"text-align: justify;\"><span class=\"OYPEnA text-decoration-none text-strikethrough-none\"><strong>Ef\u00e9sios 1:22-23 NTLH<\/strong> &#8211; Deus colocou todas as coisas debaixo da autoridade de Cristo e deu Cristo \u00e0 Igreja como o \u00fanico Senhor de tudo.\u00a0<\/span><span class=\"OYPEnA text-decoration-none text-strikethrough-none\">A Igreja \u00e9 o corpo de Cristo; ela completa Cristo, o qual completa todas as coisas em todos os lugares.<\/span><\/p>\n<p style=\"text-align: justify;\"><span class=\"OYPEnA text-decoration-none text-strikethrough-none\"><strong>Ef\u00e9sios 3:17-19<\/strong>\u202c\u202c &#8211; para que Cristo habite, pela f\u00e9, no vosso cora\u00e7\u00e3o; a fim de, estando arraigados e <\/span><span class=\"OYPEnA text-strikethrough-none text-decoration-underline\">fundados em amor<\/span><span class=\"OYPEnA text-strikethrough-none text-decoration-none\">,<\/span><span class=\"OYPEnA text-strikethrough-none text-decoration-none\"> poderdes perfeitamente compreender<\/span><span class=\"OYPEnA text-strikethrough-none text-decoration-none\">, <\/span><span class=\"OYPEnA text-strikethrough-none text-decoration-underline\">com todos os santos<\/span><span class=\"OYPEnA text-strikethrough-none text-decoration-none\">, <\/span><span class=\"OYPEnA text-strikethrough-none text-decoration-none\">qual seja a (DIMENS\u00c3O) largura, e o comprimento, e a altura, e a profundidade<\/span><span class=\"OYPEnA text-strikethrough-none text-decoration-none\"> e conhecer o amor de Cristo, que excede todo entendimento, para que sejais cheios de toda a plenitude de Deus.<\/span><\/p>\n<p class=\"cvGsUA direction-ltr align-justify para-style-body\" style=\"text-align: justify;\"><span class=\"OYPEnA text-decoration-none text-strikethrough-none\">A Igreja precisa voltar ao b\u00e1sico, ao princ\u00edpio. Hoje o Evangelho precisa ser anunciado a todos: aos n\u00e3o salvos, salvos e aos servos de Deus. \u00c9 um trabalho ininterrupto. \u201cAo que vencer!\u201d.\u00a0<\/span><span class=\"OYPEnA text-decoration-none text-strikethrough-none\">\u00c9 preciso levar a muitos a s\u00edntese do Evangelho: <\/span><span class=\"OYPEnA text-strikethrough-none text-decoration-underline\">Gra\u00e7a, Regenera\u00e7\u00e3o, Impecabilidade, Santidade, Piedade<\/span><span class=\"OYPEnA text-strikethrough-none text-decoration-none\">, F\u00e9, Amor, Fidelidade, Integridade, Un\u00e7\u00e3o, Temor a Deus, Unidade.<\/span><\/p>\n<p class=\"cvGsUA direction-ltr align-justify para-style-body\" style=\"text-align: justify;\"><span class=\"OYPEnA text-decoration-none text-strikethrough-none\">Sabemos que a Igreja \u00e9 o sal da terra e a luz do mundo e quem segue a Jesus n\u00e3o andar\u00e1 em trevas. Em todos os lugares em que a Igreja est\u00e1 muitas coisas excelentes acontecem.\u00a0<\/span><span class=\"OYPEnA text-decoration-none text-strikethrough-none\">\u201c<\/span><em><span class=\"OYPEnA text-decoration-none text-strikethrough-none\">Estes que t\u00eam alvoro\u00e7ado o mundo chegaram tamb\u00e9m aqui<\/span><\/em><span class=\"OYPEnA text-decoration-none text-strikethrough-none\">\u201d (Atos 17:6).<\/span><\/p>\n<ul style=\"text-align: justify;\">\n<li><span class=\"OYPEnA text-decoration-none text-strikethrough-none\">Vidas s\u00e3o transformadas;<\/span><\/li>\n<li><span class=\"OYPEnA text-decoration-none text-strikethrough-none\">Criminalidade diminui, at\u00e9 finda;<\/span><\/li>\n<li><span class=\"OYPEnA text-decoration-none text-strikethrough-none\">Diminui a venda de bebida alco\u00f3lica;<\/span><\/li>\n<li><span class=\"OYPEnA text-decoration-none text-strikethrough-none\">Provoca fechamento de bares, etc;<\/span><\/li>\n<li><span class=\"OYPEnA text-decoration-none text-strikethrough-none\">Promiscuidade diminui;<\/span><\/li>\n<li><span class=\"OYPEnA text-decoration-none text-strikethrough-none\">Bruxaria e feiti\u00e7aria perdem for\u00e7a;<\/span><\/li>\n<li><span class=\"OYPEnA text-decoration-none text-strikethrough-none\">Altera usos e costumes;<\/span><\/li>\n<li><span class=\"OYPEnA text-decoration-none text-strikethrough-none\">Impacta a sociedade local;<\/span><\/li>\n<li><span class=\"OYPEnA text-decoration-none text-strikethrough-none\">Impacta governos.<\/span><\/li>\n<\/ul>\n<p style=\"text-align: justify;\"><strong><span class=\"OYPEnA text-decoration-none text-strikethrough-none\">EXPRESS\u00c3O DA UNIDADE, FRUTO DO AMOR<\/span><\/strong><span class=\"OYPEnA text-decoration-none text-strikethrough-none\">:<\/span><\/p>\n<p class=\"cvGsUA direction-ltr align-justify para-style-body\" style=\"text-align: justify;\"><span class=\"OYPEnA text-decoration-none text-strikethrough-none\"><strong>Atos 2:42-46<\/strong> &#8211; E perseveravam na doutrina dos ap\u00f3stolos, e na comunh\u00e3o, e no partir do p\u00e3o, e nas ora\u00e7\u00f5es.\u00a0<\/span><span class=\"OYPEnA text-decoration-none text-strikethrough-none\">Em cada alma havia temor, e muitas maravilhas e sinais se faziam pelos ap\u00f3stolos. Todos os que criam estavam juntos e tinham tudo em comum. Vendiam suas propriedades e fazendas e repartiam com todos, segundo cada um tinha necessidade.\u00a0<\/span><span class=\"OYPEnA text-decoration-none text-strikethrough-none\">E, perseverando un\u00e2nimes todos os dias no templo e partindo o p\u00e3o em casa, comiam juntos com alegria e singeleza de cora\u00e7\u00e3o,<\/span> <span class=\"OYPEnA text-decoration-none text-strikethrough-none\">louvando a Deus e caindo na gra\u00e7a de todo o povo. E todos os dias acrescentava o Senhor \u00e0 igreja aqueles que se haviam de salvar.<\/span><\/p>\n<p class=\"cvGsUA direction-ltr align-justify para-style-body\" style=\"text-align: justify;\"><span class=\"OYPEnA text-decoration-none text-strikethrough-none\"><strong>Atos 4:31-35<\/strong> &#8211; E, tendo eles orado, moveu-se o lugar em que estavam reunidos; e todos foram cheios do Esp\u00edrito Santo e anunciavam com ousadia a palavra de Deus.\u00a0<\/span><span class=\"OYPEnA text-decoration-none text-strikethrough-none\">E era um o cora\u00e7\u00e3o e a alma da multid\u00e3o dos que criam, e ningu\u00e9m dizia que coisa alguma do que possu\u00eda era sua pr\u00f3pria, mas todas as coisas lhes eram comuns.\u00a0<\/span><span class=\"OYPEnA text-decoration-none text-strikethrough-none\">E os ap\u00f3stolos davam, com grande poder, testemunho da ressurrei\u00e7\u00e3o do Senhor Jesus, e em todos eles havia abundante gra\u00e7a.\u00a0<\/span><span class=\"OYPEnA text-decoration-none text-strikethrough-none\">N\u00e3o havia, pois, entre eles necessitado algum; porque todos os que possu\u00edam herdades ou casas, vendendo-as, traziam o pre\u00e7o do que fora vendido e o depositavam aos p\u00e9s dos ap\u00f3stolos. E repartia-se a cada um, segundo a necessidade que cada um tinha.<\/span><\/p>\n<p class=\"cvGsUA direction-ltr align-end para-style-body\" style=\"text-align: justify;\"><span class=\"OYPEnA text-decoration-none text-strikethrough-none\">O Pastor Ubirajara Crespo afirmou num artigo intitulado\u00a0<\/span><span class=\"OYPEnA text-decoration-none text-strikethrough-none\">\u201cIgreja com logotipo\u201d:<\/span><\/p>\n<blockquote>\n<p class=\"cvGsUA direction-ltr align-justify para-style-body\" style=\"text-align: justify;\"><span class=\"OYPEnA text-decoration-none text-strikethrough-none\">\u201c- A Igreja de Cristo foi fundada pelo Esp\u00edrito Santo, no Pentecostes. S\u00f3 existe uma Igreja espalhada por todos os lugares do planeta. O que fazemos \u00e9 escolher novos lugares onde esta mesma Igreja se re\u00fane. Pode ser em um pr\u00e9dio, casa de fam\u00edlia, pra\u00e7a, caverna, barraca, loja, hotel, pres\u00eddio, escola, etc.<\/span><\/p>\n<p class=\"cvGsUA direction-ltr align-justify para-style-body\" style=\"text-align: justify;\"><span class=\"OYPEnA text-decoration-none text-strikethrough-none\">N\u00e3o temos autoridade para iniciar uma nova Igreja, mas para expandir aquela que j\u00e1 existe.<\/span><\/p>\n<p class=\"cvGsUA direction-ltr align-justify para-style-body\" style=\"text-align: justify;\"><span class=\"OYPEnA text-decoration-none text-strikethrough-none\">O nome da organiza\u00e7\u00e3o criada para expandir o Corpo, pode ser exibido em placas, camisas, logotipos, cartazes, listas telef\u00f4nicas e sites de busca. O que n\u00e3o significa, necessariamente, que nos lugares indicados, por estas placas, se re\u00fana uma Igreja Aut\u00eantica. Sua autenticidade n\u00e3o \u00e9 reconhecida em cart\u00f3rio.<\/span><\/p>\n<p class=\"cvGsUA direction-ltr align-justify para-style-body\" style=\"text-align: justify;\"><span class=\"OYPEnA text-decoration-none text-strikethrough-none\">A \u00fanica marca da Igreja precisa ser gravada em nossos cora\u00e7\u00f5es \u00e9 Cristo em n\u00f3s e n\u00e3o em pr\u00e9dios, placas e lugares.\u00a0<\/span><span class=\"OYPEnA text-decoration-none text-strikethrough-none\">Cristo em n\u00f3s transforma um grupo em um peda\u00e7o do Corpo de Cristo.\u00a0<\/span><span class=\"OYPEnA text-decoration-none text-strikethrough-none\">Procure Cristo no cora\u00e7\u00e3o de um ajuntamento de pessoas e voc\u00ea encontrar\u00e1 a Igreja Dele.\u201d<\/span><\/p>\n<\/blockquote>\n<p class=\"cvGsUA direction-ltr align-start para-style-body\" style=\"text-align: justify;\"><span class=\"OYPEnA text-decoration-none text-strikethrough-none\">O Senhor trata do EU para sermos N\u00d3S.\u00a0<\/span><span class=\"OYPEnA text-decoration-none text-strikethrough-none\">EU n\u00e3o sou igreja, N\u00d3S somos Igreja!\u00a0<\/span><span class=\"OYPEnA text-decoration-none text-strikethrough-none\">Ningu\u00e9m isoladamente \u00e9 o corpo, mas juntos somos o corpo.\u00a0<\/span><span class=\"OYPEnA text-decoration-none text-strikethrough-none\">Uma brasa isolada pode at\u00e9 queimar por um tempo, mas logo se apaga por estar fora do fogo.<\/span><\/p>\n<p class=\"cvGsUA direction-ltr align-justify para-style-body\" style=\"text-align: justify;\"><span class=\"OYPEnA text-decoration-none text-strikethrough-none\">Muita gente acha que o verde do vizinho \u00e9 mais verde, mas se olhar bem&#8230;\u00a0<\/span><span class=\"OYPEnA text-decoration-none text-strikethrough-none\">E por que n\u00e3o fazer do nosso jardim o melhor que outros?<\/span><\/p>\n<p style=\"text-align: justify;\"><span class=\"OYPEnA text-decoration-none text-strikethrough-none\">VALORIZE SUA IGREJA LOCAL.<\/span><\/p>\n<p class=\"cvGsUA direction-ltr align-start para-style-body\" style=\"text-align: justify;\"><span class=\"OYPEnA text-decoration-none text-strikethrough-none\"><strong>GRA\u00c7A<\/strong> \u2013 Andar em novidade de vida, pela gra\u00e7a, por gra\u00e7a, e atrav\u00e9s da gra\u00e7a, meio pelo qual temos acesso aos tesouros da sabedoria e do conhecimento que est\u00e3o dispon\u00edveis no mist\u00e9rio de Deus \u2013 Cristo.\u00a0<\/span><span class=\"OYPEnA text-decoration-none text-strikethrough-none\">E consiste no dom sobrenatural, concedido por Ele como meio de salva\u00e7\u00e3o, onde o homem \u00e9 atra\u00eddo \u00e0 cruz para morrer em parceria com Cristo, ressuscita para uma nova vida e Deus confere a esse novo homem a participa\u00e7\u00e3o na vida divina fazendo-o Seu filho por ado\u00e7\u00e3o.<\/span><\/p>\n<p class=\"cvGsUA direction-ltr align-start para-style-body\" style=\"text-align: justify;\"><span class=\"OYPEnA text-decoration-none text-strikethrough-none\"><strong>REGENERA\u00c7\u00c3O<\/strong> \u2013 O \u00fanico meio \u00e9 pela f\u00e9 na obra consumada de Cristo na cruz.\u00a0<\/span><span class=\"OYPEnA text-decoration-none text-strikethrough-none\">Nenhuma quantidade de boas obras ou de observ\u00e2ncia da lei pode regenerar o cora\u00e7\u00e3o do homem.<\/span><\/p>\n<p style=\"text-align: justify;\"><span class=\"OYPEnA text-decoration-none text-strikethrough-none\"><strong>IMPECABILIDADE<\/strong> \u2013 Todo aquele que \u00e9 nascido de Deus n\u00e3o se dedica \u00e0 pr\u00e1tica do pecado, porquanto a semente de Deus permanece nele e ele n\u00e3o pode continuar no pecado, pois \u00e9 nascido de Deus.<\/span><\/p>\n<p style=\"text-align: justify;\"><span class=\"OYPEnA text-decoration-none text-strikethrough-none\"><strong>SANTIDADE<\/strong> \u2013 Sem santidade ningu\u00e9m ver\u00e1 o Senhor. O nascido de novo recebeu a natureza de Deus, que comunicou seus atributos tornando o homem moralmente puro e perfeito, separado e acima do que \u00e9 mau e imperfeito. Esse homem n\u00e3o segue os maus costumes deste mundo, porque pertence somente a Deus e a Ele \u00e9 completamente fiel.<\/span><\/p>\n<p style=\"text-align: justify;\"><span class=\"OYPEnA text-decoration-none text-strikethrough-none\"><strong>PIEDADE<\/strong> \u2013 alinhada \u00e0 justi\u00e7a, \u00e0 f\u00e9, ao amor, \u00e0 const\u00e2ncia, e \u00e0 mansid\u00e3o.\u00a0<\/span><span class=\"OYPEnA text-decoration-none text-strikethrough-none\">Fazendo sempre, pelos outros, coisas boas e agrad\u00e1veis. <\/span><span class=\"OYPEnA text-decoration-none text-strikethrough-none\">Repartindo segundo a necessidade que cada um tem, em abundante gra\u00e7a, para que n\u00e3o haja necessitado entre os santos.\u00a0<\/span><span class=\"OYPEnA text-decoration-none text-strikethrough-none\">A s\u00e3 doutrina conduz a uma vida piedosa, e o exemplo perfeito desta vida piedosa est\u00e1 em Jesus Cristo, com o qual a palavra que pregamos deve estar conformada.<\/span><\/p>\n<p>&nbsp;<\/p>\n<p>&nbsp;<\/p>\n<p>&nbsp;<\/p>\n","protected":false},"excerpt":{"rendered":"<p>Mateus\u00a016:17-19 &#8211;\u00a0Tu \u00e9s o Cristo, o Filho do Deus vivo! Sobre esta PEDRA edificarei a minha IGREJA,\u00a0e as<\/p>\n","protected":false},"author":1,"featured_media":67851,"comment_status":"open","ping_status":"open","sticky":false,"template":"","format":"standard","meta":{"footnotes":""},"categories":[8],"tags":[24,17,61,38,46,98,53],"class_list":["post-67849","post","type-post","status-publish","format-standard","has-post-thumbnail","hentry","category-lideranca","tag-apostasia","tag-autoridade","tag-comportamento","tag-cristao","tag-santidade","tag-unidade","tag-vendilhoes"],"yoast_head":"<!-- This site is optimized with the Yoast SEO plugin v27.5 - https:\/\/yoast.com\/product\/yoast-seo-wordpress\/ -->\n<title>A IMPORT\u00c2NCIA DA IGREJA - Pr. Jonas Santana<\/title>\n<meta name=\"robots\" content=\"index, follow, max-snippet:-1, max-image-preview:large, max-video-preview:-1\" \/>\n<link rel=\"canonical\" href=\"https:\/\/www.andandonagraca.org\/site\/?p=67849\" \/>\n<meta property=\"og:locale\" content=\"pt_BR\" \/>\n<meta property=\"og:type\" content=\"article\" \/>\n<meta property=\"og:title\" content=\"A IMPORT\u00c2NCIA DA IGREJA - Pr. Jonas Santana\" \/>\n<meta property=\"og:description\" content=\"Mateus\u00a016:17-19 &#8211;\u00a0Tu \u00e9s o Cristo, o Filho do Deus vivo! Sobre esta PEDRA edificarei a minha IGREJA,\u00a0e as\" \/>\n<meta property=\"og:url\" content=\"https:\/\/www.andandonagraca.org\/site\/?p=67849\" \/>\n<meta property=\"og:site_name\" content=\"Pr. Jonas Santana\" \/>\n<meta property=\"article:publisher\" content=\"https:\/\/www.facebook.com\/andandonagraca\" \/>\n<meta property=\"article:author\" content=\"https:\/\/www.facebook.com\/andandonagraca\" \/>\n<meta property=\"article:published_time\" content=\"2024-04-26T02:02:09+00:00\" \/>\n<meta property=\"og:image\" content=\"https:\/\/www.andandonagraca.org\/site\/wp-content\/uploads\/2024\/04\/MPORTaNCIA.jpg\" \/>\n\t<meta property=\"og:image:width\" content=\"1920\" \/>\n\t<meta property=\"og:image:height\" content=\"1080\" \/>\n\t<meta property=\"og:image:type\" content=\"image\/jpeg\" \/>\n<meta name=\"author\" content=\"Pr. Jonas Santana\" \/>\n<meta name=\"twitter:card\" content=\"summary_large_image\" \/>\n<meta name=\"twitter:label1\" content=\"Escrito por\" \/>\n\t<meta name=\"twitter:data1\" content=\"Pr. Jonas Santana\" \/>\n\t<meta name=\"twitter:label2\" content=\"Est. tempo de leitura\" \/>\n\t<meta name=\"twitter:data2\" content=\"11 minutos\" \/>\n<script type=\"application\/ld+json\" class=\"yoast-schema-graph\">{\"@context\":\"https:\\\/\\\/schema.org\",\"@graph\":[{\"@type\":\"Article\",\"@id\":\"https:\\\/\\\/www.andandonagraca.org\\\/site\\\/?p=67849#article\",\"isPartOf\":{\"@id\":\"https:\\\/\\\/www.andandonagraca.org\\\/site\\\/?p=67849\"},\"author\":{\"name\":\"Pr. Jonas Santana\",\"@id\":\"https:\\\/\\\/www.andandonagraca.org\\\/site\\\/#\\\/schema\\\/person\\\/225d0dedb572d4570a947397af2606ed\"},\"headline\":\"A IMPORT\u00c2NCIA DA IGREJA\",\"datePublished\":\"2024-04-26T02:02:09+00:00\",\"mainEntityOfPage\":{\"@id\":\"https:\\\/\\\/www.andandonagraca.org\\\/site\\\/?p=67849\"},\"wordCount\":2255,\"commentCount\":0,\"image\":{\"@id\":\"https:\\\/\\\/www.andandonagraca.org\\\/site\\\/?p=67849#primaryimage\"},\"thumbnailUrl\":\"https:\\\/\\\/www.andandonagraca.org\\\/site\\\/wp-content\\\/uploads\\\/2024\\\/04\\\/MPORTaNCIA.jpg\",\"keywords\":[\"apostasia\",\"autoridade\",\"comportamento\",\"crist\u00e3o\",\"santidade\",\"unidade\",\"vendilh\u00f5es\"],\"articleSection\":[\"An\u00e1lise da Igreja Moderna &amp; sua Lideran\u00e7a\"],\"inLanguage\":\"pt-BR\",\"potentialAction\":[{\"@type\":\"CommentAction\",\"name\":\"Comment\",\"target\":[\"https:\\\/\\\/www.andandonagraca.org\\\/site\\\/?p=67849#respond\"]}]},{\"@type\":\"WebPage\",\"@id\":\"https:\\\/\\\/www.andandonagraca.org\\\/site\\\/?p=67849\",\"url\":\"https:\\\/\\\/www.andandonagraca.org\\\/site\\\/?p=67849\",\"name\":\"A IMPORT\u00c2NCIA DA IGREJA - Pr. Jonas Santana\",\"isPartOf\":{\"@id\":\"https:\\\/\\\/www.andandonagraca.org\\\/site\\\/#website\"},\"primaryImageOfPage\":{\"@id\":\"https:\\\/\\\/www.andandonagraca.org\\\/site\\\/?p=67849#primaryimage\"},\"image\":{\"@id\":\"https:\\\/\\\/www.andandonagraca.org\\\/site\\\/?p=67849#primaryimage\"},\"thumbnailUrl\":\"https:\\\/\\\/www.andandonagraca.org\\\/site\\\/wp-content\\\/uploads\\\/2024\\\/04\\\/MPORTaNCIA.jpg\",\"datePublished\":\"2024-04-26T02:02:09+00:00\",\"author\":{\"@id\":\"https:\\\/\\\/www.andandonagraca.org\\\/site\\\/#\\\/schema\\\/person\\\/225d0dedb572d4570a947397af2606ed\"},\"breadcrumb\":{\"@id\":\"https:\\\/\\\/www.andandonagraca.org\\\/site\\\/?p=67849#breadcrumb\"},\"inLanguage\":\"pt-BR\",\"potentialAction\":[{\"@type\":\"ReadAction\",\"target\":[\"https:\\\/\\\/www.andandonagraca.org\\\/site\\\/?p=67849\"]}]},{\"@type\":\"ImageObject\",\"inLanguage\":\"pt-BR\",\"@id\":\"https:\\\/\\\/www.andandonagraca.org\\\/site\\\/?p=67849#primaryimage\",\"url\":\"https:\\\/\\\/www.andandonagraca.org\\\/site\\\/wp-content\\\/uploads\\\/2024\\\/04\\\/MPORTaNCIA.jpg\",\"contentUrl\":\"https:\\\/\\\/www.andandonagraca.org\\\/site\\\/wp-content\\\/uploads\\\/2024\\\/04\\\/MPORTaNCIA.jpg\",\"width\":1920,\"height\":1080},{\"@type\":\"BreadcrumbList\",\"@id\":\"https:\\\/\\\/www.andandonagraca.org\\\/site\\\/?p=67849#breadcrumb\",\"itemListElement\":[{\"@type\":\"ListItem\",\"position\":1,\"name\":\"In\u00edcio\",\"item\":\"https:\\\/\\\/www.andandonagraca.org\\\/site\"},{\"@type\":\"ListItem\",\"position\":2,\"name\":\"A IMPORT\u00c2NCIA DA IGREJA\"}]},{\"@type\":\"WebSite\",\"@id\":\"https:\\\/\\\/www.andandonagraca.org\\\/site\\\/#website\",\"url\":\"https:\\\/\\\/www.andandonagraca.org\\\/site\\\/\",\"name\":\"Pr. Jonas Santana\",\"description\":\"ANDANDO NA GRA\u00c7A - AEMSF\",\"potentialAction\":[{\"@type\":\"SearchAction\",\"target\":{\"@type\":\"EntryPoint\",\"urlTemplate\":\"https:\\\/\\\/www.andandonagraca.org\\\/site\\\/?s={search_term_string}\"},\"query-input\":{\"@type\":\"PropertyValueSpecification\",\"valueRequired\":true,\"valueName\":\"search_term_string\"}}],\"inLanguage\":\"pt-BR\"},{\"@type\":\"Person\",\"@id\":\"https:\\\/\\\/www.andandonagraca.org\\\/site\\\/#\\\/schema\\\/person\\\/225d0dedb572d4570a947397af2606ed\",\"name\":\"Pr. Jonas Santana\",\"image\":{\"@type\":\"ImageObject\",\"inLanguage\":\"pt-BR\",\"@id\":\"https:\\\/\\\/secure.gravatar.com\\\/avatar\\\/7f463b781f71522d52f2ff3dae3592f9f7b0e24187fc413b95cd3efa8429de28?s=96&d=mm&r=g\",\"url\":\"https:\\\/\\\/secure.gravatar.com\\\/avatar\\\/7f463b781f71522d52f2ff3dae3592f9f7b0e24187fc413b95cd3efa8429de28?s=96&d=mm&r=g\",\"contentUrl\":\"https:\\\/\\\/secure.gravatar.com\\\/avatar\\\/7f463b781f71522d52f2ff3dae3592f9f7b0e24187fc413b95cd3efa8429de28?s=96&d=mm&r=g\",\"caption\":\"Pr. Jonas Santana\"},\"description\":\"Pastor, pesquisador b\u00edblico, pregador do Evangelho do Reino A fidelidade requer que entreguemos o evangelho sob todos os \u00e2ngulos, sem omitir nada e sem exagerar em nada. Para isto requer-se muita sabedoria. Nosso desejo \u00e9 compartilhar a sabedoria do Reino de Deus a todos aqueles que o desejam de todo o cora\u00e7\u00e3o.\",\"sameAs\":[\"https:\\\/\\\/www.andandonagraca.org\",\"https:\\\/\\\/www.facebook.com\\\/andandonagraca\",\"https:\\\/\\\/www.instagram.com\\\/andandonagraca\\\/\",\"https:\\\/\\\/www.youtube.com\\\/@andandonagraca\",\"https:\\\/\\\/podcasters.spotify.com\\\/pod\\\/show\\\/andandonagraca\\\/\"],\"url\":\"https:\\\/\\\/www.andandonagraca.org\\\/site\\\/?author=1\"}]}<\/script>\n<!-- \/ Yoast SEO plugin. -->","yoast_head_json":{"title":"A IMPORT\u00c2NCIA DA IGREJA - Pr. Jonas Santana","robots":{"index":"index","follow":"follow","max-snippet":"max-snippet:-1","max-image-preview":"max-image-preview:large","max-video-preview":"max-video-preview:-1"},"canonical":"https:\/\/www.andandonagraca.org\/site\/?p=67849","og_locale":"pt_BR","og_type":"article","og_title":"A IMPORT\u00c2NCIA DA IGREJA - Pr. Jonas Santana","og_description":"Mateus\u00a016:17-19 &#8211;\u00a0Tu \u00e9s o Cristo, o Filho do Deus vivo! Sobre esta PEDRA edificarei a minha IGREJA,\u00a0e as","og_url":"https:\/\/www.andandonagraca.org\/site\/?p=67849","og_site_name":"Pr. Jonas Santana","article_publisher":"https:\/\/www.facebook.com\/andandonagraca","article_author":"https:\/\/www.facebook.com\/andandonagraca","article_published_time":"2024-04-26T02:02:09+00:00","og_image":[{"width":1920,"height":1080,"url":"https:\/\/www.andandonagraca.org\/site\/wp-content\/uploads\/2024\/04\/MPORTaNCIA.jpg","type":"image\/jpeg"}],"author":"Pr. Jonas Santana","twitter_card":"summary_large_image","twitter_misc":{"Escrito por":"Pr. Jonas Santana","Est. tempo de leitura":"11 minutos"},"schema":{"@context":"https:\/\/schema.org","@graph":[{"@type":"Article","@id":"https:\/\/www.andandonagraca.org\/site\/?p=67849#article","isPartOf":{"@id":"https:\/\/www.andandonagraca.org\/site\/?p=67849"},"author":{"name":"Pr. Jonas Santana","@id":"https:\/\/www.andandonagraca.org\/site\/#\/schema\/person\/225d0dedb572d4570a947397af2606ed"},"headline":"A IMPORT\u00c2NCIA DA IGREJA","datePublished":"2024-04-26T02:02:09+00:00","mainEntityOfPage":{"@id":"https:\/\/www.andandonagraca.org\/site\/?p=67849"},"wordCount":2255,"commentCount":0,"image":{"@id":"https:\/\/www.andandonagraca.org\/site\/?p=67849#primaryimage"},"thumbnailUrl":"https:\/\/www.andandonagraca.org\/site\/wp-content\/uploads\/2024\/04\/MPORTaNCIA.jpg","keywords":["apostasia","autoridade","comportamento","crist\u00e3o","santidade","unidade","vendilh\u00f5es"],"articleSection":["An\u00e1lise da Igreja Moderna &amp; sua Lideran\u00e7a"],"inLanguage":"pt-BR","potentialAction":[{"@type":"CommentAction","name":"Comment","target":["https:\/\/www.andandonagraca.org\/site\/?p=67849#respond"]}]},{"@type":"WebPage","@id":"https:\/\/www.andandonagraca.org\/site\/?p=67849","url":"https:\/\/www.andandonagraca.org\/site\/?p=67849","name":"A IMPORT\u00c2NCIA DA IGREJA - Pr. Jonas Santana","isPartOf":{"@id":"https:\/\/www.andandonagraca.org\/site\/#website"},"primaryImageOfPage":{"@id":"https:\/\/www.andandonagraca.org\/site\/?p=67849#primaryimage"},"image":{"@id":"https:\/\/www.andandonagraca.org\/site\/?p=67849#primaryimage"},"thumbnailUrl":"https:\/\/www.andandonagraca.org\/site\/wp-content\/uploads\/2024\/04\/MPORTaNCIA.jpg","datePublished":"2024-04-26T02:02:09+00:00","author":{"@id":"https:\/\/www.andandonagraca.org\/site\/#\/schema\/person\/225d0dedb572d4570a947397af2606ed"},"breadcrumb":{"@id":"https:\/\/www.andandonagraca.org\/site\/?p=67849#breadcrumb"},"inLanguage":"pt-BR","potentialAction":[{"@type":"ReadAction","target":["https:\/\/www.andandonagraca.org\/site\/?p=67849"]}]},{"@type":"ImageObject","inLanguage":"pt-BR","@id":"https:\/\/www.andandonagraca.org\/site\/?p=67849#primaryimage","url":"https:\/\/www.andandonagraca.org\/site\/wp-content\/uploads\/2024\/04\/MPORTaNCIA.jpg","contentUrl":"https:\/\/www.andandonagraca.org\/site\/wp-content\/uploads\/2024\/04\/MPORTaNCIA.jpg","width":1920,"height":1080},{"@type":"BreadcrumbList","@id":"https:\/\/www.andandonagraca.org\/site\/?p=67849#breadcrumb","itemListElement":[{"@type":"ListItem","position":1,"name":"In\u00edcio","item":"https:\/\/www.andandonagraca.org\/site"},{"@type":"ListItem","position":2,"name":"A IMPORT\u00c2NCIA DA IGREJA"}]},{"@type":"WebSite","@id":"https:\/\/www.andandonagraca.org\/site\/#website","url":"https:\/\/www.andandonagraca.org\/site\/","name":"Pr. Jonas Santana","description":"ANDANDO NA GRA\u00c7A - AEMSF","potentialAction":[{"@type":"SearchAction","target":{"@type":"EntryPoint","urlTemplate":"https:\/\/www.andandonagraca.org\/site\/?s={search_term_string}"},"query-input":{"@type":"PropertyValueSpecification","valueRequired":true,"valueName":"search_term_string"}}],"inLanguage":"pt-BR"},{"@type":"Person","@id":"https:\/\/www.andandonagraca.org\/site\/#\/schema\/person\/225d0dedb572d4570a947397af2606ed","name":"Pr. Jonas Santana","image":{"@type":"ImageObject","inLanguage":"pt-BR","@id":"https:\/\/secure.gravatar.com\/avatar\/7f463b781f71522d52f2ff3dae3592f9f7b0e24187fc413b95cd3efa8429de28?s=96&d=mm&r=g","url":"https:\/\/secure.gravatar.com\/avatar\/7f463b781f71522d52f2ff3dae3592f9f7b0e24187fc413b95cd3efa8429de28?s=96&d=mm&r=g","contentUrl":"https:\/\/secure.gravatar.com\/avatar\/7f463b781f71522d52f2ff3dae3592f9f7b0e24187fc413b95cd3efa8429de28?s=96&d=mm&r=g","caption":"Pr. Jonas Santana"},"description":"Pastor, pesquisador b\u00edblico, pregador do Evangelho do Reino A fidelidade requer que entreguemos o evangelho sob todos os \u00e2ngulos, sem omitir nada e sem exagerar em nada. Para isto requer-se muita sabedoria. Nosso desejo \u00e9 compartilhar a sabedoria do Reino de Deus a todos aqueles que o desejam de todo o cora\u00e7\u00e3o.","sameAs":["https:\/\/www.andandonagraca.org","https:\/\/www.facebook.com\/andandonagraca","https:\/\/www.instagram.com\/andandonagraca\/","https:\/\/www.youtube.com\/@andandonagraca","https:\/\/podcasters.spotify.com\/pod\/show\/andandonagraca\/"],"url":"https:\/\/www.andandonagraca.org\/site\/?author=1"}]}},"_links":{"self":[{"href":"https:\/\/www.andandonagraca.org\/site\/index.php?rest_route=\/wp\/v2\/posts\/67849","targetHints":{"allow":["GET"]}}],"collection":[{"href":"https:\/\/www.andandonagraca.org\/site\/index.php?rest_route=\/wp\/v2\/posts"}],"about":[{"href":"https:\/\/www.andandonagraca.org\/site\/index.php?rest_route=\/wp\/v2\/types\/post"}],"author":[{"embeddable":true,"href":"https:\/\/www.andandonagraca.org\/site\/index.php?rest_route=\/wp\/v2\/users\/1"}],"replies":[{"embeddable":true,"href":"https:\/\/www.andandonagraca.org\/site\/index.php?rest_route=%2Fwp%2Fv2%2Fcomments&post=67849"}],"version-history":[{"count":1,"href":"https:\/\/www.andandonagraca.org\/site\/index.php?rest_route=\/wp\/v2\/posts\/67849\/revisions"}],"predecessor-version":[{"id":67852,"href":"https:\/\/www.andandonagraca.org\/site\/index.php?rest_route=\/wp\/v2\/posts\/67849\/revisions\/67852"}],"wp:featuredmedia":[{"embeddable":true,"href":"https:\/\/www.andandonagraca.org\/site\/index.php?rest_route=\/wp\/v2\/media\/67851"}],"wp:attachment":[{"href":"https:\/\/www.andandonagraca.org\/site\/index.php?rest_route=%2Fwp%2Fv2%2Fmedia&parent=67849"}],"wp:term":[{"taxonomy":"category","embeddable":true,"href":"https:\/\/www.andandonagraca.org\/site\/index.php?rest_route=%2Fwp%2Fv2%2Fcategories&post=67849"},{"taxonomy":"post_tag","embeddable":true,"href":"https:\/\/www.andandonagraca.org\/site\/index.php?rest_route=%2Fwp%2Fv2%2Ftags&post=67849"}],"curies":[{"name":"wp","href":"https:\/\/api.w.org\/{rel}","templated":true}]}}