{"id":67886,"date":"2025-05-19T19:09:23","date_gmt":"2025-05-19T22:09:23","guid":{"rendered":"https:\/\/www.andandonagraca.org\/site\/?p=67886"},"modified":"2025-05-19T19:09:23","modified_gmt":"2025-05-19T22:09:23","slug":"a-vontade-soberana-de-deus-2","status":"publish","type":"post","link":"https:\/\/www.andandonagraca.org\/site\/?p=67886","title":{"rendered":"A VONTADE SOBERANA DE DEUS"},"content":{"rendered":"<p style=\"text-align: justify;\">Um dos grandes erros das teologias predominantes em nossos tempos, e que vem desde a teologia judaizante, \u00e9 o querer por Deus em par\u00e2metros humanos, em conformidade com a l\u00f3gica humana, criando passos para isso, f\u00f3rmulas para aquilo, tentando impor uma f\u00e9 desassociada da vontade de Deus, querendo muitas vezes, obrigar a Deus a cumprir a Sua pr\u00f3pria Palavra, como se Ele fosse o mordomo, o empregado e n\u00e3o n\u00f3s. A\u00ed come\u00e7am muitos problemas, porque esquecem que Deus \u00e9 soberano, e Sua vontade\u00a0\u00e9\u00a0Soberana.<\/p>\n<p>N\u00f3s estamos vivendo o tempo do Senhor!<\/p>\n<p><b>Romanos 9:15-16 &#8211;\u00a0<\/b>Compadecer-me-ei de quem me compadecer e terei miseric\u00f3rdia de quem eu tiver miseric\u00f3rdia. Assim, pois, isto n\u00e3o depende do que quer, nem do que corre, mas de Deus, que se compadece.<\/p>\n<p><b>Eclesiastes 3:1 &#8211;\u00a0<\/b>Tudo tem um prop\u00f3sito debaixo do c\u00e9u, e para tudo h\u00e1 um tempo determinado.<\/p>\n<p style=\"text-align: justify;\">Nestes momentos queremos confrontar a Deus, indag\u00e1-Lo, interrog\u00e1-Lo, at\u00e9 mesmo discutir com Ele. N\u00f3s estamos vivendo o tempo do Senhor! Entendamos isso de uma vez por todas!\u00a0Mesmo quando sofremos diversos problemas, situa\u00e7\u00f5es dif\u00edceis e demoradas, que provocam dores, ang\u00fastias, preocupa\u00e7\u00f5es, que tentam colocar em xeque a nossa F\u00e9.<\/p>\n<p><b><i>Vontade soberana de Deus <\/i><\/b><\/p>\n<ul>\n<li style=\"text-align: justify;\">Esquecemos que Deus \u00e9 soberano em Suas decis\u00f5es e a ningu\u00e9m deve satisfa\u00e7\u00f5es?<\/li>\n<li style=\"text-align: justify;\">N\u00e3o adianta interrog\u00e1-Lo, inquiri-Lo, coloc\u00e1-Lo contra a parede.<\/li>\n<li style=\"text-align: justify;\">Diversos exemplos na B\u00edblia comprovam essa constata\u00e7\u00e3o<\/li>\n<li style=\"text-align: justify;\">Romanos 12:2b; Romanos 9:11-21; Jo\u00e3o 9:1-3: Salmos 105:17-19; J\u00f3 1:8-12; J\u00f3 2:1-6<\/li>\n<\/ul>\n<p><strong>Salmos 75:7<\/strong> &#8211; A um Ele exalta a outro Ele abate conforme o Seu querer.<\/p>\n<p style=\"text-align: justify;\"><b><i>Vontade permissiva de Deus <\/i><\/b><\/p>\n<ul style=\"text-align: justify;\">\n<li>Com essa devemos nos \u201cpreocupar\u201d.<\/li>\n<li>Quando incomodamos muito a Deus, Ele pode conceder o que pedimos,<\/li>\n<li>mas faz definhar (enfraquecer) nossa alma<\/li>\n<\/ul>\n<p style=\"text-align: justify;\"><strong>Salmos 106:15<\/strong> &#8211; Mas deixaram-se levar da cobi\u00e7a no deserto, e tentaram a Deus na solid\u00e3o. E ele satisfez-lhes o desejo, mas fez definhar as suas almas.<\/p>\n<p style=\"text-align: justify;\"><b><i>Vontade soberana de Deus\u00a0<\/i><\/b><b><i>x\u00a0<\/i><\/b><b><i>Vontade permissiva de Deus<\/i><\/b><\/p>\n<p style=\"text-align: justify;\">Consequ\u00eancias vir\u00e3o e poder\u00e3o ser desastrosas para n\u00f3s.\u00a0Entender os acontecimentos anteriores \u00e9 entender um pouco sobre o caminho que a vontade soberana de Deus percorre at\u00e9 ser cumprida na vida dos Seus escolhidos.<\/p>\n<p><strong>VEJAMOS ALGUNS EXEMPLOS NAS ESCRITURAS<\/strong>:<\/p>\n<p><b>Esa\u00fa e Jac\u00f3<\/b><\/p>\n<p>G\u00eameos\u2026\u00a0Deus escolheu Jac\u00f3&#8230;\u00a0Por que?<\/p>\n<p style=\"text-align: justify;\">Porque Ele assim o definiu. N\u00e3o tendo eles ainda nascido, nem tendo feito bem ou mal (para que o prop\u00f3sito de Deus, segundo a elei\u00e7\u00e3o, ficasse firme, n\u00e3o por causa das obras, mas por Aquele que chama).<\/p>\n<p><b>Jos\u00e9<\/b><\/p>\n<p style=\"text-align: justify;\">Filho amado por seu pai Jac\u00f3.\u00a0O que Jos\u00e9 fez de errado?<\/p>\n<p style=\"text-align: justify;\">Nada, apenas estava no Plano de Deus, que era livrar os povos da destrui\u00e7\u00e3o total provocada pela fome que assolou o mundo daquela \u00e9poca.<\/p>\n<p style=\"text-align: justify;\">Foi odiado por seus meios irm\u00e3os, aos 17 anos de idade, cumprindo uma ordem de seu pai foi ver seus irm\u00e3os no campo.\u00a0Seus irm\u00e3os resolveram descarregar o \u00f3dio que tinham contra ele e o colocaram numa cova, depois resolveram vend\u00ea-lo como escravo, e assim foi parar \u00e0 casa de um maioral eg\u00edpcio, onde posteriormente foi acusado de ass\u00e9dio pela mulher desse eg\u00edpcio, foi parar na pris\u00e3o, e l\u00e1 aos 30 anos de idade o plano de Deus se cumpre.<\/p>\n<p><b>Mois\u00e9s<\/b><\/p>\n<p style=\"text-align: justify;\">Foi livre da morte, vai parar ao pal\u00e1cio, criado como rico, como rei\u2026 Mata um eg\u00edpcio por ver injusti\u00e7a, teve que fugir aos 40 anos de idade, vai para o deserto, depois de perambular chega a uma fam\u00edlia, salva as mo\u00e7as, l\u00e1 se casa e fica at\u00e9 os 80 anos de idade\u2026 O orador eloquente desaprendeu a falar\u2026 Ent\u00e3o \u00e9 chamado por Deus para libertar o povo de Israel que estavam escravos.<\/p>\n<p style=\"text-align: justify;\">Deus levantou Fara\u00f3 para destru\u00ed-lo por ter escravizado a Israel.\u00a0Em outro momento da hist\u00f3ria de Israel Deus levantou Ciro (Rei Persa) para permitir que o povo de Israel voltasse do cativeiro.<\/p>\n<p><b>Ester<\/b><\/p>\n<p style=\"text-align: justify;\"><b>\u2026 <em>E quem sabe se para tal tempo como este chegaste a este reino?<\/em> \u2026\u00a0<\/b>Disse-lhe o seu tio Mardoqueu chamando a sua aten\u00e7\u00e3o para o poss\u00edvel prop\u00f3sito dela ter chegado \u00e0 posi\u00e7\u00e3o de rainha, que seria o de livrar o seu povo, os judeus, da morte.<\/p>\n<p><b>J\u00d3<\/b><\/p>\n<p style=\"text-align: justify;\"><em><b>\u2026 homem \u00edntegro, <\/b><b>reto<\/b><b> de cora\u00e7\u00e3o, temente a Deus, cumpria seus votos, protegia sua fam\u00edlia, sua postura foi elogiada por Deus. \u2026\u00a0<\/b><\/em><\/p>\n<p>Certo dia o diabo se apresenta diante de Deus e para encurtar a hist\u00f3ria, foi permitido ao diabo cirandar com J\u00f3.\u00a0Em poucos instantes tudo foi destru\u00eddo, inclusive todos os seus filhos foram mortos, sobrando a esposa que portou-se como uma louca diante de tanta trag\u00e9dia. Com tudo isso J\u00f3 n\u00e3o pecou.<\/p>\n<p style=\"text-align: justify;\">O encontro inusitado entre Deus e o diabo acontece novamente e o diabo foi autorizado a tocar no corpo de J\u00f3, mas sem tirar-lhe a vida. Num instante J\u00f3 estava apodrecido, tirando as feridas com um caco de telha, todos se afastaram.<\/p>\n<p>N\u00e3o sabemos quanto tempo durou aquele sofrimento. Seus amigos vieram consolar-lhe, mas acabaram trazendo ainda mais perturba\u00e7\u00e3o e culpa.<\/p>\n<ul>\n<li>J\u00f3 perguntou 16 vezes: \u201cPor qu\u00ea?\u201d,<\/li>\n<li>Levantou 34 queixas contra Deus.<\/li>\n<li>Deus n\u00e3o respondeu sequer um dos questionamentos de J\u00f3, mas lhe faz 70 perguntas.<\/li>\n<\/ul>\n<p><b>J\u00f3 declarou:\u00a0<\/b><b><i>antes eu te conhecia de ouvir falar, mais hoje os meus olhos te v\u00eaem.\u00a0<\/i><\/b><b>J\u00f3 42:5<\/b><\/p>\n<p style=\"text-align: justify;\">Ao fim, Deus restaurou a sorte de J\u00f3, quando este orou pelos seus amigos, e devolveu-lhe o dobro de tudo quanto possu\u00eda (J\u00f3 42:10).\u00a0Os bens de J\u00f3 foram restaurados em dobro; Deus curou sua enfermidade; seu casamento foi refeito; teve mais dez filhos; e seus amigos foram perdoados por Deus.\u00a0Tudo quanto Satan\u00e1s intentou contra ele n\u00e3o prosperou.<\/p>\n<p>J\u00f3 saiu daquela arena de provas mais perto de Deus e mais fortalecido na F\u00e9.<\/p>\n<p style=\"text-align: center;\"><b>TUDO TEM UM PROP\u00d3SITO <\/b><br \/>\ne o principal \u00e9 cumprir a<br \/>\n<b>VONTADE SOBERANA DE DEUS<\/b><\/p>\n<p><b>Jovem cego de nascen\u00e7a <\/b><\/p>\n<p style=\"text-align: justify;\">\u2026 Os disc\u00edpulos perguntaram a Jesus quem tinha pecado, ele ou seus pais, por ter nascido cego. \u2026\u00a0A resposta de Jesus foi impressionante:\u00a0<em>Ele \u00e9 cego, sim, mas n\u00e3o por causa dos pecados dele nem por causa dos pecados dos pais dele. \u00c9 cego <u>para que o poder de Deus se mostre nele<\/u>.<\/em><\/p>\n<p><b>L\u00e1zaro<\/b><\/p>\n<p style=\"text-align: justify;\">Jesus disse-lhes claramente:\u00a0<em>L\u00e1zaro est\u00e1 morto; <u>E folgo, por amor de v\u00f3s, de que Eu l\u00e1 n\u00e3o estivesse, para que acrediteis<\/u>: mas vamos ter com ele \u2026\u00a0N\u00e3o te disse eu que, se creres, ver\u00e1s a gl\u00f3ria de Deus?\u00a0Eu sou a ressurrei\u00e7\u00e3o e a vida.\u00a0Quem cr\u00ea em mim, ainda que morra, viver\u00e1; e todo o que vive e cr\u00ea em mim n\u00e3o morrer\u00e1, eternamente.\u00a0Cr\u00eas isto?<\/em><\/p>\n","protected":false},"excerpt":{"rendered":"<p>Um dos grandes erros das teologias predominantes em nossos tempos, e que vem desde a teologia judaizante, \u00e9<\/p>\n","protected":false},"author":1,"featured_media":67887,"comment_status":"open","ping_status":"open","sticky":false,"template":"","format":"status","meta":{"footnotes":""},"categories":[11],"tags":[38,29,18,123,72],"class_list":["post-67886","post","type-post","status-publish","format-status","has-post-thumbnail","hentry","category-fe-amor","tag-cristao","tag-cruz","tag-cuidado","tag-esboco-de-mensagem","tag-fe","post_format-post-format-status"],"yoast_head":"<!-- This site is optimized with the Yoast SEO plugin v27.4 - https:\/\/yoast.com\/product\/yoast-seo-wordpress\/ -->\n<title>A VONTADE SOBERANA DE DEUS - Pr. Jonas Santana<\/title>\n<meta name=\"robots\" content=\"index, follow, max-snippet:-1, max-image-preview:large, max-video-preview:-1\" \/>\n<link rel=\"canonical\" href=\"https:\/\/www.andandonagraca.org\/site\/?p=67886\" \/>\n<meta property=\"og:locale\" content=\"pt_BR\" \/>\n<meta property=\"og:type\" content=\"article\" \/>\n<meta property=\"og:title\" content=\"A VONTADE SOBERANA DE DEUS - Pr. Jonas Santana\" \/>\n<meta property=\"og:description\" content=\"Um dos grandes erros das teologias predominantes em nossos tempos, e que vem desde a teologia judaizante, \u00e9\" \/>\n<meta property=\"og:url\" content=\"https:\/\/www.andandonagraca.org\/site\/?p=67886\" \/>\n<meta property=\"og:site_name\" content=\"Pr. Jonas Santana\" \/>\n<meta property=\"article:publisher\" content=\"https:\/\/www.facebook.com\/andandonagraca\" \/>\n<meta property=\"article:author\" content=\"https:\/\/www.facebook.com\/andandonagraca\" \/>\n<meta property=\"article:published_time\" content=\"2025-05-19T22:09:23+00:00\" \/>\n<meta property=\"og:image\" content=\"https:\/\/www.andandonagraca.org\/site\/wp-content\/uploads\/2025\/05\/Imagem1-scaled.jpg\" \/>\n\t<meta property=\"og:image:width\" content=\"2560\" \/>\n\t<meta property=\"og:image:height\" content=\"2560\" \/>\n\t<meta property=\"og:image:type\" content=\"image\/jpeg\" \/>\n<meta name=\"author\" content=\"Pr. Jonas Santana\" \/>\n<meta name=\"twitter:card\" content=\"summary_large_image\" \/>\n<meta name=\"twitter:label1\" content=\"Escrito por\" \/>\n\t<meta name=\"twitter:data1\" content=\"Pr. Jonas Santana\" \/>\n\t<meta name=\"twitter:label2\" content=\"Est. tempo de leitura\" \/>\n\t<meta name=\"twitter:data2\" content=\"7 minutos\" \/>\n<script type=\"application\/ld+json\" class=\"yoast-schema-graph\">{\"@context\":\"https:\\\/\\\/schema.org\",\"@graph\":[{\"@type\":\"Article\",\"@id\":\"https:\\\/\\\/www.andandonagraca.org\\\/site\\\/?p=67886#article\",\"isPartOf\":{\"@id\":\"https:\\\/\\\/www.andandonagraca.org\\\/site\\\/?p=67886\"},\"author\":{\"name\":\"Pr. Jonas Santana\",\"@id\":\"https:\\\/\\\/www.andandonagraca.org\\\/site\\\/#\\\/schema\\\/person\\\/225d0dedb572d4570a947397af2606ed\"},\"headline\":\"A VONTADE SOBERANA DE DEUS\",\"datePublished\":\"2025-05-19T22:09:23+00:00\",\"mainEntityOfPage\":{\"@id\":\"https:\\\/\\\/www.andandonagraca.org\\\/site\\\/?p=67886\"},\"wordCount\":1126,\"commentCount\":0,\"image\":{\"@id\":\"https:\\\/\\\/www.andandonagraca.org\\\/site\\\/?p=67886#primaryimage\"},\"thumbnailUrl\":\"https:\\\/\\\/www.andandonagraca.org\\\/site\\\/wp-content\\\/uploads\\\/2025\\\/05\\\/Imagem1-scaled.jpg\",\"keywords\":[\"crist\u00e3o\",\"cruz\",\"cuidado\",\"esbo\u00e7o de mensagem\",\"f\u00e9\"],\"articleSection\":[\"F\u00e9, Esperan\u00e7a &amp; Amor\"],\"inLanguage\":\"pt-BR\",\"potentialAction\":[{\"@type\":\"CommentAction\",\"name\":\"Comment\",\"target\":[\"https:\\\/\\\/www.andandonagraca.org\\\/site\\\/?p=67886#respond\"]}]},{\"@type\":\"WebPage\",\"@id\":\"https:\\\/\\\/www.andandonagraca.org\\\/site\\\/?p=67886\",\"url\":\"https:\\\/\\\/www.andandonagraca.org\\\/site\\\/?p=67886\",\"name\":\"A VONTADE SOBERANA DE DEUS - Pr. Jonas Santana\",\"isPartOf\":{\"@id\":\"https:\\\/\\\/www.andandonagraca.org\\\/site\\\/#website\"},\"primaryImageOfPage\":{\"@id\":\"https:\\\/\\\/www.andandonagraca.org\\\/site\\\/?p=67886#primaryimage\"},\"image\":{\"@id\":\"https:\\\/\\\/www.andandonagraca.org\\\/site\\\/?p=67886#primaryimage\"},\"thumbnailUrl\":\"https:\\\/\\\/www.andandonagraca.org\\\/site\\\/wp-content\\\/uploads\\\/2025\\\/05\\\/Imagem1-scaled.jpg\",\"datePublished\":\"2025-05-19T22:09:23+00:00\",\"author\":{\"@id\":\"https:\\\/\\\/www.andandonagraca.org\\\/site\\\/#\\\/schema\\\/person\\\/225d0dedb572d4570a947397af2606ed\"},\"breadcrumb\":{\"@id\":\"https:\\\/\\\/www.andandonagraca.org\\\/site\\\/?p=67886#breadcrumb\"},\"inLanguage\":\"pt-BR\",\"potentialAction\":[{\"@type\":\"ReadAction\",\"target\":[\"https:\\\/\\\/www.andandonagraca.org\\\/site\\\/?p=67886\"]}]},{\"@type\":\"ImageObject\",\"inLanguage\":\"pt-BR\",\"@id\":\"https:\\\/\\\/www.andandonagraca.org\\\/site\\\/?p=67886#primaryimage\",\"url\":\"https:\\\/\\\/www.andandonagraca.org\\\/site\\\/wp-content\\\/uploads\\\/2025\\\/05\\\/Imagem1-scaled.jpg\",\"contentUrl\":\"https:\\\/\\\/www.andandonagraca.org\\\/site\\\/wp-content\\\/uploads\\\/2025\\\/05\\\/Imagem1-scaled.jpg\",\"width\":2560,\"height\":2560},{\"@type\":\"BreadcrumbList\",\"@id\":\"https:\\\/\\\/www.andandonagraca.org\\\/site\\\/?p=67886#breadcrumb\",\"itemListElement\":[{\"@type\":\"ListItem\",\"position\":1,\"name\":\"In\u00edcio\",\"item\":\"https:\\\/\\\/www.andandonagraca.org\\\/site\"},{\"@type\":\"ListItem\",\"position\":2,\"name\":\"A VONTADE SOBERANA DE DEUS\"}]},{\"@type\":\"WebSite\",\"@id\":\"https:\\\/\\\/www.andandonagraca.org\\\/site\\\/#website\",\"url\":\"https:\\\/\\\/www.andandonagraca.org\\\/site\\\/\",\"name\":\"Pr. Jonas Santana\",\"description\":\"ANDANDO NA GRA\u00c7A - AEMSF\",\"potentialAction\":[{\"@type\":\"SearchAction\",\"target\":{\"@type\":\"EntryPoint\",\"urlTemplate\":\"https:\\\/\\\/www.andandonagraca.org\\\/site\\\/?s={search_term_string}\"},\"query-input\":{\"@type\":\"PropertyValueSpecification\",\"valueRequired\":true,\"valueName\":\"search_term_string\"}}],\"inLanguage\":\"pt-BR\"},{\"@type\":\"Person\",\"@id\":\"https:\\\/\\\/www.andandonagraca.org\\\/site\\\/#\\\/schema\\\/person\\\/225d0dedb572d4570a947397af2606ed\",\"name\":\"Pr. Jonas Santana\",\"image\":{\"@type\":\"ImageObject\",\"inLanguage\":\"pt-BR\",\"@id\":\"https:\\\/\\\/secure.gravatar.com\\\/avatar\\\/7f463b781f71522d52f2ff3dae3592f9f7b0e24187fc413b95cd3efa8429de28?s=96&d=mm&r=g\",\"url\":\"https:\\\/\\\/secure.gravatar.com\\\/avatar\\\/7f463b781f71522d52f2ff3dae3592f9f7b0e24187fc413b95cd3efa8429de28?s=96&d=mm&r=g\",\"contentUrl\":\"https:\\\/\\\/secure.gravatar.com\\\/avatar\\\/7f463b781f71522d52f2ff3dae3592f9f7b0e24187fc413b95cd3efa8429de28?s=96&d=mm&r=g\",\"caption\":\"Pr. Jonas Santana\"},\"description\":\"Pastor, pesquisador b\u00edblico, pregador do Evangelho do Reino A fidelidade requer que entreguemos o evangelho sob todos os \u00e2ngulos, sem omitir nada e sem exagerar em nada. Para isto requer-se muita sabedoria. Nosso desejo \u00e9 compartilhar a sabedoria do Reino de Deus a todos aqueles que o desejam de todo o cora\u00e7\u00e3o.\",\"sameAs\":[\"https:\\\/\\\/www.andandonagraca.org\",\"https:\\\/\\\/www.facebook.com\\\/andandonagraca\",\"https:\\\/\\\/www.instagram.com\\\/andandonagraca\\\/\",\"https:\\\/\\\/www.youtube.com\\\/@andandonagraca\",\"https:\\\/\\\/podcasters.spotify.com\\\/pod\\\/show\\\/andandonagraca\\\/\"],\"url\":\"https:\\\/\\\/www.andandonagraca.org\\\/site\\\/?author=1\"}]}<\/script>\n<!-- \/ Yoast SEO plugin. -->","yoast_head_json":{"title":"A VONTADE SOBERANA DE DEUS - Pr. Jonas Santana","robots":{"index":"index","follow":"follow","max-snippet":"max-snippet:-1","max-image-preview":"max-image-preview:large","max-video-preview":"max-video-preview:-1"},"canonical":"https:\/\/www.andandonagraca.org\/site\/?p=67886","og_locale":"pt_BR","og_type":"article","og_title":"A VONTADE SOBERANA DE DEUS - Pr. Jonas Santana","og_description":"Um dos grandes erros das teologias predominantes em nossos tempos, e que vem desde a teologia judaizante, \u00e9","og_url":"https:\/\/www.andandonagraca.org\/site\/?p=67886","og_site_name":"Pr. Jonas Santana","article_publisher":"https:\/\/www.facebook.com\/andandonagraca","article_author":"https:\/\/www.facebook.com\/andandonagraca","article_published_time":"2025-05-19T22:09:23+00:00","og_image":[{"width":2560,"height":2560,"url":"https:\/\/www.andandonagraca.org\/site\/wp-content\/uploads\/2025\/05\/Imagem1-scaled.jpg","type":"image\/jpeg"}],"author":"Pr. Jonas Santana","twitter_card":"summary_large_image","twitter_misc":{"Escrito por":"Pr. Jonas Santana","Est. tempo de leitura":"7 minutos"},"schema":{"@context":"https:\/\/schema.org","@graph":[{"@type":"Article","@id":"https:\/\/www.andandonagraca.org\/site\/?p=67886#article","isPartOf":{"@id":"https:\/\/www.andandonagraca.org\/site\/?p=67886"},"author":{"name":"Pr. Jonas Santana","@id":"https:\/\/www.andandonagraca.org\/site\/#\/schema\/person\/225d0dedb572d4570a947397af2606ed"},"headline":"A VONTADE SOBERANA DE DEUS","datePublished":"2025-05-19T22:09:23+00:00","mainEntityOfPage":{"@id":"https:\/\/www.andandonagraca.org\/site\/?p=67886"},"wordCount":1126,"commentCount":0,"image":{"@id":"https:\/\/www.andandonagraca.org\/site\/?p=67886#primaryimage"},"thumbnailUrl":"https:\/\/www.andandonagraca.org\/site\/wp-content\/uploads\/2025\/05\/Imagem1-scaled.jpg","keywords":["crist\u00e3o","cruz","cuidado","esbo\u00e7o de mensagem","f\u00e9"],"articleSection":["F\u00e9, Esperan\u00e7a &amp; Amor"],"inLanguage":"pt-BR","potentialAction":[{"@type":"CommentAction","name":"Comment","target":["https:\/\/www.andandonagraca.org\/site\/?p=67886#respond"]}]},{"@type":"WebPage","@id":"https:\/\/www.andandonagraca.org\/site\/?p=67886","url":"https:\/\/www.andandonagraca.org\/site\/?p=67886","name":"A VONTADE SOBERANA DE DEUS - Pr. Jonas Santana","isPartOf":{"@id":"https:\/\/www.andandonagraca.org\/site\/#website"},"primaryImageOfPage":{"@id":"https:\/\/www.andandonagraca.org\/site\/?p=67886#primaryimage"},"image":{"@id":"https:\/\/www.andandonagraca.org\/site\/?p=67886#primaryimage"},"thumbnailUrl":"https:\/\/www.andandonagraca.org\/site\/wp-content\/uploads\/2025\/05\/Imagem1-scaled.jpg","datePublished":"2025-05-19T22:09:23+00:00","author":{"@id":"https:\/\/www.andandonagraca.org\/site\/#\/schema\/person\/225d0dedb572d4570a947397af2606ed"},"breadcrumb":{"@id":"https:\/\/www.andandonagraca.org\/site\/?p=67886#breadcrumb"},"inLanguage":"pt-BR","potentialAction":[{"@type":"ReadAction","target":["https:\/\/www.andandonagraca.org\/site\/?p=67886"]}]},{"@type":"ImageObject","inLanguage":"pt-BR","@id":"https:\/\/www.andandonagraca.org\/site\/?p=67886#primaryimage","url":"https:\/\/www.andandonagraca.org\/site\/wp-content\/uploads\/2025\/05\/Imagem1-scaled.jpg","contentUrl":"https:\/\/www.andandonagraca.org\/site\/wp-content\/uploads\/2025\/05\/Imagem1-scaled.jpg","width":2560,"height":2560},{"@type":"BreadcrumbList","@id":"https:\/\/www.andandonagraca.org\/site\/?p=67886#breadcrumb","itemListElement":[{"@type":"ListItem","position":1,"name":"In\u00edcio","item":"https:\/\/www.andandonagraca.org\/site"},{"@type":"ListItem","position":2,"name":"A VONTADE SOBERANA DE DEUS"}]},{"@type":"WebSite","@id":"https:\/\/www.andandonagraca.org\/site\/#website","url":"https:\/\/www.andandonagraca.org\/site\/","name":"Pr. Jonas Santana","description":"ANDANDO NA GRA\u00c7A - AEMSF","potentialAction":[{"@type":"SearchAction","target":{"@type":"EntryPoint","urlTemplate":"https:\/\/www.andandonagraca.org\/site\/?s={search_term_string}"},"query-input":{"@type":"PropertyValueSpecification","valueRequired":true,"valueName":"search_term_string"}}],"inLanguage":"pt-BR"},{"@type":"Person","@id":"https:\/\/www.andandonagraca.org\/site\/#\/schema\/person\/225d0dedb572d4570a947397af2606ed","name":"Pr. Jonas Santana","image":{"@type":"ImageObject","inLanguage":"pt-BR","@id":"https:\/\/secure.gravatar.com\/avatar\/7f463b781f71522d52f2ff3dae3592f9f7b0e24187fc413b95cd3efa8429de28?s=96&d=mm&r=g","url":"https:\/\/secure.gravatar.com\/avatar\/7f463b781f71522d52f2ff3dae3592f9f7b0e24187fc413b95cd3efa8429de28?s=96&d=mm&r=g","contentUrl":"https:\/\/secure.gravatar.com\/avatar\/7f463b781f71522d52f2ff3dae3592f9f7b0e24187fc413b95cd3efa8429de28?s=96&d=mm&r=g","caption":"Pr. Jonas Santana"},"description":"Pastor, pesquisador b\u00edblico, pregador do Evangelho do Reino A fidelidade requer que entreguemos o evangelho sob todos os \u00e2ngulos, sem omitir nada e sem exagerar em nada. Para isto requer-se muita sabedoria. Nosso desejo \u00e9 compartilhar a sabedoria do Reino de Deus a todos aqueles que o desejam de todo o cora\u00e7\u00e3o.","sameAs":["https:\/\/www.andandonagraca.org","https:\/\/www.facebook.com\/andandonagraca","https:\/\/www.instagram.com\/andandonagraca\/","https:\/\/www.youtube.com\/@andandonagraca","https:\/\/podcasters.spotify.com\/pod\/show\/andandonagraca\/"],"url":"https:\/\/www.andandonagraca.org\/site\/?author=1"}]}},"_links":{"self":[{"href":"https:\/\/www.andandonagraca.org\/site\/index.php?rest_route=\/wp\/v2\/posts\/67886","targetHints":{"allow":["GET"]}}],"collection":[{"href":"https:\/\/www.andandonagraca.org\/site\/index.php?rest_route=\/wp\/v2\/posts"}],"about":[{"href":"https:\/\/www.andandonagraca.org\/site\/index.php?rest_route=\/wp\/v2\/types\/post"}],"author":[{"embeddable":true,"href":"https:\/\/www.andandonagraca.org\/site\/index.php?rest_route=\/wp\/v2\/users\/1"}],"replies":[{"embeddable":true,"href":"https:\/\/www.andandonagraca.org\/site\/index.php?rest_route=%2Fwp%2Fv2%2Fcomments&post=67886"}],"version-history":[{"count":1,"href":"https:\/\/www.andandonagraca.org\/site\/index.php?rest_route=\/wp\/v2\/posts\/67886\/revisions"}],"predecessor-version":[{"id":67888,"href":"https:\/\/www.andandonagraca.org\/site\/index.php?rest_route=\/wp\/v2\/posts\/67886\/revisions\/67888"}],"wp:featuredmedia":[{"embeddable":true,"href":"https:\/\/www.andandonagraca.org\/site\/index.php?rest_route=\/wp\/v2\/media\/67887"}],"wp:attachment":[{"href":"https:\/\/www.andandonagraca.org\/site\/index.php?rest_route=%2Fwp%2Fv2%2Fmedia&parent=67886"}],"wp:term":[{"taxonomy":"category","embeddable":true,"href":"https:\/\/www.andandonagraca.org\/site\/index.php?rest_route=%2Fwp%2Fv2%2Fcategories&post=67886"},{"taxonomy":"post_tag","embeddable":true,"href":"https:\/\/www.andandonagraca.org\/site\/index.php?rest_route=%2Fwp%2Fv2%2Ftags&post=67886"}],"curies":[{"name":"wp","href":"https:\/\/api.w.org\/{rel}","templated":true}]}}