{"id":67889,"date":"2025-05-19T20:21:00","date_gmt":"2025-05-19T23:21:00","guid":{"rendered":"https:\/\/www.andandonagraca.org\/site\/?p=67889"},"modified":"2025-05-19T20:21:00","modified_gmt":"2025-05-19T23:21:00","slug":"jesus-cristo-ministerio-da-reconciliacao","status":"publish","type":"post","link":"https:\/\/www.andandonagraca.org\/site\/?p=67889","title":{"rendered":"JESUS CRISTO &#8211; Minist\u00e9rio da Reconcilia\u00e7\u00e3o"},"content":{"rendered":"<p>JESUS CRISTO:<\/p>\n<ul>\n<li>Segunda Pessoa da Trindade,<\/li>\n<li>o Eterno que entrou no tempo,<\/li>\n<li>o Infinito e Imenso que se esvaziou,<\/li>\n<li>o Deus que se fez homem,<\/li>\n<li>o Senhor do universo que se fez servo.<\/li>\n<li>DEUS tornado ser humano {Jo. 1:14} para salvar as pessoas {1\u00aa Jo. 4:14}.<\/li>\n<li>&#8220;JESUS&#8221; quer dizer &#8220;Jav\u00e9 \u00e9 Salvador&#8221;; \u00e9 a forma grega de &#8220;Josu\u00e9&#8221; {Mt. 1:21}.<\/li>\n<li>&#8220;CRISTO&#8221; quer dizer &#8220;Ungido&#8221;; \u00e9 o mesmo que o termo hebraico MESSIAS {At. 17:3}.<\/li>\n<li>\u00c9 a segunda pessoa da TRINDADE.<\/li>\n<li>Atrav\u00e9s Dele o universo foi criado e \u00e9 mantido em exist\u00eancia {Jo. 1:3; Cl. 1:16-17}.<\/li>\n<li>Esvaziou-se da Sua gl\u00f3ria e se humilhou, tomando a forma de ser humano {Fp. 2:6-11}.<\/li>\n<li>O Seu minist\u00e9rio terreno durou mais ou menos 3 anos e meio.<\/li>\n<li>Ensinou a verdade de DEUS por preceitos e por PAR\u00c1BOLAS.<\/li>\n<li>Ele fez MILAGRES, curando enfermos e endemoninhados, fazendo sempre o bem.<\/li>\n<li>Foi rejeitado pela maioria do povo e pelas autoridades, sendo submetido \u00e0 morte de cruz.<\/li>\n<li>Foi sepultado, mas ressuscitou ao terceiro dia.<\/li>\n<li>Depois subiu ao c\u00e9u, onde est\u00e1 para interceder pelos Seus {Hb. 7:25}.<\/li>\n<li>Na Sua segunda vinda buscar\u00e1 a Sua Igreja<\/li>\n<li>Julgar\u00e1 os vivos e os mortos {2\u00aa Tm. 4:1}.<\/li>\n<li>E o salvo est\u00e1 unido com Cristo, que vive Nele pelo Seu Esp\u00edrito<\/li>\n<li>Rm. 8:9-11; Gl. 2:20; 4:6; Fp. 1:19<\/li>\n<\/ul>\n<p>Jesus, sendo BENDITO fez-se maldi\u00e7\u00e3o, para que n\u00f3s, filhos da ira, f\u00f4ssemos aben\u00e7oados com toda sorte de b\u00ean\u00e7\u00e3os.<\/p>\n<p>Jesus, sendo SANTO fez-se pecado para que f\u00f4ssemos resgatados da condena\u00e7\u00e3o, do poder e da presen\u00e7a do pecado.<\/p>\n<p>Jesus, o VERBO que se fez carne e vestiu pele humana para revelar-nos a gra\u00e7a e a gl\u00f3ria do Pai.<\/p>\n<p>Jesus, o CAMINHO fez-se pecado para que f\u00f4ssemos resgatados da condena\u00e7\u00e3o, do poder e da presen\u00e7a do pecado.<\/p>\n<p>Jesus, MEDIADOR\u00a0que nos reconcilia com o Pai.<\/p>\n<p>Jesus,SINGULAR tanto pela natureza de Sua Pessoa como pela exclusividade da Sua obra.<\/p>\n<p><b>Minist\u00e9rio da Reconcilia\u00e7\u00e3o<\/b><\/p>\n<p style=\"text-align: justify;\">Diante do quadro aterrador que a humanidade vive, porque Deus n\u00e3o destr\u00f3i o homem definitivamente? <b>Porque <\/b><b>JESUS <\/b><b>\u00e9 o nosso reconciliador!\u00a0<\/b><b>Assim que, se algu\u00e9m est\u00e1 em Cristo, nova criatura \u00e9: as coisas velhas j\u00e1 passaram; eis que tudo se fez novo. <\/b><\/p>\n<p style=\"text-align: justify;\"><b>2\u00aa <\/b><b>Cor\u00edntios<\/b><b> 5:17-19 &#8211; <\/b>E tudo isso prov\u00e9m de Deus, que nos reconciliou consigo mesmo por Jesus Cristo e nos deu o minist\u00e9rio da reconcilia\u00e7\u00e3o, isto \u00e9, Deus estava em Cristo reconciliando consigo o mundo, n\u00e3o lhes imputando os seus pecados, e p\u00f4s em n\u00f3s a palavra da reconcilia\u00e7\u00e3o.<\/p>\n<p style=\"text-align: justify;\">\u00a0<b>Romanos<\/b><b> 5:6-11 &#8211;\u00a0<\/b>Porque Cristo, estando n\u00f3s ainda fracos, morreu a seu tempo pelos \u00edmpios.\u00a0Porque apenas algu\u00e9m morrer\u00e1 por um justo; pois poder\u00e1 ser que pelo bom algu\u00e9m ouse morrer.\u00a0Mas Deus prova o seu amor para conosco em que Cristo morreu por n\u00f3s, sendo n\u00f3s ainda pecadores\u2026\u00a0Sendo justificados pelo seu sangue, seremos por ele salvos da ira.<\/p>\n<p style=\"text-align: justify;\">Porque, se n\u00f3s, sendo inimigos, fomos reconciliados com Deus pela morte de seu Filho, muito mais, estando j\u00e1 reconciliados, seremos salvos pela sua vida.\u00a0E n\u00e3o somente isto, mas tamb\u00e9m nos gloriamos em Deus por nosso Senhor Jesus Cristo, pelo qual agora alcan\u00e7amos a reconcilia\u00e7\u00e3o.<\/p>\n<p><b>Reconcilia\u00e7\u00e3o<\/b><\/p>\n<p style=\"text-align: justify;\">Voltar a ter o favor de\u2026\u00a0No NT, da restaura\u00e7\u00e3o da gra\u00e7a de Deus aos pecadores que se arrependem e colocam sua confian\u00e7a na morte expiat\u00f3ria de Cristo.<\/p>\n<p style=\"text-align: justify;\">Entender o minist\u00e9rio da reconcilia\u00e7\u00e3o, \u00e9 entender que Jesus foi o nosso substituto, sendo o cordeiro de Deus.\u00a0Antigamente Deus aceitava a morte de um cordeiro (inocente) nas vezes da pessoa que tinha praticado injusti\u00e7as.\u00a0Mas isso era transit\u00f3rio e ineficiente, ent\u00e3o Deus enviou um CORDEIRO SUBSTITUTO E DEFINITIVO como nosso justificador.<\/p>\n<ul>\n<li><em>\u00c9 o sangue de Jesus que nos lava e purifica definitivamente do pecado<\/em><\/li>\n<li><em>Ele nos d\u00e1 o poder do SEU SANGUE <u>para nos purificar do pecado<\/u><\/em><\/li>\n<li><em>Ele nos d\u00e1 o poder do SEU NOME <u>para nos curar e libertar<\/u>. <\/em><\/li>\n<li><em>Ele promove as pazes entre Deus e o homem at\u00e9 o tempo determinado pelo Pai.<\/em><\/li>\n<\/ul>\n<p><b>Quando analisamos a MARAVILHOSA GRA\u00c7A\u00a0<\/b><b>manifestada em Jesus Cristo, percebemos:<\/b><\/p>\n<p style=\"text-align: justify;\">1.O t\u00e3o grande amor de Deus, que \u00e9 a reconcilia\u00e7\u00e3o com Ele atrav\u00e9s de JESUS CRISTO, por uma ra\u00e7a imersa em pecados, desobediente, indiferente, amante de si mesmo, inventora de males.<\/p>\n<p style=\"text-align: justify;\">2.Est\u00e1vamos mortos por causa da desobedi\u00eancia e dos muitos pecados, nos quais costum\u00e1vamos viver, como o resto do mundo, obedecendo ao comandante dos poderes do mundo invis\u00edvel (diabo). Ele \u00e9 o esp\u00edrito que opera no cora\u00e7\u00e3o dos que se recusam a obedecer.<\/p>\n<p style=\"text-align: justify;\">3.Todos n\u00f3s viv\u00edamos desse modo, seguindo os desejos ardentes e as inclina\u00e7\u00f5es de nossa natureza humana.<\/p>\n<p style=\"text-align: justify;\">4.\u00c9ramos, por natureza, merecedores da ira, como os demais.<\/p>\n<p style=\"text-align: justify;\">5.Mas Deus \u00e9 t\u00e3o rico em miseric\u00f3rdia e nos amou tanto que, embora estiv\u00e9ssemos mortos por causa de nossos pecados, Ele nos deu vida junto a Cristo.<\/p>\n<p style=\"text-align: justify;\">6.Deus fez de Cristo, Aquele que nunca pecou, a oferta pelo nosso pecado, para que, por meio Dele, f\u00f4ssemos declarados justos diante de Deus.<\/p>\n<p style=\"text-align: justify;\">Jesus, o substituto perfeito, feito pecado, para que fossemos feitos justi\u00e7a (justos) de Deus. Deus amando pessoas que n\u00e3o merecem ser amadas \u2013 pessoas intransigentes, indiferentes, ofensoras, amantes da maldade.\u00a0Ele nos reconciliou consigo por meio da morte do Filho no corpo f\u00edsico e como resultado podemos nos apresentar diante Dele santos, sem culpa e livres de qualquer acusa\u00e7\u00e3o, santificados em Cristo, chamados santos, a igreja de Deus, aqueles que Ele santificou por meio de Cristo Jesus.<\/p>\n<p style=\"text-align: justify;\">Fomos chamados por Deus para ser Seu povo santo, junto com todos que, em toda parte, invocam o nome de nosso Senhor Jesus Cristo, Senhor deles e nosso. 1\u00aa Cor\u00edntios 1:2; 2\u00aa Cor\u00edntios 5:21; Colossenses 1:22.<\/p>\n<p>N\u00e3o somos santos por m\u00e9rito pr\u00f3prio (por causa das nossas obras), mas por causa do que Jesus fez por n\u00f3s, na cruz.<\/p>\n<p style=\"text-align: justify;\">Dizem que santo n\u00e3o significa que n\u00e3o comete faltas, mas sim que foi lavado das suas faltas, por\u00e9m o santo \u00e9 algu\u00e9m que n\u00e3o vive na pr\u00e1tica do pecado, n\u00e3o tem prazer no pecado, tem um nojo profundo, avers\u00e3o completa, porque tem a natureza de Cristo.<\/p>\n<p>O santo \u00e9 considerado sal e luz, consequentemente as obras das trevas n\u00e3o resistem \u00e0 luz.<\/p>\n<p>\u2022 Percebem porque a Igreja incomoda tanto?\u00a0\u2022 E a Palavra de Deus mais ainda?\u00a0Ef\u00e9sios 1:3-4; Filipenses 1:1; 4:21-22<\/p>\n<p><strong>N\u00c3O POR OBRAS, MAS PELA GRA\u00c7A<\/strong><\/p>\n<p style=\"text-align: justify;\">Tudo o que voc\u00ea quiser receber de Deus, ter\u00e1 que receber pela gra\u00e7a e n\u00e3o por obras, jejuns, ora\u00e7\u00f5es, votos, sacrif\u00edcios, semeaduras, etc. N\u00e3o se barganha com Deus!\u00a0Deus salva, cura e ajuda, n\u00e3o porque merecemos, mas porque ele ama. Ef\u00e9sios 2:1-10.<\/p>\n<p style=\"text-align: justify;\">Porque Deus nos reconciliou consigo mesmo, agora estamos em Cristo e somos novas criaturas, vivemos de acordo com suas normas e preceitos.<\/p>\n<p>POR AMOR E GRATID\u00c3O VIVEMOS COMO ELE VIVE!<\/p>\n<p><span style=\"color: #ff0000;\"><strong>ALERTA!<\/strong><\/span><\/p>\n<p style=\"text-align: justify;\">A gra\u00e7a veio para todos mas nem todos pertencem, entendem ou recebem a gra\u00e7a.\u00a0O Evangelho \u00e9 para todos, infelizmente muitos rejeitam deliberada e conscientemente.<\/p>\n","protected":false},"excerpt":{"rendered":"<p>JESUS CRISTO: Segunda Pessoa da Trindade, o Eterno que entrou no tempo, o Infinito e Imenso que se<\/p>\n","protected":false},"author":1,"featured_media":67890,"comment_status":"open","ping_status":"open","sticky":false,"template":"","format":"status","meta":{"footnotes":""},"categories":[120],"tags":[25,38,19,34],"class_list":["post-67889","post","type-post","status-publish","format-status","has-post-thumbnail","hentry","category-graca","tag-arrependimento","tag-cristao","tag-evangelho","tag-reconciliacao","post_format-post-format-status"],"yoast_head":"<!-- This site is optimized with the Yoast SEO plugin v27.4 - https:\/\/yoast.com\/product\/yoast-seo-wordpress\/ -->\n<title>JESUS CRISTO - Minist\u00e9rio da Reconcilia\u00e7\u00e3o - Pr. Jonas Santana<\/title>\n<meta name=\"robots\" content=\"index, follow, max-snippet:-1, max-image-preview:large, max-video-preview:-1\" \/>\n<link rel=\"canonical\" href=\"https:\/\/www.andandonagraca.org\/site\/?p=67889\" \/>\n<meta property=\"og:locale\" content=\"pt_BR\" \/>\n<meta property=\"og:type\" content=\"article\" \/>\n<meta property=\"og:title\" content=\"JESUS CRISTO - Minist\u00e9rio da Reconcilia\u00e7\u00e3o - Pr. Jonas Santana\" \/>\n<meta property=\"og:description\" content=\"JESUS CRISTO: Segunda Pessoa da Trindade, o Eterno que entrou no tempo, o Infinito e Imenso que se\" \/>\n<meta property=\"og:url\" content=\"https:\/\/www.andandonagraca.org\/site\/?p=67889\" \/>\n<meta property=\"og:site_name\" content=\"Pr. Jonas Santana\" \/>\n<meta property=\"article:publisher\" content=\"https:\/\/www.facebook.com\/andandonagraca\" \/>\n<meta property=\"article:author\" content=\"https:\/\/www.facebook.com\/andandonagraca\" \/>\n<meta property=\"article:published_time\" content=\"2025-05-19T23:21:00+00:00\" \/>\n<meta property=\"og:image\" content=\"https:\/\/www.andandonagraca.org\/site\/wp-content\/uploads\/2025\/05\/reconciliacao.jpg\" \/>\n\t<meta property=\"og:image:width\" content=\"1280\" \/>\n\t<meta property=\"og:image:height\" content=\"720\" \/>\n\t<meta property=\"og:image:type\" content=\"image\/jpeg\" \/>\n<meta name=\"author\" content=\"Pr. Jonas Santana\" \/>\n<meta name=\"twitter:card\" content=\"summary_large_image\" \/>\n<meta name=\"twitter:label1\" content=\"Escrito por\" \/>\n\t<meta name=\"twitter:data1\" content=\"Pr. Jonas Santana\" \/>\n\t<meta name=\"twitter:label2\" content=\"Est. tempo de leitura\" \/>\n\t<meta name=\"twitter:data2\" content=\"7 minutos\" \/>\n<script type=\"application\/ld+json\" class=\"yoast-schema-graph\">{\"@context\":\"https:\\\/\\\/schema.org\",\"@graph\":[{\"@type\":\"Article\",\"@id\":\"https:\\\/\\\/www.andandonagraca.org\\\/site\\\/?p=67889#article\",\"isPartOf\":{\"@id\":\"https:\\\/\\\/www.andandonagraca.org\\\/site\\\/?p=67889\"},\"author\":{\"name\":\"Pr. Jonas Santana\",\"@id\":\"https:\\\/\\\/www.andandonagraca.org\\\/site\\\/#\\\/schema\\\/person\\\/225d0dedb572d4570a947397af2606ed\"},\"headline\":\"JESUS CRISTO &#8211; Minist\u00e9rio da Reconcilia\u00e7\u00e3o\",\"datePublished\":\"2025-05-19T23:21:00+00:00\",\"mainEntityOfPage\":{\"@id\":\"https:\\\/\\\/www.andandonagraca.org\\\/site\\\/?p=67889\"},\"wordCount\":1195,\"commentCount\":0,\"image\":{\"@id\":\"https:\\\/\\\/www.andandonagraca.org\\\/site\\\/?p=67889#primaryimage\"},\"thumbnailUrl\":\"https:\\\/\\\/www.andandonagraca.org\\\/site\\\/wp-content\\\/uploads\\\/2025\\\/05\\\/reconciliacao.jpg\",\"keywords\":[\"arrependimento\",\"crist\u00e3o\",\"evangelho\",\"reconcilia\u00e7\u00e3o\"],\"articleSection\":[\"Gra\u00e7a\"],\"inLanguage\":\"pt-BR\",\"potentialAction\":[{\"@type\":\"CommentAction\",\"name\":\"Comment\",\"target\":[\"https:\\\/\\\/www.andandonagraca.org\\\/site\\\/?p=67889#respond\"]}]},{\"@type\":\"WebPage\",\"@id\":\"https:\\\/\\\/www.andandonagraca.org\\\/site\\\/?p=67889\",\"url\":\"https:\\\/\\\/www.andandonagraca.org\\\/site\\\/?p=67889\",\"name\":\"JESUS CRISTO - Minist\u00e9rio da Reconcilia\u00e7\u00e3o - Pr. Jonas Santana\",\"isPartOf\":{\"@id\":\"https:\\\/\\\/www.andandonagraca.org\\\/site\\\/#website\"},\"primaryImageOfPage\":{\"@id\":\"https:\\\/\\\/www.andandonagraca.org\\\/site\\\/?p=67889#primaryimage\"},\"image\":{\"@id\":\"https:\\\/\\\/www.andandonagraca.org\\\/site\\\/?p=67889#primaryimage\"},\"thumbnailUrl\":\"https:\\\/\\\/www.andandonagraca.org\\\/site\\\/wp-content\\\/uploads\\\/2025\\\/05\\\/reconciliacao.jpg\",\"datePublished\":\"2025-05-19T23:21:00+00:00\",\"author\":{\"@id\":\"https:\\\/\\\/www.andandonagraca.org\\\/site\\\/#\\\/schema\\\/person\\\/225d0dedb572d4570a947397af2606ed\"},\"breadcrumb\":{\"@id\":\"https:\\\/\\\/www.andandonagraca.org\\\/site\\\/?p=67889#breadcrumb\"},\"inLanguage\":\"pt-BR\",\"potentialAction\":[{\"@type\":\"ReadAction\",\"target\":[\"https:\\\/\\\/www.andandonagraca.org\\\/site\\\/?p=67889\"]}]},{\"@type\":\"ImageObject\",\"inLanguage\":\"pt-BR\",\"@id\":\"https:\\\/\\\/www.andandonagraca.org\\\/site\\\/?p=67889#primaryimage\",\"url\":\"https:\\\/\\\/www.andandonagraca.org\\\/site\\\/wp-content\\\/uploads\\\/2025\\\/05\\\/reconciliacao.jpg\",\"contentUrl\":\"https:\\\/\\\/www.andandonagraca.org\\\/site\\\/wp-content\\\/uploads\\\/2025\\\/05\\\/reconciliacao.jpg\",\"width\":1280,\"height\":720},{\"@type\":\"BreadcrumbList\",\"@id\":\"https:\\\/\\\/www.andandonagraca.org\\\/site\\\/?p=67889#breadcrumb\",\"itemListElement\":[{\"@type\":\"ListItem\",\"position\":1,\"name\":\"In\u00edcio\",\"item\":\"https:\\\/\\\/www.andandonagraca.org\\\/site\"},{\"@type\":\"ListItem\",\"position\":2,\"name\":\"JESUS CRISTO &#8211; Minist\u00e9rio da Reconcilia\u00e7\u00e3o\"}]},{\"@type\":\"WebSite\",\"@id\":\"https:\\\/\\\/www.andandonagraca.org\\\/site\\\/#website\",\"url\":\"https:\\\/\\\/www.andandonagraca.org\\\/site\\\/\",\"name\":\"Pr. Jonas Santana\",\"description\":\"ANDANDO NA GRA\u00c7A - AEMSF\",\"potentialAction\":[{\"@type\":\"SearchAction\",\"target\":{\"@type\":\"EntryPoint\",\"urlTemplate\":\"https:\\\/\\\/www.andandonagraca.org\\\/site\\\/?s={search_term_string}\"},\"query-input\":{\"@type\":\"PropertyValueSpecification\",\"valueRequired\":true,\"valueName\":\"search_term_string\"}}],\"inLanguage\":\"pt-BR\"},{\"@type\":\"Person\",\"@id\":\"https:\\\/\\\/www.andandonagraca.org\\\/site\\\/#\\\/schema\\\/person\\\/225d0dedb572d4570a947397af2606ed\",\"name\":\"Pr. Jonas Santana\",\"image\":{\"@type\":\"ImageObject\",\"inLanguage\":\"pt-BR\",\"@id\":\"https:\\\/\\\/secure.gravatar.com\\\/avatar\\\/7f463b781f71522d52f2ff3dae3592f9f7b0e24187fc413b95cd3efa8429de28?s=96&d=mm&r=g\",\"url\":\"https:\\\/\\\/secure.gravatar.com\\\/avatar\\\/7f463b781f71522d52f2ff3dae3592f9f7b0e24187fc413b95cd3efa8429de28?s=96&d=mm&r=g\",\"contentUrl\":\"https:\\\/\\\/secure.gravatar.com\\\/avatar\\\/7f463b781f71522d52f2ff3dae3592f9f7b0e24187fc413b95cd3efa8429de28?s=96&d=mm&r=g\",\"caption\":\"Pr. Jonas Santana\"},\"description\":\"Pastor, pesquisador b\u00edblico, pregador do Evangelho do Reino A fidelidade requer que entreguemos o evangelho sob todos os \u00e2ngulos, sem omitir nada e sem exagerar em nada. Para isto requer-se muita sabedoria. Nosso desejo \u00e9 compartilhar a sabedoria do Reino de Deus a todos aqueles que o desejam de todo o cora\u00e7\u00e3o.\",\"sameAs\":[\"https:\\\/\\\/www.andandonagraca.org\",\"https:\\\/\\\/www.facebook.com\\\/andandonagraca\",\"https:\\\/\\\/www.instagram.com\\\/andandonagraca\\\/\",\"https:\\\/\\\/www.youtube.com\\\/@andandonagraca\",\"https:\\\/\\\/podcasters.spotify.com\\\/pod\\\/show\\\/andandonagraca\\\/\"],\"url\":\"https:\\\/\\\/www.andandonagraca.org\\\/site\\\/?author=1\"}]}<\/script>\n<!-- \/ Yoast SEO plugin. -->","yoast_head_json":{"title":"JESUS CRISTO - Minist\u00e9rio da Reconcilia\u00e7\u00e3o - Pr. Jonas Santana","robots":{"index":"index","follow":"follow","max-snippet":"max-snippet:-1","max-image-preview":"max-image-preview:large","max-video-preview":"max-video-preview:-1"},"canonical":"https:\/\/www.andandonagraca.org\/site\/?p=67889","og_locale":"pt_BR","og_type":"article","og_title":"JESUS CRISTO - Minist\u00e9rio da Reconcilia\u00e7\u00e3o - Pr. Jonas Santana","og_description":"JESUS CRISTO: Segunda Pessoa da Trindade, o Eterno que entrou no tempo, o Infinito e Imenso que se","og_url":"https:\/\/www.andandonagraca.org\/site\/?p=67889","og_site_name":"Pr. Jonas Santana","article_publisher":"https:\/\/www.facebook.com\/andandonagraca","article_author":"https:\/\/www.facebook.com\/andandonagraca","article_published_time":"2025-05-19T23:21:00+00:00","og_image":[{"width":1280,"height":720,"url":"https:\/\/www.andandonagraca.org\/site\/wp-content\/uploads\/2025\/05\/reconciliacao.jpg","type":"image\/jpeg"}],"author":"Pr. Jonas Santana","twitter_card":"summary_large_image","twitter_misc":{"Escrito por":"Pr. Jonas Santana","Est. tempo de leitura":"7 minutos"},"schema":{"@context":"https:\/\/schema.org","@graph":[{"@type":"Article","@id":"https:\/\/www.andandonagraca.org\/site\/?p=67889#article","isPartOf":{"@id":"https:\/\/www.andandonagraca.org\/site\/?p=67889"},"author":{"name":"Pr. Jonas Santana","@id":"https:\/\/www.andandonagraca.org\/site\/#\/schema\/person\/225d0dedb572d4570a947397af2606ed"},"headline":"JESUS CRISTO &#8211; Minist\u00e9rio da Reconcilia\u00e7\u00e3o","datePublished":"2025-05-19T23:21:00+00:00","mainEntityOfPage":{"@id":"https:\/\/www.andandonagraca.org\/site\/?p=67889"},"wordCount":1195,"commentCount":0,"image":{"@id":"https:\/\/www.andandonagraca.org\/site\/?p=67889#primaryimage"},"thumbnailUrl":"https:\/\/www.andandonagraca.org\/site\/wp-content\/uploads\/2025\/05\/reconciliacao.jpg","keywords":["arrependimento","crist\u00e3o","evangelho","reconcilia\u00e7\u00e3o"],"articleSection":["Gra\u00e7a"],"inLanguage":"pt-BR","potentialAction":[{"@type":"CommentAction","name":"Comment","target":["https:\/\/www.andandonagraca.org\/site\/?p=67889#respond"]}]},{"@type":"WebPage","@id":"https:\/\/www.andandonagraca.org\/site\/?p=67889","url":"https:\/\/www.andandonagraca.org\/site\/?p=67889","name":"JESUS CRISTO - Minist\u00e9rio da Reconcilia\u00e7\u00e3o - Pr. Jonas Santana","isPartOf":{"@id":"https:\/\/www.andandonagraca.org\/site\/#website"},"primaryImageOfPage":{"@id":"https:\/\/www.andandonagraca.org\/site\/?p=67889#primaryimage"},"image":{"@id":"https:\/\/www.andandonagraca.org\/site\/?p=67889#primaryimage"},"thumbnailUrl":"https:\/\/www.andandonagraca.org\/site\/wp-content\/uploads\/2025\/05\/reconciliacao.jpg","datePublished":"2025-05-19T23:21:00+00:00","author":{"@id":"https:\/\/www.andandonagraca.org\/site\/#\/schema\/person\/225d0dedb572d4570a947397af2606ed"},"breadcrumb":{"@id":"https:\/\/www.andandonagraca.org\/site\/?p=67889#breadcrumb"},"inLanguage":"pt-BR","potentialAction":[{"@type":"ReadAction","target":["https:\/\/www.andandonagraca.org\/site\/?p=67889"]}]},{"@type":"ImageObject","inLanguage":"pt-BR","@id":"https:\/\/www.andandonagraca.org\/site\/?p=67889#primaryimage","url":"https:\/\/www.andandonagraca.org\/site\/wp-content\/uploads\/2025\/05\/reconciliacao.jpg","contentUrl":"https:\/\/www.andandonagraca.org\/site\/wp-content\/uploads\/2025\/05\/reconciliacao.jpg","width":1280,"height":720},{"@type":"BreadcrumbList","@id":"https:\/\/www.andandonagraca.org\/site\/?p=67889#breadcrumb","itemListElement":[{"@type":"ListItem","position":1,"name":"In\u00edcio","item":"https:\/\/www.andandonagraca.org\/site"},{"@type":"ListItem","position":2,"name":"JESUS CRISTO &#8211; Minist\u00e9rio da Reconcilia\u00e7\u00e3o"}]},{"@type":"WebSite","@id":"https:\/\/www.andandonagraca.org\/site\/#website","url":"https:\/\/www.andandonagraca.org\/site\/","name":"Pr. Jonas Santana","description":"ANDANDO NA GRA\u00c7A - AEMSF","potentialAction":[{"@type":"SearchAction","target":{"@type":"EntryPoint","urlTemplate":"https:\/\/www.andandonagraca.org\/site\/?s={search_term_string}"},"query-input":{"@type":"PropertyValueSpecification","valueRequired":true,"valueName":"search_term_string"}}],"inLanguage":"pt-BR"},{"@type":"Person","@id":"https:\/\/www.andandonagraca.org\/site\/#\/schema\/person\/225d0dedb572d4570a947397af2606ed","name":"Pr. Jonas Santana","image":{"@type":"ImageObject","inLanguage":"pt-BR","@id":"https:\/\/secure.gravatar.com\/avatar\/7f463b781f71522d52f2ff3dae3592f9f7b0e24187fc413b95cd3efa8429de28?s=96&d=mm&r=g","url":"https:\/\/secure.gravatar.com\/avatar\/7f463b781f71522d52f2ff3dae3592f9f7b0e24187fc413b95cd3efa8429de28?s=96&d=mm&r=g","contentUrl":"https:\/\/secure.gravatar.com\/avatar\/7f463b781f71522d52f2ff3dae3592f9f7b0e24187fc413b95cd3efa8429de28?s=96&d=mm&r=g","caption":"Pr. Jonas Santana"},"description":"Pastor, pesquisador b\u00edblico, pregador do Evangelho do Reino A fidelidade requer que entreguemos o evangelho sob todos os \u00e2ngulos, sem omitir nada e sem exagerar em nada. Para isto requer-se muita sabedoria. Nosso desejo \u00e9 compartilhar a sabedoria do Reino de Deus a todos aqueles que o desejam de todo o cora\u00e7\u00e3o.","sameAs":["https:\/\/www.andandonagraca.org","https:\/\/www.facebook.com\/andandonagraca","https:\/\/www.instagram.com\/andandonagraca\/","https:\/\/www.youtube.com\/@andandonagraca","https:\/\/podcasters.spotify.com\/pod\/show\/andandonagraca\/"],"url":"https:\/\/www.andandonagraca.org\/site\/?author=1"}]}},"_links":{"self":[{"href":"https:\/\/www.andandonagraca.org\/site\/index.php?rest_route=\/wp\/v2\/posts\/67889","targetHints":{"allow":["GET"]}}],"collection":[{"href":"https:\/\/www.andandonagraca.org\/site\/index.php?rest_route=\/wp\/v2\/posts"}],"about":[{"href":"https:\/\/www.andandonagraca.org\/site\/index.php?rest_route=\/wp\/v2\/types\/post"}],"author":[{"embeddable":true,"href":"https:\/\/www.andandonagraca.org\/site\/index.php?rest_route=\/wp\/v2\/users\/1"}],"replies":[{"embeddable":true,"href":"https:\/\/www.andandonagraca.org\/site\/index.php?rest_route=%2Fwp%2Fv2%2Fcomments&post=67889"}],"version-history":[{"count":1,"href":"https:\/\/www.andandonagraca.org\/site\/index.php?rest_route=\/wp\/v2\/posts\/67889\/revisions"}],"predecessor-version":[{"id":67891,"href":"https:\/\/www.andandonagraca.org\/site\/index.php?rest_route=\/wp\/v2\/posts\/67889\/revisions\/67891"}],"wp:featuredmedia":[{"embeddable":true,"href":"https:\/\/www.andandonagraca.org\/site\/index.php?rest_route=\/wp\/v2\/media\/67890"}],"wp:attachment":[{"href":"https:\/\/www.andandonagraca.org\/site\/index.php?rest_route=%2Fwp%2Fv2%2Fmedia&parent=67889"}],"wp:term":[{"taxonomy":"category","embeddable":true,"href":"https:\/\/www.andandonagraca.org\/site\/index.php?rest_route=%2Fwp%2Fv2%2Fcategories&post=67889"},{"taxonomy":"post_tag","embeddable":true,"href":"https:\/\/www.andandonagraca.org\/site\/index.php?rest_route=%2Fwp%2Fv2%2Ftags&post=67889"}],"curies":[{"name":"wp","href":"https:\/\/api.w.org\/{rel}","templated":true}]}}