{"id":718,"date":"2011-04-04T16:20:30","date_gmt":"2011-04-04T18:20:30","guid":{"rendered":"https:\/\/www.afimdeproclamar.com\/site\/?p=718"},"modified":"2021-02-10T10:05:02","modified_gmt":"2021-02-10T13:05:02","slug":"para-que-eles-sejam-perfeitos-em-unidade","status":"publish","type":"post","link":"https:\/\/www.andandonagraca.org\/site\/?p=718","title":{"rendered":"SEJAMOS PERFEITOS EM UNIDADE!"},"content":{"rendered":"<p style=\"text-align: justify;\">Jesus fez esta ora\u00e7\u00e3o por todos os seus disc\u00edpulos, por todos os que s\u00e3o a Igreja. O prop\u00f3sito eterno de Deus \u00e9 ter uma grande fam\u00edlia com muitos filhos semelhantes a Jesus e o prop\u00f3sito de sermos um \u00e9 para que o mundo creia que Ele, sendo filho de Deus, foi enviado por Deus para dar a sua vida para que todo aquele que Nele crer n\u00e3o pere\u00e7a, mas tenha a vida eterna.<\/p>\n<p style=\"text-align: justify;\">Jo\u00e3o 17:20-23 &#8211; <em>Eu n\u00e3o rogo somente por estes, mas tamb\u00e9m por aqueles que, pela sua palavra, h\u00e3o de crer em mim; para que todos sejam um, como tu, \u00f3 Pai, o \u00e9s em mim, e eu, em ti; que tamb\u00e9m eles sejam um em n\u00f3s, para que o mundo creia que tu me enviaste. E eu dei-lhes a gl\u00f3ria que a mim me deste, para que sejam um, como n\u00f3s somos um. Eu neles, e tu em mim, para que eles sejam perfeitos em unidade, e para que o mundo conhe\u00e7a que tu me enviaste a mim e que tens amado a eles como me tens amado a mim.<\/em><\/p>\n<p style=\"text-align: justify;\">Jesus escolheu doze disc\u00edpulos: pessoas com personalidades, temperamentos, vis\u00f5es, n\u00edvel de f\u00e9 e forma\u00e7\u00f5es completamente diferentes entre si. Os chamou e os treinou, depois disso os enviou para pregar o evangelho, curar os enfermos e expulsar os dem\u00f4nios, ordenando que ap\u00f3s a Sua partida ficassem esperando pelo cumprimento da promessa acerca da vinda do Esp\u00edrito Santo, O qual traria a capacita\u00e7\u00e3o final para a obra do minist\u00e9rio.<\/p>\n<p style=\"text-align: justify;\">Depois da vinda do Esp\u00edrito Santo sobre os doze disc\u00edpulos e sobre todos os outros que creram em Jesus Cristo, segundo a Palavra cerca de 120 pessoas (Atos 1:15) &#8211; Interessante que Jesus, depois de sua ressurrei\u00e7\u00e3o, foi visto por mais de 500 irm\u00e3os (I Cor\u00edntios 15:6), mas somente 120 esperaram em Jerusal\u00e9m conforme a ordem de Jesus \u2013 se deu in\u00edcio a Igreja, sob a lideran\u00e7a dos ap\u00f3stolos. Mesmo depois que o Evangelho foi espalhado a Igreja continuou sendo uma sob a mesma lideran\u00e7a, ainda que fossem institu\u00eddos os pastores, os bispos em cada cidade. Tanto que as cartas eram sempre enviadas \u00e0 Igreja da cidade, n\u00e3o importando quantas congrega\u00e7\u00f5es houvessem.<\/p>\n<p style=\"text-align: justify;\">O Ap\u00f3stolo Paulo, que foi chamado por Deus algum tempo depois e que tamb\u00e9m se tornou l\u00edder da Igreja, sendo o maior anunciador do Evangelho naquela \u00e9poca, tamb\u00e9m prestou contas \u00e0 lideran\u00e7a da Igreja que estava em Jerusal\u00e9m, confirmando sua declara\u00e7\u00e3o aos Ef\u00e9sios de que n\u00e3o existem v\u00e1rias igrejas.<\/p>\n<p style=\"text-align: justify;\">Ef\u00e9sios 4:1-6 (grifo meu)<\/p>\n<p style=\"text-align: justify;\"><em>Rogo-vos, pois, eu, o preso do Senhor, que andeis como \u00e9 digno da voca\u00e7\u00e3o com que fostes chamados, com toda a humildade e mansid\u00e3o, com longanimidade, suportando-vos uns aos outros em amor, <u>procurando guardar a unidade do Esp\u00edrito pelo v\u00ednculo da paz<\/u>: <u>h\u00e1 um s\u00f3 corpo e um s\u00f3 Esp\u00edrito<\/u>, como tamb\u00e9m fostes chamados em <u>uma s\u00f3 esperan\u00e7a<\/u> da vossa voca\u00e7\u00e3o; <u>um s\u00f3 Senhor<\/u>, <u>uma s\u00f3 f\u00e9<\/u>, <u>um s\u00f3 batismo<\/u>; <u>um s\u00f3 Deus e Pai de todos<\/u>, o qual \u00e9 sobre todos, e por todos, e em todos.<\/em><\/p>\n<p style=\"text-align: justify;\">N\u00e3o existem v\u00e1rias Igrejas do Senhor Jesus, apenas uma, um s\u00f3 corpo. Chega a ser compreens\u00edvel \u00e0 dificuldade que as pessoas t\u00eam em crer no evangelho diante de tanta separa\u00e7\u00e3o \u2013 muitas denomina\u00e7\u00f5es j\u00e1 existem e novas s\u00e3o criadas quase todos os dias. Se ainda houvesse tantas denomina\u00e7\u00f5es, mas se fosse levado em conta o fator principal que o cumprimento do ide de Jesus Cristo.<\/p>\n<p style=\"text-align: justify;\">Mais do que nunca a Igreja precisa mostrar isso ao mundo: que somos um, perfeitos em unidade, somos um s\u00f3 corpo, temos paz uns com os outros, temos uma s\u00f3 f\u00e9, temos a mesma esperan\u00e7a e acima de tudo temos um s\u00f3 Senhor para que o mundo creia em Jesus.<\/p>\n<p style=\"text-align: justify;\">Creio que precisamos entender melhor o que \u00e9 unidade, o que \u00e9 ser um.<\/p>\n<p style=\"text-align: justify;\">A B\u00edblia diz que somos um s\u00f3 corpo, o corpo tem muitos membros, cada membro tem a sua fun\u00e7\u00e3o, mas cada um individualmente trabalha em conjunto com os outros membros para o perfeito funcionamento do corpo e todos se entendem perfeitamente. Mesmo sendo muitos membros todos se completam formando o corpo (Leia com muita aten\u00e7\u00e3o I Cor\u00edntios 12:11-31).<\/p>\n<p style=\"text-align: justify;\">Quando um dos membros ou c\u00e9lula do corpo se rebela \u00e9 provocado uma doen\u00e7a maligna chamada c\u00e2ncer. Essa doen\u00e7a \u00e9 t\u00e3o terr\u00edvel que em muitos casos n\u00e3o tem cura levando esse corpo \u00e0 morte, em outros casos ela extermina o membro doente, dependendo do membro \u00e9 necess\u00e1ria a extra\u00e7\u00e3o, em outros casos, se for poss\u00edvel, substitu\u00eddo por um transplante. Tudo come\u00e7a por uma rebeli\u00e3o de uma c\u00e9lula ou membro e se n\u00e3o for percebido a tempo e extirpado poder\u00e1 levar a morte.<\/p>\n<p style=\"text-align: justify;\">Essa tem sido uma das \u00faltimas estrat\u00e9gias de satan\u00e1s para com a Igreja: provocar rebeli\u00e3o entre os membros ou c\u00e9lulas do corpo de Cristo e as armas mais eficazes tem sido o orgulho e a vaidade. Orgulho e vaidade encheram o cora\u00e7\u00e3o de L\u00facifer antes de sua queda, o qual provocou uma rebeli\u00e3o no c\u00e9u trazendo um ter\u00e7o dos anjos consigo. Ent\u00e3o n\u00e3o digam que essa estrat\u00e9gia n\u00e3o \u00e9 eficaz. E como \u00e9 t\u00e3o eficaz continua sendo usada contra os crist\u00e3os, infelizmente, levando muitos a morte e tamb\u00e9m escandalizando outros tantos.<\/p>\n<p style=\"text-align: justify;\">No princ\u00edpio da Igreja, crist\u00e3os foram torturados e mortos, iniciando com Estev\u00e3o foram cometidas as maiores barb\u00e1ries na tentativa de impedir o avan\u00e7o do Evangelho. Ao longo desses dois mil anos de exist\u00eancia da Igreja a hist\u00f3ria nos conta quantas afrontas foram feitas. A inquisi\u00e7\u00e3o da igreja cat\u00f3lica aniquilou muitos crist\u00e3os tamb\u00e9m. Em outras \u00e9pocas B\u00edblias foram queimadas, o comunismo matou e ainda mata milh\u00f5es de crist\u00e3os (dizem que cerca de 100 milh\u00f5es de pessoas foram mortas pelo comunismo). Em outros pa\u00edses, crist\u00e3os s\u00e3o chamados de xen\u00f3fobos, homof\u00f3bicos, fundamentalistas, numa tentativa de silenciamento para que a verdade do Evangelho n\u00e3o seja anunciada. H\u00e1 pa\u00edses isl\u00e2micos que o simples pronunciamento do nome de Jesus Cristo \u00e9 motivo de condena\u00e7\u00e3o e se houver a convers\u00e3o \u00e9 motivo para a morte.<\/p>\n<p style=\"text-align: justify;\">Qual o objetivo disso? Est\u00e1 claro: erradicar a Igreja da face da terra. Acabando com a oposi\u00e7\u00e3o ao pecado para que satan\u00e1s possa completar sua destrui\u00e7\u00e3o de todos os seres humanos.\u00a0 \u00c9 uma guerra frontal contra Igreja do Senhor Jesus Cristo.<\/p>\n<p style=\"text-align: justify;\">A Igreja do Senhor Jesus Cristo \u00e9 indestrut\u00edvel, incorrupt\u00edvel e as portas do inferno jamais prevalecer\u00e3o contra Ela.<\/p>\n<p style=\"text-align: justify;\">II Cor\u00edntios 4:7-10<\/p>\n<p style=\"text-align: justify;\"><em>Temos, por\u00e9m, esse tesouro em vasos de barro, para que a excel\u00eancia do poder seja de Deus e n\u00e3o de n\u00f3s. Em tudo somos atribulados, mas n\u00e3o angustiados; perplexos, mas n\u00e3o desanimados; perseguidos, mas n\u00e3o desamparados; abatidos, mas n\u00e3o destru\u00eddos; trazendo sempre por toda parte a mortifica\u00e7\u00e3o do Senhor Jesus no nosso corpo, para que a vida de Jesus se manifeste tamb\u00e9m em nossos corpos. <\/em><\/p>\n<p style=\"text-align: justify;\">Muitos afirmam que as denomina\u00e7\u00f5es s\u00e3o necess\u00e1rias. E podemos at\u00e9 compreender que como um corpo tem muitos membros com fun\u00e7\u00f5es espec\u00edficas, assim tamb\u00e9m as denomina\u00e7\u00f5es podem contribuir para o funcionamento da Igreja.<\/p>\n<p style=\"text-align: justify;\">No entanto os membros do corpo n\u00e3o s\u00e3o o corpo completo e \u00e9 a\u00ed que est\u00e1 o problema, porque muitas denomina\u00e7\u00f5es pensam que s\u00e3o todo o corpo e que n\u00e3o precisam de mais ningu\u00e9m, ora a\u00ed est\u00e1 a rebeli\u00e3o.<\/p>\n<p style=\"text-align: justify;\">As c\u00e9lulas se dividem para multiplica\u00e7\u00e3o, para fazer com o que o corpo cres\u00e7a e se mantenha saud\u00e1vel, mas quando a c\u00e9lula se divide e quer permanecer sozinha ela precisa ser extirpada do corpo para que n\u00e3o provoque um c\u00e2ncer como vimos anteriormente. Um corpo precisa de todos os seus membros para funcionar perfeitamente, podemos entender assim as denomina\u00e7\u00f5es: os rins, os intestinos, o cora\u00e7\u00e3o, o f\u00edgado, os p\u00e9s, as m\u00e3os, e assim por diante cada um tem a sua fun\u00e7\u00e3o, mas todos trabalham para um mesmo fim.<\/p>\n<p style=\"text-align: justify;\">Quando a Igreja foi institu\u00edda foram criados tamb\u00e9m os minist\u00e9rios para que ela pudesse crescer e para que seus membros fossem aperfei\u00e7oados. Ler Ef\u00e9sios 4:11-16.<\/p>\n<p style=\"text-align: justify;\"><em>Foi ele quem deu estes dons \u00e0 igreja: os ap\u00f3stolos, os profetas, os evangelistas, os pastores e os ensinadores. A responsabilidade deles \u00e9 o aperfei\u00e7oamento dos crentes para fazerem o trabalho de Deus e edificar a igreja, o corpo de Cristo,\u00a0at\u00e9 que assim todos cheguemos \u00e0 unidade da f\u00e9, e ao pleno conhecimento do Filho de Deus, atingindo a maturidade completa conforme o modelo da pessoa de Cristo!<\/em><\/p>\n<p style=\"text-align: justify;\"><em>Ent\u00e3o n\u00e3o seremos mais como crian\u00e7as inst\u00e1veis, variando com facilidade de ideias e de sentimentos, influenciados pelos ventos de doutrinas v\u00e1rias que nos empurram ora para um lado ora para o outro, ao sabor de pessoas sem escr\u00fapulos que astuciosamente procuram arrastar as almas para o erro.<\/em><\/p>\n<p style=\"text-align: justify;\"><em>Em vez disso, seguindo a verdade em amor, que possamos crescer, em todos os aspectos da nossa vida, segundo Cristo, que \u00e9 a cabe\u00e7a da igreja.<br \/>\nSob a sua orienta\u00e7\u00e3o, o corpo inteiro \u00e9 perfeitamente ligado entre si. \u00c0 medida que cada parte faz o seu trabalho espec\u00edfico, isso ajudar\u00e1 as outras partes a crescer, para que todo o corpo seja saud\u00e1vel e edificado em amor.<\/em><\/p>\n<p style=\"text-align: justify;\">Vejamos: Jesus Cristo, o cabe\u00e7a da Igreja, instituiu todos os minist\u00e9rios para o aperfei\u00e7oamento dos santos e n\u00e3o para membros dessa ou daquela denomina\u00e7\u00e3o.<\/p>\n<p style=\"text-align: justify;\">Quando observamos o funcionamento do corpo vemos que cada um executa a sua fun\u00e7\u00e3o e \u00e9 estranho para os rins o funcionamento do est\u00f4mago, como \u00e9 estranho aos intestinos o funcionamento da bexiga, mas todos cooperam para o bem do corpo e ainda que tenham fun\u00e7\u00f5es diferentes trabalham em unidade e em conjunto para o mesmo fim.<\/p>\n<p style=\"text-align: justify;\">Assim \u00e9 o Corpo de Cristo, somos muitos membros e como Paulo declarou: <em>&#8211; E, se todos fossem um s\u00f3 membro, onde estaria o corpo?<\/em><\/p>\n<p style=\"text-align: justify;\">E ainda declarou o seguinte: <em>&#8211; para que n\u00e3o haja divis\u00e3o no corpo, mas, antes, tenham os membros igual cuidado uns dos outros. De maneira que, se um membro padece, todos os membros padecem com ele; e, se um membro \u00e9 honrado, todos os membros se regozijam com ele. Ora, v\u00f3s sois o corpo de Cristo e seus membros em particular.<\/em> (I Cor\u00edntios 12:19,25-27)<\/p>\n<p style=\"text-align: justify;\">E n\u00e3o \u00e9 assim em nosso corpo? Se um membro, mesmo que seja a ponta do dedo, estiver doente todo o corpo sofrer\u00e1. Um dente \u00e9 t\u00e3o pequeno, mas quando d\u00f3i todo o corpo padece. O Corpo de Cristo deve ser assim tamb\u00e9m, mas as barreiras denominacionais impedem isso.<\/p>\n<p style=\"text-align: justify;\">Ap\u00f3stolos, profetas, pastores, mestres, evangelistas, milagres, dons de curar, socorros, governos, variedades de l\u00ednguas n\u00e3o s\u00e3o exclusivos da denomina\u00e7\u00e3o A, B, C ou D. Existem para o aperfei\u00e7oamento e para o bom funcionamento de toda a Igreja. Existem para a implanta\u00e7\u00e3o do Reino de Deus nesta terra. Existem para unir e fazer funcionar a unidade do Corpo de Cristo e para evitar que a apostasia, a heresia, as falsas doutrinas sejam propagadas e se instalem no meio da Igreja. Existem para fazer funcionar e para defender a Igreja.<\/p>\n<p style=\"text-align: justify;\">Vejo homens de Deus trazendo corre\u00e7\u00e3o a Igreja, falando pelo Esp\u00edrito Santo. Vejo outros defendendo a causa de Cristo com toda a for\u00e7a, se expondo ao vitup\u00e9rio. Outros colocam em risco sua vida para levar o Evangelho a lugares sob forte persegui\u00e7\u00e3o. Infelizmente tamb\u00e9m vejo indiferen\u00e7a por parte de outros, vejo legalismo, hipocrisia, enriquecimento il\u00edcito, disparates (como o \u201cpastor\u201d americano que queimou o alcor\u00e3o), e tamb\u00e9m muitos que se fizeram passar como tendo minist\u00e9rio causando grandes estragos. Tamb\u00e9m h\u00e1 os que mesmo se dizendo irm\u00e3os n\u00e3o podemos sequer comer com eles, conforme I Cor\u00edntios 5:11 &#8211; <em>Mas, agora, escrevi que n\u00e3o vos associeis com aquele que, dizendo-se irm\u00e3o, for devasso, ou avarento, ou id\u00f3latra, ou maldizente, ou beberr\u00e3o, ou roubador; com o tal nem ainda comais.<\/em><\/p>\n<p style=\"text-align: justify;\">Assim como o corpo possui defesas em seu organismo, assim tamb\u00e9m o Corpo de Cristo possui as suas defesas. Os intercessores s\u00e3o aqueles que defendem a Igreja, 24 horas por dia, 7 dias por semana. Assim esses intercessores precisam levantar os bra\u00e7os de todos os homens de Deus. \u00c9 preciso lembrar que um far\u00e1 fugir mil, mas dois far\u00e3o fugir dez mil (Deuteron\u00f4mio 32:30).<\/p>\n<p style=\"text-align: justify;\">Jesus colocou esses minist\u00e9rios para o aperfei\u00e7oamento da Igreja e todo o prop\u00f3sito estabelecido por Deus se cumprir\u00e1 por completo e esse Evangelho do Reino ser\u00e1 pregado em testemunho a todas as gentes e ent\u00e3o vir\u00e1 o fim (Mateus 24:14).<\/p>\n<p style=\"text-align: justify;\">A realidade e que todos n\u00f3s crist\u00e3os, pertencentes \u00e0 Igreja de Cristo, ainda que pertencentes a uma denomina\u00e7\u00e3o, devemos colocar a denomina\u00e7\u00e3o abaixo, romper barreiras e derrubar paredes de separa\u00e7\u00e3o para que o papel da Igreja nessa terra seja cumprido.<\/p>\n<p style=\"text-align: justify;\">A ora\u00e7\u00e3o de Jesus Cristo de Jo\u00e3o Cap\u00edtulo 17 tem sido a ora\u00e7\u00e3o de muitos e o nosso desejo \u00e9 ver acima de tudo e de qualquer denomina\u00e7\u00e3o, acima de qualquer barreira o Reino de Deus implantado nessa terra.<\/p>\n<p style=\"text-align: justify;\">I Cor\u00edntios 1:10<\/p>\n<p style=\"text-align: justify;\"><em>&#8211;\u00a0Rogo-vos, por\u00e9m, irm\u00e3os, pelo nome de nosso Senhor Jesus Cristo, que digais todos uma mesma coisa e que n\u00e3o haja entre v\u00f3s dissens\u00f5es; antes, sejais unidos, em um mesmo sentido e em um mesmo parecer.<\/em><\/p>\n<p style=\"text-align: justify;\">A Ele seja a gl\u00f3ria!<\/p>\n<p style=\"text-align: justify;\">Por: Pastor Jonas Santana<\/p>\n<p style=\"text-align: justify;\">\n","protected":false},"excerpt":{"rendered":"<p>Jesus fez esta ora\u00e7\u00e3o por todos os seus disc\u00edpulos, por todos os que s\u00e3o a Igreja. O prop\u00f3sito<\/p>\n","protected":false},"author":1,"featured_media":66959,"comment_status":"open","ping_status":"open","sticky":false,"template":"","format":"standard","meta":{"footnotes":""},"categories":[8],"tags":[34],"class_list":["post-718","post","type-post","status-publish","format-standard","has-post-thumbnail","hentry","category-lideranca","tag-reconciliacao"],"yoast_head":"<!-- This site is optimized with the Yoast SEO plugin v27.5 - https:\/\/yoast.com\/product\/yoast-seo-wordpress\/ -->\n<title>SEJAMOS PERFEITOS EM UNIDADE! - Pr. Jonas Santana<\/title>\n<meta name=\"robots\" content=\"index, follow, max-snippet:-1, max-image-preview:large, max-video-preview:-1\" \/>\n<link rel=\"canonical\" href=\"https:\/\/www.andandonagraca.org\/site\/?p=718\" \/>\n<meta property=\"og:locale\" content=\"pt_BR\" \/>\n<meta property=\"og:type\" content=\"article\" \/>\n<meta property=\"og:title\" content=\"SEJAMOS PERFEITOS EM UNIDADE! - Pr. Jonas Santana\" \/>\n<meta property=\"og:description\" content=\"Jesus fez esta ora\u00e7\u00e3o por todos os seus disc\u00edpulos, por todos os que s\u00e3o a Igreja. O prop\u00f3sito\" \/>\n<meta property=\"og:url\" content=\"https:\/\/www.andandonagraca.org\/site\/?p=718\" \/>\n<meta property=\"og:site_name\" content=\"Pr. Jonas Santana\" \/>\n<meta property=\"article:publisher\" content=\"https:\/\/www.facebook.com\/andandonagraca\" \/>\n<meta property=\"article:author\" content=\"https:\/\/www.facebook.com\/andandonagraca\" \/>\n<meta property=\"article:published_time\" content=\"2011-04-04T18:20:30+00:00\" \/>\n<meta property=\"article:modified_time\" content=\"2021-02-10T13:05:02+00:00\" \/>\n<meta property=\"og:image\" content=\"https:\/\/www.andandonagraca.org\/site\/wp-content\/uploads\/1998\/08\/teamwork-hands.jpg\" \/>\n\t<meta property=\"og:image:width\" content=\"1000\" \/>\n\t<meta property=\"og:image:height\" content=\"671\" \/>\n\t<meta property=\"og:image:type\" content=\"image\/jpeg\" \/>\n<meta name=\"author\" content=\"Pr. Jonas Santana\" \/>\n<meta name=\"twitter:card\" content=\"summary_large_image\" \/>\n<meta name=\"twitter:label1\" content=\"Escrito por\" \/>\n\t<meta name=\"twitter:data1\" content=\"Pr. Jonas Santana\" \/>\n\t<meta name=\"twitter:label2\" content=\"Est. tempo de leitura\" \/>\n\t<meta name=\"twitter:data2\" content=\"12 minutos\" \/>\n<script type=\"application\/ld+json\" class=\"yoast-schema-graph\">{\"@context\":\"https:\\\/\\\/schema.org\",\"@graph\":[{\"@type\":\"Article\",\"@id\":\"https:\\\/\\\/www.andandonagraca.org\\\/site\\\/?p=718#article\",\"isPartOf\":{\"@id\":\"https:\\\/\\\/www.andandonagraca.org\\\/site\\\/?p=718\"},\"author\":{\"name\":\"Pr. Jonas Santana\",\"@id\":\"https:\\\/\\\/www.andandonagraca.org\\\/site\\\/#\\\/schema\\\/person\\\/225d0dedb572d4570a947397af2606ed\"},\"headline\":\"SEJAMOS PERFEITOS EM UNIDADE!\",\"datePublished\":\"2011-04-04T18:20:30+00:00\",\"dateModified\":\"2021-02-10T13:05:02+00:00\",\"mainEntityOfPage\":{\"@id\":\"https:\\\/\\\/www.andandonagraca.org\\\/site\\\/?p=718\"},\"wordCount\":2358,\"commentCount\":0,\"image\":{\"@id\":\"https:\\\/\\\/www.andandonagraca.org\\\/site\\\/?p=718#primaryimage\"},\"thumbnailUrl\":\"https:\\\/\\\/www.andandonagraca.org\\\/site\\\/wp-content\\\/uploads\\\/1998\\\/08\\\/teamwork-hands.jpg\",\"keywords\":[\"reconcilia\u00e7\u00e3o\"],\"articleSection\":[\"An\u00e1lise da Igreja Moderna &amp; sua Lideran\u00e7a\"],\"inLanguage\":\"pt-BR\",\"potentialAction\":[{\"@type\":\"CommentAction\",\"name\":\"Comment\",\"target\":[\"https:\\\/\\\/www.andandonagraca.org\\\/site\\\/?p=718#respond\"]}]},{\"@type\":\"WebPage\",\"@id\":\"https:\\\/\\\/www.andandonagraca.org\\\/site\\\/?p=718\",\"url\":\"https:\\\/\\\/www.andandonagraca.org\\\/site\\\/?p=718\",\"name\":\"SEJAMOS PERFEITOS EM UNIDADE! - Pr. Jonas Santana\",\"isPartOf\":{\"@id\":\"https:\\\/\\\/www.andandonagraca.org\\\/site\\\/#website\"},\"primaryImageOfPage\":{\"@id\":\"https:\\\/\\\/www.andandonagraca.org\\\/site\\\/?p=718#primaryimage\"},\"image\":{\"@id\":\"https:\\\/\\\/www.andandonagraca.org\\\/site\\\/?p=718#primaryimage\"},\"thumbnailUrl\":\"https:\\\/\\\/www.andandonagraca.org\\\/site\\\/wp-content\\\/uploads\\\/1998\\\/08\\\/teamwork-hands.jpg\",\"datePublished\":\"2011-04-04T18:20:30+00:00\",\"dateModified\":\"2021-02-10T13:05:02+00:00\",\"author\":{\"@id\":\"https:\\\/\\\/www.andandonagraca.org\\\/site\\\/#\\\/schema\\\/person\\\/225d0dedb572d4570a947397af2606ed\"},\"breadcrumb\":{\"@id\":\"https:\\\/\\\/www.andandonagraca.org\\\/site\\\/?p=718#breadcrumb\"},\"inLanguage\":\"pt-BR\",\"potentialAction\":[{\"@type\":\"ReadAction\",\"target\":[\"https:\\\/\\\/www.andandonagraca.org\\\/site\\\/?p=718\"]}]},{\"@type\":\"ImageObject\",\"inLanguage\":\"pt-BR\",\"@id\":\"https:\\\/\\\/www.andandonagraca.org\\\/site\\\/?p=718#primaryimage\",\"url\":\"https:\\\/\\\/www.andandonagraca.org\\\/site\\\/wp-content\\\/uploads\\\/1998\\\/08\\\/teamwork-hands.jpg\",\"contentUrl\":\"https:\\\/\\\/www.andandonagraca.org\\\/site\\\/wp-content\\\/uploads\\\/1998\\\/08\\\/teamwork-hands.jpg\",\"width\":1000,\"height\":671,\"caption\":\"High angle view of multiethnic college students stacking hands in classroom\"},{\"@type\":\"BreadcrumbList\",\"@id\":\"https:\\\/\\\/www.andandonagraca.org\\\/site\\\/?p=718#breadcrumb\",\"itemListElement\":[{\"@type\":\"ListItem\",\"position\":1,\"name\":\"In\u00edcio\",\"item\":\"https:\\\/\\\/www.andandonagraca.org\\\/site\"},{\"@type\":\"ListItem\",\"position\":2,\"name\":\"SEJAMOS PERFEITOS EM UNIDADE!\"}]},{\"@type\":\"WebSite\",\"@id\":\"https:\\\/\\\/www.andandonagraca.org\\\/site\\\/#website\",\"url\":\"https:\\\/\\\/www.andandonagraca.org\\\/site\\\/\",\"name\":\"Pr. Jonas Santana\",\"description\":\"ANDANDO NA GRA\u00c7A - AEMSF\",\"potentialAction\":[{\"@type\":\"SearchAction\",\"target\":{\"@type\":\"EntryPoint\",\"urlTemplate\":\"https:\\\/\\\/www.andandonagraca.org\\\/site\\\/?s={search_term_string}\"},\"query-input\":{\"@type\":\"PropertyValueSpecification\",\"valueRequired\":true,\"valueName\":\"search_term_string\"}}],\"inLanguage\":\"pt-BR\"},{\"@type\":\"Person\",\"@id\":\"https:\\\/\\\/www.andandonagraca.org\\\/site\\\/#\\\/schema\\\/person\\\/225d0dedb572d4570a947397af2606ed\",\"name\":\"Pr. Jonas Santana\",\"image\":{\"@type\":\"ImageObject\",\"inLanguage\":\"pt-BR\",\"@id\":\"https:\\\/\\\/secure.gravatar.com\\\/avatar\\\/7f463b781f71522d52f2ff3dae3592f9f7b0e24187fc413b95cd3efa8429de28?s=96&d=mm&r=g\",\"url\":\"https:\\\/\\\/secure.gravatar.com\\\/avatar\\\/7f463b781f71522d52f2ff3dae3592f9f7b0e24187fc413b95cd3efa8429de28?s=96&d=mm&r=g\",\"contentUrl\":\"https:\\\/\\\/secure.gravatar.com\\\/avatar\\\/7f463b781f71522d52f2ff3dae3592f9f7b0e24187fc413b95cd3efa8429de28?s=96&d=mm&r=g\",\"caption\":\"Pr. Jonas Santana\"},\"description\":\"Pastor, pesquisador b\u00edblico, pregador do Evangelho do Reino A fidelidade requer que entreguemos o evangelho sob todos os \u00e2ngulos, sem omitir nada e sem exagerar em nada. Para isto requer-se muita sabedoria. Nosso desejo \u00e9 compartilhar a sabedoria do Reino de Deus a todos aqueles que o desejam de todo o cora\u00e7\u00e3o.\",\"sameAs\":[\"https:\\\/\\\/www.andandonagraca.org\",\"https:\\\/\\\/www.facebook.com\\\/andandonagraca\",\"https:\\\/\\\/www.instagram.com\\\/andandonagraca\\\/\",\"https:\\\/\\\/www.youtube.com\\\/@andandonagraca\",\"https:\\\/\\\/podcasters.spotify.com\\\/pod\\\/show\\\/andandonagraca\\\/\"],\"url\":\"https:\\\/\\\/www.andandonagraca.org\\\/site\\\/?author=1\"}]}<\/script>\n<!-- \/ Yoast SEO plugin. -->","yoast_head_json":{"title":"SEJAMOS PERFEITOS EM UNIDADE! - Pr. Jonas Santana","robots":{"index":"index","follow":"follow","max-snippet":"max-snippet:-1","max-image-preview":"max-image-preview:large","max-video-preview":"max-video-preview:-1"},"canonical":"https:\/\/www.andandonagraca.org\/site\/?p=718","og_locale":"pt_BR","og_type":"article","og_title":"SEJAMOS PERFEITOS EM UNIDADE! - Pr. Jonas Santana","og_description":"Jesus fez esta ora\u00e7\u00e3o por todos os seus disc\u00edpulos, por todos os que s\u00e3o a Igreja. O prop\u00f3sito","og_url":"https:\/\/www.andandonagraca.org\/site\/?p=718","og_site_name":"Pr. Jonas Santana","article_publisher":"https:\/\/www.facebook.com\/andandonagraca","article_author":"https:\/\/www.facebook.com\/andandonagraca","article_published_time":"2011-04-04T18:20:30+00:00","article_modified_time":"2021-02-10T13:05:02+00:00","og_image":[{"width":1000,"height":671,"url":"https:\/\/www.andandonagraca.org\/site\/wp-content\/uploads\/1998\/08\/teamwork-hands.jpg","type":"image\/jpeg"}],"author":"Pr. Jonas Santana","twitter_card":"summary_large_image","twitter_misc":{"Escrito por":"Pr. Jonas Santana","Est. tempo de leitura":"12 minutos"},"schema":{"@context":"https:\/\/schema.org","@graph":[{"@type":"Article","@id":"https:\/\/www.andandonagraca.org\/site\/?p=718#article","isPartOf":{"@id":"https:\/\/www.andandonagraca.org\/site\/?p=718"},"author":{"name":"Pr. Jonas Santana","@id":"https:\/\/www.andandonagraca.org\/site\/#\/schema\/person\/225d0dedb572d4570a947397af2606ed"},"headline":"SEJAMOS PERFEITOS EM UNIDADE!","datePublished":"2011-04-04T18:20:30+00:00","dateModified":"2021-02-10T13:05:02+00:00","mainEntityOfPage":{"@id":"https:\/\/www.andandonagraca.org\/site\/?p=718"},"wordCount":2358,"commentCount":0,"image":{"@id":"https:\/\/www.andandonagraca.org\/site\/?p=718#primaryimage"},"thumbnailUrl":"https:\/\/www.andandonagraca.org\/site\/wp-content\/uploads\/1998\/08\/teamwork-hands.jpg","keywords":["reconcilia\u00e7\u00e3o"],"articleSection":["An\u00e1lise da Igreja Moderna &amp; sua Lideran\u00e7a"],"inLanguage":"pt-BR","potentialAction":[{"@type":"CommentAction","name":"Comment","target":["https:\/\/www.andandonagraca.org\/site\/?p=718#respond"]}]},{"@type":"WebPage","@id":"https:\/\/www.andandonagraca.org\/site\/?p=718","url":"https:\/\/www.andandonagraca.org\/site\/?p=718","name":"SEJAMOS PERFEITOS EM UNIDADE! - Pr. Jonas Santana","isPartOf":{"@id":"https:\/\/www.andandonagraca.org\/site\/#website"},"primaryImageOfPage":{"@id":"https:\/\/www.andandonagraca.org\/site\/?p=718#primaryimage"},"image":{"@id":"https:\/\/www.andandonagraca.org\/site\/?p=718#primaryimage"},"thumbnailUrl":"https:\/\/www.andandonagraca.org\/site\/wp-content\/uploads\/1998\/08\/teamwork-hands.jpg","datePublished":"2011-04-04T18:20:30+00:00","dateModified":"2021-02-10T13:05:02+00:00","author":{"@id":"https:\/\/www.andandonagraca.org\/site\/#\/schema\/person\/225d0dedb572d4570a947397af2606ed"},"breadcrumb":{"@id":"https:\/\/www.andandonagraca.org\/site\/?p=718#breadcrumb"},"inLanguage":"pt-BR","potentialAction":[{"@type":"ReadAction","target":["https:\/\/www.andandonagraca.org\/site\/?p=718"]}]},{"@type":"ImageObject","inLanguage":"pt-BR","@id":"https:\/\/www.andandonagraca.org\/site\/?p=718#primaryimage","url":"https:\/\/www.andandonagraca.org\/site\/wp-content\/uploads\/1998\/08\/teamwork-hands.jpg","contentUrl":"https:\/\/www.andandonagraca.org\/site\/wp-content\/uploads\/1998\/08\/teamwork-hands.jpg","width":1000,"height":671,"caption":"High angle view of multiethnic college students stacking hands in classroom"},{"@type":"BreadcrumbList","@id":"https:\/\/www.andandonagraca.org\/site\/?p=718#breadcrumb","itemListElement":[{"@type":"ListItem","position":1,"name":"In\u00edcio","item":"https:\/\/www.andandonagraca.org\/site"},{"@type":"ListItem","position":2,"name":"SEJAMOS PERFEITOS EM UNIDADE!"}]},{"@type":"WebSite","@id":"https:\/\/www.andandonagraca.org\/site\/#website","url":"https:\/\/www.andandonagraca.org\/site\/","name":"Pr. Jonas Santana","description":"ANDANDO NA GRA\u00c7A - AEMSF","potentialAction":[{"@type":"SearchAction","target":{"@type":"EntryPoint","urlTemplate":"https:\/\/www.andandonagraca.org\/site\/?s={search_term_string}"},"query-input":{"@type":"PropertyValueSpecification","valueRequired":true,"valueName":"search_term_string"}}],"inLanguage":"pt-BR"},{"@type":"Person","@id":"https:\/\/www.andandonagraca.org\/site\/#\/schema\/person\/225d0dedb572d4570a947397af2606ed","name":"Pr. Jonas Santana","image":{"@type":"ImageObject","inLanguage":"pt-BR","@id":"https:\/\/secure.gravatar.com\/avatar\/7f463b781f71522d52f2ff3dae3592f9f7b0e24187fc413b95cd3efa8429de28?s=96&d=mm&r=g","url":"https:\/\/secure.gravatar.com\/avatar\/7f463b781f71522d52f2ff3dae3592f9f7b0e24187fc413b95cd3efa8429de28?s=96&d=mm&r=g","contentUrl":"https:\/\/secure.gravatar.com\/avatar\/7f463b781f71522d52f2ff3dae3592f9f7b0e24187fc413b95cd3efa8429de28?s=96&d=mm&r=g","caption":"Pr. Jonas Santana"},"description":"Pastor, pesquisador b\u00edblico, pregador do Evangelho do Reino A fidelidade requer que entreguemos o evangelho sob todos os \u00e2ngulos, sem omitir nada e sem exagerar em nada. Para isto requer-se muita sabedoria. Nosso desejo \u00e9 compartilhar a sabedoria do Reino de Deus a todos aqueles que o desejam de todo o cora\u00e7\u00e3o.","sameAs":["https:\/\/www.andandonagraca.org","https:\/\/www.facebook.com\/andandonagraca","https:\/\/www.instagram.com\/andandonagraca\/","https:\/\/www.youtube.com\/@andandonagraca","https:\/\/podcasters.spotify.com\/pod\/show\/andandonagraca\/"],"url":"https:\/\/www.andandonagraca.org\/site\/?author=1"}]}},"_links":{"self":[{"href":"https:\/\/www.andandonagraca.org\/site\/index.php?rest_route=\/wp\/v2\/posts\/718","targetHints":{"allow":["GET"]}}],"collection":[{"href":"https:\/\/www.andandonagraca.org\/site\/index.php?rest_route=\/wp\/v2\/posts"}],"about":[{"href":"https:\/\/www.andandonagraca.org\/site\/index.php?rest_route=\/wp\/v2\/types\/post"}],"author":[{"embeddable":true,"href":"https:\/\/www.andandonagraca.org\/site\/index.php?rest_route=\/wp\/v2\/users\/1"}],"replies":[{"embeddable":true,"href":"https:\/\/www.andandonagraca.org\/site\/index.php?rest_route=%2Fwp%2Fv2%2Fcomments&post=718"}],"version-history":[{"count":0,"href":"https:\/\/www.andandonagraca.org\/site\/index.php?rest_route=\/wp\/v2\/posts\/718\/revisions"}],"wp:featuredmedia":[{"embeddable":true,"href":"https:\/\/www.andandonagraca.org\/site\/index.php?rest_route=\/wp\/v2\/media\/66959"}],"wp:attachment":[{"href":"https:\/\/www.andandonagraca.org\/site\/index.php?rest_route=%2Fwp%2Fv2%2Fmedia&parent=718"}],"wp:term":[{"taxonomy":"category","embeddable":true,"href":"https:\/\/www.andandonagraca.org\/site\/index.php?rest_route=%2Fwp%2Fv2%2Fcategories&post=718"},{"taxonomy":"post_tag","embeddable":true,"href":"https:\/\/www.andandonagraca.org\/site\/index.php?rest_route=%2Fwp%2Fv2%2Ftags&post=718"}],"curies":[{"name":"wp","href":"https:\/\/api.w.org\/{rel}","templated":true}]}}