{"id":91,"date":"2005-09-15T15:50:26","date_gmt":"2005-09-15T17:50:26","guid":{"rendered":"https:\/\/www.afimdeproclamar.com\/site\/?p=91"},"modified":"2014-09-01T08:45:55","modified_gmt":"2014-09-01T11:45:55","slug":"poe-tua-casa-em-ordem","status":"publish","type":"post","link":"https:\/\/www.andandonagraca.org\/site\/?p=91","title":{"rendered":"P\u00f5e tua casa em ordem!"},"content":{"rendered":"<p style=\"text-align: justify;\">&#8220;P\u00f5e em ordem a tua casa porque morrer\u00e1s e n\u00e3o viver\u00e1s&#8221; &#8211;\u00a0O que voc\u00ea faria se um homem de Deus chegasse a voc\u00ea e falasse estas palavras?<\/p>\n<p style=\"text-align: justify;\">Isa\u00edas al\u00e9m de profeta era amigo de Ezequias, que responsabilidade!<\/p>\n<p style=\"text-align: justify;\"><!--more--><\/p>\n<blockquote>\n<p style=\"text-align: justify;\">II Rs. 20:1; Is. 38:1 &#8211; &#8220;Naqueles dias, Ezequias adoeceu de uma enfermidade mortal; veio ter com ele o profeta Isa\u00edas, filho de Amoz, e lhe disse: Assim diz o Senhor: P\u00f5e em ordem a tua casa, porque morrer\u00e1s e n\u00e3o viver\u00e1s.&#8221;<\/p>\n<\/blockquote>\n<p style=\"text-align: justify;\">Quem era Ezequias?<\/p>\n<p style=\"text-align: justify;\">Ezequias foi um homem temente a Deus e fez o que era reto aos olhos do Senhor, governou de acordo com os preceitos que Davi recomendara.<\/p>\n<blockquote>\n<p style=\"text-align: justify;\">II Rs. 18:1-7 &#8211; &#8220;No terceiro ano de Os\u00e9ias, filho de El\u00e1, rei de Israel, come\u00e7ou a reinar Ezequias, filho de Acaz, rei de Jud\u00e1. Tinha vinte e cinco anos de idade quando come\u00e7ou a reinar e reinou vinte e nove anos em Jerusal\u00e9m; sua m\u00e3e se chamava Abi e era filha de Zacarias. Fez ele o que era reto perante o Senhor, segundo tudo o que fizera Davi, seu pai. Removeu os altos, quebrou as colunas e deitou abaixo o poste-\u00eddolo; e fez em peda\u00e7os a serpente de bronze que Mois\u00e9s fizera, porque at\u00e9 \u00e0quele dia os filhos de Israel lhe queimavam incenso e lhe chamavam Neust\u00e3. Confiou no Senhor, Deus de Israel, de maneira que depois dele n\u00e3o houve seu semelhante entre todos os reis de Jud\u00e1, nem entre os que foram antes dele. Porque se apegou ao Senhor, n\u00e3o deixou de segui-lo e guardou os mandamentos que o Senhor ordenara a Mois\u00e9s. Assim, foi o Senhor com ele; para onde quer que sa\u00eda, lograva bom \u00eaxito; rebelou-se contra o rei da Ass\u00edria e n\u00e3o o serviu.&#8221;<\/p>\n<\/blockquote>\n<p style=\"text-align: justify;\">Mas mesmo assim foi ferido de uma enfermidade mortal e Deus, como \u00e9 muito misericordioso, enviou o profeta para avis\u00e1-lo e deu-lhe uma ordem: &#8211; p\u00f5e em ordem a tua casa!<\/p>\n<p style=\"text-align: justify;\">Qual foi, diante desta situa\u00e7\u00e3o, a atitude de Ezequias? Ser\u00e1 que ele se revoltou contra Deus? Afinal ele reinava com justi\u00e7a e fazia tudo certo. \u00c9 interessante ver a atitude deste homem, muito diferente daquela que muitas pessoas, ou at\u00e9 mesmo muitos crist\u00e3os, tomam diante das dificuldades desta vida.<\/p>\n<p style=\"text-align: justify;\">\u00c9 muito bom vermos o que a B\u00edblia diz, por isso sempre transcrevo os vers\u00edculos, assim voc\u00ea pode ler e tirar as suas conclus\u00f5es, n\u00e3o posso pensar por voc\u00ea, apenas aponto-lhe o caminho. Assim sendo, vamos ver o que diz os vers\u00edculos seguintes de Isa\u00edas.<\/p>\n<blockquote>\n<p style=\"text-align: justify;\">Is. 38:2-3 &#8211; &#8220;Ent\u00e3o, virou Ezequias o rosto para a parede e orou ao Senhor.<br \/>\nE disse: Lembra-te, Senhor, pe\u00e7o-te, de que andei diante de ti com fidelidade, com inteireza de cora\u00e7\u00e3o e fiz o que era reto aos teus olhos; e chorou muit\u00edssimo.&#8221;<\/p>\n<\/blockquote>\n<p style=\"text-align: justify;\">O que vemos aqui? Uma atitude de quebrantamento diante do Senhor.<\/p>\n<blockquote>\n<p style=\"text-align: justify;\">Sl. 51:17 &#8211; &#8220;Sacrif\u00edcios agrad\u00e1veis a Deus s\u00e3o o esp\u00edrito quebrantado; cora\u00e7\u00e3o compungido e contrito, n\u00e3o o desprezar\u00e1s, \u00f3 Deus.&#8221;<\/p>\n<\/blockquote>\n<p style=\"text-align: justify;\">Ezequias se humilhou diante do Senhor, clamou por miseric\u00f3rdia, ele lembrou ao Senhor como foram os seus passos.<\/p>\n<blockquote>\n<p style=\"text-align: justify;\">Is. 43:26 &#8211; &#8220;Procura lembrar-me; entremos em ju\u00edzo juntamente; apresenta as tuas raz\u00f5es, para que te possa justificar.&#8221;<\/p>\n<\/blockquote>\n<p style=\"text-align: justify;\">O que voc\u00ea tem para apresentar ao Senhor? Quais s\u00e3o os feitos que possa lembrar ao Senhor? Voc\u00ea tem sido fiel ao Senhor? Tem obedecido aos seus mandamentos? A sua vida pode, minimamente, ser comparada a vida de Ezequias? Este homem tinha o que lembrar ao Senhor.<\/p>\n<p style=\"text-align: justify;\">Qual foi o resultado deste quebrantamento? O Deus do imposs\u00edvel agiu em favor de Ezequias.<\/p>\n<blockquote>\n<p style=\"text-align: justify;\">Is. 38:4-8 &#8211; &#8220;Ent\u00e3o, veio a palavra do Senhor a Isa\u00edas, dizendo: Vai e dize a Ezequias: Assim diz o Senhor, o Deus de Davi, teu pai: Ouvi a tua ora\u00e7\u00e3o e vi as tuas l\u00e1grimas; acrescentarei, pois, aos teus dias quinze anos. Livrar-te-ei das m\u00e3os do rei da Ass\u00edria, a ti e a esta cidade, e defenderei esta cidade. Ser-te-\u00e1 isto da parte do Senhor como sinal de que o Senhor cumprir\u00e1 esta palavra que falou: eis que farei retroceder dez graus a sombra lan\u00e7ada pelo sol declinante no rel\u00f3gio de Acaz. Assim, retrocedeu o sol os dez graus que j\u00e1 havia declinado.&#8221;<\/p>\n<\/blockquote>\n<p style=\"text-align: justify;\">Que Deus \u00e9 este! Al\u00e9m de dar a cura, prometeu mais quinze anos e, se ainda n\u00e3o bastasse, para que n\u00e3o restasse nenhuma d\u00favida, fez com que a sombra do sol retrocedesse dez graus.<\/p>\n<p style=\"text-align: justify;\">Eu fico impressionado com o amor e com o cuidado de Deus, com a sua paci\u00eancia, com os seus feitos. E voc\u00ea?<\/p>\n<p style=\"text-align: justify;\">Como Ezequias deve ter louvado ao Senhor por este grande milagre.<\/p>\n<p style=\"text-align: justify;\">Sabe, este mesmo Deus age da mesma forma ainda hoje. Deus n\u00e3o tem o m\u00ednimo prazer na morte do \u00edmpio. Deus odeia o pecado mas ama muito o pecador, e por isso tem dado muitas chances para que as pessoas se arrependam do seu pecado.<\/p>\n<p style=\"text-align: justify;\">A humanidade, de forma geral, tem entendido mal esta paci\u00eancia de Deus, e tem abusado com a pr\u00e1tica do pecado. Homens e mulheres \u00edmpias, pecadores e escarnecedores. Mas com tudo isso, Deus tem demonstrado o seu infinito amor.<\/p>\n<p style=\"text-align: justify;\">Permita-me compartilhar com voc\u00ea algo que ocorreu a alguns dias atr\u00e1s:<\/p>\n<p style=\"text-align: justify;\">Recentemente, durante a madrugada, eu estava orando e Deus mostrou-me duas pessoas e ouvi esta frase: &#8220;P\u00f5e em ordem a tua casa porque morrer\u00e1s e n\u00e3o viver\u00e1s&#8221;. Em seguida Deus deu-me instru\u00e7\u00f5es de que eu deveria ir falar com estas duas pessoas.<\/p>\n<p style=\"text-align: justify;\">No dia seguinte tentei contatar uma delas, pois j\u00e1 era uma pessoa velha conhecida e que durante muitos anos ouviu a Palavra de Deus recusando-a sempre. Como sempre ele se recusava a falar comigo, apesar de minha insist\u00eancia. Este homem, casado, pai de dois filhos, apesar de sua esposa e filhos serem firmes e fi\u00e9is a Deus, ele sempre recusou deliberadamente a sua salva\u00e7\u00e3o.<\/p>\n<p style=\"text-align: justify;\">Ap\u00f3s alguns dias telefonei para a filha dele e disse-lhe que precisava falar com seu pai, ao que ela respondeu-me que seu pai estava em casa e que n\u00e3o iria sair naquela manh\u00e3, por n\u00e3o estar se sentindo bem. Imediatamente fui ao seu encontro.<\/p>\n<p style=\"text-align: justify;\">Ao chegar em sua casa ele estava sentando no sof\u00e1 da sala, meio triste, e com semblante de quem estava com algumas dores.<\/p>\n<p style=\"text-align: justify;\">Sem saber o que se passava, disse-lhe que precisava falar com ele e se mostrou receptivo para ouvir. Abri a B\u00edblia e li Isa\u00edas 38:1-8. E lhe falei claramente: &#8220;P\u00f5e em ordem a tua casa porque morrer\u00e1s&#8221;. E disse-lhe: &#8220;Deus o ama e quer a sua salva\u00e7\u00e3o, a sua vida est\u00e1 em sua m\u00e3o, a decis\u00e3o \u00e9 sua. Se fizer a op\u00e7\u00e3o correta Deus o salvar\u00e1 e ainda poder\u00e1 cur\u00e1-lo. N\u00e3o vou orar por voc\u00ea agora, pense, reflita sobre isso, veja que Deus deu uma chance para este rei e da mesma forma Deus quer fazer com voc\u00ea.&#8221; Peguei-lhe a m\u00e3o esquerda e disse-lhe: &#8220;Sua vida est\u00e1 em sua m\u00e3o, se de cora\u00e7\u00e3o voc\u00ea optar por Jesus e realmente quiser ter a sua vida transformada pelo poder de Deus, ent\u00e3o eu virei e orarei por voc\u00ea&#8221;.<\/p>\n<p style=\"text-align: justify;\">Depois de falar com ele, fui falar com a esposa que estava na cozinha, e ela me disse que tinha ouvido a palavra e que ele n\u00e3o estava nada bem, sentia muitas dores, mas ela n\u00e3o sabia o que ele tinha porque ele n\u00e3o falava nada.<\/p>\n<p style=\"text-align: justify;\">Para que voc\u00ea possa compreender melhor: este homem estava casado a quase vinte e cinco anos, e nunca foi fiel a sua esposa, nunca foi um bom pai. Ultimamente mantinha duas amantes. Mas, apesar disto, a esposa sempre foi fiel ao seu marido, e durante todo este tempo ela orava pedindo a Deus que este homem fosse salvo, e que o seu casamento pudesse ser restaurado. A sua f\u00e9 se manteve, mesmo diante das maiores dificuldades, e uma palavra estava gravada em seu cora\u00e7\u00e3o: &#8220;Se creres ver\u00e1s a gl\u00f3ria de Deus&#8221;. Ela cria na Palavra: &#8220;eu e minha casa serviremos ao Senhor&#8221;. Foram muitos anos de sofrimento e de lutas, sempre esperando a salva\u00e7\u00e3o do seu marido.<\/p>\n<p style=\"text-align: justify;\">Muitos pastores, muitos irm\u00e3os falaram de Jesus para este homem, mas ele sempre foi duro. At\u00e9 que por fim veio a \u00faltima palavra: &#8220;P\u00f5e em ordem a tua casa porque morrer\u00e1s&#8221;.<\/p>\n<p style=\"text-align: justify;\">Alguns dias depois, que a palavra foi dada, veio a not\u00edcia que este homem estava com c\u00e2ncer. Foi descoberto muito tarde e n\u00e3o havia mais nada a fazer. As dores que ele estava sentindo, era o c\u00e2ncer que tinha se alastrado por todo o aparelho digestivo. Ningu\u00e9m sabia de nada, nem ele mesmo sabia da gravidade de sua doen\u00e7a. Um m\u00eas e meio depois de ter recebido a Palavra de Deus, o aviso, ele foi internado para uma cirurgia que deveria demorar algumas horas para retirada do tumor, pelo menos a princ\u00edpio era o que os m\u00e9dicos falavam. Depois da cirurgia, um pastor ainda foi visit\u00e1-lo no hospital, e ao falar de Jesus para ele, respondeu: &#8220;todos aqui falam de Deus, falam muito de Deus&#8221;. Cinco dias depois da cirurgia este homem morreu. E o pior sem salva\u00e7\u00e3o!<\/p>\n<p style=\"text-align: justify;\">Deus deu-lhe uma grande chance, ningu\u00e9m sabia que ele estava com c\u00e2ncer em fase terminal, mas Deus sabia, e quis salv\u00e1-lo, mandou-lhe um recado, Deus queria o arrependimento sincero daquele cora\u00e7\u00e3o, Deus mostrou-lhe o seu amor, a sua benignidade, a sua miseric\u00f3rdia. Mas aquele homem n\u00e3o agiu como Ezequias, n\u00e3o se prostrou, n\u00e3o chorou, n\u00e3o clamou, simplesmente recusou o amor de Deus. Hoje, ele est\u00e1 na eternidade, infelizmente n\u00e3o est\u00e1 salvo, n\u00e3o est\u00e1 com Deus.<\/p>\n<blockquote>\n<p style=\"text-align: justify;\">Sl. 9:17 &#8211; &#8220;Os \u00edmpios ser\u00e3o lan\u00e7ados no inferno e todas as gentes que se esquecem de Deus.&#8221;<\/p>\n<\/blockquote>\n<p style=\"text-align: justify;\">Mas e quanto a voc\u00ea? Esta palavra tamb\u00e9m \u00e9 para si: quer seja &#8220;crist\u00e3o&#8221; ou n\u00e3o.<\/p>\n<p style=\"text-align: justify;\">Muitos crist\u00e3os tornaram-se religiosos, acostumaram-se com o r\u00f3tulo de crentes e v\u00e3o vivendo a sua vida fingindo para si mesmos que est\u00e1 tudo bem.<\/p>\n<blockquote>\n<p style=\"text-align: justify;\">Sl.1:1-6 &#8211; &#8220;Bem-aventurado o homem que n\u00e3o anda no conselho dos \u00edmpios, n\u00e3o se det\u00e9m no caminho dos pecadores, nem se assenta na roda dos escarnecedores. Antes, o seu prazer est\u00e1 na lei do Senhor, e na sua lei medita de dia e de noite. Ele \u00e9 como \u00e1rvore plantada junto a corrente de \u00e1guas, que, no devido tempo, d\u00e1 o seu fruto, e cuja folhagem n\u00e3o murcha; e tudo quanto ele faz ser\u00e1 bem sucedido. Os \u00edmpios n\u00e3o s\u00e3o assim; s\u00e3o, por\u00e9m, como a palha que o vento dispersa. Por isso, os perversos n\u00e3o prevalecer\u00e3o no ju\u00edzo, nem os pecadores, na congrega\u00e7\u00e3o dos justos. Pois o Senhor conhece o caminho dos justos, mas o caminho dos \u00edmpios perecer\u00e1.&#8221;<\/p>\n<\/blockquote>\n<p style=\"text-align: justify;\">Mas h\u00e1 ainda aquele que n\u00e3o reconheceu a Jesus como Senhor e Salvador de sua vida, e a estes precisamos afirmar o seguinte: Rm. 3:23 &#8211; &#8220;Porque todos pecaram e destitu\u00eddos est\u00e3o da gl\u00f3ria de Deus;&#8221;<\/p>\n<p style=\"text-align: justify;\">1\u00ba &#8211; Admita o seu pecado perante Deus, sem vir com desculpas ou com evasivas<\/p>\n<p style=\"text-align: justify;\">2\u00ba &#8211; Confesse os seus pecados a Deus e diga-lhes quais s\u00e3o.<\/p>\n<p style=\"text-align: justify;\">3\u00ba &#8211; Mude de atitude, volte as costas ao seu erro<\/p>\n<p style=\"text-align: justify;\">4\u00ba &#8211; Receba o perd\u00e3o de Deus<\/p>\n<p style=\"text-align: justify;\">&#8220;P\u00f5e em ordem a tua casa&#8221;! Este recado \u00e9 para voc\u00ea hoje.<\/p>\n<p style=\"text-align: justify;\">Voc\u00ea at\u00e9 pode pensar: mas eu n\u00e3o sou como aquele homem &#8211; \u00f3timo, mas fa\u00e7a uma an\u00e1lise de sua vida e veja qual \u00e9 a sua maneira de viver. Voc\u00ea vive a maneira de Deus ou a sua maneira? Deus \u00e9 o seu Senhor? Ou \u00e9 voc\u00ea quem decide sua vida? Voc\u00ea exige a fidelidade de Deus, mas voc\u00ea \u00e9 fiel a Ele? Como tem sido a sua vida di\u00e1ria com Deus? Quando foi a \u00faltima vez que voc\u00ea dedicou um dia de ora\u00e7\u00e3o e jejum? Tem lido a B\u00edblia (a Palavra de Deus) regularmente? Voc\u00ea se alimenta pelo menos tr\u00eas vezes ao dia, quantas vezes voc\u00ea alimenta o seu Esp\u00edrito por dia, ou s\u00f3 \u00e9 uma vez por semana, ao domingo a noite na Igreja?<\/p>\n<p style=\"text-align: justify;\">Poder\u00edamos colocar aqui muitas quest\u00f5es semelhantes a estas, mas o que est\u00e1 em jogo aqui, \u00e9 sua eternidade. Muitas pessoas pensam s\u00f3 no dia a dia, e pensam: deixo o resto com Deus. Mas n\u00e3o \u00e9 assim. A vida eterna \u00e9 um assunto muito s\u00e9rio, e \u00e9 nesta vida que determinamos aonde vamos passar a eternidade: ou com Deus no para\u00edso; ou no inferno com Satan\u00e1s e todos os seus dem\u00f4nios e toda a gente que se esquece de Deus.<\/p>\n<p style=\"text-align: justify;\">Ap.1:3 &#8211; &#8220;Bem-aventurado aquele que l\u00ea, e os que ouvem as palavras desta profecia, e guardam as coisas que nela est\u00e3o escritas; porque o tempo est\u00e1 pr\u00f3ximo.&#8221;<\/p>\n<p style=\"text-align: justify;\">Os anos de nossas vidas variam de pessoa para pessoa, uns vivem vinte anos, outros quarenta, outros ainda podem chegar aos setenta anos, quem sabe at\u00e9 um pouco mais. Mas o que \u00e9 certo \u00e9 que nossa vida \u00e9 passageira, enquanto vivermos aqui nesta terra precisamos ter temor de Deus. Temor n\u00e3o \u00e9 medo, mas \u00e9 um respeito elevado. A B\u00edblia diz que o temor do Senhor \u00e9 o princ\u00edpio da sabedoria. Vamos viver de acordo com as normas de Deus, vamos ser obedientes a Ele, ningu\u00e9m sabe o dia de amanh\u00e3, pense nisso. E se quiser ter vida eterna com Deus:<\/p>\n<p style=\"text-align: justify;\"><span style=\"color: #000000;\">P\u00f5e a tua casa em ordem!<\/span><\/p>\n","protected":false},"excerpt":{"rendered":"<p>&#8220;P\u00f5e em ordem a tua casa porque morrer\u00e1s e n\u00e3o viver\u00e1s&#8221; &#8211;\u00a0O que voc\u00ea faria se um homem<\/p>\n","protected":false},"author":1,"featured_media":1561,"comment_status":"open","ping_status":"open","sticky":false,"template":"","format":"standard","meta":{"footnotes":""},"categories":[5],"tags":[51],"class_list":["post-91","post","type-post","status-publish","format-standard","has-post-thumbnail","hentry","category-familia","tag-casa"],"yoast_head":"<!-- This site is optimized with the Yoast SEO plugin v27.5 - https:\/\/yoast.com\/product\/yoast-seo-wordpress\/ -->\n<title>P\u00f5e tua casa em ordem! - Pr. Jonas Santana<\/title>\n<meta name=\"robots\" content=\"index, follow, max-snippet:-1, max-image-preview:large, max-video-preview:-1\" \/>\n<link rel=\"canonical\" href=\"https:\/\/www.andandonagraca.org\/site\/?p=91\" \/>\n<meta property=\"og:locale\" content=\"pt_BR\" \/>\n<meta property=\"og:type\" content=\"article\" \/>\n<meta property=\"og:title\" content=\"P\u00f5e tua casa em ordem! - Pr. Jonas Santana\" \/>\n<meta property=\"og:description\" content=\"&#8220;P\u00f5e em ordem a tua casa porque morrer\u00e1s e n\u00e3o viver\u00e1s&#8221; &#8211;\u00a0O que voc\u00ea faria se um homem\" \/>\n<meta property=\"og:url\" content=\"https:\/\/www.andandonagraca.org\/site\/?p=91\" \/>\n<meta property=\"og:site_name\" content=\"Pr. Jonas Santana\" \/>\n<meta property=\"article:publisher\" content=\"https:\/\/www.facebook.com\/andandonagraca\" \/>\n<meta property=\"article:author\" content=\"https:\/\/www.facebook.com\/andandonagraca\" \/>\n<meta property=\"article:published_time\" content=\"2005-09-15T17:50:26+00:00\" \/>\n<meta property=\"article:modified_time\" content=\"2014-09-01T11:45:55+00:00\" \/>\n<meta property=\"og:image\" content=\"https:\/\/www.andandonagraca.org\/site\/wp-content\/uploads\/2005\/09\/house.jpeg\" \/>\n\t<meta property=\"og:image:width\" content=\"320\" \/>\n\t<meta property=\"og:image:height\" content=\"320\" \/>\n\t<meta property=\"og:image:type\" content=\"image\/jpeg\" \/>\n<meta name=\"author\" content=\"Pr. Jonas Santana\" \/>\n<meta name=\"twitter:card\" content=\"summary_large_image\" \/>\n<meta name=\"twitter:label1\" content=\"Escrito por\" \/>\n\t<meta name=\"twitter:data1\" content=\"Pr. Jonas Santana\" \/>\n\t<meta name=\"twitter:label2\" content=\"Est. tempo de leitura\" \/>\n\t<meta name=\"twitter:data2\" content=\"12 minutos\" \/>\n<script type=\"application\/ld+json\" class=\"yoast-schema-graph\">{\"@context\":\"https:\\\/\\\/schema.org\",\"@graph\":[{\"@type\":\"Article\",\"@id\":\"https:\\\/\\\/www.andandonagraca.org\\\/site\\\/?p=91#article\",\"isPartOf\":{\"@id\":\"https:\\\/\\\/www.andandonagraca.org\\\/site\\\/?p=91\"},\"author\":{\"name\":\"Pr. Jonas Santana\",\"@id\":\"https:\\\/\\\/www.andandonagraca.org\\\/site\\\/#\\\/schema\\\/person\\\/225d0dedb572d4570a947397af2606ed\"},\"headline\":\"P\u00f5e tua casa em ordem!\",\"datePublished\":\"2005-09-15T17:50:26+00:00\",\"dateModified\":\"2014-09-01T11:45:55+00:00\",\"mainEntityOfPage\":{\"@id\":\"https:\\\/\\\/www.andandonagraca.org\\\/site\\\/?p=91\"},\"wordCount\":2327,\"commentCount\":1,\"image\":{\"@id\":\"https:\\\/\\\/www.andandonagraca.org\\\/site\\\/?p=91#primaryimage\"},\"thumbnailUrl\":\"https:\\\/\\\/www.andandonagraca.org\\\/site\\\/wp-content\\\/uploads\\\/2005\\\/09\\\/house.jpeg\",\"keywords\":[\"casa\"],\"articleSection\":[\"Fam\u00edlia\"],\"inLanguage\":\"pt-BR\",\"potentialAction\":[{\"@type\":\"CommentAction\",\"name\":\"Comment\",\"target\":[\"https:\\\/\\\/www.andandonagraca.org\\\/site\\\/?p=91#respond\"]}]},{\"@type\":\"WebPage\",\"@id\":\"https:\\\/\\\/www.andandonagraca.org\\\/site\\\/?p=91\",\"url\":\"https:\\\/\\\/www.andandonagraca.org\\\/site\\\/?p=91\",\"name\":\"P\u00f5e tua casa em ordem! - Pr. Jonas Santana\",\"isPartOf\":{\"@id\":\"https:\\\/\\\/www.andandonagraca.org\\\/site\\\/#website\"},\"primaryImageOfPage\":{\"@id\":\"https:\\\/\\\/www.andandonagraca.org\\\/site\\\/?p=91#primaryimage\"},\"image\":{\"@id\":\"https:\\\/\\\/www.andandonagraca.org\\\/site\\\/?p=91#primaryimage\"},\"thumbnailUrl\":\"https:\\\/\\\/www.andandonagraca.org\\\/site\\\/wp-content\\\/uploads\\\/2005\\\/09\\\/house.jpeg\",\"datePublished\":\"2005-09-15T17:50:26+00:00\",\"dateModified\":\"2014-09-01T11:45:55+00:00\",\"author\":{\"@id\":\"https:\\\/\\\/www.andandonagraca.org\\\/site\\\/#\\\/schema\\\/person\\\/225d0dedb572d4570a947397af2606ed\"},\"breadcrumb\":{\"@id\":\"https:\\\/\\\/www.andandonagraca.org\\\/site\\\/?p=91#breadcrumb\"},\"inLanguage\":\"pt-BR\",\"potentialAction\":[{\"@type\":\"ReadAction\",\"target\":[\"https:\\\/\\\/www.andandonagraca.org\\\/site\\\/?p=91\"]}]},{\"@type\":\"ImageObject\",\"inLanguage\":\"pt-BR\",\"@id\":\"https:\\\/\\\/www.andandonagraca.org\\\/site\\\/?p=91#primaryimage\",\"url\":\"https:\\\/\\\/www.andandonagraca.org\\\/site\\\/wp-content\\\/uploads\\\/2005\\\/09\\\/house.jpeg\",\"contentUrl\":\"https:\\\/\\\/www.andandonagraca.org\\\/site\\\/wp-content\\\/uploads\\\/2005\\\/09\\\/house.jpeg\",\"width\":320,\"height\":320},{\"@type\":\"BreadcrumbList\",\"@id\":\"https:\\\/\\\/www.andandonagraca.org\\\/site\\\/?p=91#breadcrumb\",\"itemListElement\":[{\"@type\":\"ListItem\",\"position\":1,\"name\":\"In\u00edcio\",\"item\":\"https:\\\/\\\/www.andandonagraca.org\\\/site\"},{\"@type\":\"ListItem\",\"position\":2,\"name\":\"P\u00f5e tua casa em ordem!\"}]},{\"@type\":\"WebSite\",\"@id\":\"https:\\\/\\\/www.andandonagraca.org\\\/site\\\/#website\",\"url\":\"https:\\\/\\\/www.andandonagraca.org\\\/site\\\/\",\"name\":\"Pr. Jonas Santana\",\"description\":\"ANDANDO NA GRA\u00c7A - AEMSF\",\"potentialAction\":[{\"@type\":\"SearchAction\",\"target\":{\"@type\":\"EntryPoint\",\"urlTemplate\":\"https:\\\/\\\/www.andandonagraca.org\\\/site\\\/?s={search_term_string}\"},\"query-input\":{\"@type\":\"PropertyValueSpecification\",\"valueRequired\":true,\"valueName\":\"search_term_string\"}}],\"inLanguage\":\"pt-BR\"},{\"@type\":\"Person\",\"@id\":\"https:\\\/\\\/www.andandonagraca.org\\\/site\\\/#\\\/schema\\\/person\\\/225d0dedb572d4570a947397af2606ed\",\"name\":\"Pr. Jonas Santana\",\"image\":{\"@type\":\"ImageObject\",\"inLanguage\":\"pt-BR\",\"@id\":\"https:\\\/\\\/secure.gravatar.com\\\/avatar\\\/7f463b781f71522d52f2ff3dae3592f9f7b0e24187fc413b95cd3efa8429de28?s=96&d=mm&r=g\",\"url\":\"https:\\\/\\\/secure.gravatar.com\\\/avatar\\\/7f463b781f71522d52f2ff3dae3592f9f7b0e24187fc413b95cd3efa8429de28?s=96&d=mm&r=g\",\"contentUrl\":\"https:\\\/\\\/secure.gravatar.com\\\/avatar\\\/7f463b781f71522d52f2ff3dae3592f9f7b0e24187fc413b95cd3efa8429de28?s=96&d=mm&r=g\",\"caption\":\"Pr. Jonas Santana\"},\"description\":\"Pastor, pesquisador b\u00edblico, pregador do Evangelho do Reino A fidelidade requer que entreguemos o evangelho sob todos os \u00e2ngulos, sem omitir nada e sem exagerar em nada. Para isto requer-se muita sabedoria. Nosso desejo \u00e9 compartilhar a sabedoria do Reino de Deus a todos aqueles que o desejam de todo o cora\u00e7\u00e3o.\",\"sameAs\":[\"https:\\\/\\\/www.andandonagraca.org\",\"https:\\\/\\\/www.facebook.com\\\/andandonagraca\",\"https:\\\/\\\/www.instagram.com\\\/andandonagraca\\\/\",\"https:\\\/\\\/www.youtube.com\\\/@andandonagraca\",\"https:\\\/\\\/podcasters.spotify.com\\\/pod\\\/show\\\/andandonagraca\\\/\"],\"url\":\"https:\\\/\\\/www.andandonagraca.org\\\/site\\\/?author=1\"}]}<\/script>\n<!-- \/ Yoast SEO plugin. -->","yoast_head_json":{"title":"P\u00f5e tua casa em ordem! - Pr. Jonas Santana","robots":{"index":"index","follow":"follow","max-snippet":"max-snippet:-1","max-image-preview":"max-image-preview:large","max-video-preview":"max-video-preview:-1"},"canonical":"https:\/\/www.andandonagraca.org\/site\/?p=91","og_locale":"pt_BR","og_type":"article","og_title":"P\u00f5e tua casa em ordem! - Pr. Jonas Santana","og_description":"&#8220;P\u00f5e em ordem a tua casa porque morrer\u00e1s e n\u00e3o viver\u00e1s&#8221; &#8211;\u00a0O que voc\u00ea faria se um homem","og_url":"https:\/\/www.andandonagraca.org\/site\/?p=91","og_site_name":"Pr. Jonas Santana","article_publisher":"https:\/\/www.facebook.com\/andandonagraca","article_author":"https:\/\/www.facebook.com\/andandonagraca","article_published_time":"2005-09-15T17:50:26+00:00","article_modified_time":"2014-09-01T11:45:55+00:00","og_image":[{"width":320,"height":320,"url":"https:\/\/www.andandonagraca.org\/site\/wp-content\/uploads\/2005\/09\/house.jpeg","type":"image\/jpeg"}],"author":"Pr. Jonas Santana","twitter_card":"summary_large_image","twitter_misc":{"Escrito por":"Pr. Jonas Santana","Est. tempo de leitura":"12 minutos"},"schema":{"@context":"https:\/\/schema.org","@graph":[{"@type":"Article","@id":"https:\/\/www.andandonagraca.org\/site\/?p=91#article","isPartOf":{"@id":"https:\/\/www.andandonagraca.org\/site\/?p=91"},"author":{"name":"Pr. Jonas Santana","@id":"https:\/\/www.andandonagraca.org\/site\/#\/schema\/person\/225d0dedb572d4570a947397af2606ed"},"headline":"P\u00f5e tua casa em ordem!","datePublished":"2005-09-15T17:50:26+00:00","dateModified":"2014-09-01T11:45:55+00:00","mainEntityOfPage":{"@id":"https:\/\/www.andandonagraca.org\/site\/?p=91"},"wordCount":2327,"commentCount":1,"image":{"@id":"https:\/\/www.andandonagraca.org\/site\/?p=91#primaryimage"},"thumbnailUrl":"https:\/\/www.andandonagraca.org\/site\/wp-content\/uploads\/2005\/09\/house.jpeg","keywords":["casa"],"articleSection":["Fam\u00edlia"],"inLanguage":"pt-BR","potentialAction":[{"@type":"CommentAction","name":"Comment","target":["https:\/\/www.andandonagraca.org\/site\/?p=91#respond"]}]},{"@type":"WebPage","@id":"https:\/\/www.andandonagraca.org\/site\/?p=91","url":"https:\/\/www.andandonagraca.org\/site\/?p=91","name":"P\u00f5e tua casa em ordem! - Pr. Jonas Santana","isPartOf":{"@id":"https:\/\/www.andandonagraca.org\/site\/#website"},"primaryImageOfPage":{"@id":"https:\/\/www.andandonagraca.org\/site\/?p=91#primaryimage"},"image":{"@id":"https:\/\/www.andandonagraca.org\/site\/?p=91#primaryimage"},"thumbnailUrl":"https:\/\/www.andandonagraca.org\/site\/wp-content\/uploads\/2005\/09\/house.jpeg","datePublished":"2005-09-15T17:50:26+00:00","dateModified":"2014-09-01T11:45:55+00:00","author":{"@id":"https:\/\/www.andandonagraca.org\/site\/#\/schema\/person\/225d0dedb572d4570a947397af2606ed"},"breadcrumb":{"@id":"https:\/\/www.andandonagraca.org\/site\/?p=91#breadcrumb"},"inLanguage":"pt-BR","potentialAction":[{"@type":"ReadAction","target":["https:\/\/www.andandonagraca.org\/site\/?p=91"]}]},{"@type":"ImageObject","inLanguage":"pt-BR","@id":"https:\/\/www.andandonagraca.org\/site\/?p=91#primaryimage","url":"https:\/\/www.andandonagraca.org\/site\/wp-content\/uploads\/2005\/09\/house.jpeg","contentUrl":"https:\/\/www.andandonagraca.org\/site\/wp-content\/uploads\/2005\/09\/house.jpeg","width":320,"height":320},{"@type":"BreadcrumbList","@id":"https:\/\/www.andandonagraca.org\/site\/?p=91#breadcrumb","itemListElement":[{"@type":"ListItem","position":1,"name":"In\u00edcio","item":"https:\/\/www.andandonagraca.org\/site"},{"@type":"ListItem","position":2,"name":"P\u00f5e tua casa em ordem!"}]},{"@type":"WebSite","@id":"https:\/\/www.andandonagraca.org\/site\/#website","url":"https:\/\/www.andandonagraca.org\/site\/","name":"Pr. Jonas Santana","description":"ANDANDO NA GRA\u00c7A - AEMSF","potentialAction":[{"@type":"SearchAction","target":{"@type":"EntryPoint","urlTemplate":"https:\/\/www.andandonagraca.org\/site\/?s={search_term_string}"},"query-input":{"@type":"PropertyValueSpecification","valueRequired":true,"valueName":"search_term_string"}}],"inLanguage":"pt-BR"},{"@type":"Person","@id":"https:\/\/www.andandonagraca.org\/site\/#\/schema\/person\/225d0dedb572d4570a947397af2606ed","name":"Pr. Jonas Santana","image":{"@type":"ImageObject","inLanguage":"pt-BR","@id":"https:\/\/secure.gravatar.com\/avatar\/7f463b781f71522d52f2ff3dae3592f9f7b0e24187fc413b95cd3efa8429de28?s=96&d=mm&r=g","url":"https:\/\/secure.gravatar.com\/avatar\/7f463b781f71522d52f2ff3dae3592f9f7b0e24187fc413b95cd3efa8429de28?s=96&d=mm&r=g","contentUrl":"https:\/\/secure.gravatar.com\/avatar\/7f463b781f71522d52f2ff3dae3592f9f7b0e24187fc413b95cd3efa8429de28?s=96&d=mm&r=g","caption":"Pr. Jonas Santana"},"description":"Pastor, pesquisador b\u00edblico, pregador do Evangelho do Reino A fidelidade requer que entreguemos o evangelho sob todos os \u00e2ngulos, sem omitir nada e sem exagerar em nada. Para isto requer-se muita sabedoria. Nosso desejo \u00e9 compartilhar a sabedoria do Reino de Deus a todos aqueles que o desejam de todo o cora\u00e7\u00e3o.","sameAs":["https:\/\/www.andandonagraca.org","https:\/\/www.facebook.com\/andandonagraca","https:\/\/www.instagram.com\/andandonagraca\/","https:\/\/www.youtube.com\/@andandonagraca","https:\/\/podcasters.spotify.com\/pod\/show\/andandonagraca\/"],"url":"https:\/\/www.andandonagraca.org\/site\/?author=1"}]}},"_links":{"self":[{"href":"https:\/\/www.andandonagraca.org\/site\/index.php?rest_route=\/wp\/v2\/posts\/91","targetHints":{"allow":["GET"]}}],"collection":[{"href":"https:\/\/www.andandonagraca.org\/site\/index.php?rest_route=\/wp\/v2\/posts"}],"about":[{"href":"https:\/\/www.andandonagraca.org\/site\/index.php?rest_route=\/wp\/v2\/types\/post"}],"author":[{"embeddable":true,"href":"https:\/\/www.andandonagraca.org\/site\/index.php?rest_route=\/wp\/v2\/users\/1"}],"replies":[{"embeddable":true,"href":"https:\/\/www.andandonagraca.org\/site\/index.php?rest_route=%2Fwp%2Fv2%2Fcomments&post=91"}],"version-history":[{"count":0,"href":"https:\/\/www.andandonagraca.org\/site\/index.php?rest_route=\/wp\/v2\/posts\/91\/revisions"}],"wp:featuredmedia":[{"embeddable":true,"href":"https:\/\/www.andandonagraca.org\/site\/index.php?rest_route=\/wp\/v2\/media\/1561"}],"wp:attachment":[{"href":"https:\/\/www.andandonagraca.org\/site\/index.php?rest_route=%2Fwp%2Fv2%2Fmedia&parent=91"}],"wp:term":[{"taxonomy":"category","embeddable":true,"href":"https:\/\/www.andandonagraca.org\/site\/index.php?rest_route=%2Fwp%2Fv2%2Fcategories&post=91"},{"taxonomy":"post_tag","embeddable":true,"href":"https:\/\/www.andandonagraca.org\/site\/index.php?rest_route=%2Fwp%2Fv2%2Ftags&post=91"}],"curies":[{"name":"wp","href":"https:\/\/api.w.org\/{rel}","templated":true}]}}