{"id":922,"date":"2011-08-07T00:37:25","date_gmt":"2011-08-07T02:37:25","guid":{"rendered":"https:\/\/www.afimdeproclamar.com\/site\/?p=922"},"modified":"2023-12-28T19:08:48","modified_gmt":"2023-12-28T22:08:48","slug":"a-igreja-que-precisamos-e-queremos","status":"publish","type":"post","link":"https:\/\/www.andandonagraca.org\/site\/?p=922","title":{"rendered":"A Igreja que precisamos e queremos"},"content":{"rendered":"<p><span style=\"text-align: justify;\">Em conversa com muitas pessoas, em v\u00e1rias partes do mundo, cheguei \u00e0 conclus\u00e3o de que tenho sentido falta da Igreja. Com certeza n\u00e3o \u00e9 o pr\u00e9dio em que podemos nos reunir.<\/span><\/p>\n<p style=\"text-align: justify;\">Ent\u00e3o qual Igreja?<!--more--><\/p>\n<p style=\"text-align: justify; padding-left: 30px;\">&#8211; a Igreja que cura<\/p>\n<p style=\"text-align: justify; padding-left: 30px;\">&#8211; a Igreja que salva<\/p>\n<p style=\"text-align: justify; padding-left: 30px;\">&#8211; a Igreja que trata<\/p>\n<p style=\"text-align: justify; padding-left: 30px;\">&#8211; a Igreja que ama<\/p>\n<p style=\"text-align: justify; padding-left: 30px;\">&#8211; a Igreja que cuida<\/p>\n<p style=\"text-align: justify; padding-left: 30px;\">&#8211; a Igreja que louva<\/p>\n<p style=\"text-align: justify; padding-left: 30px;\">&#8211; a Igreja que adora em esp\u00edrito e em verdade<\/p>\n<p style=\"text-align: justify; padding-left: 30px;\">&#8211; a Igreja que n\u00e3o julga segundo as apar\u00eancias<\/p>\n<p style=\"text-align: justify; padding-left: 30px;\">&#8211; a Igreja que supre as necessidades<\/p>\n<p style=\"text-align: justify; padding-left: 30px;\">&#8211; a Igreja que supre as car\u00eancias<\/p>\n<p style=\"text-align: justify; padding-left: 30px;\">&#8211; a Igreja que nos trata como ovelhas<\/p>\n<p style=\"text-align: justify; padding-left: 30px;\">&#8211; a Igreja que nos ouve<\/p>\n<p style=\"text-align: justify; padding-left: 30px;\">&#8211; a Igreja que nos faz querer a comunh\u00e3o di\u00e1ria com Deus a qualquer custo<\/p>\n<p style=\"text-align: justify; padding-left: 30px;\">&#8211; a Igreja que nos incentiva a ler a Palavra<\/p>\n<p style=\"text-align: justify; padding-left: 30px;\">&#8211; a Igreja que nos incentiva a desenvolver os dons<\/p>\n<p style=\"text-align: justify; padding-left: 30px;\">&#8211; a Igreja que nos treina e nos chama para a obra do minist\u00e9rio<\/p>\n<p style=\"text-align: justify; padding-left: 30px;\">&#8211; a Igreja que parte as paredes e deseja alargar as suas tendas<\/p>\n<p style=\"text-align: justify; padding-left: 30px;\">&#8211; a Igreja que enriquece os seus membros com a verdadeira riqueza<\/p>\n<p style=\"text-align: justify; padding-left: 30px;\">&#8211; a Igreja que nos faz triunfar em Cristo<\/p>\n<p style=\"text-align: justify; padding-left: 30px;\">&#8211; a Igreja que nos ensina a amar<\/p>\n<p style=\"text-align: justify; padding-left: 30px;\">&#8211; a Igreja que incentiva a comunh\u00e3o entre os irm\u00e3os<\/p>\n<p style=\"text-align: justify; padding-left: 30px;\">&#8211; a Igreja que nos transforma em intercessores<\/p>\n<p style=\"text-align: justify; padding-left: 30px;\">&#8211; a Igreja que vai atr\u00e1s dos feridos, desanimados, tristes, ca\u00eddos<\/p>\n<p style=\"text-align: justify; padding-left: 30px;\">&#8211; a Igreja que cura as fam\u00edlias<\/p>\n<p style=\"text-align: justify; padding-left: 30px;\">&#8211; a Igreja que trata os casamentos, que n\u00e3o incentiva o div\u00f3rcio<\/p>\n<p style=\"text-align: justify; padding-left: 30px;\">&#8211; A Igreja que cr\u00ea que tudo \u00e9 poss\u00edvel<\/p>\n<p style=\"text-align: justify; padding-left: 30px;\">&#8211; a Igreja que&#8230;<\/p>\n<p style=\"text-align: justify;\">Utopia? Sonho? Demagogia? Imposs\u00edvel?<\/p>\n<p style=\"text-align: justify;\">Eu creio que isto e muito mais pode ser realidade, s\u00f3 depende de n\u00f3s, pois\u00a0Deus quer restaurar-nos e nos fazer t\u00e3o poderosos quanto a Igreja primitiva!<\/p>\n<p style=\"text-align: justify;\">Creio que o Esp\u00edrito do Senhor est\u00e1 perguntando hoje: quantos est\u00e3o dispon\u00edveis para tornar realidade esta Igreja?<\/p>\n<p style=\"text-align: justify;\">Decidi, ent\u00e3o, lan\u00e7ar um desafio a voc\u00ea: vamos nos ajuntar para que esta Igreja se torne realidade?<\/p>\n<p style=\"text-align: justify;\">Muitas pessoas em muitos lugares est\u00e3o feridas, desanimadas, n\u00e3o querem ir aos cultos em suas denomina\u00e7\u00f5es. Cansaram do modelo imposto em muitos lugares, porque este modelo foge aos padr\u00f5es b\u00edblicos.<\/p>\n<p style=\"text-align: justify;\">Estas pessoas n\u00e3o desanimaram de Jesus Cristo, nem t\u00e3o pouco do Evangelho, procuram se reunir em casas, estudam a Palavra, oram, louvam, evangelizam, por\u00e9m n\u00e3o querem mais o sistema hibrido que est\u00e1 presente em boa parte das denomina\u00e7\u00f5es evang\u00e9licas.<\/p>\n<p style=\"text-align: justify;\">Estou inquieto nestes dias, pois tenho ouvido a mesma coisa, e este som vem de v\u00e1rias partes do mundo. N\u00e3o posso ficar indiferente a este clamor, nem t\u00e3o pouco posso temer a resist\u00eancia ou as prova\u00e7\u00f5es.<\/p>\n<p style=\"text-align: justify;\">Muitos empecilhos podem at\u00e9 se apresentar: incompreens\u00e3o de alguns, desconfian\u00e7a de outros, falta de dinheiro para desenvolvimento de projetos e por ai afora. Em contrapartida os resultados que se avistam s\u00e3o muito maiores que os empecilhos: a Gl\u00f3ria de Deus, festa no c\u00e9u, vidas resgatadas, ministros desenvolvendo seus minist\u00e9rios, a Igreja de Atos dos Ap\u00f3stolos sendo levantada em nossos dias.<\/p>\n<p style=\"text-align: justify;\">Se colocar contra este sistema h\u00edbrido \u00e9 uma posi\u00e7\u00e3o dif\u00edcil que os antigos profetas enfrentaram, mas hoje, mais do que nunca, se torna necess\u00e1rio a tomada de posi\u00e7\u00e3o. Milhares de pessoas em todo o mundo est\u00e3o nesta situa\u00e7\u00e3o, n\u00e3o sabem mais o que fazer, sentem falta da Igreja, sentem falta da comunh\u00e3o dos santos, sentem falta do b\u00e1lsamo, do \u00f3leo, da alegria, da f\u00e9. Mas tamb\u00e9m sentem falta da integridade, da fidelidade e, sobretudo do temor a Deus.<\/p>\n<p style=\"text-align: justify;\">N\u00e3o querem shows, teatros, nem t\u00e3o pouco querem ir a um clube aos domingos. Querem ir a um lugar onde a Igreja se re\u00fane para louvar e adorar, se ofertando como um sacrif\u00edcio vivo. Est\u00e3o cansados do evangelho que amontoa riquezas terrenas, que constr\u00f3i templos suntuosos, enquanto muitos membros n\u00e3o t\u00eam o que comer, nem onde dormir, nem t\u00e3o pouco onde se abrigar com dignidade. Onde l\u00edderes exigem sacrif\u00edcios de seu povo, mas estes mesmos l\u00edderes n\u00e3o est\u00e3o dispostos a nenhum tipo de sacrif\u00edcio.<\/p>\n<p style=\"text-align: justify;\">Este povo est\u00e1 cansado de esc\u00e2ndalos, mentiras, meias verdades, de tirania. Cansado de ver uma lideran\u00e7a composta por fam\u00edlias que det\u00e9m o poder, a riqueza, e que n\u00e3o se importa com o povo. Cansado deste apostolicismo e bispado modernos.<\/p>\n<p style=\"text-align: justify;\">Querem o Evangelho do Reino, querem compromisso com o Evangelho da cruz, do sangue de Jesus Cristo, querem o verdadeiro Evangelho, pregado com gra\u00e7a, un\u00e7\u00e3o, autoridade, com sabedoria do alto e que demonstre esp\u00edrito e poder, onde os enfermos s\u00e3o curados, os cegos v\u00eaem, os coxos andam, os dem\u00f4nios s\u00e3o expulsos, onde o n\u00e3o salvo se torne um disc\u00edpulo, o disc\u00edpulo se torne um servo, e o servo sirva, com todo empenho, ao seu Senhor, para que naquele dia possa ouvir: \u201cServo bom e fiel, no pouco foste fiel sobre o muito te colocarei&#8230;\u201d<\/p>\n<p style=\"text-align: justify;\">\u00c9 hora de deixarmos os embara\u00e7os, \u00e9 hora de nos levantar e comprar azeite.<\/p>\n<p style=\"text-align: justify;\">Mas vir\u00e1 o tempo, e, de fato, j\u00e1 chegou, em que os verdadeiros adoradores v\u00e3o adorar o Pai em esp\u00edrito e em verdade. Pois s\u00e3o esses que o Pai quer que o adorem. Deus \u00e9 Esp\u00edrito, e por isso os que o adoram devem ador\u00e1-lo em esp\u00edrito e em verdade. Jo. 4:23-24<\/p>\n<p style=\"text-align: justify;\">Ai est\u00e1 o que falta em muitos lugares em nossos dias: esp\u00edrito e verdade.<\/p>\n<p style=\"text-align: justify;\">C. G. Finney afirmou, por volta do ano de 1850:<\/p>\n<p style=\"text-align: justify; padding-left: 30px;\">\u201cQuando existe falta de amor fraternal e confian\u00e7a entre os crentes faz-se necess\u00e1rio um reavivamento.<\/p>\n<p style=\"text-align: justify; padding-left: 30px;\">H\u00e1 nesse momento um forte clamor para que Deus reavive a Sua obra. Espere por um reavivamento quando existirem dissens\u00f5es, ci\u00fames e rumores maldosos entre os crentes.<\/p>\n<p style=\"text-align: justify; padding-left: 30px;\">Essas coisas mostram que os crist\u00e3os se afastaram de Deus e que \u00e9 hora de pensar seriamente em um reavivamento.<\/p>\n<p style=\"text-align: justify; padding-left: 30px;\">O reavivamento \u00e9 necess\u00e1rio quando h\u00e1 um esp\u00edrito mundano na igreja. Ela se afunda num estado de apostasia quando se v\u00eaem os crist\u00e3os conformes o mundo em vestimentas, festas, buscas de divers\u00f5es mundanas e leituras de romances imorais.<\/p>\n<p style=\"text-align: justify; padding-left: 30px;\">Quando a igreja encontrar seus membros caindo em pecados escandalosos e indecentes, \u00e9 tempo de despertar e clamar a Deus por um reavivamento.<\/p>\n<p style=\"text-align: justify; padding-left: 30px;\">Pode-se esperar um reavivamento quando os crist\u00e3os possu\u00edrem o esp\u00edrito de ora\u00e7\u00e3o para o reavivamento. Isto \u00e9 quando orarem como se seus cora\u00e7\u00f5es o desejarem ardentemente.<\/p>\n<p style=\"text-align: justify; padding-left: 30px;\">Um reavivamento est\u00e1 perto quando os crist\u00e3os come\u00e7am a confessar os pecados uns aos outros.<\/p>\n<p style=\"text-align: justify; padding-left: 30px;\">Pode-se esperar um reavivamento quando os crist\u00e3os estiverem dispostos a fazer os sacrif\u00edcios necess\u00e1rios para conduzi-lo\u201d.<\/p>\n<p style=\"text-align: justify;\">Para mim est\u00e1 claro que esta afirma\u00e7\u00e3o \u00e9 realidade para n\u00f3s, assim sendo precisamos tomar uma atitude, se estivermos dispostos a fazer os sacrif\u00edcios necess\u00e1rios, teremos um reavivamento em nossos dias e creio que tamb\u00e9m ser\u00e1 poss\u00edvel termos uma igreja minimamente parecida com a igreja primitiva.<\/p>\n<p style=\"text-align: justify;\">As tr\u00eas perguntas s\u00e3o:<\/p>\n<ul style=\"text-align: justify;\">\n<li>Est\u00e1 disposto?<\/li>\n<li>Vamos nos unir neste prop\u00f3sito?<\/li>\n<li>Vamos tomar uma atitude?<\/li>\n<\/ul>\n<p style=\"text-align: justify;\">Qual a sua resposta a estas quest\u00f5es?<\/p>\n","protected":false},"excerpt":{"rendered":"<p>Em conversa com muitas pessoas, em v\u00e1rias partes do mundo, cheguei \u00e0 conclus\u00e3o de que tenho sentido falta<\/p>\n","protected":false},"author":1,"featured_media":67834,"comment_status":"open","ping_status":"open","sticky":false,"template":"","format":"standard","meta":{"footnotes":""},"categories":[8],"tags":[24,61,29,19,46],"class_list":["post-922","post","type-post","status-publish","format-standard","has-post-thumbnail","hentry","category-lideranca","tag-apostasia","tag-comportamento","tag-cruz","tag-evangelho","tag-santidade"],"yoast_head":"<!-- This site is optimized with the Yoast SEO plugin v27.5 - https:\/\/yoast.com\/product\/yoast-seo-wordpress\/ -->\n<title>A Igreja que precisamos e queremos - Pr. Jonas Santana<\/title>\n<meta name=\"robots\" content=\"index, follow, max-snippet:-1, max-image-preview:large, max-video-preview:-1\" \/>\n<link rel=\"canonical\" href=\"https:\/\/www.andandonagraca.org\/site\/?p=922\" \/>\n<meta property=\"og:locale\" content=\"pt_BR\" \/>\n<meta property=\"og:type\" content=\"article\" \/>\n<meta property=\"og:title\" content=\"A Igreja que precisamos e queremos - Pr. Jonas Santana\" \/>\n<meta property=\"og:description\" content=\"Em conversa com muitas pessoas, em v\u00e1rias partes do mundo, cheguei \u00e0 conclus\u00e3o de que tenho sentido falta\" \/>\n<meta property=\"og:url\" content=\"https:\/\/www.andandonagraca.org\/site\/?p=922\" \/>\n<meta property=\"og:site_name\" content=\"Pr. Jonas Santana\" \/>\n<meta property=\"article:publisher\" content=\"https:\/\/www.facebook.com\/andandonagraca\" \/>\n<meta property=\"article:author\" content=\"https:\/\/www.facebook.com\/andandonagraca\" \/>\n<meta property=\"article:published_time\" content=\"2011-08-07T02:37:25+00:00\" \/>\n<meta property=\"article:modified_time\" content=\"2023-12-28T22:08:48+00:00\" \/>\n<meta property=\"og:image\" content=\"https:\/\/www.andandonagraca.org\/site\/wp-content\/uploads\/2011\/08\/church-1.jpg\" \/>\n\t<meta property=\"og:image:width\" content=\"1920\" \/>\n\t<meta property=\"og:image:height\" content=\"1080\" \/>\n\t<meta property=\"og:image:type\" content=\"image\/jpeg\" \/>\n<meta name=\"author\" content=\"Pr. Jonas Santana\" \/>\n<meta name=\"twitter:card\" content=\"summary_large_image\" \/>\n<meta name=\"twitter:label1\" content=\"Escrito por\" \/>\n\t<meta name=\"twitter:data1\" content=\"Pr. Jonas Santana\" \/>\n\t<meta name=\"twitter:label2\" content=\"Est. tempo de leitura\" \/>\n\t<meta name=\"twitter:data2\" content=\"7 minutos\" \/>\n<script type=\"application\/ld+json\" class=\"yoast-schema-graph\">{\"@context\":\"https:\\\/\\\/schema.org\",\"@graph\":[{\"@type\":\"Article\",\"@id\":\"https:\\\/\\\/www.andandonagraca.org\\\/site\\\/?p=922#article\",\"isPartOf\":{\"@id\":\"https:\\\/\\\/www.andandonagraca.org\\\/site\\\/?p=922\"},\"author\":{\"name\":\"Pr. Jonas Santana\",\"@id\":\"https:\\\/\\\/www.andandonagraca.org\\\/site\\\/#\\\/schema\\\/person\\\/225d0dedb572d4570a947397af2606ed\"},\"headline\":\"A Igreja que precisamos e queremos\",\"datePublished\":\"2011-08-07T02:37:25+00:00\",\"dateModified\":\"2023-12-28T22:08:48+00:00\",\"mainEntityOfPage\":{\"@id\":\"https:\\\/\\\/www.andandonagraca.org\\\/site\\\/?p=922\"},\"wordCount\":1249,\"commentCount\":1,\"image\":{\"@id\":\"https:\\\/\\\/www.andandonagraca.org\\\/site\\\/?p=922#primaryimage\"},\"thumbnailUrl\":\"https:\\\/\\\/www.andandonagraca.org\\\/site\\\/wp-content\\\/uploads\\\/2011\\\/08\\\/church-1.jpg\",\"keywords\":[\"apostasia\",\"comportamento\",\"cruz\",\"evangelho\",\"santidade\"],\"articleSection\":[\"An\u00e1lise da Igreja Moderna &amp; sua Lideran\u00e7a\"],\"inLanguage\":\"pt-BR\",\"potentialAction\":[{\"@type\":\"CommentAction\",\"name\":\"Comment\",\"target\":[\"https:\\\/\\\/www.andandonagraca.org\\\/site\\\/?p=922#respond\"]}]},{\"@type\":\"WebPage\",\"@id\":\"https:\\\/\\\/www.andandonagraca.org\\\/site\\\/?p=922\",\"url\":\"https:\\\/\\\/www.andandonagraca.org\\\/site\\\/?p=922\",\"name\":\"A Igreja que precisamos e queremos - Pr. Jonas Santana\",\"isPartOf\":{\"@id\":\"https:\\\/\\\/www.andandonagraca.org\\\/site\\\/#website\"},\"primaryImageOfPage\":{\"@id\":\"https:\\\/\\\/www.andandonagraca.org\\\/site\\\/?p=922#primaryimage\"},\"image\":{\"@id\":\"https:\\\/\\\/www.andandonagraca.org\\\/site\\\/?p=922#primaryimage\"},\"thumbnailUrl\":\"https:\\\/\\\/www.andandonagraca.org\\\/site\\\/wp-content\\\/uploads\\\/2011\\\/08\\\/church-1.jpg\",\"datePublished\":\"2011-08-07T02:37:25+00:00\",\"dateModified\":\"2023-12-28T22:08:48+00:00\",\"author\":{\"@id\":\"https:\\\/\\\/www.andandonagraca.org\\\/site\\\/#\\\/schema\\\/person\\\/225d0dedb572d4570a947397af2606ed\"},\"breadcrumb\":{\"@id\":\"https:\\\/\\\/www.andandonagraca.org\\\/site\\\/?p=922#breadcrumb\"},\"inLanguage\":\"pt-BR\",\"potentialAction\":[{\"@type\":\"ReadAction\",\"target\":[\"https:\\\/\\\/www.andandonagraca.org\\\/site\\\/?p=922\"]}]},{\"@type\":\"ImageObject\",\"inLanguage\":\"pt-BR\",\"@id\":\"https:\\\/\\\/www.andandonagraca.org\\\/site\\\/?p=922#primaryimage\",\"url\":\"https:\\\/\\\/www.andandonagraca.org\\\/site\\\/wp-content\\\/uploads\\\/2011\\\/08\\\/church-1.jpg\",\"contentUrl\":\"https:\\\/\\\/www.andandonagraca.org\\\/site\\\/wp-content\\\/uploads\\\/2011\\\/08\\\/church-1.jpg\",\"width\":1920,\"height\":1080},{\"@type\":\"BreadcrumbList\",\"@id\":\"https:\\\/\\\/www.andandonagraca.org\\\/site\\\/?p=922#breadcrumb\",\"itemListElement\":[{\"@type\":\"ListItem\",\"position\":1,\"name\":\"In\u00edcio\",\"item\":\"https:\\\/\\\/www.andandonagraca.org\\\/site\"},{\"@type\":\"ListItem\",\"position\":2,\"name\":\"A Igreja que precisamos e queremos\"}]},{\"@type\":\"WebSite\",\"@id\":\"https:\\\/\\\/www.andandonagraca.org\\\/site\\\/#website\",\"url\":\"https:\\\/\\\/www.andandonagraca.org\\\/site\\\/\",\"name\":\"Pr. Jonas Santana\",\"description\":\"ANDANDO NA GRA\u00c7A - AEMSF\",\"potentialAction\":[{\"@type\":\"SearchAction\",\"target\":{\"@type\":\"EntryPoint\",\"urlTemplate\":\"https:\\\/\\\/www.andandonagraca.org\\\/site\\\/?s={search_term_string}\"},\"query-input\":{\"@type\":\"PropertyValueSpecification\",\"valueRequired\":true,\"valueName\":\"search_term_string\"}}],\"inLanguage\":\"pt-BR\"},{\"@type\":\"Person\",\"@id\":\"https:\\\/\\\/www.andandonagraca.org\\\/site\\\/#\\\/schema\\\/person\\\/225d0dedb572d4570a947397af2606ed\",\"name\":\"Pr. Jonas Santana\",\"image\":{\"@type\":\"ImageObject\",\"inLanguage\":\"pt-BR\",\"@id\":\"https:\\\/\\\/secure.gravatar.com\\\/avatar\\\/7f463b781f71522d52f2ff3dae3592f9f7b0e24187fc413b95cd3efa8429de28?s=96&d=mm&r=g\",\"url\":\"https:\\\/\\\/secure.gravatar.com\\\/avatar\\\/7f463b781f71522d52f2ff3dae3592f9f7b0e24187fc413b95cd3efa8429de28?s=96&d=mm&r=g\",\"contentUrl\":\"https:\\\/\\\/secure.gravatar.com\\\/avatar\\\/7f463b781f71522d52f2ff3dae3592f9f7b0e24187fc413b95cd3efa8429de28?s=96&d=mm&r=g\",\"caption\":\"Pr. Jonas Santana\"},\"description\":\"Pastor, pesquisador b\u00edblico, pregador do Evangelho do Reino A fidelidade requer que entreguemos o evangelho sob todos os \u00e2ngulos, sem omitir nada e sem exagerar em nada. Para isto requer-se muita sabedoria. Nosso desejo \u00e9 compartilhar a sabedoria do Reino de Deus a todos aqueles que o desejam de todo o cora\u00e7\u00e3o.\",\"sameAs\":[\"https:\\\/\\\/www.andandonagraca.org\",\"https:\\\/\\\/www.facebook.com\\\/andandonagraca\",\"https:\\\/\\\/www.instagram.com\\\/andandonagraca\\\/\",\"https:\\\/\\\/www.youtube.com\\\/@andandonagraca\",\"https:\\\/\\\/podcasters.spotify.com\\\/pod\\\/show\\\/andandonagraca\\\/\"],\"url\":\"https:\\\/\\\/www.andandonagraca.org\\\/site\\\/?author=1\"}]}<\/script>\n<!-- \/ Yoast SEO plugin. -->","yoast_head_json":{"title":"A Igreja que precisamos e queremos - Pr. Jonas Santana","robots":{"index":"index","follow":"follow","max-snippet":"max-snippet:-1","max-image-preview":"max-image-preview:large","max-video-preview":"max-video-preview:-1"},"canonical":"https:\/\/www.andandonagraca.org\/site\/?p=922","og_locale":"pt_BR","og_type":"article","og_title":"A Igreja que precisamos e queremos - Pr. Jonas Santana","og_description":"Em conversa com muitas pessoas, em v\u00e1rias partes do mundo, cheguei \u00e0 conclus\u00e3o de que tenho sentido falta","og_url":"https:\/\/www.andandonagraca.org\/site\/?p=922","og_site_name":"Pr. Jonas Santana","article_publisher":"https:\/\/www.facebook.com\/andandonagraca","article_author":"https:\/\/www.facebook.com\/andandonagraca","article_published_time":"2011-08-07T02:37:25+00:00","article_modified_time":"2023-12-28T22:08:48+00:00","og_image":[{"width":1920,"height":1080,"url":"https:\/\/www.andandonagraca.org\/site\/wp-content\/uploads\/2011\/08\/church-1.jpg","type":"image\/jpeg"}],"author":"Pr. Jonas Santana","twitter_card":"summary_large_image","twitter_misc":{"Escrito por":"Pr. Jonas Santana","Est. tempo de leitura":"7 minutos"},"schema":{"@context":"https:\/\/schema.org","@graph":[{"@type":"Article","@id":"https:\/\/www.andandonagraca.org\/site\/?p=922#article","isPartOf":{"@id":"https:\/\/www.andandonagraca.org\/site\/?p=922"},"author":{"name":"Pr. Jonas Santana","@id":"https:\/\/www.andandonagraca.org\/site\/#\/schema\/person\/225d0dedb572d4570a947397af2606ed"},"headline":"A Igreja que precisamos e queremos","datePublished":"2011-08-07T02:37:25+00:00","dateModified":"2023-12-28T22:08:48+00:00","mainEntityOfPage":{"@id":"https:\/\/www.andandonagraca.org\/site\/?p=922"},"wordCount":1249,"commentCount":1,"image":{"@id":"https:\/\/www.andandonagraca.org\/site\/?p=922#primaryimage"},"thumbnailUrl":"https:\/\/www.andandonagraca.org\/site\/wp-content\/uploads\/2011\/08\/church-1.jpg","keywords":["apostasia","comportamento","cruz","evangelho","santidade"],"articleSection":["An\u00e1lise da Igreja Moderna &amp; sua Lideran\u00e7a"],"inLanguage":"pt-BR","potentialAction":[{"@type":"CommentAction","name":"Comment","target":["https:\/\/www.andandonagraca.org\/site\/?p=922#respond"]}]},{"@type":"WebPage","@id":"https:\/\/www.andandonagraca.org\/site\/?p=922","url":"https:\/\/www.andandonagraca.org\/site\/?p=922","name":"A Igreja que precisamos e queremos - Pr. Jonas Santana","isPartOf":{"@id":"https:\/\/www.andandonagraca.org\/site\/#website"},"primaryImageOfPage":{"@id":"https:\/\/www.andandonagraca.org\/site\/?p=922#primaryimage"},"image":{"@id":"https:\/\/www.andandonagraca.org\/site\/?p=922#primaryimage"},"thumbnailUrl":"https:\/\/www.andandonagraca.org\/site\/wp-content\/uploads\/2011\/08\/church-1.jpg","datePublished":"2011-08-07T02:37:25+00:00","dateModified":"2023-12-28T22:08:48+00:00","author":{"@id":"https:\/\/www.andandonagraca.org\/site\/#\/schema\/person\/225d0dedb572d4570a947397af2606ed"},"breadcrumb":{"@id":"https:\/\/www.andandonagraca.org\/site\/?p=922#breadcrumb"},"inLanguage":"pt-BR","potentialAction":[{"@type":"ReadAction","target":["https:\/\/www.andandonagraca.org\/site\/?p=922"]}]},{"@type":"ImageObject","inLanguage":"pt-BR","@id":"https:\/\/www.andandonagraca.org\/site\/?p=922#primaryimage","url":"https:\/\/www.andandonagraca.org\/site\/wp-content\/uploads\/2011\/08\/church-1.jpg","contentUrl":"https:\/\/www.andandonagraca.org\/site\/wp-content\/uploads\/2011\/08\/church-1.jpg","width":1920,"height":1080},{"@type":"BreadcrumbList","@id":"https:\/\/www.andandonagraca.org\/site\/?p=922#breadcrumb","itemListElement":[{"@type":"ListItem","position":1,"name":"In\u00edcio","item":"https:\/\/www.andandonagraca.org\/site"},{"@type":"ListItem","position":2,"name":"A Igreja que precisamos e queremos"}]},{"@type":"WebSite","@id":"https:\/\/www.andandonagraca.org\/site\/#website","url":"https:\/\/www.andandonagraca.org\/site\/","name":"Pr. Jonas Santana","description":"ANDANDO NA GRA\u00c7A - AEMSF","potentialAction":[{"@type":"SearchAction","target":{"@type":"EntryPoint","urlTemplate":"https:\/\/www.andandonagraca.org\/site\/?s={search_term_string}"},"query-input":{"@type":"PropertyValueSpecification","valueRequired":true,"valueName":"search_term_string"}}],"inLanguage":"pt-BR"},{"@type":"Person","@id":"https:\/\/www.andandonagraca.org\/site\/#\/schema\/person\/225d0dedb572d4570a947397af2606ed","name":"Pr. Jonas Santana","image":{"@type":"ImageObject","inLanguage":"pt-BR","@id":"https:\/\/secure.gravatar.com\/avatar\/7f463b781f71522d52f2ff3dae3592f9f7b0e24187fc413b95cd3efa8429de28?s=96&d=mm&r=g","url":"https:\/\/secure.gravatar.com\/avatar\/7f463b781f71522d52f2ff3dae3592f9f7b0e24187fc413b95cd3efa8429de28?s=96&d=mm&r=g","contentUrl":"https:\/\/secure.gravatar.com\/avatar\/7f463b781f71522d52f2ff3dae3592f9f7b0e24187fc413b95cd3efa8429de28?s=96&d=mm&r=g","caption":"Pr. Jonas Santana"},"description":"Pastor, pesquisador b\u00edblico, pregador do Evangelho do Reino A fidelidade requer que entreguemos o evangelho sob todos os \u00e2ngulos, sem omitir nada e sem exagerar em nada. Para isto requer-se muita sabedoria. Nosso desejo \u00e9 compartilhar a sabedoria do Reino de Deus a todos aqueles que o desejam de todo o cora\u00e7\u00e3o.","sameAs":["https:\/\/www.andandonagraca.org","https:\/\/www.facebook.com\/andandonagraca","https:\/\/www.instagram.com\/andandonagraca\/","https:\/\/www.youtube.com\/@andandonagraca","https:\/\/podcasters.spotify.com\/pod\/show\/andandonagraca\/"],"url":"https:\/\/www.andandonagraca.org\/site\/?author=1"}]}},"_links":{"self":[{"href":"https:\/\/www.andandonagraca.org\/site\/index.php?rest_route=\/wp\/v2\/posts\/922","targetHints":{"allow":["GET"]}}],"collection":[{"href":"https:\/\/www.andandonagraca.org\/site\/index.php?rest_route=\/wp\/v2\/posts"}],"about":[{"href":"https:\/\/www.andandonagraca.org\/site\/index.php?rest_route=\/wp\/v2\/types\/post"}],"author":[{"embeddable":true,"href":"https:\/\/www.andandonagraca.org\/site\/index.php?rest_route=\/wp\/v2\/users\/1"}],"replies":[{"embeddable":true,"href":"https:\/\/www.andandonagraca.org\/site\/index.php?rest_route=%2Fwp%2Fv2%2Fcomments&post=922"}],"version-history":[{"count":1,"href":"https:\/\/www.andandonagraca.org\/site\/index.php?rest_route=\/wp\/v2\/posts\/922\/revisions"}],"predecessor-version":[{"id":67835,"href":"https:\/\/www.andandonagraca.org\/site\/index.php?rest_route=\/wp\/v2\/posts\/922\/revisions\/67835"}],"wp:featuredmedia":[{"embeddable":true,"href":"https:\/\/www.andandonagraca.org\/site\/index.php?rest_route=\/wp\/v2\/media\/67834"}],"wp:attachment":[{"href":"https:\/\/www.andandonagraca.org\/site\/index.php?rest_route=%2Fwp%2Fv2%2Fmedia&parent=922"}],"wp:term":[{"taxonomy":"category","embeddable":true,"href":"https:\/\/www.andandonagraca.org\/site\/index.php?rest_route=%2Fwp%2Fv2%2Fcategories&post=922"},{"taxonomy":"post_tag","embeddable":true,"href":"https:\/\/www.andandonagraca.org\/site\/index.php?rest_route=%2Fwp%2Fv2%2Ftags&post=922"}],"curies":[{"name":"wp","href":"https:\/\/api.w.org\/{rel}","templated":true}]}}