{"id":93,"date":"2008-05-15T15:54:44","date_gmt":"2008-05-15T17:54:44","guid":{"rendered":"https:\/\/www.afimdeproclamar.com\/site\/?p=93"},"modified":"2021-02-10T09:56:09","modified_gmt":"2021-02-10T12:56:09","slug":"oracao","status":"publish","type":"post","link":"https:\/\/www.andandonagraca.org\/site\/?p=93","title":{"rendered":"Ora\u00e7\u00e3o"},"content":{"rendered":"<blockquote>\n<p style=\"text-align: justify;\"><strong>Elementos para avivamento: Santifica\u00e7\u00e3o, Ora\u00e7\u00e3o, Palavra<\/strong><\/p>\n<\/blockquote>\n<p style=\"text-align: justify;\">ORA\u00c7\u00c3O<\/p>\n<p style=\"text-align: justify;\">I Ts. 5:17 \u2013 \u201cOrai sem cessar.\u201d.<!--more--><\/p>\n<p style=\"text-align: justify;\">A \u2013 Defini\u00e7\u00e3o<\/p>\n<p style=\"text-align: justify;\">\u2013 Uma aproxima\u00e7\u00e3o da pessoa a Deus por meio de palavras ou do pensamento, em particular ou em p\u00fablico.<\/p>\n<p style=\"text-align: justify;\">Defini\u00e7\u00f5es dos V\u00e1rios Tipos de Ora\u00e7\u00f5es:<\/p>\n<p style=\"text-align: justify;\">Clamar = bradar; gritar, proferir em altas vozes, exorar, implorar, exigir, reclamar.<\/p>\n<p style=\"text-align: justify;\">Clamor = s\u00faplica proferida em altas vozes<\/p>\n<p style=\"text-align: justify;\">Suplicar = pedir com humildade e inst\u00e2ncia<\/p>\n<p style=\"text-align: justify;\">Proferir = pronunciar<\/p>\n<p style=\"text-align: justify;\">Deprecar = tentar desviar ou afastar um mal com s\u00faplicas ou ora\u00e7\u00f5es<\/p>\n<p style=\"text-align: justify;\">Interceder = pedir, rogar por outrem ou por alguma coisa.<\/p>\n<p style=\"text-align: justify;\">A constante ora\u00e7\u00e3o nos leva a um estado de total depend\u00eancia de Deus. Ou seja: a um estado de vida pela f\u00e9 em Deus, porque sem f\u00e9 \u00e9 imposs\u00edvel agradar a Deus.<\/p>\n<p style=\"text-align: justify;\">F\u00e9 \u00e9 um estado de confian\u00e7a que leva a depend\u00eancia plena de Deus, estando certo de que Deus cumpre sempre o que promete.<\/p>\n<p style=\"text-align: justify;\">A incans\u00e1vel busca pela santidade, a incans\u00e1vel busca pela plenitude do Esp\u00edrito Santo; enquanto n\u00e3o alcan\u00e7armos n\u00e3o devemos parar de buscar.<\/p>\n<p style=\"text-align: justify;\">O fato de Deus saber do que precisamos n\u00e3o nega o fato de termos de buscar Nele o que queremos e precisamos.<\/p>\n<p style=\"text-align: justify;\">As promessas de Deus s\u00e3o as nossas garantias de que teremos as nossas respostas.<\/p>\n<p style=\"text-align: justify;\">A f\u00e9 nas promessas de Deus \u00e9 a chave para conquistarmos o que procuramos<\/p>\n<p style=\"text-align: justify;\">O fato de precisarmos e sabermos que Ele nos prometeu o que procuramos n\u00e3o muda a exig\u00eancia de sermos insistentes (perseverantes) nas nossas peti\u00e7\u00f5es.<\/p>\n<p style=\"text-align: justify;\">Atrav\u00e9s de uma vida de ora\u00e7\u00e3o \u00e9 que conseguiremos atingir os objetivos que Deus estipulou para n\u00f3s<\/p>\n<p style=\"text-align: justify;\">B &#8211; Inclui<\/p>\n<p style=\"text-align: justify;\">1- Confiss\u00e3o \u2013 Sl. 51<\/p>\n<p style=\"text-align: justify;\">2- Adora\u00e7\u00e3o \u2013 Sl. 95:6-9 &#8211; Vinde, adoremos e prostremo-nos; ajoelhemos diante do Senhor, que nos criou.<\/p>\n<p style=\"text-align: justify;\">Ele \u00e9 o nosso Deus, e n\u00f3s, povo do seu pasto e ovelhas de sua m\u00e3o. Hoje, se ouvirdes a sua voz, n\u00e3o endure\u00e7ais o cora\u00e7\u00e3o, como em Merib\u00e1, como no dia de Mass\u00e1, no deserto, quando vossos pais me tentaram, pondo-me \u00e0 prova, n\u00e3o obstante terem visto as minhas obras.<\/p>\n<p style=\"text-align: justify;\">Ap. 11:16 -17 &#8211; E os vinte e quatro anci\u00e3os que se encontram sentados no seu trono, diante de Deus, prostraram-se sobre o seu rosto e adoraram a Deus, dizendo: Gra\u00e7as te damos, Senhor Deus, Todo-Poderoso, que \u00e9s e que eras, porque assumiste o teu grande poder e passaste a reinar.<\/p>\n<p style=\"text-align: justify;\">3- Comunh\u00e3o \u2013 Sl. 103:1-8 &#8211; Bendize \u00f3 minha alma, ao Senhor, e tudo o que h\u00e1 em mim bendiga ao seu santo nome. Bendize \u00f3 minha alma, ao Senhor, e n\u00e3o te esque\u00e7as de nem um s\u00f3 de seus benef\u00edcios. Ele \u00e9 quem perdoa todas as tuas iniq\u00fcidades; quem sara todas as tuas enfermidades; quem da cova redime a tua vida e te coroa de gra\u00e7a e miseric\u00f3rdia; quem farta de bens a tua velhice, de sorte que a tua mocidade se renova como a da \u00e1guia. O Senhor faz justi\u00e7a e julga a todos os oprimidos. Manifestou os seus caminhos a Mois\u00e9s e os seus feitos aos filhos de Israel. O Senhor \u00e9 misericordioso e compassivo; long\u00e2nimo e assaz benigno.<\/p>\n<p style=\"text-align: justify;\">4- Gratid\u00e3o \u2013 I Tm. 2:1 &#8211; Antes de tudo, pois, exorto que se use a pr\u00e1tica de s\u00faplicas, ora\u00e7\u00f5es, intercess\u00f5es, a\u00e7\u00f5es de gra\u00e7as, em favor de todos os homens,<\/p>\n<p style=\"text-align: justify;\">5- Peti\u00e7\u00e3o pessoal \u2013 II Co. 12:8 &#8211; Por causa disto, tr\u00eas vezes pedi ao Senhor que o afastasse de mim.<\/p>\n<p style=\"text-align: justify;\">6- Intercess\u00e3o pelos outros \u2013 Rm. 10:1 &#8211; Irm\u00e3os, a boa vontade do meu cora\u00e7\u00e3o e a minha s\u00faplica a Deus a favor deles s\u00e3o para que sejam salvos.<\/p>\n<p style=\"text-align: justify;\">C &#8211; Deus Sempre Ouve A Ora\u00e7\u00e3o Verdadeira<\/p>\n<p style=\"text-align: justify;\">J\u00f3 34:28 &#8211; e, assim, fizeram que o clamor do pobre subisse at\u00e9 Deus, e este ouviu o lamento dos aflitos.<\/p>\n<p style=\"text-align: justify;\">Sl. 4:3 &#8211; Sabei, por\u00e9m, que o Senhor distingue para si o piedoso; o Senhor me ouve quando eu clamo por ele.<\/p>\n<p style=\"text-align: justify;\">Sl. 18:6 &#8211; Na minha ang\u00fastia, invoquei o Senhor, gritei por socorro ao meu Deus. Ele do seu templo ouviu a minha voz, e o meu clamor lhe penetrou os ouvidos.<\/p>\n<p style=\"text-align: justify;\">Sl. 34:17 &#8211; Clamam os justos, e o Senhor os escuta e os livra de todas as suas tribula\u00e7\u00f5es.<\/p>\n<p style=\"text-align: justify;\">Pv. 15:29 &#8211; O Senhor est\u00e1 longe dos perversos, mas atende \u00e0 ora\u00e7\u00e3o dos justos.<\/p>\n<p style=\"text-align: justify;\">Mq. 7:7 &#8211; Eu, por\u00e9m, olharei para o Senhor e esperarei no Deus da minha salva\u00e7\u00e3o; o meu Deus me ouvir\u00e1.<\/p>\n<p style=\"text-align: justify;\">Zc. 10:6 &#8211; Fortalecerei a casa de Jud\u00e1, e salvarei a casa de Jos\u00e9, e f\u00e1-los-ei voltar, porque me compade\u00e7o deles; e ser\u00e3o como se eu n\u00e3o os tivera rejeitado, porque eu sou o Senhor, seu Deus, e os ouvirei.<\/p>\n<p style=\"text-align: justify;\">D &#8211; Deus Promete Que Responde \u00c0s Nossas Ora\u00e7\u00f5es<\/p>\n<p style=\"text-align: justify;\">Sl. 91:15 &#8211; Ele me invocar\u00e1, e eu lhe responderei; na sua ang\u00fastia eu estarei com ele, livr\u00e1-lo-ei e o glorificarei.<\/p>\n<p style=\"text-align: justify;\">Is. 41:17 \u2013 Os aflitos e necessitados buscam \u00e1guas, e n\u00e3o as h\u00e1, e a sua l\u00edngua se seca de sede; mas eu, o Senhor, os ouvirei, eu, o Deus de Israel, n\u00e3o os desampararei.<\/p>\n<p style=\"text-align: justify;\">Is. 58:9 \u2013 ent\u00e3o, clamar\u00e1s, e o Senhor te responder\u00e1; gritar\u00e1s por socorro, e ele dir\u00e1: Eis-me aqui. Se tirares do meio de ti o jugo, o dedo que amea\u00e7a o falar injurioso;<\/p>\n<p style=\"text-align: justify;\">Is. 65:24 \u2013 E ser\u00e1 que, antes que clamem, eu responderei; estando eles ainda falando, eu os ouvirei.<\/p>\n<p style=\"text-align: justify;\">Jr. 33:3 \u2013 Clama a mim, e responder-te-ei e anunciar-te-ei coisas grandes e firmes, que n\u00e3o sabes.<\/p>\n<p style=\"text-align: justify;\">Zc. 13:9 \u2013 E farei passar essa terceira parte pelo fogo, e a purificarei, como se purifica a prata, e a provarei, como se prova o ouro; ela invocar\u00e1 o meu nome, e eu a ouvirei; direi: \u00c9 meu povo; e ela dir\u00e1: O Senhor \u00e9 meu Deus.<\/p>\n<p style=\"text-align: justify;\">Lc. 11:9 \u2013 E eu vos digo a v\u00f3s: Pedi, e dar-se-vos-\u00e1; buscai, e achareis; batei, e abrir-se-vos-\u00e1;<\/p>\n<p style=\"text-align: justify;\">Jo. 14:14 \u2013 Se pedirdes alguma coisa em meu nome, eu o farei.<\/p>\n<p style=\"text-align: justify;\">I Jo. 3:22 \u2013 e qualquer coisa que lhe pedirmos, dele a receberemos, porque guardamos os seus mandamentos e fazemos o que \u00e9 agrad\u00e1vel \u00e0 sua vista.<\/p>\n<p style=\"text-align: justify;\">E &#8211; Mas \u00c0S Vezes As Ora\u00e7\u00f5es N\u00e3o S\u00e3o Respondidas Por N\u00e3o Estarem de Acordo Com A Vontade de Deus<\/p>\n<p style=\"text-align: justify;\">Ex. 33:20 \u2013 E disse mais: N\u00e3o poder\u00e1s ver a minha face, porquanto homem nenhum ver\u00e1 a minha face e viver\u00e1.<\/p>\n<p style=\"text-align: justify;\">Dt. 3:26 \u2013 Por\u00e9m o Senhor indignou-se muito contra mim, por causa de v\u00f3s, e n\u00e3o me ouviu; antes, o Senhor me disse: Basta; n\u00e3o me fales mais neste neg\u00f3cio.<\/p>\n<p style=\"text-align: justify;\">II Sm. 12:16 \u2013 E buscou Davi a Deus pela crian\u00e7a; e jejuou Davi, e entrou, e passou a noite prostrado sobre a terra.<\/p>\n<p style=\"text-align: justify;\">Ez. 20:3 \u2013 Filho do homem, fala aos anci\u00e3os de Israel e dize-lhes: Assim diz o Senhor JEOV\u00c1: V\u00f3s vindes consultar-me? Vivo eu, que v\u00f3s n\u00e3o me consultareis, diz o Senhor JEOV\u00c1.<\/p>\n<p style=\"text-align: justify;\">II Co. 12:8 \u2013 Acerca do qual tr\u00eas vezes orei ao Senhor, para que se desviasse de mim.<\/p>\n<p style=\"text-align: justify;\">F &#8211; Outras Vezes As Nossas Ora\u00e7\u00f5es Podem FRACASSAR Eis As Causas POSS\u00cdVEIS:<\/p>\n<p style=\"text-align: justify;\">1- Desobedi\u00eancia &#8211; Dt. 1:45 &#8211; Tornando, pois, v\u00f3s e chorando perante o Senhor, o Senhor n\u00e3o ouviu a vossa voz, nem vos escutou.<\/p>\n<p style=\"text-align: justify;\">I Sm. 14:37 &#8211; Ent\u00e3o, consultou Saul a Deus, dizendo: Descerei atr\u00e1s dos filisteus? Entreg\u00e1-los-\u00e1s na m\u00e3o de Israel? Por\u00e9m aquele dia lhe n\u00e3o respondeu.<\/p>\n<p style=\"text-align: justify;\">I Sm. 28:6 &#8211; E perguntou Saul ao Senhor, por\u00e9m o Senhor lhe n\u00e3o respondeu, nem por sonhos, nem por Urim, nem por profetas.<\/p>\n<p style=\"text-align: justify;\">2- Pecados ocultos &#8211; Sl. 66:18 &#8211; Se eu atender \u00e0 iniq\u00fcidade no meu cora\u00e7\u00e3o, o Senhor n\u00e3o me ouvir\u00e1;<\/p>\n<p style=\"text-align: justify;\">3- Indiferen\u00e7a &#8211; Pv. 1:28-30 &#8211; Ent\u00e3o, a mim clamar\u00e3o, mas eu n\u00e3o responderei; de madrugada me buscar\u00e3o, mas n\u00e3o me achar\u00e3o. Porquanto aborreceram o conhecimento e n\u00e3o preferiram o temor do Senhor; n\u00e3o quiseram o meu conselho e desprezaram toda a minha repreens\u00e3o.<\/p>\n<p style=\"text-align: justify;\">4- Neglig\u00eancia quanto \u00e0 miseric\u00f3rdia &#8211; Pv. 21:13 &#8211; O que tapa o seu ouvido ao clamor do pobre tamb\u00e9m clamar\u00e1 e n\u00e3o ser\u00e1 ouvido.<\/p>\n<p style=\"text-align: justify;\">5- Desrespeito \u00e0 lei &#8211; Pv. 28:9 &#8211; O que desvia os seus ouvidos de ouvir a lei, at\u00e9 a sua ora\u00e7\u00e3o ser\u00e1 abomin\u00e1vel.<\/p>\n<p style=\"text-align: justify;\">6- Culpa de sangue &#8211; Is. 1:15 &#8211; Pelo que, quando estendeis as m\u00e3os, escondo de v\u00f3s os olhos; sim, quando multiplicais as vossas ora\u00e7\u00f5es, n\u00e3o as ou\u00e7o, porque as vossas m\u00e3os est\u00e3o cheias de sangue.<\/p>\n<p style=\"text-align: justify;\">7- Iniq\u00fcidade &#8211; Is. 59:2 &#8211; Mas as vossas iniq\u00fcidades fazem divis\u00e3o entre v\u00f3s e o vosso Deus, e os vossos pecados encobrem o seu rosto de v\u00f3s, para que vos n\u00e3o ou\u00e7a.<\/p>\n<p style=\"text-align: justify;\">Mq. 3:4 &#8211; Ent\u00e3o, chamar\u00e3o ao Senhor, mas n\u00e3o os ouvir\u00e1; antes, esconder\u00e1 deles a sua face, naquele tempo, visto que eles fizeram mal nas suas obras.<\/p>\n<p style=\"text-align: justify;\">8- Teimosia &#8211; Zc. 7:13 &#8211; Visto que eu clamei, e eles n\u00e3o me ouviram, eles tamb\u00e9m clamaram, e eu n\u00e3o os ouvi, diz o Senhor dos Ex\u00e9rcitos.<\/p>\n<p style=\"text-align: justify;\">9- Instabilidade &#8211; Tg. 1:6-7 &#8211; Pe\u00e7a-a, por\u00e9m, com f\u00e9, em nada duvidando; pois o que duvida \u00e9 semelhante \u00e0 onda do mar, impelida e agitada pelo vento. N\u00e3o suponha esse homem que alcan\u00e7ar\u00e1 do Senhor alguma coisa;<\/p>\n<p style=\"text-align: justify;\">10- Intemperan\u00e7a &#8211; Tg. 4:2-3 &#8211; Cobi\u00e7ais e nada tendes; matais, e invejais, e nada podeis obter; viveis a lutar e a fazer guerras. Nada tendes, porque n\u00e3o pedis; pedis e n\u00e3o recebeis, porque pedis mal, para esbanjardes em vossos prazeres.<\/p>\n<p style=\"text-align: justify;\">A ora\u00e7\u00e3o para ser vitoriosa, requer os seguintes ASPECTOS<\/p>\n<p style=\"text-align: justify;\">1. Ter f\u00e9 &#8211; F\u00e9 que Deus atende \u00e0 ora\u00e7\u00e3o. Isso, evidentemente, importa na esperan\u00e7a de recebermos aquilo que pedimos. Marcos 11:22-24 &#8211; Ao que Jesus lhes disse: Tende f\u00e9 em Deus; porque em verdade vos afirmo que, se algu\u00e9m disser a este monte: Ergue-te e lan\u00e7a-te no mar, e n\u00e3o duvidar no seu cora\u00e7\u00e3o, mas crer que se far\u00e1 o que diz, assim ser\u00e1 com ele. Por isso, vos digo que tudo quanto em ora\u00e7\u00e3o pedirdes, crede que recebestes, e ser\u00e1 assim convosco.<\/p>\n<p style=\"text-align: justify;\">2. Pedir de acordo com a vontade de Deus &#8211; Isso claramente implica em pedir-lhe s\u00f3 as cousas que Deus est\u00e1 pronto a conceder, mas tamb\u00e9m pedir-lhe num esp\u00edrito que ele possa aceitar. Temo que seja comum crentes deixarem de levar em conta o estado de esp\u00edrito que Deus exige deles como condi\u00e7\u00e3o para atender \u00e0s suas ora\u00e7\u00f5es. Lucas 22:42 &#8211; dizendo: Pai, se queres, passa de mim este c\u00e1lice; contudo, n\u00e3o se fa\u00e7a a minha vontade, e sim a tua. Jo\u00e3o 9:31 &#8211; Sabemos que Deus n\u00e3o atende a pecadores; mas, pelo contr\u00e1rio, se algu\u00e9m teme a Deus e pratica a sua vontade, a este atende.<\/p>\n<p style=\"text-align: justify;\">3.\u00a0Aus\u00eancia de ego\u00edsmo &#8211; A aus\u00eancia do interesse ego\u00edsta \u00e9 uma condi\u00e7\u00e3o da ora\u00e7\u00e3o vitoriosa: &#8220;Pedis e n\u00e3o recebeis, porque pedis mal, para esbanjardes em vossos prazeres&#8221; Tg. 4:3<\/p>\n<p style=\"text-align: justify;\">4.\u00a0Consci\u00eancia pura &#8211; diante de Deus e dos homens. I Jo\u00e3o 3.20-22: &#8220;Se o nosso cora\u00e7\u00e3o (nossa consci\u00eancia) nos acusar, certamente Deus \u00e9 maior do que o nosso cora\u00e7\u00e3o, e conhece todas as cousas. Amados, se o cora\u00e7\u00e3o n\u00e3o nos acusar, temos confian\u00e7a diante de Deus, e aquilo que pedimos, dele recebemos, porque guardamos os seus mandamentos e fazemos diante dele o que lhe \u00e9 agrad\u00e1vel.&#8221; Aqui se tornam claras duas condi\u00e7\u00f5es: primeira, que para sermos aceitos por Deus temos de conservar pura a consci\u00eancia: e, segunda, que devemos guardar seus mandamentos e fazer diante dele o que Ihe \u00e9 agrad\u00e1vel.<\/p>\n<p style=\"text-align: justify;\">5.\u00a0Cora\u00e7\u00e3o puro &#8211; Sl. 66:18 &#8211; &#8220;Se eu atender \u00e0 iniq\u00fcidade no meu cora\u00e7\u00e3o, o Senhor n\u00e3o me ouvir\u00e1&#8221;.<\/p>\n<p style=\"text-align: justify;\">6.\u00a0N\u00e3o encobrir pecado &#8211; Toda a confiss\u00e3o e restitui\u00e7\u00e3o devidas a Deus e aos homens \u00e9 outra condi\u00e7\u00e3o da ora\u00e7\u00e3o vitoriosa. Pv. 28.13: &#8220;o que encobre as suas transgress\u00f5es, jamais prosperar\u00e1: mas o que as confessa e deixa, alcan\u00e7ar\u00e1 miseric\u00f3rdia&#8221;.<\/p>\n<p style=\"text-align: justify;\">7.\u00a0M\u00e3os limpas &#8211; SI 26.6: &#8220;Lavo as m\u00e3os na inoc\u00eancia, e, assim, andarei, Senhor, ao redor do teu altar&#8221;.<\/p>\n<p style=\"text-align: justify;\">I Tm. 2.8: &#8220;Quero que os homens orem em todo lugar, levantando m\u00e3os santas, sem ira e sem contenda&#8221;.<\/p>\n<p style=\"text-align: justify;\">8. Aus\u00eancia de contendas e animosidades &#8211; A solu\u00e7\u00e3o das contendas e animosidades entre irm\u00e3os \u00e9 uma condi\u00e7\u00e3o. Mt 5.23,24: &#8220;Se, ao trazeres ao altar a tua oferta, ali te lembrares de que teu irm\u00e3o tem alguma cousa contra ti, deixa perante o altar a tua oferta, vai primeiro reconciliar-te com teu irm\u00e3o; e, ent\u00e3o, voltando, faze a tua oferta&#8221;.<\/p>\n<p style=\"text-align: justify;\">9. Humildade &#8211; Tg 4.6: &#8220;Deus resiste aos soberbos, mas d\u00e1 gra\u00e7a aos humildes&#8221;.<\/p>\n<p style=\"text-align: justify;\">10.\u00a0Remover trope\u00e7os &#8211; Ez. 14.3: &#8220;Filho do homem, estes homens levantaram os seus \u00eddolos nos seus cora\u00e7\u00f5es, e o trope\u00e7o da sua iniq\u00fcidade puseram diante da sua face; devo eu de alguma maneira ser interrogado por eles?\u201d.<\/p>\n<p style=\"text-align: justify;\">11.\u00a0Esp\u00edrito de Perd\u00e3o &#8211; Mt 6.12: &#8220;Perdoa-nos as nossas d\u00edvidas, assim como temos perdoado aos nossos devedores&#8221;; Mt 6.15: &#8220;Se, por\u00e9m, n\u00e3o perdoardes aos homens as suas ofensas, t\u00e3o pouco vosso Pai vos perdoar\u00e1 as vossas ofensas&#8221;.<\/p>\n<p style=\"text-align: justify;\">12.\u00a0Exercitar o esp\u00edrito da Verdade &#8211; SI 51.6: &#8220;Eis que te comprazes na verdade no \u00edntimo&#8221;. Se o nosso cora\u00e7\u00e3o n\u00e3o estiver no esp\u00edrito de acato \u00e0 verdade; se n\u00e3o for imediatamente sincero e isento de ego\u00edsmo, estaremos &#8220;atendendo \u00e0 iniq\u00fcidade no cora\u00e7\u00e3o&#8221; e, portanto, o Senhor n\u00e3o nos ouvir\u00e1.<\/p>\n<p style=\"text-align: justify;\">13.\u00a0Em nome de Jesus &#8211; Orar em nome de Cristo \u00e9 condi\u00e7\u00e3o da ora\u00e7\u00e3o vitoriosa. Jo\u00e3o 14:13 &#8211; E tudo quanto pedirdes em meu nome, isso farei, a fim de que o Pai seja glorificado no Filho.<\/p>\n<p style=\"text-align: justify;\">14.\u00a0Ser guiado pelo Esp\u00edrito &#8211; A inspira\u00e7\u00e3o do Esp\u00edrito Santo \u00e9 outra condi\u00e7\u00e3o. Toda ora\u00e7\u00e3o verdadeiramente vitoriosa \u00e9 inspirada pelo Esp\u00edrito Santo. Rm 8.26,27; &#8220;Porque n\u00e3o sabemos orar como conv\u00e9m, mas o mesmo Esp\u00edrito intercede por n\u00f3s com gemidos inexprim\u00edveis. E aquele que sonda os cora\u00e7\u00f5es sabe qual \u00e9 a mente do Esp\u00edrito, porque segundo a vontade de Deus \u00e9 que ele intercede pelos santos&#8221;. Esse \u00e9 o verdadeiro esp\u00edrito da ora\u00e7\u00e3o: ser guiado pelo Esp\u00edrito. \u00c9 a \u00fanica ora\u00e7\u00e3o realmente vitoriosa. Ser\u00e1 que realmente entendem isso os que se dizem crentes? Ser\u00e1 que acreditam que, se n\u00e3o viverem e andarem no Esp\u00edrito, se n\u00e3o aprenderem a orar pela intercess\u00e3o do Esp\u00edrito que est\u00e1 neles, n\u00e3o poder\u00e3o ser vitoriosos com Deus?<\/p>\n<p style=\"text-align: justify;\">15.\u00a0Fervor &#8211; Uma ora\u00e7\u00e3o, para ser vitoriosa, tem de ser fervorosa. Tg 5.16: &#8220;Confessai os vossos pecados uns aos outros, e orai uns pelos outros, para serdes curados. Muito pode, por sua efic\u00e1cia, a ora\u00e7\u00e3o fervorosa de um justo.\u201d<\/p>\n<p style=\"text-align: justify;\">16.\u00a0Perseveran\u00e7a ou paci\u00eancia &#8211; Vejam-se os casos de Jac\u00f3, de Daniel, de Elias, da siro fen\u00edcia, do juiz in\u00edquo, e o ensino da B\u00edblia de modo geral. Hebreus 10:36 &#8211; Com efeito, tendes necessidade de perseveran\u00e7a, para que, havendo feito a vontade de Deus, alcanceis a promessa.<\/p>\n<p style=\"text-align: justify;\">Lucas 18:2-8 &#8211; Havia em certa cidade um juiz que n\u00e3o temia a Deus, nem respeitava homem algum. Havia tamb\u00e9m, naquela mesma cidade, uma vi\u00fava que vinha ter com ele, dizendo: Julga a minha causa contra o meu advers\u00e1rio. Ele, por algum tempo, n\u00e3o a quis atender; mas, depois, disse consigo: Bem que eu n\u00e3o temo a Deus, nem respeito a homem algum; todavia, como esta vi\u00fava me importuna, julgarei a sua causa, para n\u00e3o suceder que, por fim, venha a molestar-me. Ent\u00e3o, disse o Senhor: Considerai no que diz este juiz in\u00edquo. N\u00e3o far\u00e1 Deus justi\u00e7a aos seus escolhidos, que a ele clamam dia e noite, embora pare\u00e7a demorado em defend\u00ea-los? Digo-vos que, depressa, lhes far\u00e1 justi\u00e7a. Contudo, quando vier o Filho do Homem, achar\u00e1, porventura, f\u00e9 na terra?<\/p>\n<p style=\"text-align: justify;\">17.\u00a0Dores de parto &#8211; &#8220;Desde as primeiras dores Si\u00e3o deu \u00e0 luz seus filhos&#8221;. &#8220;Meus filhos&#8221;, diz Paulo, &#8220;por quem de novo sofro as dores de parto, at\u00e9 ser Cristo formado em v\u00f3s&#8221;. Isso d\u00e1 a entender que, antes que se convertessem Paulo j\u00e1 tinha sofrido ang\u00fastia de esp\u00edrito. De fato, a ang\u00fastia da alma na ora\u00e7\u00e3o \u00e9 a \u00fanica verdadeira ora\u00e7\u00e3o vivificadora. Se algu\u00e9m n\u00e3o a conhecer, n\u00e3o compreende o esp\u00edrito da ora\u00e7\u00e3o. N\u00e3o se acha em estado de avivamento. N\u00e3o entende a passagem j\u00e1 citada &#8212; Rm 8.26,27. Enquanto ele n\u00e3o compreender essa ora\u00e7\u00e3o angustiosa, n\u00e3o conhecer\u00e1 o verdadeiro segredo do poder vivificador.<\/p>\n<p style=\"text-align: justify;\">18.\u00a0Justo emprego dos meios para chegar ao objetivo &#8211; Outra condi\u00e7\u00e3o da ora\u00e7\u00e3o vitoriosa \u00e9 o justo emprego dos meios para chegar ao objetivo, se os meios estiverem ao nosso alcance e se os reconhecermos necess\u00e1rios. Orar pelo reavivamento religioso e deixar de empregar qualquer outro meio, \u00e9 tentar a Deus.<\/p>\n<p style=\"text-align: justify;\">19.\u00a0Ser espec\u00edfico (ter um objetivo) &#8211; N\u00e3o podemos obter vit\u00f3ria para tudo de uma s\u00f3 vez. Nos casos registrados na B\u00edblia, em que a ora\u00e7\u00e3o foi atendida, \u00e9 not\u00e1vel que o suplicante pedia uma b\u00ean\u00e7\u00e3o definida.<\/p>\n<p style=\"text-align: justify;\">20.\u00a0A inten\u00e7\u00e3o deve ser a mesma da ora\u00e7\u00e3o &#8211; que n\u00e3o haja nenhuma simula\u00e7\u00e3o; em resumo, que sejamos sinceros como crian\u00e7as, falando do cora\u00e7\u00e3o, nem mais nem menos do que aquilo que queremos dizer que sentimos e cremos.<\/p>\n<p style=\"text-align: justify;\">21.\u00a0Deus \u00e9 fiel para cumprir as suas promessas &#8211; \u00e9 um estado de esp\u00edrito que presume a fidelidade de Deus a todas as suas promessas.<\/p>\n<p style=\"text-align: justify;\">22.\u00a0Orar no Esp\u00edrito &#8211; Mais uma condi\u00e7\u00e3o \u00e9 que, al\u00e9m de &#8220;orar no Esp\u00edrito Santo&#8221;, &#8220;sejamos s\u00f3brios e vigiemos em ora\u00e7\u00e3o&#8221;. Com isso me refiro \u00e0 vigil\u00e2ncia contra tudo quanto possa apagar ou entristecer o Esp\u00edrito de Deus em nosso cora\u00e7\u00e3o. Tamb\u00e9m me refiro \u00e0 vigil\u00e2ncia pela resposta, em estado de esp\u00edrito que usar\u00e1 diligentemente todos os meios necess\u00e1rios, a qualquer custo, com inst\u00e2ncia sobre inst\u00e2ncia.<\/p>\n<blockquote style=\"text-align: justify;\">\n<p style=\"text-align: justify;\">Fonte: B\u00edblia Thompson<\/p>\n<\/blockquote>\n","protected":false},"excerpt":{"rendered":"<p>Elementos para avivamento: Santifica\u00e7\u00e3o, Ora\u00e7\u00e3o, Palavra ORA\u00c7\u00c3O I Ts. 5:17 \u2013 \u201cOrai sem cessar.\u201d.<\/p>\n","protected":false},"author":1,"featured_media":1500,"comment_status":"open","ping_status":"open","sticky":false,"template":"","format":"standard","meta":{"footnotes":""},"categories":[12],"tags":[32,19,35],"class_list":["post-93","post","type-post","status-publish","format-standard","has-post-thumbnail","hentry","category-oracao","tag-espirito-santo","tag-evangelho","tag-reino"],"yoast_head":"<!-- This site is optimized with the Yoast SEO plugin v27.5 - https:\/\/yoast.com\/product\/yoast-seo-wordpress\/ -->\n<title>Ora\u00e7\u00e3o - Pr. Jonas Santana<\/title>\n<meta name=\"robots\" content=\"index, follow, max-snippet:-1, max-image-preview:large, max-video-preview:-1\" \/>\n<link rel=\"canonical\" href=\"https:\/\/www.andandonagraca.org\/site\/?p=93\" \/>\n<meta property=\"og:locale\" content=\"pt_BR\" \/>\n<meta property=\"og:type\" content=\"article\" \/>\n<meta property=\"og:title\" content=\"Ora\u00e7\u00e3o - Pr. Jonas Santana\" \/>\n<meta property=\"og:description\" content=\"Elementos para avivamento: Santifica\u00e7\u00e3o, Ora\u00e7\u00e3o, Palavra ORA\u00c7\u00c3O I Ts. 5:17 \u2013 \u201cOrai sem cessar.\u201d.\" \/>\n<meta property=\"og:url\" content=\"https:\/\/www.andandonagraca.org\/site\/?p=93\" \/>\n<meta property=\"og:site_name\" content=\"Pr. Jonas Santana\" \/>\n<meta property=\"article:publisher\" content=\"https:\/\/www.facebook.com\/andandonagraca\" \/>\n<meta property=\"article:author\" content=\"https:\/\/www.facebook.com\/andandonagraca\" \/>\n<meta property=\"article:published_time\" content=\"2008-05-15T17:54:44+00:00\" \/>\n<meta property=\"article:modified_time\" content=\"2021-02-10T12:56:09+00:00\" \/>\n<meta property=\"og:image\" content=\"https:\/\/www.andandonagraca.org\/site\/wp-content\/uploads\/2008\/05\/prayer-surrender.jpg\" \/>\n\t<meta property=\"og:image:width\" content=\"418\" \/>\n\t<meta property=\"og:image:height\" content=\"418\" \/>\n\t<meta property=\"og:image:type\" content=\"image\/jpeg\" \/>\n<meta name=\"author\" content=\"Pr. Jonas Santana\" \/>\n<meta name=\"twitter:card\" content=\"summary_large_image\" \/>\n<meta name=\"twitter:label1\" content=\"Escrito por\" \/>\n\t<meta name=\"twitter:data1\" content=\"Pr. Jonas Santana\" \/>\n\t<meta name=\"twitter:label2\" content=\"Est. tempo de leitura\" \/>\n\t<meta name=\"twitter:data2\" content=\"15 minutos\" \/>\n<script type=\"application\/ld+json\" class=\"yoast-schema-graph\">{\"@context\":\"https:\\\/\\\/schema.org\",\"@graph\":[{\"@type\":\"Article\",\"@id\":\"https:\\\/\\\/www.andandonagraca.org\\\/site\\\/?p=93#article\",\"isPartOf\":{\"@id\":\"https:\\\/\\\/www.andandonagraca.org\\\/site\\\/?p=93\"},\"author\":{\"name\":\"Pr. Jonas Santana\",\"@id\":\"https:\\\/\\\/www.andandonagraca.org\\\/site\\\/#\\\/schema\\\/person\\\/225d0dedb572d4570a947397af2606ed\"},\"headline\":\"Ora\u00e7\u00e3o\",\"datePublished\":\"2008-05-15T17:54:44+00:00\",\"dateModified\":\"2021-02-10T12:56:09+00:00\",\"mainEntityOfPage\":{\"@id\":\"https:\\\/\\\/www.andandonagraca.org\\\/site\\\/?p=93\"},\"wordCount\":3096,\"commentCount\":0,\"image\":{\"@id\":\"https:\\\/\\\/www.andandonagraca.org\\\/site\\\/?p=93#primaryimage\"},\"thumbnailUrl\":\"https:\\\/\\\/www.andandonagraca.org\\\/site\\\/wp-content\\\/uploads\\\/2008\\\/05\\\/prayer-surrender.jpg\",\"keywords\":[\"Esp\u00edrito Santo\",\"evangelho\",\"reino\"],\"articleSection\":[\"Intercess\u00e3o &amp; Ora\u00e7\u00e3o\"],\"inLanguage\":\"pt-BR\",\"potentialAction\":[{\"@type\":\"CommentAction\",\"name\":\"Comment\",\"target\":[\"https:\\\/\\\/www.andandonagraca.org\\\/site\\\/?p=93#respond\"]}]},{\"@type\":\"WebPage\",\"@id\":\"https:\\\/\\\/www.andandonagraca.org\\\/site\\\/?p=93\",\"url\":\"https:\\\/\\\/www.andandonagraca.org\\\/site\\\/?p=93\",\"name\":\"Ora\u00e7\u00e3o - Pr. Jonas Santana\",\"isPartOf\":{\"@id\":\"https:\\\/\\\/www.andandonagraca.org\\\/site\\\/#website\"},\"primaryImageOfPage\":{\"@id\":\"https:\\\/\\\/www.andandonagraca.org\\\/site\\\/?p=93#primaryimage\"},\"image\":{\"@id\":\"https:\\\/\\\/www.andandonagraca.org\\\/site\\\/?p=93#primaryimage\"},\"thumbnailUrl\":\"https:\\\/\\\/www.andandonagraca.org\\\/site\\\/wp-content\\\/uploads\\\/2008\\\/05\\\/prayer-surrender.jpg\",\"datePublished\":\"2008-05-15T17:54:44+00:00\",\"dateModified\":\"2021-02-10T12:56:09+00:00\",\"author\":{\"@id\":\"https:\\\/\\\/www.andandonagraca.org\\\/site\\\/#\\\/schema\\\/person\\\/225d0dedb572d4570a947397af2606ed\"},\"breadcrumb\":{\"@id\":\"https:\\\/\\\/www.andandonagraca.org\\\/site\\\/?p=93#breadcrumb\"},\"inLanguage\":\"pt-BR\",\"potentialAction\":[{\"@type\":\"ReadAction\",\"target\":[\"https:\\\/\\\/www.andandonagraca.org\\\/site\\\/?p=93\"]}]},{\"@type\":\"ImageObject\",\"inLanguage\":\"pt-BR\",\"@id\":\"https:\\\/\\\/www.andandonagraca.org\\\/site\\\/?p=93#primaryimage\",\"url\":\"https:\\\/\\\/www.andandonagraca.org\\\/site\\\/wp-content\\\/uploads\\\/2008\\\/05\\\/prayer-surrender.jpg\",\"contentUrl\":\"https:\\\/\\\/www.andandonagraca.org\\\/site\\\/wp-content\\\/uploads\\\/2008\\\/05\\\/prayer-surrender.jpg\",\"width\":418,\"height\":418},{\"@type\":\"BreadcrumbList\",\"@id\":\"https:\\\/\\\/www.andandonagraca.org\\\/site\\\/?p=93#breadcrumb\",\"itemListElement\":[{\"@type\":\"ListItem\",\"position\":1,\"name\":\"In\u00edcio\",\"item\":\"https:\\\/\\\/www.andandonagraca.org\\\/site\"},{\"@type\":\"ListItem\",\"position\":2,\"name\":\"Ora\u00e7\u00e3o\"}]},{\"@type\":\"WebSite\",\"@id\":\"https:\\\/\\\/www.andandonagraca.org\\\/site\\\/#website\",\"url\":\"https:\\\/\\\/www.andandonagraca.org\\\/site\\\/\",\"name\":\"Pr. Jonas Santana\",\"description\":\"ANDANDO NA GRA\u00c7A - AEMSF\",\"potentialAction\":[{\"@type\":\"SearchAction\",\"target\":{\"@type\":\"EntryPoint\",\"urlTemplate\":\"https:\\\/\\\/www.andandonagraca.org\\\/site\\\/?s={search_term_string}\"},\"query-input\":{\"@type\":\"PropertyValueSpecification\",\"valueRequired\":true,\"valueName\":\"search_term_string\"}}],\"inLanguage\":\"pt-BR\"},{\"@type\":\"Person\",\"@id\":\"https:\\\/\\\/www.andandonagraca.org\\\/site\\\/#\\\/schema\\\/person\\\/225d0dedb572d4570a947397af2606ed\",\"name\":\"Pr. Jonas Santana\",\"image\":{\"@type\":\"ImageObject\",\"inLanguage\":\"pt-BR\",\"@id\":\"https:\\\/\\\/secure.gravatar.com\\\/avatar\\\/7f463b781f71522d52f2ff3dae3592f9f7b0e24187fc413b95cd3efa8429de28?s=96&d=mm&r=g\",\"url\":\"https:\\\/\\\/secure.gravatar.com\\\/avatar\\\/7f463b781f71522d52f2ff3dae3592f9f7b0e24187fc413b95cd3efa8429de28?s=96&d=mm&r=g\",\"contentUrl\":\"https:\\\/\\\/secure.gravatar.com\\\/avatar\\\/7f463b781f71522d52f2ff3dae3592f9f7b0e24187fc413b95cd3efa8429de28?s=96&d=mm&r=g\",\"caption\":\"Pr. Jonas Santana\"},\"description\":\"Pastor, pesquisador b\u00edblico, pregador do Evangelho do Reino A fidelidade requer que entreguemos o evangelho sob todos os \u00e2ngulos, sem omitir nada e sem exagerar em nada. Para isto requer-se muita sabedoria. Nosso desejo \u00e9 compartilhar a sabedoria do Reino de Deus a todos aqueles que o desejam de todo o cora\u00e7\u00e3o.\",\"sameAs\":[\"https:\\\/\\\/www.andandonagraca.org\",\"https:\\\/\\\/www.facebook.com\\\/andandonagraca\",\"https:\\\/\\\/www.instagram.com\\\/andandonagraca\\\/\",\"https:\\\/\\\/www.youtube.com\\\/@andandonagraca\",\"https:\\\/\\\/podcasters.spotify.com\\\/pod\\\/show\\\/andandonagraca\\\/\"],\"url\":\"https:\\\/\\\/www.andandonagraca.org\\\/site\\\/?author=1\"}]}<\/script>\n<!-- \/ Yoast SEO plugin. -->","yoast_head_json":{"title":"Ora\u00e7\u00e3o - Pr. Jonas Santana","robots":{"index":"index","follow":"follow","max-snippet":"max-snippet:-1","max-image-preview":"max-image-preview:large","max-video-preview":"max-video-preview:-1"},"canonical":"https:\/\/www.andandonagraca.org\/site\/?p=93","og_locale":"pt_BR","og_type":"article","og_title":"Ora\u00e7\u00e3o - Pr. Jonas Santana","og_description":"Elementos para avivamento: Santifica\u00e7\u00e3o, Ora\u00e7\u00e3o, Palavra ORA\u00c7\u00c3O I Ts. 5:17 \u2013 \u201cOrai sem cessar.\u201d.","og_url":"https:\/\/www.andandonagraca.org\/site\/?p=93","og_site_name":"Pr. Jonas Santana","article_publisher":"https:\/\/www.facebook.com\/andandonagraca","article_author":"https:\/\/www.facebook.com\/andandonagraca","article_published_time":"2008-05-15T17:54:44+00:00","article_modified_time":"2021-02-10T12:56:09+00:00","og_image":[{"width":418,"height":418,"url":"https:\/\/www.andandonagraca.org\/site\/wp-content\/uploads\/2008\/05\/prayer-surrender.jpg","type":"image\/jpeg"}],"author":"Pr. Jonas Santana","twitter_card":"summary_large_image","twitter_misc":{"Escrito por":"Pr. Jonas Santana","Est. tempo de leitura":"15 minutos"},"schema":{"@context":"https:\/\/schema.org","@graph":[{"@type":"Article","@id":"https:\/\/www.andandonagraca.org\/site\/?p=93#article","isPartOf":{"@id":"https:\/\/www.andandonagraca.org\/site\/?p=93"},"author":{"name":"Pr. Jonas Santana","@id":"https:\/\/www.andandonagraca.org\/site\/#\/schema\/person\/225d0dedb572d4570a947397af2606ed"},"headline":"Ora\u00e7\u00e3o","datePublished":"2008-05-15T17:54:44+00:00","dateModified":"2021-02-10T12:56:09+00:00","mainEntityOfPage":{"@id":"https:\/\/www.andandonagraca.org\/site\/?p=93"},"wordCount":3096,"commentCount":0,"image":{"@id":"https:\/\/www.andandonagraca.org\/site\/?p=93#primaryimage"},"thumbnailUrl":"https:\/\/www.andandonagraca.org\/site\/wp-content\/uploads\/2008\/05\/prayer-surrender.jpg","keywords":["Esp\u00edrito Santo","evangelho","reino"],"articleSection":["Intercess\u00e3o &amp; Ora\u00e7\u00e3o"],"inLanguage":"pt-BR","potentialAction":[{"@type":"CommentAction","name":"Comment","target":["https:\/\/www.andandonagraca.org\/site\/?p=93#respond"]}]},{"@type":"WebPage","@id":"https:\/\/www.andandonagraca.org\/site\/?p=93","url":"https:\/\/www.andandonagraca.org\/site\/?p=93","name":"Ora\u00e7\u00e3o - Pr. Jonas Santana","isPartOf":{"@id":"https:\/\/www.andandonagraca.org\/site\/#website"},"primaryImageOfPage":{"@id":"https:\/\/www.andandonagraca.org\/site\/?p=93#primaryimage"},"image":{"@id":"https:\/\/www.andandonagraca.org\/site\/?p=93#primaryimage"},"thumbnailUrl":"https:\/\/www.andandonagraca.org\/site\/wp-content\/uploads\/2008\/05\/prayer-surrender.jpg","datePublished":"2008-05-15T17:54:44+00:00","dateModified":"2021-02-10T12:56:09+00:00","author":{"@id":"https:\/\/www.andandonagraca.org\/site\/#\/schema\/person\/225d0dedb572d4570a947397af2606ed"},"breadcrumb":{"@id":"https:\/\/www.andandonagraca.org\/site\/?p=93#breadcrumb"},"inLanguage":"pt-BR","potentialAction":[{"@type":"ReadAction","target":["https:\/\/www.andandonagraca.org\/site\/?p=93"]}]},{"@type":"ImageObject","inLanguage":"pt-BR","@id":"https:\/\/www.andandonagraca.org\/site\/?p=93#primaryimage","url":"https:\/\/www.andandonagraca.org\/site\/wp-content\/uploads\/2008\/05\/prayer-surrender.jpg","contentUrl":"https:\/\/www.andandonagraca.org\/site\/wp-content\/uploads\/2008\/05\/prayer-surrender.jpg","width":418,"height":418},{"@type":"BreadcrumbList","@id":"https:\/\/www.andandonagraca.org\/site\/?p=93#breadcrumb","itemListElement":[{"@type":"ListItem","position":1,"name":"In\u00edcio","item":"https:\/\/www.andandonagraca.org\/site"},{"@type":"ListItem","position":2,"name":"Ora\u00e7\u00e3o"}]},{"@type":"WebSite","@id":"https:\/\/www.andandonagraca.org\/site\/#website","url":"https:\/\/www.andandonagraca.org\/site\/","name":"Pr. Jonas Santana","description":"ANDANDO NA GRA\u00c7A - AEMSF","potentialAction":[{"@type":"SearchAction","target":{"@type":"EntryPoint","urlTemplate":"https:\/\/www.andandonagraca.org\/site\/?s={search_term_string}"},"query-input":{"@type":"PropertyValueSpecification","valueRequired":true,"valueName":"search_term_string"}}],"inLanguage":"pt-BR"},{"@type":"Person","@id":"https:\/\/www.andandonagraca.org\/site\/#\/schema\/person\/225d0dedb572d4570a947397af2606ed","name":"Pr. Jonas Santana","image":{"@type":"ImageObject","inLanguage":"pt-BR","@id":"https:\/\/secure.gravatar.com\/avatar\/7f463b781f71522d52f2ff3dae3592f9f7b0e24187fc413b95cd3efa8429de28?s=96&d=mm&r=g","url":"https:\/\/secure.gravatar.com\/avatar\/7f463b781f71522d52f2ff3dae3592f9f7b0e24187fc413b95cd3efa8429de28?s=96&d=mm&r=g","contentUrl":"https:\/\/secure.gravatar.com\/avatar\/7f463b781f71522d52f2ff3dae3592f9f7b0e24187fc413b95cd3efa8429de28?s=96&d=mm&r=g","caption":"Pr. Jonas Santana"},"description":"Pastor, pesquisador b\u00edblico, pregador do Evangelho do Reino A fidelidade requer que entreguemos o evangelho sob todos os \u00e2ngulos, sem omitir nada e sem exagerar em nada. Para isto requer-se muita sabedoria. Nosso desejo \u00e9 compartilhar a sabedoria do Reino de Deus a todos aqueles que o desejam de todo o cora\u00e7\u00e3o.","sameAs":["https:\/\/www.andandonagraca.org","https:\/\/www.facebook.com\/andandonagraca","https:\/\/www.instagram.com\/andandonagraca\/","https:\/\/www.youtube.com\/@andandonagraca","https:\/\/podcasters.spotify.com\/pod\/show\/andandonagraca\/"],"url":"https:\/\/www.andandonagraca.org\/site\/?author=1"}]}},"_links":{"self":[{"href":"https:\/\/www.andandonagraca.org\/site\/index.php?rest_route=\/wp\/v2\/posts\/93","targetHints":{"allow":["GET"]}}],"collection":[{"href":"https:\/\/www.andandonagraca.org\/site\/index.php?rest_route=\/wp\/v2\/posts"}],"about":[{"href":"https:\/\/www.andandonagraca.org\/site\/index.php?rest_route=\/wp\/v2\/types\/post"}],"author":[{"embeddable":true,"href":"https:\/\/www.andandonagraca.org\/site\/index.php?rest_route=\/wp\/v2\/users\/1"}],"replies":[{"embeddable":true,"href":"https:\/\/www.andandonagraca.org\/site\/index.php?rest_route=%2Fwp%2Fv2%2Fcomments&post=93"}],"version-history":[{"count":0,"href":"https:\/\/www.andandonagraca.org\/site\/index.php?rest_route=\/wp\/v2\/posts\/93\/revisions"}],"wp:featuredmedia":[{"embeddable":true,"href":"https:\/\/www.andandonagraca.org\/site\/index.php?rest_route=\/wp\/v2\/media\/1500"}],"wp:attachment":[{"href":"https:\/\/www.andandonagraca.org\/site\/index.php?rest_route=%2Fwp%2Fv2%2Fmedia&parent=93"}],"wp:term":[{"taxonomy":"category","embeddable":true,"href":"https:\/\/www.andandonagraca.org\/site\/index.php?rest_route=%2Fwp%2Fv2%2Fcategories&post=93"},{"taxonomy":"post_tag","embeddable":true,"href":"https:\/\/www.andandonagraca.org\/site\/index.php?rest_route=%2Fwp%2Fv2%2Ftags&post=93"}],"curies":[{"name":"wp","href":"https:\/\/api.w.org\/{rel}","templated":true}]}}